{"id":7560,"date":"2022-05-05T19:36:21","date_gmt":"2022-05-05T17:36:21","guid":{"rendered":"http:\/\/blog.inmontanis.info\/?p=7560"},"modified":"2023-08-04T19:38:07","modified_gmt":"2023-08-04T17:38:07","slug":"uvdal-5-5-2022","status":"publish","type":"post","link":"http:\/\/blog.inmontanis.info\/?p=7560","title":{"rendered":"Uvdal, 5.5.2022"},"content":{"rendered":"<p><strong>5.5.2022<\/strong><\/p>\n<p><a href='http:\/\/extra.inmontanis.info\/d\/75639-2\/DSC04509.jpg'><img src=http:\/\/extra.inmontanis.info\/d\/75638-3\/DSC04509.jpg \/><\/a><br \/>\n^ Dagali-Uvdal<\/p>\n<p><a href='http:\/\/ski.inmontanis.info\/d\/305326-2\/DSC04511.jpg'><img src=http:\/\/ski.inmontanis.info\/d\/305325-3\/DSC04511.jpg \/><\/a><br \/>\n^ Skigebiet Uvdal<\/p>\n<p>Am Skigebiet Uvdal angekommen, war ich mir unschl\u00fcssig.. an der unteren Talstation zu halten, schien mir zu weit zu gehen, an der Talstation der 4SB zu halten, ggf. nur diese raufgehen, weil&#8217;s oben eh zu windig sein k\u00f6nnte, w\u00e4r ok, oder ganz rauf fahren und nur den Gipfel-SL abgehen? Oder \u00fcberhaupt nicht raufgehen, weil das Skigebiet eigentlich interesssant f\u00fcr einen Besuch bei Betrieb scheint&#8230;.<\/p>\n<p>Ich fuhr doch zur 4SB, an deren Talstation ein kalter, leicht st\u00fcrmischer Wind wehte. Den Wolken nach wird das oben viel st\u00fcrmischer sein.<\/p>\n<p>An der 4SB Bergstation angekommen, schien ich durchaus noch genug Kraft zu haben, um zur Bergstation des oberen SL gehen zu k\u00f6nnen. Aber man war hier ungesch\u00fctzt, es war sehr windig und ich nassgeschwitzt. Daher nach ein paar Metern abgebrochen.<\/p>\n<p>Der Schnee auf der Abfahrt war jedenfalls sch\u00f6n firnig, vielleicht der beste Schnee dieses Fr\u00fchjahrs.<\/p>\n<p><a href='http:\/\/ski.inmontanis.info\/d\/305330-2\/DSC04512.jpg'><img src=http:\/\/ski.inmontanis.info\/d\/305329-3\/DSC04512.jpg \/><\/a><br \/>\n^ Der SL Alpinparken liegt direkt an der Stra\u00dfe<\/p>\n<p><a href='http:\/\/ski.inmontanis.info\/d\/305334-2\/DSC04514.jpg'><img src=http:\/\/ski.inmontanis.info\/d\/305333-3\/DSC04514.jpg \/><\/a><br \/>\n^ SL Alpinparken<\/p>\n<p><a href='http:\/\/ski.inmontanis.info\/d\/305338-2\/DSC04516.jpg'><img src=http:\/\/ski.inmontanis.info\/d\/305337-3\/DSC04516.jpg \/><\/a><br \/>\n^ SL Alpinparken, links hinten das Hauptgebiet und der Skiweg von dort<\/p>\n<p><a href='http:\/\/ski.inmontanis.info\/d\/305342-2\/DSC04517.jpg'><img src=http:\/\/ski.inmontanis.info\/d\/305341-3\/DSC04517.jpg \/><\/a><br \/>\n^ Hauptgebiet mit Sektion 2+3, ich ging sp\u00e4ter die rechte Abfahrt rauf (\u00fcber den Skiweg links davon) und fuhr die Abfhrt links daneben, also rechts der 4SB, ab.<\/p>\n<p><a href='http:\/\/ski.inmontanis.info\/d\/305346-2\/DSC04519.jpg'><img src=http:\/\/ski.inmontanis.info\/d\/305345-3\/DSC04519.jpg \/><\/a><br \/>\n^ Sektion 1-2<\/p>\n<p><a href='http:\/\/ski.inmontanis.info\/d\/305350-2\/DSC04521.jpg'><img src=http:\/\/ski.inmontanis.info\/d\/305349-3\/DSC04521.jpg \/><\/a><br \/>\n^ Sektion 1, SL<\/p>\n<p><a href='http:\/\/ski.inmontanis.info\/d\/305354-2\/DSC04522.jpg'><img src=http:\/\/ski.inmontanis.info\/d\/305353-3\/DSC04522.jpg \/><\/a><br \/>\n^ Sektion 2, 4SB<\/p>\n<p><a href='http:\/\/ski.inmontanis.info\/d\/305358-2\/IMG_20220505_132832.jpg'><img src=http:\/\/ski.inmontanis.info\/d\/305357-3\/IMG_20220505_132832.jpg \/><\/a><br \/>\n^ Pistenplan. Keine Ahnung, ob die Abfahrt vom SL Alpinparken rechts runter zum Hauptgebiet heuer schon offen war, aktuell schien am Tunnel an der Stra\u00dfenquerung gebaut zu werden, Schnee sah man keinen liegen und unten endet die Abfahrt am Parkplatz, man muss daher ein St\u00fcck zu Fu\u00df zur 4SB<\/p>\n<p><a href='http:\/\/ski.inmontanis.info\/d\/305362-2\/IMG_20220505_123734.jpg'><img src=http:\/\/ski.inmontanis.info\/d\/305361-3\/IMG_20220505_123734.jpg \/><\/a><br \/>\n^ Aufstieg rechte Abfahrt<\/p>\n<p><a href='http:\/\/ski.inmontanis.info\/d\/305366-2\/IMG_20220505_124644.jpg'><img src=http:\/\/ski.inmontanis.info\/d\/305365-3\/IMG_20220505_124644.jpg \/><\/a><br \/>\n^ Der Skiweg, der den Steilhang der rechten Abfahrt umf\u00e4hrt, ist selbst sehr steil ..<\/p>\n<p><a href='http:\/\/ski.inmontanis.info\/d\/305370-2\/IMG_20220505_124647.jpg'><img src=http:\/\/ski.inmontanis.info\/d\/305369-3\/IMG_20220505_124647.jpg \/><\/a><br \/>\n^ .. und in die Richtung recht schneelos<\/p>\n<p><a href='http:\/\/ski.inmontanis.info\/d\/305374-2\/IMG_20220505_130104.jpg'><img src=http:\/\/ski.inmontanis.info\/d\/305373-3\/IMG_20220505_130104.jpg \/><\/a><br \/>\n^ Blick r\u00fcber zum SL Alpinparken und der Stra\u00dfe und der Abfahrt, die in dem Teil noch oberhalb der Stra\u00dfe verl\u00e4uft.<\/p>\n<p><a href='http:\/\/ski.inmontanis.info\/d\/305378-2\/IMG_20220505_131215.jpg'><img src=http:\/\/ski.inmontanis.info\/d\/305377-3\/IMG_20220505_131215.jpg \/><\/a><br \/>\n^ <\/p>\n<p><a href='http:\/\/ski.inmontanis.info\/d\/305382-2\/IMG_20220505_132128.jpg'><img src=http:\/\/ski.inmontanis.info\/d\/305381-3\/IMG_20220505_132128.jpg \/><\/a><br \/>\n^ Gemeinsamer Teil der rechten Abfahrten an der 4SB<\/p>\n<p><a href='http:\/\/ski.inmontanis.info\/d\/305386-2\/IMG_20220505_132702.jpg'><img src=http:\/\/ski.inmontanis.info\/d\/305385-3\/IMG_20220505_132702.jpg \/><\/a><br \/>\n^ Bergstation 4SB<\/p>\n<p><a href='http:\/\/ski.inmontanis.info\/d\/305390-2\/IMG_20220505_132704.jpg'><img src=http:\/\/ski.inmontanis.info\/d\/305389-3\/IMG_20220505_132704.jpg \/><\/a><br \/>\n^ Sektion 3, SL<\/p>\n<p><a href='http:\/\/ski.inmontanis.info\/d\/305394-2\/IMG_20220505_133522.jpg'><img src=http:\/\/ski.inmontanis.info\/d\/305393-3\/IMG_20220505_133522.jpg \/><\/a><br \/>\n^ .. war mir leider zu windig heute und ich h\u00f6rte hier auf.<\/p>\n<p><a href='http:\/\/ski.inmontanis.info\/d\/305398-2\/IMG_20220505_134642.jpg'><img src=http:\/\/ski.inmontanis.info\/d\/305397-3\/IMG_20220505_134642.jpg \/><\/a><br \/>\n^ Leider bleibt in letzter Zeit immer Kleber von den Fellen auf den Skiern zur\u00fcck, wohl wegen N\u00e4sse und\/oder zu wenig Wachs auf dem Belag&#8230;<\/p>\n<p><a href='http:\/\/ski.inmontanis.info\/d\/305402-2\/IMG_20220505_135138.jpg'><img src=http:\/\/ski.inmontanis.info\/d\/305401-3\/IMG_20220505_135138.jpg \/><\/a><br \/>\n^ Abfahrt &#8211; bester Firn des heurigen Jahres<\/p>\n<p><a href='http:\/\/ski.inmontanis.info\/d\/305406-2\/IMG_20220505_135336.jpg'><img src=http:\/\/ski.inmontanis.info\/d\/305405-3\/IMG_20220505_135336.jpg \/><\/a><br \/>\n^ Abfahrt und Stra\u00dfenbr\u00fccke<\/p>\n<p><a href='http:\/\/ski.inmontanis.info\/d\/305410-2\/IMG_20220505_135529.jpg'><img src=http:\/\/ski.inmontanis.info\/d\/305409-3\/IMG_20220505_135529.jpg \/><\/a><br \/>\n^ Schwarze Abfaht rechts der 4SB<\/p>\n<p><a href='http:\/\/ski.inmontanis.info\/d\/305414-2\/IMG_20220505_135753.jpg'><img src=http:\/\/ski.inmontanis.info\/d\/305413-3\/IMG_20220505_135753.jpg \/><\/a><br \/>\n^ Bester Schnee dank der vor einigen Tagen frisch pr\u00e4parierten Spur ;)<\/p>\n<p><a href='http:\/\/ski.inmontanis.info\/d\/305418-2\/IMG_20220505_135938.jpg'><img src=http:\/\/ski.inmontanis.info\/d\/305417-3\/IMG_20220505_135938.jpg \/><\/a><br \/>\n^ <\/p>\n<p><a href='http:\/\/ski.inmontanis.info\/d\/305422-2\/DSC04527.jpg'><img src=http:\/\/ski.inmontanis.info\/d\/305421-3\/DSC04527.jpg \/><\/a><br \/>\n^ Talstation 4SB<\/p>\n<p><a href='http:\/\/ski.inmontanis.info\/d\/305426-2\/DSC04528.jpg'><img src=http:\/\/ski.inmontanis.info\/d\/305425-3\/DSC04528.jpg \/><\/a><br \/>\n^ 4SB und schwarze Abfahrt, die ich vorhin abgefahren bin<\/p>\n<p><a href='http:\/\/ski.inmontanis.info\/d\/305430-2\/DSC04529.jpg'><img src=http:\/\/ski.inmontanis.info\/d\/305429-3\/DSC04529.jpg \/><\/a><br \/>\n^ 4SB Talstation<\/p>\n<p><a href='http:\/\/ski.inmontanis.info\/d\/305434-2\/ge20220505c.jpg'><img src=http:\/\/ski.inmontanis.info\/d\/305433-3\/ge20220505c.jpg \/><\/a><br \/>\n^ Lifte und GPS-Track 5.5.2022, Aufstieg rechts, Abfahrt links. Lt. GE ca. 740-1050hm<\/p>\n<p>Mit nur wenig Umweg h\u00e4tte ich jetzt \u00fcber Rjukan fahren k\u00f6nnen. Aber schon im April sah es auf den Bildern schon sehr steinig aus im oberen Bereich am Gaustatoppen. Und die Einzelfahrten mit der Grubenbahn und Tunnel-SSB sind ja recht teuer. Also heuer wieder nichts.<\/p>\n<p>Stattdessen ging&#8217;s in einen Supermarkt, nochmals die gek\u00fchlten Elgkarbonader mit Kartoffelbrei, Wildsauce und Prei\u00dfelbeermarmelade gekauft. Danach noch ein Berner-W\u00fcrstl-Hotdog an der Tankstelle mitgenommen, die yx ist mit 49,- wohl noch etwas g\u00fcnstiger in der Hinsicht.  Ja, jetzt wo das Ende naht, muss ich noch ein paar Lieblingsspeisen kaufen ;) Morgen liegt ein Pizzabakeren auf dem Weg..<\/p>\n<p><a href='http:\/\/extra.inmontanis.info\/d\/75643-2\/DSC04536.jpg'><img src=http:\/\/extra.inmontanis.info\/d\/75642-3\/DSC04536.jpg \/><\/a><br \/>\n^ Tja, das war&#8217;s dann wohl mit Schnee und schneebedeckten Bergen :(<\/p>\n<p><a href='http:\/\/extra.inmontanis.info\/d\/75647-2\/DSC04537.jpg'><img src=http:\/\/extra.inmontanis.info\/d\/75646-3\/DSC04537.jpg \/><\/a><br \/>\n^ Stillgelegte Eisenbahnlinie<\/p>\n<p>Hab abends bisschen die Heimfahrt geplant. F\u00fcr die hab ich zwar ein paar Tage einberechnet, aber ich werd mir trotzdem eher Urlaub nehmen, damit die Tage nicht zu stressig werden, schlie\u00dflich bin ich diese langen Autofahrten ja gar nicht mehr gew\u00f6hnt :) Alternativ h\u00e4tte ich auch mal wieder das MiWuLa in Hamburg besuchen k\u00f6nnen, wenn ich schon mal an Hamburg vorbei komme und s\u00e4mtliche Coronama\u00dfnahmen aufgehoben wurden &#8211; wer wei\u00df, ob\/wann das jemals wieder der Fall sein wird. Und seit meinem letzten Besuch wurde das ja stark vergr\u00f6\u00dfert. Aber einerseits wird mir das zu stressig und andererseits werden da sicher noch viele freiwillig mit Gesichtswindel rumlaufen. Ihr wisst, ich kann den Anblick nicht ab, das macht mich aggressiv, wenn ich da zu viel Gehorsame sehe.<\/p>\n<p>Apropos, gestern in Geilo hab ich im Europris einen mit medizinischem MNS gesehen, aber der hatte die Maske nur ums Kinn, maximal etwas um den Mund. \u00c4h, wenn man sich das schon freiwillig ohne Zwang \u00fcberzieht, dann doch wohl richtig?!<\/p>\n","protected":false},"excerpt":{"rendered":"<p>5.5.2022<\/p>\n<p> ^ Dagali-Uvdal<\/p>\n<p> ^ Skigebiet Uvdal<\/p>\n<p>Am Skigebiet Uvdal angekommen, war ich mir unschl\u00fcssig.. an der unteren Talstation zu halten, schien mir zu weit zu gehen, an der Talstation der 4SB zu halten, ggf. nur diese raufgehen, weil&#8217;s oben eh zu windig sein k\u00f6nnte, w\u00e4r ok, oder ganz rauf fahren und nur den <a href=\"http:\/\/blog.inmontanis.info\/?p=7560\">[&#8230;]<\/a><\/p>\n","protected":false},"author":1,"featured_media":7562,"comment_status":"closed","ping_status":"closed","sticky":false,"template":"","format":"standard","meta":{"footnotes":""},"categories":[185,18,29,570],"tags":[49,78,47],"class_list":["post-7560","post","type-post","status-publish","format-standard","has-post-thumbnail","hentry","category-2021-08-skandinavien","category-norwegennorway","category-skitourenwalk-ski","category-uvdal","tag-4sb","tag-restschnee","tag-sl","odd"],"_links":{"self":[{"href":"http:\/\/blog.inmontanis.info\/index.php?rest_route=\/wp\/v2\/posts\/7560","targetHints":{"allow":["GET"]}}],"collection":[{"href":"http:\/\/blog.inmontanis.info\/index.php?rest_route=\/wp\/v2\/posts"}],"about":[{"href":"http:\/\/blog.inmontanis.info\/index.php?rest_route=\/wp\/v2\/types\/post"}],"author":[{"embeddable":true,"href":"http:\/\/blog.inmontanis.info\/index.php?rest_route=\/wp\/v2\/users\/1"}],"replies":[{"embeddable":true,"href":"http:\/\/blog.inmontanis.info\/index.php?rest_route=%2Fwp%2Fv2%2Fcomments&post=7560"}],"version-history":[{"count":2,"href":"http:\/\/blog.inmontanis.info\/index.php?rest_route=\/wp\/v2\/posts\/7560\/revisions"}],"predecessor-version":[{"id":7563,"href":"http:\/\/blog.inmontanis.info\/index.php?rest_route=\/wp\/v2\/posts\/7560\/revisions\/7563"}],"wp:featuredmedia":[{"embeddable":true,"href":"http:\/\/blog.inmontanis.info\/index.php?rest_route=\/wp\/v2\/media\/7562"}],"wp:attachment":[{"href":"http:\/\/blog.inmontanis.info\/index.php?rest_route=%2Fwp%2Fv2%2Fmedia&parent=7560"}],"wp:term":[{"taxonomy":"category","embeddable":true,"href":"http:\/\/blog.inmontanis.info\/index.php?rest_route=%2Fwp%2Fv2%2Fcategories&post=7560"},{"taxonomy":"post_tag","embeddable":true,"href":"http:\/\/blog.inmontanis.info\/index.php?rest_route=%2Fwp%2Fv2%2Ftags&post=7560"}],"curies":[{"name":"wp","href":"https:\/\/api.w.org\/{rel}","templated":true}]}}