{"id":7556,"date":"2022-05-04T18:17:07","date_gmt":"2022-05-04T16:17:07","guid":{"rendered":"http:\/\/blog.inmontanis.info\/?p=7556"},"modified":"2023-08-04T20:49:19","modified_gmt":"2023-08-04T18:49:19","slug":"dagali-4-5-2022","status":"publish","type":"post","link":"http:\/\/blog.inmontanis.info\/?p=7556","title":{"rendered":"Dagali, 4.5.2022"},"content":{"rendered":"<p><strong>4.5.2022<\/strong><\/p>\n<p>Am Morgen hatte ich mal wieder etwas Eis am Fenster, d.h. es ist etwas k\u00e4lter geworden. Den Vormittag verbrachte ich am Rastplatz in Dagali.  Im Toilettengeb\u00e4ude g\u00e4be es sogar zwei Duschkabinen, aber das Wasser ist abgedreht. Lt. Kommentare in der park4night-App sollen die schon seit Jahren au\u00dfer Betrieb sein.<\/p>\n<p>Der Schnee in Dagali reichte fur eine Restschneeskitour. Da ein Weg ger\u00e4umt zu sein schien, verzichtete ich auf den Einsatz der F\u00e4lle und befestigte die Ski auf dem Rucksack. Es stellte sich aber heraus, dass die ger\u00e4umte Spur an einem Zwischenausstieg in den SL einm\u00fcndete. Dort lag weiter hinauf teilweise noch Schnee, der aber hart war, so dass man auch zu Fu\u00df gehen konnte, die Felle also weiterhin nicht gebraucht hatte. Leider aber halt wesentlich steiler, als wenn der Weg au\u00dfenrum hinauf gef\u00fchrt h\u00e4tte.<\/p>\n<p>Auf der Abfahrt war sch\u00f6ner, minimal angeweichter Schnee auf hartem Untergrund.<\/p>\n<p><a href='http:\/\/ski.inmontanis.info\/d\/305238-2\/DSC04501.jpg'><img src=http:\/\/ski.inmontanis.info\/d\/305237-3\/DSC04501.jpg \/><\/a><br \/>\n^ Skigebiet Dagali<\/p>\n<p><a href='http:\/\/ski.inmontanis.info\/d\/305242-2\/DSC04504.jpg'><img src=http:\/\/ski.inmontanis.info\/d\/305241-3\/DSC04504.jpg \/><\/a><br \/>\n^ Talstation<\/p>\n<p><a href='http:\/\/ski.inmontanis.info\/d\/305246-2\/DSC04506.jpg'><img src=http:\/\/ski.inmontanis.info\/d\/305245-3\/DSC04506.jpg \/><\/a><br \/>\n^ Pistenplan, abgefahren bin ich Abfahrt E<\/p>\n<p><a href='http:\/\/ski.inmontanis.info\/d\/305250-2\/DSC04505.jpg'><img src=http:\/\/ski.inmontanis.info\/d\/305249-3\/DSC04505.jpg \/><\/a><br \/>\n^ SL-Strecke, links noch ein kleiner \u00dcbungslift<\/p>\n<p><a href='http:\/\/ski.inmontanis.info\/d\/305254-2\/DSC04507.jpg'><img src=http:\/\/ski.inmontanis.info\/d\/305253-3\/DSC04507.jpg \/><\/a><br \/>\n^ Ich ging mal rechts den Weg zu Fu\u00df hinauf, Ski am Rucksack montiert<\/p>\n<p><a href='http:\/\/ski.inmontanis.info\/d\/305258-2\/IMG_20220504_121248.jpg'><img src=http:\/\/ski.inmontanis.info\/d\/305257-3\/IMG_20220504_121248.jpg \/><\/a><br \/>\n^ SL-Trasse unten<\/p>\n<p><a href='http:\/\/ski.inmontanis.info\/d\/305262-2\/IMG_20220504_121252.jpg'><img src=http:\/\/ski.inmontanis.info\/d\/305261-3\/IMG_20220504_121252.jpg \/><\/a><br \/>\n^ SL-Trasse oben<\/p>\n<p><a href='http:\/\/ski.inmontanis.info\/d\/305266-2\/IMG_20220504_124232.jpg'><img src=http:\/\/ski.inmontanis.info\/d\/305265-3\/IMG_20220504_124232.jpg \/><\/a><br \/>\n^ Ausstieg\/Bergstation<\/p>\n<p><a href='http:\/\/ski.inmontanis.info\/d\/305270-2\/IMG_20220504_124238.jpg'><img src=http:\/\/ski.inmontanis.info\/d\/305269-3\/IMG_20220504_124238.jpg \/><\/a><br \/>\n^ Bergstation<\/p>\n<p><a href='http:\/\/ski.inmontanis.info\/d\/305274-2\/IMG_20220504_124749.jpg'><img src=http:\/\/ski.inmontanis.info\/d\/305273-3\/IMG_20220504_124749.jpg \/><\/a><br \/>\n^ Aufstieg zum schneefreien Gipfel<\/p>\n<p><a href='http:\/\/ski.inmontanis.info\/d\/305278-2\/IMG_20220504_125119.jpg'><img src=http:\/\/ski.inmontanis.info\/d\/305277-3\/IMG_20220504_125119.jpg \/><\/a><br \/>\n^ Gipfelpano r\u00fcckseitig<\/p>\n<p><a href='http:\/\/ski.inmontanis.info\/d\/305282-2\/IMG_20220504_125122.jpg'><img src=http:\/\/ski.inmontanis.info\/d\/305281-3\/IMG_20220504_125122.jpg \/><\/a><br \/>\n^ Gipfelpano r\u00fcckseitig<\/p>\n<p><a href='http:\/\/ski.inmontanis.info\/d\/305286-2\/IMG_20220504_125124.jpg'><img src=http:\/\/ski.inmontanis.info\/d\/305285-3\/IMG_20220504_125124.jpg \/><\/a><br \/>\n^ Gipfelpano<\/p>\n<p><a href='http:\/\/ski.inmontanis.info\/d\/305290-2\/IMG_20220504_125220.jpg'><img src=http:\/\/ski.inmontanis.info\/d\/305289-3\/IMG_20220504_125220.jpg \/><\/a><br \/>\n^ Talpano, hier stand wohl wie am Gipfel da dr\u00fcben mal eine Holzh\u00fctte<\/p>\n<p><a href='http:\/\/ski.inmontanis.info\/d\/305294-2\/IMG_20220504_125246.jpg'><img src=http:\/\/ski.inmontanis.info\/d\/305293-3\/IMG_20220504_125246.jpg \/><\/a><br \/>\n^ Talpano<\/p>\n<p><a href='http:\/\/ski.inmontanis.info\/d\/305298-2\/IMG_20220504_125300.jpg'><img src=http:\/\/ski.inmontanis.info\/d\/305297-3\/IMG_20220504_125300.jpg \/><\/a><br \/>\n^ Talpano<\/p>\n<p><a href='http:\/\/ski.inmontanis.info\/d\/305302-2\/IMG_20220504_125516.jpg'><img src=http:\/\/ski.inmontanis.info\/d\/305301-3\/IMG_20220504_125516.jpg \/><\/a><br \/>\n^ SL Bergstation<\/p>\n<p><a href='http:\/\/ski.inmontanis.info\/d\/305306-2\/IMG_20220504_130729.jpg'><img src=http:\/\/ski.inmontanis.info\/d\/305305-3\/IMG_20220504_130729.jpg \/><\/a><br \/>\n^ Abfahrt<\/p>\n<p><a href='http:\/\/ski.inmontanis.info\/d\/305310-2\/IMG_20220504_130850.jpg'><img src=http:\/\/ski.inmontanis.info\/d\/305309-3\/IMG_20220504_130850.jpg \/><\/a><br \/>\n^ Abfahrt<\/p>\n<p><a href='http:\/\/ski.inmontanis.info\/d\/305314-2\/IMG_20220504_131108.jpg'><img src=http:\/\/ski.inmontanis.info\/d\/305313-3\/IMG_20220504_131108.jpg \/><\/a><br \/>\n^ Abfahrten<\/p>\n<p><a href='http:\/\/ski.inmontanis.info\/d\/305318-2\/IMG_20220504_131229.jpg'><img src=http:\/\/ski.inmontanis.info\/d\/305317-3\/IMG_20220504_131229.jpg \/><\/a><br \/>\n^ Sch\u00f6ner Schnee heute<\/p>\n<p><a href='http:\/\/ski.inmontanis.info\/d\/305322-2\/ge20220504a.jpg'><img src=http:\/\/ski.inmontanis.info\/d\/305321-3\/ge20220504a.jpg \/><\/a><br \/>\n^ GPS-Track, Aufstieg unten rechts, dann links in der SL-Trasse. Lt. GE ca. 880-1120m, also ca. 240hm<\/p>\n<p>Zwischen hier und dem morgen evtl. geplanten Skigebiet ist ein 1100m hoher, langgezogener Pass. Es schien nicht unbedingt sinnvoll, den jetzt fahren zu wollen und dort irgendwo oben einen offenen Parkplatz zu nehmen, der vieleicht nicht ger\u00e4ummt ist, falls noch Schnee liegen sollte, und der vielleicht kalt und windig werden k\u00f6nnte, wenn zudem ein paar hundert Meter vor dem Abzweig zum Parkplatz hier in Dagali der Rastplatz von heute Vormittag mit WC w\u00e4re. <\/p>\n<p>Hinterm Toilettengeb\u00e4ude war noch ein kleiner, einzelner Platz im Wald. Zwar unn\u00f6tig schattig heute und ohne Aussicht, aber so lang kein K\u00fchllaster kommt oder wieder welche, die hier sp\u00e4tnachts grillen m\u00fcssen&#8230;<\/p>\n<p>Bald werden dann die l\u00e4ngeren Fahrstrecken zur\u00fcck beginnen. Wobei es zur F\u00e4hre am Samstag nur noch ca. 230km sind. In einer Woche m\u00f6chte ich schon in \u00d6sterreich sein. Nein, das kann ich so nicht stehen lassen. Besser: In einer Woche w\u00e4re geplant, in \u00d6sterreich zu sein. In diese Coronadiktatur zur\u00fcck m\u00f6gen oder wollen tu ich nun wahrlich nicht. Heimweh: nicht vorhanden. Eher schon wieder &#8220;Fernweh&#8221;, obwohl ich noch gar nicht daheim bin. Und die diversen Ziele momentan auch sehr fraglich sind, zwischen nervigen Corona-Ma\u00dfnahmen \u00fcber teure Spritpreise zu anti-russischen L\u00fcgenregierungen gibt es kaum L\u00e4nder, wo ich momentan Geld ausgeben m\u00f6chte.<\/p>\n<p>Auf die Fahrt durch Deutschland hab ich zudem wieder gar keine Lust. In den letzten Wochen, seitdem der Sprit so teuer ist, fahr ich ja nur noch maximal 70 km\/h, maximal mal 75, wenn zu viel hinter mir sind, oder weniger, wenn niemand hinter mir ist und ich eh die Batterie noch mehr laden m\u00f6chte. Grundlegend werd ich ca. die k\u00fcrzeste Strecke durch DE nehmen, zwar nicht so extrem, dass ich dadurch z.B. durch die M\u00fcnchner Innenstadt fahren w\u00fcrde, nur weil das etwas k\u00fcrzer ist, aber wenn Autobahnen k\u00fcrzer sind, dann diese, wenn Landstra\u00dfen k\u00fcrzer sind, dann jene.<\/p>\n<p>Da ich somit heute schon am fr\u00fchen Nachmittag meinen Nachtplatz erreicht hatte, rasierte ich mir noch ein letztes Mal auf dieser Reise die Haare. Die 5 Unterhosen und 5 Unterhemden und 5 paar Str\u00fcmpfe waren im Prinzip auch zu viel, aber dann wechsel ich in den letzten 2 Wochen die Sachen halt ausnahmsweise mal w\u00f6chentlich ;) <\/p>\n<p>Im Grunde reichen jeweils 2 Garnituren, und die 2. braucht man auch nur, wenn die erste gerade nass ist, weil gewaschen. Ok, evtl. noch eine dritte Garnitur, falls mal was kaputt wird und man nichts neues kaufen will, weil man genug daheim hat. Un ok, bei Str\u00fcmpfen gibts noch unterschiedliche Dicken\/W\u00e4rmegrade. &#8220;Leider&#8221; braucht das ja nicht soo viel Platz, also ob man nun 3 oder 5 mitnimmt, macht platzm\u00e4\u00dfig nicht viel aus. Da brauchen 2 Skijacken und 2 Skihosen schon mehr Platz.<\/p>\n<p><a href='http:\/\/extra.inmontanis.info\/d\/75635-2\/DSC04508.jpg'><img src=http:\/\/extra.inmontanis.info\/d\/75634-3\/DSC04508.jpg \/><\/a><br \/>\n^ Tikka Masala Fertiggericht, war gar nicht so scharf.<\/p>\n<p>Ab 23 Uhr gab&#8217;s leider wieder L\u00e4rm am Parkplatz, diesmal von einem langsamen Servicefahrzeug, h\u00f6rte sich an wie ein Reinigungsfahrzeug, das mit zeitlichen Abst\u00e4nden alle paar Minuten kam und wieder wegfuhr, bis 1 oder 1:30 Uhr. Boah&#8230;<\/p>\n<p>&#8212;<\/p>\n<p>Ansonsten haben sich wieder etliche politische Links angesammelt, die ich hier teilen m\u00f6chte.<\/p>\n<p><a href='https:\/\/www.watson.ch\/international\/russland\/450140956-russland-ukraine-wer-putin-in-seinem-angriffskrieg-unterstuetzt'>https:\/\/www.watson.ch\/international\/russland\/450140956-russland-ukraine-wer-putin-in-seinem-angriffskrieg-unterstuetzt<\/a><\/p>\n<p>Es ist so krank..<br \/>\n<a href='https:\/\/www.anti-spiegel.ru\/2022\/reporter-ohne-grenzen-wie-der-westen-sich-selbst-gute-pressefreiheit-bescheinigt\/'>https:\/\/www.anti-spiegel.ru\/2022\/reporter-ohne-grenzen-wie-der-westen-sich-selbst-gute-pressefreiheit-bescheinigt\/<\/a><\/p>\n<p>.. und so augenscheinlich klar ..<br \/>\n<a href='https:\/\/www.anti-spiegel.ru\/2022\/nach-lehrbuch-deutsche-medien-betreiben-kriegspropaganda\/'>https:\/\/www.anti-spiegel.ru\/2022\/nach-lehrbuch-deutsche-medien-betreiben-kriegspropaganda\/<\/a><br \/>\n.. und ein Beispiel dazu ..<br \/>\n<a href='https:\/\/www.anti-spiegel.ru\/2022\/wie-leser-belogen-werden-der-spiegel-manipuliert-video-von-zivilisten-aus-asowstal\/'>https:\/\/www.anti-spiegel.ru\/2022\/wie-leser-belogen-werden-der-spiegel-manipuliert-video-von-zivilisten-aus-asowstal\/<\/a><br \/>\n.. und kurz sp\u00e4ter:<br \/>\n<a href='https:\/\/www.anti-spiegel.ru\/2022\/beim-luegen-erwischt-welt-und-spiegel-veraendern-heimlich-ihre-artikel\/'>https:\/\/www.anti-spiegel.ru\/2022\/beim-luegen-erwischt-welt-und-spiegel-veraendern-heimlich-ihre-artikel\/<\/a><\/p>\n<p><a href='https:\/\/rtde.site\/international\/137510-us-kongressabgeordneter-will-us-truppen\/'>https:\/\/rtde.site\/international\/137510-us-kongressabgeordneter-will-us-truppen\/<\/a><\/p>\n<p><a href='https:\/\/rtde.site\/meinung\/137560-baerbock-ist-sie-so-oder-tut-sie-nur-so\/'>https:\/\/rtde.site\/meinung\/137560-baerbock-ist-sie-so-oder-tut-sie-nur-so\/<\/a><\/p>\n<p><a href='https:\/\/www.anti-spiegel.ru\/2022\/integrety-initiative-wird-boris-reitschuster-fuer-anti-russische-propaganda-bezahlt\/'>https:\/\/www.anti-spiegel.ru\/2022\/integrety-initiative-wird-boris-reitschuster-fuer-anti-russische-propaganda-bezahlt\/<\/a><\/p>\n<p>Themenwechsel:<br \/>\n<a href='https:\/\/norberthaering.de\/macht-kontrolle\/wien-rom-citizen-wallet\/'>https:\/\/norberthaering.de\/macht-kontrolle\/wien-rom-citizen-wallet\/<\/a><\/p>\n","protected":false},"excerpt":{"rendered":"<p>4.5.2022<\/p>\n<p>Am Morgen hatte ich mal wieder etwas Eis am Fenster, d.h. es ist etwas k\u00e4lter geworden. Den Vormittag verbrachte ich am Rastplatz in Dagali. Im Toilettengeb\u00e4ude g\u00e4be es sogar zwei Duschkabinen, aber das Wasser ist abgedreht. Lt. Kommentare in der park4night-App sollen die schon seit Jahren au\u00dfer Betrieb sein.<\/p>\n<p>Der Schnee in Dagali reichte <a href=\"http:\/\/blog.inmontanis.info\/?p=7556\">[&#8230;]<\/a><\/p>\n","protected":false},"author":1,"featured_media":7558,"comment_status":"closed","ping_status":"closed","sticky":false,"template":"","format":"standard","meta":{"footnotes":""},"categories":[185,593,18,29],"tags":[78,47],"class_list":["post-7556","post","type-post","status-publish","format-standard","has-post-thumbnail","hentry","category-2021-08-skandinavien","category-dagali","category-norwegennorway","category-skitourenwalk-ski","tag-restschnee","tag-sl","odd"],"_links":{"self":[{"href":"http:\/\/blog.inmontanis.info\/index.php?rest_route=\/wp\/v2\/posts\/7556","targetHints":{"allow":["GET"]}}],"collection":[{"href":"http:\/\/blog.inmontanis.info\/index.php?rest_route=\/wp\/v2\/posts"}],"about":[{"href":"http:\/\/blog.inmontanis.info\/index.php?rest_route=\/wp\/v2\/types\/post"}],"author":[{"embeddable":true,"href":"http:\/\/blog.inmontanis.info\/index.php?rest_route=\/wp\/v2\/users\/1"}],"replies":[{"embeddable":true,"href":"http:\/\/blog.inmontanis.info\/index.php?rest_route=%2Fwp%2Fv2%2Fcomments&post=7556"}],"version-history":[{"count":2,"href":"http:\/\/blog.inmontanis.info\/index.php?rest_route=\/wp\/v2\/posts\/7556\/revisions"}],"predecessor-version":[{"id":7559,"href":"http:\/\/blog.inmontanis.info\/index.php?rest_route=\/wp\/v2\/posts\/7556\/revisions\/7559"}],"wp:featuredmedia":[{"embeddable":true,"href":"http:\/\/blog.inmontanis.info\/index.php?rest_route=\/wp\/v2\/media\/7558"}],"wp:attachment":[{"href":"http:\/\/blog.inmontanis.info\/index.php?rest_route=%2Fwp%2Fv2%2Fmedia&parent=7556"}],"wp:term":[{"taxonomy":"category","embeddable":true,"href":"http:\/\/blog.inmontanis.info\/index.php?rest_route=%2Fwp%2Fv2%2Fcategories&post=7556"},{"taxonomy":"post_tag","embeddable":true,"href":"http:\/\/blog.inmontanis.info\/index.php?rest_route=%2Fwp%2Fv2%2Ftags&post=7556"}],"curies":[{"name":"wp","href":"https:\/\/api.w.org\/{rel}","templated":true}]}}