{"id":7547,"date":"2022-05-02T19:13:22","date_gmt":"2022-05-02T17:13:22","guid":{"rendered":"http:\/\/blog.inmontanis.info\/?p=7547"},"modified":"2023-08-04T20:43:51","modified_gmt":"2023-08-04T18:43:51","slug":"gol-2-5-2022","status":"publish","type":"post","link":"http:\/\/blog.inmontanis.info\/?p=7547","title":{"rendered":"Gol, 2.5.2022"},"content":{"rendered":"<p><strong>2.5.2022<\/strong><\/p>\n<p>Schon lange nicht mehr so nah an einer befahrenen Stra\u00dfe \u00fcbernachtet, war laut heute Nacht. Als ich um kurz nach 7 Uhr zur\u00fcck am Rastplatz war, waren tats\u00e4chlich alle LKW weg. Na gut, dass ich wenigstens nicht dort \u00fcbernachtet hatte&#8230;<\/p>\n<p>S\u00fcdlich von Hemsedal gibt&#8217;s im n\u00e4chsten Tal ca. 3 relativ nah beieinander liegende Skigebiete, die f\u00fcr eine Restschneeskitour in Frage kommen k\u00f6nnten: Gol, \u00c5l und Geilo. Lt. Webcam von \u00c5l sind die Pisten noch perfekt mit Schnee versorgt, in Geilo (dem vmtl. gr\u00f6\u00dften Skigebiet hier in der Gegend) scheinen zumindest die n\u00f6rdlichen H\u00e4nge noch auf zwei Bergen gut zu gehen (der eine 110hm, der andere 275hm lt. Pistenplan, wobei wohl zumindest bei dem mit 110hm leider Parkgeb\u00fchren sind).<\/p>\n<p>Allerdings m\u00f6chte ich nicht unbedingt 3 Tage hier in der Gegend verbringen, auch wenn der Status der weiter s\u00fcdlicheren Gebiete unbekannter ist. Da Gol relativ direkt oder sogar mit Abk\u00fcrzung auf dem Weg und auch Schnee lag, zog ich meine Tourenski samt Fellen an und ging hinauf. Wenn auch nicht bis zur Berhgstation, denn pl\u00f6tzlich lag weiter oben kein Schnee mehr. Daher werde ich \u00c5l auslassen (etwas mehr Umweg in ein Seitental) und werde morgen nach Geilo fahren.<\/p>\n<p><a href='http:\/\/ski.inmontanis.info\/d\/305078-2\/IMG_20220502_121044.jpg'><img src=http:\/\/ski.inmontanis.info\/d\/305076-3\/IMG_20220502_121044.jpg \/><\/a><br \/>\n^ Talstation SL<\/p>\n<p><a href='http:\/\/ski.inmontanis.info\/d\/305082-2\/IMG_20220502_121052.jpg'><img src=http:\/\/ski.inmontanis.info\/d\/305081-3\/IMG_20220502_121052.jpg \/><\/a><br \/>\n^ Linke, mittlere und rechte Hauptpiste, wobei rechts kein Schnee lag, also nahm ich mal die mittlere zum Aufstieg<\/p>\n<p><a href='http:\/\/ski.inmontanis.info\/d\/305086-2\/IMG_20220502_123744.jpg'><img src=http:\/\/ski.inmontanis.info\/d\/305085-3\/IMG_20220502_123744.jpg \/><\/a><br \/>\n^ Mittlere Piste war aber auch nicht mehr durchgehend mit Schnee bedeckt<\/p>\n<p><a href='http:\/\/ski.inmontanis.info\/d\/305090-2\/IMG_20220502_124237.jpg'><img src=http:\/\/ski.inmontanis.info\/d\/305089-3\/IMG_20220502_124237.jpg \/><\/a><br \/>\n^ Hier ging&#8217;s wieder<\/p>\n<p><a href='http:\/\/ski.inmontanis.info\/d\/305094-2\/IMG_20220502_125546.jpg'><img src=http:\/\/ski.inmontanis.info\/d\/305093-3\/IMG_20220502_125546.jpg \/><\/a><br \/>\n^ .. weiter hinauf dagegen gar kein Schnee mehr, auf keiner Abfahrt.<\/p>\n<p><a href='http:\/\/ski.inmontanis.info\/d\/305098-2\/IMG_20220502_125553.jpg'><img src=http:\/\/ski.inmontanis.info\/d\/305097-3\/IMG_20220502_125553.jpg \/><\/a><br \/>\n^ .. also r\u00fcber zum SL gegangen<\/p>\n<p><a href='http:\/\/ski.inmontanis.info\/d\/305102-2\/IMG_20220502_130040.jpg'><img src=http:\/\/ski.inmontanis.info\/d\/305101-3\/IMG_20220502_130040.jpg \/><\/a><br \/>\n^ Obere Abfahrten auch hier schneefrei<\/p>\n<p><a href='http:\/\/ski.inmontanis.info\/d\/305106-2\/IMG_20220502_130806.jpg'><img src=http:\/\/ski.inmontanis.info\/d\/305105-3\/IMG_20220502_130806.jpg \/><\/a><br \/>\n^ SL mit sch\u00f6nen roten oder rot-braunen St\u00fctzen<\/p>\n<p><a href='http:\/\/ski.inmontanis.info\/d\/305110-2\/IMG_20220502_130826.jpg'><img src=http:\/\/ski.inmontanis.info\/d\/305109-3\/IMG_20220502_130826.jpg \/><\/a><br \/>\n^ Der rechte SL endet hier, die Doppelst\u00fctzen w\u00fcrden aber noch weiter gehen<\/p>\n<p><a href='http:\/\/ski.inmontanis.info\/d\/305114-2\/IMG_20220502_131808.jpg'><img src=http:\/\/ski.inmontanis.info\/d\/305113-3\/IMG_20220502_131808.jpg \/><\/a><br \/>\n^ Im Funpark lag noch Schnee, das n\u00fctzte ich zur Abfahrt. Ging zumeist ganz gut.<\/p>\n<p><a href='http:\/\/ski.inmontanis.info\/d\/305118-2\/IMG_20220502_132025.jpg'><img src=http:\/\/ski.inmontanis.info\/d\/305117-3\/IMG_20220502_132025.jpg \/><\/a><br \/>\n^ Hauptpiste am SL<\/p>\n<p><a href='http:\/\/ski.inmontanis.info\/d\/305122-2\/IMG_20220502_132458.jpg'><img src=http:\/\/ski.inmontanis.info\/d\/305121-3\/IMG_20220502_132458.jpg \/><\/a><br \/>\n^ Die untere St\u00fctze ist in Grau<\/p>\n<p><a href='http:\/\/ski.inmontanis.info\/d\/305126-2\/IMG_20220502_132504.jpg'><img src=http:\/\/ski.inmontanis.info\/d\/305125-3\/IMG_20220502_132504.jpg \/><\/a><br \/>\n^ Talstation<\/p>\n<p><a href='http:\/\/ski.inmontanis.info\/d\/305130-2\/ge20220502a.jpg'><img src=http:\/\/ski.inmontanis.info\/d\/305129-3\/ge20220502a.jpg \/><\/a><br \/>\n^ GPS-Track, rechts Aufstieg, links Abfahrt, H\u00f6he lt. GE (meine Track-H\u00f6henmessung funktioniert ja bekanntlich seit Februar nicht mehr) ca. von 470m bis 670m, also ca. 200hm.<\/p>\n<p><a href='http:\/\/extra.inmontanis.info\/d\/75615-3\/DSC04478.jpg'><img src=http:\/\/extra.inmontanis.info\/d\/75614-4\/DSC04478.jpg \/><\/a><br \/>\n^ Ein hei\u00dfer K\u00e4fer<\/p>\n","protected":false},"excerpt":{"rendered":"<p>2.5.2022<\/p>\n<p>Schon lange nicht mehr so nah an einer befahrenen Stra\u00dfe \u00fcbernachtet, war laut heute Nacht. Als ich um kurz nach 7 Uhr zur\u00fcck am Rastplatz war, waren tats\u00e4chlich alle LKW weg. Na gut, dass ich wenigstens nicht dort \u00fcbernachtet hatte&#8230;<\/p>\n<p>S\u00fcdlich von Hemsedal gibt&#8217;s im n\u00e4chsten Tal ca. 3 relativ nah beieinander liegende Skigebiete, <a href=\"http:\/\/blog.inmontanis.info\/?p=7547\">[&#8230;]<\/a><\/p>\n","protected":false},"author":1,"featured_media":7549,"comment_status":"closed","ping_status":"closed","sticky":false,"template":"","format":"standard","meta":{"footnotes":""},"categories":[185,587,18,29],"tags":[78,47],"class_list":["post-7547","post","type-post","status-publish","format-standard","has-post-thumbnail","hentry","category-2021-08-skandinavien","category-gol","category-norwegennorway","category-skitourenwalk-ski","tag-restschnee","tag-sl","odd"],"_links":{"self":[{"href":"http:\/\/blog.inmontanis.info\/index.php?rest_route=\/wp\/v2\/posts\/7547","targetHints":{"allow":["GET"]}}],"collection":[{"href":"http:\/\/blog.inmontanis.info\/index.php?rest_route=\/wp\/v2\/posts"}],"about":[{"href":"http:\/\/blog.inmontanis.info\/index.php?rest_route=\/wp\/v2\/types\/post"}],"author":[{"embeddable":true,"href":"http:\/\/blog.inmontanis.info\/index.php?rest_route=\/wp\/v2\/users\/1"}],"replies":[{"embeddable":true,"href":"http:\/\/blog.inmontanis.info\/index.php?rest_route=%2Fwp%2Fv2%2Fcomments&post=7547"}],"version-history":[{"count":2,"href":"http:\/\/blog.inmontanis.info\/index.php?rest_route=\/wp\/v2\/posts\/7547\/revisions"}],"predecessor-version":[{"id":7550,"href":"http:\/\/blog.inmontanis.info\/index.php?rest_route=\/wp\/v2\/posts\/7547\/revisions\/7550"}],"wp:featuredmedia":[{"embeddable":true,"href":"http:\/\/blog.inmontanis.info\/index.php?rest_route=\/wp\/v2\/media\/7549"}],"wp:attachment":[{"href":"http:\/\/blog.inmontanis.info\/index.php?rest_route=%2Fwp%2Fv2%2Fmedia&parent=7547"}],"wp:term":[{"taxonomy":"category","embeddable":true,"href":"http:\/\/blog.inmontanis.info\/index.php?rest_route=%2Fwp%2Fv2%2Fcategories&post=7547"},{"taxonomy":"post_tag","embeddable":true,"href":"http:\/\/blog.inmontanis.info\/index.php?rest_route=%2Fwp%2Fv2%2Ftags&post=7547"}],"curies":[{"name":"wp","href":"https:\/\/api.w.org\/{rel}","templated":true}]}}