{"id":7540,"date":"2022-05-01T18:52:08","date_gmt":"2022-05-01T16:52:08","guid":{"rendered":"http:\/\/blog.inmontanis.info\/?p=7540"},"modified":"2023-08-04T20:41:27","modified_gmt":"2023-08-04T18:41:27","slug":"hemsedal-23-4-1-5-2022-saisonabschluss-skistar-saisonkarte","status":"publish","type":"post","link":"http:\/\/blog.inmontanis.info\/?p=7540","title":{"rendered":"Hemsedal, 23.4.-1.5.2022 \/ Saisonabschluss Skistar-Saisonkarte"},"content":{"rendered":"<p><strong>Sa, 23.4.2022<\/strong><\/p>\n<p>Um 8:30 bekam ich leider keinen so sch\u00f6nen nahen Parkplatz mehr im schattigen Bereich. Weiter unten k\u00f6nnte man nat\u00fcrlich direkt am Schnee parken und am WE w\u00e4r das auch kein Problem, weil ich ja nicht stundenlang im Auto bleibe um zu arbeiten und somit nicht evtl. ein nahes WC gut w\u00e4re, aber da die Sonne wieder schien, bleib ich hier im Schatten, damit sich das Auto nicht zu sehr aufw\u00e4rmt. War aber nicht so schattig nachmittags wie die Pl\u00e4tze n\u00e4her an den Liften.<\/p>\n<p>Wenn man vor 10 Uhr 2x mit der 8KSB f\u00e4hrt, bekommt man in der App einen 10% Gutschein f\u00fcr die Fr\u00fchst\u00fcckskarte im Restaurant an der Bergstation. Lt. Karte auf der Website g\u00e4be es da zwar durchaus ein paar interessante Sachen, aber ob mir ein Hamburger mit Bacon und Ei um dann trotzdem noch \u00fcber 14 \u20ac oder so das Wert sind, hab ich doch meine Zweifel &#8230;<\/p>\n<p>Heute sonniger, etwas k\u00e4lter, Schnee blieb l\u00e4nger hart, wurde offpiste nicht so tief weich und war auch nicht so pappig wie die letzten 2 Tage.<\/p>\n<p>Nerven tun mich seit einigen Tagen ja meine nassen Skischuhe, da ich nicht genug Auto fahre und nicht genug Strom f\u00fcr Schuhtrockner habe. Seit 2 Tagen behelfe ich mich nun mit Papiert\u00fcchern (so von WC\/Handtrocknen), aber das zieht nicht alles raus \u00fcber Nacht. Somit muss ich beim Skifahren meist die Schuhheizung trotz der warmen Temperaturen auf Stufe 2 laufen lassen, weil es sonst eiskalt ist.<\/p>\n<p><a href='http:\/\/ski.inmontanis.info\/d\/304872-2\/DSC04353.jpg'><img src=http:\/\/ski.inmontanis.info\/d\/304871-3\/DSC04353.jpg \/><\/a><br \/>\n^ Hatte die Tage was von Sommerski an den unteren SL, morgens hart gefroren, nachmittags Wasserpf\u00fctzen..<\/p>\n<p><a href='http:\/\/ski.inmontanis.info\/d\/304876-2\/DSC04358.jpg'><img src=http:\/\/ski.inmontanis.info\/d\/304875-3\/DSC04358.jpg \/><\/a><br \/>\n^ Die Abfahrt an der DSB ist zwar nur ein Skiweg, aber man hat ein sch\u00f6nes Talpano<\/p>\n<p><a href='http:\/\/ski.inmontanis.info\/d\/304880-2\/DSC04359.jpg'><img src=http:\/\/ski.inmontanis.info\/d\/304879-3\/DSC04359.jpg \/><\/a><br \/>\n^ Viele Seen sind nun erkennbar (Rechts der Tinden-4KSB)<\/p>\n<p><a href='http:\/\/ski.inmontanis.info\/d\/304884-2\/DSC04360.jpg'><img src=http:\/\/ski.inmontanis.info\/d\/304883-3\/DSC04360.jpg \/><\/a><br \/>\n^ An der Roni-4KSB wurde die linke und rechte Abfahrt in diesen Tagen wg. Schneemangel geschlossen<\/p>\n<p><a href='http:\/\/ski.inmontanis.info\/d\/304888-2\/DSC04361.jpg'><img src=http:\/\/ski.inmontanis.info\/d\/304887-3\/DSC04361.jpg \/><\/a><br \/>\n^ Abfahrt 23 rechts vom Hamar-SL, sch\u00f6n trassiert, schmal, gef\u00e4llt.<\/p>\n<p><a href='http:\/\/ski.inmontanis.info\/d\/304892-2\/DSC04363.jpg'><img src=http:\/\/ski.inmontanis.info\/d\/304891-3\/DSC04363.jpg \/><\/a><br \/>\n^ SL Fjellheisen, St\u00fctze 3 jetzt ohne Wartungspodest<\/p>\n<p><a href='http:\/\/ski.inmontanis.info\/d\/304896-2\/DSC04364.jpg'><img src=http:\/\/ski.inmontanis.info\/d\/304895-3\/DSC04364.jpg \/><\/a><br \/>\n^ See neben der Talstation SL Totten 2, hinterm See verl\u00e4uft die Abfahrt von der 4KSB Tinden \/ SL Hamar, die aber schnell schiebelastig sein kann.<\/p>\n<p><a href='http:\/\/ski.inmontanis.info\/d\/304900-2\/DSC04365.jpg'><img src=http:\/\/ski.inmontanis.info\/d\/304899-3\/DSC04365.jpg \/><\/a><br \/>\n^ Offpiste neben der Tinden-4KSB<\/p>\n<p><a href='http:\/\/ski.inmontanis.info\/d\/304904-2\/DSC04366.jpg'><img src=http:\/\/ski.inmontanis.info\/d\/304903-3\/DSC04366.jpg \/><\/a><br \/>\n^ Wenn der Hamar-SL nicht f\u00e4hrt, kann man ja mal die Trasse runterfahren<\/p>\n<p>Nachmittags nochmals in den teuren Supermarkt im Skigebiet gegangen, Erdbeermilch (halber Liter um knap 2,50 \u20ac oder so) als Alternative zu dem komischen Kakao, sowie Pizza Baguettes f\u00fcr morgen\/\u00fcbermorgen zum Mittagessen im Skigebiet mitgenommen.<\/p>\n<p><a href='http:\/\/extra.inmontanis.info\/d\/75505-2\/DSC04367.jpg'><img src=http:\/\/extra.inmontanis.info\/d\/75504-3\/DSC04367.jpg \/><\/a><br \/>\n^ Auf der Pizzabaguette-Verpackung stand auch was auf Deutsch drauf &#8211; erkl\u00e4rt wohl den billigen, schlechten Geschmack. Lieber schwedische Billys oder Gorbys! Rechts die Erdbeermilch<\/p>\n<p>Aber .. es w\u00e4re wohl doch besser gewesen, in den Ort zu fahren, dort einzukaufen und dann einen vmtl. ruhigeren Standplatz abends zu haben&#8230; Ich stand heute eine Parkebene weiter oben, aber der Bass vom Apresskitempel war hier fast noch nerviger und dazu nat\u00fcrlich einige andere Leute, die am Parkplatz rumgel\u00e4rmt haben. N\u00e4chsten FR+SA werd ichs definitiv auf dem Parkplatz im Ort probieren. Ab morgen wirds hoffentlich wieder ruhiger sein.<\/p>\n<p>Wenigstens hat die Erdbeermilch besser geschmeckt und auch zu dem Cruesli besser gepasst.<\/p>\n<p>Das Solheisen-Skigebiet paar km n\u00f6rdlich von Hemsedal h\u00e4tte auch noch offen bis 1.5. Aber weder von Bildern, noch vom Pistenplan mag mich das \u00fcberzeugen, um dort knapp 30 \u20ac f\u00fcr eine Halb- oder etwas \u00fcber 40 \u20ac f\u00fcr eine Tageskarte auszugeben.<\/p>\n<p>Im Gegensatz zu gestern war heute leider nicht um 21 Uhr Schluss mit dem L\u00e4rm, um 21:30 wurde es etwas leiser, evtl. auf gestriges Niveau, um 22:30 dann Ruhe. Eine Stunde sp\u00e4ter ging dann der L\u00e4rm am Parkplatz los von den Besoffenen. Leider fuhren die nicht weg, sondern gingen weg und kamen mitten in der Nacht nochmals zur\u00fcck und weckten mich mit ihrem L\u00e4rm &#8211; und fuhren aber wieder nicht weg.<\/p>\n<p><strong>So, 24.4.2022<\/strong><\/p>\n<p>Im Internet stand auch dieses WE wieder der Kurven-KSSL als ge\u00f6ffnet drin, was aber ebenso wenig stimmte, wie am Dienstag. Unter der Woche war er ja mal ein paar Tage geschlossen markiert. Gelaufen ist leider nie, hatte auch nicht genug Schnee am Einstieg, aber das w\u00e4re nat\u00fcrlich schnell l\u00f6sbar gewesen.<\/p>\n<p>Blieb heute meist an den untersten SL (am Parkplatz \/ Zubringer 8KSB), weniger Wind, w\u00e4rmer und besserer Schnee und h\u00f6rte gegen 15 Uhr auf.<\/p>\n<p>Lt. App bin ich den SL zuf\u00e4llig 31x gefahren. So um die 30 Fahrten waren auch in Schweden meist meine Tagesmaxima an einem Einzellift. Aber was hier besonders ist: den bin ich lt. App bisher die Saison zusammengez\u00e4hlt ebenfalls 31x gefahren.<\/p>\n<p>Den oberen SL (\u00fcber der 8KSB) bin ich bisher insb. 57x gefahren, somit also 62:57 f\u00fcr den unteren Lift.<\/p>\n<p><a href='http:\/\/ski.inmontanis.info\/d\/304908-2\/DSC04368.jpg'><img src=http:\/\/ski.inmontanis.info\/d\/304907-3\/DSC04368.jpg \/><\/a><br \/>\n^ Die Pistenraupe ist wohl abends mal verreckt? Und konnte nicht abgeschleppt werden? 2 Tage sp\u00e4ter stand sie am Pistenrand, irgendwann war sie dann weg.<\/p>\n<p><a href='http:\/\/ski.inmontanis.info\/d\/304912-2\/DSC04373.jpg'><img src=http:\/\/ski.inmontanis.info\/d\/304911-3\/DSC04373.jpg \/><\/a><br \/>\n^ Der neue KSSL fuhr leider nicht w\u00e4hrend meiner Besuchszeitr\u00e4ume hier. Macht aber ja auch nur wirklich Sinn, wenn die Au\u00dfenrumabfahrt offen ist.<\/p>\n<p>Der Abend verlief ruhig.<\/p>\n<p><strong>25.4.2022<\/strong><\/p>\n<p>Die letzte Wintersaisonwoche hat nun begonnen&#8230;<\/p>\n<p><a href='http:\/\/ski.inmontanis.info\/d\/304916-2\/DSC04375.jpg'><img src=http:\/\/ski.inmontanis.info\/d\/304915-3\/DSC04375.jpg \/><\/a><br \/>\n^ Nahe 8KSB \/ Fjellheisen &#8212; war das mal ein Kiosk, wo man vielleicht g\u00fcnstige Hotdogs bekam? Dann schade.<\/p>\n<p>Was das SL-Duell angeht unten-oben: 68:70, ich fuhr heut den oberen SL 13x<\/p>\n<p>Nachmittags fuhr ich zum Hedgehog-Octopus-Schuhtrockner-Hersteller\/Erfinder und hab mein defektes Ger\u00e4t ausgetauscht- mittlerweile wurde das Temperaturproblem auch gel\u00f6st, testen werd ich&#8217;s wohl erst n\u00e4chsten Winter k\u00f6nnen. Er wollte auch noch einige Fotos von mir machen, weil er meine &#8220;Geschichte&#8221; online ver\u00f6ffentlich will&#8230;<\/p>\n<p>Danach zum Spar gefahren, der ist aber ziemlich mies hier. Viele leere Regale (insb. bei den Getr\u00e4nken und bei geschnittenen K\u00e4se) und im Gegensatz zu den (bisher besuchten) meisten Spar-Superm\u00e4rkten in Norwegen, gab&#8217;s hier kein Salatbuffet. Sonst h\u00e4tte ich mir da heute was mitgenommen. Naja, daf\u00fcr gab&#8217;s warme, abgepackte H\u00e4hnchenschlegel&#8230;<\/p>\n<p>Nachdem es gestern Abend so sch\u00f6n ruhig war, h\u00e4tte ich auch erwartet, dass es heute ruhig bleibt, so wie letze Woche an den Werktagen, oder maximal bis 19 Uhr. War wohl nix. Lautere Musik als gestrern und ab 21 Uhr dann wieder nervige Basst\u00f6ne. Wenn man hier in der Gegend eine Ferienwohnung hat, ist man auch gestraft.<\/p>\n<p>Als ich vom Supermarkt zur\u00fcck kam, lief eine gesch\u00e4tzt Mittvierzigerin auf der Stra\u00dfe mit einem aufgeblasenen Schwimmreifen um die H\u00fcfte herum ..  gest\u00f6rtes Volk.<\/p>\n<p>Andererseits, nach 22:30 war&#8217;s die Nacht \u00fcber ruhig und ist somit vmtl. ruhiger als auf den anderen Pl\u00e4tzen, wo n\u00e4her Autos vorbei fahren ..<\/p>\n<p>Der Wettervorhersage nach war das heute der letzte sonnige Tag. Morgen fr\u00fch soll es etwas schneien \/schneeregnen und den Rest der Woche eher kalt und bedeckt weitergehen :(<\/p>\n<p><strong>26.4.2022<\/strong><\/p>\n<p>Schnee lag morgens keiner am Auto und die Nacht war zumindest im Auto recht warm (Minimumtemp. innen +8,3\u00b0), drau\u00dfen um 7:30 +4\u00b0.  paar Schneeflocken sah man aber. Statt Schwitzen und Fenster auf somit am Vormittag Standheizung gebraucht.<\/p>\n<p>Fuhr heut eher wenig, die Pisten waren zumeist sehr hart.<\/p>\n<p>Was das SL-Duell angeht unten-oben f\u00fchrt wieder der untere: 79:73<\/p>\n<p>Hab heut Abend 3 gro\u00dfe Fleischb\u00e4llchen, kalt, mit etwas Brot und Senf bzw. BBQ-Sauce, gegessen. Hm. Irgendwie war das Cruesli plus Erdbeermilch leckerer ;)<\/p>\n<p><a href='http:\/\/extra.inmontanis.info\/d\/75509-2\/DSC04380.jpg'><img src=http:\/\/extra.inmontanis.info\/d\/75508-3\/DSC04380.jpg \/><\/a><br \/>\n^ Schuhtrocknung\/heizung mal anders ;)<\/p>\n<p>Abends gab es doch noch etwas mehr Sonne und Abend\/Nacht verlief ruhig (bis auf einen Campervan mit seiner Schiebet\u00fcre).<\/p>\n<p><strong>27.4.2022<\/strong><\/p>\n<p>Antwort von Skistar hinsichtlich der 20% &#8211; Nachlasses auf die Ski-Service-Preise kam auch nach wiederholter Nachfrage keine. Aber hier lohnt es sich eh nicht. Das Gold-Service kostet zum Standardpreis 549,- NOK und das Silber-Service, wenn ich recht gelesen hab, 449,- NOK. Das lohnt sich selbst mit dem 40%-Silber-Nachlass nicht.<\/p>\n<p>Das Restaurant an 8KSB-Bergstation ist doch eine Selbstbedienung, aber sehr teuer. G\u00e4be sogar Hotdogs, aber um 47 NOK, wenn man dann ggf. nur ein d\u00fcnnes W\u00fcrstl mit dem kleine Skandinavienbrot bekommt (keine Ahnung), dann ist das zu teuer. Pobierte um 45,- NOK so ein Kokosbulledings, was sich aber nur als Negerkuss-Schaumzuckerf\u00fcllung rausgestellt hatte. Da w\u00e4r ein gleich teurer Kuchen wohl gehaltvoller gewesen &#8230; Sonstige Preise? Tagessuppe 159, Gulaschsuppe 169, Pasta Bolognese 189, 150g Burger mit Pommes 199 .. oh Mann, ich vermisse den R\u00f6dkullen-shop in Are mit den Grillwurst-Hotdogs um 30,- oder den leckeren, warmen Zimtschnecken um 25,- SEK&#8230; :(<\/p>\n<p><a href='http:\/\/extra.inmontanis.info\/d\/75513-2\/IMG_20220427_13580865_full_2x1.jpg'><img src=http:\/\/extra.inmontanis.info\/d\/75512-3\/IMG_20220427_13580865_full_2x1.jpg \/><\/a><br \/>\n^ Dieser \u00fcberdimensionierte Kokos-Negerkuss kostet 45,- NOK, unglaublich.<\/p>\n<p>Ich hielt nachmittags wieder am Supermarkt im Skigebiet, nahm 2 Gorbys Pirog f\u00fcr die n\u00e4chsten Mittage mit, sowie K\u00e4se und ein kleines Baguette &#8211; was mit ca. 1,50 \u20ac preislich noch ging, das ist man in Skandinavien ja gewohnt. Zum &#8220;Abendessen&#8221; ging ich dann noch gegen 16 Uhr in den Selbstversorgerraum (Varmestue) und w\u00e4rmte mir die Fleischb\u00e4llchen auf dem Baguette auf. Die 3 sind zusammen ca. 200g und kosteten ca. 2 \u20ac, wenn ich den Preis der glaub 600g-Packung letztens noch richtig im Kopf hab. War mir aber irgendwie zu viel, das Verh\u00e4ltnis Hackfleisch : Brot war mir zu fleischlastig. Der Rest kam daher wieder in den K\u00fchlschrank und wird morgen mitgenommen und im Skigebiet aufgew\u00e4rmt ;)<\/p>\n<p><a href='http:\/\/extra.inmontanis.info\/d\/75517-2\/DSC04385.jpg'><img src=http:\/\/extra.inmontanis.info\/d\/75516-3\/DSC04385.jpg \/><\/a><br \/>\n^ <\/p>\n<p>Was das SL-Duell angeht unten-oben: 87:78<\/p>\n<p><a href='http:\/\/ski.inmontanis.info\/d\/304920-2\/DSC04390.jpg'><img src=http:\/\/ski.inmontanis.info\/d\/304919-3\/DSC04390.jpg \/><\/a><br \/>\n^ 22:45 Uhr am Parkplatz.<\/p>\n<p><strong>28.4.2022<\/strong><\/p>\n<p>Vormittags eine Mischung aus Sonne und minimal Schneefall, dazu seit gestern Abend recht windig. Nachmittags recht sonnig.<\/p>\n<p>Varmestue\/Selbstversorgerraum am Restaurant bei der 8KSB-Bergstation ist seit heut abgeschlossen, also umsonst raufgefahren und wieder runter m\u00fcssen. Unten ist ja leider kein WLAN.<\/p>\n<p>Schnee war zu Mittag bereits recht weich &#8211; im Bereich der 8KSB, nicht so an der Bergstation Roni-4KSB. Zudem recht windig. Die unteren SL eher pappig, die oberen windig, da blieb ich meist an der 8KSB (10 von 25 Liftfahrten zw. 11:30 und 16:00). Die unpr\u00e4parierte Abfahrt 6 hatte heute tollen Schnee, bissl weich auf hartem Untergrund, daher 6x gefahren.<\/p>\n<p><a href='http:\/\/ski.inmontanis.info\/d\/304924-2\/DSC04392.jpg'><img src=http:\/\/ski.inmontanis.info\/d\/304923-3\/DSC04392.jpg \/><\/a><br \/>\n^ Ob dieses Gel\u00e4nder am Wartungspodest auch von selbst runtergefallen ist? ;)<\/p>\n<p><a href='http:\/\/ski.inmontanis.info\/d\/304928-2\/DSC04393.jpg'><img src=http:\/\/ski.inmontanis.info\/d\/304927-3\/DSC04393.jpg \/><\/a><br \/>\n^ .. eine St\u00fctze davor fehlt eines der 4 Wartungspodeste, ob das auch von selbst runtergefallen ist? ;)<\/p>\n<p><a href='http:\/\/ski.inmontanis.info\/d\/304932-2\/DSC04396.jpg'><img src=http:\/\/ski.inmontanis.info\/d\/304931-3\/DSC04396.jpg \/><\/a><br \/>\n^ Abfahrt 6<\/p>\n<p><a href='http:\/\/ski.inmontanis.info\/d\/304936-2\/DSC04398.jpg'><img src=http:\/\/ski.inmontanis.info\/d\/304935-3\/DSC04398.jpg \/><\/a><br \/>\n^ Oberhalb des vorherigen St\u00fccks gibts noch einen Abschnitt der Abfahrt 6, der nicht so h\u00e4ufig befahren wurde..<\/p>\n<p><a href='http:\/\/ski.inmontanis.info\/d\/304940-2\/DSC04399.jpg'><img src=http:\/\/ski.inmontanis.info\/d\/304939-3\/DSC04399.jpg \/><\/a><br \/>\n^ .. war auch nicht so gut. Vor der n\u00e4chsten Kante bin ich aber nach links rausgeschoben, denn ..<\/p>\n<p><a href='http:\/\/ski.inmontanis.info\/d\/304944-2\/DSC04403.jpg'><img src=http:\/\/ski.inmontanis.info\/d\/304943-3\/DSC04403.jpg \/><\/a><br \/>\n^ .. der Ausgang zur Hauptpiste sah mir zu eisig aus.<\/p>\n<p>Was das SL-Duell angeht unten-oben: 95:81 &#8211; morgen werd ich am unteren SL dann wohl die 100 Fahrten zusammen haben&#8230;<\/p>\n<p>Tank ist noch halb voll und die Restkilometer lt. Bordcomputer 65km :) Da muss man schon viel Benzin ohne Fahren verbraucht haben, z.B. mit Standheizung oder Motorlaufenlassen im Stand ..<\/p>\n<p>Da ich etwas Zeit hatte .. sah ich mich mal noch etwas in UK um. In Blackpool gibt es, was die alten Trams geht, keine R\u00fcckkehr mehr zur &#8220;alten Normalit\u00e4t&#8221;. Eine recht aktuelle Facebookfrage:<br \/>\n&#8220;When will you run regular tbe prom tours every 20 mins between North Pier and Pleasure Beach and the Heritage Day Ticket like before the start of the Covid&#8221;  urde wie folgt beantwortet: &#8220;we don&#8217;t have any plans to do that except on event weekends&#8221;<\/p>\n<p>Standardm\u00e4\u00dfig muss man jetzt n\u00e4mlich die Touren jeden Tag einzeln zahlen und einzeln buchen. D.h. man darf auch nicht einfach mal aussteigen und die n\u00e4chste Tram nehmen. Das ist bescheuert.<\/p>\n<p>Sollte ich also im Sommer\/Herbst nach BPL fahren, dann wohl nur an einem der Event-WE und auch nur, wenn man dann nicht jede Fahrt trotzdem einzeln buchen muss. Im Crich Tramay Museum werden weiterhin Gesichtswindeln in den geschlossenen Trams empfohlen &#8211; also wohl kein Muss, aber die Frage ist, wieviel mit dem Fetzen dann rumlaufen.<\/p>\n<p>In DE ist die Maskenpflicht in Superm\u00e4rkten anscheinend aufgehoben, d.h. ich k\u00f6nnte viel einkaufen auf der R\u00fcckfahrt, wenn ich Platz h\u00e4tte &#8211; das wird das Problem sein, da &#8220;der Keller&#8221; mit den Eink\u00e4ufen aus Schweden (und den doppelten, weil defekten, Heizger\u00e4ten) schon voll ist, gek\u00fchltes oder gar gefrorenes kann ich auch nicht mitnehmen, da ich in AT ja noch einige Tage unterweg sein werde.  K\u00f6nnte ggf. die einen oder anderen halbkaputten Schuhe entsorgen und im Schrank hab ich noch etwas Platz und ansonsten muss ich die letzten Tage der Reise halt noch mehr Zeug jeden Abend hin und herr\u00e4umen. Und in DE kann ich das eine oder andere auch wieder loswerden\/verschenken.<\/p>\n<p>Eh heftig, was ich alles mitschleppe, was ich bei Abfahrt noch nicht hatte.. 2 Schuhheizer\/-trockner, 2 weitere Heizger\u00e4te, die 15m Campingplatz-Stromkabel plus Adapter, Mehrfachsteckdose, Videoprojektor samt Leinwandbild, zus\u00e4tzliches paar Winterhalbstiefel, .. :)<\/p>\n<p>Die doppelten Heizer muss ich dann daheim verstauen (will ich n\u00e4chsten Winter nicht mitnehmen, aber zum Wegschmei\u00dfen ist&#8217;s ja auch zu schade, auch wenn mir der Ersatz n\u00e4chsten Winter daheim auch nichts n\u00fctzen wird..)<\/p>\n<p><a href='http:\/\/extra.inmontanis.info\/d\/75521-2\/DSC04408.jpg'><img src=http:\/\/extra.inmontanis.info\/d\/75520-3\/DSC04408.jpg \/><\/a><br \/>\n^ Mein kleines Schr\u00e4nkchen, das Hauptfach w\u00e4re wohl besser belegbar, wenn es einen Zwischenboden h\u00e4tte, aber wo tu ich dann die gro\u00dfe Pfanne hin?!<\/p>\n<p>Gegen 22 Uhr ging der Bass-L\u00e4rm und entferntes Gegr\u00f6hle los :( Konnte nach einiger Zeit zwar einschlafen, es wurde aber wohl schlimmer und  ich wachte gegen 0 Uhr wieder auf. N\u00fctzt wohl nix, werd ich mir heute noch statt morgen einen andern Platz suchen m\u00fcssen. Dort, wo der L\u00e4rm herkommt, ist nebendran auch das Geb\u00e4ude, wo der obere Stock abgebrannt ist. Schade, dass das Feuer hier nicht weiter gew\u00fctet hat. Jedenfalls sind aber um diesen Club\/Disco etliche Wohnungen, ggf. Ferienwohnungen, ggf. Appartements, die vermietet werden. Die armen, die da schlafen wollen nachts ..<\/p>\n<p>Ich fuhr also im Schlafanzug zum Stadionparkplatz, konnte aber trotzdem nur noch schlecht einschlafen.<\/p>\n<p><strong>29.4.2022<\/strong><\/p>\n<p>Vormittags wieder bedeckt, leichter Schneefall, keine Sonne. Somit nach der Arbeit noch bissl M\u00fcll und Grauwasser entsorgt und Frischwasser nachgef\u00fcllt und dabei Haare und F\u00fc\u00dfe auf dem WC gewaschen, auch mal den Waschlappen ausgewaschen (nicht in der Klosch\u00fcssel, aber Kabinen mit eigenem Waschbecken sind einfach praktisch, da kann man auch mal sein Arschloch ausseifen ;) )<\/p>\n<p>Was das SL-Duell angeht unten-oben: 99:91 &#8211; so ein Quatsch, ich bin den unteren SL morgens 4x gefahren, nicht nur 2x wie in der Statistik. Anscheinend, wenn man am Zwischenausstieg, der die direkten Abfahrten bedient, aussteigt und zu schnell unten ist, z\u00e4hlt die n\u00e4chste Auffahrt nicht&#8230;<\/p>\n<p><a href='http:\/\/ski.inmontanis.info\/d\/304948-2\/DSC04414.jpg'><img src=http:\/\/ski.inmontanis.info\/d\/304947-3\/DSC04414.jpg \/><\/a><br \/>\n^ Die B\u00fchne vorne war 2 Nachmittage\/Abende in Betrieb, am Sonntag um 9 war sie bereits wieder weg.<\/p>\n<p><a href='http:\/\/ski.inmontanis.info\/d\/304952-2\/DSC04416.jpg'><img src=http:\/\/ski.inmontanis.info\/d\/304951-3\/DSC04416.jpg \/><\/a><br \/>\n^ Abfahrt 6<\/p>\n<p>Der Coop im Ort h\u00e4tte zwar ein Salatbuffet gehabt, aber recht wenig Salatauswahl. Daher in den Imbiss daneben \/ neben der Tankstelle gegangen. Kebaprolle um 119,- oder 100g Baconcheeseburger mit Pommes + Getr\u00e4nk um 149? H\u00f6rte sich besser an. Zumal mir in letzter Zeit Pommes fehlen. So selten wie in den letzten 250+ Tagen hab ich wohl noch nie Pommes gegessen. Gilt vmtl. auch f\u00fcr S\u00fc\u00dfigkeiten.<\/p>\n<p><a href='http:\/\/extra.inmontanis.info\/d\/75525-2\/DSC04417.jpg'><img src=http:\/\/extra.inmontanis.info\/d\/75524-3\/DSC04417.jpg \/><\/a><br \/>\n^ Bacon-Burger mit anscheinend Coleslaw, sowie Pommes<\/p>\n<p>Nach dem 2. Einkaufen fuhr ich wie gestern zum Parkplatz am Stadion, es war recht windig und der Wind schien die Musik vom Skigebiet zu bef\u00f6rdern und etwas zu \u00fcbert\u00f6nen. Mal abwarten, wie das heute Nacht sein wird&#8230;<\/p>\n<p>Die laute Musik, wohl von der B\u00fchne, h\u00f6rte gegen 18\/19 Uhr oder so auf, danach blieb die \u00fcbliche Disco\/Nachtlub-Musik hin und wieder leicht h\u00f6rbar. Auch Fussb\u00e4lle h\u00f6rte man (bei flutlicht), beides selbst um 23 Uhr noch, hin und wieder ein Auto, laute Schreie, warum sind die Leute nur so l\u00e4rmgeil?!<\/p>\n<p><strong>Sa, 30.4.2022<\/strong><\/p>\n<p>Im Gegensatz zum letzten WE war dieses die 4KSB neben der 8KSB nicht offen. Weiterhin falsche Anzeige in der App, der kurze KSSL h\u00e4tte die ganze Woche laufen sollen, tat es aber nicht.<\/p>\n<p>Daf\u00fcr war der SL Hamarheisen offen, vormittags aber nur f\u00fcr Renngruppen. So ein Bl\u00f6dsinn, man kann ja oben auch die anderen Abfahrten befahren, nicht nur die linke, wo ein paar Rennkurse ausgesteckt waren.<\/p>\n<p>Aber nach Mittag war der SL dann f\u00fcr alle offen, somit konnte ich den auch noch fahren, juhu! Weniger juhu: Nicht nur die obere Varmestue, auch die untere ist nun zu. Die evtl. n\u00e4chste Mikrowelle (die mir bekannt war), war somit die am Supermarkt. N\u00e4chster Weg. Also optimal ist Hemsedal zum Saisonende nicht.<\/p>\n<p>Andererseits, in Are heute wieder st\u00fcrmisch, PB\/EUB\/oberer SL zu. Aber den R\u00f6dkullen-Shop vermiss ich schon..<\/p>\n<p>Leider z\u00e4hlte der SL nicht in der App-Statistik, bin ich aber mehrmals gefahren und es hatte mit den besten Schnee dort, auch offpiste recht gut, somit bis fast zum Schluss (1630) geblieben. Generell heut wieder weicher als zuletzt, aber offpiste darunter hart bleibend, also nicht einsinkend.<\/p>\n<p>Was das SL-Duell angeht unten-oben: 104:96. F\u00fcr 100 Liftfahrten im selben Lift (wobei das hier ja jeweils zwei parallele sind..) bekommt man das virtuelle Deja-vu-Abzeichen. Leider nur 1x in der Saison, k\u00f6nnte man doch auch f\u00fcr jeden Lift vergeben?!<\/p>\n<p><a href='http:\/\/ski.inmontanis.info\/d\/304956-2\/DSC04418.jpg'><img src=http:\/\/ski.inmontanis.info\/d\/304955-3\/DSC04418.jpg \/><\/a><br \/>\n^ insgesamt bin ich dann 2 Lifte je 100x gefahren, wobei beides jeweils Doppellifte waren, also eigentlich auch wieder keinen einzelnen 100x&#8230;<\/p>\n<p><a href='http:\/\/ski.inmontanis.info\/d\/304960-2\/DSC04422.jpg'><img src=http:\/\/ski.inmontanis.info\/d\/304959-3\/DSC04422.jpg \/><\/a><br \/>\n^ Kurze Abfahrt 5 zwischen 6 und 7, da d\u00fcrfte heuer der Schnee nicht gereicht haben<\/p>\n<p><a href='http:\/\/ski.inmontanis.info\/d\/304964-2\/DSC04429.jpg'><img src=http:\/\/ski.inmontanis.info\/d\/304963-3\/DSC04429.jpg \/><\/a><br \/>\n^ Nachmittags f\u00fcr alle offen und endlich konnte ich ihn mal fahren: SL Hamarheisen, zwischen SL Fjellheisen und 4KSB Tindenheisen<\/p>\n<p><a href='http:\/\/ski.inmontanis.info\/d\/304968-2\/DSC04434.jpg'><img src=http:\/\/ski.inmontanis.info\/d\/304967-3\/DSC04434.jpg \/><\/a><br \/>\n^ Unter der 8KSB schaut es manchmal wie eine Abfahrt aus, aber wird wohl nur ein Bauweg f\u00fcr die St\u00fctzen gewesen sein. Leider heuer zu wenig Schnee.<\/p>\n<p><a href='http:\/\/extra.inmontanis.info\/d\/75529-2\/DSC04435.jpg'><img src=http:\/\/extra.inmontanis.info\/d\/75528-3\/DSC04435.jpg \/><\/a><br \/>\n^ Die Schokomilch ist besser. Rechts das neue Abendessen<\/p>\n<p>Da ich noch Reste &#8220;vom alten&#8221; hatte: Das Quaker Cruesli ist wesentlich s\u00fc\u00dfer als das hier. Aber davon abgesehen auch irgendwie geschmacklicher\/besser. Schokomilch (als zus\u00e4tzliche Geschmacks und Zuckerquelle) passt vieleicht eher zum neuen.<\/p>\n<p>Durch das fehlende Windger\u00e4usch war der Musikl\u00e4rm vom Skigebiet am mit dem Auto \u00fcber 3km entfernten Stadionparkplatz heute lauter als Gestern, ging auch l\u00e4nger.<\/p>\n<p><strong>So, 1.5.2022<\/strong> &#8211; Reisetag Nr. 266, Skitag Nr. 137 der Saison, 136. Tag seit 4.12.2021, 101. auf Saisonkarte<\/p>\n<p>Tja, irgendwann kommt leider immer dieser eine besondere Tag: der letzte Tag, der Tag, an dem irgendwas enden muss. Letzter Skitag der Saisonkarte (die noch 1 Woche g\u00fcltig w\u00e4re, aber ja nichts mehr offen hat). Die Wintersaison verging wieder wie im Flug, war aber auch nur 5 Monate lang.<\/p>\n<p>Der Hamar-SL lief  heute von der fr\u00fch weg f\u00fcr alle, fehlte aber wieder in der App, weshalb ich gestern Nachmittag eine E-Mail an Skistar geschrieben hab.<\/p>\n<p>Es war recht sonnig heute, wenn auch nicht wolkenlos, dazu bald sch\u00f6n weicher Schnee, quasi ein perfekter Saisonabschluss und ich bin nat\u00fcrlich bis zum Schluss gefahren und hab auch nochmals alle Lifte und Abfahrten mitgenommen. Ok, au\u00dfer die im untersten Bereich, die waren leider heut M\u00fcll durch die Festivalbesucher gestern und dem anschlie\u00dfenden Nicht-Pr\u00e4parieren.<\/p>\n<p>Mit fast 8 Stunden war das heut der l\u00e4ngste Skitag der Saison. Was das SL-Duell angeht unten-oben: 109:104, wobei ja die untere Z\u00e4hlweise nicht ganz korrekt und sowieso mehr war.<\/p>\n<p><a href='http:\/\/ski.inmontanis.info\/d\/304972-2\/DSC04436.jpg'><img src=http:\/\/ski.inmontanis.info\/d\/304971-3\/DSC04436.jpg \/><\/a><br \/>\n^ Die bl\u00f6den Festivalg\u00e4ste sind zu hunderten zu Fu\u00df \u00fcber die Piste und es wurde danach nicht mehr pr\u00e4pariert. Jetzt am Morgen nat\u00fcrlich alles ekelhaft hart gefroren<\/p>\n<p><a href='http:\/\/ski.inmontanis.info\/d\/304976-2\/DSC04438.jpg'><img src=http:\/\/ski.inmontanis.info\/d\/304975-3\/DSC04438.jpg \/><\/a><br \/>\n^ SL Hamar mit Abfahr 24 links und 23 rechts<\/p>\n<p><a href='http:\/\/ski.inmontanis.info\/d\/304980-2\/DSC04440.jpg'><img src=http:\/\/ski.inmontanis.info\/d\/304979-3\/DSC04440.jpg \/><\/a><br \/>\n^ Pano r\u00fcckseitig vom SL Hamarheisen<\/p>\n<p><a href='http:\/\/ski.inmontanis.info\/d\/304984-2\/DSC04441.jpg'><img src=http:\/\/ski.inmontanis.info\/d\/304983-3\/DSC04441.jpg \/><\/a><br \/>\n^ SL Hamarheisen und 4KSB Tindenheisen<\/p>\n<p><a href='http:\/\/ski.inmontanis.info\/d\/304988-2\/DSC04443.jpg'><img src=http:\/\/ski.inmontanis.info\/d\/304987-3\/DSC04443.jpg \/><\/a><br \/>\n^ Blick vom SL Hamar-Ausstieg zum SL Fjell und SL Totten 2<\/p>\n<p><a href='http:\/\/ski.inmontanis.info\/d\/304992-2\/DSC04444.jpg'><img src=http:\/\/ski.inmontanis.info\/d\/304991-3\/DSC04444.jpg \/><\/a><br \/>\n^ SL Hamarheisen<\/p>\n<p><a href='http:\/\/ski.inmontanis.info\/d\/304996-2\/DSC04445.jpg'><img src=http:\/\/ski.inmontanis.info\/d\/304995-3\/DSC04445.jpg \/><\/a><br \/>\n^ SL Hamar \/ Abfahrt 24. Sch\u00f6n fr\u00fchlingshaft\/sommerlich hier<\/p>\n<p><a href='http:\/\/ski.inmontanis.info\/d\/305000-2\/DSC04448.jpg'><img src=http:\/\/ski.inmontanis.info\/d\/304999-3\/DSC04448.jpg \/><\/a><br \/>\n^ Blick r\u00fcber zur Roni-4KSB links und der DSB rechts.<\/p>\n<p><a href='http:\/\/ski.inmontanis.info\/d\/305004-2\/DSC04450.jpg'><img src=http:\/\/ski.inmontanis.info\/d\/305003-3\/DSC04450.jpg \/><\/a><br \/>\n^ SL Fjellheisen und SL Hamarheisen, davor das gestrige Wasserski-Event<\/p>\n<p><a href='http:\/\/ski.inmontanis.info\/d\/305008-2\/DSC04453.jpg'><img src=http:\/\/ski.inmontanis.info\/d\/305007-3\/DSC04453.jpg \/><\/a><br \/>\n^ Die Abfahrt an der DSB ist zwar nur noch lt. App offiziell offen (hatte Sperrschild), hatte aber bis auf dieses eine kleine St\u00fcck noch genug Schnee. H\u00e4tte ich vor 13 Tagen nicht gedacht, dass die bis zuletzt durchh\u00e4lt.<\/p>\n<p><a href='http:\/\/ski.inmontanis.info\/d\/305012-2\/DSC04454.jpg'><img src=http:\/\/ski.inmontanis.info\/d\/305011-3\/DSC04454.jpg \/><\/a><br \/>\n^ Blick von der DSB r\u00fcber ins Hauptgebiet<\/p>\n<p><a href='http:\/\/ski.inmontanis.info\/d\/305016-2\/DSC04455.jpg'><img src=http:\/\/ski.inmontanis.info\/d\/305015-3\/DSC04455.jpg \/><\/a><br \/>\n^ Scheint gestern jemand die 8KSB abgelaufen zu sein und St\u00f6cke eingesammelt zu haben<\/p>\n<p><a href='http:\/\/ski.inmontanis.info\/d\/305020-2\/DSC04456.jpg'><img src=http:\/\/ski.inmontanis.info\/d\/305019-3\/DSC04456.jpg \/><\/a><br \/>\n^ \u00dcbungslifte im Tal, dar\u00fcber der wohl leider stillgelegte SL mit der 8KSB daneben; links die Abfahrt 7 im unteren Teil, dar\u00fcber die nicht offene Abfahrt 3, rechts die Abfahrt 6, die ich an den letzten Tagen wohl am h\u00e4ufigsten gefahren bin.<\/p>\n<p><a href='http:\/\/ski.inmontanis.info\/d\/305024-2\/DSC04458.jpg'><img src=http:\/\/ski.inmontanis.info\/d\/305023-3\/DSC04458.jpg \/><\/a><br \/>\n^ Mittlerweile etwas schneeloseres Panorama rechts der 4KSB Tindenheisen<\/p>\n<p><a href='http:\/\/ski.inmontanis.info\/d\/305028-2\/DSC04459.jpg'><img src=http:\/\/ski.inmontanis.info\/d\/305027-3\/DSC04459.jpg \/><\/a><br \/>\n^ Offpiste \/ nochmals zur Abfahrt 17<\/p>\n<p><a href='http:\/\/ski.inmontanis.info\/d\/305032-2\/DSC04461.jpg'><img src=http:\/\/ski.inmontanis.info\/d\/305031-3\/DSC04461.jpg \/><\/a><br \/>\n^ SL Totten 2<\/p>\n<p><a href='http:\/\/ski.inmontanis.info\/d\/305036-2\/DSC04462.jpg'><img src=http:\/\/ski.inmontanis.info\/d\/305035-3\/DSC04462.jpg \/><\/a><br \/>\n^ SL Totten 2<\/p>\n<p><a href='http:\/\/ski.inmontanis.info\/d\/305040-2\/DSC04463.jpg'><img src=http:\/\/ski.inmontanis.info\/d\/305039-3\/DSC04463.jpg \/><\/a><br \/>\n^ SL Totten 2 R\u00fcckseitenpano<\/p>\n<p><a href='http:\/\/ski.inmontanis.info\/d\/305044-2\/DSC04465.jpg'><img src=http:\/\/ski.inmontanis.info\/d\/305043-3\/DSC04465.jpg \/><\/a><br \/>\n^ SL Totten 2 R\u00fcckseitenpano<\/p>\n<p><a href='http:\/\/ski.inmontanis.info\/d\/305048-2\/DSC04466.jpg'><img src=http:\/\/ski.inmontanis.info\/d\/305047-3\/DSC04466.jpg \/><\/a><br \/>\n^ SL Totten 2 R\u00fcckseitenpano<\/p>\n<p><a href='http:\/\/ski.inmontanis.info\/d\/305052-2\/DSC04467.jpg'><img src=http:\/\/ski.inmontanis.info\/d\/305051-3\/DSC04467.jpg \/><\/a><br \/>\n^ SL Totten 2, letzter Skitag der Saison, 16:25 Uhr &#8211; es wird nochmals voll hier oben.<\/p>\n<p><a href='http:\/\/ski.inmontanis.info\/d\/305056-2\/DSC04469.jpg'><img src=http:\/\/ski.inmontanis.info\/d\/305055-3\/DSC04469.jpg \/><\/a><br \/>\n^ Ausstieg SL Totten 2 und in Bildmitte Bergstation 4KSB Tindenheisen<\/p>\n<p><a href='http:\/\/ski.inmontanis.info\/d\/305060-2\/DSC04470.jpg'><img src=http:\/\/ski.inmontanis.info\/d\/305059-3\/DSC04470.jpg \/><\/a><br \/>\n^ SL Totten 2<\/p>\n<p><a href='http:\/\/ski.inmontanis.info\/d\/305064-2\/DSC04473.jpg'><img src=http:\/\/ski.inmontanis.info\/d\/305063-3\/DSC04473.jpg \/><\/a><br \/>\n^ SL Totten 2<\/p>\n<p><a href='http:\/\/ski.inmontanis.info\/d\/305068-2\/DSC04474.jpg'><img src=http:\/\/ski.inmontanis.info\/d\/305067-3\/DSC04474.jpg \/><\/a><br \/>\n^ Nat\u00fcrlich zum Abschluss nochmals die Abfahrt 6 im oberen Teil, aber jetzt etwas angefroren. Ab der Querung mit Abfahrt 7 diese genommen, weil man dann besser zum Parkplatz kommt.<\/p>\n<p><a href='http:\/\/ski.inmontanis.info\/d\/305072-2\/ge20220501c.jpg'><img src=http:\/\/ski.inmontanis.info\/d\/305071-3\/ge20220501c.jpg \/><\/a><br \/>\n^ GPS-Tracks Hemsedal 2021\/2022. Oben links SL Totten 2, dann SL Fjell, SL Hamar, 4KSB Tinden. Ganz rechts 4KSB Roni, darunter die DSB.<\/p>\n<p>Rosa: Dezember 2021<br \/>\nT\u00fcrkis: 19.-22.4.2022 (vorheriger Bericht)<br \/>\nOrange: 23.-29.4.2022<br \/>\nGelb: 30.4.+1.5.2022 (die letzten beiden Tage)<\/p>\n<p>Nachmittags einen Teil der Bekleidung endlich auf Fr\u00fchjahr\/Sommerski umgestellt (war die letzte Woche echt nicht n\u00f6tig, die 2 davor schon eher), also d\u00fcnne Regenhose+Jacke und Halbschuhe rausgebuddelt und zumindest eine der beiden Skijacken und die Winterstiefelchen verr\u00e4umt.<\/p>\n<p>\u00dcbernachten w\u00e4re geplant an dem einen gro\u00dfen Rastplatz neben der stra\u00dfe s\u00fcdlich von Hemsedal, wo ich im Dezember schon paar Mal stand und wo damals das WC nicht offen war &#8211; nun, das ist es mittlerweile, aber .. bl\u00f6derweise standen da 5 LKWs verteilt rum (und ein 6. kam bald), so dass die zur Verf\u00fcgung stehenden Pl\u00e4tze sehr beschr\u00e4nkt waren (standen auch noch 2 Camper und 1-2 Wohnmobile rum). Und die LKW werden evtl. morgen fr\u00fch fr\u00fch losfahren, falls die den ganzen Sonntag hier schon rumstehen sollten. H\u00e4tt ich mal lieber das Pl\u00e4tzchen vor ca. 6km genommen, h\u00e4tte ich mir die R\u00fcckfahrt gespart :(<\/p>\n<p><a href='http:\/\/extra.inmontanis.info\/d\/75533-2\/DSC04475.jpg'><img src=http:\/\/extra.inmontanis.info\/d\/75532-3\/DSC04475.jpg \/><\/a><br \/>\n^ Stausee am Rastplatz<\/p>\n<p>Statistik zur Skistar-Saisonkarte:<\/p>\n<p>Schweden: 66 Skitage<br \/>\nNorwegen: 35 Skitage<br \/>\nInsg. 101 Skitage ( 395 Stunden = ca. 3,9 h \/ Tag), ca. 7,87 \u20ac pro Tag.<br \/>\nSaisonkarte optimal ausgenutzt ;)<\/p>\n<p>Hemsedal: 20x (93h)<br \/>\n\u00c5re (ohne Duved): 20x (86h)<br \/>\nTrysil: 15x (50h)<br \/>\nTand\u00e5dalen-Hundfj\u00e4llet: 12x (44h)<br \/>\nDuved-Tegefj\u00e4ll: 10x (43h)<br \/>\nBj\u00f6rnrike: 8,5x (22h)<br \/>\nKl\u00f6vsj\u00f6: 8x (28h)<br \/>\nLindvallen-H\u00f6gfj\u00e4llet: 4x (13h)<br \/>\nVemdalsskalet: 3,5x (13h)<\/p>\n<p>Ansonsten war ich diesen Winter bisher noch in (nur) 28 weiteren Skigebieten. Die 35 restlichen Skipass-Skitage kosteten ca. 32,40 \u20ac im Schnitt. Aber k\u00f6nnte ja sein, dass es die n\u00e4chsten Tage noch ein paar Restschneeskitouren gibt auf dem Weg nach S\u00fcden.<\/p>\n<p>Wie schon mal gesagt, die Saisonkarte hat gut in diese Saison gepasst, aber die n\u00e4chste Skandinavien-Wintersaison w\u00fcrde ich mir voraussichtlich einen anderen Saisonskipass kaufen, sofern es den dann noch gibt. In ein paar Jahren k\u00f6nnte aber auch die Skistar-Saisonkarte wieder eine Option sein. Bis dahin w\u00fcrde ich aber wohl maximal die Skigebiete \u00c5re-Duved-Tegefj\u00e4ll besuchen (und einen Wochenskipass zahlen wollen). So es die Welt, mich und Skigebiete noch gibt, man sich Skifahren noch leisten kann, ich nicht auf einen anderen Kontinent ausgewandert sein sollte etc. etc. <\/p>\n<p>Mein E-Mail an Skistar wurde auch beantwortet, und zwar hatten demnach die Leser am Hamar-SL keine Zug\u00e4nge mehr \u00fcbermittelt, weshalb diese in der Statistik fehlen. Hatte also nichts damit zu tu, dass der Hamar-SL die ganze Zeit in der App als &#8220;geschlossen&#8221; markiert war und deshalb aussortiert wurde. Ob die Zugriffe noch \u00fcbermittelt werden k\u00f6nnen, ist also fraglich. Die fehlen nun jedenfalls in der Statistik.<\/p>\n<p>Was das fehlen des &#8220;100% Are&#8221; Pins angeht, wurde das wie folgt beantwortet: An der 8KSB gab es fr\u00fcher Gondeln, die einen eigenen Einstieg hatten und das hatte somit als eigener Lift gez\u00e4hlt. Das wurde zwar anscheinend bei den anderen Pins mal korrigiert (weil die 4 &#8220;alle Lifte im Bereich X an einem Tag&#8221; (Duved\/Bj\u00f6rnen\/Lowzone\/Highzone) hab ich ja alle erhalten, und in Summe waren das alle Lifte), aber wohl nicht bei diesem hier. Was lt. Email nun korrigiert wurde, aber lt. Statistik \/ App dann doch wieder nicht, denn der Pin fehlt nach wie vor.<\/p>\n<p>Statistik lt. App\/Website, wobei da eben die vielen Hamar-SL-Fahrten an den letzten beiden Tagen fehlen: 423.702 hm, 2.004 Abfahrten<\/p>\n<p>W\u00fcrde ich mein Profil ver\u00f6ffentlichen, k\u00e4me ich dadurch unter den ver\u00f6ffentlichten Profilen<br \/>\n.. h\u00f6henmeterm\u00e4\u00dfig auf Platz 55 (Platz 1 hat 1.900.021 hm)<br \/>\n.. abfahrtsm\u00e4\u00dfig auf Platz 16 (Platz 1 hat 4.919 Abfahrten)<br \/>\n.. nach Anzahl Pins auf Platz 12 (Platz 1 hat 351)<\/p>\n<p>Meistgefahrene Lifte:<br \/>\nin S\u00e4len: 48x SL Parliften, 44x SL Solliften<br \/>\nin Vemdalen: 36x 6KSB Kl\u00f6vsj\u00f6 Express<br \/>\nin \u00c5re: 41x SL R\u00f6dkulle, 38x SL Fj\u00e4llvals, 35x 6KSB Duved<br \/>\nin Trysil: 28x SL Eventyr, 27x 6KSB Fjellexpressen<br \/>\nin Hemsedal: 109x SL Fjellreven, 104x SL Fjellheisen, 87x 8KSB<\/p>\n<p>16 Tage in S\u00e4len, 341 Abfahrten, 43\/53 Lifte. Nicht gefahren z.B.: 2 6er oder 8er KSB, die man mit SL umfahren konnte<br \/>\n30 Tage in \u00c5re, 558 Abfahrten, 37\/38 Lifte (weil man die EUB an der 8KSB ja nicht fahren konnte)<br \/>\n20 Tage in Vemdalen, 398 Abfahrten, 27\/29 Lifte. Nicht gefahren z.B. die 6KSB ohne Fu\u00dfraster<br \/>\n20 Tage in Hemsedal, 508 Abfahrten*, 10\/15 Lifte -> *egtl. 11\/15 und mehr Abfahrten, weil SL Hamar (noch?) nicht gez\u00e4hlt wurde<br \/>\n15 Tage in Trysil, 199 Abfahrten, 24\/26 Lifte (nicht gefahren: 2 \u00dcbungslifte)<\/p>\n<p>Was die Pins \/ Abzeichen angeht, hab ich mich ja erst in der langen Zeit in Are im M\u00e4rz damit befasst und fast alle hab ich also nur zuf\u00e4llig nebenbei erhalten &#8230;<\/p>\n<p><a href='http:\/\/extra.inmontanis.info\/d\/75537-2\/Auswahl_036.jpg'><img src=http:\/\/extra.inmontanis.info\/d\/75536-3\/Auswahl_036.jpg \/><\/a><\/p>\n<p><a href='http:\/\/extra.inmontanis.info\/d\/75541-2\/Auswahl_037.jpg'><img src=http:\/\/extra.inmontanis.info\/d\/75540-3\/Auswahl_037.jpg \/><\/a><\/p>\n<p><a href='http:\/\/extra.inmontanis.info\/d\/75545-2\/Auswahl_038.jpg'><img src=http:\/\/extra.inmontanis.info\/d\/75544-3\/Auswahl_038.jpg \/><\/a><\/p>\n<p><a href='http:\/\/extra.inmontanis.info\/d\/75549-2\/Auswahl_039.jpg'><img src=http:\/\/extra.inmontanis.info\/d\/75548-3\/Auswahl_039.jpg \/><\/a><\/p>\n<p><a href='http:\/\/extra.inmontanis.info\/d\/75553-2\/Auswahl_040.jpg'><img src=http:\/\/extra.inmontanis.info\/d\/75552-3\/Auswahl_040.jpg \/><\/a><\/p>\n<p><a href='http:\/\/extra.inmontanis.info\/d\/75557-2\/Auswahl_041.jpg'><img src=http:\/\/extra.inmontanis.info\/d\/75556-3\/Auswahl_041.jpg \/><\/a><\/p>\n<p><a href='http:\/\/extra.inmontanis.info\/d\/75561-2\/Auswahl_042.jpg'><img src=http:\/\/extra.inmontanis.info\/d\/75560-3\/Auswahl_042.jpg \/><\/a><\/p>\n<p><a href='http:\/\/extra.inmontanis.info\/d\/75565-2\/Auswahl_043.jpg'><img src=http:\/\/extra.inmontanis.info\/d\/75564-3\/Auswahl_043.jpg \/><\/a><br \/>\n^ Wie gesagt, Are Wow 100% eigentlich erreicht, weil der Gondelabschnitt der Kombibahn unten heuer nicht aktiv war<\/p>\n<p><a href='http:\/\/extra.inmontanis.info\/d\/75569-2\/Auswahl_044.jpg'><img src=http:\/\/extra.inmontanis.info\/d\/75568-3\/Auswahl_044.jpg \/><\/a><\/p>\n<p><a href='http:\/\/extra.inmontanis.info\/d\/75573-2\/Auswahl_045.jpg'><img src=http:\/\/extra.inmontanis.info\/d\/75572-3\/Auswahl_045.jpg \/><\/a><\/p>\n<p><a href='http:\/\/extra.inmontanis.info\/d\/75577-2\/Auswahl_046.jpg'><img src=http:\/\/extra.inmontanis.info\/d\/75576-3\/Auswahl_046.jpg \/><\/a><\/p>\n<p><a href='http:\/\/extra.inmontanis.info\/d\/75581-2\/Auswahl_047.jpg'><img src=http:\/\/extra.inmontanis.info\/d\/75580-3\/Auswahl_047.jpg \/><\/a><\/p>\n<p>\u00dcbrige Pins, nicht erhalten:<\/p>\n<p><a href='http:\/\/extra.inmontanis.info\/d\/75585-2\/Auswahl_048.jpg'><img src=http:\/\/extra.inmontanis.info\/d\/75584-3\/Auswahl_048.jpg \/><\/a><\/p>\n<p><img src=http:\/\/extra.inmontanis.info\/d\/75588-2\/Auswahl_049.jpg \/><br \/>\n^ Den Anker-Pin hier in Hemsedal m\u00fcsste ich wohl bekommen, wenn der Hamar-Leser funktioniert h\u00e4tte, da heuer nur SL Totten 2 und SL Hamar Ankerlifte waren und ich beide ja gefahren bin.<\/p>\n<p><img src=http:\/\/extra.inmontanis.info\/d\/75591-2\/Auswahl_050.jpg \/><\/p>\n<p><a href='http:\/\/extra.inmontanis.info\/d\/75595-2\/Auswahl_051.jpg'><img src=http:\/\/extra.inmontanis.info\/d\/75594-3\/Auswahl_051.jpg \/><\/a><br \/>\n^ Die Gondolen \/ EUB oben bin ich ja auch \u00f6fters gefahren, keine Ahnung, warum der fehlen soll.<\/p>\n<p><a href='http:\/\/extra.inmontanis.info\/d\/75599-2\/Auswahl_052.jpg'><img src=http:\/\/extra.inmontanis.info\/d\/75598-3\/Auswahl_052.jpg \/><\/a><\/p>\n<p><a href='http:\/\/extra.inmontanis.info\/d\/75603-2\/Auswahl_053.jpg'><img src=http:\/\/extra.inmontanis.info\/d\/75602-3\/Auswahl_053.jpg \/><\/a><br \/>\n^ wieso hab ich den End-of-Season-Pin heute nicht bekommen? Allerdings hab ich den und den Gondolen-Pin in der App zuvor glaub ich gar nicht entdeckt. Vielleicht sind die nicht mehr aktiv. Oder weil der Saisonpass ja noch bis 8.5. gilt ..<\/p>\n<p><a href='http:\/\/extra.inmontanis.info\/d\/75607-2\/Auswahl_054.jpg'><img src=http:\/\/extra.inmontanis.info\/d\/75606-3\/Auswahl_054.jpg \/><\/a><br \/>\n^ F\u00fcr die Kalorien-Pins m\u00fcsste man sein Gewicht\/Gr\u00f6\u00dfe oder so angeben. Interessiert mich nicht.<\/p>\n<p><a href='http:\/\/extra.inmontanis.info\/d\/75611-2\/Auswahl_055.jpg'><img src=http:\/\/extra.inmontanis.info\/d\/75610-3\/Auswahl_055.jpg \/><\/a><\/p>\n<p>Auf den Weg zur F\u00e4hre halte ich in den n\u00e4chsten Tagen noch in ein paar Skigebieten f\u00fcr Restschneeskitouren.<\/p>\n<p>&#8212;-<\/p>\n<p>Ach, ansonsten .. die hirnverbrannten Politiker nerven &#8230; Paar gute Links:<\/p>\n<p>&#8220;Der ehemalige Schweizer Geheimdienstoffizier und NATO-Berater Jacques Baud spricht \u00fcber die Wurzeln des Ukraine-Krieges und seine wachsenden Gefahren.&#8221; -><br \/>\n<a href='https:\/\/www.nachdenkseiten.de\/?p=83221'>https:\/\/www.nachdenkseiten.de\/?p=83221<\/a><br \/>\nAusz\u00fcge:<br \/>\n&#8220;Aber ich glaube, der Westen \u2013 besonders die Amerikaner und Briten \u2013 wollten nicht, dass es zu diesem Frieden kommt.&#8221;<br \/>\n&#8220;RAND ist eine dem Pentagon nahe Denkfabrik, und sie machten 2019 eine Studie, in der sie nach Wegen suchten, wie die USA Russland imperial \u00fcberdehnen und aus dem Gleichgewicht bringen k\u00f6nnten, und als Top-Option stellte sich heraus, Waffen in die Ukraine zu schicken und dort einen Konflikt zu entfachen, der Russland mit hineinziehen w\u00fcrde, also genau das Szenario, das jetzt eingetreten ist.&#8221;<br \/>\n&#8220;Und das, glaube ich, zeigt, was f\u00fcr eine unreife F\u00fchrungsschicht wir generell im Westen haben. &#8221; &#8220;Das ist es, was uns wirklich beunruhigen sollte, dass wir Leute haben, die ohne jede Grundlage Entscheidungen treffen, und das ist extrem gef\u00e4hrlich.&#8221;<\/p>\n<p>Wurden Giftgasanschl\u00e4ge vom UK inszeniert, um es RU unterzuschieben? (Artikel von 2021)<br \/>\n<a href='https:\/\/www.rubikon.news\/artikel\/der-vernichtungsfeldzug'>https:\/\/www.rubikon.news\/artikel\/der-vernichtungsfeldzug<\/a><\/p>\n<p><a href='https:\/\/www.nachdenkseiten.de\/?p=83432'>https:\/\/www.nachdenkseiten.de\/?p=83432<\/a> &#8211; &#8220;Putins Nuklearwarnung ist KEINE leere Drohung&#8221;<\/p>\n<p><a href='https:\/\/rtde.site\/international\/136981-ukrainischer-gouverneur-ruft-zu-hinrichtung\/'>https:\/\/rtde.site\/international\/136981-ukrainischer-gouverneur-ruft-zu-hinrichtung\/<\/a><\/p>\n<p><a href='https:\/\/uncutnews.ch\/covid-lockdown-etwas-ist-faul-im-staate-shanghai\/'>https:\/\/uncutnews.ch\/covid-lockdown-etwas-ist-faul-im-staate-shanghai\/<\/a><\/p>\n<p>Heute die Russen, morgen die nicht spurgetreuen Inl\u00e4nder und \u00fcbermorgen alle?<br \/>\n<a href='https:\/\/orf.at\/stories\/3262243\/'>https:\/\/orf.at\/stories\/3262243\/<\/a><\/p>\n<p><a href='https:\/\/www.anti-spiegel.ru\/2022\/wegen-der-ukraine-grossbritannien-droht-russland-mit-atomaren-vergeltungsschlag\/'>https:\/\/www.anti-spiegel.ru\/2022\/wegen-der-ukraine-grossbritannien-droht-russland-mit-atomaren-vergeltungsschlag\/<\/a><\/p>\n<p><a href='https:\/\/rtde.site\/inland\/137478-lafontaine-amerika-treibt-europa-in\/'>https:\/\/rtde.site\/inland\/137478-lafontaine-amerika-treibt-europa-in\/<\/a><\/p>\n<p>Ich versteh mittlerweile auch, warum die westliche Propaganda immer die falschen Ziele der russischen Strategie genannt hat &#8211; und nennt. So ist ja z.B. immer von einer Einverleibung der ganzen Ukraine die Rede oder gar danach folgende Einverleibungen von Polen o.\u00e4.. Beides war&#038;ist lt. \u00f6ffentlichen Reden von Putin ja nie das Ziel gewesen. Wenn aber jetzt Putin also genau seine gesetzten Ziele in der Ukraine erreichen sollte .. wird es &#8220;der Westen&#8221; nat\u00fcrlich gleicherma\u00dfen als Niederlage Russlands ausschlachten, eben weil Russland nicht die vom Westen behaupteten Ziele erreicht hat. Das ist nat\u00fcrlich unheimlich praktisch, weil, egal wie das endet, ob Putin seine Ziele erreicht oder nicht, im verlogenen Westen kann so Russland immer als der Verlierer bezeichnet werden.<\/p>\n<p>In diesem Sinne: \u0412\u043f\u0435\u0440\u0435\u0434, \u0420\u043e\u0441\u0441\u0438\u044f!<\/p>\n<p><object style=\"height: 500px; width: 900px\"><param name=\"movie\" value=\"http:\/\/www.youtube.com\/v\/r29k_T_o9To\"><\/param><param name=\"wmode\" value=\"transparent\"><\/param><embed src=\"http:\/\/www.youtube.com\/v\/r29k_T_o9To\" type=\"application\/x-shockwave-flash\" wmode=\"transparent\"  width=\"900\" height=\"480\"><\/embed><\/object><\/p>\n","protected":false},"excerpt":{"rendered":"<p>Sa, 23.4.2022<\/p>\n<p>Um 8:30 bekam ich leider keinen so sch\u00f6nen nahen Parkplatz mehr im schattigen Bereich. Weiter unten k\u00f6nnte man nat\u00fcrlich direkt am Schnee parken und am WE w\u00e4r das auch kein Problem, weil ich ja nicht stundenlang im Auto bleibe um zu arbeiten und somit nicht evtl. ein nahes WC gut w\u00e4re, aber da <a href=\"http:\/\/blog.inmontanis.info\/?p=7540\">[&#8230;]<\/a><\/p>\n","protected":false},"author":1,"featured_media":7543,"comment_status":"closed","ping_status":"closed","sticky":false,"template":"","format":"standard","meta":{"footnotes":""},"categories":[185,584,18,27],"tags":[49,48,78,45,47],"class_list":["post-7540","post","type-post","status-publish","format-standard","has-post-thumbnail","hentry","category-2021-08-skandinavien","category-hemsedal","category-norwegennorway","category-skifahren-winterskiing-winter","tag-4sb","tag-kssl","tag-restschnee","tag-see","tag-sl","odd"],"_links":{"self":[{"href":"http:\/\/blog.inmontanis.info\/index.php?rest_route=\/wp\/v2\/posts\/7540","targetHints":{"allow":["GET"]}}],"collection":[{"href":"http:\/\/blog.inmontanis.info\/index.php?rest_route=\/wp\/v2\/posts"}],"about":[{"href":"http:\/\/blog.inmontanis.info\/index.php?rest_route=\/wp\/v2\/types\/post"}],"author":[{"embeddable":true,"href":"http:\/\/blog.inmontanis.info\/index.php?rest_route=\/wp\/v2\/users\/1"}],"replies":[{"embeddable":true,"href":"http:\/\/blog.inmontanis.info\/index.php?rest_route=%2Fwp%2Fv2%2Fcomments&post=7540"}],"version-history":[{"count":5,"href":"http:\/\/blog.inmontanis.info\/index.php?rest_route=\/wp\/v2\/posts\/7540\/revisions"}],"predecessor-version":[{"id":7546,"href":"http:\/\/blog.inmontanis.info\/index.php?rest_route=\/wp\/v2\/posts\/7540\/revisions\/7546"}],"wp:featuredmedia":[{"embeddable":true,"href":"http:\/\/blog.inmontanis.info\/index.php?rest_route=\/wp\/v2\/media\/7543"}],"wp:attachment":[{"href":"http:\/\/blog.inmontanis.info\/index.php?rest_route=%2Fwp%2Fv2%2Fmedia&parent=7540"}],"wp:term":[{"taxonomy":"category","embeddable":true,"href":"http:\/\/blog.inmontanis.info\/index.php?rest_route=%2Fwp%2Fv2%2Fcategories&post=7540"},{"taxonomy":"post_tag","embeddable":true,"href":"http:\/\/blog.inmontanis.info\/index.php?rest_route=%2Fwp%2Fv2%2Ftags&post=7540"}],"curies":[{"name":"wp","href":"https:\/\/api.w.org\/{rel}","templated":true}]}}