{"id":7526,"date":"2022-04-18T17:35:19","date_gmt":"2022-04-18T15:35:19","guid":{"rendered":"http:\/\/blog.inmontanis.info\/?p=7526"},"modified":"2023-08-04T19:45:11","modified_gmt":"2023-08-04T17:45:11","slug":"sogn-17-18-4-2022-2km-kssl-und-die-wohl-schonste-abfahrt-skandinaviens","status":"publish","type":"post","link":"http:\/\/blog.inmontanis.info\/?p=7526","title":{"rendered":"Sogn, 17.+18.4.2022 &#8211; 2km KSSL und die wohl sch\u00f6nste Abfahrt Skandinaviens"},"content":{"rendered":"<p><strong>Ostersonntag, 17.4.2022<\/strong><\/p>\n<p><a href='http:\/\/extra.inmontanis.info\/d\/75437-2\/DSC04008.jpg'><img src=http:\/\/extra.inmontanis.info\/d\/75436-3\/DSC04008.jpg \/><\/a><br \/>\n^ F\u00e4hre Dragsvik-Hella<\/p>\n<p><a href='http:\/\/extra.inmontanis.info\/d\/75441-2\/DSC04011.jpg'><img src=http:\/\/extra.inmontanis.info\/d\/75440-3\/DSC04011.jpg \/><\/a><br \/>\n^ F\u00e4hre Dragsvik-Hella<\/p>\n<p><a href='http:\/\/extra.inmontanis.info\/d\/75445-2\/DSC04012.jpg'><img src=http:\/\/extra.inmontanis.info\/d\/75444-3\/DSC04012.jpg \/><\/a><br \/>\n^ F\u00e4hre Dragsvik-Hella<\/p>\n<p><a href='http:\/\/extra.inmontanis.info\/d\/75449-2\/DSC04017.jpg'><img src=http:\/\/extra.inmontanis.info\/d\/75448-3\/DSC04017.jpg \/><\/a><\/p>\n<p><a href='http:\/\/extra.inmontanis.info\/d\/75453-3\/DSC04021.jpg'><img src=http:\/\/extra.inmontanis.info\/d\/75452-4\/DSC04021.jpg \/><\/a><\/p>\n<p><a href='http:\/\/extra.inmontanis.info\/d\/75457-3\/DSC04022.jpg'><img src=http:\/\/extra.inmontanis.info\/d\/75456-4\/DSC04022.jpg \/><\/a><\/p>\n<p>Gegen 9:30 Uhr war ich am Skigebiet Sogn. Ich fragte beim Skiapsskauf nach, ob Helmpflicht w\u00e4re, da das Schild (&#8220;I Sogn Skisenter  brukar me hjelm&#8221;) ja nicht ganz klar f\u00fcr mich war (ist &#8220;brukar&#8221; nun eher &#8220;brauchen&#8221;=notwendig oder &#8220;gebrauchen&#8221;=verwenden), wurde mir aber zum Gl\u00fcck verneint, so konnte\/durfte ich hier also Ski fahren. <\/p>\n<p>Die Tageskarte kostete 410,- NOK, also etwas \u00fcber 41,- \u20ac, und der KSSL soll mit 2km einer der l\u00e4ngsten Lifte in Norwegen sein. Kurz nach 10 Uhr wurde der KSSL mit mir als erster Fahrer eingeschaltet und um kurz nach 16 Uhr der obere SL mit mir als letzten Fahrgast abgeschaltet. Kurze Pause f\u00fcr ein Hotdog mit dicker Wurst (45,-) und Waffel (35,-).<\/p>\n<p>Der Pistenplan \u00e4hnelt dem von vor ein paar Tagen besuchten Sunnm\u00f8rsalpane, aber hier sind die SL nicht so nervig gebaut. Nur vom oberen SL die rechten Au\u00dfenrumabfahrten, da muss man etwas schieben. Da die so geil und lang ist, st\u00f6rte mich das aber nicht weiter. Allerdings sah ich den oberen SL heute 3x stehen, 1x mit mir. Mal wieder das \u00fcbliche: Leute, die an der Bergstation nicht richtig aussteigen wollen oder k\u00f6nnen und deren B\u00fcgel dann die \u00dcberfahr-Rei\u00dfleine ziehen. Wie sich das anf\u00fchlt, wei\u00df ich mittlerweile: die Verz\u00f6gerung ist nicht so stark wie bei einem Notstopp, f\u00fchlt sich eher wie die Motorbremse im Auto an.<\/p>\n<p>In dem Gebiet hier muss der Liftler von der Talstation des SL (immerhin nicht von der KSSL-Talstation) mit seinem Schneemobil nach oben fahren, das in Ordnung bringen und wieder zur Talstation runter, um den Lift wieder einzuschalten. Und diese Schneemobile erzeugen massig stinkende Abgase, die man noch lange riecht, wenn die schon weit weg sind.<\/p>\n<p>Ansonsten aber ein sehr geiles Skigebiet, viele und abwechslungsreich trassierte Au\u00dfenrumabfahrten, nichts los, gerade dass ich all das fahren konnte, was ich wollte&#8230; da w\u00fcrd ich ja am liebsten morgen nochmal hier bleiben&#8230;<\/p>\n<p>Und &#8211; eh klar, wenn mir ein Skigebiet besonders gef\u00e4llt: Lt. Skiresort soll der KSSL heuer mit einer 4KSB ersetzt werden :( Na, vielleicht habens durch Corona &#038; Co nun kein Geld mehr *hoff*. Lt. einer Websuche bzw. einem Artikel von 2018 nach h\u00e4tte der Sessellift schon 2020 kommen sollen, eine gebrauchte 4KSB. Da hab ich also wohl eh Gl\u00fcck gehabt.<\/p>\n<p>Zwischen dem gestrigen Siplo und dem heutigen Sogn gibts noch ein weiteres SKigebiet nahe Sogndal, Hodlekve, das hat aber wesentlich teurere Skip\u00e4sse und zudem teures Parken (und evtl. sogar Helmpflicht). Parkgeb\u00fchren 26,-\/h (max. 100,-), TK 490,-. \u00d6h, n\u00f6, fahrt mal ohne mich.<\/p>\n<p>F\u00fcr morgen h\u00e4tte ich eigentlich Tyin-Filefjell vorgesehen, als letzten Stopp vor Hemsedal und mit ca. 50km Umweg anzufahren. Allerdings gefiel es mir heute in Sogn so gut, dass ich auch hier nochmals einen Tag bleiben k\u00f6nnte.. Es k\u00f6nnte aber sein, dass die rechte Au\u00dfenrumabfahrt nicht mehr pr\u00e4pariert wird, da sie unten schon ein paar schneearme Stellen hatte.<\/p>\n<p>Ein Vor- oder Nachteil an Tyin ist die H\u00f6he: genau \u00fcber dem heutigen Skigebiet. Das kann entweder besseren Schnee bedeuten, aber auch schlechteren (nachmittags bei der W\u00e4rme ist es unten weniger pappig, weil weniger Neuschnee, daf\u00fcr schon fr\u00fch firnig). Auch die Hangrichtung ist anders, n\u00e4mlich Nord\/Nordost statt (S\u00fcd) Ost + S\u00fcd wie hier. (Ab \u00fcbermorgen hat Tyin bis zum n\u00e4chsten WE geschlossen und das w\u00e4ren von Hemsedal dann 2&#215;70-75km Umweg, also kommt eher nur morgen oder dann heuer gar nicht in Frage.)<\/p>\n<p>Ach, es gibt auch einen 1500m langen KSSL in Tyin, das sind mal gute Nachrichten ;) Ist aber nicht der Hauptlift und hat nur 2 leichte Abfahrten. Und der Skipass ist mit 445,- NOK etwas teurer. (online 425,-)<\/p>\n<p>Ich bieb mal hier f\u00fcr die Nacht stehen (wie glaub schon mal irgendwann bei einem Sommerurlaub) und plan die 2h Fahrzeit nach Tyin ggf. f\u00fcr morgen Vormittag ein. Wobei ich es ja gern mal wieder etwas ruhiger h\u00e4tte. Ok, in Hemsedal steh ich dann eh ca. 2 Wochen, aber das ist schon recht stressig aktuell. <\/p>\n<p><strong>Ostermontag, 18.4.2022<\/strong><\/p>\n<p>Ich blieb also nochmals in Sogn und verschob Tyin auf entweder doch n\u00e4chstes WE f\u00fcr einen Tagesausflug oder eben auf ein anderes Jahr. Endlich mal etwas l\u00e4nger schlafen, auch wenn mich leider die kalten F\u00fc\u00dfe weckten. Ist nur immer schade, die Fu\u00dfheizung die ganze Nacht laufen zu lassen, wenn man sie erst nach vielleicht 5-6 Stunden br\u00e4uchte..<\/p>\n<p>H\u00e4tte ich gestern die 2-Tageskarte gekauft, h\u00e4tte ich nat\u00fcrlich etwas Geld gespart, aber konnte ja nicht wissen, dass es mir hier so gut gef\u00e4llt, auch wenn ich es gehofft hatte und urspr\u00fcnglich einen Puffertag genau deshalb einlegen wollte. Der Tag war heut noch<br \/>\nsonniger als gestern &#8211; wolkenlos den ganzen Tag. Da w\u00e4r nun erstmals dieses Jahr ein schattiger Parkplatz nett gewesen.<\/p>\n<p>Prinzipiell heut kaum off-piste gefahren, da die firnig-sulzigen Pisten besser gingen. Da mir die rechte Au\u00dfenrumabfahrt heute wieder so gut gefiel, hab ich sie zur wohl sch\u00f6nsten Abfahrt Skandinaviens erkoren.<\/p>\n<p>Die Fotos sind diesmal eher thematisch, nicht chronologisch sortiert, und von beiden Tagen. Der Schnee war teilweise etwas br\u00e4unlich, evtl. hat es der Saharasandstaub bis nach Norwegen geschafft.<\/p>\n<p><a href='http:\/\/ski.inmontanis.info\/d\/304364-2\/DSC04026.jpg'><img src=http:\/\/ski.inmontanis.info\/d\/304362-3\/DSC04026.jpg \/><\/a><br \/>\n^ KSSL und Hauptabfahrt 1 links vom Lift, sowie die Route 6 rechts vom SL. Die Au\u00dfenrumabfahrten links und rechts sind nicht wirklich zu sehen<\/p>\n<p><a href='http:\/\/ski.inmontanis.info\/d\/304368-2\/DSC04027.jpg'><img src=http:\/\/ski.inmontanis.info\/d\/304367-3\/DSC04027.jpg \/><\/a><br \/>\n^ Parkplatz und nicht zu sehen: wo die rechte Au\u00dfenrumabfahrt 10 zur\u00fcckf\u00fchrt und ob sie noch genug Schnee hat.<\/p>\n<p><a href='http:\/\/ski.inmontanis.info\/d\/304372-2\/DSC04081.jpg'><img src=http:\/\/ski.inmontanis.info\/d\/304371-3\/DSC04081.jpg \/><\/a><br \/>\n^ Die hier noch gestrichelt eingezeichnete rechte Au\u00dfenrumabfahrt (Nr. 10, Panorama) endet mittlerweile nicht mehr dort, sondern f\u00fchrt \u00fcber einen Skiweg unten zu den SL 2-3, wobei SL 3 weiter oben startet als 2 und wohl mind. doppelt so lang ist.<\/p>\n<p><a href='http:\/\/ski.inmontanis.info\/d\/304376-2\/DSC04114.jpg'><img src=http:\/\/ski.inmontanis.info\/d\/304375-3\/DSC04114.jpg \/><\/a><br \/>\n^ KSSL und Abfahrt 1, die im unteren Bereich einen Funpark hat<\/p>\n<p><a href='http:\/\/ski.inmontanis.info\/d\/304380-2\/DSC04068.jpg'><img src=http:\/\/ski.inmontanis.info\/d\/304379-3\/DSC04068.jpg \/><\/a><br \/>\n^ KSSL und SL Sogna<\/p>\n<p><a href='http:\/\/ski.inmontanis.info\/d\/304384-2\/DSC04108.jpg'><img src=http:\/\/ski.inmontanis.info\/d\/304383-3\/DSC04108.jpg \/><\/a><br \/>\n^ KSSL oberer Teil, links die Abfahrt 1<\/p>\n<p><a href='http:\/\/ski.inmontanis.info\/d\/304388-2\/DSC04097.jpg'><img src=http:\/\/ski.inmontanis.info\/d\/304387-3\/DSC04097.jpg \/><\/a><br \/>\n^ KSSL Bergstation<\/p>\n<p><a href='http:\/\/ski.inmontanis.info\/d\/304392-2\/DSC04070.jpg'><img src=http:\/\/ski.inmontanis.info\/d\/304391-3\/DSC04070.jpg \/><\/a><br \/>\n^ KSSL und dahinter SL Sogna in voller L\u00e4nge, l\u00e4nger als gedacht<\/p>\n<p><a href='http:\/\/ski.inmontanis.info\/d\/304396-2\/DSC04036.jpg'><img src=http:\/\/ski.inmontanis.info\/d\/304395-3\/DSC04036.jpg \/><\/a><br \/>\n^ SL Sogna und dahinter der KSSL<\/p>\n<p><a href='http:\/\/ski.inmontanis.info\/d\/304400-2\/DSC04038.jpg'><img src=http:\/\/ski.inmontanis.info\/d\/304399-3\/DSC04038.jpg \/><\/a><br \/>\n^ SL Sogna<\/p>\n<p><a href='http:\/\/ski.inmontanis.info\/d\/304404-2\/DSC04048.jpg'><img src=http:\/\/ski.inmontanis.info\/d\/304403-3\/DSC04048.jpg \/><\/a><br \/>\n^ Abzweig der rechten beiden Abfahrten 9+10 vom SL Sogna, man muss vom Ausstieg etwas schieben. Geradeaus verl\u00e4uft die rechte Au\u00dfenrumabfahrt 10<\/p>\n<p><a href='http:\/\/ski.inmontanis.info\/d\/304408-2\/DSC04049.jpg'><img src=http:\/\/ski.inmontanis.info\/d\/304407-3\/DSC04049.jpg \/><\/a><br \/>\n^ Rechte Au\u00dfenrumabfahrt 10 mit Fjordblick<\/p>\n<p><a href='http:\/\/ski.inmontanis.info\/d\/304412-2\/DSC04053.jpg'><img src=http:\/\/ski.inmontanis.info\/d\/304411-3\/DSC04053.jpg \/><\/a><br \/>\n^ Rechte Au\u00dfenrumabfahrt 10<\/p>\n<p><a href='http:\/\/ski.inmontanis.info\/d\/304416-2\/DSC04054.jpg'><img src=http:\/\/ski.inmontanis.info\/d\/304415-3\/DSC04054.jpg \/><\/a><br \/>\n^ Rechte Au\u00dfenrumabfahrt 10 .. ein St\u00fcck Weg<\/p>\n<p><a href='http:\/\/ski.inmontanis.info\/d\/304420-2\/DSC04139.jpg'><img src=http:\/\/ski.inmontanis.info\/d\/304419-3\/DSC04139.jpg \/><\/a><br \/>\n^ Rechte Au\u00dfenrumabfahrt 10 .. der obere Teil mit den Offpistem\u00f6glichkeiten im R\u00fcckblick<\/p>\n<p><a href='http:\/\/ski.inmontanis.info\/d\/304424-2\/DSC04056.jpg'><img src=http:\/\/ski.inmontanis.info\/d\/304423-3\/DSC04056.jpg \/><\/a><br \/>\n^ Rechte Au\u00dfenrumabfahrt 10 .. geht das hier als St\u00fcck Gratabfahrt durch?<\/p>\n<p><a href='http:\/\/ski.inmontanis.info\/d\/304428-2\/DSC04057.jpg'><img src=http:\/\/ski.inmontanis.info\/d\/304427-3\/DSC04057.jpg \/><\/a><br \/>\n^ Rechte Au\u00dfenrumabfahrt 10<\/p>\n<p><a href='http:\/\/ski.inmontanis.info\/d\/304432-2\/DSC04135.jpg'><img src=http:\/\/ski.inmontanis.info\/d\/304431-3\/DSC04135.jpg \/><\/a><br \/>\n^ Rechte Au\u00dfenrumabfahrt 10<\/p>\n<p><a href='http:\/\/ski.inmontanis.info\/d\/304436-2\/DSC04141.jpg'><img src=http:\/\/ski.inmontanis.info\/d\/304435-3\/DSC04141.jpg \/><\/a><br \/>\n^ Rechte Au\u00dfenrumabfahrt 10<\/p>\n<p><a href='http:\/\/ski.inmontanis.info\/d\/304440-2\/DSC04058.jpg'><img src=http:\/\/ski.inmontanis.info\/d\/304439-3\/DSC04058.jpg \/><\/a><br \/>\n^ Rechte Au\u00dfenrumabfahrt 10, ein kleines Wegst\u00fcck und es geht wieder sch\u00f6n weiter<\/p>\n<p><a href='http:\/\/ski.inmontanis.info\/d\/304444-2\/DSC04059.jpg'><img src=http:\/\/ski.inmontanis.info\/d\/304443-3\/DSC04059.jpg \/><\/a><br \/>\n^ Rechte Au\u00dfenrumabfahrt 10, macht hier noch einen Bogen in die Gegenrichtung<\/p>\n<p><a href='http:\/\/ski.inmontanis.info\/d\/304448-2\/DSC04168.jpg'><img src=http:\/\/ski.inmontanis.info\/d\/304447-3\/DSC04168.jpg \/><\/a><br \/>\n^ Rechte Au\u00dfenrumabfahrt 10, das kurze St\u00fcck in Gegenrichtung<\/p>\n<p><a href='http:\/\/ski.inmontanis.info\/d\/304452-2\/DSC04142.jpg'><img src=http:\/\/ski.inmontanis.info\/d\/304451-3\/DSC04142.jpg \/><\/a><br \/>\n^ Rechte Au\u00dfenrumabfahrt 10<\/p>\n<p><a href='http:\/\/ski.inmontanis.info\/d\/304456-2\/DSC04143.jpg'><img src=http:\/\/ski.inmontanis.info\/d\/304455-3\/DSC04143.jpg \/><\/a><br \/>\n^ Rechte Au\u00dfenrumabfahrt 10<\/p>\n<p><a href='http:\/\/ski.inmontanis.info\/d\/304460-2\/DSC04144.jpg'><img src=http:\/\/ski.inmontanis.info\/d\/304459-3\/DSC04144.jpg \/><\/a><br \/>\n^ Rechte Au\u00dfenrumabfahrt 10<\/p>\n<p><a href='http:\/\/ski.inmontanis.info\/d\/304464-2\/DSC04062.jpg'><img src=http:\/\/ski.inmontanis.info\/d\/304463-3\/DSC04062.jpg \/><\/a><br \/>\n^ Abfahrt 10, links vmtl. die alte Trasse, geradeaus der Skiweg, der nun zu den SL f\u00fchrt<\/p>\n<p><a href='http:\/\/ski.inmontanis.info\/d\/304468-2\/DSC04140.jpg'><img src=http:\/\/ski.inmontanis.info\/d\/304467-3\/DSC04140.jpg \/><\/a><br \/>\n^ Abfahrt 10, am Montag war hier die schmalste Stelle.<\/p>\n<p><a href='http:\/\/ski.inmontanis.info\/d\/304472-2\/DSC04171.jpg'><img src=http:\/\/ski.inmontanis.info\/d\/304471-3\/DSC04171.jpg \/><\/a><br \/>\n^ Am Montag nach 16 Uhr hatte der untere Teil der Abfahrt 10 mehrere schmale Stellen, aber man konnte noch durchgehend abfahren<\/p>\n<p><a href='http:\/\/ski.inmontanis.info\/d\/304476-2\/DSC04034.jpg'><img src=http:\/\/ski.inmontanis.info\/d\/304475-3\/DSC04034.jpg \/><\/a><br \/>\n^ Abfahrt 1, die direkte schwarze am KSSL<\/p>\n<p><a href='http:\/\/ski.inmontanis.info\/d\/304480-2\/DSC04112.jpg'><img src=http:\/\/ski.inmontanis.info\/d\/304479-3\/DSC04112.jpg \/><\/a><br \/>\n^ Abfahrt 1, die direkte schwarze am KSSL<\/p>\n<p><a href='http:\/\/ski.inmontanis.info\/d\/304484-2\/DSC04073.jpg'><img src=http:\/\/ski.inmontanis.info\/d\/304483-3\/DSC04073.jpg \/><\/a><br \/>\n^ Abfahrt 4 und die \u00dcbungslifte<\/p>\n<p><a href='http:\/\/ski.inmontanis.info\/d\/304488-2\/DSC04088.jpg'><img src=http:\/\/ski.inmontanis.info\/d\/304487-3\/DSC04088.jpg \/><\/a><br \/>\n^ \u00dcbungslifte 2+3 (Top Lift Sweden, sieht man auch in Norwegen h\u00e4ufiger)<\/p>\n<p><a href='http:\/\/ski.inmontanis.info\/d\/304492-2\/DSC04064.jpg'><img src=http:\/\/ski.inmontanis.info\/d\/304491-3\/DSC04064.jpg \/><\/a><br \/>\n^ Linke Au\u00dfenrumabfahrten, die rote 2 geradeaus und die blaue 3 zweigt rechts ab<\/p>\n<p><a href='http:\/\/ski.inmontanis.info\/d\/304496-2\/DSC04065.jpg'><img src=http:\/\/ski.inmontanis.info\/d\/304495-3\/DSC04065.jpg \/><\/a><br \/>\n^ Linke Au\u00dfenrumabfahrt 2, auch sch\u00f6n trassiert<\/p>\n<p><a href='http:\/\/ski.inmontanis.info\/d\/304500-2\/DSC04067.jpg'><img src=http:\/\/ski.inmontanis.info\/d\/304499-3\/DSC04067.jpg \/><\/a><br \/>\n^ Linke Au\u00dfenrumabfahrt 2<\/p>\n<p><a href='http:\/\/ski.inmontanis.info\/d\/304504-2\/DSC04074.jpg'><img src=http:\/\/ski.inmontanis.info\/d\/304503-3\/DSC04074.jpg \/><\/a><br \/>\n^ Ganz ohne Schieben kann man die blaue Au\u00dfenrumabfahrt 3 aber nicht fahren<\/p>\n<p><a href='http:\/\/ski.inmontanis.info\/d\/304508-2\/DSC04119.jpg'><img src=http:\/\/ski.inmontanis.info\/d\/304507-3\/DSC04119.jpg \/><\/a><br \/>\n^ Zwischen Abfahrt 2 und 3 gibts Offpistepotential und ebenfalls Fjordblick<\/p>\n<p><a href='http:\/\/ski.inmontanis.info\/d\/304512-2\/DSC04076.jpg'><img src=http:\/\/ski.inmontanis.info\/d\/304511-3\/DSC04076.jpg \/><\/a><br \/>\n^ Blaue linke Au\u00dfenrumabfahrt 3, quasi nur ein Skiweg, aber den Fjord (rechts oben) sieht man sch\u00f6ner<\/p>\n<p><a href='http:\/\/ski.inmontanis.info\/d\/304516-2\/DSC04041.jpg'><img src=http:\/\/ski.inmontanis.info\/d\/304515-3\/DSC04041.jpg \/><\/a><br \/>\n^ Abfahrt 7+8 am SL Sogna<\/p>\n<p><a href='http:\/\/ski.inmontanis.info\/d\/304520-2\/DSC04042.jpg'><img src=http:\/\/ski.inmontanis.info\/d\/304519-3\/DSC04042.jpg \/><\/a><br \/>\n^ Abfahrt 7 am SL Sogna<\/p>\n<p><a href='http:\/\/ski.inmontanis.info\/d\/304524-2\/DSC04071.jpg'><img src=http:\/\/ski.inmontanis.info\/d\/304523-3\/DSC04071.jpg \/><\/a><br \/>\n^ Etwas au\u00dfenrumf\u00fchrende Abfahrt 9 am SL Sogna<\/p>\n<p><a href='http:\/\/ski.inmontanis.info\/d\/304528-2\/DSC04082.jpg'><img src=http:\/\/ski.inmontanis.info\/d\/304527-3\/DSC04082.jpg \/><\/a><br \/>\n^ Offpiste am SL Sogna<\/p>\n<p><a href='http:\/\/ski.inmontanis.info\/d\/304532-2\/DSC04089.jpg'><img src=http:\/\/ski.inmontanis.info\/d\/304531-3\/DSC04089.jpg \/><\/a><br \/>\n^ Unpr\u00e4parierte Abfahrt 6 mit See und Blick zum Sogna-SL<\/p>\n<p><a href='http:\/\/ski.inmontanis.info\/d\/304536-2\/DSC04078.jpg'><img src=http:\/\/ski.inmontanis.info\/d\/304535-3\/DSC04078.jpg \/><\/a><br \/>\n^ Unpr\u00e4parierte Abfahrt 6<\/p>\n<p><a href='http:\/\/ski.inmontanis.info\/d\/304540-2\/DSC04092.jpg'><img src=http:\/\/ski.inmontanis.info\/d\/304539-3\/DSC04092.jpg \/><\/a><br \/>\n^ Unpr\u00e4parierte Abfahrt 6<\/p>\n<p><a href='http:\/\/ski.inmontanis.info\/d\/304544-2\/DSC04096.jpg'><img src=http:\/\/ski.inmontanis.info\/d\/304543-3\/DSC04096.jpg \/><\/a><br \/>\n^ Unpr\u00e4parierte Abfahrt 6<\/p>\n<p><a href='http:\/\/ski.inmontanis.info\/d\/304548-2\/DSC04094.jpg'><img src=http:\/\/ski.inmontanis.info\/d\/304547-3\/DSC04094.jpg \/><\/a><br \/>\n^ Unpr\u00e4parierte Abfahrt 6, w\u00fcrde links noch weiter runter gehen, aber steil und schmal bei dem tiefen Schnee &#8211; bin lieber rechts rausgequert<\/p>\n<p><a href='http:\/\/ski.inmontanis.info\/d\/304552-2\/DSC04102.jpg'><img src=http:\/\/ski.inmontanis.info\/d\/304551-3\/DSC04102.jpg \/><\/a><br \/>\n^ Offpiste im Bereich der rechten Au\u00dfenrumabfahrt 10<\/p>\n<p><a href='http:\/\/ski.inmontanis.info\/d\/304556-2\/DSC04103.jpg'><img src=http:\/\/ski.inmontanis.info\/d\/304555-3\/DSC04103.jpg \/><\/a><br \/>\n^ Offpiste im Bereich der rechten Au\u00dfenrumabfahrt 10<\/p>\n<p><a href='http:\/\/ski.inmontanis.info\/d\/304560-2\/DSC04105.jpg'><img src=http:\/\/ski.inmontanis.info\/d\/304559-3\/DSC04105.jpg \/><\/a><br \/>\n^ Offpiste im Bereich der rechten Au\u00dfenrumabfahrt 10<\/p>\n<p><a href='http:\/\/ski.inmontanis.info\/d\/304564-2\/DSC04117.jpg'><img src=http:\/\/ski.inmontanis.info\/d\/304563-3\/DSC04117.jpg \/><\/a><br \/>\n^ Wenn alle so fahren w\u00fcrden wie ich (rechte Spur, im Kontrast zu den tiefen Carvingspuren 2x links) w\u00e4ren die Pisten l\u00e4nger sch\u00f6n zu fahren &#8230;<\/p>\n<p><a href='http:\/\/ski.inmontanis.info\/d\/304568-2\/DSC04121.jpg'><img src=http:\/\/ski.inmontanis.info\/d\/304567-3\/DSC04121.jpg \/><\/a><br \/>\n^ Rotkreuzh\u00fctte \/ Abfahrt 8 am Sogna-SL, muss man raufschieben<\/p>\n<p><a href='http:\/\/ski.inmontanis.info\/d\/304572-2\/DSC04134.jpg'><img src=http:\/\/ski.inmontanis.info\/d\/304571-3\/DSC04134.jpg \/><\/a><br \/>\n^ Offpiste im Bereich der rechten Au\u00dfenrumabfahrt 10<\/p>\n<p><a href='http:\/\/ski.inmontanis.info\/d\/304576-2\/DSC04133.jpg'><img src=http:\/\/ski.inmontanis.info\/d\/304575-3\/DSC04133.jpg \/><\/a><br \/>\n^ Offpiste im Bereich der rechten Au\u00dfenrumabfahrt 10, wobei man selbige auch sieht, recht nah sogar<\/p>\n<p><a href='http:\/\/ski.inmontanis.info\/d\/304580-2\/DSC04146.jpg'><img src=http:\/\/ski.inmontanis.info\/d\/304579-3\/DSC04146.jpg \/><\/a><br \/>\n^ Offpiste links vom KSSL (links im Bild)<\/p>\n<p><a href='http:\/\/ski.inmontanis.info\/d\/304584-2\/DSC04148.jpg'><img src=http:\/\/ski.inmontanis.info\/d\/304583-3\/DSC04148.jpg \/><\/a><br \/>\n^ Wenn der SL Banktrekket nicht f\u00e4hrt, kann man auch die Trasse runterfahren. Und da es gerade so gut ging, fahr ich sie jetzt ein 2. Mal<\/p>\n<p><a href='http:\/\/ski.inmontanis.info\/d\/304588-2\/DSC04149.jpg'><img src=http:\/\/ski.inmontanis.info\/d\/304587-3\/DSC04149.jpg \/><\/a><br \/>\n^ Meine beiden Spuren am geschlossen SL Banktrekket<\/p>\n<p><a href='http:\/\/ski.inmontanis.info\/d\/304592-2\/DSC04150.jpg'><img src=http:\/\/ski.inmontanis.info\/d\/304591-3\/DSC04150.jpg \/><\/a><br \/>\n^ Talstation KSSL, am Montag um 15:34 hatte ich die l\u00e4ngste Wartezeit der beiden Tage<\/p>\n<p><a href='http:\/\/ski.inmontanis.info\/d\/304596-2\/DSC04151.jpg'><img src=http:\/\/ski.inmontanis.info\/d\/304595-3\/DSC04151.jpg \/><\/a><br \/>\n^ Abfahrt 7 vorne am SL Sogna-SL, hinten das Schiebest\u00fcck der Abfahrt 8, zu der auch ein Abzweig hier runter geht (nicht gefahren)<\/p>\n<p><a href='http:\/\/ski.inmontanis.info\/d\/304600-2\/DSC04160.jpg'><img src=http:\/\/ski.inmontanis.info\/d\/304599-3\/DSC04160.jpg \/><\/a><br \/>\n^ SL Sogna<\/p>\n<p><a href='http:\/\/ski.inmontanis.info\/d\/304604-2\/DSC04162.jpg'><img src=http:\/\/ski.inmontanis.info\/d\/304603-3\/DSC04162.jpg \/><\/a><br \/>\n^ SL Sogna, bin zum Schluss noch den kleinen H\u00fcgel aufgestiegen..<\/p>\n<p><a href='http:\/\/ski.inmontanis.info\/d\/304608-2\/DSC04165.jpg'><img src=http:\/\/ski.inmontanis.info\/d\/304607-3\/DSC04165.jpg \/><\/a><br \/>\n^ .. von hier hat man auch mehrmals Fjord-Pano, hier 2x<\/p>\n<p><a href='http:\/\/ski.inmontanis.info\/d\/304612-2\/DSC04158.jpg'><img src=http:\/\/ski.inmontanis.info\/d\/304611-3\/DSC04158.jpg \/><\/a><br \/>\n^ .. hier ein anders Fjord-St\u00fcck<\/p>\n<p><a href='http:\/\/ski.inmontanis.info\/d\/304616-2\/DSC04164.jpg'><img src=http:\/\/ski.inmontanis.info\/d\/304615-3\/DSC04164.jpg \/><\/a><br \/>\n^ Und dort noch 2x einen anderen Teil vom Fjord. Rechts SL Sogna<\/p>\n<p><a href='http:\/\/ski.inmontanis.info\/d\/304620-2\/ge20220418f.jpg'><img src=http:\/\/ski.inmontanis.info\/d\/304619-3\/ge20220418f.jpg \/><\/a><br \/>\n^ GPS-Track 17.+18.4.2022<\/p>\n<p>Gegen 13:30 wollte ich mir im Kafe Chicken Nuggets und Pommes kaufen, aber da waren soviel in der warteschlange, dass es l\u00e4nger dauern w\u00fcrde, meinte er. Sp\u00e4ter sah ich, dass er wohl jede einzelne Pommesportion einzeln in der Friteuse zubereitete.. <\/p>\n<p>Ich nahm stattdessen eine Art Focaccia mit Ei, Bacon, Salat\/Gurke\/Tomate, irgendeiner Mayo und ich tat sp\u00e4ter noch Ketchup drauf. Wurde etwas warm gemacht, aber nicht zu warm und war mit 99 NOK etwas teurer als 6 Nuggets mit Pommes. Danach noch eine Waffel um die bekannten 35 gekauft und diesmal nicht nur Marmelade, sondern auch Sahne vom Kaffeebereich draufgetan. Schmeckt einfach besser so.<\/p>\n<p>Ziel war, dass ich mir heut Abend nichts kochen m\u00fcsste, denn ich h\u00e4tte nur Nudeln mit Pesto machen k\u00f6nnen, wollte das Pestoglas aber nicht aufmachen, da ich noch nicht entschieden hab, ob ich in Hemsedal kochen w\u00fcrde, wenn ich wieder wie in \u00c5re eigentlich frei stehen, aber nicht rumfahren will, somit strom sparen sollte. Allerdings scheints lt. Skistar-App in Hemsedal keinen g\u00fcnstigen Snack\/Hotdog-Kiosk wie in Are zu geben und die anderen Restaurants verlangen alle mind. 15-20 \u20ac f\u00fcr Essensgerichte, was ich nicht bereit bin, auszugeben. Und g\u00fcnstige Fertiggerichte gibts in Norwegen ja auch nicht, die gek\u00fchlten Kosten auch um die 5-8 \u20ac. TK-Pizza ist teils g\u00fcnstiger.<\/p>\n<p>(Eine \u00dcberblickskarte der Skigebiete \/ aktuelle Fahrstrecke gibts dann im n\u00e4chsten Bericht.)<\/p>\n<p>&#8212;<br \/>\nMal wieder ein paar Linktipps zu den aktuellen &#8220;C&#8221; und &#8220;U&#8221; -Themen&#8230;<\/p>\n<p><a href='https:\/\/tkp.at\/2022\/04\/19\/in-italien-erstes-europaeisches-sozialkreditsystem-kommt\/'>https:\/\/tkp.at\/2022\/04\/19\/in-italien-erstes-europaeisches-sozialkreditsystem-kommt\/<\/a><\/p>\n<p><a href='https:\/\/multipolar-magazin.de\/artikel\/der-kampf-gegen-den-drachen'>https:\/\/multipolar-magazin.de\/artikel\/der-kampf-gegen-den-drachen<\/a><\/p>\n<p><a href='https:\/\/www.anti-spiegel.ru\/2022\/angebliche-experten-luegen-und-rassenhass-in-der-zdf-sendung-markus-lanz\/'>https:\/\/www.anti-spiegel.ru\/2022\/angebliche-experten-luegen-und-rassenhass-in-der-zdf-sendung-markus-lanz\/<\/a><\/p>\n<p><a href='https:\/\/tkp.at\/2022\/04\/19\/neue-studie-in-the-lancet-bestaetigt-leichte-erhoehte-sterblichkeit-bei-mrna-impfung\/'>https:\/\/tkp.at\/2022\/04\/19\/neue-studie-in-the-lancet-bestaetigt-leichte-erhoehte-sterblichkeit-bei-mrna-impfung\/<\/a><\/p>\n<p><a href='https:\/\/www.anti-spiegel.ru\/2022\/selensky-berater-die-nationale-idee-der-ukraine-ist-es-sich-selbst-und-andere-so-weit-wie-moeglich-zu-beluegen\/'>https:\/\/www.anti-spiegel.ru\/2022\/selensky-berater-die-nationale-idee-der-ukraine-ist-es-sich-selbst-und-andere-so-weit-wie-moeglich-zu-beluegen\/<\/a><\/p>\n<p><a href='https:\/\/www.nachdenkseiten.de\/?p=83093'>https:\/\/www.nachdenkseiten.de\/?p=83093<\/a><\/p>\n<p><a href='https:\/\/rtde.site\/europa\/136672-selenski-kaempfer-fuer-freiheit-und-demokratie-aber-nur-am-tegernsee\/'>https:\/\/rtde.site\/europa\/136672-selenski-kaempfer-fuer-freiheit-und-demokratie-aber-nur-am-tegernsee\/<\/a><\/p>\n<p><a href='https:\/\/rtde.site\/meinung\/136541-putin-will-ukraine-gewaltsam-an\/'>https:\/\/rtde.site\/meinung\/136541-putin-will-ukraine-gewaltsam-an\/<\/a><\/p>\n<p><a href='https:\/\/norberthaering.de\/geldsystem\/dollar-rubel-yuan\/'>https:\/\/norberthaering.de\/geldsystem\/dollar-rubel-yuan\/<\/a><\/p>\n<p><a href='https:\/\/www.anti-spiegel.ru\/2022\/warum-ist-mariupol-dem-westen-so-wichtig\/'>https:\/\/www.anti-spiegel.ru\/2022\/warum-ist-mariupol-dem-westen-so-wichtig\/<\/a><\/p>\n<p><a href='https:\/\/www.anti-spiegel.ru\/2022\/trotz-titelbild-mit-nazi-symbolen-die-welt-bestreitet-dass-asow-ein-neonazi-bataillon-ist\/'>https:\/\/www.anti-spiegel.ru\/2022\/trotz-titelbild-mit-nazi-symbolen-die-welt-bestreitet-dass-asow-ein-neonazi-bataillon-ist\/<\/a><\/p>\n<p>&#8230;.<\/p>\n","protected":false},"excerpt":{"rendered":"<p>Ostersonntag, 17.4.2022<\/p>\n<p> ^ F\u00e4hre Dragsvik-Hella<\/p>\n<p> ^ F\u00e4hre Dragsvik-Hella<\/p>\n<p> ^ F\u00e4hre Dragsvik-Hella<\/p>\n<\/p>\n<\/p>\n<p>Gegen 9:30 Uhr war ich am Skigebiet Sogn. Ich fragte beim Skiapsskauf nach, ob Helmpflicht w\u00e4re, da das Schild (&#8220;I Sogn Skisenter brukar me hjelm&#8221;) ja nicht ganz klar f\u00fcr mich war (ist &#8220;brukar&#8221; nun eher &#8220;brauchen&#8221;=notwendig oder <a href=\"http:\/\/blog.inmontanis.info\/?p=7526\">[&#8230;]<\/a><\/p>\n","protected":false},"author":1,"featured_media":7530,"comment_status":"closed","ping_status":"closed","sticky":false,"template":"","format":"standard","meta":{"footnotes":""},"categories":[185,18,27,577],"tags":[48,37,78,45,47],"class_list":["post-7526","post","type-post","status-publish","format-standard","has-post-thumbnail","hentry","category-2021-08-skandinavien","category-norwegennorway","category-skifahren-winterskiing-winter","category-sogn","tag-kssl","tag-meer","tag-restschnee","tag-see","tag-sl","odd"],"_links":{"self":[{"href":"http:\/\/blog.inmontanis.info\/index.php?rest_route=\/wp\/v2\/posts\/7526","targetHints":{"allow":["GET"]}}],"collection":[{"href":"http:\/\/blog.inmontanis.info\/index.php?rest_route=\/wp\/v2\/posts"}],"about":[{"href":"http:\/\/blog.inmontanis.info\/index.php?rest_route=\/wp\/v2\/types\/post"}],"author":[{"embeddable":true,"href":"http:\/\/blog.inmontanis.info\/index.php?rest_route=\/wp\/v2\/users\/1"}],"replies":[{"embeddable":true,"href":"http:\/\/blog.inmontanis.info\/index.php?rest_route=%2Fwp%2Fv2%2Fcomments&post=7526"}],"version-history":[{"count":6,"href":"http:\/\/blog.inmontanis.info\/index.php?rest_route=\/wp\/v2\/posts\/7526\/revisions"}],"predecessor-version":[{"id":7533,"href":"http:\/\/blog.inmontanis.info\/index.php?rest_route=\/wp\/v2\/posts\/7526\/revisions\/7533"}],"wp:featuredmedia":[{"embeddable":true,"href":"http:\/\/blog.inmontanis.info\/index.php?rest_route=\/wp\/v2\/media\/7530"}],"wp:attachment":[{"href":"http:\/\/blog.inmontanis.info\/index.php?rest_route=%2Fwp%2Fv2%2Fmedia&parent=7526"}],"wp:term":[{"taxonomy":"category","embeddable":true,"href":"http:\/\/blog.inmontanis.info\/index.php?rest_route=%2Fwp%2Fv2%2Fcategories&post=7526"},{"taxonomy":"post_tag","embeddable":true,"href":"http:\/\/blog.inmontanis.info\/index.php?rest_route=%2Fwp%2Fv2%2Ftags&post=7526"}],"curies":[{"name":"wp","href":"https:\/\/api.w.org\/{rel}","templated":true}]}}