{"id":7512,"date":"2022-04-14T18:43:54","date_gmt":"2022-04-14T16:43:54","guid":{"rendered":"http:\/\/blog.inmontanis.info\/?p=7512"},"modified":"2023-08-04T19:41:54","modified_gmt":"2023-08-04T17:41:54","slug":"stryn-vinterski-14-4-2022-nordlichter","status":"publish","type":"post","link":"http:\/\/blog.inmontanis.info\/?p=7512","title":{"rendered":"Stryn Vinterski, 14.4.2022 (+ Nordlichter)"},"content":{"rendered":"<p><strong>Gr\u00fcndonnerstag, 14.4.2022<\/strong><\/p>\n<p>H\u00e4tte ja gern etwas Geld ausgegeben in dem Ort, wo ich \u00fcbernachtet hab und die WCs benutzt hab, aber es scheint wirklich ziemlich feiertagig zu sein hier in Norwgen am Gr\u00fcndonnerstag. Superm\u00e4rkte zu und die Tankstelle hatte keine fertigen Bacon-Hotdogs und auch keine Waffeln oder anderes brauchbares (frisches) Zeug und getankt hatte ich leider etwas teurer gestern in Stranda&#8230;<\/p>\n<p>Am Parkplatz in Stryn Vinterski angekommen, recht chaotisch, teils 3-spurig angefangen zu parken, ein Parkplatzeinweiser, der das Chaos zu vereiteln versuchte und mir laufend davon ging anstatt mich 1. einzuweisen und 2. die Parkplatzgeb\u00fchren zu verlangen. Soll ich jetzt einfach stehenbleiben? Oder nochmal raus und wieder reinfahren? Das nervt schon wieder ohne Ende. Kurz vor+unterhalb des Parkplatzes, an einer unger\u00e4umten Stra\u00dfenbzweigung, stand bereits ein roter Van und daneben waren noch 2 Pl\u00e4tze, wo man sich wohl gratis hinstellen k\u00f6nnte &#8230; gedacht, getan und somit die 60,- NOK gespart. Sp\u00e4ter war der kostenpflichtige Parkplatz eh voll und die Leute parkten noch viel weiter die Stra\u00dfe hinunter.<\/p>\n<p>Kurios: Trotz des vollen Parkplatzes sah ich lange Zeit niemand mit dem Lift fahren. Sp\u00e4ter gab es zwar mal dann und wann etwas Wartezeiten, aber die Mehrzahl der Parkg\u00e4ste d\u00fcrfte nicht zu den Alpinskifahrern geh\u00f6ren. Die Tageskarte kostete 380,- NOK und auch der war schnell gekauft. <\/p>\n<p>Leider gab es hier wieder viele F\u00e4lle von &#8220;betreutem Denken&#8221;, unglaublich. Da gehen Keycards nicht, wie \u00fcblich versuchen die, die schon durchgegangen sind, mit ihren Keycards (die jetzt nat\u00fcrlich gesperrt sind) ihre Nachfolger zu helfen, was fehlschl\u00e4gt. Anstatt einfach abzuschnallen und dr\u00fcber zu steigen oder nebendran vorbei zu fahren (wie man es in Schweden machen w\u00fcrde ;) ) wird ewig lang probiert und die, die dahinter stehen, schauen h\u00fchnerdumm zu und gehen nicht einfach durch den zweiten, freien Zutrittsleser. Als der Bereich zwischen Drehkreuz und Lift komplett frei war und der letzte den Lift bestieg, wurde es mir zu bl\u00f6d und ich fuhr an den anderen wartenden vorbei, durch das freie Drehkreuz und zum Lift. Boah&#8230;<\/p>\n<p>Auch weitere Male kam es vor, dass mehrere B\u00fcgel hintereinander leer fuhren, obwohl es eine Warteschlange gegeben h\u00e4tte. Weil die Leute nicht richtig einsteigen k\u00f6nnen, vor dem Einstieg auf andere warten, den vorhergehenden zuschauen und dann verschlafen etc. etc. Derweil der mittlerweile arbeitslose Parkplatzeinweiser vor dem Einstieg versucht, die einzelnen Leute zum paarweisen Einstieg zu \u00fcberreden. Nix da. Schon gar nicht mit so einem Riesen, dem ich im Stehen einen Blasen k\u00f6nnte. (Um das Gr\u00f6\u00dfenverh\u00e4ltnis anschaulich zu beschreiben.)<\/p>\n<p><a href='http:\/\/extra.inmontanis.info\/d\/75353-2\/DSC03673.jpg'><img src=http:\/\/extra.inmontanis.info\/d\/75352-3\/DSC03673.jpg \/><\/a><br \/>\n^ <\/p>\n<p><a href='http:\/\/extra.inmontanis.info\/d\/75357-2\/DSC03674.jpg'><img src=http:\/\/extra.inmontanis.info\/d\/75356-3\/DSC03674.jpg \/><\/a><br \/>\n^ <\/p>\n<p><a href='http:\/\/extra.inmontanis.info\/d\/75361-2\/DSC03678.jpg'><img src=http:\/\/extra.inmontanis.info\/d\/75360-3\/DSC03678.jpg \/><\/a><br \/>\n^ Fjord \/ Stryn<\/p>\n<p><a href='http:\/\/ski.inmontanis.info\/d\/303975-2\/DSC03681.jpg'><img src=http:\/\/ski.inmontanis.info\/d\/303974-3\/DSC03681.jpg \/><\/a><br \/>\n^ Pistenplan, die Perspektive t\u00e4uscht ..<\/p>\n<p><a href='http:\/\/ski.inmontanis.info\/d\/303979-2\/DSC03685.jpg'><img src=http:\/\/ski.inmontanis.info\/d\/303978-3\/DSC03685.jpg \/><\/a><br \/>\n^ .. denn der obere SL ist l\u00e4nger als der untere. Leider nur mit Schieben zu erreichen.<\/p>\n<p><a href='http:\/\/ski.inmontanis.info\/d\/303983-2\/DSC03686.jpg'><img src=http:\/\/ski.inmontanis.info\/d\/303982-3\/DSC03686.jpg \/><\/a><br \/>\n^ Bergstation 2. Sektion<\/p>\n<p><a href='http:\/\/ski.inmontanis.info\/d\/303987-2\/DSC03690.jpg'><img src=http:\/\/ski.inmontanis.info\/d\/303986-3\/DSC03690.jpg \/><\/a><br \/>\n^ Abfahrt Sektion 2, weniger wie im Plan<\/p>\n<p><a href='http:\/\/ski.inmontanis.info\/d\/303991-2\/DSC03691.jpg'><img src=http:\/\/ski.inmontanis.info\/d\/303990-3\/DSC03691.jpg \/><\/a><br \/>\n^ Abfahrt Sektion 2 mit Fjordblick<\/p>\n<p><a href='http:\/\/ski.inmontanis.info\/d\/303995-2\/DSC04415.jpg'><img src=http:\/\/ski.inmontanis.info\/d\/303994-3\/DSC04415.jpg \/><\/a><br \/>\n^ Sektion 2 und Fjord in IR<\/p>\n<p><a href='http:\/\/ski.inmontanis.info\/d\/303999-2\/DSC03693.jpg'><img src=http:\/\/ski.inmontanis.info\/d\/303998-3\/DSC03693.jpg \/><\/a><br \/>\n^ SL Sektion 2<\/p>\n<p><a href='http:\/\/ski.inmontanis.info\/d\/304003-2\/DSC03697.jpg'><img src=http:\/\/ski.inmontanis.info\/d\/304002-3\/DSC03697.jpg \/><\/a><br \/>\n^ Linke Abfahrten am unteren SL (mittig und rechts im Bild), hier oben sind die H\u00fctten klein, weiter unten dann gr\u00f6\u00dfer (und mit Stra\u00dfenanschluss). Viele der Parklpatzben\u00fctzer gehen nur mit ihren Langlaufski zu den H\u00fctten, ohne die Lifte zu verwenden.<\/p>\n<p><a href='http:\/\/ski.inmontanis.info\/d\/304007-2\/DSC03699.jpg'><img src=http:\/\/ski.inmontanis.info\/d\/304006-3\/DSC03699.jpg \/><\/a><br \/>\n^ Linke Abfahrt Sektion 1 mit Fjordblick<\/p>\n<p><a href='http:\/\/ski.inmontanis.info\/d\/304011-2\/DSC03700.jpg'><img src=http:\/\/ski.inmontanis.info\/d\/304010-3\/DSC03700.jpg \/><\/a><br \/>\n^ \u00dcbungslift<\/p>\n<p><a href='http:\/\/ski.inmontanis.info\/d\/304015-2\/DSC03703.jpg'><img src=http:\/\/ski.inmontanis.info\/d\/304014-3\/DSC03703.jpg \/><\/a><br \/>\n^ Hauptabfahrt Sektion 1 mit Fjordblick<\/p>\n<p><a href='http:\/\/ski.inmontanis.info\/d\/304019-2\/DSC04417.jpg'><img src=http:\/\/ski.inmontanis.info\/d\/304018-3\/DSC04417.jpg \/><\/a><br \/>\n^ Sektion 1 und Fjord in IR<\/p>\n<p><a href='http:\/\/ski.inmontanis.info\/d\/304023-2\/DSC03705.jpg'><img src=http:\/\/ski.inmontanis.info\/d\/304022-3\/DSC03705.jpg \/><\/a><br \/>\n^ Parkplatz, mittlerweile voll, es wird an der Stra\u00dfe geparkt.<\/p>\n<p><a href='http:\/\/ski.inmontanis.info\/d\/304027-2\/DSC03706.jpg'><img src=http:\/\/ski.inmontanis.info\/d\/304026-3\/DSC03706.jpg \/><\/a><br \/>\n^ Linke Abfahrt Sektion 1 und die kleinen H\u00fctten<\/p>\n<p><a href='http:\/\/ski.inmontanis.info\/d\/304031-2\/DSC03714.jpg'><img src=http:\/\/ski.inmontanis.info\/d\/304030-3\/DSC03714.jpg \/><\/a><br \/>\n^ SL Sektion 2<\/p>\n<p><a href='http:\/\/ski.inmontanis.info\/d\/304035-2\/DSC03715.jpg'><img src=http:\/\/ski.inmontanis.info\/d\/304034-3\/DSC03715.jpg \/><\/a><br \/>\n^ Offpiste Sektion 2<\/p>\n<p><a href='http:\/\/ski.inmontanis.info\/d\/304039-2\/DSC03716.jpg'><img src=http:\/\/ski.inmontanis.info\/d\/304038-3\/DSC03716.jpg \/><\/a><br \/>\n^ Offpiste Sektion 2<\/p>\n<p><a href='http:\/\/ski.inmontanis.info\/d\/304043-2\/DSC03720.jpg'><img src=http:\/\/ski.inmontanis.info\/d\/304042-3\/DSC03720.jpg \/><\/a><br \/>\n^ SL Sektion 2<\/p>\n<p><img src=http:\/\/ski.inmontanis.info\/d\/304046-2\/DSC03730.jpg \/><br \/>\n^ Kuriose, umst\u00e4ndliche Fenster\u00f6ffnung &#8211; und wenn der Schnee vom Dach rutscht, landet er im Haus :)<\/p>\n<p><a href='http:\/\/ski.inmontanis.info\/d\/304050-2\/DSC03731.jpg'><img src=http:\/\/ski.inmontanis.info\/d\/304049-3\/DSC03731.jpg \/><\/a><br \/>\n^ SL Sektion 2 und Fjord<\/p>\n<p><a href='http:\/\/ski.inmontanis.info\/d\/304054-2\/DSC03734.jpg'><img src=http:\/\/ski.inmontanis.info\/d\/304053-3\/DSC03734.jpg \/><\/a><br \/>\n^ SL Sektion 2 und Seillift<\/p>\n<p><a href='http:\/\/ski.inmontanis.info\/d\/304058-2\/DSC04422.jpg'><img src=http:\/\/ski.inmontanis.info\/d\/304057-3\/DSC04422.jpg \/><\/a><br \/>\n^ Sektion 1 und Fjord in IR<\/p>\n<p><a href='http:\/\/ski.inmontanis.info\/d\/304062-2\/ge20220414a.jpg'><img src=http:\/\/ski.inmontanis.info\/d\/304061-3\/ge20220414a.jpg \/><\/a><br \/>\n^ GPS-Track 14.4.2022<\/p>\n<p>Trotz des tollen Wetters und des Fjordblicks konnte mich das Skigbiet leider nicht so wirklich \u00fcberzeugen. W\u00e4r vielleicht anders gewesen, wenn die Offpistevarianten oben einen sch\u00f6neren Schnee gehabt h\u00e4tten. Nur, was hat das f\u00fcr Auswirkungen auf die n\u00e4chsten Tage? Die in Frage kommenden Skigebiete d\u00fcrften alle ein St\u00fcck langweiliger sein. Breimsbygda hat den KSSL nicht mehr und somit evtl. nur eine einzige pr\u00e4parierte Abfahrt am Hauptlift (und ob der restliche Offpisteteil gut geht, darf bezweifelt werden), ausgerechnet an dem Gebiet k\u00e4m ich aber wegm\u00e4\u00dfig direkt vorbei. Au\u00dfer ich w\u00fcrde ganz anders fahren, hier von Stryn \u00fcber die Berge auf die andere Seite des Gebirgskamms, wo ich mir mal das Lemonsj\u00f8en-Skigebiet anschauen wollte. Da ist eine andere Unbekannte: die ganz rechte Au\u00dfenrumabfahrt, die mir die wichtigste w\u00e4re und deren Name (lt. neuerem Pistenplan) im Schneebericht komplett fehlt und zudem w\u00e4re der Umweg noch etwas weiter als \u00fcber Siplo &#8230;<\/p>\n<p>.. also blieb ich doch erst mal bei der normalen Route, schau ich mir morgen fr\u00fch Breimsbygda beim Vorbeifahren mal an und fahr ggf. nach J\u00f8lster weiter. Parkplatz am Fjord mit sch\u00f6nem Pano genommen und zuf\u00e4llig heute Abend gr\u00f6\u00dfere Nordlichtaktivit\u00e4t (daher soweit s\u00fcdlich) und noch dazu klarer Himmel gehabt. Einzig was fehlte: Dunkelheit. Um 23:30 Uhr noch immer zu hell f\u00fcrs blo\u00dfe Auge. F\u00fcr die Kamera dagegen schon seit 22h brauchbare Bilder.<\/p>\n<p><a href='http:\/\/extra.inmontanis.info\/d\/75365-2\/DSC03738.jpg'><img src=http:\/\/extra.inmontanis.info\/d\/75364-3\/DSC03738.jpg \/><\/a><br \/>\n^ Stryn und Fjord<\/p>\n<p><a href='http:\/\/extra.inmontanis.info\/d\/75369-2\/DSC03743.jpg'><img src=http:\/\/extra.inmontanis.info\/d\/75368-3\/DSC03743.jpg \/><\/a><br \/>\n^ <\/p>\n<p><a href='http:\/\/extra.inmontanis.info\/d\/75373-2\/DSC03745.jpg'><img src=http:\/\/extra.inmontanis.info\/d\/75372-3\/DSC03745.jpg \/><\/a><br \/>\n^ 22:18 Uhr<\/p>\n<p><a href='http:\/\/extra.inmontanis.info\/d\/75337-2\/DSC03757.jpg'><img src=http:\/\/extra.inmontanis.info\/d\/75336-3\/DSC03757.jpg \/><\/a><br \/>\n^ 22:33 Uhr &#8211; mit normalen Auge nicht erkennbar, aber im Camdisplay schon: Nordlichter!<\/p>\n<p><a href='http:\/\/extra.inmontanis.info\/d\/75341-2\/DSC03767.jpg'><img src=http:\/\/extra.inmontanis.info\/d\/75340-3\/DSC03767.jpg \/><\/a><br \/>\n^ 22:57 Uhr (1sec)<\/p>\n<p><a href='http:\/\/extra.inmontanis.info\/d\/75345-2\/DSC03772.jpg'><img src=http:\/\/extra.inmontanis.info\/d\/75344-3\/DSC03772.jpg \/><\/a><br \/>\n^ 22:59 Uhr (1sec)<\/p>\n<p><a href='http:\/\/extra.inmontanis.info\/d\/75349-2\/DSC03793.jpg'><img src=http:\/\/extra.inmontanis.info\/d\/75348-3\/DSC03793.jpg \/><\/a><br \/>\n^ 23:49 Uhr (1sec) &#8211; leider nach wie vor zu hell, der Himmel. (Vielleicht auch der Mond irgendwo)<\/p>\n<p>&#8212;<\/p>\n<p>Unglaublich: In \u00d6sterreich wurde die Maskenpflicht bis 8. Juli verl\u00e4ngert. Die haben doch einen kompletten Schlag.<\/p>\n<p>Wie gewohnt arrogant die Ukrainer: &#8220;Ukraine dr\u00e4ngt Deutschland zu mehr Waffenlieferungen&#8221; &#8221; Es gehe um die Lieferung von schweren Waffen wie Panzer und ein \u00d6lembargo.&#8221; (orf.at liveticker)<\/p>\n<p>Die Gr\u00fcnen sind auch nicht mehr die Frieden liebende Partei, die sie mal waren: &#8220;Der deutsche Vizekanzler Robert Habeck dringt auf eine Ausweitung der Waffenlieferungen in die Ukraine. \u201eEs m\u00fcssen mehr Waffen kommen\u201c, sagt der Gr\u00fcnen-Politiker &#8221;  (orf.at liveticker) &#8211; und darunter: &#8220;Eine Brutalisierung des Krieges bedeute jedoch auch, dass man in Quantit\u00e4t und Qualit\u00e4t der Waffenlieferungen zulegen m\u00fcsse. &#8221; -> ist die Kausalit\u00e4t nicht umgekehrt??<\/p>\n<p>Auch lesenswert:<br \/>\n<a href='https:\/\/www.anderweltonline.com\/klartext\/klartext-20221\/ukraine-fuer-die-nato-wird-es-explosiv\/'>https:\/\/www.anderweltonline.com\/klartext\/klartext-20221\/ukraine-fuer-die-nato-wird-es-explosiv\/<\/a><\/p>\n<p><a href='https:\/\/www.nachdenkseiten.de\/?p=82900'>https:\/\/www.nachdenkseiten.de\/?p=82900<\/a><\/p>\n<p><a href='https:\/\/journalistenwatch.com\/2022\/04\/15\/globale-enteignungswelle\/'>https:\/\/journalistenwatch.com\/2022\/04\/15\/globale-enteignungswelle\/<\/a><\/p>\n","protected":false},"excerpt":{"rendered":"<p>Gr\u00fcndonnerstag, 14.4.2022<\/p>\n<p>H\u00e4tte ja gern etwas Geld ausgegeben in dem Ort, wo ich \u00fcbernachtet hab und die WCs benutzt hab, aber es scheint wirklich ziemlich feiertagig zu sein hier in Norwgen am Gr\u00fcndonnerstag. Superm\u00e4rkte zu und die Tankstelle hatte keine fertigen Bacon-Hotdogs und auch keine Waffeln oder anderes brauchbares (frisches) Zeug und getankt hatte ich <a href=\"http:\/\/blog.inmontanis.info\/?p=7512\">[&#8230;]<\/a><\/p>\n","protected":false},"author":1,"featured_media":7515,"comment_status":"closed","ping_status":"closed","sticky":false,"template":"","format":"standard","meta":{"footnotes":""},"categories":[185,18,27,574],"tags":[90,100,96,45,47],"class_list":["post-7512","post","type-post","status-publish","format-standard","has-post-thumbnail","hentry","category-2021-08-skandinavien","category-norwegennorway","category-skifahren-winterskiing-winter","category-stryn","tag-infrarot","tag-langzeitbelichtung","tag-polarlicht","tag-see","tag-sl","odd"],"_links":{"self":[{"href":"http:\/\/blog.inmontanis.info\/index.php?rest_route=\/wp\/v2\/posts\/7512","targetHints":{"allow":["GET"]}}],"collection":[{"href":"http:\/\/blog.inmontanis.info\/index.php?rest_route=\/wp\/v2\/posts"}],"about":[{"href":"http:\/\/blog.inmontanis.info\/index.php?rest_route=\/wp\/v2\/types\/post"}],"author":[{"embeddable":true,"href":"http:\/\/blog.inmontanis.info\/index.php?rest_route=\/wp\/v2\/users\/1"}],"replies":[{"embeddable":true,"href":"http:\/\/blog.inmontanis.info\/index.php?rest_route=%2Fwp%2Fv2%2Fcomments&post=7512"}],"version-history":[{"count":2,"href":"http:\/\/blog.inmontanis.info\/index.php?rest_route=\/wp\/v2\/posts\/7512\/revisions"}],"predecessor-version":[{"id":7514,"href":"http:\/\/blog.inmontanis.info\/index.php?rest_route=\/wp\/v2\/posts\/7512\/revisions\/7514"}],"wp:featuredmedia":[{"embeddable":true,"href":"http:\/\/blog.inmontanis.info\/index.php?rest_route=\/wp\/v2\/media\/7515"}],"wp:attachment":[{"href":"http:\/\/blog.inmontanis.info\/index.php?rest_route=%2Fwp%2Fv2%2Fmedia&parent=7512"}],"wp:term":[{"taxonomy":"category","embeddable":true,"href":"http:\/\/blog.inmontanis.info\/index.php?rest_route=%2Fwp%2Fv2%2Fcategories&post=7512"},{"taxonomy":"post_tag","embeddable":true,"href":"http:\/\/blog.inmontanis.info\/index.php?rest_route=%2Fwp%2Fv2%2Ftags&post=7512"}],"curies":[{"name":"wp","href":"https:\/\/api.w.org\/{rel}","templated":true}]}}