{"id":7505,"date":"2022-04-12T20:08:16","date_gmt":"2022-04-12T18:08:16","guid":{"rendered":"http:\/\/blog.inmontanis.info\/?p=7505"},"modified":"2023-08-04T19:38:46","modified_gmt":"2023-08-04T17:38:46","slug":"tusten-12-4-2022","status":"publish","type":"post","link":"http:\/\/blog.inmontanis.info\/?p=7505","title":{"rendered":"Tusten, 12.4.2022"},"content":{"rendered":"<p><strong>Di, 12.4.2022<\/strong><\/p>\n<p>Tusten hat eines der besten Fjordpanos norwegischer Skigebiete, daher stand es schon lange auf meiner Wunschliste. Ich fuhr noch zu einem Rastplatz mit WC kurz vor dem Skigebiet und weil ich doch etwas zu fr\u00fch dort war, kaufte ich noch die Tageskarte online, weil die statt 440,- NOK online nur 380,- NOK kostet. Danach &#8211; wie generell diese Woche (nur) &#8211; 1,5h gearbeitet und zum Skigebiet gefahren.<\/p>\n<p><a href='http:\/\/extra.inmontanis.info\/d\/75237-2\/DSC03411.jpg'><img src=http:\/\/extra.inmontanis.info\/d\/75236-3\/DSC03411.jpg \/><\/a><br \/>\n^ 64 \/ Atlantikstra\u00dfe<\/p>\n<p><a href='http:\/\/extra.inmontanis.info\/d\/75241-2\/DSC03418.jpg'><img src=http:\/\/extra.inmontanis.info\/d\/75240-3\/DSC03418.jpg \/><\/a><br \/>\n^ In die Rinne da einen Kurvenlift rauf .. w\u00e4r nett ..<\/p>\n<p>Der viele Neuschnee war halbwegs ok, teilweise gut, an einigen, eher wenigen Stellen, aber auch sehr pappig. Obwohl es den ganzen Tag sonnig war, gab es \u00fcber dem Fjord leider keinen brauchbar blauen Himmel f\u00fcr blaues Wasser. Und 6h SL-Fahren, zumeist offpiste und nachmittags noch mit dem tiefen Pappschnee, strengt schon an. Das Skigebiet erinnerte mich heut etwas an das am Vansee in der T\u00fcrkei.<\/p>\n<p><a href='http:\/\/ski.inmontanis.info\/d\/303705-2\/DSC03422.jpg'><img src=http:\/\/ski.inmontanis.info\/d\/303703-3\/DSC03422.jpg \/><\/a><br \/>\n^ Talstation Tusten \/ Sektion 1 \/ \u00dcbungslifte<\/p>\n<p><a href='http:\/\/ski.inmontanis.info\/d\/303709-2\/DSC03425.jpg'><img src=http:\/\/ski.inmontanis.info\/d\/303708-3\/DSC03425.jpg \/><\/a><br \/>\n^ Pistenplan<\/p>\n<p><a href='http:\/\/ski.inmontanis.info\/d\/303713-2\/DSC03426.jpg'><img src=http:\/\/ski.inmontanis.info\/d\/303712-3\/DSC03426.jpg \/><\/a><br \/>\n^ Talstationen Sektion 2<\/p>\n<p><a href='http:\/\/ski.inmontanis.info\/d\/303717-2\/DSC03427.jpg'><img src=http:\/\/ski.inmontanis.info\/d\/303716-3\/DSC03427.jpg \/><\/a><br \/>\n^ Sektion 2. Linke Abfahrt pr\u00e4pariert, rechte nicht und bald sehr pappig, die unangenehmste Abfahrt heute.<\/p>\n<p><a href='http:\/\/ski.inmontanis.info\/d\/303721-2\/DSC03429.jpg'><img src=http:\/\/ski.inmontanis.info\/d\/303720-3\/DSC03429.jpg \/><\/a><br \/>\n^ Bergstation SL Sektion 2. Der Bullifahrer hatte wohl Dienst an der SL-Bergstation, falls mal wieder einer nicht richtig aussteigen kann&#8230;<\/p>\n<p><a href='http:\/\/ski.inmontanis.info\/d\/303725-2\/DSC03431.jpg'><img src=http:\/\/ski.inmontanis.info\/d\/303724-3\/DSC03431.jpg \/><\/a><br \/>\n^ SL und Fjord<\/p>\n<p><a href='http:\/\/ski.inmontanis.info\/d\/303729-2\/DSC03435.jpg'><img src=http:\/\/ski.inmontanis.info\/d\/303728-3\/DSC03435.jpg \/><\/a><br \/>\n^ Abfahrt von der Bergstation pr\u00e4pariert<\/p>\n<p><a href='http:\/\/ski.inmontanis.info\/d\/303733-2\/DSC03436.jpg'><img src=http:\/\/ski.inmontanis.info\/d\/303732-3\/DSC03436.jpg \/><\/a><br \/>\n^ Abfahrt 5 von der Bergstation bzw. neben dran gefahren<\/p>\n<p><a href='http:\/\/ski.inmontanis.info\/d\/303737-2\/DSC03438.jpg'><img src=http:\/\/ski.inmontanis.info\/d\/303736-3\/DSC03438.jpg \/><\/a><br \/>\n^ Querende Abfahrt 6<\/p>\n<p><a href='http:\/\/ski.inmontanis.info\/d\/303741-2\/DSC04380.jpg'><img src=http:\/\/ski.inmontanis.info\/d\/303740-3\/DSC04380.jpg \/><\/a><br \/>\n^ IR-Pano SL Sektion 2, wobei der k\u00fcrzere ja hier endet<\/p>\n<p><a href='http:\/\/ski.inmontanis.info\/d\/303745-2\/DSC03444.jpg'><img src=http:\/\/ski.inmontanis.info\/d\/303744-3\/DSC03444.jpg \/><\/a><br \/>\n^ Die pappige Abfahrt rechts von der 2. Sektion im unteren Teil<\/p>\n<p><a href='http:\/\/ski.inmontanis.info\/d\/303749-2\/DSC03448.jpg'><img src=http:\/\/ski.inmontanis.info\/d\/303748-3\/DSC03448.jpg \/><\/a><br \/>\n^ Fjord-Pano und linkes Offpistegel\u00e4nde<\/p>\n<p><a href='http:\/\/ski.inmontanis.info\/d\/303753-2\/DSC04383.jpg'><img src=http:\/\/ski.inmontanis.info\/d\/303752-3\/DSC04383.jpg \/><\/a><br \/>\n^ Fjord &#038; IR und F\u00e4hre Molde-Vestnes, die ich danach noch fahren musste.<\/p>\n<p><a href='http:\/\/ski.inmontanis.info\/d\/303757-2\/DSC03452.jpg'><img src=http:\/\/ski.inmontanis.info\/d\/303756-3\/DSC03452.jpg \/><\/a><br \/>\n^ Abfahrt 11, wurde wohl nie pr\u00e4pariert heuer<\/p>\n<p><a href='http:\/\/ski.inmontanis.info\/d\/303761-2\/DSC03465.jpg'><img src=http:\/\/ski.inmontanis.info\/d\/303760-3\/DSC03465.jpg \/><\/a><br \/>\n^ Schneesch\u00fcssel Offpistegel\u00e4nde rechts<\/p>\n<p><a href='http:\/\/ski.inmontanis.info\/d\/303765-2\/DSC03464.jpg'><img src=http:\/\/ski.inmontanis.info\/d\/303764-3\/DSC03464.jpg \/><\/a><br \/>\n^ Offpiste rechts; da war man schon ziemlich weit rechts drau\u00dfen, h\u00e4tte nicht gedacht, dass man da ohne Schieben \/ Bergauf wieder zur\u00fcck ins Skigebiet kommt..<\/p>\n<p><a href='http:\/\/ski.inmontanis.info\/d\/303769-2\/DSC03467.jpg'><img src=http:\/\/ski.inmontanis.info\/d\/303768-3\/DSC03467.jpg \/><\/a><br \/>\n^ .. aber mittels eines schwierig zu fahrenden Weges ging es tats\u00e4chlich<\/p>\n<p><a href='http:\/\/ski.inmontanis.info\/d\/303773-2\/DSC03470.jpg'><img src=http:\/\/ski.inmontanis.info\/d\/303772-3\/DSC03470.jpg \/><\/a><br \/>\n^ Abfahrt 8, war auch zu vergessen pappig, aber eh irgendwie nur ein steilerer Weg<\/p>\n<p><a href='http:\/\/ski.inmontanis.info\/d\/303777-2\/DSC03473.jpg'><img src=http:\/\/ski.inmontanis.info\/d\/303776-3\/DSC03473.jpg \/><\/a><br \/>\n^ SL und Fjord<\/p>\n<p><a href='http:\/\/ski.inmontanis.info\/d\/303781-2\/DSC03479.jpg'><img src=http:\/\/ski.inmontanis.info\/d\/303780-3\/DSC03479.jpg \/><\/a><br \/>\n^ SL Sektion 2 oberer Teil<\/p>\n<p><a href='http:\/\/ski.inmontanis.info\/d\/303785-2\/DSC03480.jpg'><img src=http:\/\/ski.inmontanis.info\/d\/303784-3\/DSC03480.jpg \/><\/a><br \/>\n^ Zur Antennenstation f\u00fchrt auch eine Stra\u00dfe. Scheint aber recht schmal.<\/p>\n<p><a href='http:\/\/ski.inmontanis.info\/d\/303789-2\/DSC03483.jpg'><img src=http:\/\/ski.inmontanis.info\/d\/303788-3\/DSC03483.jpg \/><\/a><br \/>\n^ Offpistegel\u00e4nde links<\/p>\n<p><a href='http:\/\/ski.inmontanis.info\/d\/303793-2\/DSC03484.jpg'><img src=http:\/\/ski.inmontanis.info\/d\/303792-3\/DSC03484.jpg \/><\/a><br \/>\n^ Offpistegel\u00e4nde links<\/p>\n<p><a href='http:\/\/ski.inmontanis.info\/d\/303797-2\/DSC03486.jpg'><img src=http:\/\/ski.inmontanis.info\/d\/303796-3\/DSC03486.jpg \/><\/a><br \/>\n^ Offpistegel\u00e4nde links<\/p>\n<p><a href='http:\/\/ski.inmontanis.info\/d\/303801-2\/DSC04385.jpg'><img src=http:\/\/ski.inmontanis.info\/d\/303800-3\/DSC04385.jpg \/><\/a><br \/>\n^ IR-Bild zum Fjord<\/p>\n<p><a href='http:\/\/ski.inmontanis.info\/d\/303805-2\/DSC03491.jpg'><img src=http:\/\/ski.inmontanis.info\/d\/303804-3\/DSC03491.jpg \/><\/a><br \/>\n^ SL Bergstation und Sendeanlage, von hier aus kommt man ins rechte Offpistegel\u00e4nde<\/p>\n<p><a href='http:\/\/ski.inmontanis.info\/d\/303809-2\/DSC03493.jpg'><img src=http:\/\/ski.inmontanis.info\/d\/303808-3\/DSC03493.jpg \/><\/a><br \/>\n^ Offpistegel\u00e4nde rechts<\/p>\n<p><a href='http:\/\/ski.inmontanis.info\/d\/303813-2\/DSC03496.jpg'><img src=http:\/\/ski.inmontanis.info\/d\/303812-3\/DSC03496.jpg \/><\/a><br \/>\n^ Offpistegel\u00e4nde rechts<\/p>\n<p><a href='http:\/\/ski.inmontanis.info\/d\/303817-2\/DSC03499.jpg'><img src=http:\/\/ski.inmontanis.info\/d\/303816-3\/DSC03499.jpg \/><\/a><br \/>\n^ Offpistegel\u00e4nde links<\/p>\n<p><a href='http:\/\/ski.inmontanis.info\/d\/303821-2\/DSC03501.jpg'><img src=http:\/\/ski.inmontanis.info\/d\/303820-3\/DSC03501.jpg \/><\/a><br \/>\n^ Offpistegel\u00e4nde links<\/p>\n<p><a href='http:\/\/ski.inmontanis.info\/d\/303825-2\/DSC03503.jpg'><img src=http:\/\/ski.inmontanis.info\/d\/303824-3\/DSC03503.jpg \/><\/a><br \/>\n^ R\u00fcckseitenpano vom Offpistegel\u00e4nde links<\/p>\n<p><a href='http:\/\/ski.inmontanis.info\/d\/303829-2\/DSC04386.jpg'><img src=http:\/\/ski.inmontanis.info\/d\/303828-3\/DSC04386.jpg \/><\/a><br \/>\n^ IR-Bild zum Fjord; rechts vor dem Fjord der Flughafen<\/p>\n<p><a href='http:\/\/ski.inmontanis.info\/d\/303833-2\/DSC03507.jpg'><img src=http:\/\/ski.inmontanis.info\/d\/303832-3\/DSC03507.jpg \/><\/a><br \/>\n^ Offpistegel\u00e4nde links<\/p>\n<p><a href='http:\/\/ski.inmontanis.info\/d\/303837-2\/DSC03509.jpg'><img src=http:\/\/ski.inmontanis.info\/d\/303836-3\/DSC03509.jpg \/><\/a><br \/>\n^ Offpistegel\u00e4nde links<\/p>\n<p><a href='http:\/\/ski.inmontanis.info\/d\/303841-2\/DSC03510.jpg'><img src=http:\/\/ski.inmontanis.info\/d\/303840-3\/DSC03510.jpg \/><\/a><br \/>\n^ Vom linken Offpistegel\u00e4nde f\u00fchrt &#8211; wie \u00f6fters in Skandinavien &#8211; irgendwann ein Weg zur\u00fcck zu den Liften<\/p>\n<p><a href='http:\/\/ski.inmontanis.info\/d\/303845-2\/DSC03514.jpg'><img src=http:\/\/ski.inmontanis.info\/d\/303844-3\/DSC03514.jpg \/><\/a><br \/>\n^ Die Abfahrt 3 hier im oberen Teil bin ich erst nach 14:30 gefahren<\/p>\n<p><a href='http:\/\/ski.inmontanis.info\/d\/303849-2\/DSC03515.jpg'><img src=http:\/\/ski.inmontanis.info\/d\/303848-3\/DSC03515.jpg \/><\/a><br \/>\n^ Abfahrt 5 von der Bergstation<\/p>\n<p><a href='http:\/\/ski.inmontanis.info\/d\/303853-2\/DSC04391.jpg'><img src=http:\/\/ski.inmontanis.info\/d\/303852-3\/DSC04391.jpg \/><\/a><br \/>\n^ .. und als IR-Bild<\/p>\n<p><a href='http:\/\/ski.inmontanis.info\/d\/303857-2\/DSC03517.jpg'><img src=http:\/\/ski.inmontanis.info\/d\/303856-3\/DSC03517.jpg \/><\/a><br \/>\n^ Die Variante rechts vom SL h\u00e4tte ich mir um 15.30 sparen sollen, war unten sehr anstrengend nasser Tiefschnee<\/p>\n<p><a href='http:\/\/ski.inmontanis.info\/d\/303861-2\/DSC03519.jpg'><img src=http:\/\/ski.inmontanis.info\/d\/303860-3\/DSC03519.jpg \/><\/a><br \/>\n^ R\u00fcckbringerweg vom rechten Offpistegel\u00e4nde, hier die schmalste Stelle<\/p>\n<p><a href='http:\/\/ski.inmontanis.info\/d\/303865-2\/DSC03521.jpg'><img src=http:\/\/ski.inmontanis.info\/d\/303864-3\/DSC03521.jpg \/><\/a><br \/>\n^ R\u00fcckbringerweg vom rechten Offpistegel\u00e4nde, nach rechts (\u00fcber den Bach h\u00fcpfend) kommt man wohl zur Bergstation Sektion 1, ich blieb immer links, wo man etwas unterhalb rauskommt und daher einen der SL Sektion 1 fahren muss<\/p>\n<p><a href='http:\/\/ski.inmontanis.info\/d\/303869-2\/DSC03522.jpg'><img src=http:\/\/ski.inmontanis.info\/d\/303868-3\/DSC03522.jpg \/><\/a><br \/>\n^ SL Ausstieg mit Fjord um kurz vor 16 Uhr, leider sehr bedeckt nun<\/p>\n<p><a href='http:\/\/ski.inmontanis.info\/d\/303873-2\/DSC03526.jpg'><img src=http:\/\/ski.inmontanis.info\/d\/303872-3\/DSC03526.jpg \/><\/a><br \/>\n^ Neben dem Parkplatz liegen gebrauchte Liftreste, evtl. von einer DSB?, herum<\/p>\n<p><a href='http:\/\/ski.inmontanis.info\/d\/303877-2\/ge20220412a.jpg'><img src=http:\/\/ski.inmontanis.info\/d\/303876-3\/ge20220412a.jpg \/><\/a><br \/>\n^ GPS-Track 12.4.2022. W\u00e4re man zum Gipfel aufgestiegen, h\u00e4tte man wohl doch das Meer sehen k\u00f6nnen..<\/p>\n<p>Nach dem Skifahren musste ich noch ein paar Planungen machen &#8211; wo heute \u00fcbernachten? Wohin \u00fcbermogen? Komm ich morgen an einem Supermarkt vorbei? Etc.<\/p>\n<p><a href='http:\/\/extra.inmontanis.info\/d\/75245-2\/DSC03532.jpg'><img src=http:\/\/extra.inmontanis.info\/d\/75244-3\/DSC03532.jpg \/><\/a><br \/>\n^ F\u00e4hre Molde-Vestnes<\/p>\n<p><a href='http:\/\/extra.inmontanis.info\/d\/75249-2\/DSC03534.jpg'><img src=http:\/\/extra.inmontanis.info\/d\/75248-3\/DSC03534.jpg \/><\/a><br \/>\n^ F\u00e4hre Molde-Vestnes<\/p>\n<p><a href='http:\/\/extra.inmontanis.info\/d\/75253-2\/DSC03536.jpg'><img src=http:\/\/extra.inmontanis.info\/d\/75252-3\/DSC03536.jpg \/><\/a><br \/>\n^ F\u00e4hre Molde-Vestnes mit dem Skigebiet Tusten \u00fcber der F\u00e4hre (Antennenstation erkennbar)<\/p>\n<p>Im Gegensatz zur gestrigen F\u00e4hre h\u00e4tte es zwar hier Hotdog und andere Speisen gegeben, aber 55-60 NOK ist mir so ein Hotdog nun auch nicht mehr wert. Mit ca. 30min war das nun auch die l\u00e4ngste der drei F\u00e4hren. Die dritte m\u00f6chte ich erst morgen fr\u00fch fahren, zuvor einen Nachtplatz suchen. Der w\u00e4re 10min vor der F\u00e4hre an einer Skisprungschanze gedacht gewesen. Aber die ist wohl nicht mehr in Verwendung, daf\u00fcr war ein kleiner Langlaufparkplatz noch in der N\u00e4he. Leider kaum bis kein Handy-Empfang, nach einer halben Stunde hatte ich endlich die F\u00e4hrabfahrtszeit f\u00fcr morgen fruh rausgesucht.<\/p>\n<p><a href='http:\/\/extra.inmontanis.info\/d\/75257-2\/DSC03540.jpg'><img src=http:\/\/extra.inmontanis.info\/d\/75256-3\/DSC03540.jpg \/><\/a><\/p>\n<p><a href='http:\/\/extra.inmontanis.info\/d\/75261-2\/DSC03542.jpg'><img src=http:\/\/extra.inmontanis.info\/d\/75260-3\/DSC03542.jpg \/><\/a><\/p>\n<p>&#8212;<br \/>\nLinktipps zur aktuellen weltpolitischen Lage &#8230;<br \/>\n.. R\u00f6per in Mariupol\/Ukraine:<br \/>\n<a href='https:\/\/www.anti-spiegel.ru\/2022\/tag-2-meiner-zweiten-reise-in-den-donbass-das-grauen-von-mariupol\/'>https:\/\/www.anti-spiegel.ru\/2022\/tag-2-meiner-zweiten-reise-in-den-donbass-das-grauen-von-mariupol\/<\/a><br \/>\n<a href='https:\/\/www.anti-spiegel.ru\/2022\/chemieangriff-auf-mariupol-ich-war-an-dem-tag-dort\/'>https:\/\/www.anti-spiegel.ru\/2022\/chemieangriff-auf-mariupol-ich-war-an-dem-tag-dort\/<\/a><br \/>\n<a href='https:\/\/www.anti-spiegel.ru\/2022\/ein-kurzer-ueberblick-ueber-die-militaerische-lage-in-mariupol-und-im-donbass\/'>https:\/\/www.anti-spiegel.ru\/2022\/ein-kurzer-ueberblick-ueber-die-militaerische-lage-in-mariupol-und-im-donbass\/<\/a><br \/>\n&#8211;<br \/>\n<a href='https:\/\/rtde.site\/inland\/136142-ukrainische-nationalisten-planen-terroranschlag-in-berlin\/'>https:\/\/rtde.site\/inland\/136142-ukrainische-nationalisten-planen-terroranschlag-in-berlin\/<\/a><\/p>\n<p>.. mal wieder C-Thema gef\u00e4llig?<br \/>\n<a href='https:\/\/rtde.site\/meinung\/136040-warum-schweigen-menschenrechtler-zero-covid\/'>https:\/\/rtde.site\/meinung\/136040-warum-schweigen-menschenrechtler-zero-covid\/<\/a><\/p>\n","protected":false},"excerpt":{"rendered":"<p>Di, 12.4.2022<\/p>\n<p>Tusten hat eines der besten Fjordpanos norwegischer Skigebiete, daher stand es schon lange auf meiner Wunschliste. Ich fuhr noch zu einem Rastplatz mit WC kurz vor dem Skigebiet und weil ich doch etwas zu fr\u00fch dort war, kaufte ich noch die Tageskarte online, weil die statt 440,- NOK online nur 380,- NOK kostet. <a href=\"http:\/\/blog.inmontanis.info\/?p=7505\">[&#8230;]<\/a><\/p>\n","protected":false},"author":1,"featured_media":7507,"comment_status":"closed","ping_status":"closed","sticky":false,"template":"","format":"standard","meta":{"footnotes":""},"categories":[185,18,27,571],"tags":[37,45,47],"class_list":["post-7505","post","type-post","status-publish","format-standard","has-post-thumbnail","hentry","category-2021-08-skandinavien","category-norwegennorway","category-skifahren-winterskiing-winter","category-tusten","tag-meer","tag-see","tag-sl","odd"],"_links":{"self":[{"href":"http:\/\/blog.inmontanis.info\/index.php?rest_route=\/wp\/v2\/posts\/7505","targetHints":{"allow":["GET"]}}],"collection":[{"href":"http:\/\/blog.inmontanis.info\/index.php?rest_route=\/wp\/v2\/posts"}],"about":[{"href":"http:\/\/blog.inmontanis.info\/index.php?rest_route=\/wp\/v2\/types\/post"}],"author":[{"embeddable":true,"href":"http:\/\/blog.inmontanis.info\/index.php?rest_route=\/wp\/v2\/users\/1"}],"replies":[{"embeddable":true,"href":"http:\/\/blog.inmontanis.info\/index.php?rest_route=%2Fwp%2Fv2%2Fcomments&post=7505"}],"version-history":[{"count":2,"href":"http:\/\/blog.inmontanis.info\/index.php?rest_route=\/wp\/v2\/posts\/7505\/revisions"}],"predecessor-version":[{"id":7508,"href":"http:\/\/blog.inmontanis.info\/index.php?rest_route=\/wp\/v2\/posts\/7505\/revisions\/7508"}],"wp:featuredmedia":[{"embeddable":true,"href":"http:\/\/blog.inmontanis.info\/index.php?rest_route=\/wp\/v2\/media\/7507"}],"wp:attachment":[{"href":"http:\/\/blog.inmontanis.info\/index.php?rest_route=%2Fwp%2Fv2%2Fmedia&parent=7505"}],"wp:term":[{"taxonomy":"category","embeddable":true,"href":"http:\/\/blog.inmontanis.info\/index.php?rest_route=%2Fwp%2Fv2%2Fcategories&post=7505"},{"taxonomy":"post_tag","embeddable":true,"href":"http:\/\/blog.inmontanis.info\/index.php?rest_route=%2Fwp%2Fv2%2Ftags&post=7505"}],"curies":[{"name":"wp","href":"https:\/\/api.w.org\/{rel}","templated":true}]}}