{"id":7500,"date":"2022-04-11T19:45:05","date_gmt":"2022-04-11T17:45:05","guid":{"rendered":"http:\/\/blog.inmontanis.info\/?p=7500"},"modified":"2022-04-14T19:55:39","modified_gmt":"2022-04-14T17:55:39","slug":"um-trondheim-atlantikstrase-10-11-4-2022","status":"publish","type":"post","link":"http:\/\/blog.inmontanis.info\/?p=7500","title":{"rendered":"Um Trondheim &#038; Atlantikstra\u00dfe, 10.-11.4.2022"},"content":{"rendered":"<p><strong>10.4.2022<\/strong><\/p>\n<p>Die WCs am Rastplatz waren leider geschlossen, also noch eben zur n\u00e4chsten Tankstelle gefahren und dort Planungen gemacht, wie man ohne zu viel Umweg ein paar der Mautstellen um Trondheim umfahren k\u00f6nnte. <\/p>\n<p>Bei Trondheim g\u00e4be es ja mind. 2 Skigebiete, Gr\u00e5kallen hatte das Hauptgebiet aber schon zu und in Vassfjellet, wo ich schon mal war, w\u00e4r zwar alles offen, allerdings ganztags Schneefall gemeldet. Webcam um 10h s\u00e4he eigentlich gut aus .. au\u00dfer es w\u00fcrde nieselregnen und man es nicht erkennen k\u00f6nnte. Zmindest den B\u00e4umen nach ist die Schneefallgrenze auf halber Bergh\u00f6he.. 22km Umweg. Mein Hauptproblem: dass man nur Tageskarten um 375 NOK kaufen kann. Bei einer g\u00fcnstigen 2-3h Karte h\u00e4tt ichs wohl mal probiert.<\/p>\n<p>Na sowas: in Trondheim soll es die n\u00f6rdlichste Stra\u00dfenbahn der Welt geben. Wagen sind aber aus den 80ern und Museum hat nur im Sommer offen. Also f\u00fcr mich heute kein Zwischenstopp lohnend.<\/p>\n<p>Autsch, das Bernerw\u00fcrstl-Hodgod an der Tankstelle hier kostete 64,- NOK! Soviel hatte ich doch noch nie gezahlt, oder?! <\/p>\n<p><a href='http:\/\/extra.inmontanis.info\/d\/75117-2\/DSC03311.jpg'><img src=http:\/\/extra.inmontanis.info\/d\/75116-3\/DSC03311.jpg \/><\/a><br \/>\n^ Schmale Br\u00fccken sind auch immer wieder nett.<\/p>\n<p><a href='http:\/\/extra.inmontanis.info\/d\/75121-2\/DSC03316.jpg'><img src=http:\/\/extra.inmontanis.info\/d\/75120-3\/DSC03316.jpg \/><\/a><br \/>\n^ Nicht ganz, aber fast mautfreie Umfahrung von Trondheim<\/p>\n<p>Die alternative Strecke um Trondheim war zu dieser Jahreszeit nicht einfach. Die schneefreien Naturstra\u00dfenteile sehr l\u00f6chrig und die schneebedeckten Teile oftmals sehr matschig und rutschig und h\u00e4ufig steil rauf und runter. Allrad+ASR waren da heute n\u00f6tig, zumindest wenn man sich Schneeketten sparen wollte.<\/p>\n<p>Naja, hatte ja Zeit und die Batterie musste auch mal wieder richtig geladen werden. Aber irgendwas hatte meinem Magen zugesetzt, entweder die Stra\u00dfe (ja, auf jeden Fall) oder am Hotdog war was schlecht, so dass ich nach dem Ende der Stra\u00dfe keine Zeit mehr hatte, eine Tankstelle mit einem WC anzufahren&#8230;.<\/p>\n<p><a href='http:\/\/extra.inmontanis.info\/d\/75125-2\/DSC03317.jpg'><img src=http:\/\/extra.inmontanis.info\/d\/75124-3\/DSC03317.jpg \/><\/a><br \/>\n^ .. allerdings teils ungeteerte Stra\u00dfen, rutschiger Schneematsch und h\u00e4ufiges und steiles auf und ab<\/p>\n<p><a href='http:\/\/extra.inmontanis.info\/d\/75129-2\/DSC03319.jpg'><img src=http:\/\/extra.inmontanis.info\/d\/75128-3\/DSC03319.jpg \/><\/a><br \/>\n^ Weiter oben dann festerer Schnee und weniger Matsch, aber meist wars matschiger.<\/p>\n<p>Mittags lag ein Pizzabakeren quasi auf dem Weg (in\/um Trondheim sind mind. 8). Da w\u00e4r auch ein WC gewesen. Nahm mir wieder 2 kleine Pizzen mit (BBQ und die Vegetarische, beide zusammen hatten 125,- NOK gekostet, wobei zweitere viel g\u00fcnstiger als erstere war und beide teurer als lt. Aushang waren, also auch teurer geworden im Vgl. zum Herbst).<\/p>\n<p><a href='http:\/\/extra.inmontanis.info\/d\/75133-2\/DSC03324.jpg'><img src=http:\/\/extra.inmontanis.info\/d\/75132-3\/DSC03324.jpg \/><\/a><br \/>\n^ 2x Mini-Pizza<\/p>\n<p><a href='http:\/\/extra.inmontanis.info\/d\/75137-2\/DSC03326.jpg'><img src=http:\/\/extra.inmontanis.info\/d\/75136-3\/DSC03326.jpg \/><\/a><br \/>\n^ <\/p>\n<p>Nach dem Abzweig auf die E39 fuhr ich ein St\u00fcck &#8220;alte&#8221; Stra\u00dfe (vmtl.) und kam an einem eigentlich nicht so \u00fcblen Parkplatz vorbei. 13:40 Uhr ist zwar etwas fr\u00fch und bis Tusten (wenn ich dort \u00fcbermorgen Skifahren k\u00f6nnte) w\u00e4ren es noch 3h Fahrt, zudem war die E39 quasi ein St\u00fcck \u00fcber mir, also durchaus h\u00f6rbar. Und meinem Magen w\u00e4r ein Rastplatz mit WC auch lieber, nach einem ruhigen Nachmittag ging&#8217;s abends nochmal los&#8230;<\/p>\n<p>Ein morgen mit etwas Umweg anfahrbares Skigebiet (wo man eine eigene Keycrd kaufen m\u00fcsste) meldet mal wesentlich mehr Regen f\u00fcr morgen als ich heute in Vassfjellet gehabt h\u00e4tte &#8211; werd ich also wohl auch auslassen.<\/p>\n<p><a href='http:\/\/extra.inmontanis.info\/d\/75141-2\/DSC03332.jpg'><img src=http:\/\/extra.inmontanis.info\/d\/75140-3\/DSC03332.jpg \/><\/a><br \/>\n^ Nachtplatz<\/p>\n<p><strong>11.4.2022<\/strong><\/p>\n<p>Im n\u00e4chsten Ort h\u00e4tte es einen Coop Extra geben sollen. Lt. Gmaps und sogar lt coop.no hat er noch \u00d6ffnungszeiten &#8211; aber &#8211; das ganze Geb\u00e4ude ist mittlerweile abgerissen und erst im November oder so soll er wieder aufmachen. Da eine Tankstelle und ein Parkplatz aber vorhanden war, blieb ich hier 2 Stunden stehen.<\/p>\n<p>\u00dcber Ostern scheinen die Superm\u00e4rkte in Norwegen am Do+Fr+So+Mo geschlossen zu haben. Mehr als \u00fcber Weihnachten oder wie?! Dh am MI und SA muss ich einkaufen. Heute die 8 Hotdog-Br\u00f6tchen im Kiwi nur 3,90 NOK. Also 0,40 \u20ac?! Wie kann das so g\u00fcnstig sein im Vgl. zu den anderen oft so teuren Preisen hier in Norwegen. Die Light-Getr\u00e4nke scheinen mir ja eher 1-2 NOK teurer geworden zu sein, im Herbst hab ich da oftmals welche um 5,90 oder 6,90 gesehen, bisher mal nur 8,90. Trotzdem nat\u00fcrlich g\u00fcnstig im Vgl. zu Schweden.<\/p>\n<p>Die Benzinpreise sind derzeit zwischen ca. 19,40 und \u00fcber 22,- NOK, wobei Benzin und Diesel jeweils immer recht gleich waren.<\/p>\n<p>Nett: Tusten meldet f\u00fcr morgen wenig Wind, hohe Wahrscheinlichkeit, den oberen Bereich zu \u00f6ffnen und Skibetrieb ab 10 Uhr (obwohl diese woche Mo-Mi nur von 12-16h geplant war), dazu ein bisschen Sonne in der Wettervorhersage. Ok, dann morgen Fjordpanoskifahren.<\/p>\n<p>Und erst jetzt bemerkt: nahe dem Skigebiet Tusten ist auch die ber\u00fchmte Atlantikstra\u00dfe. Bin ich ja schon mal gefahren, glaub bei meiner ersten Sommertour 2006. Andererseits war das Sommer und jetzt ist Winter. Umweg von Westen her, nur f\u00fcr den Meer-Teil der Stra\u00dfe in beiden Richtungen fahrend, w\u00e4ren ca. 52km.  Vom Osten \u00fcber Kristiansund und paar Unterwassertunneln w\u00e4ren nochmals ca. 5km mehr, keine Ahnung, ob das lohnenswert ist. Schlussendlich entschied ich mich, sie zu fahren und die Westvariante zu nehmen.<\/p>\n<p><a href='http:\/\/extra.inmontanis.info\/d\/75145-2\/DSC03337.jpg'><img src=http:\/\/extra.inmontanis.info\/d\/75144-3\/DSC03337.jpg \/><\/a><br \/>\n^ E39 Trondheim-Molde<\/p>\n<p><a href='http:\/\/extra.inmontanis.info\/d\/75149-2\/DSC03350.jpg'><img src=http:\/\/extra.inmontanis.info\/d\/75148-3\/DSC03350.jpg \/><\/a><br \/>\n^ an einem Rastplatz<\/p>\n<p><a href='http:\/\/extra.inmontanis.info\/d\/75153-2\/DSC03355.jpg'><img src=http:\/\/extra.inmontanis.info\/d\/75152-3\/DSC03355.jpg \/><\/a><br \/>\n^ F\u00e4hre Halsa-Kanestraum, die erste der drei F\u00e4hren, die ich die Tage fahren muss.<\/p>\n<p><a href='http:\/\/extra.inmontanis.info\/d\/75157-2\/DSC03357.jpg'><img src=http:\/\/extra.inmontanis.info\/d\/75156-3\/DSC03357.jpg \/><\/a><br \/>\n^ F\u00e4hre Halsa-Kanestraum<\/p>\n<p><a href='http:\/\/extra.inmontanis.info\/d\/75161-2\/DSC03364.jpg'><img src=http:\/\/extra.inmontanis.info\/d\/75160-3\/DSC03364.jpg \/><\/a><br \/>\n^ <\/p>\n<p><a href='http:\/\/extra.inmontanis.info\/d\/75165-2\/DSC03369.jpg'><img src=http:\/\/extra.inmontanis.info\/d\/75164-3\/DSC03369.jpg \/><\/a><br \/>\n^ E39 Gjemnessundbrua<\/p>\n<p><a href='http:\/\/extra.inmontanis.info\/d\/75169-2\/DSC03371.jpg'><img src=http:\/\/extra.inmontanis.info\/d\/75168-3\/DSC03371.jpg \/><\/a><br \/>\n^ E39 Gjemnessundbrua<\/p>\n<p><a href='http:\/\/extra.inmontanis.info\/d\/75173-2\/DSC03377.jpg'><img src=http:\/\/extra.inmontanis.info\/d\/75172-3\/DSC03377.jpg \/><\/a><br \/>\n^ 64 \/ Atlantikstra\u00dfe<\/p>\n<p>Bin noch heute Nachmittag\/Abend die Stra\u00dfe r\u00fcber gefahren (zeitweise hatte es gegraupelt) und hatte auf halben Weg quasi meine erste kurze Gipfelwanderung (bei trockenem Wetter) des nahenden Sommerhalbjahres und hab dann auf der Ostseite \u00fcberna\u0441htet.<\/p>\n<p><a href='http:\/\/extra.inmontanis.info\/d\/75177-2\/DSC03378.jpg'><img src=http:\/\/extra.inmontanis.info\/d\/75176-3\/DSC03378.jpg \/><\/a><br \/>\n^ Meer<\/p>\n<p><a href='http:\/\/extra.inmontanis.info\/d\/75181-2\/DSC03380.jpg'><img src=http:\/\/extra.inmontanis.info\/d\/75180-3\/DSC03380.jpg \/><\/a><br \/>\n^ <\/p>\n<p><a href='http:\/\/extra.inmontanis.info\/d\/75185-2\/DSC03382.jpg'><img src=http:\/\/extra.inmontanis.info\/d\/75184-3\/DSC03382.jpg \/><\/a><br \/>\n^ \u00dcber einem Rastplatz<\/p>\n<p><a href='http:\/\/extra.inmontanis.info\/d\/75189-2\/DSC03383.jpg'><img src=http:\/\/extra.inmontanis.info\/d\/75188-3\/DSC03383.jpg \/><\/a><br \/>\n^ 64 \/ Atlantikstra\u00dfe<\/p>\n<p><a href='http:\/\/extra.inmontanis.info\/d\/75193-2\/DSC03386.jpg'><img src=http:\/\/extra.inmontanis.info\/d\/75192-3\/DSC03386.jpg \/><\/a><br \/>\n^ <\/p>\n<p><a href='http:\/\/extra.inmontanis.info\/d\/75197-2\/DSC03387.jpg'><img src=http:\/\/extra.inmontanis.info\/d\/75196-3\/DSC03387.jpg \/><\/a><br \/>\n^ 64 \/ Atlantikstra\u00dfe<\/p>\n<p><a href='http:\/\/extra.inmontanis.info\/d\/75201-2\/DSC03390.jpg'><img src=http:\/\/extra.inmontanis.info\/d\/75200-3\/DSC03390.jpg \/><\/a><br \/>\n^ 64 \/ Atlantikstra\u00dfe<\/p>\n<p><a href='http:\/\/extra.inmontanis.info\/d\/75205-2\/DSC03391.jpg'><img src=http:\/\/extra.inmontanis.info\/d\/75204-3\/DSC03391.jpg \/><\/a><br \/>\n^ Zuerst hab ich mich \u00fcber die Schilder gewundert, erst sp\u00e4ter hab ich gesehen, dass da T\u00fcren sind, wo ein Cafe, ein Schallplattenladen und Toiletten sind<\/p>\n<p><a href='http:\/\/extra.inmontanis.info\/d\/75209-2\/DSC03392.jpg'><img src=http:\/\/extra.inmontanis.info\/d\/75208-3\/DSC03392.jpg \/><\/a><br \/>\n^ Rastplatz 64 \/ Atlantikstra\u00dfe<\/p>\n<p><a href='http:\/\/extra.inmontanis.info\/d\/75213-2\/DSC03393.jpg'><img src=http:\/\/extra.inmontanis.info\/d\/75212-3\/DSC03393.jpg \/><\/a><br \/>\n^ 64 \/ Atlantikstra\u00dfe<\/p>\n<p><a href='http:\/\/extra.inmontanis.info\/d\/75217-2\/DSC03395.jpg'><img src=http:\/\/extra.inmontanis.info\/d\/75216-3\/DSC03395.jpg \/><\/a><br \/>\n^ 64 \/ Atlantikstra\u00dfe<\/p>\n<p><a href='http:\/\/extra.inmontanis.info\/d\/75221-2\/DSC03396.jpg'><img src=http:\/\/extra.inmontanis.info\/d\/75220-3\/DSC03396.jpg \/><\/a><br \/>\n^ 64 \/ Atlantikstra\u00dfe<\/p>\n<p><a href='http:\/\/extra.inmontanis.info\/d\/75225-2\/DSC03398.jpg'><img src=http:\/\/extra.inmontanis.info\/d\/75224-3\/DSC03398.jpg \/><\/a><br \/>\n^ Am Gipfelchen \u00fcber dem Rastplatzcaf\u00e9<\/p>\n<p><a href='http:\/\/extra.inmontanis.info\/d\/75229-2\/DSC03400.jpg'><img src=http:\/\/extra.inmontanis.info\/d\/75228-3\/DSC03400.jpg \/><\/a><br \/>\n^ <\/p>\n<p><a href='http:\/\/extra.inmontanis.info\/d\/75233-2\/DSC03409.jpg'><img src=http:\/\/extra.inmontanis.info\/d\/75232-3\/DSC03409.jpg \/><\/a><br \/>\n^ Nachtplatz mit Pano<\/p>\n<p>Noch eine kleine Korrektur zu einem Foto vom letzten Bericht:<br \/>\n<a href='http:\/\/ski.inmontanis.info\/d\/303579-2\/DSC03228.jpg'><img src=http:\/\/ski.inmontanis.info\/d\/303578-3\/DSC03228.jpg \/><\/a><br \/>\n^ Mittlerweile l\u00e4dt der Pulverschnee auch etwas zum Waldfahren ein<\/p>\n<p>Das Bild hatte ich eigentlich aus einem anderen Grund gemacht, denn da hatte ich mal wieder eine Begegnung mit einem Schneehuhn(?). Ist direkt in Bildmitte mit dem dunklen gekr\u00fcmten Hals.<\/p>\n<p><em>Hinweis: Da ich momentan l\u00e4ngere Autostrecken fahre und etliche neue Skigebiete erkunde und somit viele Fotos mache, komm ich gerade recht wenig zum Bearbeiten der Fotos und Onlinestellen der Berichte.<\/em><\/p>\n","protected":false},"excerpt":{"rendered":"<p>10.4.2022<\/p>\n<p>Die WCs am Rastplatz waren leider geschlossen, also noch eben zur n\u00e4chsten Tankstelle gefahren und dort Planungen gemacht, wie man ohne zu viel Umweg ein paar der Mautstellen um Trondheim umfahren k\u00f6nnte. <\/p>\n<p>Bei Trondheim g\u00e4be es ja mind. 2 Skigebiete, Gr\u00e5kallen hatte das Hauptgebiet aber schon zu und in Vassfjellet, wo ich schon <a href=\"http:\/\/blog.inmontanis.info\/?p=7500\">[&#8230;]<\/a><\/p>\n","protected":false},"author":1,"featured_media":7504,"comment_status":"closed","ping_status":"closed","sticky":false,"template":"","format":"standard","meta":{"footnotes":""},"categories":[185,18,30],"tags":[37,45],"class_list":["post-7500","post","type-post","status-publish","format-standard","has-post-thumbnail","hentry","category-2021-08-skandinavien","category-norwegennorway","category-wandern","tag-meer","tag-see","odd"],"_links":{"self":[{"href":"http:\/\/blog.inmontanis.info\/index.php?rest_route=\/wp\/v2\/posts\/7500","targetHints":{"allow":["GET"]}}],"collection":[{"href":"http:\/\/blog.inmontanis.info\/index.php?rest_route=\/wp\/v2\/posts"}],"about":[{"href":"http:\/\/blog.inmontanis.info\/index.php?rest_route=\/wp\/v2\/types\/post"}],"author":[{"embeddable":true,"href":"http:\/\/blog.inmontanis.info\/index.php?rest_route=\/wp\/v2\/users\/1"}],"replies":[{"embeddable":true,"href":"http:\/\/blog.inmontanis.info\/index.php?rest_route=%2Fwp%2Fv2%2Fcomments&post=7500"}],"version-history":[{"count":3,"href":"http:\/\/blog.inmontanis.info\/index.php?rest_route=\/wp\/v2\/posts\/7500\/revisions"}],"predecessor-version":[{"id":7503,"href":"http:\/\/blog.inmontanis.info\/index.php?rest_route=\/wp\/v2\/posts\/7500\/revisions\/7503"}],"wp:featuredmedia":[{"embeddable":true,"href":"http:\/\/blog.inmontanis.info\/index.php?rest_route=\/wp\/v2\/media\/7504"}],"wp:attachment":[{"href":"http:\/\/blog.inmontanis.info\/index.php?rest_route=%2Fwp%2Fv2%2Fmedia&parent=7500"}],"wp:term":[{"taxonomy":"category","embeddable":true,"href":"http:\/\/blog.inmontanis.info\/index.php?rest_route=%2Fwp%2Fv2%2Fcategories&post=7500"},{"taxonomy":"post_tag","embeddable":true,"href":"http:\/\/blog.inmontanis.info\/index.php?rest_route=%2Fwp%2Fv2%2Ftags&post=7500"}],"curies":[{"name":"wp","href":"https:\/\/api.w.org\/{rel}","templated":true}]}}