{"id":7493,"date":"2022-04-09T19:00:42","date_gmt":"2022-04-09T17:00:42","guid":{"rendered":"http:\/\/blog.inmontanis.info\/?p=7493"},"modified":"2023-08-05T13:39:04","modified_gmt":"2023-08-05T11:39:04","slug":"are-duved-tegefjall-storlien-5-4-9-4-2022","status":"publish","type":"post","link":"http:\/\/blog.inmontanis.info\/?p=7493","title":{"rendered":"\u00c5re\/Duved\/Tegefj\u00e4ll + Storlien, 5.4.-9.4.2022"},"content":{"rendered":"<p><strong>5.4.2022<\/strong><\/p>\n<p>.. mal schaun, was heute nicht l\u00e4uft &#8230; zumindest mal morgens die EUB wegen starken Windes.<\/p>\n<p>So, hab nun den Campingplatz bis morgen bezahlt (und noch etwas Rabatt bekommen). Vorgehabt h\u00e4tte ich, bis Freitag in Are&#038;Duved zu bleiben, dann westw\u00e4rts zu fahren und an den beiden Gebieten diesseits und jenseits der Grenzen zu halten: Storlien und Mer\u00e5ker. Eh klar: Wetter wird schlecht, am Samstag + Sonntag soll&#8217;s schneien, und zwar recht stark da im Grenzbereich, etwas weniger hier in \u00c5re. Na nerv, mal wieder, das dritte Wochenende in Folge. Gut, wenn man unter der Woche auch Skifahren kann ;)<\/p>\n<p>Somit stellt sich die Frage, fahr ich doch schon am Freitag bei Sonnenschein in Storlien, verzichte auf Meraker am Samstag und fahr Sa+So die weite Strecke (6-8h und 2-3 F\u00e4hren) zum n\u00e4chsten Ziel?  Oder verzichte ich auf Storlien+Meraker, bleib bis Samstag hier und leg am Schlechtwettersonntag einen Fahrtag ein? Seitdem es die DSB in Meraker nicht mehr gibt, scheint mir das eh nicht mehr so interessant zu sein .. aber die Bilder aus Storlien vom letzten Jahr, da muss ich heuer schon nochmal vorbei. Aber das k\u00f6nnte vielleicht auch bei Schneefall am Samstag OK sein, da man ja nur Waldabfahrten hat.<\/p>\n<p><a href='http:\/\/ski.inmontanis.info\/d\/303575-2\/DSC03226.jpg'><img src=http:\/\/ski.inmontanis.info\/d\/303574-3\/DSC03226.jpg \/><\/a><br \/>\n^ Der Geh\u00e4ngeabstand an den R\u00f6dkulle-SL ist recht unterschiedlich, hier war ich \u00fcberrascht, wie schnell der B\u00fcgel kam &#8211; da waren die vor mir noch gar nicht richtig weg von ihrem Startplatz ..<\/p>\n<p><a href='http:\/\/extra.inmontanis.info\/d\/75113-2\/IMG_20220405_13412601_full_2x1.jpg'><img src=http:\/\/extra.inmontanis.info\/d\/75112-3\/IMG_20220405_13412601_full_2x1.jpg \/><\/a><br \/>\n^ Zimtschnecke (im R\u00f6dkullen-Shop), warm und lecker und mit 25,- SEK auch preislich noch OK. Kaffee oder Kakao w\u00fcrden 30,- kosten. 2x Zimtschnecke + 2x Hei\u00dfgetr\u00e4nk gibt&#8217;s verg\u00fcnstigt um 70,-. Und mit dem Gutschein aus der Skistar-App bekommt man noch einen kalten Kakao dazu. Alternativ gibts auch noch einen 5er Pack verpackte Zimtschnecken (dann nicht mehr so sch\u00f6n warm) um 50,-.<\/p>\n<p><a href='http:\/\/ski.inmontanis.info\/d\/303579-2\/DSC03228.jpg'><img src=http:\/\/ski.inmontanis.info\/d\/303578-3\/DSC03228.jpg \/><\/a><br \/>\n^ Mittlerweile l\u00e4dt der Pulverschnee auch etwas zum Waldfahren ein<\/p>\n<p><a href='http:\/\/ski.inmontanis.info\/d\/303583-2\/DSC03230.jpg'><img src=http:\/\/ski.inmontanis.info\/d\/303582-3\/DSC03230.jpg \/><\/a><br \/>\n^ Die Rennpiste an der 8KSB war heut ausnahmsweise mal f\u00fcr alle offen, also bin ich sie mal gefahren.<\/p>\n<p><a href='http:\/\/ski.inmontanis.info\/d\/303587-2\/DSC03232.jpg'><img src=http:\/\/ski.inmontanis.info\/d\/303586-3\/DSC03232.jpg \/><\/a><br \/>\n^ Die Rennpiste an der 8KSB war heut ausnahmsweise mal f\u00fcr alle offen, also bin ich sie mal gefahren. Erstsaunlich weniger platt modelliert als viele Abfahrten in z.B. Italien.<\/p>\n<p><a href='http:\/\/ski.inmontanis.info\/d\/303591-2\/DSC03233.jpg'><img src=http:\/\/ski.inmontanis.info\/d\/303590-3\/DSC03233.jpg \/><\/a><br \/>\n^ Rennpiste<\/p>\n<p><a href='http:\/\/ski.inmontanis.info\/d\/303595-2\/DSC03234.jpg'><img src=http:\/\/ski.inmontanis.info\/d\/303594-3\/DSC03234.jpg \/><\/a><br \/>\n^ Mein letztes Bild von der DSB ist von dieser St\u00fctze mit Werbung f\u00fcr Siemens Handys.<\/p>\n<p><strong>6.4.2022<\/strong> &#8211; Duved Tegefj\u00e4ll<\/p>\n<p>Wie jeden Tag zuletzt gab es auch heute Vormittag wieder Schneefall. Dazu wieder st\u00fcrmischer, die Lifte im oberen Bereich allesamt zu, ebenso die Verbindungs-6KSBs von und nach Bj\u00f6rnen. Zudem wegen angebl. technischer Probleme schon mind. seit gestern geschlossen: der Fj\u00e4llvallsliften oben in Tegefj\u00e4ll. Trotzdem fuhr ich dort hin..<\/p>\n<p>.. und hielt an der Tankstelle neben der Pendelbahn, an der man vorbei kommt. Albern, letztes mal in der Sybilla dar\u00fcber keine Pommes, heute in der Tanke drunter. Ist das jetzt schon die Mangelwirtschaft aufgrund der Ukraine-Sanktionen oder wie?! :)<\/p>\n<p>Wie ich am Parkplatz die anderen Ski rausgetan hab, also im hinteren unteren Beifahrerbereich rumgewurschtelt hab .. da sammelt sich also u.a. der ganze Dreck, der an den sonst leicht zug\u00e4nglichen Stellen nicht ist &#8230; puh.. und wohl auch Feuchtigkeit, die Holzplatte unter der Batterie schaut etwas aufgequollen aus. Da muss ich dann daheim mal alles raustun und schauen, wie fest die Schrauben noch sind von dem Teil, wo ich ja abends darauf sitze.<\/p>\n<p>Der Gunnil-SL (rechter Verbindungslift) war nachmittags auch gerade dann defekt, als ich zur\u00fcckgefahren bin. Kam einer auf dem Schneemobil und erkl\u00e4rte, dass ihn der Liftboy angerufen h\u00e4tte, weil was am Lift verbrannt richt, vielleicht die Bremsen, da gabs zuletzt schon ein Problem. Ich k\u00d6nnte entweder nach Duved oder warten bis ein Schneemobil-Transport hier eingerichtet wird. Ich bin das St\u00fcck zum Skiweg zur 4SB raufgelaufen (h\u00e4tte vmtl auch direkt die Stra\u00dfen durch die H\u00e4user fahren k\u00f6nnen, wusste aber nicht, wie die genau gehen, ob die genug Gef\u00e4lle haben etc.<\/p>\n<p>Also, was hier in Are alles an kaputten Liften laufend ist, unglaublich. Am Fj\u00e4llvalllsliften sah&#8217;s so aus, als ob das Seil neu gespleist wurde &#8211; was kann da denn bitte warum passiert sein?!<\/p>\n<p><a href='http:\/\/ski.inmontanis.info\/d\/303611-2\/DSC03237.jpg'><img src=http:\/\/ski.inmontanis.info\/d\/303610-3\/DSC03237.jpg \/><\/a><br \/>\n^ SL Fj\u00e4llvallsliften ist seit ein paar Tagen au\u00dfer Betrieb &#8211; machen die hier einen Seilsplei\u00df? Wie kams denn dazu mitten in der Saison?<\/p>\n<p><strong>7.4.2022<\/strong><\/p>\n<p>Nachts etwas Schneefall, auch vormittags wieder etwas Schneefall. Vormittags mal alle Lifte offen (bis auf den SL neben der 6KSB in Bj\u00f6rnen, klar) und ganz fies: auch der Fj\u00e4llvallsliften in Tegefj\u00e4ll l\u00e4uft heut wieder. Haben die das gestern tats\u00e4chlich noch fertig repariert, h\u00e4tt ich nicht gedacht, so wie das aussah.<\/p>\n<p>Statt Wolken+Sonne, wie gemeldet, gab&#8217;s heute ganztags Schneefall und erst ab 15:30 etwas Sonne dazu. Temperaturen etwas unter 0\u00b0, trotzdem nachmittags im Auto noch 13\u00b0.<\/p>\n<p><a href='http:\/\/ski.inmontanis.info\/d\/303599-2\/DSC03240.jpg'><img src=http:\/\/ski.inmontanis.info\/d\/303598-3\/DSC03240.jpg \/><\/a><br \/>\n^ Viel Sicht hatte man heute im oberen Skigebietsbereich ja nicht, aber wenigstens mal bessere Pisten<\/p>\n<p><a href='http:\/\/ski.inmontanis.info\/d\/303603-2\/DSC03244.jpg'><img src=http:\/\/ski.inmontanis.info\/d\/303602-3\/DSC03244.jpg \/><\/a><br \/>\n^ Bei meiner letzten Fahrt heute am SL Ull\u00e5dal, zwei Hunde vor mir, der erste hat gleich mal w\u00e4hrend des Rennens nach oben in die Liftspur gekackt (siehe die diversen dunkelbraunen Punkte in der Trasse) &#8230;<\/p>\n<p><a href='http:\/\/ski.inmontanis.info\/d\/303607-2\/ge20220407a.jpg'><img src=http:\/\/ski.inmontanis.info\/d\/303606-3\/ge20220407a.jpg \/><\/a><br \/>\n^ GPS-Track der letzten Tage (in Farbe) und davor (wei\u00df)<\/p>\n<p>Fazit: In Are&#038;Duved kann mans schon ein paar Wochen aushalten.<\/p>\n<p>Die Entscheidung f\u00fcr die n\u00e4chsten Tage f\u00e4llt mir nicht leicht. Jetzt soll&#8217;s doch auch schon hier in Are ab morgen (Freitag) schneien, nicht erst irgendwann Samstag Vormittag, wie es noch gestern hie\u00df. \u00dcberhaupt soll es also morgen Freitag nun nirgends mehr Sonne geben und auch hier in\/um Are ab Mittag wieder schneien, ziemlich ident in Storlien. Am Samstag dagegen k\u00f6nnte es hier etwas besser sein und weniger schneien, sich vielleicht die Sonne zeigen. Aber ob sich das lohnt, ob das wirklich so eintritt..<\/p>\n<p>So, die F\u00e4hre im Mai ist nun auch gebucht. Erst \u00fcberleg ich noch ewig, ob ich am Samstag oder Sonntag fahren m\u00f6chte, hab mich dann f\u00fcr Samstag 17:30 entschieden und Gl\u00fcck gehabt, da es nur da noch den g\u00fcnstigen Tarif gab, w\u00e4hrend die Abfahrt am Sonntag (oder die morgendlichen) schon teurer gewesen w\u00e4ren ;) Wobei es \u00fcber die norwegische Colorline-Website g\u00fcnstiger ist, als \u00fcber die Deutsche. Kostete nun 795,- NOK. NOK-EUR-Kurs dzt. bei 9,4, d.h. der NOK ist f\u00fcr EUR teurer geworden bzw. Euro schw\u00e4cher, wohl wegen den Russland-Sanktionen? (Aber auf der deutschen Website m\u00fcsste man 93,- \u20ac zahlen.)<\/p>\n<p><strong>8.4.2022<\/strong> &#8211; Duved\/Tegefj\u00e4ll<\/p>\n<p>Die Nacht wurde es dann mal tats\u00e4chlich so kalt wie gemeldet, zumindest Minimumtemperatur im Innenraum -1.9\u00b0, da wachte ich &#8211; auch wegen L\u00e4rm au\u00dfen &#8211; vor dem Einschalten der Standheizung auf und auch die mal wieder nachts laufen gelassene Fu\u00dfheizung reichte bei Stufe 1 nicht bis dahin. Vormittags wieder leichter Schneefall und die Gipfellifte geschlossen inkl. 4SB und einer der 6KSB.<\/p>\n<p>Ok, dann halt heut nochmals Duved und morgen dann Storlien. Ab Sonntag dann viel Regen auch westlich, wobei es bei einigen Skigebieten, die ich besuchen will, vielleicht Schnee sein wird, evtl. halber Meter bis inkl. Montag. D.h. statt Sa+So w\u00fcrde ich nun So+Mo regenbedingt die lange Fahrstrecke samt F\u00e4hren fahren.<\/p>\n<p>Das schon erw\u00e4hnte Tusten, an dem ich vorbei kommen w\u00fcrde und das mit tollem Fjordpano gl\u00e4nzen w\u00fcrde, h\u00e4tte nun (vielleicht wegen Osterwoche) zwar wieder den oberen Lift offen, aber nur noch wenige Abfahrten. Und es soll von SA-MO eher nur Regnen, nix schneien (gut 50mm Regen gemeldet). Puh, das ist das n\u00e4chste &#8220;Problem&#8221;, soll ich das vielleicht doch am  DI versuchen? Dann muss ich mir noch etwas mehr Zeit lassen f\u00fcr die lange Fahrstrecke und eins der folgenden geplanten Ziele weglassen<\/p>\n<p>Lohnenswert w\u00e4r ein Zwischenhalt da ja schon, aber bei Sonne halt wesentlich sch\u00f6ner:<br \/>\n<a href='https:\/\/scontent-arn2-2.xx.fbcdn.net\/v\/t39.30808-6\/278079865_379955124140026_618853182527615663_n.jpg?_nc_cat=105&#038;ccb=1-5&#038;_nc_sid=8bfeb9&#038;_nc_ohc=dawYVJsrwZUAX9T-9Em&#038;_nc_ht=scontent-arn2-2.xx&#038;oh=00_AT89Jyla3_sAFydZDuQl2C_28iqhQ8HZHiqq0bVSOnR9HA&#038;oe=62555819'>https:\/\/scontent-arn2-2.xx.fbcdn.net\/v\/t39.30808-6\/278079865_379955124140026_618853182527615663_n.jpg?_nc_cat=105&#038;ccb=1-5&#038;_nc_sid=8bfeb9&#038;_nc_ohc=dawYVJsrwZUAX9T-9Em&#038;_nc_ht=scontent-arn2-2.xx&#038;oh=00_AT89Jyla3_sAFydZDuQl2C_28iqhQ8HZHiqq0bVSOnR9HA&#038;oe=62555819<\/a><\/p>\n<p>In Duved\/Tegefj\u00e4ll heute um Mittag kaum Schneefall, aber 1. kalt und 2. oberhalb des Waldes sehr windig, also eiskalter Wind und daher den wieder offenen SL Fj\u00e4llvallsliften leider nur 1x gefahren. Ab 13\/14 Uhr st\u00e4rkerer Schneefall, daher etwas nach 14 Uhr aufgeh\u00f6rt. Noch kurz Einkaufen und richtung Storlien gefahren. Falls auf dem Weg kein brauchbarer N\u00e4chtigungsplatz ist, wird am Skigebiet \u00fcbernachtet. Temperatatur sind nachts nur noch um die -5\/-6\u00b0 gemeldet, also nicht so kalt wie gestern und der Schnee soll in der zweiten Nachth\u00e4lfte nicht mehr so stark fallen, 5-10cm \u00fcber Nacht w\u00e4ren gemeldet, mal schaun.<\/p>\n<p>SL Gunnil fuhr heute wieder, aber man durfte nur jeden 5. B\u00fcgel besetzen &#8230;<\/p>\n<p><a href='http:\/\/ski.inmontanis.info\/d\/303615-2\/DSC03245.jpg'><img src=http:\/\/ski.inmontanis.info\/d\/303614-3\/DSC03245.jpg \/><\/a><br \/>\n^ Nat\u00fcrlich war ich heut auch wieder im Graben rechts der 6KSB. Und hielt mal an den Eiszapfen im Bereich der engsten Stelle<\/p>\n<p><a href='http:\/\/ski.inmontanis.info\/d\/303619-2\/ge20220408a.jpg'><img src=http:\/\/ski.inmontanis.info\/d\/303618-3\/ge20220408a.jpg \/><\/a><br \/>\n^ GPS-Track der letzten 3 Skitage, sowie davor (in Gelb)<\/p>\n<p>An einer Parkbucht gehalten und knapp 2h totgeschlagen und um 18h in Storlien gewesen, dort massig Schnee und starker Schneefall, puh, ob ich da auf dem Liftparkplatz stehenbleiben will? Die Vorhersagen melden ja bald nachlassenden Schneefall. Aber der erst trocken gemeldete morgige Vormittag ist mittlerweile leichtem Schneefall gewichen :( Arschlochwettervorhersagen.<\/p>\n<p><a href='http:\/\/extra.inmontanis.info\/d\/75089-2\/DSC03248.jpg'><img src=http:\/\/extra.inmontanis.info\/d\/75088-3\/DSC03248.jpg \/><\/a><br \/>\n^ Zwischen Duved und Storlien<\/p>\n<p><a href='http:\/\/extra.inmontanis.info\/d\/75093-2\/DSC03249.jpg'><img src=http:\/\/extra.inmontanis.info\/d\/75092-3\/DSC03249.jpg \/><\/a><br \/>\n^ In Storlien konnte man die Stra\u00dfenr\u00e4nder kaum noch erahnen<\/p>\n<p><a href='http:\/\/ski.inmontanis.info\/d\/303623-2\/DSC03253.jpg'><img src=http:\/\/ski.inmontanis.info\/d\/303622-3\/DSC03253.jpg \/><\/a><br \/>\n^ Parkplatz Skigebiet Storlien<\/p>\n<p>Anscheinend war hier heute sogar noch Nachtski, war aber so gut wie keiner unterwegs.<\/p>\n<p>Hatte Gl\u00fcck im Supermarkt bei den Fertiggerichten gab es mal wieder Raggmunk, was ich nochmals mitnahm, als eines der letzten, schwedischen Gerichte dieser Reise. Ich mag auch den Essensduft danach im Auto, wenn man noch lange den gebratenen Speck oder gebratene Kartoffel riecht. Kann sich auch gerne in meine Kleidung reinziehen, dann riecht das weniger nach mir :)<\/p>\n<p><strong>Sa, 9.4.2022<\/strong><\/p>\n<p>Die Nacht verlief nicht so eisig wie zuletzt, auch der Schnee am Auto d\u00e4mmte etwas. Aber irgendwann gegen vmtl 7 Uhr kam der Schneer\u00e4umer (Bagger) und auch ein anderer, laufender Motor irgendwo in meiner N\u00e4he. Da aber ja die Lifte erst ab 10 Uhr laufen w\u00fcrden, bin ich sp\u00e4t ins Bett und wollte erst um 8.30 aufstehen.<\/p>\n<p>Die Vorhersagen meldeten morgens den Tag \u00fcber gleichbleibende Intensit\u00e4t um die 0,2-0,4mm Niederschlag pro Stunde, morgen soll es eher 0,6-0,8mm pro Stunde geben.<\/p>\n<p>Skipassm\u00f6glichkeiten in Storlien heute:<br \/>\n\u2022 F\u00f6rmiddagskort 10:00 \u2013 13:00 \u2013 260:-<br \/>\n\u2022 Eftermiddagskort 13:00 \u2013 16:00 \u2013 285:-<br \/>\n\u2022 4-timmarskort \u2013 290:-<br \/>\n\u2022 Dagkort \u2013 320:-<\/p>\n<p>Sollte verst\u00e4ndlich sein, die Nachmittagskarte kommt nat\u00fcrlich nicht in Betracht, also entweder 3h VM, 4h oder TK. Falls die Intensit\u00e4t, wie h\u00e4ufig in letzter Zeit, um Mittag etwas nachl\u00e4sst, w\u00e4ren die 4h mal interessanter als die 3h. (Kurios: &#8220;Middag&#8221; als Essenszeitbezeichnung meint ja eher &#8220;Abendessen&#8221;&#8230;)<\/p>\n<p>Der gro\u00dfe Parkplatz, wo ich stand, war morgens doch noch nicht ger\u00e4umt, nur der Teil der Stra\u00dfe zum Lift und der dortige Platz. Dazwischen gab es also eine gewisse R\u00e4umkante. Probieren, ob ich rauskomm, bevor noch mehr Schnee liegt? Oder darauf hoffen, dass der Platz bis Nachmittag ger\u00e4umt wird? Naja, ich probierte es, gab ordentlich Gas, hatte problemlos Grip und fuhr mit schmackes \u00fcber die &#8220;Kante&#8221;. Hat funktioniert. Im Gegensatz zu dem einen Mal in der T\u00fcrkei ..<\/p>\n<p>Ich nahm dann doch die Tageskarte und fuhr von ca. 10:30 bis 15:40. Zwischen 11 und ca. 13:30 Uhr wenig bis kaum Schneefall, danach wieder etwas mehr. Sch\u00f6nwetterbilder siehe meinen Bericht von Januar 2021.<\/p>\n<p><a href='http:\/\/ski.inmontanis.info\/d\/303627-2\/DSC03256.jpg'><img src=http:\/\/ski.inmontanis.info\/d\/303626-3\/DSC03256.jpg \/><\/a><br \/>\n^ Der mittlere der 3 Hauptlifte, der gedoppelte rechte war nicht in Betrieb<\/p>\n<p><a href='http:\/\/ski.inmontanis.info\/d\/303631-2\/DSC03257.jpg'><img src=http:\/\/ski.inmontanis.info\/d\/303630-3\/DSC03257.jpg \/><\/a><br \/>\n^ je nachdem, ob gestern Abend pr\u00e4pariert wurde oder nicht, waren wohl ca. um die 15-30cm auf den Pisten. So tiefen Schnee hatte ich wohl die ganze Saison noch nicht ..<\/p>\n<p><a href='http:\/\/ski.inmontanis.info\/d\/303635-2\/DSC03259.jpg'><img src=http:\/\/ski.inmontanis.info\/d\/303634-3\/DSC03259.jpg \/><\/a><br \/>\n^ Die Abfahrten am linken SL wurden gestern Abend nicht pr\u00e4pariert, daher der Schnee tiefer, aber man kam zu einer eisigen Krustenschicht durch.<\/p>\n<p><a href='http:\/\/ski.inmontanis.info\/d\/303639-2\/DSC03261.jpg'><img src=http:\/\/ski.inmontanis.info\/d\/303638-3\/DSC03261.jpg \/><\/a><br \/>\n^ Linker SL, ein &#8220;geliftbyggarnter&#8221; Alimak<\/p>\n<p><a href='http:\/\/ski.inmontanis.info\/d\/303643-2\/DSC03262.jpg'><img src=http:\/\/ski.inmontanis.info\/d\/303642-3\/DSC03262.jpg \/><\/a><br \/>\n^ Linker SL<\/p>\n<p><a href='http:\/\/ski.inmontanis.info\/d\/303647-2\/DSC03265.jpg'><img src=http:\/\/ski.inmontanis.info\/d\/303646-3\/DSC03265.jpg \/><\/a><br \/>\n^ Linkeste Abfahrt<\/p>\n<p><a href='http:\/\/ski.inmontanis.info\/d\/303651-2\/DSC03266.jpg'><img src=http:\/\/ski.inmontanis.info\/d\/303650-3\/DSC03266.jpg \/><\/a><br \/>\n^ Der rechte der 3 Hauptlifte, auch hier war wieder der gedoppelte rechte (und jeweils k\u00fcrzere) nicht in Betrieb<\/p>\n<p><a href='http:\/\/ski.inmontanis.info\/d\/303655-2\/DSC03268.jpg'><img src=http:\/\/ski.inmontanis.info\/d\/303654-3\/DSC03268.jpg \/><\/a><br \/>\n^ Der ganz rechte, lange SL, der am Hotel startet, war heute auch in Betrieb und die Abfahrt morgens pr\u00e4pariert (trotzdem gings nicht ganz ohne zu schieben)<\/p>\n<p><a href='http:\/\/ski.inmontanis.info\/d\/303659-2\/DSC03269.jpg'><img src=http:\/\/ski.inmontanis.info\/d\/303658-3\/DSC03269.jpg \/><\/a><br \/>\n^ Der \u00dcbungs-SSL ganz rechts am Hotel (es gibt noch zwei weitere \u00dcbungs-SSL)<\/p>\n<p><a href='http:\/\/ski.inmontanis.info\/d\/303663-2\/DSC03270.jpg'><img src=http:\/\/ski.inmontanis.info\/d\/303662-3\/DSC03270.jpg \/><\/a><br \/>\n^ SL+SSL am Hotel<\/p>\n<p><a href='http:\/\/ski.inmontanis.info\/d\/303667-2\/DSC03271.jpg'><img src=http:\/\/ski.inmontanis.info\/d\/303666-3\/DSC03271.jpg \/><\/a><br \/>\n^ SSL-St\u00fctze<\/p>\n<p><a href='http:\/\/ski.inmontanis.info\/d\/303671-2\/DSC03273.jpg'><img src=http:\/\/ski.inmontanis.info\/d\/303670-3\/DSC03273.jpg \/><\/a><br \/>\n^ SSL-St\u00fctze und Bergstation<\/p>\n<p><a href='http:\/\/ski.inmontanis.info\/d\/303675-2\/DSC03278.jpg'><img src=http:\/\/ski.inmontanis.info\/d\/303674-3\/DSC03278.jpg \/><\/a><br \/>\n^ Ausstieg vom Hotel-Lift<\/p>\n<p>Bei meiner zweiten Fahrt mit dem Lift war leider bei St\u00fctze 5 Ende. Schon wieder ein Liftdefekt?! Ich fuhr also noche in paar Mal mit dem SSL, nach insg. 20 Minuten fuhr auch der SL endlich wieder.<\/p>\n<p><a href='http:\/\/ski.inmontanis.info\/d\/303679-2\/DSC03282.jpg'><img src=http:\/\/ski.inmontanis.info\/d\/303678-3\/DSC03282.jpg \/><\/a><br \/>\n^ SSL Bergstation und Blick ins Hauptgebiet<\/p>\n<p><a href='http:\/\/ski.inmontanis.info\/d\/303683-2\/DSC03283.jpg'><img src=http:\/\/ski.inmontanis.info\/d\/303682-3\/DSC03283.jpg \/><\/a><br \/>\n^ Langer Hotel-Lift und Blick ins Hauptgebiet<\/p>\n<p><a href='http:\/\/ski.inmontanis.info\/d\/303687-2\/DSC03285.jpg'><img src=http:\/\/ski.inmontanis.info\/d\/303686-3\/DSC03285.jpg \/><\/a><br \/>\n^ Rinnenvariante, versteckte sich am Ende vom Funpark<\/p>\n<p><a href='http:\/\/ski.inmontanis.info\/d\/303691-2\/DSC03286.jpg'><img src=http:\/\/ski.inmontanis.info\/d\/303690-3\/DSC03286.jpg \/><\/a><br \/>\n^ Im Wald war mir der Neuschnee heut zu tief<\/p>\n<p><a href='http:\/\/ski.inmontanis.info\/d\/303695-2\/DSC03294.jpg'><img src=http:\/\/ski.inmontanis.info\/d\/303694-3\/DSC03294.jpg \/><\/a><br \/>\n^ Blick ins Skigebiet von der Stra\u00dfe richtung Norwegen<\/p>\n<p><a href='http:\/\/ski.inmontanis.info\/d\/303699-2\/ge20220409d.jpg'><img src=http:\/\/ski.inmontanis.info\/d\/303698-3\/ge20220409d.jpg \/><\/a><br \/>\n^ GPS-Track von heute in Gelb, vom letzten Jahr in Blau<\/p>\n<p><a href='http:\/\/extra.inmontanis.info\/d\/75097-2\/DSC03288.jpg'><img src=http:\/\/extra.inmontanis.info\/d\/75096-3\/DSC03288.jpg \/><\/a><br \/>\n^ Storlien Ort\/Bahnhof<\/p>\n<p>Die zwei gro\u00dfen Superm\u00e4rkte nebeneinander in Storlien sind wegen des nahen Norwegens gut besucht und echt die besten in ganz Schweden :) Viel Auswahl, g\u00fcnstige Preise, sogar die Original-Salsiccia gab&#8217;s. 2 gro\u00dfe Einkaufst\u00fcten voll (\u00fcber 100 \u20ac zusammen), boah, die muss ich heute Abend irgendwie verr\u00e4umen .. das wird kein Sp\u00e4sschen werden ..<\/p>\n<p>Als ich das zweite Mal aus dem Einkaufszentrum kam (weil: 2 Superm\u00e4rkte!) war pl\u00f6tzlich die Seite meines Autos  .. wieso ist die Seite so sauber .. wie, wo ist meine Beklebung, w\u00e4, wer hat denn jetzt meine Beklebung entfernt? Dann gemerkt, dass mein Auto direkt dahinter, weil neben mir ein gleich blauer Ignis aus Norwegen stand :) Puh..<\/p>\n<p>Hatte auch noch 1-2 GB auf meiner schwedischen Simkarte \u00fcbrig und musste die somit noch mit ein paar Prime-Video-Downloads loswerden. W\u00e4r ja nicht unbedingt n\u00f6tig, weil man das auch in Superm\u00e4rkten oder Skigebieten downloaden kann, wo man hier und da gratis WLAN hat.<\/p>\n<p>Ich fuhr noch nach Norwegen und die paar hundert Meter runter nach Meraker, da sollte es heut Nacht eher regnen als schneien, was mir zum n\u00e4chtigen lieber war. Und noch einen Rema-Supermarkt besuchen, da ich in Schweden keine teuren Getr\u00e4nke mit schwedischem Pfand kaufen wollte.<\/p>\n<p><a href='http:\/\/extra.inmontanis.info\/d\/75105-3\/DSC03302.jpg'><img src=http:\/\/extra.inmontanis.info\/d\/75104-4\/DSC03302.jpg \/><\/a><br \/>\n^ Skigebiet von Meraker, naja, schaut irgendwie unspannend aus<\/p>\n<p><a href='http:\/\/extra.inmontanis.info\/d\/75109-3\/DSC03304.jpg'><img src=http:\/\/extra.inmontanis.info\/d\/75108-4\/DSC03304.jpg \/><\/a><br \/>\n^ Das k\u00f6nnte vielleicht mal eine der Talabfahrten zur DSB gewesen sein, aber das gibt es alles nicht mehr.<\/p>\n<p>\u00dcbernachtet wird nach Meraker an einem Rastplatz direkt an der Stra\u00dfe. Unsch\u00f6n, aber es war schon 19:30 und ich hab ja die n\u00e4chsten beiden Tage regenbedingt kein Skigebiet anzufahren. Gerade so, dass ich den Inhalt der 2 Einkaufst\u00fcten unters Bett verr\u00e4umen konnte. Damit steht fest, dass ich die Tourenski bei der Heimfahrt auf dem Dach lassen muss. Wobei einige Eink\u00e4ufe nat\u00fcrlich nicht unters Bett kamen, zB. die Fertiggerichte f\u00fcr die n\u00e4chsten Tage (naja, die kamen in den K\u00fchlschrank unterm Bett) oder die wohl ca. 1kg L\u00f6sgodis &#8211; S\u00fc\u00dfigkeiten.<\/p>\n<p>(Die n\u00e4chste Zeit wird es aufgrund der noch unbekannten, t\u00e4glich wechselnden Skigebiete wieder mehr + interessantere Bilder geben.)<\/p>\n","protected":false},"excerpt":{"rendered":"<p>5.4.2022<\/p>\n<p>.. mal schaun, was heute nicht l\u00e4uft &#8230; zumindest mal morgens die EUB wegen starken Windes.<\/p>\n<p>So, hab nun den Campingplatz bis morgen bezahlt (und noch etwas Rabatt bekommen). Vorgehabt h\u00e4tte ich, bis Freitag in Are&#038;Duved zu bleiben, dann westw\u00e4rts zu fahren und an den beiden Gebieten diesseits und jenseits der Grenzen zu halten: <a href=\"http:\/\/blog.inmontanis.info\/?p=7493\">[&#8230;]<\/a><\/p>\n","protected":false},"author":1,"featured_media":7496,"comment_status":"closed","ping_status":"closed","sticky":false,"template":"","format":"standard","meta":{"footnotes":""},"categories":[185,696,681,18,19,27,632],"tags":[57,38,45,47],"class_list":["post-7493","post","type-post","status-publish","format-standard","has-post-thumbnail","hentry","category-2021-08-skandinavien","category-are","category-duved-tegefjall","category-norwegennorway","category-schwedensweden","category-skifahren-winterskiing-winter","category-storlien","tag-8sb","tag-dsb","tag-see","tag-sl","odd"],"_links":{"self":[{"href":"http:\/\/blog.inmontanis.info\/index.php?rest_route=\/wp\/v2\/posts\/7493","targetHints":{"allow":["GET"]}}],"collection":[{"href":"http:\/\/blog.inmontanis.info\/index.php?rest_route=\/wp\/v2\/posts"}],"about":[{"href":"http:\/\/blog.inmontanis.info\/index.php?rest_route=\/wp\/v2\/types\/post"}],"author":[{"embeddable":true,"href":"http:\/\/blog.inmontanis.info\/index.php?rest_route=\/wp\/v2\/users\/1"}],"replies":[{"embeddable":true,"href":"http:\/\/blog.inmontanis.info\/index.php?rest_route=%2Fwp%2Fv2%2Fcomments&post=7493"}],"version-history":[{"count":4,"href":"http:\/\/blog.inmontanis.info\/index.php?rest_route=\/wp\/v2\/posts\/7493\/revisions"}],"predecessor-version":[{"id":7498,"href":"http:\/\/blog.inmontanis.info\/index.php?rest_route=\/wp\/v2\/posts\/7493\/revisions\/7498"}],"wp:featuredmedia":[{"embeddable":true,"href":"http:\/\/blog.inmontanis.info\/index.php?rest_route=\/wp\/v2\/media\/7496"}],"wp:attachment":[{"href":"http:\/\/blog.inmontanis.info\/index.php?rest_route=%2Fwp%2Fv2%2Fmedia&parent=7493"}],"wp:term":[{"taxonomy":"category","embeddable":true,"href":"http:\/\/blog.inmontanis.info\/index.php?rest_route=%2Fwp%2Fv2%2Fcategories&post=7493"},{"taxonomy":"post_tag","embeddable":true,"href":"http:\/\/blog.inmontanis.info\/index.php?rest_route=%2Fwp%2Fv2%2Ftags&post=7493"}],"curies":[{"name":"wp","href":"https:\/\/api.w.org\/{rel}","templated":true}]}}