{"id":7477,"date":"2022-03-29T19:26:07","date_gmt":"2022-03-29T17:26:07","guid":{"rendered":"http:\/\/blog.inmontanis.info\/?p=7477"},"modified":"2023-08-05T13:39:11","modified_gmt":"2023-08-05T11:39:11","slug":"are-23-29-3-2022-bilderschwerpunkt-ssb","status":"publish","type":"post","link":"http:\/\/blog.inmontanis.info\/?p=7477","title":{"rendered":"\u00c5re, 23.-29.3.2022 \/ Bilderschwerpunkt SSB"},"content":{"rendered":"<p><strong>23.3.2022<\/strong><\/p>\n<p>Letzter zugleich warmer+sonnigGEMELDETer Tag f\u00fcr \u00fcber 1 Woche lt. Vorhersagen. Leider auch stark windig oben. PB, EUB und der oberste der Gipfel-SL waren um 11 Uhr windbedingt geschlossen und blieben es wohl auch den Tag \u00fcber. Somit leider keine M\u00f6glichkeit, nochmals bei Sulz in den sch\u00f6nen Graben zu gelangen.<\/p>\n<p>Daf\u00fcr bin ich heute endlich in den Ort zur SSB-Talstation gefahren. Und wollte dort im Max-Fastfoodrestaurant essen. Mein letzter und vielleicht damals erster Besuch in einem MAX war ja nicht gerade positiv, eine Plastik-Verschlusskappe einer Getr\u00e4nke- oder Saucenflasche war in meinem Burger, im Salat\/Saucen\/K\u00e4segemisch.<\/p>\n<p>Seitdem war ich in keinem MAX mehr. Also dann heute ggf. die zweite  Chance, weil es halt zuf\u00e4llig brauchbar im Ort liegt. Aber es sollte wieder nicht sein. Es gibt Bestellterminals, also wollte ich die nutzen, um zu sehen, wie ich die Burger anpassen kann. Beide Terminals sind mir bei der Bedienung gleich am Anfang schon abgest\u00fcrzt. Und wenn mich was \u00e4rgert, geb ich kein Geld aus. Also bin ich wieder rausgegangen, ohne dort zu essen und hab etwas gewartet, bis die SSB abgefahren ist, um die n\u00e4chste zu nehmen.<\/p>\n<p>Wo aber nun was essen? Zur Tanke r\u00fcbergehen und Hotdog oder TK-Gericht (V\u00e4rmestuga-Mikro) kaufen? Die g\u00fcnstigen K\u00f6ttbullar an der PB-Bergstation fallen aus, da man nicht raufkommt. Oder was in der R\u00f6dkullen-V\u00e4rmestuga kaufen? Zumindest leichter erreichbar. Pizza+Hotdog dort gekauft, wobei mich der Typ hier ja auch nervt, weil er kein Englisch versteht, weil der Ausl\u00e4nder (evtl. Afrikaner oder Inder oder so \u00e4hnlich) nicht versteht, was mit &#8220;Hot Dog&#8221; gemeint ist und wenn ich das schwedische Wort sage, spreche ich es vielleicht falsch aus, weil der antwortet mit &#8220;Coffee?&#8221;, obwohl er doch zumindest &#8220;Grill&#8221; in meinem Geblubber verstehen m\u00fcsste (und mir dann ein gekochtes, nicht gegrilltes W\u00fcrstl andrehen wollte, waren aber keine mehr da).<\/p>\n<p>Zuvor an der DSB hat&#8217;s auch schon zum Nieselregnen angefangen, obwohl heuer trocken gemeldet war. Bis ich nach dem Essen notgedrungen nochmals den R\u00f6dkulle-SL rauf und den langen Schiebeweg zum Ull\u00e5dals-Parkplatz gefahren bin, war ich nat\u00fcrlich nass.  Wie ich Wetter bzw. falsche Wetterberichte hasse!! Nach 17 Uhr oder so blieb es dann wieder l\u00e4ngere Zeit trocken.<\/p>\n<p>Meinem heutigen GAP (GenerellAngePisst) &#8211; Level nach m\u00fcsste ich eigentlich hier wegfahren und wo anders hin. Mal schaun, ob ich eine EMail-Antwort vom Campingplatzbetreiber bekomm oder nicht, wenn nicht, werd ich mir das vielleicht \u00fcberlegen.<\/p>\n<p>Auch von Skistar kam bisher keine weitere Antwort mehr zum Skiservice-20%-Thema, die erste Antwort war, dass es das schon gibt und es in der App sein m\u00fcsste, sofern ich nicht nur einen lokalen Saisonpass h\u00e4tte. Also mit Skipass\/Buchungsnummer geantwortet und darauf eine Antwort erhalten, dass es an eine andere Abteilung weitergeleitet wird. (Auch eine Woche sp\u00e4ter nichts mehr geh\u00f6rt.)<\/p>\n<p><a href='http:\/\/ski.inmontanis.info\/d\/303264-2\/DSC03063.jpg'><img src=http:\/\/ski.inmontanis.info\/d\/303263-3\/DSC03063.jpg \/><\/a><br \/>\n^ Ab in den Graben &#8211; aber \u00fcber die 4SB<\/p>\n<p><a href='http:\/\/ski.inmontanis.info\/d\/303268-2\/DSC03064.jpg'><img src=http:\/\/ski.inmontanis.info\/d\/303267-3\/DSC03064.jpg \/><\/a><br \/>\n^ Abfahrt ins Zentrum zur SSB<\/p>\n<p><a href='http:\/\/ski.inmontanis.info\/d\/303272-2\/DSC03065.jpg'><img src=http:\/\/ski.inmontanis.info\/d\/303271-3\/DSC03065.jpg \/><\/a><br \/>\n^ Abfahrt ins Zentrum zur SSB mit Blick zur PB, DSB, 6KSB<\/p>\n<p><a href='http:\/\/ski.inmontanis.info\/d\/303276-2\/DSC03066.jpg'><img src=http:\/\/ski.inmontanis.info\/d\/303275-3\/DSC03066.jpg \/><\/a><br \/>\n^ Abfahrt ins Zentrum zur SSB<\/p>\n<p><a href='http:\/\/ski.inmontanis.info\/d\/303280-2\/DSC03067.jpg'><img src=http:\/\/ski.inmontanis.info\/d\/303279-3\/DSC03067.jpg \/><\/a><br \/>\n^ Abfahrt ins Zentrum zur SSB<\/p>\n<p><a href='http:\/\/ski.inmontanis.info\/d\/303284-2\/DSC03068.jpg'><img src=http:\/\/ski.inmontanis.info\/d\/303283-3\/DSC03068.jpg \/><\/a><br \/>\n^ Ende der Abfahrt ins Zentrum zur SSB<\/p>\n<p><a href='http:\/\/ski.inmontanis.info\/d\/303288-2\/DSC03069.jpg'><img src=http:\/\/ski.inmontanis.info\/d\/303287-3\/DSC03069.jpg \/><\/a><br \/>\n^ Talstation SSB. Steht hier etwa der Korb vom ehemaligen Korblift, der bei meinem ersten Sommerbesuch am Restaurant oben bei der 4SB-Bergstation stand?<\/p>\n<p><a href='http:\/\/ski.inmontanis.info\/d\/303292-2\/DSC03070.jpg'><img src=http:\/\/ski.inmontanis.info\/d\/303291-3\/DSC03070.jpg \/><\/a><br \/>\n^ Talstation SSB<\/p>\n<p><a href='http:\/\/ski.inmontanis.info\/d\/303296-2\/DSC03071.jpg'><img src=http:\/\/ski.inmontanis.info\/d\/303295-3\/DSC03071.jpg \/><\/a><br \/>\n^ Talstation SSB<\/p>\n<p><a href='http:\/\/ski.inmontanis.info\/d\/303300-2\/DSC03072.jpg'><img src=http:\/\/ski.inmontanis.info\/d\/303299-3\/DSC03072.jpg \/><\/a><br \/>\n^ Zentrumsplatz unter der SSB-Talstation<\/p>\n<p><a href='http:\/\/ski.inmontanis.info\/d\/303304-2\/DSC03074.jpg'><img src=http:\/\/ski.inmontanis.info\/d\/303303-3\/DSC03074.jpg \/><\/a><br \/>\n^ Abfahrt blauer Wagen, man darf auch an der talseitigen offenen Plattform stehen. Was ich dann auch machte<\/p>\n<p><a href='http:\/\/ski.inmontanis.info\/d\/303308-2\/DSC03076.jpg'><img src=http:\/\/ski.inmontanis.info\/d\/303307-3\/DSC03076.jpg \/><\/a><br \/>\n^ Talstation SSB<\/p>\n<p><a href='http:\/\/ski.inmontanis.info\/d\/303312-2\/DSC03077.jpg'><img src=http:\/\/ski.inmontanis.info\/d\/303311-3\/DSC03077.jpg \/><\/a><br \/>\n^ Talstation SSB<\/p>\n<p><a href='http:\/\/ski.inmontanis.info\/d\/303316-2\/DSC03078.jpg'><img src=http:\/\/ski.inmontanis.info\/d\/303315-3\/DSC03078.jpg \/><\/a><br \/>\n^ Talstation SSB<\/p>\n<p><a href='http:\/\/ski.inmontanis.info\/d\/303320-2\/DSC03082.jpg'><img src=http:\/\/ski.inmontanis.info\/d\/303319-3\/DSC03082.jpg \/><\/a><br \/>\n^ Ankunft des roten Wagens<\/p>\n<p><a href='http:\/\/ski.inmontanis.info\/d\/303324-2\/DSC03084.jpg'><img src=http:\/\/ski.inmontanis.info\/d\/303323-3\/DSC03084.jpg \/><\/a><br \/>\n^ Im Inneren des SSB-Wagens<\/p>\n<p><a href='http:\/\/ski.inmontanis.info\/d\/303328-2\/DSC03085.jpg'><img src=http:\/\/ski.inmontanis.info\/d\/303327-3\/DSC03085.jpg \/><\/a><br \/>\n^ So sah es fr\u00fcher aus<\/p>\n<p><a href='http:\/\/ski.inmontanis.info\/d\/303332-2\/DSC03087.jpg'><img src=http:\/\/ski.inmontanis.info\/d\/303331-3\/DSC03087.jpg \/><\/a><br \/>\n^ Im Inneren des SSB-Wagens<\/p>\n<p><a href='http:\/\/ski.inmontanis.info\/d\/303336-2\/DSC03089.jpg'><img src=http:\/\/ski.inmontanis.info\/d\/303335-3\/DSC03089.jpg \/><\/a><br \/>\n^ Talstation SSB<\/p>\n<p><a href='http:\/\/ski.inmontanis.info\/d\/303340-2\/DSC03092.jpg'><img src=http:\/\/ski.inmontanis.info\/d\/303339-3\/DSC03092.jpg \/><\/a><br \/>\n^ Strecke SSB<\/p>\n<p><a href='http:\/\/ski.inmontanis.info\/d\/303344-2\/DSC03094.jpg'><img src=http:\/\/ski.inmontanis.info\/d\/303343-3\/DSC03094.jpg \/><\/a><br \/>\n^ Mittelstation<\/p>\n<p><a href='http:\/\/ski.inmontanis.info\/d\/303348-2\/DSC03095.jpg'><img src=http:\/\/ski.inmontanis.info\/d\/303347-3\/DSC03095.jpg \/><\/a><br \/>\n^ Strecke SSB<\/p>\n<p><a href='http:\/\/ski.inmontanis.info\/d\/303352-2\/DSC03098.jpg'><img src=http:\/\/ski.inmontanis.info\/d\/303351-3\/DSC03098.jpg \/><\/a><br \/>\n^ Mittelstation<\/p>\n<p><a href='http:\/\/ski.inmontanis.info\/d\/303356-2\/DSC03099.jpg'><img src=http:\/\/ski.inmontanis.info\/d\/303355-3\/DSC03099.jpg \/><\/a><br \/>\n^ Mittelstation<\/p>\n<p><a href='http:\/\/ski.inmontanis.info\/d\/303360-2\/DSC03101.jpg'><img src=http:\/\/ski.inmontanis.info\/d\/303359-3\/DSC03101.jpg \/><\/a><br \/>\n^ Strecke SSB<\/p>\n<p><a href='http:\/\/ski.inmontanis.info\/d\/303364-2\/DSC03104.jpg'><img src=http:\/\/ski.inmontanis.info\/d\/303363-3\/DSC03104.jpg \/><\/a><br \/>\n^ Ankunft Bergstation<\/p>\n<p><a href='http:\/\/ski.inmontanis.info\/d\/303368-2\/DSC03105.jpg'><img src=http:\/\/ski.inmontanis.info\/d\/303367-3\/DSC03105.jpg \/><\/a><br \/>\n^ Bergstation SSB<\/p>\n<p><strong>Do, 24.3.2022<\/strong><\/p>\n<p>Gestern w\u00e4re f\u00fcr heute Nachmittag noch eine Niederschlagspause gemeldet worden &#8211; dies war heut fr\u00fch nicht mehr in der Vorhersage. Stattdessen quasi durchgehend leichter Regen heute und morgen (dann nachmittags evtl. Schneeregen oder Schnee). Vor mehr Schnee am Sonntag wird jetzt aber f\u00fcr Samstag sonnig gemeldet.<\/p>\n<p>Der Vormittag verlief dann so: Man erkannte durchaus h\u00e4ufig die Sonne durch die Wolken, aber es nieselte bzw. regnete durchgehend in unterschiedlicher Intensit\u00e4t. Das ist zum Gehen und vielleicht langsamen Langlaufen unproblematischer als zum schnellerem Alpinskifahren, da wird man schnell wesentlich n\u00e4sser. (F\u00fcr&#8217;s Regenradar war es ziemlich die ganze Zeit trocken.) Mittags st\u00e4rkerer Regen.<\/p>\n<p>H\u00e4tte ja heute Duved-Tegefj\u00e4ll waren wollen, aber ohne wasserfestere Kleidung und Trockenm\u00f6glichkeit macht Skifahren f\u00fcr mich heute+morgen keinen Sinn. Da w\u00e4re mal ein Zimmer sch\u00f6n gewesen, aber gibt&#8217;s ja nix g\u00fcnstiges ohne l\u00e4ngere Fahrerei.<\/p>\n<p>Ich wartete noch einige Zeit, bereit hier noch eine Nacht zu verbringen oder noch ein bisschen Skizufahren. Nach 13h kam die E-Mail vom Campingplatzbetreiber. Wollte ich nicht sparsamer sein, das Service auf daheim verschieben, w\u00fcrd ich einfach dort hin fahren, wo die n\u00e4chsten Tage sonniger und ggf. w\u00e4rmer gemeldet wird. Das macht bei 1-, 2-, 3-w\u00f6chigen Reisen auch Sinn, muss ich mir aber bei monatelangen Reisen abgew\u00f6hnen, da es in Summe zu teuer kommt. Weil man ja eigentlich auch nicht den Zeitdruck wie bei Kurzreisen hat.<\/p>\n<p>Um 15 Uhr gab ich es auf, fuhr zum Supermarkt und Campingplatz. Da h\u00e4tte es doch noch das Regnen aufgeh\u00f6rt und die Sonne kam raus. <\/p>\n<p>Die n\u00e4chste Entt\u00e4uschung heute: Die Salsiccia. Obwohl die Verpackung im ersten Moment gleich ausschaut, scheint es einen Unterschied zu geben, wie ich am Geschmack festgestellt hatte: Das ist leider keine normale, italienische Salsiccia, sondern eine Version &#8220;extra scharf&#8221; (und somit schmeckt man auch nur &#8220;scharf&#8221; und sonst nichts, jedenfalls nicht den typischen Salsiccia-Geschmack). Darauf hinweisen auf der Packung h\u00e4tte wohl der Text &#8220;Piripiri&#8221;, ein Wort, das mir bisher nichts gesagt hat. Jetzt wei\u00df ich: Piripiri ist mir zu scharf. An der Packung vom letzten Jahr stand dort wohl &#8220;Original&#8221;, wie ich in meinem alten Bericht nun nachgelesen hatte :(<\/p>\n<p>Falls ich die anderen 2 W\u00fcrste noch essen sollte und nicht aus Frust\/\u00c4rger wegschmei\u00dfen werde, sollte ich zumindest beim Anbraten das auslaufende Fett mit Papiert\u00fcchern aus dem Topf wischen, denn das machte auch allein schon die Kartoffeln sehr scharf. Vielleicht noch Parmesan erg\u00e4nzen, K\u00e4se k\u00f6nnte die Sch\u00e4rfe auch etwas mildern. (Das Fettauswischen hatte wohl schon etwas funktioniert.)<\/p>\n<p><a href='http:\/\/extra.inmontanis.info\/d\/75069-3\/DSC03106.jpg'><img src=http:\/\/extra.inmontanis.info\/d\/75068-4\/DSC03106.jpg \/><\/a><br \/>\n^ Leider halt nicht die Original-Salsiccia :(<\/p>\n<p><strong>25.3.2022<\/strong><\/p>\n<p>Regen, Sonne, Sturm und viele Lifte geschlossen, nicht nur die Gipfelregion, auch etliche Sesselbahnen in den unteren Bereichen (nur DSB+6KSB liefen, sowie die meisten SL).<\/p>\n<p>Hier ein St\u00fcck \u00f6stlicher am Campingplatz nieselte es zumindest auch fast durchgehend, manchmal Regen. Tendenziell wird&#8217;s im Skigebiet wohl st\u00e4rker sein. Wettvervorhersagen meldeten zu Mittag f\u00fcr ca. 15-17 Uhr eine trocknere Phase. <\/p>\n<p>Man h\u00e4tte ja Zeit zum Duschen gehabt, aber das Auto war eh schon recht feucht und durch den Weg zum WC bringt man auch wieder Feuchtigkeit rein&#8230; dann halt morgen fr\u00fch ..<\/p>\n<p>Leider gibt&#8217;s hier in der N\u00e4he keinen Supermarkt oder Restaurant. Nur zB. eine Skifabrik oder Holzofengesch\u00e4ft.<\/p>\n<p>Nach 12 Uhr w\u00e4r&#8217;s am Campingplatz doch recht trocken geblieben. Aber st\u00fcrmisch. Jede Entscheidung ist da die falsche. F\u00e4hrt man los, f\u00e4ngts sicher wieder zu regnen an. Bleibt man stehen, kommt es sch\u00f6ner und tockner.<\/p>\n<p>Wow, Liftstatus um 14:15 Uhr: die DSB, eigentlich immer wesentlich windstiller als die nebenliegende 6KSB, ist nun auch geschlossen, 6KSB aber noch offen. Auch geschlossen: Ull\u00e5dal&#038;R\u00f6dkulle&#038;Tott-SL. Die SL im Bj\u00f6rnen-Bereich sind noch in Betrieb, <\/p>\n<p>Naja, kaum hatte ich mich um 14:15 ge\u00e4rgert, nicht gefahren zu sein (Scheiben mittlerweile trocken), fing es wieder zu nieseln an. Bevor es dann sonniger wurde. Die 10-30cm Schneefall am Sonntag wurden nun mit nachmitt\u00e4glichem Regen und Schnee am Montag erg\u00e4nzt. Danach sonniger und kalt, tags\u00fcber wieder unter 0\u00b0 und Nachts bis zu -10\u00b0, soweit die Vorhersagen gehen. Hoffentlich schneits wenigstens genug, dass die Abfahrten nicht so eisig sind, bzw. bleibt der Schnee halbwegs auf den Pisten und wird nicht komplett rausgeweht.<\/p>\n<p><strong>Sa, 26.3.2022<\/strong><\/p>\n<p>Etwas sonniger, aber weiterhin st\u00fcrmisch heute, also viel geschlossen. Ich fuhr zum n\u00e4hesten  Einstiegspunkt, der ist in Bj\u00f6rnen und bleib den Tag \u00fcber im Bj\u00f6rnen-Teil. Die Verbindungs-6KSB ist eh geschlossen.<\/p>\n<p>SL rechts: fuhr langsamer, vmtl. wg. Wind oben. Linke Abfahrt wg. Schneemangel &#038; Vereisung gesperrt, rechte ca. halbbreit offen (Eisplatten daneben) und weil flach und Gegenwind zumeist Schussfahrt n\u00f6tig. <\/p>\n<p>SL mitte: fuhr langsamer, vmtl. wg. Wind oben, Abfahrt ok, aber Wartezeiten<\/p>\n<p>SL links, also neben der geschlossenen 6KSB: riesige Warteschlange,  daher wieder zur\u00fcck zum mittleren SL und dort auch l\u00e4ngere Warteschlange gehabt (leider ist man hier gefangen), daher danach zum Auto und gewartet in der Hoffnung, dass es zu Mittag etwas leerer w\u00fcrde. Immerhin kein Nieselregen, sondern einzelne Schneeflocken.<\/p>\n<p>Zu Mittag war es amm mittleren+rechten SL zwar leerer, aber die 6KSB war mittlerweile ausgaragiert, daher sind alle dort hin gezogen und warteten an der Talstation auf die \u00d6ffnung. Somit noch mehr los dort. Also wieder zum mittleren SL, den 2x gefahren und nochmal r\u00fcbergeschaut: SL neben der 6KSB leider wieder eingestellt, 6KSB war in Betrieb, aber mit langer Warteschlange. Daher zum Auto und um 13h aufgeh\u00f6rt. Am Wochenende sollte man einfach nicht in Are skifahren wollen, jedenfalls nicht, wenn halbwegs brauchbares Wetter gemeldet wird.<\/p>\n<p>Nachts und morgen Vormittag soll&#8217;s schneien, aber ab Mittag wieder regnen, danach wieder etwas schneien .. also werd ich morgen und evtl. auch \u00fcbermorgen nicht Ski fahren.<\/p>\n<p>Die letzte der 3 zu scharfen Salsicce gab&#8217;s heute mit den \u00fcblichen Kartoffelecken (bzw. nicht ganz so \u00fcblich, weil die hier nicht vorgebratan waren?!), Rosmarin, aber auch mit R\u00f6stzwiebeln, Tomatenmark, Sahne, Gruyere- und Parmesan-K\u00e4se und Apfelmus. Ging auch.<\/p>\n<p><a href='http:\/\/extra.inmontanis.info\/d\/75073-3\/DSC03112.jpg'><img src=http:\/\/extra.inmontanis.info\/d\/75072-4\/DSC03112.jpg \/><\/a><br \/>\n^ Zutaten f\u00fcr die n\u00e4chsten \u00c4lplermagronen gekauft, gibt&#8217;s morgen.<\/p>\n<p><a href='http:\/\/extra.inmontanis.info\/d\/75077-3\/DSC03113.jpg'><img src=http:\/\/extra.inmontanis.info\/d\/75076-4\/DSC03113.jpg \/><\/a><br \/>\n^ Am Campingplatz wechselte es immer wieder zwischen schneebedeckt und matschig<\/p>\n<p><strong>So, 27.3.2022<\/strong><\/p>\n<p>Die Sommerzeitumstellung hat mich heute wenigstens nicht gest\u00f6rt, bei den Wettervorhersagen wollte ich heute eh nicht fahren. Wobei der Schneefall schon ab 9:30 Uhr eher nach Schneeregen aussah.<\/p>\n<p>Am Campingplatz dann auch kaum Schnee oder Regen vormittags, auch kein starker Wind, der aber im Skigebiet sein soll. S\u00e4mtliche Gipfellifte, sowie die meisten Sesselifte wieder au\u00dfer Betrieb.<\/p>\n<p>Ich seh&#8217;s schon kommen, morgen Nachmittag,  wo eigentlich trockener gemeldet w\u00fcrde, werde ich skifahren und es wird sich herausstellen, dass es n\u00e4sser als gemeldet wird &#8211; und heute trockner als gemeldet der bessere Tag gewesen w\u00e4re &#8211; so wie gestern vs. vorgestern. <\/p>\n<p>W\u00fcrde ich jetzt losfahren, weil es hier grad halbwegs sonnig ist, w\u00fcrde es sicherlich regnen, bis ich im Skigebiet ankomme, oder? Vielleicht sollte ich in Zukunft immer an dem Tag fahren, an dem ich nicht fahren will, wo das Wetter schlechter gemeldet wird? Weil es dann h\u00f6chstwahrscheinlich besser sein wird  (=positive Erfahrung) und Tage, wo sch\u00f6n gemeldet wird, h\u00e4ufiger schlechter als gemeldet sein werden (=negative Erfahrung)? Wenn ein Schlechtwettertag dann so schlecht wird wie gemeldet, w\u00fcrde man ja quasi nix verlieren (neutral bleiben, weil man sich urspr\u00fcnglich mit dem schlechten Wetter abgefunden h\u00e4tte) &#8230;. <\/p>\n<p>Naja, wahrscheinlich w\u00e4r&#8217;s eh wieder zu voll gewesen heute, massiger Gegenwind auf den Abfahrten &#8230; und eine halbe Stunde sp\u00e4ter setzte doch wieder Wind+Regen auch hier am CP ein. <\/p>\n<p>Schlussendlich wieder zu viel Texte im Internet gelesen. Was ja auch witzig ist, dass einge Websites gewisse meiner Texte\/Quellen (insb. im Hinblick auf Great Reset und Corona) als Verschw\u00f6rungstheorien abcanceln, die von Russland initiert \/ gesponsert sein sollen, also die behaupten das, nicht im Konjunktiv. Also im Prinzip ebenfalls eine Verschw\u00f6rungstheorie verbreiten, weil sie daf\u00fcr ja keine Beweise haben. Die gleiche Doppelmoral eben, wie auch den russischen Medien Propaganda vorzuwerfen, den westlichen Mainstreammedien oder &#8220;Faktencheckern&#8221; aber die 1000%ige Wahrheit attestieren zu wollen&#8230;<\/p>\n<p>Irgendwo hat einer bekritelt, dass die Welt nur noch Schwarz-Wei\u00df denkt. Ich glaub, das ist heutzutage die falsche Bezeichnung, passender w\u00e4re: bin\u00e4r. 1 oder 0, ja oder nein. Ist zwar \u00e4hnlich zu schwarz-wei\u00df, aber zwischen Schwarz und Wei\u00df g\u00e4be es zumindest noch m\u00f6gliche Graut\u00f6ne. Bei bin\u00e4rem Denken, und das Volk soll vmtl. zu einem bin\u00e4ren Wesen werden, wenn es dereinst mit dem Computer verschmelzen soll, gibt es diese Zwischenstufen nicht mehr. Wenn du nicht f\u00fcr uns bist, bist du gegen uns, du musst dich entscheiden, sonst bist du automatisch gegen uns und unser Feind. <\/p>\n<p>(Linksammlung wie \u00fcblich unten am Beitragsende.)<\/p>\n<p>Abends leider lange ziemlicher Dauerregen. In Kombination mit der bevorstehenden K\u00e4ltewelle wird der Schnee wohl nicht nur offpiste zu vergessen sein &#8211; die paar cm Neuschnee, die morgen noch kommen sollen, werden auch die eisigen Pisten nicht kaschieren k\u00f6nne. Au\u00dfer es h\u00e4tte wenigstens ein St\u00fcck weiter oben nicht mehr geregnet..<\/p>\n<p><strong>28.3.2022<\/strong><\/p>\n<p>Die Nacht verlief st\u00fcrmisch, das Stromkabel schlug immer wieder ans Auto. Morgens lag weniger Schnee vor dem Auto als gestern fr\u00fch. Na toll.<\/p>\n<p>Au\u00dfer dem Park-SL und der einen 6KSB (und den \u00dcbungs-Tellerliften) und den SL im Bj\u00f6rnen-Teil sind heute Vormittag wieder alle Lifte  geschlossen. <\/p>\n<p>Der Rest meiner Aufzeichnung zum 28.3. ist leider nicht mehr lesbar, weil Google Notes\/Keep das komplett durch den Fleischwolf gedreht hat. Da werd ich mir, wenn ich daheim bin und Zeit f\u00fcr solche Dinge hab, mal was anderes \u00fcberlegen.<\/p>\n<p>Schaut dann z.B. so aus:<\/p>\n<p>Da ich n nwirdla Bj\u00f6ro n fa.af\u00fcr ncht no m int wie Regen wsir T wan?g t Regnaradar-vormsageblzend ibttgs \u00fct m Sgz bumAto udnacvrs rcbingen wollr. PLujod kommt rt  nhiee (ugs Wn wird eteaf\u00fcr kch&#8230;<\/p>\n<p>rbeg zu fhnuefPLs 6krista: n. wdie \u00dcbiek\u00e4lt3erndtund n\u00e4chseglagjod kommt eaured t nochne, hieruf d da ae zume s ii olstt nasses schch etwas chgsra\u00dfe, in Bj\u00f6nenn dae, insb n\u00e4c hstestzt, umwe. llte also weg zu fauark Shc uhhne. w fall, skischin am uzcampingplatz l he neb d chneevgblezgibe  d n und eien\u00e4tlichs ni.nu zsind g Bj\u00f6die dgadar inn s 020min sjedoaik Sc hn ffall, skion, insbsehe  mal gzmgn uachd ad noluved, halc uhrwleinlicuzm nke sl nh, \u00e4n kam gr6ksb DergPLus \u00e4ndigfunktion. matirwie ltd mal m sneemobimad nd ur ich ichtig die \u00dcbenrsgistegn?  ichtf inige zeite,  dauerhan kam nrgst\u00e4ndkostge mi  mn.<\/p>\n<p>derbusanrsanhhhr st\u00fcals\u00fcrmioeinar mwarm (usc\u00fcrmd dem auchSLrk gfahenac, wo aca.man,quasi abeakeinek jwa vrezchnieite,ra\u00fcckmageen, normaeahr jagechidkeit undvja voen,man p\u00fche kkonnknnnnte,e, dabe,r dasswedeardasm  eder im gegegegennnsm sl nochauf en pisz was voum stuz atz\u00fcrmturm. aber absr baldaber wiso gedr aufil wa h\u00f6r zumwaa w(ud\u00fcrd.on- auchnoch offpiste. d w scn\u00f6rt won 2cm mahneuchne auchf dem eisigen hnvwowiergrnd dwaren teils dmklumebr auunddie daufsda pistn ig, eimglsebz zum stu\u00f6abgeweht m\u00df bundldan wseh eiedmsg. nachten. cac. 6 w\u00fcrd\u00fcrdahr2h..aufg omomit auch t auchen idahr ichwi idrrauch\u00fcckgeiilfahrhin dekeen, woen  esp\u00df abmrwedersenhr\u00fcrmischinn, kwa(uneed auchark schneic den  spn, wo man ia ichsocb ja vonaugehknntrhirhja. ae, das tada  imgegeaf dso m\u00f6nsatz zum stutm, bald wiede r aufh\u00f6r sk\u00fcrdkmaeichtcht ja.aufgeh\u00f6rt aan siohabomt auch ichwi dr tumunddie m\u00f6pistten tagtajdkeineman sp\u00df mammanfchtn.ca. 2h dddallsfalls r iimrhiaf den skein,eichtnja.ankafsochentagn.s<\/p>\n<p>etc.<\/p>\n<p>\u00dcbersetzt so ungef\u00e4hr: Lang bin ich nicht geblieben, weil alles recht eisig, die 2cm Neuschnee waren zwischen leicht pappig und eisigem Untergrund, insb. dort wo der Neuschnee weggeweht war.<\/p>\n<p><a href='http:\/\/ski.inmontanis.info\/d\/303372-2\/DSC03116.jpg'><img src=http:\/\/ski.inmontanis.info\/d\/303371-3\/DSC03116.jpg \/><\/a><br \/>\n^ Endlich mal wieder den SL H\u00f6g\u00e5sliften neben der 6KSB fahren k\u00f6nnen. F\u00e4hrt momentan ja leider nur, wenn die 6KSB wegen Wind steht. So sonnig war&#8217;s nat\u00fcrlich nicht die ganze Zeit heute<\/p>\n<p><a href='http:\/\/ski.inmontanis.info\/d\/303376-2\/DSC03117.jpg'><img src=http:\/\/ski.inmontanis.info\/d\/303375-3\/DSC03117.jpg \/><\/a><br \/>\n^ Offpiste am H\u00f6g\u00e5sliften mit Blick zu anderen SL in Bj\u00f6rnen<\/p>\n<p><strong>29.3.2022<\/strong><\/p>\n<p>Heute Vormittag bei wolkenlosem Sonnenschein geschlossen: EUB wg. Vereisung, PB wg. Vereisung, oberster SL wegen Vereisung, der etwas untere, r\u00fcckseitige, obere SL wegen Pr\u00e4parierung (soll aber im Laufe des Tages \u00f6ffnen), die 8KSB wegen technischem Problem, die 6KSB in Duved auch wg. Vereisung. Sonst ziemlich alles offen. Naja, sch\u00f6n wenigstens, dass die Gr\u00fcnde kommuniziert werden. Und sch\u00f6ner Sonnenschein.<\/p>\n<p><a href='http:\/\/ski.inmontanis.info\/d\/303380-2\/DSC03119.jpg'><img src=http:\/\/ski.inmontanis.info\/d\/303379-3\/DSC03119.jpg \/><\/a><br \/>\n^ Ach so schaut der Are-Gipfel mit blauem Himmel aus, schon lang nicht mehr gesehen.<\/p>\n<p><a href='http:\/\/ski.inmontanis.info\/d\/303384-2\/DSC03120.jpg'><img src=http:\/\/ski.inmontanis.info\/d\/303383-3\/DSC03120.jpg \/><\/a><br \/>\n^ &#8230; allerdings kam man momentan halt nicht zum Gipfel rauf, diesmal nicht wegen Wind (naja, vielleicht auch, weil hier war es schon recht windig), sondern wegen Vereisung.<\/p>\n<p><a href='http:\/\/ski.inmontanis.info\/d\/303388-2\/DSC03124.jpg'><img src=http:\/\/ski.inmontanis.info\/d\/303387-3\/DSC03124.jpg \/><\/a><br \/>\n^ Hier wurden letzte Woche weitere B\u00e4ume abges\u00e4gt, ggf. Verbreiterung f\u00fcr die KSB. Die schwarze Abfahrt an der DSB (also die Steilh\u00e4nge) war gr\u00f6\u00dftenteils sch\u00f6n aufgefirnt, was leider auf keine andere Abfahrt zutraf. Sonst eher viel eisig, manchmal knollig.<\/p>\n<p><a href='http:\/\/ski.inmontanis.info\/d\/303392-2\/DSC03125.jpg'><img src=http:\/\/ski.inmontanis.info\/d\/303391-3\/DSC03125.jpg \/><\/a><br \/>\n^ Die PB fuhr sehr langsam s\u00fcdlich, vielleicht morgen offen? (Spoiler: Nein, da war der Gipfelbereich mal wieder wegen Sturm komplett geschlossen.)<\/p>\n<p><a href='http:\/\/ski.inmontanis.info\/d\/303396-2\/DSC03126.jpg'><img src=http:\/\/ski.inmontanis.info\/d\/303395-3\/DSC03126.jpg \/><\/a><br \/>\n^ PB und See<\/p>\n<p><a href='http:\/\/ski.inmontanis.info\/d\/303400-2\/DSC03129.jpg'><img src=http:\/\/ski.inmontanis.info\/d\/303399-3\/DSC03129.jpg \/><\/a><br \/>\n^ SL Tott, zweifarbig lackierte St\u00fctzen? Nein, ist Schnee\/Eis<\/p>\n<p><a href='http:\/\/ski.inmontanis.info\/d\/303404-3\/DSC03131.jpg'><img src=http:\/\/ski.inmontanis.info\/d\/303403-4\/DSC03131.jpg \/><\/a><br \/>\n^ Rechts vom SL Tott schaut&#8217;s ein bisschen so aus, als w\u00e4re da mal eine Abfahrt gewesen ..<\/p>\n<p><a href='http:\/\/ski.inmontanis.info\/d\/303408-3\/DSC03132.jpg'><img src=http:\/\/ski.inmontanis.info\/d\/303407-4\/DSC03132.jpg \/><\/a><br \/>\n^ SL Tott<\/p>\n<p><a href='http:\/\/ski.inmontanis.info\/d\/303412-3\/DSC03133.jpg'><img src=http:\/\/ski.inmontanis.info\/d\/303411-4\/DSC03133.jpg \/><\/a><br \/>\n^ Rechts vom SL Tott schaut&#8217;s ein bisschen so aus, als w\u00e4re da mal eine Abfahrt gewesen .. Oder ein Lift? Oder eine Strommastentrasse? Oder einfach nur Zufall.<\/p>\n<p><a href='http:\/\/ski.inmontanis.info\/d\/303416-3\/ge20220323-29a.jpg'><img src=http:\/\/ski.inmontanis.info\/d\/303415-4\/ge20220323-29a.jpg \/><\/a><br \/>\n^ Bescheidener GPS-Track der letzten Skitage (Gelb = vorherige Besuche)<br \/>\n(Rechts ist der Bj\u00f6rnen-Teil, in T\u00fcrkis der H\u00f6gas-SL neben der Sadele-6KSB, links daneben blau der Tott-SL, dann 6KSB\/DSB\/PB-Bereich, 8KSB, nicht gefahren die Tage, und ganz links Ull\u00e5dal\/R\u00f6dkullen-Bereich.)<\/p>\n<p>&#8212;<\/p>\n<p>Tja, also wenn ich davon ausgeh, dass es durch die Sanktionen der EU gegen\u00fcber Russland und den noch zu bef\u00fcrchteten Antworten aus Russland zu einer Entdollarisierung der Weltwirtschaft kommt, zu einer Rezession\/Depression zumindest in Europa, zu einer Installation von China als Weltmacht#1 .. <\/p>\n<p>.. sollte ich dann schnellstm\u00f6glich in ein anderes Land auswandern, und wenn ja, in welches? M\u00f6glichst jedenfalls au\u00dferhalb EU\/USA\/Europa?<\/p>\n<p>.. was sollte ich dann mit meiner Kapitalanlage machen, ja haupts\u00e4chlich Fonds, die in EUR oder USD notiert sind? M\u00f6glichst viel in Rohstoff(papiere) investieren? Oder Fremdw\u00e4hrungen in Form von Devisen?<\/p>\n<p>.. aber wenn sich USA&#038;EU\/EWR gerade selbst in beide Beine schie\u00dft, die Lebensmittelpreise global in die Decke gehen werden .. wird das nicht auch generell gro\u00dfe globale Auswirkungen haben? K\u00f6nnte es z.B. Indien und China weniger betreffen, sollte man also deren W\u00e4hrungen kaufen? H\u00e4tten auch Nicht-Euro-Staaten in Europa eine Zukunft? Und wenn sich bei uns keiner mehr was leisten kann, werden die Rohstoffpreise mangels Nachfrage doch auch wieder in den Keller gehen?<\/p>\n<p>.. sollte man sich mit langhaltenden Lebensmitteln eindecken? Waffen zur Selbstverteidigung besorgen? Sich endlich auf die Apokalypse vorbereiten?<\/p>\n<p>.. oder wird wieder einmal alles nicht so schlimm werden?<\/p>\n<p>Da l\u00e4sst einer ordentlich Dampf ab :)<br \/>\n<a href='https:\/\/coronistan.blogspot.com\/2022\/03\/klima-idiotie-corona-betrug-untergang.html'>https:\/\/coronistan.blogspot.com\/2022\/03\/klima-idiotie-corona-betrug-untergang.html<\/a><\/p>\n<p>.. daraus dieses unaufgeregte Video:<br \/>\n<a href='https:\/\/www.youtube.com\/watch?v=NPAhM1SOANQ'>https:\/\/www.youtube.com\/watch?v=NPAhM1SOANQ<\/a><\/p>\n<p>Ganz meine Meinung, bis auf vielleicht den letzten Absatz, ob das nicht nur Wunschdenken ist:<br \/>\n<a href='https:\/\/www.rubikon.news\/artikel\/heuchlerische-doppelstandards'>https:\/\/www.rubikon.news\/artikel\/heuchlerische-doppelstandards<\/a><\/p>\n<p>Ex-CIA-Mitarbeiter zu UA\/RU:<br \/>\n<a href='https:\/\/tkp.at\/2022\/03\/27\/erreicht-russland-seine-ziele-in-der-ukraine\/'>https:\/\/tkp.at\/2022\/03\/27\/erreicht-russland-seine-ziele-in-der-ukraine\/<\/a><\/p>\n<p>Viel Text:<br \/>\n<a href='https:\/\/www.nachdenkseiten.de\/?p=82217'>https:\/\/www.nachdenkseiten.de\/?p=82217<\/a><\/p>\n<p><a href='https:\/\/www.deutschlandfunkkultur.de\/digitale-identitaet-leben-in-der-ueberwachten-gesellschaft-100.html'>https:\/\/www.deutschlandfunkkultur.de\/digitale-identitaet-leben-in-der-ueberwachten-gesellschaft-100.html<\/a><\/p>\n<p>.. dazu passend auch, dass derartige Total\u00fcberwachungen wirklich geplant sind:<\/p>\n<p><a href='https:\/\/fm4.orf.at\/stories\/3022970\/'>https:\/\/fm4.orf.at\/stories\/3022970\/<\/a><\/p>\n<p>Interessant auch das hier, insb. die Meinungen\/Theorien in den Kommentaren:<\/p>\n<p><a href='https:\/\/www.anti-spiegel.ru\/2022\/will-polen-um-jeden-preis-ein-krieg-zwischen-nato-und-russland\/'>https:\/\/www.anti-spiegel.ru\/2022\/will-polen-um-jeden-preis-ein-krieg-zwischen-nato-und-russland\/<\/a><\/p>\n<p>Wenn&#8217;s so weiter geht, wird im Westen sogar noch der Buchstabe &#8220;Z&#8221; verboten werden .. wenn du denkst, es geht nicht mehr alberner &#8230; passt aber nat\u00fcrlich auch zu dem grassierenden Genderwahn in unseren Breiten:<\/p>\n<p><a href=' https:\/\/www.reuters.com\/world\/europe\/zurich-insurance-removes-z-symbol-after-letter-used-show-support-ukraine-war-2022-03-26\/'> https:\/\/www.reuters.com\/world\/europe\/zurich-insurance-removes-z-symbol-after-letter-used-show-support-ukraine-war-2022-03-26\/<\/a><br \/>\n<a href='https:\/\/rtde.site\/inland\/134759-buchstabe-z-bayern-beschliesst-strafrechtliche-konsequenzen\/'>https:\/\/rtde.site\/inland\/134759-buchstabe-z-bayern-beschliesst-strafrechtliche-konsequenzen\/<\/a><br \/>\n.. oder wer es lieber auf den Mainstreammedien lesen will:<br \/>\n<a href='https:\/\/www.br.de\/nachrichten\/amp\/bayern\/z-zeichen-aus-russland-in-bayern-drohen-rechtliche-konsequenzen,T16nHjD'>https:\/\/www.br.de\/nachrichten\/amp\/bayern\/z-zeichen-aus-russland-in-bayern-drohen-rechtliche-konsequenzen,T16nHjD<\/a><\/p>\n<p>Nunja, im Deutschsprachigen braucht man das &#8220;z&#8221; ja nicht, kann man wohl zumeist mit &#8220;ts&#8221; ersetzen. Mal gespannt, wann die ersten Websites oder Medien jedes &#8220;z&#8221; pauschal mit &#8220;ts&#8221; ersetzen ;-)<br \/>\nTsur Tattseit tsw\u00f6lf tswantsig tswinkerten tswei Kattsen im Tswielicht, erts\u00e4hlte der siebtsehnj\u00e4hrige Pittsabote aus Tswickau tsum Arttst.<\/p>\n<p>Alternativ k\u00f6nnten wir ja den kyrillischen Buchstaben f\u00fcr ts verwenden: \u0446<\/p>\n<p>Ok, schwer lesbar, aber alles Gew\u00f6hnungssache, m\u00fcssen uns ja mit der Ukraine in nur allen erdenklichen Dingen solidarisch zeigen \u00e4h \u0446eigen, oder? :)<\/p>\n<p>(zur Erg\u00e4nzung sei erw\u00e4hnt: &#8220;z&#8221; international aus dem Kyrillischen &#8220;\u0437&#8221; transkribiert steht f\u00fcr ein stimmhaftes &#8220;s&#8221;, daher im Deutschen oft als &#8220;s&#8221; geschrieben, wie z.B.  Zelenskyi \/ Selensky, Orig. \u0437\u0435\u043b\u0435\u043d\u0441\u043a\u0438\u0439)<\/p>\n<p>Weitere Journalistenreise in die Ost-Ukraine<br \/>\nTeil 1:<br \/>\n<a href='https:\/\/www.anti-spiegel.ru\/2022\/meine-reise-in-den-donbass-tag-1\/'>https:\/\/www.anti-spiegel.ru\/2022\/meine-reise-in-den-donbass-tag-1\/<\/a><br \/>\nTeil 2:<br \/>\n<a href='https:\/\/www.anti-spiegel.ru\/2022\/meine-reise-in-den-donbass-tag-2\/'>https:\/\/www.anti-spiegel.ru\/2022\/meine-reise-in-den-donbass-tag-2\/<\/a><\/p>\n<p>Oft kommt mir vor, dass die Nachrichten aus der pro-russischen Ecke  &#8220;logischer&#8221; sind, vern\u00fcnftigere, ruhigere Argumentationen sind, als die aus der pro-westlichen Ecke?! Also &#8220;1+1 ist 2. Wennst mir nix gibst, kriegst keinen Kuchen&#8221; vs. &#8220;1+1? was interessiert mich das, vielleicht 3 oder -2,5. Und wenn ich nix krieg, wird dein Kuchen halt verschimmeln.&#8221; <\/p>\n<p>Auch die von Putin \u00fcbersetzten Reden, das h\u00f6rt sich im Vgl. zu den Aussagen westlicher Politiker, die ich &#8220;auf unserer Seite&#8221; lese, an wie ein alter Mann, der auf einem Kinderspielplatz ruhig auf kleine Arschlochkinder einredet, die sich dar\u00fcber streiten, wer denn nun wem die Rassel geklaut hat. (Auch wenn er sie vielleicht zu seiner eigenen Belustigung selbst hinter dem R\u00fccken versteckt.) <\/p>\n","protected":false},"excerpt":{"rendered":"<p>23.3.2022<\/p>\n<p>Letzter zugleich warmer+sonnigGEMELDETer Tag f\u00fcr \u00fcber 1 Woche lt. Vorhersagen. Leider auch stark windig oben. PB, EUB und der oberste der Gipfel-SL waren um 11 Uhr windbedingt geschlossen und blieben es wohl auch den Tag \u00fcber. Somit leider keine M\u00f6glichkeit, nochmals bei Sulz in den sch\u00f6nen Graben zu gelangen.<\/p>\n<p>Daf\u00fcr bin ich heute endlich <a href=\"http:\/\/blog.inmontanis.info\/?p=7477\">[&#8230;]<\/a><\/p>\n","protected":false},"author":1,"featured_media":7479,"comment_status":"closed","ping_status":"closed","sticky":false,"template":"","format":"standard","meta":{"footnotes":""},"categories":[185,696,19,27],"tags":[56,52,45,47,46],"class_list":["post-7477","post","type-post","status-publish","format-standard","has-post-thumbnail","hentry","category-2021-08-skandinavien","category-are","category-schwedensweden","category-skifahren-winterskiing-winter","tag-6sb","tag-pb","tag-see","tag-sl","tag-ssb","odd"],"_links":{"self":[{"href":"http:\/\/blog.inmontanis.info\/index.php?rest_route=\/wp\/v2\/posts\/7477","targetHints":{"allow":["GET"]}}],"collection":[{"href":"http:\/\/blog.inmontanis.info\/index.php?rest_route=\/wp\/v2\/posts"}],"about":[{"href":"http:\/\/blog.inmontanis.info\/index.php?rest_route=\/wp\/v2\/types\/post"}],"author":[{"embeddable":true,"href":"http:\/\/blog.inmontanis.info\/index.php?rest_route=\/wp\/v2\/users\/1"}],"replies":[{"embeddable":true,"href":"http:\/\/blog.inmontanis.info\/index.php?rest_route=%2Fwp%2Fv2%2Fcomments&post=7477"}],"version-history":[{"count":2,"href":"http:\/\/blog.inmontanis.info\/index.php?rest_route=\/wp\/v2\/posts\/7477\/revisions"}],"predecessor-version":[{"id":7480,"href":"http:\/\/blog.inmontanis.info\/index.php?rest_route=\/wp\/v2\/posts\/7477\/revisions\/7480"}],"wp:featuredmedia":[{"embeddable":true,"href":"http:\/\/blog.inmontanis.info\/index.php?rest_route=\/wp\/v2\/media\/7479"}],"wp:attachment":[{"href":"http:\/\/blog.inmontanis.info\/index.php?rest_route=%2Fwp%2Fv2%2Fmedia&parent=7477"}],"wp:term":[{"taxonomy":"category","embeddable":true,"href":"http:\/\/blog.inmontanis.info\/index.php?rest_route=%2Fwp%2Fv2%2Fcategories&post=7477"},{"taxonomy":"post_tag","embeddable":true,"href":"http:\/\/blog.inmontanis.info\/index.php?rest_route=%2Fwp%2Fv2%2Ftags&post=7477"}],"curies":[{"name":"wp","href":"https:\/\/api.w.org\/{rel}","templated":true}]}}