{"id":7472,"date":"2022-03-22T18:07:13","date_gmt":"2022-03-22T17:07:13","guid":{"rendered":"http:\/\/blog.inmontanis.info\/?p=7472"},"modified":"2023-08-05T13:39:15","modified_gmt":"2023-08-05T11:39:15","slug":"edsasdalen-are-duved-tegefjall-17-22-3-2022","status":"publish","type":"post","link":"http:\/\/blog.inmontanis.info\/?p=7472","title":{"rendered":"Eds\u00e5sdalen, \u00c5re, Duved-Tegefj\u00e4ll, 17.-22.3.2022"},"content":{"rendered":"<p><strong>17.3.2022<\/strong> &#8211; \u00c5re<\/p>\n<p>Heute ganztags bedeckt und daher zumeist recht eisig, trotz knapper Plusgrade. Dazu oben wohl recht windig, da die EUB nur \u00fcber Mittag ein paar Stunden in Betrieb war. Rest lief aber, inkl PB. Bin heut nicht im Gipfelbereich gewesen.<\/p>\n<p>V\u00e4rmestuga R\u00f6dkullen war mittags voll, daher zur 8KSB Talstation gefahren, da war dann auch eine, mit freiem Platz und Mikrowellen\u00f6fen.<\/p>\n<p>War auch kurz an der SSB-Bergstation im kleinen Museum, bin aber nicht die SSB runter- und wieder raufgefahren. Aber ich hatte mir sp\u00e4ter noch ein paar Satbilder\/Streetview-Bilder angesehen, man kann doch auf Skiern bis zum Platz fahren, wo die SSB startet. Werd ich also mal machen. Da soll auch ein Max-Fastfoodrestaurant sein, was vmtl. weniger Fu\u00dfweg w\u00e4re als die Sibylla \u00fcber der OKQ8-Tankstelle, wo man von der PB-Talstation aus \u00fcber den Parkplatz muss. Dadurch k\u00f6nnte dies aber leerer sein. Naja, f\u00fcr die n\u00e4chsten 2 Tagen hab ich noch gestern gekaufte TK-Gerichte (K\u00f6ttbullar, Pizzast\u00fccke; heute hatte ich Quiche dabei.)<\/p>\n<p><a href='http:\/\/ski.inmontanis.info\/d\/303164-2\/DSC02956.jpg'><img src=http:\/\/ski.inmontanis.info\/d\/303163-3\/DSC02956.jpg \/><\/a><br \/>\n^ In den Zeitungskopien im Museum an der Bergstation der SSB war auch diese Werbung von Nordstr\u00f6ms Linbanor, dem Erbauer der Korblifte in \u00c5re<\/p>\n<p><a href='http:\/\/ski.inmontanis.info\/d\/303168-2\/DSC02957.jpg'><img src=http:\/\/ski.inmontanis.info\/d\/303167-3\/DSC02957.jpg \/><\/a><br \/>\n^ Hier ein Bild der Korblift-Mittelstation<\/p>\n<p><a href='http:\/\/ski.inmontanis.info\/d\/303172-2\/DSC02957-2.jpg'><img src=http:\/\/ski.inmontanis.info\/d\/303171-3\/DSC02957-2.jpg \/><\/a><br \/>\n^ Und ein Foto der Abfahrten im unteren Bereich mit einem Hinweis Nya Skidlift, die PB gab&#8217;s damals auch noch nicht.<\/p>\n<p><a href='http:\/\/ski.inmontanis.info\/d\/303176-2\/DSC02961.jpg'><img src=http:\/\/ski.inmontanis.info\/d\/303175-3\/DSC02961.jpg \/><\/a><br \/>\n^ Versetzt aktuelles Foto (PB-DSB-6KSB), der damals neue Skilift k\u00f6nnte also entweder in der PB-Trasse oder der DSB-Trasse gegangen sein<\/p>\n<p><a href='http:\/\/ski.inmontanis.info\/d\/303180-2\/DSC02960.jpg'><img src=http:\/\/ski.inmontanis.info\/d\/303179-3\/DSC02960.jpg \/><\/a><br \/>\n^ Ein Foto gibts auch noch &#8211; k\u00f6nnte ein M\u00fcller-ESL gewesen sein?!<\/p>\n<p><a href='http:\/\/ski.inmontanis.info\/d\/303184-2\/DSC02958.jpg'><img src=http:\/\/ski.inmontanis.info\/d\/303183-3\/DSC02958.jpg \/><\/a><br \/>\n^ Noch ein Zeitungsfoto von fr\u00fcher<\/p>\n<p>Nachmittags hatte ich noch Lust auf Zucker und probierte mal einen schwedischen Krapfen:<\/p>\n<p><a href='http:\/\/extra.inmontanis.info\/d\/75053-2\/DSC02962.jpg'><img src=http:\/\/extra.inmontanis.info\/d\/75052-3\/DSC02962.jpg \/><\/a><br \/>\n^ In der V\u00e4rmestuga \/ Shop R\u00f6dkullen kosten Kuchenst\u00fccke, Muffins, Zimtschnecken und Krapfen (mit Vanille nicht meine Wunsch\u00fcllung) 35,- SEK Einheitspreis. 2 Zimtschnecken und 2 warme Getr\u00e4nke gibt&#8217;s allerdings als Set um 70,- SEK.<\/p>\n<p>Also, abends kalt zu essen ist nicht so mein Fall. Entweder gar nichts, wenn man nachmittags sehr viel warm isst, ansonsten lieber den Tag \u00fcber kalt und abends warm. Zumindest abends keine Brote\/Semmeln mit Schinken \/ K\u00e4se. \u00dcberhaupt ist das bescheuert, tags\u00fcber warme Pizza oder Quiche mit Schinken und K\u00e4se und abends kaltes Brot mit anderem Schinken und K\u00e4se zu essen. Allerdings k\u00f6nnte man ja auch K\u00f6ttbullar oder Schnitzel kalt essen &#8211; die sind ja auch schon fertig gegart.<\/p>\n<p><strong>18.3.2022<\/strong> &#8211; \u00c5re<\/p>\n<p>Gestern Abend war&#8217;s noch recht windig, vormittags gab&#8217;s etwas Eisregen, ab Mittag sonniger, aber weiterhin Wind, EUB+PB um 11 Uhr wegen Wind au\u00dfer Betrieb. An R\u00f6dkullen-, Park-SL und 8KSB dann ziemlich viel los, auch in der jeweiligen V\u00e4rmestuga, daher bis zur PB-Talstation gefahren, da war noch Platz (an dortiger 6KSB und DSB um 12h nix los) und die DSB-Abfahrt auch schon aufgefirnt.<\/p>\n<p>Allerdings war mir nicht wohl bei der langen Fahrerei, denn ich hatte heut das K\u00f6ttbullar-Fertiggericht dabei. Hochkant im Rucksack mit So\u00dfe und nicht mehr gefroren. Gef\u00e4hrlich. Spitze Gegenst\u00e4nde oder ein Sturz und ich hab den ganzen Rucksack voller So\u00dfe, das mach ich lieber nicht mehr. Oder wenn, dann in eine T\u00fcte. Oder ich fahr morgens die 2km runter zum R\u00f6dkullen-Parkplatz und hol mir nachmittags das Fertiggericht aus dem Auto und geh in die V\u00e4rmestuga.<\/p>\n<p>Ansonsten waren die \u00fcblichen Abfahrten nachmittags wieder sch\u00f6n weich, die \u00fcblich windigen St\u00fccke unsch\u00f6n kalt und es gab auch nachmittags hier und da Wartezeiten. Fr-So sollte man \u00c5re vielleicht besser meiden, zumindest an Sch\u00f6nwettertagen.<\/p>\n<p><a href='http:\/\/ski.inmontanis.info\/d\/303188-2\/DSC02964.jpg'><img src=http:\/\/ski.inmontanis.info\/d\/303187-3\/DSC02964.jpg \/><\/a><br \/>\n^ Freitags (und Samstags) sind in Schweden gern die vollsten Tage der Woche. Heute Freitag schon so voll, dann muss ich morgen nicht in Are fahren. (Talstation 8KSB)<\/p>\n<p><a href='http:\/\/ski.inmontanis.info\/d\/303192-2\/DSC02965.jpg'><img src=http:\/\/ski.inmontanis.info\/d\/303191-3\/DSC02965.jpg \/><\/a><br \/>\n^ Bild aus der DSB, links der Schatten ist die PB-Talstation, dann der Parkplatz und am anderen Ende vom Parkplatz die OKQ8-Tankstelle und Sibylla dar\u00fcber<\/p>\n<p><a href='http:\/\/ski.inmontanis.info\/d\/303196-2\/DSC02968.jpg'><img src=http:\/\/ski.inmontanis.info\/d\/303195-3\/DSC02968.jpg \/><\/a><br \/>\n^ In den Graben bin ich heute auch erstmals diese Saison gefahren, allerdings heute nur von der 4SB aus<\/p>\n<p><a href='http:\/\/ski.inmontanis.info\/d\/303200-2\/DSC02969.jpg'><img src=http:\/\/ski.inmontanis.info\/d\/303199-3\/DSC02969.jpg \/><\/a><br \/>\n^ Im Graben<\/p>\n<p><a href='http:\/\/ski.inmontanis.info\/d\/303204-2\/DSC02971.jpg'><img src=http:\/\/ski.inmontanis.info\/d\/303203-3\/DSC02971.jpg \/><\/a><br \/>\n^ Auch die 6KSB-Trasse (die neben der DSB) bin ich gefahren<\/p>\n<p>Morgen wieder starker Wind, aber auch Sonne gemeldet, daher vmtl. recht voll, daher werd ich Duved-Tegefj\u00e4ll fahren. Sonntag soll&#8217;s sonnig und warm bei weniger Wind werden, das spr\u00e4che ja auch mal f\u00fcr einen Ausflug nach Eds\u00e5sdalen, wobei die momentan auch t\u00e4glich offen h\u00e4tten. Auf dem Weg dorthin k\u00e4m ich an mehreren Superm\u00e4rkten vorbei, auch das w\u00fcrde gut passen. Ab n\u00e4chste Woche Donnerstag werden mind. 4 Tage etwas Regen+Schnee gemeldet. Vielleicht dann Campingplatz.<\/p>\n<p>&#8211;<\/p>\n<p><strong>19.3.2022<\/strong> &#8211; Duved-Tegefj\u00e4ll, Skitag # 100, Reisetag # 223<\/p>\n<p>Ich fuhr also nach Tegefj\u00e4ll, duschte und fragte im kleinen Supermarkt, ob sie SIM-Karten-Ladebons verkaufen w\u00fcrden, was mir verneint wurde. Also dann nachmittags an der Tankstelle halten, da die vor den Superm\u00e4rkten ist und bevor ich bei denen auch nix bekomm.<br \/>\nIn \u00c5re war vormittags nicht nur EUB, PB und SL im Gipfelbereich wegen Sturm zu, sondern auch die 8KSB. Hier in D-T keine Sturmsperren, recht sonnig und warm zudem, nachmittags +10\u00b0 und teils rechter Pappschnee.<\/p>\n<p><a href='http:\/\/ski.inmontanis.info\/d\/303048-2\/DSC02972.jpg'><img src=http:\/\/ski.inmontanis.info\/d\/303047-3\/DSC02972.jpg \/><\/a><br \/>\n^ Offpiste links der 6KSB<\/p>\n<p><a href='http:\/\/ski.inmontanis.info\/d\/303052-2\/DSC02973.jpg'><img src=http:\/\/ski.inmontanis.info\/d\/303051-3\/DSC02973.jpg \/><\/a><br \/>\n^ Neben der ehemaligen DSB-Trasse gibt&#8217;s noch diese Trasse, vielleicht war da ja noch ein Lift<\/p>\n<p><a href='http:\/\/ski.inmontanis.info\/d\/303056-2\/DSC02978.jpg'><img src=http:\/\/ski.inmontanis.info\/d\/303055-3\/DSC02978.jpg \/><\/a><br \/>\n^ Und nochmals der obere Teil des Grabens rechts von der 6KSB<\/p>\n<p><a href='http:\/\/ski.inmontanis.info\/d\/303060-2\/ge20220319a.jpg'><img src=http:\/\/ski.inmontanis.info\/d\/303059-3\/ge20220319a.jpg \/><\/a><br \/>\n^ GPS-Track 19.3.2022 in Magenta, bin auch nochmals den Graben zwischen den Verbindungsliften (Bildmitte unten) gefahren, auch von der Stromleitungstrasse her<\/p>\n<p>An der okq8-Tankstelle bekam ich den Halebop-Ladecode.  Bacon-K\u00e4se-Hotdog kostet hier 31,- SEK, mit Kartoffelp\u00fcree oder Pommes 36,- SEK (also ca. 3,50 \u20ac), da nahm ich die Pommes (schwedisch: Pommes), weil ich schon lang keine mehr hatte. Wobei ich ja tags\u00fcber 2 Pizzast\u00fccke (Mikrowellenerw\u00e4rmt) hatte.<\/p>\n<p><a href='http:\/\/extra.inmontanis.info\/d\/75057-2\/DSC02979.jpg'><img src=http:\/\/extra.inmontanis.info\/d\/75056-3\/DSC02979.jpg \/><\/a><\/p>\n<p>Ob ich mit meinem heutigen \u00dcbernachtungsplatz an der Abzweigung nach Edsasdalen sonderlich gl\u00fccklich werde, darf wohl bezweifelt werden, Hunde bellten und heulten aus nahezu allen Richtungen&#8230; unglaublich, wie angenehm das Tuten eines Zuges mal zwischendrin war.<\/p>\n<p>(Ging aber dann doch die Nacht \u00fcber.)<\/p>\n<p><strong>20.3.2022<\/strong> &#8211; Eds\u00e5sdalen<\/p>\n<p>Die Tageskarte kostete 390,- SEK und heute mal alle Lifte in Betrieb &#8211; nicht wie letztes Jahr, wo ich sowohl zu fr\u00fch (nur die unteren SL, im Januar), wie auch zu sp\u00e4t (nur der rechte+obere SL, im April) dran war.. Wobei ich den SSL unterhalb der Stra\u00dfe auch heute nicht gefahren bin.<\/p>\n<p>Die rechte Rinnen-Abfahrt am rechten SL war bereits bei der ersten Fahrt aufgefirnt (daf\u00fcr bald pappig), die anderen etwas h\u00e4rter, au\u00dfer der steileren am Tellerlift, die ging auch nachmittags noch toll zu fahren.<\/p>\n<p>Um 12 Uhr nahm ich den Snowscooter-Transport zum oberen SL, wobei es oben auch eher klebrig war. Somit auch auf der Verbindungsabfahrt sp\u00e4ter runter mehr schieben m\u00fcssen als letztes Jahr.<\/p>\n<p><a href='http:\/\/ski.inmontanis.info\/d\/303064-2\/DSC02980.jpg'><img src=http:\/\/ski.inmontanis.info\/d\/303063-3\/DSC02980.jpg \/><\/a><br \/>\n^ SL Ravin mit seinen blauen St\u00fctzen<\/p>\n<p><a href='http:\/\/ski.inmontanis.info\/d\/303068-2\/DSC02983.jpg'><img src=http:\/\/ski.inmontanis.info\/d\/303067-3\/DSC02983.jpg \/><\/a><br \/>\n^ Weg zum SL Dal<\/p>\n<p><a href='http:\/\/ski.inmontanis.info\/d\/303072-2\/DSC02986.jpg'><img src=http:\/\/ski.inmontanis.info\/d\/303071-3\/DSC02986.jpg \/><\/a><br \/>\n^ SL Dal, der mittlere<\/p>\n<p><a href='http:\/\/ski.inmontanis.info\/d\/303076-2\/DSC02991.jpg'><img src=http:\/\/ski.inmontanis.info\/d\/303075-3\/DSC02991.jpg \/><\/a><br \/>\n^ SL Hedung, der linke, hatte nachmittags mit den besten Schnee<\/p>\n<p><a href='http:\/\/ski.inmontanis.info\/d\/303080-2\/DSC02994.jpg'><img src=http:\/\/ski.inmontanis.info\/d\/303079-3\/DSC02994.jpg \/><\/a><br \/>\n^ Bergstation SL Ravin, ab hier geht st\u00fcndlich der Schneemobiltransport zum oberen SL weg; ich blieb aber noch eine Stunde unten..<\/p>\n<p><a href='http:\/\/ski.inmontanis.info\/d\/303084-2\/DSC02995.jpg'><img src=http:\/\/ski.inmontanis.info\/d\/303083-3\/DSC02995.jpg \/><\/a><br \/>\n^ .. weil die Abfahrt links vom SL Dal so sch\u00f6nen Firn hatte<\/p>\n<p><a href='http:\/\/ski.inmontanis.info\/d\/303088-2\/DSC02997.jpg'><img src=http:\/\/ski.inmontanis.info\/d\/303087-3\/DSC02997.jpg \/><\/a><br \/>\n^ Offpiste rechts vom SL Dal<\/p>\n<p><a href='http:\/\/ski.inmontanis.info\/d\/303092-2\/DSC02999.jpg'><img src=http:\/\/ski.inmontanis.info\/d\/303091-3\/DSC02999.jpg \/><\/a><br \/>\n^ Links vom SL Dal war in Pl\u00e4nen ja auch noch eine Abfahrt eingezeichnet. Kann man aber vergessen.<\/p>\n<p><a href='http:\/\/ski.inmontanis.info\/d\/303096-2\/DSC03001.jpg'><img src=http:\/\/ski.inmontanis.info\/d\/303095-3\/DSC03001.jpg \/><\/a><br \/>\n^ SL Renfj\u00e4ll, der obere, abgeschiedene Lift<\/p>\n<p><a href='http:\/\/ski.inmontanis.info\/d\/303100-2\/DSC03003.jpg'><img src=http:\/\/ski.inmontanis.info\/d\/303099-3\/DSC03003.jpg \/><\/a><br \/>\n^ Offpiste SL Renfj\u00e4ll<\/p>\n<p><a href='http:\/\/ski.inmontanis.info\/d\/303104-2\/DSC03005.jpg'><img src=http:\/\/ski.inmontanis.info\/d\/303103-3\/DSC03005.jpg \/><\/a><br \/>\n^ Pano oberhalb SL Renfj\u00e4ll<\/p>\n<p><a href='http:\/\/ski.inmontanis.info\/d\/303108-2\/DSC03007.jpg'><img src=http:\/\/ski.inmontanis.info\/d\/303107-3\/DSC03007.jpg \/><\/a><br \/>\n^ Blick ins Skigebiet von Duved<\/p>\n<p><a href='http:\/\/ski.inmontanis.info\/d\/303112-2\/DSC03010.jpg'><img src=http:\/\/ski.inmontanis.info\/d\/303111-3\/DSC03010.jpg \/><\/a><br \/>\n^ Bergstation SL Renfj\u00e4ll<\/p>\n<p><a href='http:\/\/ski.inmontanis.info\/d\/303116-2\/DSC03012.jpg'><img src=http:\/\/ski.inmontanis.info\/d\/303115-3\/DSC03012.jpg \/><\/a><br \/>\n^ Offpiste zwischen den beiden Abfahrten links vom SL Renfj\u00e4ll<\/p>\n<p><a href='http:\/\/ski.inmontanis.info\/d\/303120-2\/DSC03014.jpg'><img src=http:\/\/ski.inmontanis.info\/d\/303119-3\/DSC03014.jpg \/><\/a><br \/>\n^ SL Renfj\u00e4ll (Alimak)<\/p>\n<p><a href='http:\/\/ski.inmontanis.info\/d\/303124-2\/DSC03016.jpg'><img src=http:\/\/ski.inmontanis.info\/d\/303123-3\/DSC03016.jpg \/><\/a><br \/>\n^ SL Renfj\u00e4ll (Alimak, blaue St\u00fctzen, sch\u00f6n)<\/p>\n<p><a href='http:\/\/ski.inmontanis.info\/d\/303128-2\/DSC03018.jpg'><img src=http:\/\/ski.inmontanis.info\/d\/303127-3\/DSC03018.jpg \/><\/a><br \/>\n^ Weniger sch\u00f6n war bei dem heutigen Pappschnee nat\u00fcrlich der lange, flache Weg retour vom SL Renfj\u00e4ll zum SL Ravin<\/p>\n<p><a href='http:\/\/ski.inmontanis.info\/d\/303132-2\/DSC03021.jpg'><img src=http:\/\/ski.inmontanis.info\/d\/303131-3\/DSC03021.jpg \/><\/a><br \/>\n^ SL Renfj\u00e4ll im R\u00fcckblick<\/p>\n<p><a href='http:\/\/ski.inmontanis.info\/d\/303136-2\/DSC03022.jpg'><img src=http:\/\/ski.inmontanis.info\/d\/303135-3\/DSC03022.jpg \/><\/a><br \/>\n^ Gemalter Pistenplan, h\u00e4ngt in der V\u00e4rmestuga (mit Kiosk) an der Ravin-Talstation<\/p>\n<p><a href='http:\/\/ski.inmontanis.info\/d\/303140-2\/DSC03024.jpg'><img src=http:\/\/ski.inmontanis.info\/d\/303139-3\/DSC03024.jpg \/><\/a><br \/>\n^ Komische Wolken heute<\/p>\n<p><a href='http:\/\/ski.inmontanis.info\/d\/303144-2\/DSC03028.jpg'><img src=http:\/\/ski.inmontanis.info\/d\/303143-3\/DSC03028.jpg \/><\/a><br \/>\n^ Auch nachmittags immer noch gut: Die linke Abfahrt am Dal-SL. Der Campingplatz unten scheint wohl nur Saisong\u00e4ste zu haben, so voll wie er zu sein scheint.<\/p>\n<p><a href='http:\/\/ski.inmontanis.info\/d\/303148-2\/DSC03029.jpg'><img src=http:\/\/ski.inmontanis.info\/d\/303147-3\/DSC03029.jpg \/><\/a><br \/>\n^ Oberer Teil SL Hedung<\/p>\n<p><a href='http:\/\/ski.inmontanis.info\/d\/303152-2\/DSC03030.jpg'><img src=http:\/\/ski.inmontanis.info\/d\/303151-3\/DSC03030.jpg \/><\/a><br \/>\n^ Es wurden wohl alte Skidata-Plastikkarten aufgekauft (Leser gibt&#8217;s ja keine), heute gab&#8217;s Skip\u00e4sse aus Hochficht :)<\/p>\n<p><a href='http:\/\/ski.inmontanis.info\/d\/303156-2\/DSC03031.jpg'><img src=http:\/\/ski.inmontanis.info\/d\/303155-3\/DSC03031.jpg \/><\/a><br \/>\n^ R\u00fcckseite Skipass Hochficht<\/p>\n<p><a href='http:\/\/ski.inmontanis.info\/d\/303160-2\/ge20220320d.jpg'><img src=http:\/\/ski.inmontanis.info\/d\/303159-3\/ge20220320d.jpg \/><\/a><br \/>\n^ GPS-Tracks 20.3.2022 in Gelb und vorherige Besuche in Rot und T\u00fcrkis<\/p>\n<p>Bei nachmitt\u00e4glichen \u00fcber 20\u00b0 im Auto muss nat\u00fcrlich der K\u00fchlschrank hin und wieder laufen, daf\u00fcr weniger Standheizung. Zum Essen gibts heut gek\u00fchlte (statt getrocknete) Nudeln, die sollten vielleicht schneller aufzuw\u00e4rmen sein. Dazu die Tr\u00fcffel-Champignon-Creme, die ich zuletzt abends als kalten Brotaufstrich unter dem Schinkenspeck hatte.<\/p>\n<p>Gestern Abend bin ich die Saisonzeiten der Skigebiete durchgegangen, die mehr oder weniger auf dem Weg nach Hemsedal l\u00e4gen oder s\u00fcdlich auf dem Weg zur F\u00e4hre, heute dagegen, was es derzeit f\u00fcr F\u00e4hrverbindungen gibt und was das wann im Mai jeweils kostet. Vmtl. werd ich die Woche vor Ostern bereits in NO ein paar Skigebiete auf dem Weg abklappern und dann 1-2 Wochen in Hemsedal sein und in der ersten Maih\u00e4lfte die F\u00e4hre nach D\u00e4nemark nehmen. Sofern nicht die Maskenpflicht wieder eingef\u00fchrt wird (oder es aktuell noch eine geben sollte).<\/p>\n<p>Ok, schaut soweit gut aus. F\u00e4hren f\u00fcr Mai g\u00e4be es dzt. um 93\/105 \u20ac ab S\u00fcdnorwegen nach Nordd\u00e4nemark; alternativ g\u00e4be es noch Oslo-Kopenhagen als Nachtf\u00e4hre mit Kabine ab ca. 155 \u20ac, allerdings k\u00e4me dann noch eine Zusatzf\u00e4hre oder eine der beiden Br\u00fccken hinzu (daf\u00fcr k\u00f6nnte man einen Skitag in Kopenhagen einlegen, wobei ich ja meine Mattenski nicht dabei hab, sowie das Stra\u00dfenbahnmuseum besuchen.)<\/p>\n<p><strong>21.3.2022<\/strong> &#8211; \u00c5re<\/p>\n<p>Im Supermarkt, den ich mittags besuchte, fand ich endlich mal wieder die gute Salsiccia, die ich im Herbst in Schweden mal gekauft hatte -> daher mitgenommen, werd sie aber erst beim n\u00e4chsten Campingplatzbesuch machen. Ob mit den bekannten TK-Kartoffelecken plus Rosmarin oder Polenta, wei\u00df ich noch nicht.<\/p>\n<p>Evtl. wegen der W\u00e4rme, aber in letzter Zeit sieht man doch etliche Nicht-Helmtr\u00e4ger. Vor ein paar Tagen klassicher Rentner ganz ohne M\u00fctze mit Locken, heute in der EUB auch etliche j\u00fcngere M\u00fctzentr\u00e4ger.<\/p>\n<p><a href='http:\/\/ski.inmontanis.info\/d\/303208-2\/DSC03033.jpg'><img src=http:\/\/ski.inmontanis.info\/d\/303207-3\/DSC03033.jpg \/><\/a><br \/>\n^ Kaputte St\u00f6cke an der 8KSB \/ Stra\u00dfen\u00fcberf\u00fchrung<\/p>\n<p><a href='http:\/\/ski.inmontanis.info\/d\/303212-2\/DSC03042.jpg'><img src=http:\/\/ski.inmontanis.info\/d\/303211-3\/DSC03042.jpg \/><\/a><br \/>\n^ Heute endlich mal den gro\u00dfen Graben gefahren, sonnig, warm, weich = sch\u00f6n<\/p>\n<p><a href='http:\/\/ski.inmontanis.info\/d\/303216-2\/DSC03044.jpg'><img src=http:\/\/ski.inmontanis.info\/d\/303215-3\/DSC03044.jpg \/><\/a><br \/>\n^ Gro\u00dfer Graben<\/p>\n<p><a href='http:\/\/ski.inmontanis.info\/d\/303220-2\/DSC03047.jpg'><img src=http:\/\/ski.inmontanis.info\/d\/303219-3\/DSC03047.jpg \/><\/a><br \/>\n^ PB-Bergstation; ob man da links offpiste zum kleinen Graben kommt, schien mir etwas fraglich zu sein ..<\/p>\n<p><a href='http:\/\/ski.inmontanis.info\/d\/303224-2\/DSC03050.jpg'><img src=http:\/\/ski.inmontanis.info\/d\/303223-3\/DSC03050.jpg \/><\/a><br \/>\n^ .. es ging auch gerade so<\/p>\n<p><a href='http:\/\/ski.inmontanis.info\/d\/303228-2\/DSC03049.jpg'><img src=http:\/\/ski.inmontanis.info\/d\/303227-3\/DSC03049.jpg \/><\/a><br \/>\n^ Zwischen PB und EUB, wie auch hier, gab es heute etliche Rentiere zu sehen<\/p>\n<p><a href='http:\/\/ski.inmontanis.info\/d\/303232-2\/DSC03052.jpg'><img src=http:\/\/ski.inmontanis.info\/d\/303231-3\/DSC03052.jpg \/><\/a><br \/>\n^ Im kleinen Graben<\/p>\n<p><a href='http:\/\/ski.inmontanis.info\/d\/303236-2\/DSC03053.jpg'><img src=http:\/\/ski.inmontanis.info\/d\/303235-3\/DSC03053.jpg \/><\/a><br \/>\n^ Kleiner Graben, steil.<\/p>\n<p><a href='http:\/\/ski.inmontanis.info\/d\/303240-2\/DSC03054.jpg'><img src=http:\/\/ski.inmontanis.info\/d\/303239-3\/DSC03054.jpg \/><\/a><br \/>\n^ Kleiner Graben<\/p>\n<p><a href='http:\/\/ski.inmontanis.info\/d\/303244-2\/DSC03056.jpg'><img src=http:\/\/ski.inmontanis.info\/d\/303243-3\/DSC03056.jpg \/><\/a><br \/>\n^ Ort, PB und See<\/p>\n<p><a href='http:\/\/ski.inmontanis.info\/d\/303248-2\/DSC03057.jpg'><img src=http:\/\/ski.inmontanis.info\/d\/303247-3\/DSC03057.jpg \/><\/a><br \/>\n^ Parkte heute unter der 8KSB. So selten, wie ich den Kofferraumdeckel aufmach, k\u00f6nnt ich die Ski auch umgedreht auf den Skist\u00e4nder geben. W\u00e4r vielleicht benzinsparender.<\/p>\n<p><a href='http:\/\/ski.inmontanis.info\/d\/303252-2\/DSC03058.jpg'><img src=http:\/\/ski.inmontanis.info\/d\/303251-3\/DSC03058.jpg \/><\/a><br \/>\n^ 11EUB (und SL) um 16:20 Uhr. Ein sehr sonniger Tag heute gewesen<\/p>\n<p>Sibylla hatte leider keine Pommes mehr (die leckeren wellenfrites, ausgerechnet), daher kein Men\u00fc genommen und im Restaurant gegessen, sondern nur einen Burger mitgenommen (eine Alternative statt Pommes im Men\u00fc wurde nicht genannt.).<\/p>\n<p><a href='http:\/\/extra.inmontanis.info\/d\/75061-2\/DSC03059.jpg'><img src=http:\/\/extra.inmontanis.info\/d\/75060-3\/DSC03059.jpg \/><\/a><br \/>\n^ Keine Pommes f\u00fcr&#8217;s Men\u00fc und den um 10,- SEK dazu gekauften Bacon hat er wohl auch vergessen. Dann gibt&#8217;s aus Protest keinen weiteren Besuch mehr meinerseits.<\/p>\n<p>Letztens hatte ich ja \u00fcber eine gewisse skandinavische Saisonkarte geschrieben .. hab ich nicht heute im Postfach eine E-Mail von dem Gr\u00fcnder erhalten? Sachen gibt&#8217;s.<\/p>\n<p><strong>22.3.2022<\/strong> &#8211; \u00c5re<\/p>\n<p>Die Wettervorhersagen bleiben nach wie vor wie bekannt, ab ca. Do\/Fr kommt eine l\u00e4nger anhaltende Kalt- und Schlechtwetterfront (siehe Bild). D.h. ab DO oder FR werde ich mir mal f\u00fcr vorerst 1 Woche den Campingplatz nehmen.<\/p>\n<p><a href='http:\/\/extra.inmontanis.info\/d\/75065-2\/DSC03060.jpg'><img src=http:\/\/extra.inmontanis.info\/d\/75064-3\/DSC03060.jpg \/><\/a><br \/>\n^ Wettervorhersagen: K\u00e4lter und Schneereicher. Aber auch in Tegefj\u00e4ll war&#8217;s heut nicht so sonnig wie hier gemeldet, ab ca. Mittag sehr bedeckt und kaum noch Sonne gesehen.<\/p>\n<p>Wollte heute eigentlich einen reinen SL-Tag auf der linken Seite einlegen, aber die Sicht ab Mittag im oberen Bereich zu schlecht und an der DSB\/6KSB war&#8217;s doch sch\u00f6n aufgeweicht.<\/p>\n<p>Mein (noch vielleicht etwas teil-gefrorenes) Fertiggericht hatte ich heute ganztags im Rucksack in einer Plastikt\u00fcte und .. k\u00f6nnte etwas ausgelaufen sein oder es war zuvor in der T\u00fcte was drin, zumindest klebte dann irgendwas in der T\u00fcte. Also: Nicht sinnvoll.<\/p>\n<p><a href='http:\/\/ski.inmontanis.info\/d\/303256-2\/DSC03061.jpg'><img src=http:\/\/ski.inmontanis.info\/d\/303255-3\/DSC03061.jpg \/><\/a><br \/>\n^ Wei\u00df nicht, warum man so assozial l\u00e4ngs parken muss, wenn genug Platz ist, um sich quer wie die anderen hinzustellen, oder wenigstens schr\u00e4g? (Insb. die beiden rechts von mir; auf meiner H\u00f6he ist es dann schon etwas enger f\u00fcr so lange Autos). Ist mir in Schweden aber schon \u00f6fters aufgefallen heuer. Entweder es wird dann die halbe Seite vom Parkplatz gar nicht beparkt oder l\u00e4ngs.<\/p>\n<p><a href='http:\/\/ski.inmontanis.info\/d\/303260-2\/ge20220322c.jpg'><img src=http:\/\/ski.inmontanis.info\/d\/303259-3\/ge20220322c.jpg \/><\/a><br \/>\n^ GPS-Tracks, vorherige Besuche in Gelb und die aktuellen 4 Berichtstage in Rot, T\u00fcrkis, Blau und Gr\u00fcn.<\/p>\n<p>&#8212;<\/p>\n<p>Die spinnen, die &#8220;westlichen&#8221; Politiker:<br \/>\n<a href='https:\/\/www.german-foreign-policy.com\/news\/detail\/8872'>https:\/\/www.german-foreign-policy.com\/news\/detail\/8872<\/a><\/p>\n<p>Ahja, und auch die \u00f6sterreichischen Politiker spinnen weiter, die Coronama\u00dfnahmen werden wieder strenger, wenige Wochen, nachdem die Maskenpflicht nur noch in einigen Innenr\u00e4umen galt, soll sie nun wieder \u00fcberall gelten. Also wenn ich im Mai nach AT zur\u00fcckkomm, werd ich alle derartigen schwachsinnigen Ma\u00dfnahmen, so sie dann noch existieren, ignorieren. Und mir schwer \u00fcberlegen m\u00fcssen, in welches Land ich auswandern will, denn die Schnittmenge zwischen Corona-Freiheit, Skifahrm\u00f6glichkeiten, Neutralit\u00e4t-zu-Russland und Anti-Great-Reset scheint 0 zu sein.<\/p>\n<p>Zum U-Thema:<br \/>\n<a href='https:\/\/rtde.site\/meinung\/134277-sanktionen-wirkungen-auswirkungen-ruckwirkungen\/'>https:\/\/rtde.site\/meinung\/134277-sanktionen-wirkungen-auswirkungen-ruckwirkungen\/<\/a><\/p>\n<p>Journalistenreise in die Ost-Ukraine, Teil 1:<br \/>\n<a href='https:\/\/www.anti-spiegel.ru\/2022\/meine-erste-reise-in-das-konfliktgebiet-in-der-ost-ukraine\/'>https:\/\/www.anti-spiegel.ru\/2022\/meine-erste-reise-in-das-konfliktgebiet-in-der-ost-ukraine\/<\/a><br \/>\nTeil 2:<br \/>\n<a href='https:\/\/www.anti-spiegel.ru\/2022\/melitopol-meine-zweite-reise-in-das-konfliktgebiet-in-der-ost-ukraine\/'>https:\/\/www.anti-spiegel.ru\/2022\/melitopol-meine-zweite-reise-in-das-konfliktgebiet-in-der-ost-ukraine\/<\/a><\/p>\n<p>Alldiweil der ukrainische Oberkomiker auf Videotourne durch die westlichen Regierungen tingelt und seit Wochen laufend Forderungen stellt, tut dies, lasst jenes, wo sind endlich die versprochenen Milit\u00e4runterst\u00fctzungen&#8230;. Putin, erl\u00f6se uns doch endlich von diesem nervenden Selensky. Gerne auch von einigen anderen europ\u00e4ischen Politikern.<\/p>\n","protected":false},"excerpt":{"rendered":"<p>17.3.2022 &#8211; \u00c5re<\/p>\n<p>Heute ganztags bedeckt und daher zumeist recht eisig, trotz knapper Plusgrade. Dazu oben wohl recht windig, da die EUB nur \u00fcber Mittag ein paar Stunden in Betrieb war. Rest lief aber, inkl PB. Bin heut nicht im Gipfelbereich gewesen.<\/p>\n<p>V\u00e4rmestuga R\u00f6dkullen war mittags voll, daher zur 8KSB Talstation gefahren, da war dann <a href=\"http:\/\/blog.inmontanis.info\/?p=7472\">[&#8230;]<\/a><\/p>\n","protected":false},"author":1,"featured_media":7475,"comment_status":"closed","ping_status":"closed","sticky":false,"template":"","format":"standard","meta":{"footnotes":""},"categories":[185,696,681,680,19,27],"tags":[56,57,52,45,47],"class_list":["post-7472","post","type-post","status-publish","format-standard","has-post-thumbnail","hentry","category-2021-08-skandinavien","category-are","category-duved-tegefjall","category-edsasdalen","category-schwedensweden","category-skifahren-winterskiing-winter","tag-6sb","tag-8sb","tag-pb","tag-see","tag-sl","odd"],"_links":{"self":[{"href":"http:\/\/blog.inmontanis.info\/index.php?rest_route=\/wp\/v2\/posts\/7472","targetHints":{"allow":["GET"]}}],"collection":[{"href":"http:\/\/blog.inmontanis.info\/index.php?rest_route=\/wp\/v2\/posts"}],"about":[{"href":"http:\/\/blog.inmontanis.info\/index.php?rest_route=\/wp\/v2\/types\/post"}],"author":[{"embeddable":true,"href":"http:\/\/blog.inmontanis.info\/index.php?rest_route=\/wp\/v2\/users\/1"}],"replies":[{"embeddable":true,"href":"http:\/\/blog.inmontanis.info\/index.php?rest_route=%2Fwp%2Fv2%2Fcomments&post=7472"}],"version-history":[{"count":3,"href":"http:\/\/blog.inmontanis.info\/index.php?rest_route=\/wp\/v2\/posts\/7472\/revisions"}],"predecessor-version":[{"id":7476,"href":"http:\/\/blog.inmontanis.info\/index.php?rest_route=\/wp\/v2\/posts\/7472\/revisions\/7476"}],"wp:featuredmedia":[{"embeddable":true,"href":"http:\/\/blog.inmontanis.info\/index.php?rest_route=\/wp\/v2\/media\/7475"}],"wp:attachment":[{"href":"http:\/\/blog.inmontanis.info\/index.php?rest_route=%2Fwp%2Fv2%2Fmedia&parent=7472"}],"wp:term":[{"taxonomy":"category","embeddable":true,"href":"http:\/\/blog.inmontanis.info\/index.php?rest_route=%2Fwp%2Fv2%2Fcategories&post=7472"},{"taxonomy":"post_tag","embeddable":true,"href":"http:\/\/blog.inmontanis.info\/index.php?rest_route=%2Fwp%2Fv2%2Ftags&post=7472"}],"curies":[{"name":"wp","href":"https:\/\/api.w.org\/{rel}","templated":true}]}}