{"id":7456,"date":"2022-03-12T19:59:18","date_gmt":"2022-03-12T18:59:18","guid":{"rendered":"http:\/\/blog.inmontanis.info\/?p=7456"},"modified":"2023-08-05T11:50:40","modified_gmt":"2023-08-05T09:50:40","slug":"vemdalen-7-12-3-2022","status":"publish","type":"post","link":"http:\/\/blog.inmontanis.info\/?p=7456","title":{"rendered":"Vemdalen, 7.-12.3.2022"},"content":{"rendered":"<p><strong>Mo, 7.3.2022<\/strong><\/p>\n<p>Nachts gab es ein Zentimeterchen Neuschnee und auch vormittags schneite und regnete es etwas, bei um die 0\u00b0. Bin gegen 11:30 mal ins Restaurnt hier am Campingplatz, gab aber nicht unbedingt meine Wunschsachen und war mir auch etwas zu voll. Das Men\u00fc der n\u00e4chsten Tage \u00fcberzeugt mich auch nicht unbedingt.<\/p>\n<p>Ob ich heut die ca. 20km nach Kl\u00f6vsj\u00f6 und wieder zur\u00fcck fahren wollte, war mir auch nicht klar, da nach 11:30 leichter Regen am Campingplatz und es auch in Kl\u00f6vsjo mehr oder weniger schneien oder im Tal leicht regnen soll. Nasse Kleidung auch noch im Auto zu haben, ist nicht sch\u00f6n. Von der Sicht her lt. Webcam w\u00e4r&#8217;s ok gewesen.<\/p>\n<p>Alternativ k\u00f6nnte man mal \u00fcber den gro\u00dfen Platz hier gehen zum Tempo-Supermarkt und dem Big-Moose-Hotel, wo ich letztes Jahr ein paar Tage \u00fcbernachtet hatte und es mir im Grunde schon besser gefiel, als den meisten \u00e4u\u00dferst negativen Bewertungen bei booking.com, und mal schauen, was die essensm\u00e4\u00dfig haben.<\/p>\n<p>Hatte ich gemacht, als es zum regnen aufgeh\u00f6rt hatte &#8211; die T\u00fcr war verschlossen. Auch egal.<\/p>\n<p>40km Autofahrt sparen ist ja quasi auch ein kleiner Boykott gegen\u00fcber den EU-Sanktionen, wenn man weniger tanken muss :)<\/p>\n<p>Wenn man f\u00fcr die EU-Sanktionen ist, muss man zwangsl\u00e4ufig auch den &#8220;Anschluss&#8221; Russlands an China billigen. Lt. westlichen Medien gef\u00e4llt der chinesischen Regierung so eine Heim-ins-Reich-Aktion Russlands in der Ukraine, m\u00f6chte man mit Taiwan schon lange das selbe machen. Nur im Unterschied dazu, wollen es die Taiwanesen wohl nicht, im Gegensatz zu den (mehrheitlich russischen) Ostukrainern.<\/p>\n<p>Als Franke, der sich schon immer von Bayern trennen wollte, find ich wohl eigentlich alle separatistischen \u00dcberlegungen gut bzw. muss ich entsprechend unterst\u00fctzen. Weil sonst ist das ja wieder eine Doppelmoral.<\/p>\n<p>Wenn also ..<br \/>\nSchottland das vereinigte K\u00f6nigreich verlassen will,<br \/>\nKatalonien sich von Spanien trennen m\u00f6chte,<br \/>\nFlandern weg von Belgien will,<br \/>\nVorarlberg zur Schweiz m\u00f6chte,<br \/>\nsich Kosovo von Serbien trennt,<br \/>\nSrpska lieber allein oder zu Serbien als zu Bosnien geh\u00f6ren m\u00f6chte,<br \/>\nAnatolien oder Kurden ihren eigenen Kurdenstaat weg von der T\u00fcrkei w\u00fcnschen,<br \/>\nTaiwan sich nicht wieder von China eingliedern lassen m\u00f6chte,<br \/>\nS\u00fcdossetien lieber eigenst\u00e4ndig oder zu Russland als zu Georgien z\u00e4hlen m\u00f6chte,<br \/>\nDonbas und Krim sich von der Ukraine l\u00f6sen m\u00f6chte ..<\/p>\n<p>.. sag ich zu all dem: Gerne, warum denn auch nicht? Jede Region sollte selbst bestimmen d\u00fcrfen, zu welchem Staat oder Staatenverbund sie m\u00f6chte (sofern die Gegenseite das auch billigt) oder ob sie eigenst\u00e4ndig sein m\u00f6chen. Scheidende soll man nicht aufhalten. Manche Staaten verhalten sich aber wie M\u00e4nner, die ihre Frauen pr\u00fcgeln, wenn die sich scheiden lassen wollen und wollen sie lieber einsperren. Warum f\u00fcr EU+USA einige Trennungen gut und andere schlecht sind? Weil: Doppelmoral. Wenn der neue Staat sich den EU+USA zuwenden m\u00f6chte = Trennung Gut. Ansonsten = Trennung schlecht. Es scheint also egal zu sein, was die jeweiligen dort lebenden V\u00f6lker wollen, sondern es stecken andere Interessen dahinter.<\/p>\n<p><a href='http:\/\/extra.inmontanis.info\/d\/75037-2\/DSC02787.jpg'><img src=http:\/\/extra.inmontanis.info\/d\/75036-3\/DSC02787.jpg \/><\/a><br \/>\n^ Inlandsbahn, f\u00e4hrt pro Richtung 1x am Tag am Campingplatz vorbei. Im Sommer evtl. \u00f6fters<\/p>\n<p><a href='http:\/\/extra.inmontanis.info\/d\/75033-2\/DSC02786.jpg'><img src=http:\/\/extra.inmontanis.info\/d\/75032-3\/DSC02786.jpg \/><\/a><br \/>\n^ Eink\u00e4ufe. Ich sah etwas, das mir bisher in Skandinavien noch nicht aufgefallen ist: Einmachglas mit gew\u00fcrfelten Kartoffeln, wenn auch vielleicht etwas viel, aber das ist ja ultra praktisch f\u00fcrs n\u00e4chste mal \u00c4lplermaccaroni. Champginons heut Abend mit in die Kartoffel-Kebap-Pfanne + den Rest in das M\u00f6hren-Erbsen-Glas.<\/p>\n<p>Diesel+Benzin sind auch wieder ca. 7 Cent teurer geworden, Diesel somit \u00fcber 25,- SEK .. wo das noch hinf\u00fchren soll? Und absolut unn\u00f6tig. USA+EU bestrafen die EU-b\u00fcrger, weil .. weil .. weil&#8230;. SIE ES K\u00d6NNEN. Und wollen?! Es ihnen egal ist?!<\/p>\n<p>Nachmittags blieb es dann trocken, zumindest in \u00c5sarna, keine Ahnung, ob das auch f\u00fcr Kl\u00f6vsj\u00f6 gegolten h\u00e4tte. Mein letzter skifreier Tag war glaub ich im Hostel in Torsby vor knapp 1 Monat? naja, 1-2 skifreie Tage pro Monat gehen schon in Ordnung, oder? Man muss es ja nicht \u00fcbertreiben :)<\/p>\n<p>Mein Aktienfonds-Depot hab ich auch schon seit Monaten nicht mehr angesehen. Will&#8217;s gar nicht wissen, wie stark mein Verm\u00f6gen dadurch geschrumpft wird. Und das Geld auf Spar\/Girokonten wird durch die Inflation auch weniger wert.<\/p>\n<p>Aber weil heute Zeit war, hab ich meine Finanzen doch mal angesehen. Vergleich zu Ende November: Fondsdepot 1 (haupts\u00e4chlich Aktiendepots): -12% und auch im Gesamtzeitraum mittlerweile negativ -4%. Fondsdepot 2 (haupts\u00e4chlich ETFs): -6%, aber im Gesamtzeitraum noch im Plus mit 1,5%<\/p>\n<p>\u00c4rgerlich halt, dass ich Ende des Jahres aufgrund der schlechten Prognosen f\u00fcr 2022 alles rausziehen wollte, dann mir aber gedacht hab, wenn es eine Hyperinflation gibt, sind Aktienfonds doch besser&#8230; Naja, jetzt sind die Kurse niedrig, jetzt sollte man mal wieder etwas reinstecken .. allzuviel hab ich da aber nicht mehr ..<\/p>\n<p>Letzte Kreditkartenabrechnungen:<br \/>\nNov: 1599,74<br \/>\nDez: 2060,99<br \/>\nJan: 1624,09<br \/>\nFeb: 1804,21<br \/>\n\u00dcbrigens, Kurs SEK\/EUR: 345,- SEK von einer Tageskarte letztens waren 33,- \u20ac bei der Kreditkartenabrechnung.<\/p>\n<p><strong>8.3.2022<\/strong> &#8211; Kl\u00f6vsj\u00f6<\/p>\n<p>An der Automatentankstelle in Kl\u00f6vj\u00f6 waren die Preise 23 und 27 SEK pro Liter Benzin\/Diesel, noch teurer als in Asarna. Fehlt wohl nicht viel, und der Diesel \u00fcbersteigt die 30 Kronen an manchen einsamen Tankstellen &#8230;<\/p>\n<p>Am Parkplatz in Kl\u00f6vsj\u00f6 sah ich die ersten Stechm\u00fccken des Jahres. Verdammte Biester, jetzt schon???<\/p>\n<p>Seit Wochen oder Monaten heute mal wieder einen Skifahrer bzw. Border ohne Helm gesehen, ohne dass ich in den Spiegel schauen m\u00fcsste. Mit Bommelm\u00fctze. Naja, man wei\u00df nicht, ob er nicht drunter doch einen hatte.<\/p>\n<p><a href='http:\/\/ski.inmontanis.info\/d\/302721-2\/DSC02795.jpg'><img src=http:\/\/ski.inmontanis.info\/d\/302720-3\/DSC02795.jpg \/><\/a><br \/>\n^ Offpistevarianten am SL Fj\u00e4lliften<\/p>\n<p><a href='http:\/\/ski.inmontanis.info\/d\/302725-2\/DSC02796.jpg'><img src=http:\/\/ski.inmontanis.info\/d\/302724-3\/DSC02796.jpg \/><\/a><br \/>\n^ Diese Pistenvariante (am Tellerlift in Storhogna) hab ich heuer noch gar nicht gesehen<\/p>\n<p><a href='http:\/\/ski.inmontanis.info\/d\/302729-2\/DSC02798.jpg'><img src=http:\/\/ski.inmontanis.info\/d\/302728-3\/DSC02798.jpg \/><\/a><br \/>\n^ Storhogna<\/p>\n<p><a href='http:\/\/ski.inmontanis.info\/d\/302733-2\/DSC02799.jpg'><img src=http:\/\/ski.inmontanis.info\/d\/302732-3\/DSC02799.jpg \/><\/a><br \/>\n^ Noch eine Offpistevariante am Fj\u00e4lliften<\/p>\n<p><a href='http:\/\/ski.inmontanis.info\/d\/302737-2\/DSC02800.jpg'><img src=http:\/\/ski.inmontanis.info\/d\/302736-3\/DSC02800.jpg \/><\/a><br \/>\n^ Die dritte schwarze 6KSB-Abfahrt, 10, ist auch endlich mal offen<\/p>\n<p>Warum hab ich Trottel egtl. nicht am SO getankt? W\u00e4r&#8217;s noch 20 Cent g\u00fcnstiger gewesen. Auch heut mittag noch 10 Cent g\u00fcnstiger, aber ich wollte ja unbedingt wissen und hoffen, dass es in Kl\u00f6vsj\u00f6 g\u00fcnstiger w\u00e4re, aber da war es noch teurer :( Verfickte EU-USA mit ihren Sanktionen. Obwohl ja Russland weiterhin \u00d6l liefert? Wer bekommt denn das Geld durch das teurere \u00d6l jetzt?!<\/p>\n<p>Hab dann mal nur 10l getankt, die n\u00e4chsten Tage abwarten. Werd dann auch wieder h\u00e4ufiger frei stehen, weil Temperatur reichen w\u00fcrde und ich zwangsl\u00e4ufig weniger Geld ausgeben sollte wegen den allgemeinen Teuerungen.. Auch die 47km heute wieder zum Campingplatz nach Asarna h\u00e4tte man sich sparen k\u00f6nnen und eine Nacht weniger im voraus nehmen sollen.<\/p>\n<p>Freistehen braucht zwar mehr Sprit, senkt aber nat\u00fcrlich die Gesamtkosten. Wobei es heute Nacht wieder k\u00e4lter werden soll als gestern + vorgestern. Zudem werde ich wohl doch noch ein paar Tage in Vemdalen bleiben. Saisonkartenskifahren senkt auch die Kosten. Aber nicht nur deswegen, sondern weil ich in Kl\u00f6vsj\u00f6 heute das Gef\u00fchl hatte, es locker 3 Tage auszuhalten und doch noch einen Tag nach Bj\u00f6rnrike fahren m\u00f6chte, was von \u00c5sarna hier auch zu weit w\u00e4re. Wenn ich nix besseres finde, muss ich halt an dem Park-Rastplatz neben der Stra\u00dfe, an dem Wasserfall, \u00fcbernachten, den ich im Herbst besucht hatte. Wenn die Spritpreise so bleiben, bin ich mir auch nicht sicher, ob ich bis Riksgr\u00e4nsen oder gar Finnland, falls da mal eine freie Einreise m\u00f6glich sein sollte, fahren m\u00f6chte.<\/p>\n<p>Man wei\u00df halt auch nicht, ob man n\u00e4chsten Winter wieder nach Skandinavien muss oder ich einen Abschiedswinter in Italien+Frankreich machen kann oder in welchem Land oder auf welchem Kontinent ich n\u00e4chsten Winter \u00fcberhaupt leben werde, wenn \u00fcberhaupt..<\/p>\n<p>Es gibt doch so Shirts, wo GAP drauf steht. Ich bin momenetan auch GAP: Generell AngePisst.<\/p>\n<p>Geplant w\u00e4re jetzt morgen Kl\u00f6vsj\u00f6, \u00fcbermorgen Bj\u00f6rnrike, Freitag Kl\u00f6vsj\u00f6 und Samstag, wenn Wetter passt und nicht so st\u00fcrmisch ist, Bydalen (weil die samstags einen stark verg\u00fcnstigten Skipass haben) und Sonntag dann Duved-Tegefj\u00e4ll, weil mit 13.3. die Winterferien\u00f6ffnungszeit endet und es somit sein k\u00f6nnte, dass dann der rechte oberen SL wieder nicht mehr offen ist.<\/p>\n<p><strong>9.3.2022<\/strong> &#8211; Kl\u00f6vsj\u00f6<\/p>\n<p>Die Nacht verlief etwas k\u00e4lter. Hat den Vorteil, dass bei angefrorenen Scheiben die Fenster-Schaumstoffe morgens weniger nass sind, aber den Nachteil, dass sie manchmal festgefroren sind.<\/p>\n<p><a href='http:\/\/ski.inmontanis.info\/d\/302741-2\/DSC02804.jpg'><img src=http:\/\/ski.inmontanis.info\/d\/302740-3\/DSC02804.jpg \/><\/a><br \/>\n^ Blick aufs Skigebiet von Kl\u00f6vsj\u00f6 und die bisher teuersten Spritpreise, die ich je gesehen hab<\/p>\n<p><a href='http:\/\/ski.inmontanis.info\/d\/302745-2\/DSC02806.jpg'><img src=http:\/\/ski.inmontanis.info\/d\/302744-3\/DSC02806.jpg \/><\/a><br \/>\n^ Die blaue Abfahrt 13 rechts der 6KSB hatte hier wohl mal eine andere Trassierung<\/p>\n<p><a href='http:\/\/ski.inmontanis.info\/d\/302749-2\/DSC02807.jpg'><img src=http:\/\/ski.inmontanis.info\/d\/302748-3\/DSC02807.jpg \/><\/a><br \/>\n^ Am Verbindungslift sieht man, dass doch etwas mehr Schnee als im Januar liegt<\/p>\n<p><a href='http:\/\/ski.inmontanis.info\/d\/302753-2\/DSC02808.jpg'><img src=http:\/\/ski.inmontanis.info\/d\/302752-3\/DSC02808.jpg \/><\/a><br \/>\n^ Offpistevarianten am SL Fj\u00e4lliften<\/p>\n<p>Man k\u00f6nnte ja durchaus die These vertreten, jetzt m\u00f6glichst all das zu kaufen, was man die n\u00e4chsten Jahre brauchen kann, weil es entweder wegen den Sanktionen oder der allgemeinen Inflation viel teurer werden k\u00f6nnte. Vielleicht sollte ich mir mal Skischuhe kaufen? Die k\u00f6nnte ich am ehesten bald mal ersetzen m\u00fcssen ..<\/p>\n<p>Bin abends nochmal ein paar Routen durchgegangen, wenn die Benzinpreise so hoch bleiben sollten und ich nicht mehr so weit nach Norden m\u00f6chte und was m\u00f6glich w\u00e4re, wenn ich den Service erst in Tirol machen m\u00f6chte &#8230;<\/p>\n<p>.. f\u00fcr eine gek\u00fcrzte Schwedentour (bis T\u00e4rnaby mit ein paar Zwischenzielen) mit R\u00fcckreise F\u00e4hre Trelleborg-Rostock komm ich auf 3600km; andererseits waren Abisko+Bj\u00f6rkliden letztes Jahr ja schon sehr nett<\/p>\n<p>.. f\u00fcr eine S\u00fcdvariante durch Norwegen (ab Are\/Trondheim s\u00fcdlich\/westlich inkl. ein paar Fjordskigebieten, plus Saisonkarte-Hemsedal, minus diverser interessanter Gebiete weiter s\u00fcdlich (die Ende April wohl schon zu haben werden) und F\u00e4hre Norwegen-D\u00e4nemark komm ich auf 3300km.. noch nicht inkludiert die diversen Abstecher f\u00fcr Parkpl\u00e4tze, zum Einkaufen, zus\u00e4tzliche Skigebiete &#8220;halbwegs auf dem Weg&#8221; etc.<\/p>\n<p>Aktuell hab ich noch ca. 2.700 km bis zum Service \u00fcbrig. Aber der Z\u00e4hler ist ja auch um 2-5% verkehrt. Bissl \u00fcberziehen k\u00f6nnte man wohl, aber das wird schon alles verdammt eng bzw. muss ich mich da stark zur\u00fcckhalten. Wobei bei der Norwegen-Runde ja noch das Problem dazu kommt, dass die interessanten Gebiete tags\u00fcber nur am WE und dann wieder in den Osterferien offen sind &#8211; sofern noch Schnee liegt &#8211; und bis dahin ist ja noch etwas Zeit. Und selbst nur von Are aus mit F\u00e4hren sinds ca. 2100km und ich h\u00e4tte nur noch ca. 300-500km f\u00fcr die n\u00e4chsten 2 Monate \u00fcbrig. Das geht sich doch nie und nimmer aus..<\/p>\n<p>Immerhin wird in AT die Impfpflicht f\u00fcr ein paar Monate ausgesetzt, somit werde ich im Mai straffrei einreisen k\u00f6nnen. Aber man kann wohl davon ausgehen, dass sich das bis zum Herbst wieder \u00e4ndern wird.<\/p>\n<p><strong>10.3.2022<\/strong> &#8211; Bj\u00f6rnrike<\/p>\n<p>Die Nacht verlief irgendwie k\u00e4lter als erwartet, aber morgens war&#8217;s drau\u00dfen gar nicht so kalt. Stra\u00dfe in den Nachstunden zwar ruhig, aber ab vielleicht 5 Uhr oder so wieder mehr Verkehr, auch einige LKWs.<\/p>\n<p>Bin noch vor der Arbeit zum Parkplatz an den KSB bei Vemdalsskalet gefahren, Toilettenh\u00e4uschen wurde gegen 7:30 aufgesperrt und WLAN-Empfang gab&#8217;s auch (wenn auch nicht unterbrechungsfrei). Und an den kostenpflichtigen Parkpl\u00e4tzen darf ich mit meiner Saisonkarte ja parken, allerdings haben die hier alle Nachtparkverbot von 0-6 Uhr, daher fallen sie zum Schlafen halt leider aus.<\/p>\n<p>Nachmittags in der V\u00e4rmestuga mit Skistar-WLAN das Wetter gecheck, k\u00f6nnte am Samstag recht windig in Bydalen werden und wenn da 7-10 m\/s gemeldet wird, die evtl. f\u00fcr den Ort, im Tal, gelten, k\u00f6nnten die Gipfel-SL mal wieder geschlossen sein, weil noch st\u00fcrmischer. Zumindest hatte ich das in Fun\u00e4sfj\u00e4llen beobachten k\u00f6nnen, bei Tal-Windgeschwindigkeitsmeldungen um die 9-11 m\/s ist die Gefahr der Schie\u00dfung einzelner Anlagen vorhanden, weil es dann halt weiter oben st\u00e4rker st\u00fcrmt.<\/p>\n<p>Aber ohne die Gipfel-SL in Bydalen, das hab ich ja letztes Jahr gemerkt, ist mir das Skigebiet uninteressant, insb. da der Abstecher hin &amp; retour wieder 40km Umweg sind&#8230; Vielleicht doch noch einen Tag hier bleiben bzw. morgen Vemdalen fahren und am SA dann in Kl\u00f6vsj\u00f6? Da k\u00f6nnte es nat\u00fcrlich auch sein, dass die Storhogna-SL wg. Wind zu sind. Aber bei Saisonkartenskigebieten ist das immer weniger tragisch, zudem liegt es eh auf den Weg nach Are.<\/p>\n<p><a href='http:\/\/ski.inmontanis.info\/d\/302757-2\/DSC02810.jpg'><img src=http:\/\/ski.inmontanis.info\/d\/302756-3\/DSC02810.jpg \/><\/a><br \/>\n^ Der lange SL E ist leider noch nicht bis oben offen ..<\/p>\n<p><a href='http:\/\/ski.inmontanis.info\/d\/302761-2\/DSC02811.jpg'><img src=http:\/\/ski.inmontanis.info\/d\/302760-3\/DSC02811.jpg \/><\/a><br \/>\n^ .. aber immerhin kann man diesen Abfahrtsteil nun befahren<\/p>\n<p><a href='http:\/\/ski.inmontanis.info\/d\/302765-2\/DSC02812.jpg'><img src=http:\/\/ski.inmontanis.info\/d\/302764-3\/DSC02812.jpg \/><\/a><br \/>\n^ Bei den linken beiden langen SL dagegen kann man mittlerweile bis zur Bergstation fahren; hier der mittlere von den 3 SL (D)<\/p>\n<p><a href='http:\/\/ski.inmontanis.info\/d\/302769-2\/DSC02813.jpg'><img src=http:\/\/ski.inmontanis.info\/d\/302768-3\/DSC02813.jpg \/><\/a><br \/>\n^ .. und Blick r\u00fcber zum vorherigen SL E. Dort dr\u00fcben wenn noch 1, 2, m\u00f6glichst unpr\u00e4parierte, aber ausgesteckte Abfahrten w\u00e4ren, w\u00e4re schon nett<\/p>\n<p><a href='http:\/\/ski.inmontanis.info\/d\/302773-2\/DSC02818.jpg'><img src=http:\/\/ski.inmontanis.info\/d\/302772-3\/DSC02818.jpg \/><\/a><br \/>\n^ Auch SL B geht mittlerweile bis oben rauf<\/p>\n<p><a href='http:\/\/ski.inmontanis.info\/d\/302777-2\/DSC02819.jpg'><img src=http:\/\/ski.inmontanis.info\/d\/302776-3\/DSC02819.jpg \/><\/a><br \/>\n^ V\u00e4rmestuga, ausnahmsweise ohne Mikrowelle. Aktuell sind die Schweden aber drau\u00dfen am Grillplatz und grillen<\/p>\n<p><a href='http:\/\/ski.inmontanis.info\/d\/302781-2\/DSC02820.jpg'><img src=http:\/\/ski.inmontanis.info\/d\/302780-3\/DSC02820.jpg \/><\/a><br \/>\n^ Wenn man an der Bergstation vom SL B rechts rum aussteigt, g\u00e4be es zwar einen netten Hang, man landet dann aber leider im Snowpark.<\/p>\n<p><a href='http:\/\/ski.inmontanis.info\/d\/302785-2\/DSC02821.jpg'><img src=http:\/\/ski.inmontanis.info\/d\/302784-3\/DSC02821.jpg \/><\/a><br \/>\n^ Abfahrt 4 am SL C, k\u00f6nnte rechts auch noch eine andere Trassierung gegeben haben<\/p>\n<p><a href='http:\/\/ski.inmontanis.info\/d\/302789-2\/DSC02822.jpg'><img src=http:\/\/ski.inmontanis.info\/d\/302788-3\/DSC02822.jpg \/><\/a><br \/>\n^ Den Parkplatz da links oberhalb der 6KSB-Talstation vergess ich immer, wenn ich morgens \u00fcberleg, wo ich parken m\u00f6chte. Der ist sogar f\u00fcr alle kostenlos und es stand auch nichts von einem Nachtparkverbot. Na dann werd ich da heut Nacht doch mal dort schlafen.<\/p>\n<p><a href='http:\/\/ski.inmontanis.info\/d\/302793-2\/DSC02823.jpg'><img src=http:\/\/ski.inmontanis.info\/d\/302792-3\/DSC02823.jpg \/><\/a><br \/>\n^ Vmtl. eine ehemalige Abfahrt, geht vom Snowpark neben dem SL B ab und hatte ich im Januar von gegen\u00fcber schon fotografiert<\/p>\n<p><a href='http:\/\/ski.inmontanis.info\/d\/302797-2\/DSC02824.jpg'><img src=http:\/\/ski.inmontanis.info\/d\/302796-3\/DSC02824.jpg \/><\/a><br \/>\n^ .. schaut aber besser aus, als es war.<\/p>\n<p><a href='http:\/\/ski.inmontanis.info\/d\/302801-2\/DSC02825.jpg'><img src=http:\/\/ski.inmontanis.info\/d\/302800-3\/DSC02825.jpg \/><\/a><br \/>\n^ .. trotzdem schade, dass die Abfahrt aufgelassen wurde, so es mal eine war<\/p>\n<p><a href='http:\/\/ski.inmontanis.info\/d\/302805-2\/DSC02827.jpg'><img src=http:\/\/ski.inmontanis.info\/d\/302804-3\/DSC02827.jpg \/><\/a><br \/>\n^ .. nur der Ausgang ist schon etwas schwierig<\/p>\n<p><a href='http:\/\/ski.inmontanis.info\/d\/302809-2\/DSC02828.jpg'><img src=http:\/\/ski.inmontanis.info\/d\/302808-3\/DSC02828.jpg \/><\/a><br \/>\n^ Bald ist Sonnenuntergang<\/p>\n<p><a href='http:\/\/ski.inmontanis.info\/d\/302813-2\/ge20220310b.jpg'><img src=http:\/\/ski.inmontanis.info\/d\/302812-3\/ge20220310b.jpg \/><\/a><br \/>\n^ GPS-Track Bj\u00f6rnrike 10.3.2022 in Magenta und vorherige Besuche in Gelb<\/p>\n<p><strong>11.3.2022<\/strong> &#8211; Vemdalsskalet<\/p>\n<p>Morgens kam&#8217;s mir im Auto w\u00e4rmer vor als gestern, war es auch etwas (Minimumtemp. +2,7 vs. +1,3 gestern), aber nach dem Starten des Motors hatte es drau\u00dfen -5\u00b0 (gestern -1 oder +1) und auf dem Weg weiter drunten im Tal sogar -11\u00b0.<\/p>\n<p>Vormittags seh ich an der 6KSB nat\u00fcrlich die Menschenmassen ansteigen, die mich hin und wieder \u00fcberlegen lie\u00dfen, ob ich denn hier fahren wollte. Andererseits wird&#8217;s \u00fcber Mittag ja meist etwas leerer. Auch der Parkplatz ist noch relativ leer. Batteriem\u00e4\u00dfig kann ich mir eine weitere Nacht &#8220;leisten&#8221;. Von SA auf SO k\u00f6nnte ich nochmal den Campingplatz in Asarna ansteuern, da auf dem Weg und sonst evtl. kein brauchbarer Platz bis Are ist und ich dort lieber mit voller Batterie ankommen m\u00f6chte, falls ich die n\u00e4chsten Tage weiterhin zumindest ein paar Tage frei stehen m\u00f6chte. 1-2 Wochen wird sich das batteriem\u00e4\u00dfig wohl nicht ausgehen jetzt, das ist schon Ende April \/ Anfang Mai grenzwertig.<\/p>\n<p>Gefiel mir heut eigentlich recht gut hier. Weniger kalt, bissl aufgeweichter Schnee zumindest an den unteren H\u00e4ngen der Pass-6KSB, Wartezeiten auch fast nur dort.<\/p>\n<p><a href='http:\/\/ski.inmontanis.info\/d\/302817-2\/DSC02833.jpg'><img src=http:\/\/ski.inmontanis.info\/d\/302816-3\/DSC02833.jpg \/><\/a><br \/>\n^ Vmtl. ehemalige SL-Trasse neben der 6KSB. War mir dann doch zu schlecht<\/p>\n<p><a href='http:\/\/ski.inmontanis.info\/d\/302821-2\/DSC02834.jpg'><img src=http:\/\/ski.inmontanis.info\/d\/302820-3\/DSC02834.jpg \/><\/a><br \/>\n^ 6KSB Pass und evtl. ehemalige Pistenvariante..<\/p>\n<p><a href='http:\/\/ski.inmontanis.info\/d\/302825-2\/DSC02835.jpg'><img src=http:\/\/ski.inmontanis.info\/d\/302824-3\/DSC02835.jpg \/><\/a><br \/>\n^ .. die nach einer Kurve landschaftlich recht nett ist<\/p>\n<p><a href='http:\/\/ski.inmontanis.info\/d\/302829-2\/DSC02837.jpg'><img src=http:\/\/ski.inmontanis.info\/d\/302828-3\/DSC02837.jpg \/><\/a><br \/>\n^ .. und von oben. Es gibt hier ja 2 Sessel mit rosanen weichen Polstern, hatte heute erstmals und leider gleich zweimalig das Pech, so einen zu erwischen.<\/p>\n<p><a href='http:\/\/ski.inmontanis.info\/d\/302833-2\/DSC02839.jpg'><img src=http:\/\/ski.inmontanis.info\/d\/302832-3\/DSC02839.jpg \/><\/a><br \/>\n^ 6KSB Hovde bin ich heut glaub erstmals die Saison gefahren, da nicht so kalt<\/p>\n<p><a href='http:\/\/ski.inmontanis.info\/d\/302837-2\/DSC02840.jpg'><img src=http:\/\/ski.inmontanis.info\/d\/302836-3\/DSC02840.jpg \/><\/a><br \/>\n^ Vemdalsskalet<\/p>\n<p><a href='http:\/\/ski.inmontanis.info\/d\/302841-2\/DSC02842.jpg'><img src=http:\/\/ski.inmontanis.info\/d\/302840-3\/DSC02842.jpg \/><\/a><br \/>\n^ Vemdalsskalet<\/p>\n<p><a href='http:\/\/ski.inmontanis.info\/d\/302845-2\/DSC02843.jpg'><img src=http:\/\/ski.inmontanis.info\/d\/302844-3\/DSC02843.jpg \/><\/a><br \/>\n^ 6KSB V\u00e4st<\/p>\n<p><a href='http:\/\/ski.inmontanis.info\/d\/302849-2\/ge20220311a.jpg'><img src=http:\/\/ski.inmontanis.info\/d\/302848-3\/ge20220311a.jpg \/><\/a><br \/>\n^ GPS-Track Vemdalsskalet 11.3.2022 in Blau und vorherige Besuche in Gelb<\/p>\n<p><strong>12.3.2022<\/strong> &#8211; Kl\u00f6vsj\u00f6<\/p>\n<p>Im Storhogna-Teil wohl seit Tagen keine Pistenpr\u00e4parierung mehr und der abgewehte Schnee war schei\u00dfe zu fahren. Auf der Kl\u00f6vsj\u00f6-Seite war es daf\u00fcr besser, insb. an den schwarzen KSB-Abfahrten gab es ab (nach)mittags oft einen sch\u00f6n aufgefahrenen Rand. Auch die Tal-SL gingen gut und waren windstill.<\/p>\n<p>Bin aber nur bis 14:15 geblieben, wenn ich schon am Campinglpatz was zahl und Strom und WLAN hab, will ich wenigstens nicht zu sp\u00e4t dort sein. Die Spritpreise wurden auch wieder etwas g\u00fcnstiger, knapp \u00fcber 21\/24 SEK.<\/p>\n<p><a href='http:\/\/ski.inmontanis.info\/d\/302853-2\/DSC02844.jpg'><img src=http:\/\/ski.inmontanis.info\/d\/302852-3\/DSC02844.jpg \/><\/a><br \/>\n^ 6KSB in Kl\u00f6vsj\u00f6, da fahren zwar viel die Trasse runter, aber mir ist das alles zu eng ausgefahren (mit den langen Skiern) und vmtl. abgefahren\/glatt<\/p>\n<p><a href='http:\/\/ski.inmontanis.info\/d\/302857-2\/DSC02847.jpg'><img src=http:\/\/ski.inmontanis.info\/d\/302856-3\/DSC02847.jpg \/><\/a><br \/>\n^ Tunnelliften in Storhogna; warum auch immer das so schief sein muss, der Tunnel, die beiden Liftst\u00fctzen zueinander, &#8230;<\/p>\n<p><a href='http:\/\/ski.inmontanis.info\/d\/302861-2\/DSC02848.jpg'><img src=http:\/\/ski.inmontanis.info\/d\/302860-3\/DSC02848.jpg \/><\/a><br \/>\n^ Fj\u00e4lliften; in Storhogna wurden in letzter Zeit leider nur die SL-Trassen pr\u00e4pariert ..<\/p>\n<p><a href='http:\/\/ski.inmontanis.info\/d\/302865-2\/DSC02850.jpg'><img src=http:\/\/ski.inmontanis.info\/d\/302864-3\/DSC02850.jpg \/><\/a><br \/>\n^ .. aber wind-abgewehte, unpr\u00e4parierte Abfahrten sind schei\u00dfe zu fahren.<\/p>\n<p><a href='http:\/\/ski.inmontanis.info\/d\/302869-2\/DSC02853.jpg'><img src=http:\/\/ski.inmontanis.info\/d\/302868-3\/DSC02853.jpg \/><\/a><br \/>\n^ Etliche insb. Tellerlifte in Schweden haben eine schwarze Verkleidung um die Stangen, die jedoch sehr rutschig ist mit wohl allen meinen Handschuhen. Also beispielsweise kann ich hier die gelbe Stange oben fest halten und runterziehen, so dass sich der Teller von meinem Arsch l\u00f6st. Bei den schwarzen geht das nicht, da rutsch ich mit den H\u00e4nden ab, man kann also manchmal nicht verschieben. Beim Ein- und Ausstieg geht&#8217;s meistens gerade so.<\/p>\n<p><a href='http:\/\/ski.inmontanis.info\/d\/302873-2\/ge20220312b.jpg'><img src=http:\/\/ski.inmontanis.info\/d\/302872-3\/ge20220312b.jpg \/><\/a><br \/>\n^ GPS-Tracks Kl\u00f6vsj\u00f6 8.\/9.\/12.3.2022 in Magenta und vorherige Besuche in Gelb<\/p>\n<p>&#8212;<\/p>\n<p>\u00dcbrigens: rt.com wird von der \u00f6sterreichischen Magenta &#8220;im Auftrag der EU&#8221; blockiert = zensiert. Im Skistar-Wlan kommt man noch drauf.<\/p>\n<p>So l\u00fcgt\/inszeniert die Ukraine den russischen Angriff:<br \/>\n<a href='https:\/\/www.anti-spiegel.ru\/2022\/russland-bombardiert-eine-geburtsklinik-marianna-und-die-neue-brutkastenluege\/'>https:\/\/www.anti-spiegel.ru\/2022\/russland-bombardiert-eine-geburtsklinik-marianna-und-die-neue-brutkastenluege\/<\/a><br \/>\n.. und eine Gegenmeinung dazu:<br \/>\n<a href='https:\/\/meduza.io\/en\/feature\/2022\/03\/12\/definitely-not-staged'>https:\/\/meduza.io\/en\/feature\/2022\/03\/12\/definitely-not-staged<\/a><\/p>\n<p>Zum C-Thema:<br \/>\n<a href='https:\/\/www.achgut.com\/artikel\/die_falschaussagen_des_paul_ehrlich_institutes'>https:\/\/www.achgut.com\/artikel\/die_falschaussagen_des_paul_ehrlich_institutes<\/a><\/p>\n<p>Man ist hier im Norden ja schon verw\u00f6hnt, was die Coronama\u00dfnahmen angeht.. Hab mal spa\u00dfeshalber einen kurzen Check in Europa + manch angrenzenden L\u00e4ndern gemacht .. Bis auf die Schweiz und Ungarn und Rum\u00e4nien drehen s\u00fcdlich fast alle immer noch komplett am (Hysterie- und Unterdr\u00fcckungs-) Rad :(<\/p>\n<p>DE: Einreise 3G, Maskenpflicht (soll auch nach irgendwelchen Lockerungen ab 20.3. noch gelten)<br \/>\nIT: Einreise 3G+Registrierung, div. Zonen, Maskenpflicht<br \/>\nCH: Einreise frei, maskenpflicht im \u00d6PNV bis 31.3., sonst nicht<br \/>\nSK: Einreise 2G+Reg., Maskenpflicht<br \/>\nSI: Einreise frei, Maskenpflicht<br \/>\nCZ: Einreise frei; Maskenpflicht evtl. ab 14.3. nur noch \u00d6PNV<br \/>\nHU: Einreise frei, keine Maskenpflicht<br \/>\nAlb: Einreise 3G, Maskenpflicht<br \/>\nAnd: Einreise frei, Maskenpflicht<br \/>\nBE: Einreise 3G aus roten Zonen+Reg, Masken dzt. wohl nur im \u00d6PNV<br \/>\nBiH: Einreise 3G<br \/>\nBU: Einreise 3G aus roten Zonen, Maskenpflicht<br \/>\nDK: Einreise frei, keine Maskenpflicht (au\u00dfer Flugh\u00e4fen+Flugzeuge)<br \/>\nEstl: Einreise 2G<br \/>\nFI: Einreise 3G, keine Maskenpflicht<br \/>\nFR: Einreise 3G, div. 1G-Pflichten + Maskenpflichten<br \/>\nGR: Einreise 3G+Reg., Maskenpflicht<br \/>\nUK: Engl: Einreise 1G od. PCR +Reg.+Quarantine,<br \/>\nIrl: Einreise frei, keine Maskenpflicht<br \/>\nIsl: Einreise frei<br \/>\nKos: Einreise 3G<br \/>\nHR: Einreise 3G, Maskenpflicht<br \/>\nLet: Einreise 3G, Maskenpflicht<br \/>\nLit: Einreise frei, Maskenpflicht<br \/>\nLU: Einreise frei, Maskenpflicht<br \/>\nMon: Einreise 3G, div. 3G-Pflichten+<br \/>\nNL: Einreise 3G, Maskenpflicht nur \u00d6PNV<br \/>\nMK: Einreise 3G, Maskenpflicht<br \/>\nNO: Einreise frei, keine Maskenpflicht<br \/>\nPol: Einreise 3G<br \/>\nPor: Einreise 3G, Maskenpflicht<br \/>\nRO: Einreise frei, keine Maskenpflicht<br \/>\nRU: Einreise PCR (wenn erlaubt)<br \/>\nSE: Einreise frei, keine Maskenpflicht<br \/>\nRS: Einreise 3G, Maskenpflicht<br \/>\nES: Einreise 3G (Zonen), Maskenpflicht<br \/>\nTR: Einreise 3G+Reg, Maskenpflicht<br \/>\nUA: da will man momentan nicht hin<br \/>\nAM: Einreise 1G oder PCR, Maskenpflicht<br \/>\nGE: Einreise 3G, Maskenpflicht<br \/>\nKZ: Einreise PCR, Zonen, div. 3G- und Maskenpflichten<br \/>\nKG: Einreise 3G<\/p>\n<p>Ich hatte ja heute ein bisschen \u00fcberlegt, in eines der Nicht-EU-Balkanl\u00e4nder ziehen zu wollen, wenn das mit der Impfpflicht in AT im Herbst wieder aktuell sein sollte und mir die EU weiterhin so auf den Senkel geht, aber die spinnen Corona-bedingt ja momentan alle noch, wird also auch keine Option sein.<\/p>\n","protected":false},"excerpt":{"rendered":"<p>Mo, 7.3.2022<\/p>\n<p>Nachts gab es ein Zentimeterchen Neuschnee und auch vormittags schneite und regnete es etwas, bei um die 0\u00b0. Bin gegen 11:30 mal ins Restaurnt hier am Campingplatz, gab aber nicht unbedingt meine Wunschsachen und war mir auch etwas zu voll. Das Men\u00fc der n\u00e4chsten Tage \u00fcberzeugt mich auch nicht unbedingt.<\/p>\n<p>Ob ich heut <a href=\"http:\/\/blog.inmontanis.info\/?p=7456\">[&#8230;]<\/a><\/p>\n","protected":false},"author":1,"featured_media":7460,"comment_status":"closed","ping_status":"closed","sticky":false,"template":"","format":"standard","meta":{"footnotes":""},"categories":[185,19,27,623],"tags":[56,47],"class_list":["post-7456","post","type-post","status-publish","format-standard","has-post-thumbnail","hentry","category-2021-08-skandinavien","category-schwedensweden","category-skifahren-winterskiing-winter","category-vemdalen","tag-6sb","tag-sl","odd"],"_links":{"self":[{"href":"http:\/\/blog.inmontanis.info\/index.php?rest_route=\/wp\/v2\/posts\/7456","targetHints":{"allow":["GET"]}}],"collection":[{"href":"http:\/\/blog.inmontanis.info\/index.php?rest_route=\/wp\/v2\/posts"}],"about":[{"href":"http:\/\/blog.inmontanis.info\/index.php?rest_route=\/wp\/v2\/types\/post"}],"author":[{"embeddable":true,"href":"http:\/\/blog.inmontanis.info\/index.php?rest_route=\/wp\/v2\/users\/1"}],"replies":[{"embeddable":true,"href":"http:\/\/blog.inmontanis.info\/index.php?rest_route=%2Fwp%2Fv2%2Fcomments&post=7456"}],"version-history":[{"count":6,"href":"http:\/\/blog.inmontanis.info\/index.php?rest_route=\/wp\/v2\/posts\/7456\/revisions"}],"predecessor-version":[{"id":9094,"href":"http:\/\/blog.inmontanis.info\/index.php?rest_route=\/wp\/v2\/posts\/7456\/revisions\/9094"}],"wp:featuredmedia":[{"embeddable":true,"href":"http:\/\/blog.inmontanis.info\/index.php?rest_route=\/wp\/v2\/media\/7460"}],"wp:attachment":[{"href":"http:\/\/blog.inmontanis.info\/index.php?rest_route=%2Fwp%2Fv2%2Fmedia&parent=7456"}],"wp:term":[{"taxonomy":"category","embeddable":true,"href":"http:\/\/blog.inmontanis.info\/index.php?rest_route=%2Fwp%2Fv2%2Fcategories&post=7456"},{"taxonomy":"post_tag","embeddable":true,"href":"http:\/\/blog.inmontanis.info\/index.php?rest_route=%2Fwp%2Fv2%2Ftags&post=7456"}],"curies":[{"name":"wp","href":"https:\/\/api.w.org\/{rel}","templated":true}]}}