{"id":7450,"date":"2022-03-06T19:52:33","date_gmt":"2022-03-06T18:52:33","guid":{"rendered":"http:\/\/blog.inmontanis.info\/?p=7450"},"modified":"2023-08-05T12:25:13","modified_gmt":"2023-08-05T10:25:13","slug":"persasbacken-6-3-2022","status":"publish","type":"post","link":"http:\/\/blog.inmontanis.info\/?p=7450","title":{"rendered":"Pers\u00e5sbacken, 6.3.2022"},"content":{"rendered":"<p><strong>So, 6.3.2022<\/strong><\/p>\n<p>N\u00e4chste Woche sind hier in der Gegend Schulferien, also haben einige Lifte auch unter der Woche offen. Pers\u00e5sbacken aber nur am MO und DO, was mir alles nicht so ganz gepasst hat. Zudem ja heute recht st\u00fcrmisch gemeldet, da passt so ein waldiger KSSL besser als die baumfreien Lifte in Kl\u00f6vsj\u00f6-Storhogna. Zumal ich hier letztes Jahr im Januar mal nur abends war, Ausflug von \u00d6stersund aus.<\/p>\n<p>W\u00fcrde zwar gerne das kleine Skigebiet in G\u00e4ll\u00f6 besuchen, das in dieser Woche auch unter der Woche offen h\u00e4tte, aber das sind in Summe wohl ca. 90-100km Umweg, f\u00fcr zwei arg kurze Lifte  &#8230; das bringt&#8217;s wohl nicht.<\/p>\n<p>Hab ja mittlerweile mehrere Schoko-Haferdrinks ausprobiert (Kakao, zum Fr\u00fchst\u00fcck, weil 1l-Kuhmilch-Kakaos in Schweden fast nie einen wiederverschlie\u00dfbaren Verschluss haben, au\u00dfer im Lidl, aber der schmeckt auch nicht so besonders), aktuell Eigenmarke Coop, der schmeckt mir aber nicht sonderlich, hat irgendwo eine g\u00e4rende Note. Oatly ist da mit Abstand der beste.)<\/p>\n<p>Die Tageskarte kostete 220,- SEK, 2h g\u00e4be es um 170, h\u00e4tte vielleicht auch gereicht bei den ja lediglich 1-2 Abfahrten, schien mir f\u00fcr einen sonnigen Sonntag (wenn auch st\u00fcrmisch) aber etwas kurz. Ein kleines Hotdog um 15,- noch dazu genommen. Der Sturm war an der Talstation am st\u00e4rksten, weil recht offen und ab dann sehr waldig. Wobei eh mehr Rodler als Skifahrer da waren. Die haben ja rechts ihre eigenen 2-4 Abfahrten.<\/p>\n<p><a href='http:\/\/extra.inmontanis.info\/d\/75029-2\/DSC02750.jpg'><img src=http:\/\/extra.inmontanis.info\/d\/75028-3\/DSC02750.jpg \/><\/a><br \/>\n^ Es war starker Sturm und da vorne sieht man aktuell eine Verwehung \u00fcber die Stra\u00dfe. An einer anderen Stelle war man ein paar Meter blind und an ein, zwei Stellen war auf der Gegenfahrbahn etwas tieferer Schnee, sonst ging&#8217;s zum Gl\u00fcck<\/p>\n<p><a href='http:\/\/ski.inmontanis.info\/d\/302649-2\/DSC02753.jpg'><img src=http:\/\/ski.inmontanis.info\/d\/302648-3\/DSC02753.jpg \/><\/a><br \/>\n^ Parkplatz und Talstation<\/p>\n<p><a href='http:\/\/ski.inmontanis.info\/d\/302653-2\/DSC02756.jpg'><img src=http:\/\/ski.inmontanis.info\/d\/302652-3\/DSC02756.jpg \/><\/a><br \/>\n^ KSSL-Trasse, mittlerer\/unterer Teil. Nach Poma-KSSL in Kappruet, Poma-3SB in Ljungdalen nun schon wieder Poma ;-)<\/p>\n<p><a href='http:\/\/ski.inmontanis.info\/d\/302657-2\/DSC02758.jpg'><img src=http:\/\/ski.inmontanis.info\/d\/302656-3\/DSC02758.jpg \/><\/a><br \/>\n^ Bergstation<\/p>\n<p><a href='http:\/\/ski.inmontanis.info\/d\/302661-2\/DSC02759.jpg'><img src=http:\/\/ski.inmontanis.info\/d\/302660-3\/DSC02759.jpg \/><\/a><br \/>\n^ Abfahrt, schmal und nett trassiert<\/p>\n<p><a href='http:\/\/ski.inmontanis.info\/d\/302665-2\/DSC02761.jpg'><img src=http:\/\/ski.inmontanis.info\/d\/302664-3\/DSC02761.jpg \/><\/a><br \/>\n^ .. allerdings hat man kaum Blick auf den gro\u00dfen See (wo auch \u00d6stersund liegt)<\/p>\n<p><a href='http:\/\/ski.inmontanis.info\/d\/302669-2\/DSC02763.jpg'><img src=http:\/\/ski.inmontanis.info\/d\/302668-3\/DSC02763.jpg \/><\/a><br \/>\n^ Abfahrt, mittlerer Teil<\/p>\n<p><a href='http:\/\/ski.inmontanis.info\/d\/302673-2\/DSC02765.jpg'><img src=http:\/\/ski.inmontanis.info\/d\/302672-3\/DSC02765.jpg \/><\/a><br \/>\n^ Abfahrten, unterer Teil<\/p>\n<p><a href='http:\/\/ski.inmontanis.info\/d\/302677-2\/DSC02766.jpg'><img src=http:\/\/ski.inmontanis.info\/d\/302676-3\/DSC02766.jpg \/><\/a><br \/>\n^ Alternativer, kurzer Steilhang<\/p>\n<p><a href='http:\/\/ski.inmontanis.info\/d\/302681-2\/DSC02767.jpg'><img src=http:\/\/ski.inmontanis.info\/d\/302680-3\/DSC02767.jpg \/><\/a><br \/>\n^ Schon ungew\u00f6hnlicher KSSL hier<\/p>\n<p><a href='http:\/\/ski.inmontanis.info\/d\/302685-2\/DSC02773.jpg'><img src=http:\/\/ski.inmontanis.info\/d\/302684-3\/DSC02773.jpg \/><\/a><br \/>\n^ Variante nahe Talstation<\/p>\n<p><a href='http:\/\/ski.inmontanis.info\/d\/302689-2\/DSC02774.jpg'><img src=http:\/\/ski.inmontanis.info\/d\/302688-3\/DSC02774.jpg \/><\/a><br \/>\n^ .. ohne den Baum wohl netter<\/p>\n<p><a href='http:\/\/ski.inmontanis.info\/d\/302693-2\/DSC02775.jpg'><img src=http:\/\/ski.inmontanis.info\/d\/302692-3\/DSC02775.jpg \/><\/a><br \/>\n^ Manchmal f\u00e4hrt ein Kind am Rodel vom Erwachsenen mit und klammert sich von hinten um seinen Elter. Seltener f\u00e4hrt der zweite Schlitten im Schlepptau, wie hier.<\/p>\n<p>Gegen Mittag riss beim Anstehen\/Anschieben eins meiner Stockb\u00e4nder\/Schlaufen:<\/p>\n<p><a href='http:\/\/ski.inmontanis.info\/d\/302697-2\/DSC02777.jpg'><img src=http:\/\/ski.inmontanis.info\/d\/302696-3\/DSC02777.jpg \/><\/a><br \/>\n(auch das am anderen Stock schaut schon recht angeknabbert aus).<\/p>\n<p>Grund genug, f\u00fcr eine kleine Mittagspause am Auto und einer sofortigen Reparatur. Meine \u00d6sen w\u00e4ren vmtl. zu gro\u00df (wobei, nicht versucht, da ich keinen Hammer habe) also hab ich das abgerissene Band eben so reingestopft und den seitlichen Plastikstift mit Zange wieder durchgeschlagen bzw. druchgedr\u00fcckt, allerdings weigerte er sich, so weit wie zuvor rein zu gehen. Ob das also dauerhaft h\u00e4lt, bleibt zu bezweifeln, aber vielleicht reichts ja bis zum Ende der Saison oder man kann die Schlaufe g\u00fcnstig ersetzen lassen.<\/p>\n<p>Nach der Mittagspause konnte ich dann nicht mehr vern\u00fcnftig am KSSL einsteigen. 3 Fahrten hintereinander kuppelte bei mir die Stange nicht ein, bemerkte das aber sonst nicht wirklich bei anderen bzw. war mir nicht sicher, ob andere, die das betraf, nur einfach nicht bis zum gr\u00fcnen Licht an der Ampel gewartet hatten. Aber warum geht das jetzt nicht mehr? Fahr ich mit zu hoher Geschwindigkeit durch? Ist die Ampel unsynchron und zeigt zu fr\u00fch Gr\u00fcn an?<\/p>\n<p>Die n\u00e4chsten Male hielt ich daher den Impulsgeber am Boden mit dem Skistecken l\u00e4nger offen. Das funktionierte einige Male. Bis auch das irgendwann wieder nicht mehr ging.<\/p>\n<p><a href='http:\/\/ski.inmontanis.info\/d\/302701-2\/DSC02779.jpg'><img src=http:\/\/ski.inmontanis.info\/d\/302700-3\/DSC02779.jpg \/><\/a><br \/>\n^ Rodelabfahrt von der Bergstation aus rechts, verl\u00e4uft ja anders als die 1-2 Bahnen vom Zwischenausstieg unterhalb des Steilhangs, die ich letztes Jahr abends gefahren bin<\/p>\n<p><a href='http:\/\/ski.inmontanis.info\/d\/302705-2\/DSC02780.jpg'><img src=http:\/\/ski.inmontanis.info\/d\/302704-3\/DSC02780.jpg \/><\/a><br \/>\n^ Auch die Rodelabfahrt von oben verzweigt sich mal und ist auch mit Skiern sch\u00f6n zu fahren. Aber normalerweise fahren hier zu viel Rodler, erst kurz vor Betriebsschluss (=15h) geht&#8217;s.<\/p>\n<p><a href='http:\/\/ski.inmontanis.info\/d\/302709-2\/DSC02784.jpg'><img src=http:\/\/ski.inmontanis.info\/d\/302708-3\/DSC02784.jpg \/><\/a><br \/>\n^ Rodelabfahrt von der Bergstation aus. K\u00f6nnte auch ohne dem Rodelbahnumbau eine nette Skiabfahrt sein<\/p>\n<p><a href='http:\/\/ski.inmontanis.info\/d\/302713-2\/DSC02781.jpg'><img src=http:\/\/ski.inmontanis.info\/d\/302712-3\/DSC02781.jpg \/><\/a><br \/>\n^ Kurz vor Betriebsschluss gab&#8217;s dann eine Reparatur am Impulsgeber, schien also doch nicht nur mich betroffen zu haben und ich war also nicht zu bl\u00f6d zum Einsteigen ;-)<\/p>\n<p><a href='http:\/\/ski.inmontanis.info\/d\/302717-2\/ge20220306.jpg'><img src=http:\/\/ski.inmontanis.info\/d\/302716-3\/ge20220306.jpg \/><\/a><br \/>\n^ GPS-Tracks 2021 (abends) und 2022 (tags\u00fcber). Sat-Bild ist etwas verschoben, aber das scheint generell ein GE-Problem bei einem Jahrgang zu sein, denn manchmal gibt es \u00e4ltere Sat-Bilder, die besser passen, hier leider nicht.<\/p>\n<p>Ja, also eine zweite Abfahrt w\u00e4r schon nett, oder wenn man die Rodelabfahrt mit den Skiern \u00f6fters fahren k\u00f6nnte. Aber f\u00fcr ein paar Stunden kommt man auch mit der vorhandenen Abfahrt aus.<\/p>\n<p>Die Spritpreise auf dem Weg heute bei einer reinen Automatentankstelle lagen bei \u00fcber 21,- SEK f\u00fcr Benzin und \u00fcber 24 SEK f\u00fcr Diesel. Mal abwarten, ob das nur eine teure lokale Tankstelle hier ist oder wie das bei den n\u00e4chsten Tankstellen ausschaut.<\/p>\n<p>\u00dcbernachtet wird heute am Campingplatz in \u00c5sarna um g\u00fcnstige 200,- SEK pro Nacht (f\u00fcr 3 mal bezahlt) inkl. Strom und Internet (nicht optimaler Empfang). Lt. Buchungsseite gestern h\u00e4tten zB. Platz 3+5 frei sein sollen. Also auf 5 stand ein Wohnwagen wohl schon l\u00e4nger, 3 schien irgendwie der Ablagerungsort f\u00fcr die Schneer\u00e4umung zu sein, auf 4 stand zwar kein Wohnwagen, aber ein H\u00e4uschen, also vmtl. ist der Dauercamper gerade nur weg?! 2 h\u00e4tte belegt sein sollen, war aber zumindest um 17h frei. Schlie\u00dflich entschied ich mich f\u00fcr einen Platz in der Mittelinsel, wo es zwar auch nicht eindeutig war, wie man da genau parken soll, wie nah beieinander Platz 15+16 gedacht sein sollen, wie breit die Zufahrt bleiben soll  .. also steh ich jetzt mitten am Platz (in der Mitte des Kreisverkehrs auf dem Pr\u00e4sentierteller quasi), vielleicht nicht so ganz optimal, dafur ist der Weg zum Servicegeb\u00e4ude etwas k\u00fcrzer als z.B. von der 3 und der Platz ist auch gerader.<\/p>\n<p>Wenig gest\u00f6rt hat, dass der Campingplatz ziemlich eng zwischen Eisenbahn und Europastra\u00dfe ist, wobei erstere wohl nur 1x pro Tag pro Richtung f\u00e4hrt und ich letztere durch den Heizer auch nicht h\u00f6re. Schuko-Steckdosen mit alten Rund\/Drehsicherungen, wie in Ljungdalen. Hostel gibt&#8217;s auch, ca. 30 \u20ac die Nacht oder so, aber lt. Booking sehr kleine Zimmer; 4 WCs f\u00fcr den Campingplatz im Herrenbereich sind ungew\u00f6hnlich viel f\u00fcr den kleinen Platz, die nicht absperrbare Doppeldusche mit fix installiertem Duschkopf ist dagegen mal nicht mein Fall.  <\/p>\n<p>Im Restaurant gibt&#8217;s Fr\u00fchst\u00fccksbuffet (ca. 8 \u20ac), Mittagsbuffet (1030-16h, ca 10 \u20ac) und danach noch Abendbuffet (ca 12 \u20ac), mal schaun was es morgen oder \u00fcbermorgen gibt, vielleicht ess ich mittags mal was.<\/p>\n<p>Von hier aus m\u00f6chte ich die n\u00e4chsten 2-3 Tage Kl\u00f6vsj\u00f6 anfahren, ist k\u00fcrzer als von dem Campingplatz westlich von Bj\u00f6rnrike, das daf\u00fcr von hier aus zu weit weg w\u00e4re. <\/p>\n<p>&#8212;<\/p>\n<p>Folgende 3 Artikel halt ich hinsichtlich der aktuellen Ukraine-Krise f\u00fcr lesenswert, aber vmtl. werd ich mich bald von dem Thema ausklinkgen, da es mir, wie das Corona-Thema, zu viel Zeit kostet und ich mich zu sehr \u00e4rgern muss:<\/p>\n<p><a href='https:\/\/www.anti-spiegel.ru\/2022\/in-der-ukraine-herrscht-das-chaos-und-selensky-lallt-vor-der-presse\/'>https:\/\/www.anti-spiegel.ru\/2022\/in-der-ukraine-herrscht-das-chaos-und-selensky-lallt-vor-der-presse\/<\/a><\/p>\n<p><a href='https:\/\/www.anti-spiegel.ru\/2022\/aus-der-geschichte-nichts-gelernt-es-gibt-wieder-offenen-rassenhass-in-deutschland\/'>https:\/\/www.anti-spiegel.ru\/2022\/aus-der-geschichte-nichts-gelernt-es-gibt-wieder-offenen-rassenhass-in-deutschland\/<\/a><\/p>\n<p><a href='https:\/\/www.anti-spiegel.ru\/2022\/das-russische-fernsehen-ueber-die-folgen-der-sanktionen\/'>https:\/\/www.anti-spiegel.ru\/2022\/das-russische-fernsehen-ueber-die-folgen-der-sanktionen\/<\/a><\/p>\n","protected":false},"excerpt":{"rendered":"<p>So, 6.3.2022<\/p>\n<p>N\u00e4chste Woche sind hier in der Gegend Schulferien, also haben einige Lifte auch unter der Woche offen. Pers\u00e5sbacken aber nur am MO und DO, was mir alles nicht so ganz gepasst hat. Zudem ja heute recht st\u00fcrmisch gemeldet, da passt so ein waldiger KSSL besser als die baumfreien Lifte in Kl\u00f6vsj\u00f6-Storhogna. Zumal ich <a href=\"http:\/\/blog.inmontanis.info\/?p=7450\">[&#8230;]<\/a><\/p>\n","protected":false},"author":1,"featured_media":7452,"comment_status":"closed","ping_status":"closed","sticky":false,"template":"","format":"standard","meta":{"footnotes":""},"categories":[185,639,19,27],"tags":[48],"class_list":["post-7450","post","type-post","status-publish","format-standard","has-post-thumbnail","hentry","category-2021-08-skandinavien","category-persasbacken","category-schwedensweden","category-skifahren-winterskiing-winter","tag-kssl","odd"],"_links":{"self":[{"href":"http:\/\/blog.inmontanis.info\/index.php?rest_route=\/wp\/v2\/posts\/7450","targetHints":{"allow":["GET"]}}],"collection":[{"href":"http:\/\/blog.inmontanis.info\/index.php?rest_route=\/wp\/v2\/posts"}],"about":[{"href":"http:\/\/blog.inmontanis.info\/index.php?rest_route=\/wp\/v2\/types\/post"}],"author":[{"embeddable":true,"href":"http:\/\/blog.inmontanis.info\/index.php?rest_route=\/wp\/v2\/users\/1"}],"replies":[{"embeddable":true,"href":"http:\/\/blog.inmontanis.info\/index.php?rest_route=%2Fwp%2Fv2%2Fcomments&post=7450"}],"version-history":[{"count":3,"href":"http:\/\/blog.inmontanis.info\/index.php?rest_route=\/wp\/v2\/posts\/7450\/revisions"}],"predecessor-version":[{"id":7455,"href":"http:\/\/blog.inmontanis.info\/index.php?rest_route=\/wp\/v2\/posts\/7450\/revisions\/7455"}],"wp:featuredmedia":[{"embeddable":true,"href":"http:\/\/blog.inmontanis.info\/index.php?rest_route=\/wp\/v2\/media\/7452"}],"wp:attachment":[{"href":"http:\/\/blog.inmontanis.info\/index.php?rest_route=%2Fwp%2Fv2%2Fmedia&parent=7450"}],"wp:term":[{"taxonomy":"category","embeddable":true,"href":"http:\/\/blog.inmontanis.info\/index.php?rest_route=%2Fwp%2Fv2%2Fcategories&post=7450"},{"taxonomy":"post_tag","embeddable":true,"href":"http:\/\/blog.inmontanis.info\/index.php?rest_route=%2Fwp%2Fv2%2Ftags&post=7450"}],"curies":[{"name":"wp","href":"https:\/\/api.w.org\/{rel}","templated":true}]}}