{"id":7446,"date":"2022-03-05T20:00:54","date_gmt":"2022-03-05T19:00:54","guid":{"rendered":"http:\/\/blog.inmontanis.info\/?p=7446"},"modified":"2023-08-05T12:33:15","modified_gmt":"2023-08-05T10:33:15","slug":"ljungdalsberget-4-5-3-2022","status":"publish","type":"post","link":"http:\/\/blog.inmontanis.info\/?p=7446","title":{"rendered":"Ljungdalsberget, 4.+5.3.2022"},"content":{"rendered":"<p><strong>Fr, 4.3.2022<\/strong> <\/p>\n<p>(Vorabend)<\/p>\n<p>Der Camping- bzw. Stellplatz an der Ljungdalen-3SB war etwas rudiment\u00e4r am Hauptparkplatz mit normalen Schukosteckdosen, aber kein Platz direkt an der Steckdose frei, da standen zwei andere Autos rum, daher etwas weiter weg gestanden und morgen fr\u00fch umgestellt. Kleine K\u00fcche neben dem Sportgesch\u00e4ft und Dusche+Toiletten bei den Lift-Toiletten. WLAN leider keines und obwohl fast mitten im Ort auch nur schlechten 4G-Empfang. 300,- SEK kostet der Spa\u00df pro Nacht, schon \u00fcbertrieben ..<\/p>\n<p>Da ich abends schon gemerkt hatte, dass beide Heizer eingeschaltet bleiben k\u00f6nnen, ohne dass es zu warm wird, lie\u00df ich beide die Nacht laufen. Am Morgen hatte es -18\u00b0 laut Auto. Soll aber nach Mittag wieder auf knapp unter oder um 0\u00b0 steigen.<\/p>\n<p>Nach Poma-KSSL gestern heute die Poma-3SB. Tageskarte kostet hier 270,- SEK, 3h 220,-, 2TK 520,- und 3 Tage (innerhalb einer Woche) 670.<\/p>\n<p>Hab mir ja lang \u00fcberlegt, wieviel Tage ich hier bleiben will oder nicht. Klar, kann ich die Abfahrten nicht einsch\u00e4tzen, machen aber auf den Bildern bzw. Satbild einen netten Eindruck. Heute nur 3h Skipass und morgen Tageskarte und dann weg? Oder 2-Tageskarte f\u00fcr heute+morgen? Oder 3-Tageskarte und FR-SA-SO fahren? Nur, Sonntag soll es schneien und st\u00fcrmisch werden. Da f\u00e4llt dann auch der kurze Fj\u00e4lliften-SL in der N\u00e4he aus. Auch so eine Frage, ob ich den besuchen m\u00f6chte oder nicht. Urig ist er ja schon, aber wenn man nicht neben der Piste fahren kann, falls alles windverweht oder bruchharschig sein sollte, dann wird&#8217;s schnell fad.<\/p>\n<p>Ich entschied mich f\u00fcr die 2-Tageskarte und es schien mir tags\u00fcber auch richtig, nicht l\u00e4nger zu bleiben, denn obwohl die Pisten sch\u00f6n trassiert w\u00e4ren, war der Schnee hart und eisig, wird wohl auch selten pr\u00e4pariert und durch den S\u00fcdhang und der W\u00e4rme vor ein paar Tagen, schade.<\/p>\n<p><a href='http:\/\/ski.inmontanis.info\/d\/302489-2\/DSC02647.jpg'><img src=http:\/\/ski.inmontanis.info\/d\/302488-3\/DSC02647.jpg \/><\/a><br \/>\n^ Blick ins Skigebiet von der Flatruet-Stra\u00dfe aus (Vortag)<\/p>\n<p><a href='http:\/\/ski.inmontanis.info\/d\/302493-2\/DSC02657.jpg'><img src=http:\/\/ski.inmontanis.info\/d\/302492-3\/DSC02657.jpg \/><\/a><br \/>\n^ 3SB-Trasse mittlerer Teil<\/p>\n<p><a href='http:\/\/ski.inmontanis.info\/d\/302497-2\/DSC02659.jpg'><img src=http:\/\/ski.inmontanis.info\/d\/302496-3\/DSC02659.jpg \/><\/a><br \/>\n^ Bergstation 3SB<\/p>\n<p><a href='http:\/\/ski.inmontanis.info\/d\/302501-2\/DSC02660.jpg'><img src=http:\/\/ski.inmontanis.info\/d\/302500-3\/DSC02660.jpg \/><\/a><br \/>\n^ 3SB Talblick<\/p>\n<p><a href='http:\/\/ski.inmontanis.info\/d\/302505-2\/DSC02661.jpg'><img src=http:\/\/ski.inmontanis.info\/d\/302504-3\/DSC02661.jpg \/><\/a><br \/>\n^ Hintenrumabfahrten 9 (vorne) und 1 (unten\/Hinten)<\/p>\n<p><a href='http:\/\/ski.inmontanis.info\/d\/302509-2\/DSC02662.jpg'><img src=http:\/\/ski.inmontanis.info\/d\/302508-3\/DSC02662.jpg \/><\/a><br \/>\n^ 3SB Bergstation, der Sessel ist so hoch, dass ich runterspringen muss<\/p>\n<p><a href='http:\/\/ski.inmontanis.info\/d\/302513-2\/DSC02665.jpg'><img src=http:\/\/ski.inmontanis.info\/d\/302512-3\/DSC02665.jpg \/><\/a><br \/>\n^ Schwarze 8 ganz links<\/p>\n<p><a href='http:\/\/ski.inmontanis.info\/d\/302517-2\/DSC02666.jpg'><img src=http:\/\/ski.inmontanis.info\/d\/302516-3\/DSC02666.jpg \/><\/a><br \/>\n^ Schwarze 8 ganz links<\/p>\n<p><a href='http:\/\/ski.inmontanis.info\/d\/302521-2\/DSC02671.jpg'><img src=http:\/\/ski.inmontanis.info\/d\/302520-3\/DSC02671.jpg \/><\/a><br \/>\n^ Schwarze 8 ganz links<\/p>\n<p><a href='http:\/\/ski.inmontanis.info\/d\/302525-2\/DSC02675.jpg'><img src=http:\/\/ski.inmontanis.info\/d\/302524-3\/DSC02675.jpg \/><\/a><br \/>\n^ Abfahrtsstart rechts der 3SB<\/p>\n<p><a href='http:\/\/ski.inmontanis.info\/d\/302529-2\/DSC02676.jpg'><img src=http:\/\/ski.inmontanis.info\/d\/302528-3\/DSC02676.jpg \/><\/a><br \/>\n^ Schwarze 7<\/p>\n<p><a href='http:\/\/ski.inmontanis.info\/d\/302533-2\/DSC02677.jpg'><img src=http:\/\/ski.inmontanis.info\/d\/302532-3\/DSC02677.jpg \/><\/a><br \/>\n^ Schwarze 7<\/p>\n<p><a href='http:\/\/ski.inmontanis.info\/d\/302537-2\/DSC02680.jpg'><img src=http:\/\/ski.inmontanis.info\/d\/302536-3\/DSC02680.jpg \/><\/a><br \/>\n^ Talstation 3SB und Parkplatz<\/p>\n<p><a href='http:\/\/ski.inmontanis.info\/d\/302541-2\/DSC02681.jpg'><img src=http:\/\/ski.inmontanis.info\/d\/302540-3\/DSC02681.jpg \/><\/a><br \/>\n^ Abfahrt 5<\/p>\n<p><a href='http:\/\/ski.inmontanis.info\/d\/302545-2\/DSC02684.jpg'><img src=http:\/\/ski.inmontanis.info\/d\/302544-3\/DSC02684.jpg \/><\/a><br \/>\n^ Abfahrt 5<\/p>\n<p><a href='http:\/\/ski.inmontanis.info\/d\/302549-2\/DSC02683.jpg'><img src=http:\/\/ski.inmontanis.info\/d\/302548-3\/DSC02683.jpg \/><\/a><br \/>\n^ Abfahrt 5<\/p>\n<p><a href='http:\/\/ski.inmontanis.info\/d\/302553-2\/DSC02686.jpg'><img src=http:\/\/ski.inmontanis.info\/d\/302552-3\/DSC02686.jpg \/><\/a><br \/>\n^ Abfahrt 5\/6 und Mini-Park<\/p>\n<p><a href='http:\/\/ski.inmontanis.info\/d\/302557-2\/DSC02687.jpg'><img src=http:\/\/ski.inmontanis.info\/d\/302556-3\/DSC02687.jpg \/><\/a><br \/>\n^ Abfahrten 7 bis 4<\/p>\n<p><a href='http:\/\/ski.inmontanis.info\/d\/302561-2\/DSC02690.jpg'><img src=http:\/\/ski.inmontanis.info\/d\/302560-3\/DSC02690.jpg \/><\/a><br \/>\n^ Abfahrten 2+3<\/p>\n<p><a href='http:\/\/ski.inmontanis.info\/d\/302565-2\/DSC02692.jpg'><img src=http:\/\/ski.inmontanis.info\/d\/302564-3\/DSC02692.jpg \/><\/a><br \/>\n^ Abfahrt 3 Trollstigen<\/p>\n<p><a href='http:\/\/ski.inmontanis.info\/d\/302569-2\/DSC02695.jpg'><img src=http:\/\/ski.inmontanis.info\/d\/302568-3\/DSC02695.jpg \/><\/a><br \/>\n^ Abfahrt 2<\/p>\n<p><a href='http:\/\/ski.inmontanis.info\/d\/302573-2\/DSC02696.jpg'><img src=http:\/\/ski.inmontanis.info\/d\/302572-3\/DSC02696.jpg \/><\/a><br \/>\n^ Abfahrt 1<\/p>\n<p><a href='http:\/\/ski.inmontanis.info\/d\/302577-2\/DSC02697.jpg'><img src=http:\/\/ski.inmontanis.info\/d\/302576-3\/DSC02697.jpg \/><\/a><br \/>\n^ Abfahrt 10 zur Abfahrt 1, bester Schnee im Skigebiet<\/p>\n<p><a href='http:\/\/ski.inmontanis.info\/d\/302581-2\/DSC02698.jpg'><img src=http:\/\/ski.inmontanis.info\/d\/302580-3\/DSC02698.jpg \/><\/a><br \/>\n^ Abfahrt 10<\/p>\n<p><a href='http:\/\/ski.inmontanis.info\/d\/302585-2\/DSC02700.jpg'><img src=http:\/\/ski.inmontanis.info\/d\/302584-3\/DSC02700.jpg \/><\/a><br \/>\n^ Kurze Hintenrumabfahrt 9<\/p>\n<p><a href='http:\/\/ski.inmontanis.info\/d\/302589-2\/DSC02703.jpg'><img src=http:\/\/ski.inmontanis.info\/d\/302588-3\/DSC02703.jpg \/><\/a><br \/>\n^ Aufstieg zum Start der Hintenrumabfahrt 1<\/p>\n<p><a href='http:\/\/ski.inmontanis.info\/d\/302593-2\/DSC02704.jpg'><img src=http:\/\/ski.inmontanis.info\/d\/302592-3\/DSC02704.jpg \/><\/a><br \/>\n^ Aufstieg zum Start der Hintenrumabfahrt 1<\/p>\n<p><a href='http:\/\/ski.inmontanis.info\/d\/302597-2\/DSC02705.jpg'><img src=http:\/\/ski.inmontanis.info\/d\/302596-3\/DSC02705.jpg \/><\/a><br \/>\n^ Blick zum Fj\u00e4lliften. K\u00f6nnte echt etwas weiter rauf gehen.<\/p>\n<p><a href='http:\/\/ski.inmontanis.info\/d\/302601-2\/DSC02706.jpg'><img src=http:\/\/ski.inmontanis.info\/d\/302600-3\/DSC02706.jpg \/><\/a><br \/>\n^ Pano<\/p>\n<p><a href='http:\/\/ski.inmontanis.info\/d\/302605-2\/DSC02707.jpg'><img src=http:\/\/ski.inmontanis.info\/d\/302604-3\/DSC02707.jpg \/><\/a><br \/>\n^ Abfahrt 1, verl\u00e4uft dann rechts unten im Graben<\/p>\n<p><a href='http:\/\/ski.inmontanis.info\/d\/302609-2\/DSC02709.jpg'><img src=http:\/\/ski.inmontanis.info\/d\/302608-3\/DSC02709.jpg \/><\/a><br \/>\n^ Abfahrt 1<\/p>\n<p><a href='http:\/\/ski.inmontanis.info\/d\/302613-2\/DSC02710.jpg'><img src=http:\/\/ski.inmontanis.info\/d\/302612-3\/DSC02710.jpg \/><\/a><br \/>\n^ Schwarze 8 ganz links<\/p>\n<p><a href='http:\/\/ski.inmontanis.info\/d\/302617-2\/DSC02712.jpg'><img src=http:\/\/ski.inmontanis.info\/d\/302616-3\/DSC02712.jpg \/><\/a><br \/>\n^ \u00dcbungs-SSL unten, dar\u00fcber 3SB<\/p>\n<p><a href='http:\/\/ski.inmontanis.info\/d\/302621-2\/DSC02716.jpg'><img src=http:\/\/ski.inmontanis.info\/d\/302620-3\/DSC02716.jpg \/><\/a><br \/>\n^ Alte Snow-Tracs<\/p>\n<p><a href='http:\/\/ski.inmontanis.info\/d\/302625-2\/DSC02718.jpg'><img src=http:\/\/ski.inmontanis.info\/d\/302624-3\/DSC02718.jpg \/><\/a><br \/>\n^ Alte Snow-Tracs<\/p>\n<p><a href='http:\/\/extra.inmontanis.info\/d\/75025-2\/DSC02720.jpg'><img src=http:\/\/extra.inmontanis.info\/d\/75024-3\/DSC02720.jpg \/><\/a><br \/>\n^ Heute mal so, schaut zumindest besser aus. (Die Creme-Fraiche-Variante fand ich besser.)<\/p>\n<p><a href='http:\/\/ski.inmontanis.info\/d\/302629-2\/DSC02738.jpg'><img src=http:\/\/ski.inmontanis.info\/d\/302628-3\/DSC02738.jpg \/><\/a><br \/>\n^ H\u00e4tte heute etwas Nordlichter gegeben, aber die Beleuchtung zu hell und ich nicht ganz passend gestanden<\/p>\n<p>Wohin Montag? Vemdalen zwar sonniger, aber auch windiger, k\u00f6nnte also zu Betriebseinstellungen f\u00fchren. Umweg via Hede-Bj\u00f6rnrike dann sinnvoll? Oder lieber k\u00fcrzerer Umweg nach Pers\u00e5sbacken zum KSSL, der wird weniger Problem beim Sturm haben (und soll auch halbwegs sonnig werden). Dann nochmals hier \u00fcbernachten oder im n\u00e4chsten Campingplatz, der etwas g\u00fcnstiger ist?<\/p>\n<p>Pistenraupe hab ich nachmittags\/abends keine fahren sehen &#8211; entweder es wird wieder nicht pr\u00e4pariert, somit man sich nicht wundern muss, dass es eisig-hart bleibt, oder es wird morgen fr\u00fch pr\u00e4pariert, dann k\u00f6nnte der Schnee besser sein.<\/p>\n<p><strong>5.3.2022<\/strong> <\/p>\n<p>Gut, dass ich gestern fr\u00fch geduscht hatte, denn tags\u00fcber waren die Campingtoileten\/Duscht\u00fcren abgesperrt und blieben es anscheinend auch \u00fcber Nacht, da auch heute Morgen zu. (Normale Toiletten offen.)<\/p>\n<p>Die Pisten wurden auch morgens nicht pr\u00e4pariert, faules Pack. Von mir aus m\u00fcssen bekanntlich Pisten nicht t\u00e4glich pr\u00e4pariert werden, aber wenn sie so eisig hart abgefahren sind wie hier, w\u00e4re es halt mal wieder n\u00f6tig, zumindest mal ein paar Streifen. Da h\u00e4tte mir dann auch eine 1-Tageskarte gestern gereicht. Wetter war n\u00e4mlich auch nicht so toll heute. Kaum Sonne, viel Wind, schon vormittags und fast laufend leichter Schneefall.<\/p>\n<p><a href='http:\/\/ski.inmontanis.info\/d\/302633-2\/DSC02741.jpg'><img src=http:\/\/ski.inmontanis.info\/d\/302632-3\/DSC02741.jpg \/><\/a><br \/>\n^ H\u00f6henprofil daneben. Ich bin aktuell im Tal, am WC, nicht an der Bergstation (siehe H\u00f6henmeterangabe rechts oben), und noch dazu 4 oder 5x die 3SB gefahren.<\/p>\n<p><a href='http:\/\/ski.inmontanis.info\/d\/302637-2\/DSC02744.jpg'><img src=http:\/\/ski.inmontanis.info\/d\/302636-3\/DSC02744.jpg \/><\/a><br \/>\n^ Noch eine kurze Variante<\/p>\n<p><a href='http:\/\/ski.inmontanis.info\/d\/302641-2\/DSC02746.jpg'><img src=http:\/\/ski.inmontanis.info\/d\/302640-3\/DSC02746.jpg \/><\/a><br \/>\n^ 3SB Talblick<\/p>\n<p><a href='http:\/\/ski.inmontanis.info\/d\/302645-2\/ge20220305.jpg'><img src=http:\/\/ski.inmontanis.info\/d\/302644-3\/ge20220305.jpg \/><\/a><br \/>\n^ GPS-Tracks 4.+5.3.2022<\/p>\n<p>Nicht nur der GPS-Tracker spinnt seit einiger Zeit, auch meine Cam, genauer gesagt, die links\/rechts\/rauf\/runter Tasten, somit kaum noch vern\u00fcnftige Bedienung im Men\u00fcn oder Bildzoom oder Bilddurchbl\u00e4ttern m\u00f6glich :(<\/p>\n<p>Der Campingplatz ca. 15km \u00f6stlich von Ljungdalen, kostet 250,- SEK (ohne Dusche, ohne Internet, inkl. Strom), zahlbar nur bar oder swish. Handyempfang genauso mager und schwierig wie in Ljungdalen. Es gibt ein kleines Servicegeb\u00e4ude mit K\u00fcche und 1 WC. Das Wasser h\u00e4tte ich aber lieber nicht zum Mischen mit meiner Himbeerlimo nehmen sollen, da es faulig roch, was ich aber zu sp\u00e4t gemerkt hab.<\/p>\n<p>&#8212;<\/p>\n<p>Anscheinend ist mittlerweile in \u00d6sterreich weder 3G- noch Maskenpflicht mehr in Skigebieten, Masken muss man nur noch in Lebensmittelgesch\u00e4ften u.\u00e4. tragen. Naja, immer noch zu nervig. Kein Grund f\u00fcr mich, Skandinavien zu verlassen.<\/p>\n<p>Ansonsten..:<br \/>\n<a href='https:\/\/www.welt.de\/politik\/deutschland\/article237236519\/Nach-Aussagen-zu-Impfnebenwirkungen-Vorstand-der-BKK-ProVita-ist-fristlos-gekuendigt.html'>https:\/\/www.welt.de\/politik\/deutschland\/article237236519\/Nach-Aussagen-zu-Impfnebenwirkungen-Vorstand-der-BKK-ProVita-ist-fristlos-gekuendigt.html<\/a><\/p>\n<p>Und zum Ukraine-Thema:<\/p>\n<p>Der Ukraine-Machthaber war ja bekanntlich davor Schauspieler. Wenn er ein guter Schauspieler war, dann wird man ihm jede L\u00fcge abkaufen. <\/p>\n<p>2 Sichtweisen zur Erkl\u00e4rung, warum es diesen Krieg geben k\u00f6nnte:<\/p>\n<p><a href='https:\/\/www.wochenblick.at\/great-reset\/globalisten-wollen-kollaps-russland-sanktionen-sollen-ganz-europa-in-den-ruin-treiben\/'>https:\/\/www.wochenblick.at\/great-reset\/globalisten-wollen-kollaps-russland-sanktionen-sollen-ganz-europa-in-den-ruin-treiben\/<\/a><\/p>\n<p><a href='https:\/\/www.anti-spiegel.ru\/2022\/es-geht-um-einen-stellvertreterkrieg-nicht-um-den-3-weltkrieg\/'>https:\/\/www.anti-spiegel.ru\/2022\/es-geht-um-einen-stellvertreterkrieg-nicht-um-den-3-weltkrieg\/<\/a><\/p>\n<p>Wer 2 Stunden Zeit hat:<br \/>\n<a href='https:\/\/www.youtube.com\/watch?v=soAYH-y82H8'>https:\/\/www.youtube.com\/watch?v=soAYH-y82H8<\/a><\/p>\n<p>Weiters lesenswert:<\/p>\n<p><a href='https:\/\/www.nachdenkseiten.de\/?p=81373'>https:\/\/www.nachdenkseiten.de\/?p=81373<\/a><\/p>\n<p><a href='https:\/\/www.nachdenkseiten.de\/?p=81356'>https:\/\/www.nachdenkseiten.de\/?p=81356<\/a><\/p>\n<p><a href='https:\/\/www.anti-spiegel.ru\/2022\/was-jetzt-in-der-ukraine-passiert-war-schon-vor-jahren-absehbar\/'>https:\/\/www.anti-spiegel.ru\/2022\/was-jetzt-in-der-ukraine-passiert-war-schon-vor-jahren-absehbar\/<\/a><\/p>\n<p><a href='https:\/\/www.anti-spiegel.ru\/2022\/wie-der-westen-nazis-verteidigt\/'>https:\/\/www.anti-spiegel.ru\/2022\/wie-der-westen-nazis-verteidigt\/<\/a><\/p>\n<p>Auch wenn ich nicht wei\u00df, ob man den russischen Gr\u00fcnden und Berichten uneingeschr\u00e4nkt glauben sollte &#8230;<\/p>\n<p>&#8230; aber diese Doppelmoral und russophobe Hetze im Westen, die (teils total kindischen) Sanktionen, die auch alle EU-B\u00fcrger betreffen, das \u00d6l-ins-Feuer-gie\u00dfen durch Sanktionen und Waffenlieferungen und Freistellung von S\u00f6ldnern (damit der Krieg kein so schnelles Ende findet); Selenski, der dem Westen als Schauspieler wohl auch jede L\u00fcge verkaufen k\u00f6nnte und der sich mit seinen Ministern den 3. Weltkrieg w\u00fcnscht mit seinen Forderungen  durch Unterst\u00fctzung von EU und NATO; US-Senatoren, die zum Putsch und Tod Putins aufrufen; die Hetzjagd auf (insb. reiche) Russen; ein neues Wettr\u00fcsten (eh schon kein Geld wegen Corona, woher kommt das jetzt?!); vorgestern die Juden, gestern die Ungeimpften, heute wieder die Russen &#8230;<\/p>\n<p>.. die Welt oder zumindest deren Politiker und Gesch\u00e4ftemacher sind doch nur noch geisteskrank??? Man m\u00f6chte sie am liebsten alle Einfangen und Einsperren, dann k\u00f6nnen sie sich gegenseitig die K\u00f6pfe einschlagen, aber ihre V\u00f6lker da raushalten.<\/p>\n<p>Und dass das gerade jetzt passiert, wo sich das mediale Coronafeuer abschw\u00e4cht, das kann doch auch kein Zufall sein, oder?! Wurde Putin von WEF\/Gates\/WHO\/derenStrippenzieher vielleicht dazu gedr\u00e4ngt, es gerade jetzt zu tun? Das sind doch mal wieder die gr\u00f6\u00dften Profiteure. &#8220;Ha, saugen wir das Geld von den Staaten und B\u00fcrgern nicht nur \u00fcber die Pharamaindustrie, sondern auch \u00fcber die R\u00fcstungsindustrie aus. Und \u00fcberhaupt, ohne die Rohstoffe Russlands machen wir auch mehr Profit mit unseren. Und wir k\u00f6nnen ohne mediales Aufsehen die n\u00e4chsten Tatsachen schaffen.&#8221;<\/p>\n","protected":false},"excerpt":{"rendered":"<p>Fr, 4.3.2022 <\/p>\n<p>(Vorabend)<\/p>\n<p>Der Camping- bzw. Stellplatz an der Ljungdalen-3SB war etwas rudiment\u00e4r am Hauptparkplatz mit normalen Schukosteckdosen, aber kein Platz direkt an der Steckdose frei, da standen zwei andere Autos rum, daher etwas weiter weg gestanden und morgen fr\u00fch umgestellt. Kleine K\u00fcche neben dem Sportgesch\u00e4ft und Dusche+Toiletten bei den Lift-Toiletten. WLAN leider keines <a href=\"http:\/\/blog.inmontanis.info\/?p=7446\">[&#8230;]<\/a><\/p>\n","protected":false},"author":1,"featured_media":7448,"comment_status":"closed","ping_status":"closed","sticky":false,"template":"","format":"standard","meta":{"footnotes":""},"categories":[185,646,19,27],"tags":[55,47],"class_list":["post-7446","post","type-post","status-publish","format-standard","has-post-thumbnail","hentry","category-2021-08-skandinavien","category-ljungdalen","category-schwedensweden","category-skifahren-winterskiing-winter","tag-3sb","tag-sl","odd"],"_links":{"self":[{"href":"http:\/\/blog.inmontanis.info\/index.php?rest_route=\/wp\/v2\/posts\/7446","targetHints":{"allow":["GET"]}}],"collection":[{"href":"http:\/\/blog.inmontanis.info\/index.php?rest_route=\/wp\/v2\/posts"}],"about":[{"href":"http:\/\/blog.inmontanis.info\/index.php?rest_route=\/wp\/v2\/types\/post"}],"author":[{"embeddable":true,"href":"http:\/\/blog.inmontanis.info\/index.php?rest_route=\/wp\/v2\/users\/1"}],"replies":[{"embeddable":true,"href":"http:\/\/blog.inmontanis.info\/index.php?rest_route=%2Fwp%2Fv2%2Fcomments&post=7446"}],"version-history":[{"count":2,"href":"http:\/\/blog.inmontanis.info\/index.php?rest_route=\/wp\/v2\/posts\/7446\/revisions"}],"predecessor-version":[{"id":7449,"href":"http:\/\/blog.inmontanis.info\/index.php?rest_route=\/wp\/v2\/posts\/7446\/revisions\/7449"}],"wp:featuredmedia":[{"embeddable":true,"href":"http:\/\/blog.inmontanis.info\/index.php?rest_route=\/wp\/v2\/media\/7448"}],"wp:attachment":[{"href":"http:\/\/blog.inmontanis.info\/index.php?rest_route=%2Fwp%2Fv2%2Fmedia&parent=7446"}],"wp:term":[{"taxonomy":"category","embeddable":true,"href":"http:\/\/blog.inmontanis.info\/index.php?rest_route=%2Fwp%2Fv2%2Fcategories&post=7446"},{"taxonomy":"post_tag","embeddable":true,"href":"http:\/\/blog.inmontanis.info\/index.php?rest_route=%2Fwp%2Fv2%2Ftags&post=7446"}],"curies":[{"name":"wp","href":"https:\/\/api.w.org\/{rel}","templated":true}]}}