{"id":7438,"date":"2022-02-27T18:38:02","date_gmt":"2022-02-27T17:38:02","guid":{"rendered":"http:\/\/blog.inmontanis.info\/?p=7438"},"modified":"2023-08-05T13:12:37","modified_gmt":"2023-08-05T11:12:37","slug":"funasdalsberget-27-2-2022","status":"publish","type":"post","link":"http:\/\/blog.inmontanis.info\/?p=7438","title":{"rendered":"Fun\u00e4sdalsberget,  27.2.2022"},"content":{"rendered":"<p><strong>So, 27.2.2022<\/strong> &#8211; Teil 2<\/p>\n<p>Fun\u00e4sdalsberget ist das steilste der Fun\u00e4sfj\u00e4llen-Skigebiete, zumindest mit dem h\u00f6chsten Anteil an steilen Abfahrten. Ramundberget ist an der 4SB ja schon auch steil, vielleicht selbst noch steiler, hat aber im rechten Teil viele flachere Abfahrten. <\/p>\n<p>Neben den Pisten ging es ganz gut zu fahren, aber auf den Pisten h\u00e4ufig eisig abgefahren. Nachmittags l\u00e4ngere Wartezeiten an der 6KSB, aber auch an der EUB, weil die Leute nicht zusteigen. <\/p>\n<p>Wegen Wartezeiten und Schnee gefiel es mir heute Vormittag an dem einzelnen T\u00e4nndalsvallen-SL besser, auch wenn dieses Skigebiet hier fotogener ist.<\/p>\n<p><a href='http:\/\/ski.inmontanis.info\/d\/302161-2\/DSC02486.jpg'><img src=http:\/\/ski.inmontanis.info\/d\/302160-3\/DSC02486.jpg \/><\/a><br \/>\n^ R\u00fcckseite Skigebiet Fun\u00e4sdalsberget<\/p>\n<p><a href='http:\/\/ski.inmontanis.info\/d\/302165-2\/DSC02488.jpg'><img src=http:\/\/ski.inmontanis.info\/d\/302164-3\/DSC02488.jpg \/><\/a><br \/>\n^ Pistenplan<\/p>\n<p><a href='http:\/\/ski.inmontanis.info\/d\/302169-2\/DSC02487.jpg'><img src=http:\/\/ski.inmontanis.info\/d\/302168-3\/DSC02487.jpg \/><\/a><br \/>\n^ SL B R\u00f6stbergsliften<\/p>\n<p><a href='http:\/\/ski.inmontanis.info\/d\/302173-2\/DSC02489.jpg'><img src=http:\/\/ski.inmontanis.info\/d\/302172-3\/DSC02489.jpg \/><\/a><br \/>\n^ SL B R\u00f6stbergsliften, ein M\u00fcller-SL, neben dem fr\u00fcher noch eine M\u00fcller-DSB stand<\/p>\n<p><a href='http:\/\/ski.inmontanis.info\/d\/302177-2\/DSC02490.jpg'><img src=http:\/\/ski.inmontanis.info\/d\/302176-3\/DSC02490.jpg \/><\/a><br \/>\n^ SL B R\u00f6stbergsliften<\/p>\n<p><a href='http:\/\/ski.inmontanis.info\/d\/302181-2\/DSC02493.jpg'><img src=http:\/\/ski.inmontanis.info\/d\/302180-3\/DSC02493.jpg \/><\/a><br \/>\n^ Bergstationen SL (ging fr\u00fcher evtl. weiter hinauf), EUB und KSB<\/p>\n<p><a href='http:\/\/ski.inmontanis.info\/d\/302185-2\/DSC02494.jpg'><img src=http:\/\/ski.inmontanis.info\/d\/302184-3\/DSC02494.jpg \/><\/a><br \/>\n^ Abfahrt SL\/EUB\/KSB<\/p>\n<p><a href='http:\/\/ski.inmontanis.info\/d\/302189-2\/DSC02495.jpg'><img src=http:\/\/ski.inmontanis.info\/d\/302188-3\/DSC02495.jpg \/><\/a><br \/>\n^ EUB-Abfahrt<\/p>\n<p><a href='http:\/\/ski.inmontanis.info\/d\/302193-2\/DSC02496.jpg'><img src=http:\/\/ski.inmontanis.info\/d\/302192-3\/DSC02496.jpg \/><\/a><br \/>\n^ Talstation EUB mit Parkhaus, Busterminal und Schule<\/p>\n<p><a href='http:\/\/ski.inmontanis.info\/d\/302197-2\/DSC02500.jpg'><img src=http:\/\/ski.inmontanis.info\/d\/302196-3\/DSC02500.jpg \/><\/a><br \/>\n^ Fun\u00e4sdalen<\/p>\n<p><a href='http:\/\/ski.inmontanis.info\/d\/302201-2\/DSC02502.jpg'><img src=http:\/\/ski.inmontanis.info\/d\/302200-3\/DSC02502.jpg \/><\/a><br \/>\n^ Blick vom Ausstieg EUB zur KSB<\/p>\n<p><a href='http:\/\/ski.inmontanis.info\/d\/302205-2\/DSC02503.jpg'><img src=http:\/\/ski.inmontanis.info\/d\/302204-3\/DSC02503.jpg \/><\/a><br \/>\n^ Gemeinsamer Abfahrtsstart EUB-KSB<\/p>\n<p><a href='http:\/\/ski.inmontanis.info\/d\/302209-2\/DSC02505.jpg'><img src=http:\/\/ski.inmontanis.info\/d\/302208-3\/DSC02505.jpg \/><\/a><br \/>\n^ 6KSB und \u00dcbungs-SSL<\/p>\n<p><a href='http:\/\/ski.inmontanis.info\/d\/302213-2\/DSC02506.jpg'><img src=http:\/\/ski.inmontanis.info\/d\/302212-3\/DSC02506.jpg \/><\/a><br \/>\n^ EUB, KSB und oben rechts der KSB ein steiler Buckelpistenhang, Einstieg etwas eisig-steinig, aber sonst toll zu fahren gewesen<\/p>\n<p><a href='http:\/\/ski.inmontanis.info\/d\/302217-2\/DSC02507.jpg'><img src=http:\/\/ski.inmontanis.info\/d\/302216-3\/DSC02507.jpg \/><\/a><br \/>\n^ Schwarze Abfahrt 12 rechts der KSB<\/p>\n<p><a href='http:\/\/ski.inmontanis.info\/d\/302221-2\/DSC02509.jpg'><img src=http:\/\/ski.inmontanis.info\/d\/302220-3\/DSC02509.jpg \/><\/a><br \/>\n^ Schwarze Abfahrt 12 rechts der KSB, sah sehr eisig abgefahren\/abgeweht aus, bin daher stets am verbuckelten Rand links oder rechts gefahren. Wie eigentlich fast auf jeder Abfahrt, sofern m\u00f6glich.<\/p>\n<p><a href='http:\/\/ski.inmontanis.info\/d\/302225-2\/DSC02510.jpg'><img src=http:\/\/ski.inmontanis.info\/d\/302224-3\/DSC02510.jpg \/><\/a><br \/>\n^ Parklift, den man nehmen muss, wenn man die schwarze 12 f\u00e4hrt, um wieder zur KSB zu kommen<\/p>\n<p><a href='http:\/\/ski.inmontanis.info\/d\/302229-2\/DSC02511.jpg'><img src=http:\/\/ski.inmontanis.info\/d\/302228-3\/DSC02511.jpg \/><\/a><br \/>\n^ Parklift und KSB<\/p>\n<p><a href='http:\/\/ski.inmontanis.info\/d\/302233-2\/DSC02512.jpg'><img src=http:\/\/ski.inmontanis.info\/d\/302232-3\/DSC02512.jpg \/><\/a><br \/>\n^ Der Name der schwarzen 12 erinnert an ein Wort, das man in quasi jedem Skigebiet in Italien lesen kann<\/p>\n<p><a href='http:\/\/ski.inmontanis.info\/d\/302237-2\/DSC02513.jpg'><img src=http:\/\/ski.inmontanis.info\/d\/302236-3\/DSC02513.jpg \/><\/a><br \/>\n^ EUB-Bergstation und Talblick<\/p>\n<p><a href='http:\/\/ski.inmontanis.info\/d\/302241-2\/DSC02516.jpg'><img src=http:\/\/ski.inmontanis.info\/d\/302240-3\/DSC02516.jpg \/><\/a><br \/>\n^ EUB-Trasse, um 13:30 leider auch hier l\u00e4ngere Wartezeiten<\/p>\n<p><a href='http:\/\/ski.inmontanis.info\/d\/302245-2\/DSC02517.jpg'><img src=http:\/\/ski.inmontanis.info\/d\/302244-3\/DSC02517.jpg \/><\/a><br \/>\n^ technische Daten der EUB, glaub es war eine 8EUB<\/p>\n<p><a href='http:\/\/ski.inmontanis.info\/d\/302249-2\/DSC02522.jpg'><img src=http:\/\/ski.inmontanis.info\/d\/302248-3\/DSC02522.jpg \/><\/a><br \/>\n^ Variante nahe SL<\/p>\n<p><a href='http:\/\/ski.inmontanis.info\/d\/302253-2\/DSC02525.jpg'><img src=http:\/\/ski.inmontanis.info\/d\/302252-3\/DSC02525.jpg \/><\/a><br \/>\n^ EUB-Trasse<\/p>\n<p><a href='http:\/\/ski.inmontanis.info\/d\/302257-2\/DSC02526.jpg'><img src=http:\/\/ski.inmontanis.info\/d\/302256-3\/DSC02526.jpg \/><\/a><br \/>\n^ Fun\u00e4sdalen, von der Stra\u00dfe nach T\u00e4nndalen hatte ich zuvor das Foto gemacht<\/p>\n<p><a href='http:\/\/ski.inmontanis.info\/d\/302261-2\/DSC02527.jpg'><img src=http:\/\/ski.inmontanis.info\/d\/302260-3\/DSC02527.jpg \/><\/a><br \/>\n^ EUB<\/p>\n<p><a href='http:\/\/ski.inmontanis.info\/d\/302265-2\/DSC02528.jpg'><img src=http:\/\/ski.inmontanis.info\/d\/302264-3\/DSC02528.jpg \/><\/a><br \/>\n^ Nette Gratvariante oberhalb des SL, der vielleicht mal weiter rauf gegangen ist, wohl aber die zu ihm parallele DSB<\/p>\n<p><a href='http:\/\/ski.inmontanis.info\/d\/302269-2\/DSC02529.jpg'><img src=http:\/\/ski.inmontanis.info\/d\/302268-3\/DSC02529.jpg \/><\/a><br \/>\n^ Bergstation SL<\/p>\n<p><a href='http:\/\/ski.inmontanis.info\/d\/302273-2\/DSC02530.jpg'><img src=http:\/\/ski.inmontanis.info\/d\/302272-3\/DSC02530.jpg \/><\/a><br \/>\n^ Bergstation EUB und Talblick<\/p>\n<p><a href='http:\/\/ski.inmontanis.info\/d\/302277-2\/DSC02531.jpg'><img src=http:\/\/ski.inmontanis.info\/d\/302276-3\/DSC02531.jpg \/><\/a><br \/>\n^ KSB und Pano<\/p>\n<p><a href='http:\/\/ski.inmontanis.info\/d\/302281-2\/DSC02533.jpg'><img src=http:\/\/ski.inmontanis.info\/d\/302280-3\/DSC02533.jpg \/><\/a><br \/>\n^ Da die Sonne rauskam, stieg ich vor 16 Uhr noch auf den Gipfel rauf<\/p>\n<p><a href='http:\/\/ski.inmontanis.info\/d\/302285-2\/DSC02534.jpg'><img src=http:\/\/ski.inmontanis.info\/d\/302284-3\/DSC02534.jpg \/><\/a><br \/>\n^ .. aber wie in Skandinavien so h\u00e4ufig, zieht sich der Gipfelgrat<\/p>\n<p><a href='http:\/\/ski.inmontanis.info\/d\/302289-2\/DSC02536.jpg'><img src=http:\/\/ski.inmontanis.info\/d\/302288-3\/DSC02536.jpg \/><\/a><br \/>\n^ Gipfelpano<\/p>\n<p><a href='http:\/\/ski.inmontanis.info\/d\/302293-2\/DSC02540.jpg'><img src=http:\/\/ski.inmontanis.info\/d\/302292-3\/DSC02540.jpg \/><\/a><br \/>\n^ Gipfelpano<\/p>\n<p><a href='http:\/\/ski.inmontanis.info\/d\/302297-2\/DSC02541.jpg'><img src=http:\/\/ski.inmontanis.info\/d\/302296-3\/DSC02541.jpg \/><\/a><br \/>\n^ Gipfelpano richtung T\u00e4nndalen<\/p>\n<p><a href='http:\/\/ski.inmontanis.info\/d\/302301-2\/DSC02542.jpg'><img src=http:\/\/ski.inmontanis.info\/d\/302300-3\/DSC02542.jpg \/><\/a><br \/>\n^ Gipfelgrat<\/p>\n<p><a href='http:\/\/ski.inmontanis.info\/d\/302305-2\/DSC02545.jpg'><img src=http:\/\/ski.inmontanis.info\/d\/302304-3\/DSC02545.jpg \/><\/a><br \/>\n^ 6KSB und Abfahrten<\/p>\n<p><a href='http:\/\/ski.inmontanis.info\/d\/302309-2\/DSC02547.jpg'><img src=http:\/\/ski.inmontanis.info\/d\/302308-3\/DSC02547.jpg \/><\/a><br \/>\n^ Endlich ist die Abfahrt 3 am SL vom Renntraining befreit und ich kann sie noch fahren<\/p>\n<p><a href='http:\/\/ski.inmontanis.info\/d\/302313-2\/ge20220227b.jpg'><img src=http:\/\/ski.inmontanis.info\/d\/302312-3\/ge20220227b.jpg \/><\/a><br \/>\n^ GPS-Track 27.2.2022<\/p>\n","protected":false},"excerpt":{"rendered":"<p>So, 27.2.2022 &#8211; Teil 2<\/p>\n<p>Fun\u00e4sdalsberget ist das steilste der Fun\u00e4sfj\u00e4llen-Skigebiete, zumindest mit dem h\u00f6chsten Anteil an steilen Abfahrten. Ramundberget ist an der 4SB ja schon auch steil, vielleicht selbst noch steiler, hat aber im rechten Teil viele flachere Abfahrten. <\/p>\n<p>Neben den Pisten ging es ganz gut zu fahren, aber auf den Pisten h\u00e4ufig <a href=\"http:\/\/blog.inmontanis.info\/?p=7438\">[&#8230;]<\/a><\/p>\n","protected":false},"author":1,"featured_media":7440,"comment_status":"closed","ping_status":"closed","sticky":false,"template":"","format":"standard","meta":{"footnotes":""},"categories":[185,677,19,27],"tags":[56,53,47],"class_list":["post-7438","post","type-post","status-publish","format-standard","has-post-thumbnail","hentry","category-2021-08-skandinavien","category-funasdalsberget","category-schwedensweden","category-skifahren-winterskiing-winter","tag-6sb","tag-8eub","tag-sl","odd"],"_links":{"self":[{"href":"http:\/\/blog.inmontanis.info\/index.php?rest_route=\/wp\/v2\/posts\/7438","targetHints":{"allow":["GET"]}}],"collection":[{"href":"http:\/\/blog.inmontanis.info\/index.php?rest_route=\/wp\/v2\/posts"}],"about":[{"href":"http:\/\/blog.inmontanis.info\/index.php?rest_route=\/wp\/v2\/types\/post"}],"author":[{"embeddable":true,"href":"http:\/\/blog.inmontanis.info\/index.php?rest_route=\/wp\/v2\/users\/1"}],"replies":[{"embeddable":true,"href":"http:\/\/blog.inmontanis.info\/index.php?rest_route=%2Fwp%2Fv2%2Fcomments&post=7438"}],"version-history":[{"count":1,"href":"http:\/\/blog.inmontanis.info\/index.php?rest_route=\/wp\/v2\/posts\/7438\/revisions"}],"predecessor-version":[{"id":7439,"href":"http:\/\/blog.inmontanis.info\/index.php?rest_route=\/wp\/v2\/posts\/7438\/revisions\/7439"}],"wp:featuredmedia":[{"embeddable":true,"href":"http:\/\/blog.inmontanis.info\/index.php?rest_route=\/wp\/v2\/media\/7440"}],"wp:attachment":[{"href":"http:\/\/blog.inmontanis.info\/index.php?rest_route=%2Fwp%2Fv2%2Fmedia&parent=7438"}],"wp:term":[{"taxonomy":"category","embeddable":true,"href":"http:\/\/blog.inmontanis.info\/index.php?rest_route=%2Fwp%2Fv2%2Fcategories&post=7438"},{"taxonomy":"post_tag","embeddable":true,"href":"http:\/\/blog.inmontanis.info\/index.php?rest_route=%2Fwp%2Fv2%2Ftags&post=7438"}],"curies":[{"name":"wp","href":"https:\/\/api.w.org\/{rel}","templated":true}]}}