{"id":7434,"date":"2022-02-27T12:32:43","date_gmt":"2022-02-27T11:32:43","guid":{"rendered":"http:\/\/blog.inmontanis.info\/?p=7434"},"modified":"2023-08-05T11:57:58","modified_gmt":"2023-08-05T09:57:58","slug":"tanndalsvallen-27-2-2022","status":"publish","type":"post","link":"http:\/\/blog.inmontanis.info\/?p=7434","title":{"rendered":"T\u00e4nndalsvallen, 27.2.2022"},"content":{"rendered":"<p><strong>So, 27.2.2022<\/strong> &#8211; Teil 1<\/p>\n<p>Heute Vormittag fuhr ich also den SL am Campingplatz. Zwar recht flach, aber es gibt ein paar Varianten und von der L\u00e4nge her durchaus brauchbar, somit es mir ganz gut gefiel, insb. das komplette Ambiente betrachtend. <\/p>\n<p>H\u00e4tte auch noch 1-2h l\u00e4nger bleiben k\u00f6nnen oder einen ganzen Nachmittag an einem Arbeitstag. Zum Schluss a\u00df ich im Caf\u00e9 noch ein Hotdog, aber die Wurst musste erst gekocht\/gegrillt werden und dauerte somit l\u00e4nger als \u00fcblich &#8211; dann h\u00e4tte ich auch einen Toast oder eine Waffel nehmen k\u00f6nnen..<\/p>\n<p><a href='http:\/\/ski.inmontanis.info\/d\/302097-2\/DSC02463.jpg'><img src=http:\/\/ski.inmontanis.info\/d\/302096-3\/DSC02463.jpg \/><\/a><br \/>\n^ T\u00e4nndalsvallen \/ T\u00e4nndalsliften mit Blick zum SL vom Campingplatz aus<\/p>\n<p><a href='http:\/\/ski.inmontanis.info\/d\/302101-2\/DSC02464.jpg'><img src=http:\/\/ski.inmontanis.info\/d\/302100-3\/DSC02464.jpg \/><\/a><br \/>\n^ SL-Auffahrt (Alimak)<\/p>\n<p><a href='http:\/\/ski.inmontanis.info\/d\/302105-2\/DSC02465.jpg'><img src=http:\/\/ski.inmontanis.info\/d\/302104-3\/DSC02465.jpg \/><\/a><br \/>\n^ Bergstation wie Talstation in Blau gestrichen<\/p>\n<p><a href='http:\/\/ski.inmontanis.info\/d\/302109-2\/DSC02467.jpg'><img src=http:\/\/ski.inmontanis.info\/d\/302108-3\/DSC02467.jpg \/><\/a><br \/>\n^ Hauptabfahrt<\/p>\n<p><a href='http:\/\/ski.inmontanis.info\/d\/302113-2\/DSC02468.jpg'><img src=http:\/\/ski.inmontanis.info\/d\/302112-3\/DSC02468.jpg \/><\/a><br \/>\n^ Hauptabfahrt, unterer Teil<\/p>\n<p><a href='http:\/\/ski.inmontanis.info\/d\/302117-2\/DSC02469.jpg'><img src=http:\/\/ski.inmontanis.info\/d\/302116-3\/DSC02469.jpg \/><\/a><br \/>\n^ Rechte Abfahrt<\/p>\n<p><a href='http:\/\/ski.inmontanis.info\/d\/302121-2\/DSC02470.jpg'><img src=http:\/\/ski.inmontanis.info\/d\/302120-3\/DSC02470.jpg \/><\/a><br \/>\n^ Rechte Abfahrt<\/p>\n<p><a href='http:\/\/ski.inmontanis.info\/d\/302125-2\/DSC02472.jpg'><img src=http:\/\/ski.inmontanis.info\/d\/302124-3\/DSC02472.jpg \/><\/a><br \/>\n^ Variante rechts der rechten Abfahrt<\/p>\n<p><a href='http:\/\/ski.inmontanis.info\/d\/302129-2\/DSC02473.jpg'><img src=http:\/\/ski.inmontanis.info\/d\/302128-3\/DSC02473.jpg \/><\/a><br \/>\n^ Variante links des SL, hier geht auch ein Schneemobilweg rauf<\/p>\n<p><a href='http:\/\/ski.inmontanis.info\/d\/302133-2\/DSC02475.jpg'><img src=http:\/\/ski.inmontanis.info\/d\/302132-3\/DSC02475.jpg \/><\/a><br \/>\n^ Schnee war eigentlich ganz OK im Wald<\/p>\n<p><a href='http:\/\/ski.inmontanis.info\/d\/302137-2\/DSC02477.jpg'><img src=http:\/\/ski.inmontanis.info\/d\/302136-3\/DSC02477.jpg \/><\/a><br \/>\n^ Weitere Variante rechts<\/p>\n<p><a href='http:\/\/ski.inmontanis.info\/d\/302141-2\/DSC02480.jpg'><img src=http:\/\/ski.inmontanis.info\/d\/302140-3\/DSC02480.jpg \/><\/a><br \/>\n^ Haupthang zwar breit, aber wenigstens nicht ganz platt modelliert<\/p>\n<p><a href='http:\/\/ski.inmontanis.info\/d\/302145-2\/DSC02481.jpg'><img src=http:\/\/ski.inmontanis.info\/d\/302144-3\/DSC02481.jpg \/><\/a><br \/>\n^ Talstation<\/p>\n<p><a href='http:\/\/ski.inmontanis.info\/d\/302149-2\/DSC02482.jpg'><img src=http:\/\/ski.inmontanis.info\/d\/302148-3\/DSC02482.jpg \/><\/a><br \/>\n^ Uriges Caf\u00e9<\/p>\n<p><a href='http:\/\/ski.inmontanis.info\/d\/302153-2\/DSC02483.jpg'><img src=http:\/\/ski.inmontanis.info\/d\/302152-3\/DSC02483.jpg \/><\/a><br \/>\n^ Uriges Caf\u00e9<\/p>\n<p><a href='http:\/\/ski.inmontanis.info\/d\/302157-2\/ge20220227a.jpg'><img src=http:\/\/ski.inmontanis.info\/d\/302156-3\/ge20220227a.jpg \/><\/a><br \/>\n^ GPS-Track T\u00e4nndalsvallen\/T\u00e4nndalsliften<\/p>\n<p>Danach gings nach Fun\u00e4sdalsberget.<\/p>\n","protected":false},"excerpt":{"rendered":"<p>So, 27.2.2022 &#8211; Teil 1<\/p>\n<p>Heute Vormittag fuhr ich also den SL am Campingplatz. Zwar recht flach, aber es gibt ein paar Varianten und von der L\u00e4nge her durchaus brauchbar, somit es mir ganz gut gefiel, insb. das komplette Ambiente betrachtend. <\/p>\n<p>H\u00e4tte auch noch 1-2h l\u00e4nger bleiben k\u00f6nnen oder einen ganzen Nachmittag an einem <a href=\"http:\/\/blog.inmontanis.info\/?p=7434\">[&#8230;]<\/a><\/p>\n","protected":false},"author":1,"featured_media":7441,"comment_status":"closed","ping_status":"closed","sticky":false,"template":"","format":"standard","meta":{"footnotes":""},"categories":[185,19,27,626],"tags":[47],"class_list":["post-7434","post","type-post","status-publish","format-standard","has-post-thumbnail","hentry","category-2021-08-skandinavien","category-schwedensweden","category-skifahren-winterskiing-winter","category-tanndalen","tag-sl","odd"],"_links":{"self":[{"href":"http:\/\/blog.inmontanis.info\/index.php?rest_route=\/wp\/v2\/posts\/7434","targetHints":{"allow":["GET"]}}],"collection":[{"href":"http:\/\/blog.inmontanis.info\/index.php?rest_route=\/wp\/v2\/posts"}],"about":[{"href":"http:\/\/blog.inmontanis.info\/index.php?rest_route=\/wp\/v2\/types\/post"}],"author":[{"embeddable":true,"href":"http:\/\/blog.inmontanis.info\/index.php?rest_route=\/wp\/v2\/users\/1"}],"replies":[{"embeddable":true,"href":"http:\/\/blog.inmontanis.info\/index.php?rest_route=%2Fwp%2Fv2%2Fcomments&post=7434"}],"version-history":[{"count":3,"href":"http:\/\/blog.inmontanis.info\/index.php?rest_route=\/wp\/v2\/posts\/7434\/revisions"}],"predecessor-version":[{"id":7437,"href":"http:\/\/blog.inmontanis.info\/index.php?rest_route=\/wp\/v2\/posts\/7434\/revisions\/7437"}],"wp:featuredmedia":[{"embeddable":true,"href":"http:\/\/blog.inmontanis.info\/index.php?rest_route=\/wp\/v2\/media\/7441"}],"wp:attachment":[{"href":"http:\/\/blog.inmontanis.info\/index.php?rest_route=%2Fwp%2Fv2%2Fmedia&parent=7434"}],"wp:term":[{"taxonomy":"category","embeddable":true,"href":"http:\/\/blog.inmontanis.info\/index.php?rest_route=%2Fwp%2Fv2%2Fcategories&post=7434"},{"taxonomy":"post_tag","embeddable":true,"href":"http:\/\/blog.inmontanis.info\/index.php?rest_route=%2Fwp%2Fv2%2Ftags&post=7434"}],"curies":[{"name":"wp","href":"https:\/\/api.w.org\/{rel}","templated":true}]}}