{"id":7421,"date":"2022-02-23T20:11:21","date_gmt":"2022-02-23T19:11:21","guid":{"rendered":"http:\/\/blog.inmontanis.info\/?p=7421"},"modified":"2023-08-05T13:05:29","modified_gmt":"2023-08-05T11:05:29","slug":"grovelfjall-23-2-2022","status":"publish","type":"post","link":"http:\/\/blog.inmontanis.info\/?p=7421","title":{"rendered":"Gr\u00f6velfj\u00e4ll, 23.2.2022"},"content":{"rendered":"<p><strong>23.2.2022<\/strong><\/p>\n<p>Die Wettervorhersagen f\u00fcr morgen Donnerstag haben sich seit gestern Abend komplett ge\u00e4ndert &#8211; statt eher Schneefall jetzt sonnig. Somit auch in Gr\u00f6velfj\u00e4ll, das ich heute vorhatte, morgen nun besseres Wetter als heute gemeldet. Dann w\u00e4r ich vielleicht lieber erst morgen dort gewesen und h\u00e4tte heute noch einen Tag in S\u00e4len eingelegt oder so. F\u00fcr 2 Tage k\u00f6nnte es mir doch etwas zu klein sein. In Norwegen w\u00e4re noch ein Skigebiet halbwegs auf dem Weg gewesen, aber das ist noch kleiner und schaut auch recht flach aus. <\/p>\n<p>Mein erstes Zwischenziel, den Rastplatz, erreichte ich etwas zu fr\u00fch, war aber froh, nicht hier \u00fcbernachtet zu haben, hatte es doch -15\u00b0 statt nur -3\u00b0 auf meinem Platz. Ich besuchte kurz das verschneite Plumpsklo (T\u00fcr ging nicht richtig zu, daher alles voller Schnee innen) und fuhr noch ein paar km bis zu einer n\u00e4chsten Stra\u00dfenbucht an einem verschneiten See. Heute muss ich nur 1,5h arbeiten.<\/p>\n<p><a href='http:\/\/extra.inmontanis.info\/d\/74961-2\/DSC02313.jpg'><img src=http:\/\/extra.inmontanis.info\/d\/74960-3\/DSC02313.jpg \/><\/a><br \/>\n^ Heutiger Arbeitsplatz, aber kalt<\/p>\n<p><a href='http:\/\/extra.inmontanis.info\/d\/74965-2\/DSC02318.jpg'><img src=http:\/\/extra.inmontanis.info\/d\/74964-3\/DSC02318.jpg \/><\/a><br \/>\n^ Auf dem Weg von Norwegen nach Schweden, richtung Idre<\/p>\n<p>Gr\u00f6velfj\u00e4ll hatte ich ja letzten Sommer besucht und f\u00fcr tauglich empfunden. Die Tageskarte kostet hier ca. 35,- \u20ac und am ersten Lift wurde mir wieder bewusst, das SL-Fahren in Schweden nerviger ist als anderswo, mit den Einstiegsmarkierungen und den B\u00fcgelgebern. Der erste wollte mich noch aufkl\u00e4ren, dass ich mich n\u00e4chstes Mal parallel hinstellen soll. Der zweite packte mich am Rucksack und wollte mich umdrehen. Mit einem &#8220;I&#8217;ll take it myself&#8221; gaben sie sich aber zufrieden und lie\u00dfen mich den B\u00fcgel selbst nehmen, so wie ich es wollte.<\/p>\n<p>Das Skigebiet war aber doch etwas kleiner und langweiliger als gedacht. Ok, die schwarze Abfahrt rechts war nicht offen und ich hab dem Schnee dort nicht so ganz getraut, aber ob die noch so viel ausmachen wird&#8230; Generell offpiste oberhalb und an der Waldgrenze recht felsig, darunter sehr dichter Wald. Also, ein zweites Mal wird&#8217;s mich hier nicht geben.<\/p>\n<p><a href='http:\/\/ski.inmontanis.info\/d\/296614-3\/DSC02738.jpg'><img src=http:\/\/ski.inmontanis.info\/d\/296613-4\/DSC02738.jpg \/><\/a><br \/>\n^ Pistenplan<\/p>\n<p><a href='http:\/\/ski.inmontanis.info\/d\/301801-2\/DSC02324.jpg'><img src=http:\/\/ski.inmontanis.info\/d\/301800-3\/DSC02324.jpg \/><\/a><br \/>\n^ Die sommerlichen Parkpl\u00e4tze da vorne sind wohl im Winter nicht als solche in Verwendung. Zu den SL muss man also entweder schieben, oder die Ponylifte nehmen &#8211; und auf dem dortigen Verbindungsweg auch ein St\u00fcck bergauf<\/p>\n<p><a href='http:\/\/ski.inmontanis.info\/d\/301805-2\/DSC02325.jpg'><img src=http:\/\/ski.inmontanis.info\/d\/301804-3\/DSC02325.jpg \/><\/a><br \/>\n^ Ponylifte, der SSL ganz links war ohne Geh\u00e4nge und nicht in Betrieb<\/p>\n<p><a href='http:\/\/ski.inmontanis.info\/d\/301809-2\/DSC02327.jpg'><img src=http:\/\/ski.inmontanis.info\/d\/301808-3\/DSC02327.jpg \/><\/a><br \/>\n^ Auf der linken Skigebietsseite gibts ein paar nette Walddabfahrten<\/p>\n<p><a href='http:\/\/ski.inmontanis.info\/d\/301813-2\/DSC02328.jpg'><img src=http:\/\/ski.inmontanis.info\/d\/301812-3\/DSC02328.jpg \/><\/a><br \/>\n^ Haupthang, der im unteren Teil auch vom linken SL erschlossen wird<\/p>\n<p><a href='http:\/\/ski.inmontanis.info\/d\/301817-2\/DSC02330.jpg'><img src=http:\/\/ski.inmontanis.info\/d\/301816-3\/DSC02330.jpg \/><\/a><br \/>\n^ Linker SL, der nur den unteren Hang erschlie\u00dft<\/p>\n<p><a href='http:\/\/ski.inmontanis.info\/d\/301821-2\/DSC02332.jpg'><img src=http:\/\/ski.inmontanis.info\/d\/301820-3\/DSC02332.jpg \/><\/a><br \/>\n^ Hauptlifte, wobei der linke wohl leider stillgelegt ist :(<\/p>\n<p><a href='http:\/\/ski.inmontanis.info\/d\/301825-2\/DSC02335.jpg'><img src=http:\/\/ski.inmontanis.info\/d\/301824-3\/DSC02335.jpg \/><\/a><br \/>\n^ Abfahrt rechts<\/p>\n<p><a href='http:\/\/ski.inmontanis.info\/d\/301829-2\/DSC02336.jpg'><img src=http:\/\/ski.inmontanis.info\/d\/301828-3\/DSC02336.jpg \/><\/a><br \/>\n^ Abfahrt rechts<\/p>\n<p><a href='http:\/\/ski.inmontanis.info\/d\/301833-2\/DSC02337.jpg'><img src=http:\/\/ski.inmontanis.info\/d\/301832-3\/DSC02337.jpg \/><\/a><br \/>\n^ Abfahrten links des SL<\/p>\n<p><a href='http:\/\/ski.inmontanis.info\/d\/301837-2\/DSC02338.jpg'><img src=http:\/\/ski.inmontanis.info\/d\/301836-3\/DSC02338.jpg \/><\/a><br \/>\n^ Abfahrten links und der k\u00fcrzere SL<\/p>\n<p><a href='http:\/\/ski.inmontanis.info\/d\/301841-2\/DSC02339.jpg'><img src=http:\/\/ski.inmontanis.info\/d\/301840-3\/DSC02339.jpg \/><\/a><br \/>\n^ Abfahrten links<\/p>\n<p><a href='http:\/\/ski.inmontanis.info\/d\/301845-2\/DSC02340.jpg'><img src=http:\/\/ski.inmontanis.info\/d\/301844-3\/DSC02340.jpg \/><\/a><br \/>\n^ Ausstieg<\/p>\n<p><a href='http:\/\/ski.inmontanis.info\/d\/301849-2\/DSC02341.jpg'><img src=http:\/\/ski.inmontanis.info\/d\/301848-3\/DSC02341.jpg \/><\/a><br \/>\n^ Alle 3 SL<\/p>\n<p><a href='http:\/\/ski.inmontanis.info\/d\/301853-2\/DSC02344.jpg'><img src=http:\/\/ski.inmontanis.info\/d\/301852-3\/DSC02344.jpg \/><\/a><br \/>\n^ V\u00e4rdshuset<\/p>\n<p><a href='http:\/\/ski.inmontanis.info\/d\/301857-2\/DSC02346.jpg'><img src=http:\/\/ski.inmontanis.info\/d\/301856-3\/DSC02346.jpg \/><\/a><br \/>\n^ Nette Pistenvariante zwischen den SL<\/p>\n<p><a href='http:\/\/ski.inmontanis.info\/d\/301861-2\/DSC02348.jpg'><img src=http:\/\/ski.inmontanis.info\/d\/301860-3\/DSC02348.jpg \/><\/a><br \/>\n^ .. da kommt man dann im unteren Bereich am stillgelegten Lift raus<\/p>\n<p><a href='http:\/\/ski.inmontanis.info\/d\/301865-2\/DSC02350.jpg'><img src=http:\/\/ski.inmontanis.info\/d\/301864-3\/DSC02350.jpg \/><\/a><br \/>\n^ W\u00e4re hier ein Skilift, k\u00e4me man von der linken Seite (Parkplatz, Wirtshaus, linke Abfahrten) leichter wieder zu den Hauptliften retour<\/p>\n<p><a href='http:\/\/ski.inmontanis.info\/d\/301869-2\/DSC02354.jpg'><img src=http:\/\/ski.inmontanis.info\/d\/301868-3\/DSC02354.jpg \/><\/a><br \/>\n^ \u00dcbungslifte<\/p>\n<p><a href='http:\/\/ski.inmontanis.info\/d\/301873-2\/DSC02355.jpg'><img src=http:\/\/ski.inmontanis.info\/d\/301872-3\/DSC02355.jpg \/><\/a><br \/>\n^ Tageskarte<\/p>\n<p><a href='http:\/\/ski.inmontanis.info\/d\/301877-2\/ge20220223.jpg'><img src=http:\/\/ski.inmontanis.info\/d\/301876-3\/ge20220223.jpg \/><\/a><br \/>\n^ GPS-Track<\/p>\n<p>Hab heut mal ein zweites Handy mitlaufen lassen, gleiche App, aber neuere Version. Grundlegend schaut das H\u00f6henmeterprofil am ersten Blick besser aus, insofern, dass es sinusf\u00f6rmiger ist. Beim altbekannten Handy pendeln die hm pro Abfahrt im Bereich 94-140hm, beim alternativen 158-176m. Macht auch einen gro\u00dfen Unterschied aus. Bei der Gesamtdistanz kaum einen Unterschied: 49,8 zu 47,9 km, aber H\u00f6henmeter: 4782 zu 9664 (auf&#038;ab gesamt) ist krass, wobei das alte die wenigeren hm hat, obwohl es die letzten Tage eher den Anschein hatte, als ob zwischen den Abfahrten viel zu oft sinnlose Spitzen nach oben w\u00e4ren ..<\/p>\n<p><a href='http:\/\/ski.inmontanis.info\/d\/301881-2\/DSC02359.jpg'><img src=http:\/\/ski.inmontanis.info\/d\/301880-3\/DSC02359.jpg \/><\/a><br \/>\n^ Klarerweise wiegen die Empfangsst\u00f6rungen bei so wenigen H\u00f6henmetern gr\u00f6\u00dfer als bei anderen Skigebieten, aber am linken Handy waren es in Summe fast doppelt so viel H\u00f6henmeter als am rechten. Tja, was ist dann richtig? Und so extrem wie rechts sah das bis vor ein paar Tagen auch nicht aus. (Die blauen Linien sind die H\u00f6henmeterlinien.) Kann aber sein, dass mir das Handy irgendwann runtergefallen ist, vielleicht ist dadurch aus irgendeinem Grund der GPS-Empfang schw\u00e4cher geworden?! <\/p>\n<p>Nachmittags auf dem Weg nach S\u00e4rna wurde es windiger, auch am Rastplatz recht windig. Der bekannte Rastplatz lag zwar nicht ganz auf dem Weg, der Umweg war aber auch nicht so weit. Temperaturen gemeldet um die 0\u00b0 und 1-3cm Schneefall \u00fcber Nacht. <\/p>\n<p>Um 20 Uhr kam noch ein LKW, aber zum Gl\u00fcck ohne K\u00fchlaggregat. Am Morgen sah ich noch einen Campervan.<\/p>\n<p>&#8212;<\/p>\n<p>Schau, schau, auch der \u00f6sterreichische ORF gibt mittlerweile zu, dass man bisher wohl nicht zwischen &#8220;mit&#8221; und &#8220;an&#8221; Corona unterschieden hat:<\/p>\n<blockquote><p>&#8220;Besser absch\u00e4tzen will man k\u00fcnftig auch, wie sich die Infektionen verteilen, wobei beispielsweise auch ber\u00fccksichtigt wird, ob bei jemandem in einem Spital CoV quasi nur als Nebendiagnose anf\u00e4llt, die Person also eigentlich aus anderen Gr\u00fcnden in das Krankenhaus gekommen ist. Man sei kurz davor, das daf\u00fcr geplante Register pr\u00e4sentieren zu k\u00f6nnen.&#8221;<\/p><\/blockquote>\n<p><a href='https:\/\/www.orf.at\/#\/stories\/3248554\/'>https:\/\/www.orf.at\/#\/stories\/3248554\/<\/a><\/p>\n<p>&#8212;<\/p>\n<p>Tja.. ob ich bei der aktuellen Krise in der Ukraine in den n\u00e4chsten Jahren dort oder nach Russland zum Skifahren kommen werde, darf wohl auch bezweifelt werden. <\/p>\n<p>Wie \u00fcblich wird von westlicher Seite das Thema zu einseitig betrachtet bzw. mit der \u00fcblichen Doppelmoral. W\u00fcrde die USA so gehandelt haben wie Russland jetzt, g\u00e4be es von europ\u00e4ischen Medien und Politikern sicherlich Loblieder zu h\u00f6ren. Oder gab es in den letzten 20, 30 Jahren mal ernsthafte \u00f6ffentliche Kritik an den US-Milit\u00e4reins\u00e4tzen und Sanktionen?<\/p>\n<p>&#8220;Nein, die USA machen das ja nur, um den Frieden zu sichern&#8221;. Ja, ne, is klar. Stehen sicher keine wirtschaflichen Interessen dahinter. Und Putin behauptet das selbe jetzt in der Ukraine zu tun, die Landsleute in den abtr\u00fcnnigen Regionen vor der ukrainischen &#8220;Nazi&#8221;-Regierung zu sch\u00fctzen. <\/p>\n<p>Religionen, Nationalstaaten, sollte man alles abschaffen. Oder gleich die ganze Menschheit. Wie schon kurz nach Beginn der Coronakrise gesagt: Ich hoffe, dass bald endlich jemand &#8220;den roten Knopf dr\u00fcckt&#8221; und es zum weltweiten Atomkrieg kommt. Die Menschheit hat es nicht verdient, zu \u00fcberleben.<\/p>\n<p>Dennoch, zur Vervollst\u00e4ndigung ein paar andere Ansichten zum Ukraine-Konflikt (damit will ich weder sagen, dass ich die Ansicht f\u00fcr gut oder schlecht halte, dieses unterst\u00fctze oder ablehne, nur, dass es wie immer eben auch eine andere Seite gibt.):<\/p>\n<p><a href='https:\/\/www.anti-spiegel.ru\/2022\/putins-komplette-rede-an-das-russische-volk-zum-beginn-der-militaeroperation\/'>https:\/\/www.anti-spiegel.ru\/2022\/putins-komplette-rede-an-das-russische-volk-zum-beginn-der-militaeroperation\/<\/a><\/p>\n<p><a href='https:\/\/www.anti-spiegel.ru\/2022\/ein-kommentar-zu-der-entwicklung-in-und-um-die-ukraine\/'>https:\/\/www.anti-spiegel.ru\/2022\/ein-kommentar-zu-der-entwicklung-in-und-um-die-ukraine\/<\/a><\/p>\n<p><a href='https:\/\/apolut.net\/wollt-ihr-den-totalen-krieg\/'>https:\/\/apolut.net\/wollt-ihr-den-totalen-krieg\/<\/a><\/p>\n<p><a href='https:\/\/www.anti-spiegel.ru\/2022\/praesident-putins-komplette-rede-an-die-nation-im-wortlaut\/'>https:\/\/www.anti-spiegel.ru\/2022\/praesident-putins-komplette-rede-an-die-nation-im-wortlaut\/<\/a><\/p>\n<p>Aber: Nur weil man der einen Seite nicht glaubt, hei\u00dft das nicht, dass man alles von der anderen Seite glauben sollte. Jeder, der einen Krieg durchf\u00fchrt, hat seine f\u00fcr sich gut befundenen Gr\u00fcnde. Ob der Wahrheitsgehalt der USA-Propaganda h\u00f6her oder niedriger ist als der RF-Propaganda, k\u00f6nnen wir ja sowieso nicht verifizieren. Also k\u00f6nnen wir nur der Wahrheit einer Seite &#8220;Glauben schenken&#8221;.  Und mit &#8220;Glauben&#8221; sind wir schon wieder bei Religionen&#8230;<\/p>\n<p>Falls wir alle bis 2024 \u00fcberleben sollten, k\u00f6nnten wir aber danach unter der endg\u00fcltigen Diktatur der Pharmaindustrie stehen:<br \/>\n<a href='https:\/\/corona-transition.org\/eu-will-gesundheitssouveranitat-der-lander-an-die-who-ubertragen'>https:\/\/corona-transition.org\/eu-will-gesundheitssouveranitat-der-lander-an-die-who-ubertragen<\/a><\/p>\n<p>Roter Knopf. Bitte. <\/p>\n","protected":false},"excerpt":{"rendered":"<p>23.2.2022<\/p>\n<p>Die Wettervorhersagen f\u00fcr morgen Donnerstag haben sich seit gestern Abend komplett ge\u00e4ndert &#8211; statt eher Schneefall jetzt sonnig. Somit auch in Gr\u00f6velfj\u00e4ll, das ich heute vorhatte, morgen nun besseres Wetter als heute gemeldet. Dann w\u00e4r ich vielleicht lieber erst morgen dort gewesen und h\u00e4tte heute noch einen Tag in S\u00e4len eingelegt oder so. F\u00fcr <a href=\"http:\/\/blog.inmontanis.info\/?p=7421\">[&#8230;]<\/a><\/p>\n","protected":false},"author":1,"featured_media":7423,"comment_status":"closed","ping_status":"closed","sticky":false,"template":"","format":"standard","meta":{"footnotes":""},"categories":[185,670,18,19,27],"tags":[45,47],"class_list":["post-7421","post","type-post","status-publish","format-standard","has-post-thumbnail","hentry","category-2021-08-skandinavien","category-grovelfjall","category-norwegennorway","category-schwedensweden","category-skifahren-winterskiing-winter","tag-see","tag-sl","odd"],"_links":{"self":[{"href":"http:\/\/blog.inmontanis.info\/index.php?rest_route=\/wp\/v2\/posts\/7421","targetHints":{"allow":["GET"]}}],"collection":[{"href":"http:\/\/blog.inmontanis.info\/index.php?rest_route=\/wp\/v2\/posts"}],"about":[{"href":"http:\/\/blog.inmontanis.info\/index.php?rest_route=\/wp\/v2\/types\/post"}],"author":[{"embeddable":true,"href":"http:\/\/blog.inmontanis.info\/index.php?rest_route=\/wp\/v2\/users\/1"}],"replies":[{"embeddable":true,"href":"http:\/\/blog.inmontanis.info\/index.php?rest_route=%2Fwp%2Fv2%2Fcomments&post=7421"}],"version-history":[{"count":2,"href":"http:\/\/blog.inmontanis.info\/index.php?rest_route=\/wp\/v2\/posts\/7421\/revisions"}],"predecessor-version":[{"id":7424,"href":"http:\/\/blog.inmontanis.info\/index.php?rest_route=\/wp\/v2\/posts\/7421\/revisions\/7424"}],"wp:featuredmedia":[{"embeddable":true,"href":"http:\/\/blog.inmontanis.info\/index.php?rest_route=\/wp\/v2\/media\/7423"}],"wp:attachment":[{"href":"http:\/\/blog.inmontanis.info\/index.php?rest_route=%2Fwp%2Fv2%2Fmedia&parent=7421"}],"wp:term":[{"taxonomy":"category","embeddable":true,"href":"http:\/\/blog.inmontanis.info\/index.php?rest_route=%2Fwp%2Fv2%2Fcategories&post=7421"},{"taxonomy":"post_tag","embeddable":true,"href":"http:\/\/blog.inmontanis.info\/index.php?rest_route=%2Fwp%2Fv2%2Ftags&post=7421"}],"curies":[{"name":"wp","href":"https:\/\/api.w.org\/{rel}","templated":true}]}}