{"id":7411,"date":"2022-02-16T19:21:44","date_gmt":"2022-02-16T18:21:44","guid":{"rendered":"http:\/\/blog.inmontanis.info\/?p=7411"},"modified":"2023-08-05T12:57:16","modified_gmt":"2023-08-05T10:57:16","slug":"torsby-hovfjallet-14-16-2-2022","status":"publish","type":"post","link":"http:\/\/blog.inmontanis.info\/?p=7411","title":{"rendered":"Torsby \/ Hovfj\u00e4llet, 14.-16.2.2022"},"content":{"rendered":"<p><strong>14.2.2022<\/strong> (190. Reisetag)<\/p>\n<p>\u00dcber Nacht kam zumindest hier in Torsby mal kein sonderlicher Schneefall. <\/p>\n<p><a href='http:\/\/extra.inmontanis.info\/d\/74937-2\/DSC02092.jpg'><img src=http:\/\/extra.inmontanis.info\/d\/74936-3\/DSC02092.jpg \/><\/a><br \/>\n^ Der gro\u00dfe Schneefall ist ausgeblieben. Zuf\u00e4lligerweise stand ich mit meinem Auto genau vor meinem Zimmer<\/p>\n<p>Bei meiner Schwedenreise letzten Winter war ich wohl ca. 186 Tage unterwegs. Bei der aktuellen Reise hab ich das schon \u00fcbertroffen, heute ist anscheinend Tag 190 und 60-90 Tage k\u00f6nnten ja noch dazukommen. Das hei\u00dft auch, dass ich auf dieser Reise schon mehr als 180 Tage im Auto geschlafen hab. Da k\u00f6nnte man schon mal Schlafsack und Decken und Kopfkissen waschen, oder? :) Auch die beiden Schlafanz\u00fcge und die beiden Hosen h\u00e4tten es mal n\u00f6tig.<\/p>\n<p>Insbesondere im Auto ist es sinnvoll, kein br\u00f6selndes Brot zu haben, zumindest nicht das t\u00e4glich. Mein aktuelles ist aber so klebrig weich, dass es nicht nur an und in s\u00e4mtlichen Z\u00e4hnen und Zahnzwischenr\u00e4umen klebt, sondern beim ersten vollfl\u00e4chigen gro\u00dfen Biss so am gaumen klebt, dass man es mit den Fingern abkratzen muss, bescheuertes Zeug.<\/p>\n<p>Heute also endlich mal Waschtag mit Waschmaschine, weil hier im Hostel wie h\u00e4ufig gratis. Aufh\u00e4ngen nix da, nur Trockner &#8211; da muss dann halt auch das Zeug rein, was offiziell nicht rein sollte. Der Trockner hat ein Daunenprogramm, h\u00f6rt sich f\u00fcr Thermohose und Schlafsack, die wohl beide nicht unbedingt in einen Trockner sollten, ja recht schonend an.<\/p>\n<p>Nat\u00fcrlich aufgeteilt auf zwei Waschvorg\u00e4nge (nein, nicht nach Temperatur oder Farben sortiert, sondern was ich brauch und was nicht), die andere morgen, wenn das heutige Zeug trocken ist.<\/p>\n<p>Wobei die Schleuder der Waschmaschine sehr gut war, hat wohl mit den vollen 1400 upm geschleudert, obwohl relativ voll und sperriger Schlafsack. Beim Schleudern hat man die W\u00e4sche gar nicht mehr gesehen, also ich mein, man hat die Metallseite der Trommel hinten im fast kompletten Durchmesser gesehen.<\/p>\n<p>In Fun\u00e4sfj\u00e4llen haben mittlerweile auch fast alle Lifte offen &#8211; nur 2 sind zu, einer der beiden Sturmlifte in T\u00e4nndalen und leider auch die alte DSB in T\u00e4nn\u00e4skr\u00f6ket. <\/p>\n<p>Muss mir mal \u00fcberlegen, wie ich die Woche jetzt weiter mach, insb. hinsichtlich Norwegen. Falls Valfj\u00e4llet den oberen SL-Teil weiterhin nicht aufmachen kann, brauch ich da wohl nicht vorbei, weil das sah mir im Sommer so besonders aus. Sunne hat mittlerweile alles offen, au\u00dfer dem oberen SL, auch hier schien mir der im Sommer ja das i-T\u00fcpfelchen zu sein. Zudem soll die Doppel-3SB nur FR-SO offen sein. <\/p>\n<p>Oder anders gesagt &#8211; soll ich die beiden Skigebiete besuchen, ggf. auf DO\/FR hoffen, dass der Schnee reicht und die fehlenden Teile so schnell ge\u00f6ffnet werden .. oder soll ich lieber mit der Tour fortfahren, weil ich durch Norwegen jetzt eh auch mehr M\u00f6glichkeiten habe?<\/p>\n<p>Eins der Skigebiete, das ich eigentlich sehr gerne mal besuchen m\u00f6chte im mittel-n\u00f6rdlichen Teil Norwegens w\u00e4re ja Glomfjord. Schreiben die jetzt nicht, dass die DSB wegen Wartungsarbeiten vielleicht diesen ganzen Winter au\u00dfer Betrieb sein wird :-( Lt. Facebook-Post hat man Ende Dezember die Sessel vom Seil genommen und mit der Wartung begonnen&#8230; warum kann man das nicht im Sommer oder Herbst machen?! Sind hier doch nicht in S\u00fcd- oder Osteuropa. Ohne DSB macht es f\u00fcr mich jedenfalls keinen Sinn, dort extra via F\u00e4hren vorbei zu fahren.<\/p>\n<p>Momenan w\u00e4r ja viel raus aus dem Auto, weil im Hostelzimmer. Die Gelegenheit sollte ich wohl n\u00fctzen, um das Heizungsrohr zu verlegen .. Aber es ist ja nicht so, dass man an einem skifreien Tag pl\u00f6tzlich so viel Zeit h\u00e4tte, dass man mit ihr nichts anzufangen w\u00fcsste. Erst recht nicht, wenn man in einem Zimmer ist und den PC aufgebaut hat.. und noch Berichte zu schreiben hat. Fotos bearbeiten soll. Alte Fotos aussortiern muss, um Platz f\u00fcr neue zu schaffen.<\/p>\n<p>Wollte heut Abend den Projektor vor der wei\u00dfen Wand zum Filmschauen verwenden, mit dem Mediastick. \u00c4hm .. wie stellt man an dem Ger\u00e4t den Fokus ein?  Aktuell hat er nur eine Entfernungsposition, wo das Bild scharf ist, was praktischerweise die gr\u00f6\u00dfe von meiner Leinwand im Auto ist. Aber eigentlich sollte der doch einen gewissen und gr\u00f6\u00dferen Projektionsbereich haben. Hm.. vorne ist eine &#8220;Focuskamera&#8221;. Sollte also automatisch gehen?! Nein, manuell lt. Anleitung und zwar nur mit Fernebdienung \u00fcber eine eigene Taste m\u00f6glich, nicht \u00fcber die Tasten am Ger\u00e4t oder dem On-Screen-Menu, das ist ja mal wieder ein Schmarrn. Die FB liegt irgendwo im Auto, hab ich woanders hin, wo sie den Projektor nicht laufend versehentlich einschalten kann.. was einmal passiert ist, als ich die FB in der Tasche vom Projektor hatte.. Bei der Gelegenheit entdeckt, dass es ein FW-Upgrade gibt. Was da wohl ge\u00e4ndert wurde?<\/p>\n<p>Also heute wieder kein Projektorschauen. Schlussendlich eh egal, denn obwohl das WLAN auf PC und Handy schnell + problemlos + mit gen\u00fcgend Empfang funktionierte, tat es das am TV-Stick nicht. Es g\u00e4be wohl keinen Chip-Mangel derzeit, wenn der ganze nicht funktionierende Schei\u00df erst gar nicht produziert werden w\u00fcrde!!<\/p>\n<p><strong>15.2.2022<\/strong><\/p>\n<p>Ab Mittag soll es nun doch schon heute brauchbares Wetter geben &#8211; nach Nassschnee und Regen und bei Plustemperaturen. Wei\u00df nicht, ob das alles auch f\u00fcr&#8217;s Skigebiet gilt, aber pappig wird&#8217;s sicherlich werden. Morgen wieder k\u00e4lter und etwas Schneefall oder Regen. Heute Nachmittag vielleicht sonnig. Passt mir nicht ganz in den Kram, was das W\u00e4schewaschen anbelangt &#8211; das k\u00f6nnte ich dann vormittags nicht machen, sondern m\u00fcsste es auf nach dem Skifahren verschieben.<\/p>\n<p>Tageskarten in Hovfj\u00e4llet sind auch teuer: 450,- SEK (bzw. 435,- heute online). Daf\u00fcr sind die 2-Tageskarten g\u00fcnstiger als in Romme und Kungsberget.  G\u00e4be auch 1,5-Tageskarten, heute Nachmittag morgen ganzer Tag, aber bei den Wetteraussichten f\u00fcr morgen wohl auch nicht lohnenswert. Dazu noch 2- und 4-Stundenkarten.<\/p>\n<p>Auf den Webcams Valfj\u00e4llet und Sunne kam im Talbereich mal kein Schnee dazu. Ob das auch f\u00fcr die oberen, noch geschlossenen Pisten\/Lifte gilt, ist zwar schwer einzusch\u00e4tzen, aber bei dem geringen H\u00f6henunterschied ja schon zweifelhaft. Und die n\u00e4chsten Tage kommt auch kaum noch was hinzu. Ich f\u00fcrchte, ich werd das wieder beides komplett auslassen, schade :-(<\/p>\n<p>(Den halben Tag Urlaub gestern\/heute(\/morgen) h\u00e4tte ich mir bei dem Wetter dann auch sparen k\u00f6nnen ..)<\/p>\n<p>Das Live-Webcambild von Hofvj\u00e4llet zeigte um 10 Uhr die 3SB noch au\u00dfer Betrieb. Naja, werd wohl trotzdem mal hinfahren und mir eine 2h- oder 4h-Karte kaufen. Hab auch mal noch eine Mail an Valfj\u00e4llet geschrieben hinsichtlich der oberen Abfahrten.<\/p>\n<p>Vor Mittag noch das Rohr verlegt, weil, wenn nicht jetzt, wann dann&#8230; (Spoiler: wie schon erwartet, ist der billig-Schuhheizer zu schwach, als dass da viel W\u00e4rme durch das lange Rohr noch durchginge.)<\/p>\n<p>Die 3SB fuhr mittlerweile auch, Nebel war auch keiner mehr, also fuhr ich los. Um 12:30 war ich an der Skipasskasse.. \u00e4h, was kauf ich jetzt eigentlich .. 4h um 410,- oder doch 1,5 Tage um 730,-? Heute 4h und falls morgen doch nochmal hier, dann sind 4+4h ja wesentlich teurer. Und 4+2h auch kaum g\u00fcnstiger als 1,5 Tage. Also nahm ich eben die 1,5 Tage. Immer diese spontanen Entscheidungen.<\/p>\n<p>Leider vergessen, dass die Sitze der 3SB nass sein k\u00f6nnten &#8211; merkte ich erst oben nach meiner ersten Sesselliftfahrt, dass mein Arsch nass war. Dann erst ein paar mal SL gefahren, bissl trocknen lassen, auch am WC, und dann mein russisches Sitzpolster umgeschnallt. Endlich mal wieder in Verwendung.<\/p>\n<p><a href='http:\/\/ski.inmontanis.info\/d\/301385-2\/DSC02096.jpg'><img src=http:\/\/ski.inmontanis.info\/d\/301384-3\/DSC02096.jpg \/><\/a><br \/>\n^ Skigebiet Hovfj\u00e4llet, hinter mir der Parkplatz, vor mir die kurzen \u00dcbungslifte, die zum Gipfel f\u00fchren, wo auch die 3SB endet.<\/p>\n<p><a href='http:\/\/ski.inmontanis.info\/d\/301389-2\/DSC02095.jpg'><img src=http:\/\/ski.inmontanis.info\/d\/301388-3\/DSC02095.jpg \/><\/a><br \/>\n^ Pistenplan und mal eine Ge\u00f6ffnet\/Geschlossen-Darstellung. Hab ich glaub ich heuer noch keine in einem Skigebiet gesehen. Die 5 wird wohl zwischen 4 und 6 gewesen sein<\/p>\n<p><a href='http:\/\/ski.inmontanis.info\/d\/301393-2\/DSC02097.jpg'><img src=http:\/\/ski.inmontanis.info\/d\/301392-3\/DSC02097.jpg \/><\/a><br \/>\n^ Abfahrt 7, gegen\u00fcber der untere Tellerlift<\/p>\n<p><a href='http:\/\/ski.inmontanis.info\/d\/301397-2\/DSC02101.jpg'><img src=http:\/\/ski.inmontanis.info\/d\/301396-3\/DSC02101.jpg \/><\/a><br \/>\n^ Abfahrt 11, links der untere Tellerlift, in Verl\u00e4ngerung (Schieben) die Talstation der 3SB<\/p>\n<p><a href='http:\/\/ski.inmontanis.info\/d\/301401-2\/DSC02102.jpg'><img src=http:\/\/ski.inmontanis.info\/d\/301400-3\/DSC02102.jpg \/><\/a><br \/>\n^ Der untere Tellerlift<\/p>\n<p><a href='http:\/\/ski.inmontanis.info\/d\/301405-2\/DSC02103.jpg'><img src=http:\/\/ski.inmontanis.info\/d\/301404-3\/DSC02103.jpg \/><\/a><br \/>\n^ Links Teller-SL  (k\u00fcrzer), rechts B\u00fcgel-SL, enden beide oben an der gleichen Stelle; links Abfahrt 6+13, rechts vom SL kommen 7+8+9 runter<\/p>\n<p><a href='http:\/\/ski.inmontanis.info\/d\/301409-2\/DSC02106.jpg'><img src=http:\/\/ski.inmontanis.info\/d\/301408-3\/DSC02106.jpg \/><\/a><br \/>\n^ Abfahrt 10 am unteren Tellerlift, gegen\u00fcber Abfahrt 3 im oberen Bereich von der 3SB<\/p>\n<p><a href='http:\/\/ski.inmontanis.info\/d\/301413-2\/DSC02107.jpg'><img src=http:\/\/ski.inmontanis.info\/d\/301412-3\/DSC02107.jpg \/><\/a><br \/>\n^ 3SB Talstation<\/p>\n<p><a href='http:\/\/ski.inmontanis.info\/d\/301417-2\/DSC02108.jpg'><img src=http:\/\/ski.inmontanis.info\/d\/301416-3\/DSC02108.jpg \/><\/a><br \/>\n^ Die 3SB \u00fcberquert mehrere Gr\u00e4ben (hier bereits nach dem ersten Steilhang)<\/p>\n<p><a href='http:\/\/ski.inmontanis.info\/d\/301421-2\/DSC02109.jpg'><img src=http:\/\/ski.inmontanis.info\/d\/301420-3\/DSC02109.jpg \/><\/a><br \/>\n^ Oberster Teil der 3SB<\/p>\n<p><a href='http:\/\/ski.inmontanis.info\/d\/301425-2\/DSC02112.jpg'><img src=http:\/\/ski.inmontanis.info\/d\/301424-3\/DSC02112.jpg \/><\/a><br \/>\n^ Gipfelpano und Variante an der linken Seite der 3SB<\/p>\n<p><a href='http:\/\/ski.inmontanis.info\/d\/301429-2\/DSC02115.jpg'><img src=http:\/\/ski.inmontanis.info\/d\/301428-3\/DSC02115.jpg \/><\/a><br \/>\n^ Geschlossene Abfahrt 8 rechts vom SL, heute noch kaum befahren und wg. Pappschnee m\u00fchsam, morgen besser ausgefahren und angenehmer<\/p>\n<p><a href='http:\/\/ski.inmontanis.info\/d\/301433-2\/DSC02116.jpg'><img src=http:\/\/ski.inmontanis.info\/d\/301432-3\/DSC02116.jpg \/><\/a><br \/>\n^ Vmtl. Ex-Abfahrt 5<\/p>\n<p><a href='http:\/\/ski.inmontanis.info\/d\/301437-2\/DSC02117.jpg'><img src=http:\/\/ski.inmontanis.info\/d\/301436-3\/DSC02117.jpg \/><\/a><br \/>\n^ Rechts der 3SB ist ja im Plan noch eine Schneise eingezeichnet, vmtl. war das mal eine Abfahrt<\/p>\n<p><a href='http:\/\/ski.inmontanis.info\/d\/301441-2\/DSC02118.jpg'><img src=http:\/\/ski.inmontanis.info\/d\/301440-3\/DSC02118.jpg \/><\/a><br \/>\n^ \u00dcbungslifte, der linke Ponylift nicht nur l\u00e4nger als der SSL, er fuhr auch ca.\/mind. doppelt so schnell. (Am n\u00e4chsten Tag fuhr der SSL etwas schneller und es waren beide fast gleich schnell). Leider sehr vereiste Liftstrecke<\/p>\n<p><a href='http:\/\/ski.inmontanis.info\/d\/301445-2\/DSC02119.jpg'><img src=http:\/\/ski.inmontanis.info\/d\/301444-3\/DSC02119.jpg \/><\/a><br \/>\n^ 3SB und Talblick<\/p>\n<p><a href='http:\/\/ski.inmontanis.info\/d\/301449-2\/DSC02121.jpg'><img src=http:\/\/ski.inmontanis.info\/d\/301448-3\/DSC02121.jpg \/><\/a><br \/>\n^ Abfahrt 2 links von der 3SB, sch\u00f6n trassiert und steiler<\/p>\n<p><a href='http:\/\/ski.inmontanis.info\/d\/301453-2\/DSC02122.jpg'><img src=http:\/\/ski.inmontanis.info\/d\/301452-3\/DSC02122.jpg \/><\/a><br \/>\n^ Abfahrt 2 links von der 3SB, sch\u00f6n trassiert und steiler. Aber immer wieder viele Anf\u00e4nger, die in den Steilh\u00e4ngen \u00fcberfordert waren<\/p>\n<p><a href='http:\/\/ski.inmontanis.info\/d\/301457-2\/DSC02123.jpg'><img src=http:\/\/ski.inmontanis.info\/d\/301456-3\/DSC02123.jpg \/><\/a><br \/>\n^ Talstation 3SB, dahinter der untere Tellerlift<\/p>\n<p><a href='http:\/\/ski.inmontanis.info\/d\/301461-2\/DSC02125.jpg'><img src=http:\/\/ski.inmontanis.info\/d\/301460-3\/DSC02125.jpg \/><\/a><br \/>\n^ Variante links der Abfahrt 2<\/p>\n<p><a href='http:\/\/ski.inmontanis.info\/d\/301465-2\/DSC02128.jpg'><img src=http:\/\/ski.inmontanis.info\/d\/301464-3\/DSC02128.jpg \/><\/a><br \/>\n^ 3SB unterer Abschnitt<\/p>\n<p><a href='http:\/\/ski.inmontanis.info\/d\/301469-2\/DSC02130.jpg'><img src=http:\/\/ski.inmontanis.info\/d\/301468-3\/DSC02130.jpg \/><\/a><br \/>\n^ Es stehen links der 3SB zwei alte St\u00fctzen rum.<\/p>\n<p><a href='http:\/\/ski.inmontanis.info\/d\/301473-2\/DSC02131.jpg'><img src=http:\/\/ski.inmontanis.info\/d\/301472-3\/DSC02131.jpg \/><\/a><br \/>\n^ Eigenartiges Fundament<\/p>\n<p><a href='http:\/\/ski.inmontanis.info\/d\/301477-2\/DSC02133.jpg'><img src=http:\/\/ski.inmontanis.info\/d\/301476-3\/DSC02133.jpg \/><\/a><br \/>\n^ Hersteller M\u00fcller ist klar, vermutlich war das mal ein ESL oder DSB.<\/p>\n<p><a href='http:\/\/ski.inmontanis.info\/d\/301481-2\/DSC02134.jpg'><img src=http:\/\/ski.inmontanis.info\/d\/301480-3\/DSC02134.jpg \/><\/a><br \/>\n^ Besagte Schneise rechts der 3SB im oberen Bereich, wo man sie noch fahren kann..<\/p>\n<p><a href='http:\/\/ski.inmontanis.info\/d\/301485-2\/DSC02136.jpg'><img src=http:\/\/ski.inmontanis.info\/d\/301484-3\/DSC02136.jpg \/><\/a><br \/>\n^ Nach dem Flachst\u00fcck kommt der Hang mit den schon h\u00f6heren B\u00e4umen, den ich von unten fotografiert hatte. Zu Zeiten des ESL\/DSB vielleicht mal eine Abfahrt gewesen. Schade, w\u00e4r sch\u00f6n steil gewesen<\/p>\n<p><a href='http:\/\/ski.inmontanis.info\/d\/301489-2\/DSC02138.jpg'><img src=http:\/\/ski.inmontanis.info\/d\/301488-3\/DSC02138.jpg \/><\/a><br \/>\n^ 3SB Talstation. Keine Ahnung, ob das Haus daneben noch von der alten Talstation \u00fcbrig ist oder neu gebaut wurde.<\/p>\n<p><a href='http:\/\/ski.inmontanis.info\/d\/301493-2\/DSC02139.jpg'><img src=http:\/\/ski.inmontanis.info\/d\/301492-3\/DSC02139.jpg \/><\/a><br \/>\n^ 3SB Gipfel. Der Liftler sitzt ja im Aussichtsturm, den man im Sommer raufgehen kann (letzten Sommer bereits gemacht)<\/p>\n<p><a href='http:\/\/ski.inmontanis.info\/d\/301497-2\/DSC02141.jpg'><img src=http:\/\/ski.inmontanis.info\/d\/301496-3\/DSC02141.jpg \/><\/a><br \/>\n^ 3SB-Einstieg ist etwas bl\u00f6d. Damit mein ich gar nicht mal die Ampel anstatt der Schranken, sondern, es gibt keine Markierung, wo der Sessel denn ankommt. So kann es schon mal passieren, dass einer, wenn man zu dritt ist, halb oder ganz neben dem Sessel steht, wenn er kommt. Nervig auch der Ausstieg, da quasi keine Rampe vorhanden. Dazu ein gro\u00dfer Anteil an Anf\u00e4ngern und der Lift muss oft stehenbleiben.<\/p>\n<p><a href='http:\/\/ski.inmontanis.info\/d\/301501-2\/DSC02142.jpg'><img src=http:\/\/ski.inmontanis.info\/d\/301500-3\/DSC02142.jpg \/><\/a><br \/>\n^ Oberer \u00dcbungshang. Unterhalb der H\u00e4user hat&#8217;s auch einen Campingplatz hier oben am Berg mit Pistenanschluss.<\/p>\n<p><a href='http:\/\/ski.inmontanis.info\/d\/301505-2\/DSC02143.jpg'><img src=http:\/\/ski.inmontanis.info\/d\/301504-3\/DSC02143.jpg \/><\/a><br \/>\n^ Die bei Nichtbenutzung am Boden schleifenden Teller graben Stufen in den Schnee, wo man mit den Skispitzen h\u00e4ngen bleiben kann, wie ich bei der (glaub) Fahrerin vor mir gesehen hatte. Hier daneben: Vereiste Spur, war am n\u00e4chsten Tag noch eisiger \u00fcberall.<\/p>\n<p><a href='http:\/\/ski.inmontanis.info\/d\/301509-2\/DSC02147.jpg'><img src=http:\/\/ski.inmontanis.info\/d\/301508-3\/DSC02147.jpg \/><\/a><br \/>\n^ In Torsby gibts ja nicht nur den (ganzj\u00e4hrigen) Langlauf-Skitunnel, sondern auch ein kleines Skigebiet (rechts im Bild), wo aber der obere Hang kastriert sein k\u00f6nnte<\/p>\n<p>Die Waschmaschine war heut vmtl. eh den ganzen Tag im Einsatz, schon um 9:30 kam jemand mit W\u00e4schekorb und um 16:30 lief sie immer noch.<\/p>\n<p>Die Antwort von Valfj\u00e4llet kam auch, aber nicht wirklich eindeutig &#8211; ich hab ja gefragt, ob trotzdem der SL bis oben offen w\u00e4re und man die Abfahrten freeride-m\u00e4\u00dfig fahren konnte. Die Antwort war, dass in den oberen Abfahrten kein Schnee gemacht werden kann und der Winter heuer noch nicht gekommen sei. Also vmtl. wird man nicht offen haben -> dann werd ich mir den Umweg dort richtung s\u00fcdwesten leider sparen m\u00fcssen.<\/p>\n<p>Nach dem Duschen war die Waschmaschine immer noch nicht leer, aber schon seit fast meiner Ankunftszeit fertig, also hab ich mal beim Hostelbetreiber angerufen -> der hatte gemeint, dass ich nachschauen soll, ob vom Hostel oder Kleidung ist und ich es im ersten Fall  in den Trockner legen soll, im zweiteren eben warten m\u00fcsste, bis jemand kommt. Sah aber dann doch eher nach Kleidung aus.<\/p>\n<p>Wenig sp\u00e4ter h\u00f6rte ich eine T\u00fcr und sah nochmals nach &#8211; noch mal eine Ladung W\u00e4sche mit 2h (also bis 1930). Das Weib geht mir auf den Sack. Kann doch die Waschmaschine nicht den ganzen Tag in Beschlag nehmen?! H\u00e4tt ich doch gestern noch meine 2. Ladung gewaschen.<br \/>\nHeute Waschen und Trocknen geht sich zeitlich schon nicht mehr aus. Eigentlich geht sich das auch morgen nicht aus, weil man lt. Aufschrift nur von 9-22 Uhr waschen darf, evtl. ist die Sicherung mittels Zeitschaltuhr abgeschaltet. Dann 9-9.30 schnell waschen und dann hab ich aber keine 2h Zeit zum Trocknen. Alternativ heute Handw\u00e4sche zumindest von ein paar Sachen und in den Trockner. <\/p>\n<p>Der ist n\u00e4mlich leer. Ist halt bl\u00f6d, die gewaschenen Sachen ungeschleudert in den Trockner tun zu m\u00fcssen. Die Waschmaschine ist jedenfalls wieder nur mit gesch\u00e4tzt 5 Kleidungsst\u00fccken gef\u00fcllt. Wie vorhin halt auch. Kann die ihr Zeug nicht auf einmal waschen?! Oder wenn man schon so wenig hat, ein Kurzprogramm nehmen?! Decken und Kopfkissen wasch ich jetzt nat\u00fcrlich nicht. <\/p>\n<p>Das Handwaschen hat dann auch eine Stunde gedauert. Wie erwartet, wurde die W\u00e4sche in den 2-3h nicht im Trockner trocken, daher im Zimmer aufgeh\u00e4ngt. Und wie erwartet, riecht nun alles nach Schwei\u00dff\u00fc\u00dfen. H\u00e4tte die Str\u00fcmpfe wohl lieber extra gewaschen+getrocknet, wobei meine getragenen socken ja eigentlich nur nach Lavendel duften. Also unterm Strich stinkt die H\u00e4lfte meiner W\u00e4sche jetzt nach dem Waschen mehr als vor dem Waschen. Ganz toll.<\/p>\n<p>Grundlegend entschied ich mich also, hier nicht l\u00e4nger zu bleiben, nicht wie geplant nach Valfj\u00e4llet und Sunne zu fahren &#8211; ich m\u00f6chte lieber beides fahren, wenn alles fahrbar ist &#8211; muss ja nicht alles offen sein, aber wenn die Lifte nicht oder nicht ganz offen sind, kommt man halt nicht zu allen Abfahrten.<\/p>\n<p>Geplant w\u00e4re also, dass ich morgen nach dem Skifahren in Hovfj\u00e4llet nach Norwegen fahre und unterwegs auf einem Parkplatz \u00fcbernachte, sofern ger\u00e4umt, dann am Donnerstag in Trysil fahre und dann je nachdem, wie voll es ist und wie gut es geht, ein paar Tage an einem Campingplatz bleibe, bevor ich wieder nach Schweden fahre.<\/p>\n<p>Achja, endlich hat mal was funktioniert: Media-TV-Stick mit Amazon Prime via Hostel-WLAN und daran angeschlossene Bluetooth-Lautsprecher (2x mit Stereo), Projektor-Fokusierung via Fernbedienung. Endlich mal ein scharfes Full-HD-Bild, glaub der Fokus war auch  im Auto nie korrekt. Daf\u00fcr irgendwie komisch auf dem Bett gesessen und nach einer halben Stunde war pl\u00f6tzlich mein Hals\/Nacken komplett schmerzhaft verspannt &#8211; da sitz ich im Auto in Couchposition bequemer&#8230;<\/p>\n<p><strong>16.2.2022<\/strong><\/p>\n<p>Ich hatte ja etliche Pfandplastikfalschen aus Norwegen, die ich in schwedischen Automaten nicht retour geben konnte (selbst ohne Zettel durmrum), daher jeweils neben dem Automat in den M\u00fcll geworfen, da ich nicht gedacht h\u00e4tte, auf dieser Reise nochmals nach Norwegen zuu kommen. Naja, die 2-3 Flaschen h\u00e4tt ich auch schwer laufend verstauen k\u00f6nnen die letzten 2 Monate. <\/p>\n<p>Bis ich alles wieder im Auto und das Zimmer zumindest staubgesaugt hatte, verging auch eine Stunde. Also Auf-, Umbauen, Stromanschlie\u00dfen im Auto am Campingplatz vs. dieser Zeit, da muss man schon mehrere Tage in einem Hostel sein, dass sich das ausgleicht.<\/p>\n<p>Nach Torsby fing es pl\u00f6tzlich zu schneien an, obwohl ich meinte, es w\u00e4re mittags und nachmimttags trocken (und sogar etwas sonnig sp\u00e4ter) gemeldet gewesen. Teils starker Schneefall und man muss ja ca. 300-400hm auf 500hm bis fast zum Gipfel fahren. Die Sonne wurde mittlerweile aus den Vorhersagen wegradiert, aber je nach Dienst sollte es zumindest ab 12, 13 oder 14 Uhr trocken sein. Da h\u00e4tt ich auch noch eine halbe Stunde im Hostel bleiben k\u00f6nnen. Oder doch gestern nur eine 4h Karte kaufen. Oder in Torsby noch einkaufen, statt erst nachmittags auf dem Weg nach Norwegen. Zwischen 12 und 13 Uhr h\u00f6rte der Schneefall aber auf, um 15:30 fing es nochmals an.<\/p>\n<p>Schnee auf den Pisten vielleicht auch durch den Neuschnee zu Mittag leider noch pappender und bremsender, au\u00dfer die Liftspuren, die waren sehr eisig. Da fahr ich f\u00fcr gew\u00f6hnlich dann neben der vereisten Spur. Sp\u00e4ter nervte dann der Liftler, ich solle doch in der Spur fahren, weil sonst das Seil von den Rollen runterf\u00e4llt. Was ein Trottel. Ich war bei weitem nicht am Rand der pr\u00e4parierten Spur (da hat immer noch locker ein Schneemobil vorbei gek\u00f6nnt) und das soll er mir mal vorf\u00fchren, egal wieviel Jugendliche und Boarder ich schon gesehen hab, die doppelt soweit als ich heute vom Seil wegwaren, keiner hat&#8217;s bisher geschafft, dass das Seil aus der Rolle rutscht. <\/p>\n<p><a href='http:\/\/ski.inmontanis.info\/d\/301513-2\/DSC02152.jpg'><img src=http:\/\/ski.inmontanis.info\/d\/301512-3\/DSC02152.jpg \/><\/a><br \/>\n^ Auffahrt Hovfj\u00e4llet, man muss ja auf ca. 500m bis fast zum Gipfel rauffahren<\/p>\n<p><a href='http:\/\/ski.inmontanis.info\/d\/301517-2\/DSC02153.jpg'><img src=http:\/\/ski.inmontanis.info\/d\/301516-3\/DSC02153.jpg \/><\/a><br \/>\n^ Wollt ich gestern noch sagen, dass man die 3SB-Trasse nicht abfahren kann wegen dem Auf-und Ab durch die Gr\u00e4ben und den Felsen im unteren Teil .. hat es einer gemacht.<\/p>\n<p><a href='http:\/\/ski.inmontanis.info\/d\/301521-2\/DSC02155.jpg'><img src=http:\/\/ski.inmontanis.info\/d\/301520-3\/DSC02155.jpg \/><\/a><br \/>\n^ Weitere Fundamente des Vorg\u00e4ngerlifts<\/p>\n<p><a href='http:\/\/ski.inmontanis.info\/d\/301525-2\/ge20220216a.jpg'><img src=http:\/\/ski.inmontanis.info\/d\/301524-3\/ge20220216a.jpg \/><\/a><br \/>\n^ GPS-Track 15.+16.2.2022<\/p>\n<p>Also, es ist schon ein recht nettes und abwechslungsreiches Skigebiet f\u00fcr die geringe Gr\u00f6\u00dfe, aber ein Tag reicht auch.<\/p>\n<p><a href='http:\/\/extra.inmontanis.info\/d\/74789-3\/ge202202plan.jpg'><img src=http:\/\/extra.inmontanis.info\/d\/74788-4\/ge202202plan.jpg \/><\/a><br \/>\n^ Hier nochmal kurz die vor 2 Wochen gepostete Karte zum \u00dcberblick, bevor ich demn\u00e4chst mal wieder die gefahrene Route poste:<br \/>\n&#8211; Start bei D\/Lindvallen, dann nach Rechts: Gopshusbacken, dann rechts runter Bjursas, gerade runter Romme Alpin, rechts schr\u00e4g rauf Kungsberget, gerade runter Hoforsbacken, links schr\u00e4g runter Fj\u00e4llberget, links davon Lesj\u00f6fors, links schr\u00e4g rauf Hovfj\u00e4llet. Leider auslassen: Sunne gerade runter und Valfj\u00e4llet links von Sunne. Aktuell nun wieder links oben bei A\/Trysil, wo ich zuletzt Mitte Dezember war.<\/p>\n<p><a href='http:\/\/extra.inmontanis.info\/d\/74941-2\/DSC02159.jpg'><img src=http:\/\/extra.inmontanis.info\/d\/74940-3\/DSC02159.jpg \/><\/a><br \/>\n^ Eigentlich nur wieder ein Hotdog kaufen wollen, dann aber doch gleich Abendessen mitgenommen, leider die Pommes gesalzen. N\u00e4chstes Mal bestell ich ungesalzene Pommes. Wird auch immer schlimmer in Schweden, dass man das wohl betonen muss, wenn man das Paprika-Pommespulver haben will (da ist zwar auch Salz drin, aber eben auch mehr)<\/p>\n<p><a href='http:\/\/extra.inmontanis.info\/d\/74945-2\/DSC02160.jpg'><img src=http:\/\/extra.inmontanis.info\/d\/74944-3\/DSC02160.jpg \/><\/a><br \/>\n^ Schaut nach lockerem Schnee aus, war aber teils unruhig hart<\/p>\n<p>Um 19h kam ich an einem altbekannten Parkplatz in Norwegen nahe der Grenze an, der aber jetzt im Winter nach dem Neuschnee der letzten Tage (Trysil meldete \u00fcber 50cm Neuschnee) eher an eine Haltebucht erinnerte. War aber breit genug, dass ich mich quer hinstellen konnte. Wobei die stra\u00dfe hier eh nur wenig befahren ist. Ein Schneer\u00e4umer kam mal gegen 23 Uhr vorbei, als ich mich bettfertig machte, hatte sich aber nicht beschwert.<\/p>\n<p>&#8212;<\/p>\n<p>Die wohl insb. von den USA in Europa in den letzten Jahren installierte russlandfeindliche Politik treibt das gr\u00f6\u00dfte europ\u00e4ische Land immer mehr nach China. (Vmtl. weil die USA kein zu starkes &#038; gro\u00dfes Europa haben wollen.) &#8211; hier ein paar nicht-russlandfeindliche Einsch\u00e4tzungen zur momentan zumindest vom Westen her beschworenen Ukraine-Krise:<br \/>\n<a href='https:\/\/www.youtube.com\/watch?v=iRFoCz_Ue_g'>https:\/\/www.youtube.com\/watch?v=iRFoCz_Ue_g<\/a><\/p>\n<p>Auch sch\u00f6n, insb. die zweite H\u00e4lfte des Interviews zum C-Thema:<br \/>\n<a href='https:\/\/punkt-preradovic.com\/theplattform-net-die-alternative-mit-dr-paul-brandenburg\/'>https:\/\/punkt-preradovic.com\/theplattform-net-die-alternative-mit-dr-paul-brandenburg\/<\/a><\/p>\n","protected":false},"excerpt":{"rendered":"<p>14.2.2022 (190. Reisetag)<\/p>\n<p>\u00dcber Nacht kam zumindest hier in Torsby mal kein sonderlicher Schneefall. <\/p>\n<p> ^ Der gro\u00dfe Schneefall ist ausgeblieben. Zuf\u00e4lligerweise stand ich mit meinem Auto genau vor meinem Zimmer<\/p>\n<p>Bei meiner Schwedenreise letzten Winter war ich wohl ca. 186 Tage unterwegs. Bei der aktuellen Reise hab ich das schon \u00fcbertroffen, heute ist <a href=\"http:\/\/blog.inmontanis.info\/?p=7411\">[&#8230;]<\/a><\/p>\n","protected":false},"author":1,"featured_media":7414,"comment_status":"closed","ping_status":"closed","sticky":false,"template":"","format":"standard","meta":{"footnotes":""},"categories":[185,662,19,27],"tags":[55,47],"class_list":["post-7411","post","type-post","status-publish","format-standard","has-post-thumbnail","hentry","category-2021-08-skandinavien","category-hovfjallet","category-schwedensweden","category-skifahren-winterskiing-winter","tag-3sb","tag-sl","odd"],"_links":{"self":[{"href":"http:\/\/blog.inmontanis.info\/index.php?rest_route=\/wp\/v2\/posts\/7411","targetHints":{"allow":["GET"]}}],"collection":[{"href":"http:\/\/blog.inmontanis.info\/index.php?rest_route=\/wp\/v2\/posts"}],"about":[{"href":"http:\/\/blog.inmontanis.info\/index.php?rest_route=\/wp\/v2\/types\/post"}],"author":[{"embeddable":true,"href":"http:\/\/blog.inmontanis.info\/index.php?rest_route=\/wp\/v2\/users\/1"}],"replies":[{"embeddable":true,"href":"http:\/\/blog.inmontanis.info\/index.php?rest_route=%2Fwp%2Fv2%2Fcomments&post=7411"}],"version-history":[{"count":3,"href":"http:\/\/blog.inmontanis.info\/index.php?rest_route=\/wp\/v2\/posts\/7411\/revisions"}],"predecessor-version":[{"id":7415,"href":"http:\/\/blog.inmontanis.info\/index.php?rest_route=\/wp\/v2\/posts\/7411\/revisions\/7415"}],"wp:featuredmedia":[{"embeddable":true,"href":"http:\/\/blog.inmontanis.info\/index.php?rest_route=\/wp\/v2\/media\/7414"}],"wp:attachment":[{"href":"http:\/\/blog.inmontanis.info\/index.php?rest_route=%2Fwp%2Fv2%2Fmedia&parent=7411"}],"wp:term":[{"taxonomy":"category","embeddable":true,"href":"http:\/\/blog.inmontanis.info\/index.php?rest_route=%2Fwp%2Fv2%2Fcategories&post=7411"},{"taxonomy":"post_tag","embeddable":true,"href":"http:\/\/blog.inmontanis.info\/index.php?rest_route=%2Fwp%2Fv2%2Ftags&post=7411"}],"curies":[{"name":"wp","href":"https:\/\/api.w.org\/{rel}","templated":true}]}}