{"id":7406,"date":"2022-02-13T19:33:47","date_gmt":"2022-02-13T18:33:47","guid":{"rendered":"http:\/\/blog.inmontanis.info\/?p=7406"},"modified":"2023-08-05T13:17:17","modified_gmt":"2023-08-05T11:17:17","slug":"fjallberget-lesjofors-graffer-13-2-2022","status":"publish","type":"post","link":"http:\/\/blog.inmontanis.info\/?p=7406","title":{"rendered":"Fj\u00e4llberget + Lesj\u00f6fors (Graffer), 13.2.2022"},"content":{"rendered":"<p><strong>So, 13.2.2022<\/strong><\/p>\n<p>Die Nacht schien plusgradig verlaufen zu sein, also es hat eher dann und wann etwas leicht geregnet, Schnee blieb aus. Seit gestern Nachmittag \u00fcbrigens wieder normale Autostarts m\u00f6glich.<\/p>\n<p>Tja f\u00fcr heute, war nicht so ganz klar. Fj\u00e4llberget auf dem Weg, mit roten 5-Bein-St\u00fctzen lt. Bild, ganzer Tag oder nur halber und dann 1,5-2h nach Lesj\u00f6fors zum kurzen Graffer-SL mit ca. orangenen St\u00fctzen? Schon weite Fahrt dazwischen, aber eben beide dzt. nur WE offen. Und unter der Woche mal abends. Zwischen den beiden liegt S\u00e4fsen, das ich dann morgen Montag besuchen m\u00f6chte. Also liegt Lesj\u00f6fors auch eher unpassend heute.<\/p>\n<p>Zudem evtl. nur der Haupthang offen und die anderen Abfarten ohne Schnee, was sich bis n\u00e4chstes WE ja vielleicht \u00e4ndern k\u00f6nnte. Dann aber ist der Umweg noch gr\u00f6\u00dfer. Fahren m\u00f6cht ich den Grafferlift aber jedenfalls, denn wenn eh schon 3 aufgelassen wurden, muss man die restlichen 2 doch noch fahren, so lang es sie noch gibt.<\/p>\n<p>In Fj\u00e4llberget um 9:30 angekommen, lief der Lift schon und Skifahrer unterwegs, obwohl ich mir notiert hab, dass er erst um 10 Uhr offen w\u00e4re. Leider recht neblig. Trotztdem musste ich noch ein paar Planungen machen, bevor ich Skifahren wollte.<\/p>\n<p>Morgen S\u00e4fsen spar ich mir, hier in der Gegend ist f\u00fcr morgen Dauerschneefall mit 20cm angek\u00fcndigt. Suboptimal, um ein unbekanntes Skigebiet (mit 4SB) zu erkunden. Da w\u00e4re eine g\u00fcnstige Unterkunft praktisch. Es g\u00e4be sogar was sehr g\u00fcnstiges, nicht so weit weg, kleines Einzelzimmer um 21 \u20ac pro Nacht. Aber arg klein, lt. Beschreibung nur 4qm. Da wird vmtl. kein Tisch\/Stuhl drin sein.<\/p>\n<p>Und naja, Dienstag wird&#8217;s auch nicht besser, von Mo auf Di soll&#8217;s nachts sogar regnen. So interessant ist S\u00e4fsen dann auch nicht, wei\u00df gar nicht, ob ich das unbedingt brauch. Alternativ fahr ich gleich 2,5h nach Torsby nahe der n\u00e4chsten Ziele und quartier mich f\u00fcr mind. 3 Tage ins dortige Hostel um ca. 26 \u20ac pro Nacht ein &#8211; da muss man auch erst mal einen g\u00fcnstigeren Campingplatz finden, wobei die Skigebiete, die ich anfahren m\u00f6chte, evtl. alle jeweils einen im Skigebiet h\u00e4tten) und fahr die n\u00e4chsten 2-3 Tage halt ggf. kein Ski und hoffe auf mehr offene Pisten\/Lifte zum WE hin durch den Neuschnee&#8230; oder ich lass die Ecke ganz sein, verplempere nicht meine Zeit und fahr wieder rauf, weil ja jetzt auch Norwegen wieder m\u00f6glich ist? <\/p>\n<p>Allerdings k\u00e4m ich bei einer Fahrt heute nach Torsby ja quasi in Lesj\u00f6fors vorbei und sollte also doch etwas fr\u00fcher hier wegfahren, um 1 St\u00fcndchen diesen Graffer mitzunehmen, wenn er schon auf dem Weg liegt, oder? Hach, immer diese Entscheidungen..<\/p>\n<p>Bis ich dann noch umgezogen war, war es 10:30 Uhr, bis ich zur Talstation fuhr. Pappiger Schnee, Nebelnieselregen und viele Leute, spontan nur die Halbtageskarte um 140,- SEK statt Tageskarte 180,- SEK gekauft (Kreditkarte). Leider sind die rechten Abfahrten wohl aufgelassen und der Haupthang, wenn auch l\u00e4nger als gestern, langweilig. Die ganz rechte Abfahrt fand ich sch\u00f6n trassiert, daher 2x gefahren. Wirklich brems-pappig war der Schnee nur unten an der Talstation, dar\u00fcber war er schon fahrbar, im Gel\u00e4nde aber halt schwer, weil nass.<\/p>\n<p><a href='http:\/\/ski.inmontanis.info\/d\/301193-2\/DSC02014.jpg'><img src=http:\/\/ski.inmontanis.info\/d\/301191-3\/DSC02014.jpg \/><\/a><br \/>\n^ Stra\u00dfe zum Skigebiet Fj\u00e4llberget, hier liegt wieder etwas mehr Schnee als heute morgen, wo alles braun war<\/p>\n<p><a href='http:\/\/ski.inmontanis.info\/d\/301197-2\/DSC02016.jpg'><img src=http:\/\/ski.inmontanis.info\/d\/301196-3\/DSC02016.jpg \/><\/a><br \/>\n^ SL und Talstation, Skipasskasse direkt am Lift<\/p>\n<p><a href='http:\/\/ski.inmontanis.info\/d\/301201-2\/DSC02017.jpg'><img src=http:\/\/ski.inmontanis.info\/d\/301200-3\/DSC02017.jpg \/><\/a><br \/>\n^ SL und Haupthang, die leider heute einzige offizielle Abfahrt. Lift l\u00e4nger, aber flacher als gestern<\/p>\n<p><a href='http:\/\/ski.inmontanis.info\/d\/301205-2\/DSC02020.jpg'><img src=http:\/\/ski.inmontanis.info\/d\/301204-3\/DSC02020.jpg \/><\/a><br \/>\n^ Bergstation, hier wars die meiste Zeit nebelig<\/p>\n<p><a href='http:\/\/ski.inmontanis.info\/d\/301209-2\/DSC02021.jpg'><img src=http:\/\/ski.inmontanis.info\/d\/301208-3\/DSC02021.jpg \/><\/a><br \/>\n^ Gewusel im Tal, tw. 3 Anstehspuren (vom Park rechts, von links normal und von links Skischulbereich, die letzteren beiden wurden mit Absperrung abwechselnd zugelassen)<\/p>\n<p><a href='http:\/\/ski.inmontanis.info\/d\/301213-2\/DSC02022.jpg'><img src=http:\/\/ski.inmontanis.info\/d\/301212-3\/DSC02022.jpg \/><\/a><br \/>\n^ Die Abfahrt (bergw\u00e4rts) rechts vom Haupthang, viele kleine B\u00e4ume, im Mittelteil noch dichter<\/p>\n<p><a href='http:\/\/ski.inmontanis.info\/d\/301217-2\/DSC02023.jpg'><img src=http:\/\/ski.inmontanis.info\/d\/301216-3\/DSC02023.jpg \/><\/a><br \/>\n^ .. ganz unten dann wieder angenehmer zu fahren. Vom pappigeren Schnee mal abgesehen<\/p>\n<p><a href='http:\/\/ski.inmontanis.info\/d\/301221-2\/DSC02024.jpg'><img src=http:\/\/ski.inmontanis.info\/d\/301220-3\/DSC02024.jpg \/><\/a><br \/>\n^ Wieder oben gibt es noch 2 weitere Abfahrten zur rechten. Ich nahm erst mal die geradeaus links im Bild, also die \u00e4u\u00dfere<\/p>\n<p><a href='http:\/\/ski.inmontanis.info\/d\/301225-2\/DSC02025.jpg'><img src=http:\/\/ski.inmontanis.info\/d\/301224-3\/DSC02025.jpg \/><\/a><br \/>\n^ Die 4. Abfahrt gefiel mir besser, abwechslungsreicher trassiert<\/p>\n<p><a href='http:\/\/ski.inmontanis.info\/d\/301229-2\/DSC02027.jpg'><img src=http:\/\/ski.inmontanis.info\/d\/301228-3\/DSC02027.jpg \/><\/a><br \/>\n^ 4. Abfahrt ganz rechts<\/p>\n<p><a href='http:\/\/ski.inmontanis.info\/d\/301233-2\/DSC02028.jpg'><img src=http:\/\/ski.inmontanis.info\/d\/301232-3\/DSC02028.jpg \/><\/a><br \/>\n^ 4. Abfahrt ganz rechts, rechts im Bild geht auch ein Weg etwas weiter oben retour, den man wohl nehmen sollte, denn die Schneise links &#8230;<\/p>\n<p><a href='http:\/\/ski.inmontanis.info\/d\/301237-2\/DSC02029.jpg'><img src=http:\/\/ski.inmontanis.info\/d\/301236-3\/DSC02029.jpg \/><\/a><br \/>\n^ .. endet im Buschwerk. Kurios<\/p>\n<p><a href='http:\/\/ski.inmontanis.info\/d\/301241-2\/DSC02030.jpg'><img src=http:\/\/ski.inmontanis.info\/d\/301240-3\/DSC02030.jpg \/><\/a><br \/>\n^ An der 3. Abfahrt gab es diese Abzweigung nach links oder geradeaus. Links kam bald dichter Wald, also fuhr ich wieder zu der Geradeaus-Variante<\/p>\n<p><a href='http:\/\/ski.inmontanis.info\/d\/301245-2\/DSC02033.jpg'><img src=http:\/\/ski.inmontanis.info\/d\/301244-3\/DSC02033.jpg \/><\/a><br \/>\n^ .. die es aber auch ganz sch\u00f6n in sich hatte, denn schmal, steil und bei dem wenigen Schnee war das schon sehr schwierig.<\/p>\n<p><a href='http:\/\/ski.inmontanis.info\/d\/301249-2\/DSC02034.jpg'><img src=http:\/\/ski.inmontanis.info\/d\/301248-3\/DSC02034.jpg \/><\/a><br \/>\n^ 3. Abfahrt im unteren Teil, wo sie &#8230;<\/p>\n<p><a href='http:\/\/ski.inmontanis.info\/d\/301253-2\/DSC02036.jpg'><img src=http:\/\/ski.inmontanis.info\/d\/301252-3\/DSC02036.jpg \/><\/a><br \/>\n^ &#8230; in den Retourweg m\u00fcndet, den man auch von der ganz rechten Variante aus erreicht. Die beiden rechten Varianten sind also recht cool, wenn genug und guter Schnee liegt.<\/p>\n<p><a href='http:\/\/ski.inmontanis.info\/d\/301257-2\/DSC02038.jpg'><img src=http:\/\/ski.inmontanis.info\/d\/301256-3\/DSC02038.jpg \/><\/a><br \/>\n^ Pistenplan, erst beim Gehen entdeckt (zuvor stand ein Auto davor)<\/p>\n<p><a href='http:\/\/ski.inmontanis.info\/d\/301261-2\/DSC02039.jpg'><img src=http:\/\/ski.inmontanis.info\/d\/301260-3\/DSC02039.jpg \/><\/a><br \/>\n^ Skipass<\/p>\n<p><a href='http:\/\/ski.inmontanis.info\/d\/301265-2\/ge20220213a.jpg'><img src=http:\/\/ski.inmontanis.info\/d\/301264-3\/ge20220213a.jpg \/><\/a><br \/>\n^ GPS-Track 13.2.2022, ja nur ca. eineinhalb Stunden und Wartezeiten am Lift. Zwischen den beiden ganz rechten Abfahrten k\u00f6nnte es doch noch eine Schneise gegeben haben.<\/p>\n<p>Um 12:15 h\u00f6rte ich auf, buchte das Hostel in Torsby f\u00fcr 3 N\u00e4chte und fuhr nach Lesj\u00f6fors.<\/p>\n<p>Was gar nicht so einfach war, denn mehrere Stra\u00dfen und Abzweigungen, die ich lt. Navi h\u00e4tte fahren m\u00fcssen, sind wohl im Winter geschlossen und waren unger\u00e4umt. Daher erst kurz vor 14:30 Uhr in Lesj\u00f6fors angekommen. Nur gut, dass ich so zeitig aufgeh\u00f6rt hatte.<\/p>\n<p><a href='http:\/\/extra.inmontanis.info\/d\/74897-2\/DSC02041.jpg'><img src=http:\/\/extra.inmontanis.info\/d\/74896-3\/DSC02041.jpg \/><\/a><br \/>\n^ Ob mich derartige Stra\u00dfen nach Westen bringen?<\/p>\n<p><a href='http:\/\/extra.inmontanis.info\/d\/74901-2\/DSC02043.jpg'><img src=http:\/\/extra.inmontanis.info\/d\/74900-3\/DSC02043.jpg \/><\/a><br \/>\n^ .. darf ja langsam bezweifelt werden ..<\/p>\n<p><a href='http:\/\/extra.inmontanis.info\/d\/74905-2\/DSC02045.jpg'><img src=http:\/\/extra.inmontanis.info\/d\/74904-3\/DSC02045.jpg \/><\/a><br \/>\n^ Hier h\u00e4tte ich lt. Navi abbiegen sollen &#8211; dann halt nicht. Daf\u00fcr ist diese Stra\u00dfe wieder besser ger\u00e4umt<\/p>\n<p><a href='http:\/\/extra.inmontanis.info\/d\/74909-2\/DSC02048.jpg'><img src=http:\/\/extra.inmontanis.info\/d\/74908-3\/DSC02048.jpg \/><\/a><br \/>\n^ .. auch hier geht&#8217;s nicht weiter, da musste ich ein paar km wieder zur\u00fcckfahren.<\/p>\n<p><a href='http:\/\/extra.inmontanis.info\/d\/74913-2\/DSC02050.jpg'><img src=http:\/\/extra.inmontanis.info\/d\/74912-3\/DSC02050.jpg \/><\/a><br \/>\n^ Endlich wieder auf einer Stra\u00dfe mit blauen Schildern, also etwas h\u00f6herranging. Die wird dann hoffentlich offen haben und durchgehen.<\/p>\n<p><a href='http:\/\/extra.inmontanis.info\/d\/74917-2\/DSC02052.jpg'><img src=http:\/\/extra.inmontanis.info\/d\/74916-3\/DSC02052.jpg \/><\/a><br \/>\n^ .. allerdings ziemlich kurvig, daher oft langsam fahren m\u00fcssen<\/p>\n<p><a href='http:\/\/extra.inmontanis.info\/d\/74921-3\/DSC02055.jpg'><img src=http:\/\/extra.inmontanis.info\/d\/74920-4\/DSC02055.jpg \/><\/a><br \/>\n^ Man kam nah am Skigebiet S\u00e4fsen vorbei. Sah gar nicht so uninteressant aus.<\/p>\n<p><a href='http:\/\/extra.inmontanis.info\/d\/74925-3\/DSC02057.jpg'><img src=http:\/\/extra.inmontanis.info\/d\/74924-4\/DSC02057.jpg \/><\/a><br \/>\n^ S\u00e4fsen<\/p>\n<p><a href='http:\/\/ski.inmontanis.info\/d\/301107-2\/DSC02060.jpg'><img src=http:\/\/ski.inmontanis.info\/d\/301106-3\/DSC02060.jpg \/><\/a><br \/>\n^ Endlich am Graffer-SL in Lesj\u00f6fors angekommen.<\/p>\n<p>Die Halbtageskarte kostete noch g\u00fcnstigere 80,- SEK, also ca. 8 \u20ac, wobei auch hier die Abfahrten neben der Hauptabfahrt aufgelassen zu sein scheinen, man sie aber trotzdem zumindest teilweise fahren konnte. Bezahlung bar, was sie aber wohl nicht gew\u00f6hnt sind, Wechselgeld noch gerade so in der privaten Tasche da. Ansonsten h\u00e4tt ich halt 100,- gezahlt. Skipass gab&#8217;s hier gar keinen. <\/p>\n<p><a href='http:\/\/ski.inmontanis.info\/d\/301111-2\/DSC02063.jpg'><img src=http:\/\/ski.inmontanis.info\/d\/301110-3\/DSC02063.jpg \/><\/a><br \/>\n^ Das k\u00f6nnte im Hinblick auf Alter und Originalit\u00e4t der sch\u00f6nste Grafferlift in Schweden sein, Pilz-Talstation, orangene St\u00fctzen<\/p>\n<p><a href='http:\/\/ski.inmontanis.info\/d\/301115-2\/DSC02064.jpg'><img src=http:\/\/ski.inmontanis.info\/d\/301114-3\/DSC02064.jpg \/><\/a><br \/>\n^ .. und Bergstation wurde auch noch nicht ersetzt<\/p>\n<p><a href='http:\/\/ski.inmontanis.info\/d\/301119-2\/DSC02065.jpg'><img src=http:\/\/ski.inmontanis.info\/d\/301118-3\/DSC02065.jpg \/><\/a><br \/>\n^ Haupthang, auch hier nur dieser aktuell offen &#8211; oder auch generell<\/p>\n<p><a href='http:\/\/ski.inmontanis.info\/d\/301123-2\/DSC02066.jpg'><img src=http:\/\/ski.inmontanis.info\/d\/301122-3\/DSC02066.jpg \/><\/a><br \/>\n^ Geradeaus geht es zu den zwei linken Abfahrten<\/p>\n<p><a href='http:\/\/ski.inmontanis.info\/d\/301127-2\/DSC02067.jpg'><img src=http:\/\/ski.inmontanis.info\/d\/301126-3\/DSC02067.jpg \/><\/a><br \/>\n^ .. die hier wieder einm\u00fcnden und von den Kids ausgiebig befahren wurden. Also tat ich das auch, wobei ich mir die rechte im unteren Bereich gespart hab<\/p>\n<p><a href='http:\/\/ski.inmontanis.info\/d\/301131-2\/DSC02068.jpg'><img src=http:\/\/ski.inmontanis.info\/d\/301130-3\/DSC02068.jpg \/><\/a><br \/>\n^ Talstation<\/p>\n<p><a href='http:\/\/ski.inmontanis.info\/d\/301135-2\/DSC02069.jpg'><img src=http:\/\/ski.inmontanis.info\/d\/301134-3\/DSC02069.jpg \/><\/a><br \/>\n^ Orangener Graffer-Pilz<\/p>\n<p><a href='http:\/\/ski.inmontanis.info\/d\/301139-2\/DSC02070.jpg'><img src=http:\/\/ski.inmontanis.info\/d\/301138-3\/DSC02070.jpg \/><\/a><br \/>\n^ Wenn nicht die B\u00fcgel irgendwann mal ersetzt worden w\u00e4ren, w\u00e4re es perfekt gewesen. Aber nat\u00fcrlich auch so sch\u00f6n.<\/p>\n<p><a href='http:\/\/ski.inmontanis.info\/d\/301143-2\/DSC02071.jpg'><img src=http:\/\/ski.inmontanis.info\/d\/301142-3\/DSC02071.jpg \/><\/a><br \/>\n^ Die 2. St\u00fctze hat keine Wartungspodeste &#8211; und wie in Italien wurden auch hier die Rollenwippen mit Spanngurten befestigt :-)<\/p>\n<p><a href='http:\/\/ski.inmontanis.info\/d\/301147-2\/DSC02072.jpg'><img src=http:\/\/ski.inmontanis.info\/d\/301146-3\/DSC02072.jpg \/><\/a><br \/>\n^ Die 2. Abfahrt links. Schaut wohl auch aufgelassen aus. Evtl. ging hier fr\u00fcher mal ein Lift rauf, denn ganz unten im Tal steht ein H\u00e4uschen, das mal einen Lift beinhaltet haben k\u00f6nnte<\/p>\n<p><a href='http:\/\/ski.inmontanis.info\/d\/301151-2\/DSC02073.jpg'><img src=http:\/\/ski.inmontanis.info\/d\/301150-3\/DSC02073.jpg \/><\/a><br \/>\n^ 2. Abfahrt, also oben hat&#8217;s genug Schnee<\/p>\n<p><a href='http:\/\/ski.inmontanis.info\/d\/301155-2\/DSC02075.jpg'><img src=http:\/\/ski.inmontanis.info\/d\/301154-3\/DSC02075.jpg \/><\/a><br \/>\n^ 3. Abfahrt<\/p>\n<p><a href='http:\/\/ski.inmontanis.info\/d\/301159-2\/DSC02077.jpg'><img src=http:\/\/ski.inmontanis.info\/d\/301158-3\/DSC02077.jpg \/><\/a><br \/>\n^ 3. Abfahrt, leider verwachsener<\/p>\n<p><a href='http:\/\/ski.inmontanis.info\/d\/301163-2\/DSC02079.jpg'><img src=http:\/\/ski.inmontanis.info\/d\/301162-3\/DSC02079.jpg \/><\/a><br \/>\n^ Unten raus geht nur eine schmale Spur, aber reicht, um zu fahren<\/p>\n<p><a href='http:\/\/ski.inmontanis.info\/d\/301167-2\/DSC02081.jpg'><img src=http:\/\/ski.inmontanis.info\/d\/301166-3\/DSC02081.jpg \/><\/a><br \/>\n^ Das rechts k\u00f6nnte mal eine Lifttalstation gewesen sein<\/p>\n<p><a href='http:\/\/ski.inmontanis.info\/d\/301171-2\/DSC02083.jpg'><img src=http:\/\/ski.inmontanis.info\/d\/301170-3\/DSC02083.jpg \/><\/a><br \/>\n^ Rechts fuhren auch einige Kids, also probierte ich das ebenfalls<\/p>\n<p><a href='http:\/\/ski.inmontanis.info\/d\/301175-2\/DSC02086.jpg'><img src=http:\/\/ski.inmontanis.info\/d\/301174-3\/DSC02086.jpg \/><\/a><br \/>\n^ Da sah es im Sat-Bild nach einer Zickzack-Schneise aus, aber die war mir hier zu steil und schneearm.<\/p>\n<p><a href='http:\/\/ski.inmontanis.info\/d\/301179-2\/DSC02087.jpg'><img src=http:\/\/ski.inmontanis.info\/d\/301178-3\/DSC02087.jpg \/><\/a><br \/>\n^ .. alternativ kann man den steilen Hang weiterfahren ..<\/p>\n<p><a href='http:\/\/ski.inmontanis.info\/d\/301183-2\/DSC02088.jpg'><img src=http:\/\/ski.inmontanis.info\/d\/301182-3\/DSC02088.jpg \/><\/a><br \/>\n^ .. um dann auf diesem Weg zur Talstation zu kommen. Heute halt etwas pappig, daher schiebelastig<\/p>\n<p><a href='http:\/\/ski.inmontanis.info\/d\/301187-2\/ge20220213b.jpg'><img src=http:\/\/ski.inmontanis.info\/d\/301186-3\/ge20220213b.jpg \/><\/a><br \/>\n^ GPS-Track 13.2.2022, ca. eineinhalb Stunden<\/p>\n<p>Das Auto startete wieder normal. Das wird doch nicht an der recht leeren Batterie im Fernbedienungsschl\u00fcssel gelegen haben, die ich gestern Abend getauscht hatte? Aber w\u00e4r schon komisch, da es in letzter Zeit zwischendrin ja auch teils wochenlang problemlos ging. Au\u00dfer da w\u00e4ren 2 unabh\u00e4ngige Probleme und die schwache Batterie kam jetzt noch on-top dazu. Aber die Meldung \u00fcber die leere Batterie kam auch nie im Zusammenhang mit dem Startvorgang. Eher beim Einsteigen, manchmal auch beim Dr\u00fccken des Startknopfes, aber eben gleich beim Dr\u00fccken und nicht erst bei einem Anlassvorgang. Au\u00dferdem ging es nach einem Problemstart ja auch nicht, obwohl nix von wegen Batteriemeldung kam. Einmal hatte ich sogar die Batterie-Meldung gleich beim Startknopfdr\u00fccken, da hei\u00dfts dann, dass man den Schl\u00fcsselschalter auf den Startknopf legen soll, um zu starten. Danach hatte mal der Anlasser trotzdem nicht funktioniert. Also kann ich mir das nicht ganz vorstellen, dass die leere Schl\u00fcsselbatterie (alleinige) Schuld haben soll.<\/p>\n<p>Ich hielt abends noch an einem Supermarkt, Knoblauchbaguette kaufen f\u00fcr die Spare Ribs heute Abend + 2 Fertiggerichte f\u00fcr die n\u00e4chsten beiden Tage, falls ich da ganztags im Hostel bleiben sollte.<\/p>\n<p>Puh, ein zweites Mal brauch ich weder die Spare Ribs, noch das Knoblauchbrot, weder vom Geschmack her noch vom Salzgehalt, mein Gaumen hat regelrecht geblutet, so salzig war das alles.<\/p>\n<p>Also ich kann ja Zucker verstehen, aber was die Leute an Salz finden, ist mir unerkl\u00e4rlich. Brezen, Salzstangen, Pommes, Knabberein &#8230; schmeckt mir alles ohne Salz besser. Salzkartoffeln fand ich auch schon immer grausig. Und wenn ich auf den Zutatenlisten von s\u00fc\u00dfen Naschsachen &#8220;salz&#8221; lese, frag ich mich schon sehr, ob man nicht stattdessen weniger Zucker und kein Salz h\u00e4tte nehmen k\u00f6nnen. Das einzige Salz, das ich hab, ist Tr\u00fcffelsalz, wegen dem Tr\u00fcffelgeschmack. Aber selbst das hab ich fast nie verwendet, daher immer noch viel zu viel im Glas, auch mach ich meine Nudeln ohne Salz und ja bekanntlich sowieso nicht in so viel Wasser, was dann weggesch\u00fcttet werden m\u00fcsste, sondern so, dass das Wasser m\u00f6glichst weg ist, bis die Nudeln durch sind. Geschmack kommt dann von der Sauce und z.B. im Pesto ist sicherlich eh genug Salz. (Allerdings k\u00f6nnte es ja auch sein, dass das Salz im Nudelwasser eine andere Funktion hat und das Salz gar nicht in die Nudel reingeht, sondern im Wasser verbleibt, das man aussch\u00fcttet.)<\/p>\n<p><a href='http:\/\/extra.inmontanis.info\/d\/74933-3\/DSC02091.jpg'><img src=http:\/\/extra.inmontanis.info\/d\/74932-4\/DSC02091.jpg \/><\/a><br \/>\n^ Sapre Ribs und Knoblauchbrot, beides nicht so besonders. Allerdings w\u00e4r das Knoblauchbrot vmtl. warm besser gewesen. Und ja, wieder meine Pfanne im Hostel verwendet.<\/p>\n<p>Da das Zimmer nicht geheizt war, nahm ich auch meinen kleinen Auto-Heizer im Zimmer in Betrieb. Praktisch, wenn man quasi seinen ganzen Hausstand dabei hat :)<\/p>\n<p><a href='http:\/\/extra.inmontanis.info\/d\/74929-3\/DSC02090.jpg'><img src=http:\/\/extra.inmontanis.info\/d\/74928-4\/DSC02090.jpg \/><\/a><br \/>\n^ Hostelzimmer<\/p>\n<p>Ich bin ja zwangsl\u00e4ufig auf meiner Reise nun auf vielen Toiletten gewesen, viele unterschiedliche Sch\u00fcsseln und Sp\u00fclungen erleben d\u00fcrfen und es ist doch faszinierend, wieviel m\u00fcllige Toilettensp\u00fclungen es gibt, die nicht beim ersten Sp\u00fclvorgang das ganze Papier runtersp\u00fclen k\u00f6nnen. Da gibt es dann Wirbel, wo das Papier immer wieder im Kreis schwimmt, anstatt unter zu gehen. (Von anderweitigen Schwimmobjekten oder bleibenden Verschmutzungen red ich jetzt mal gar nicht, da gibt es ja dann auch unterschiedliche Faktoren, wobei man auch da feststellen muss, dass etliche Sp\u00fclungen 1. nicht die komplette Sch\u00fcssel sp\u00fclen und 2. einen viel zu geringen Druck haben.<\/p>\n<p>Worauf ich hinauswill: Mit Produkttests sollte man sowas doch im Vorfeld bemerken und beheben k\u00f6nnen?!<\/p>\n<p>&#8212;<\/p>\n<p>Na, wie mich das schon wieder ankotzt. Die Seite &#8220;In weniger als 30 Tagen nicht mehr in Prime enthalten&#8221; funktioniert nicht mehr. Die Kategorie hei\u00dft jetzt anscheinend &#8220;Nur f\u00fcr kurze Zeit&#8221; (ob das aber die selbe ist wie die alte?) und ist mal wieder viel un\u00fcbersichtlicher als vorher. Eh klar, als ob in den letzten 10 Jahren im Internet irgendwas mal \u00fcbersichtlicher geworden w\u00e4re, nein, alles muss immer un\u00fcbersichtlicher werden. Ich hasse Mouse-Over-Texte und ich hasse unendliche Scroll-Seiten ohne Pagination.<\/p>\n<p>Noch nicht perfekt, aber wer Stylish\/Stylem\/.. hat, hier mal ein paar CSS-Zeilen, um zumindest die Mouse-Over-Texte immer anzuzeigen:<\/p>\n<p>@-moz-document regexp(&#8220;https:\/\/www.amazon.de\/gp\/video\/search\/ref=atv_cat_auto_v2_only_limited_time_at_prime_quest.*&#8221;) {<\/p>\n<p>  .tst-hover-container, .tst-hover-container > div, .tst-hover-container > div > div, .tst-hover-container > div > div > div {<br \/>\n    visibility: visible !important;<br \/>\n    display: contents  !important;<br \/>\n  }<\/p>\n<p>  .av-hover-wrapper {<br \/>\n    background: #246;<br \/>\n    border: 1px #111 outset !important;<br \/>\n    padding: 5px !important;<br \/>\n}<br \/>\n  .av-play-icon {<br \/>\n    display: none !important;<br \/>\n    visibility: none !important;<br \/>\n  }<br \/>\n  body {<br \/>\n  background: #333 !important;<br \/>\n  }<br \/>\n}<\/p>\n<p>Wer zudem, wie ich, keine Kartenansicht m\u00f6chte, sondern eher jeden Datensatz in einer eigenen Zeile sehen m\u00f6chte (was ja eigentlich die normalste, \u00fcblichste und \u00fcbersichtlichste Darstellungsform ist), f\u00fcge noch dies hinzu, nat\u00fcrlich vor dem letzten } zuvor:<\/p>\n<p>  .av-grid-wrapper .av-search-grid {<br \/>\n    grid-template-columns: unset ;<br \/>\n  }<\/p>\n<p>Da das Video-Foto aber auf die Breite angepasst wird, muss man noch was anpassen, z.B. so, auf die Schnelle:<\/p>\n<p>.av-grid-packshot img {<br \/>\n    width: 220px !important;<br \/>\n    position: absolute;<br \/>\n    top: 10px;<br \/>\n  }<\/p>\n<p>  .av-hover-placeholder {<br \/>\n    display: none !important;<br \/>\n  }<\/p>\n<p>Und als Bonus, etwas optische Retrofizierung:<\/p>\n<p>  .av-grid-packshot a>div {<br \/>\n    border: 1px #246 inset !important;<br \/>\n    height: 5px !important;<br \/>\n    bottom: 4px !important;<br \/>\n    margin-left: 3px;<br \/>\n    margin-right: 3px;<br \/>\n  }<br \/>\n  .tst-watchlist-toggle, .tst-trailer-button {<br \/>\n  border: 1px #333 outset !important;<br \/>\n  padding: 2px;<br \/>\n  background: gray;<br \/>\n  border-radius: 0px;<br \/>\n  }<br \/>\n  button:hover, .tst-trailer-button:hover {<br \/>\n  border: 1px #333 inset !important;<br \/>\n  }<\/p>\n<p>Durch den Schei\u00df kam ich nat\u00fcrlich nicht mehr zum Filmschauen heute. Extra vorhin nochmals rausgegangen und den Projektor geholt, grummel.<\/p>\n","protected":false},"excerpt":{"rendered":"<p>So, 13.2.2022<\/p>\n<p>Die Nacht schien plusgradig verlaufen zu sein, also es hat eher dann und wann etwas leicht geregnet, Schnee blieb aus. Seit gestern Nachmittag \u00fcbrigens wieder normale Autostarts m\u00f6glich.<\/p>\n<p>Tja f\u00fcr heute, war nicht so ganz klar. Fj\u00e4llberget auf dem Weg, mit roten 5-Bein-St\u00fctzen lt. Bild, ganzer Tag oder nur halber und dann 1,5-2h <a href=\"http:\/\/blog.inmontanis.info\/?p=7406\">[&#8230;]<\/a><\/p>\n","protected":false},"author":1,"featured_media":7408,"comment_status":"closed","ping_status":"closed","sticky":false,"template":"","format":"standard","meta":{"footnotes":""},"categories":[185,679,649,59,19,27],"tags":[91,47],"class_list":["post-7406","post","type-post","status-publish","format-standard","has-post-thumbnail","hentry","category-2021-08-skandinavien","category-fjallberget","category-lesjofors","category-nostalgie","category-schwedensweden","category-skifahren-winterskiing-winter","tag-graffer","tag-sl","odd"],"_links":{"self":[{"href":"http:\/\/blog.inmontanis.info\/index.php?rest_route=\/wp\/v2\/posts\/7406","targetHints":{"allow":["GET"]}}],"collection":[{"href":"http:\/\/blog.inmontanis.info\/index.php?rest_route=\/wp\/v2\/posts"}],"about":[{"href":"http:\/\/blog.inmontanis.info\/index.php?rest_route=\/wp\/v2\/types\/post"}],"author":[{"embeddable":true,"href":"http:\/\/blog.inmontanis.info\/index.php?rest_route=\/wp\/v2\/users\/1"}],"replies":[{"embeddable":true,"href":"http:\/\/blog.inmontanis.info\/index.php?rest_route=%2Fwp%2Fv2%2Fcomments&post=7406"}],"version-history":[{"count":3,"href":"http:\/\/blog.inmontanis.info\/index.php?rest_route=\/wp\/v2\/posts\/7406\/revisions"}],"predecessor-version":[{"id":7410,"href":"http:\/\/blog.inmontanis.info\/index.php?rest_route=\/wp\/v2\/posts\/7406\/revisions\/7410"}],"wp:featuredmedia":[{"embeddable":true,"href":"http:\/\/blog.inmontanis.info\/index.php?rest_route=\/wp\/v2\/media\/7408"}],"wp:attachment":[{"href":"http:\/\/blog.inmontanis.info\/index.php?rest_route=%2Fwp%2Fv2%2Fmedia&parent=7406"}],"wp:term":[{"taxonomy":"category","embeddable":true,"href":"http:\/\/blog.inmontanis.info\/index.php?rest_route=%2Fwp%2Fv2%2Fcategories&post=7406"},{"taxonomy":"post_tag","embeddable":true,"href":"http:\/\/blog.inmontanis.info\/index.php?rest_route=%2Fwp%2Fv2%2Ftags&post=7406"}],"curies":[{"name":"wp","href":"https:\/\/api.w.org\/{rel}","templated":true}]}}