{"id":7385,"date":"2022-02-05T19:15:52","date_gmt":"2022-02-05T18:15:52","guid":{"rendered":"http:\/\/blog.inmontanis.info\/?p=7385"},"modified":"2023-08-05T13:06:59","modified_gmt":"2023-08-05T11:06:59","slug":"gopshusbacken-5-2-2022-fliegendes-dreieck","status":"publish","type":"post","link":"http:\/\/blog.inmontanis.info\/?p=7385","title":{"rendered":"Gopshusbacken, 5.2.2022 \/\/ Fliegendes Dreieck"},"content":{"rendered":"<p><strong>Sa, 5.2.2022<\/strong><\/p>\n<p>(Aktuell ist&#8217;s etwas stressig, dass ich mit den Berichten hinterher komme, wenn ich nur 1-2 Tage in einem Gebiet bin..)<\/p>\n<p>Heute Morgen gleich mal ein extra Problem: Standheizung schaltete sich zu fr\u00fch pl\u00f6tzlich aus &#8211; Batterie tot. Was ich ja letzten Winter auch \u00f6fters hatte, wenn sie zu kalt war und ich die Standheizung einschalten wollte. Aber jetzt lief sie ja die ganze Zeit. Und eigentlich kann sie ja nicht leer sein, dazu war sie gestern zu voll. Au\u00dfer die Anzeige h\u00e4tte nicht gestimmt. Die kleinen Str\u00f6me vom K\u00fchlschrank f\u00fcr die LED-Anzeige, f\u00fcr die LED-Lichter usw., das k\u00f6nnte evtl. nicht gemessen werden und die Batterie leerziehen mit der Zeit. Aber zeigte noch 12.0V an, was ja wohl nicht leer bedeuten sollte. Problem was ich jetzt haben k\u00f6nnte: die Standheizung verk\u00fcrzt ja den K\u00fchlwasserkreislauf mittels Ventile, wo ich nicht wei\u00df, ob die elektronisch geregelt werden oder ob das durch eine umgekehrte Flie\u00dfrichtung bewerkstelligt wird, falls elektronisch, k\u00f6nnte es sein, dass die Ventile falsch gestellt bleiben und der K\u00fchlkreislauf nicht mehr am Motor vorbei kommt -> \u00dcberhitzung bzw. keine Heizung.<\/p>\n<p>Also schnell mal den Motor gestartet und geschaut, dass das Ladeger\u00e4t l\u00e4uft und hoffentlich Ladeger\u00e4t+Batterie nicht zu kalt sind. Nach ein paar Sekunden lief die Ladung und die Batterie und ich konnte die Standheizung nochmals kontrolliert Ein- und Ausschalten. Schien soweit funktioniert zu haben. Uff.<\/p>\n<p>Waren auch drau\u00dfen nur -7\u00b0, da hatte ich schon bei k\u00e4lteren N\u00e4chten \u00fcbernachtet. Batterie-Temperatur waren +5\u00b0 lt. App, weil durch den Stromverbrauch w\u00e4rmt sie sich ja auch selbst auf.<\/p>\n<p>Das Skigebiet Gopshusbacken liegt unweit vom ja leider stillgelegten W\u00e4sabergen mit der abgebauten DSB, das ich letztes Fr\u00fchjahr oder Fr\u00fchsommer besucht hatte. F\u00fcr mich liegt es auf dem Weg nach Mora und da Gesundaberget heuer zu ist und mir die anderen 2 Gebiete auf der anderen See-Seite (R\u00e4ttvik+Granberget) auch nicht sonderlich interessant aussehen (bzw. auch nicht alles offen haben),  probierte ich es eben hier &#8211; gibt ja zumindest einen Kurven-SL. Aber sonst wohl nur 2 Abfahrten.<\/p>\n<p>Halbtages- oder Stundenkarten gibts leider keine, Tageskarte ist mit 220,- SEK f\u00fcr so ein kleines Gebiet auch nicht g\u00fcnstig, war aber auch zu wenig los. Wobei die anderen 2 sogar noch 100,- teurer sind. Und auf den Bildern eher leichtere Abfahrten haben.<\/p>\n<p>Heute kalt und sonnig, aber leider ein Nordhang hier und vormittags leider ein Rennkurs gesteckt. Scheinen aber Senioren trainiert zu haben.<\/p>\n<p>Ich ging vor dem Umziehen erst zur Kasse fragen, ob offen ist und schauen, ob ich mit Karte zahlen kann. Keycard habens auch, Axess mit dem \u00e4lteren Hochformat-Aufdruck wie bei Skidata (also nicht den queren Streifen). Aber h\u00e4tte vmtl, auch funktioniert. Da hab ich nicht viel passende Karten dabei, die Original-Axess-Karte f\u00fcr die Skistar-Saisonkarte in Verwendung, eine die letztes Jahr schon nicht mehr funktionierte und die aus La Plagne, und noch eine. Wollte aber endlich mal testen lassen, ob die in Saariselk\u00e4 damals bei der Skitour im Schnee gefundenen Keycard funktioniert, die ist eine Axess mit der hochformatigen Schrift. Der Bedienstete hat heute wohl zum ersten Mal eine Keycard aufladen m\u00fcssen, Anleitung gelesen, hat dann aber alles geklappt, er teste die Karte noch schnell oben am Leser und sie funktionierte. Perfekt, dann kann ich die demn\u00e4chst auch online laden.<\/p>\n<p>Es gefiel mir eigentlich ganz gut hier, nur schade, dass oben nur 1 Abfahrt offen war, eine zweite wohl nicht pr\u00e4pariert (ggf. zu wenig Schnee) bzw. wurde auch einiges aufgeforstet, wo fr\u00fcher eine Abfahrt war. Laut altem Sat-Bild in GE (das ich auch f\u00fcr den GPS-Track verwendet hab) sind sogar beide oberen Abfahrten komplett stillgelegt und verwachsen oder aufgeforstet, schade, schade. Auch im unteren Berich links vom Lift gab es anscheinend vor 10 Jahren noch kaum B\u00e4ume, jetzt alles zugewachsen, dass man da auch nicht offpiste fahren braucht.<\/p>\n<p><a href='http:\/\/ski.inmontanis.info\/d\/300529-2\/DSC01656.jpg'><img src=http:\/\/ski.inmontanis.info\/d\/300528-3\/DSC01656.jpg \/><\/a><br \/>\n^ Am Parkplatz, SL ist ein Dreieckslift<\/p>\n<p><a href='http:\/\/ski.inmontanis.info\/d\/300533-2\/DSC01658.jpg'><img src=http:\/\/ski.inmontanis.info\/d\/300532-3\/DSC01658.jpg \/><\/a><br \/>\n^ Pistenplan, leider nicht aktuell, denn die rechten beiden Abfahrten oben (samt unten) gibt&#8217;s nicht mehr und sind aufgeforstet bzw. ziemlich zugewachsen :(<\/p>\n<p><a href='http:\/\/ski.inmontanis.info\/d\/300537-2\/DSC01659.jpg'><img src=http:\/\/ski.inmontanis.info\/d\/300536-3\/DSC01659.jpg \/><\/a><br \/>\n^ Talstation<\/p>\n<p><a href='http:\/\/ski.inmontanis.info\/d\/300541-2\/DSC01660.jpg'><img src=http:\/\/ski.inmontanis.info\/d\/300540-3\/DSC01660.jpg \/><\/a><br \/>\n^ Liftstrecke<\/p>\n<p><a href='http:\/\/ski.inmontanis.info\/d\/300545-2\/DSC01663.jpg'><img src=http:\/\/ski.inmontanis.info\/d\/300544-3\/DSC01663.jpg \/><\/a><br \/>\n^ Die Kurvenst\u00fctze ist als einzige Rot<\/p>\n<p><a href='http:\/\/ski.inmontanis.info\/d\/300549-2\/DSC01664.jpg'><img src=http:\/\/ski.inmontanis.info\/d\/300548-3\/DSC01664.jpg \/><\/a><br \/>\n^ Kurvenst\u00fctze<\/p>\n<p><a href='http:\/\/ski.inmontanis.info\/d\/300553-2\/DSC01665.jpg'><img src=http:\/\/ski.inmontanis.info\/d\/300552-3\/DSC01665.jpg \/><\/a><br \/>\n^ Oberster Ausstieg<\/p>\n<p><a href='http:\/\/ski.inmontanis.info\/d\/300557-2\/DSC01666.jpg'><img src=http:\/\/ski.inmontanis.info\/d\/300556-3\/DSC01666.jpg \/><\/a><br \/>\n^ Sabber, daf\u00fcr hat sich ein Besuch ja schon mal gelohnt: Der Lift hat eine fliegende Umlenkscheibe!<\/p>\n<p><a href='http:\/\/ski.inmontanis.info\/d\/300561-2\/DSC01667.jpg'><img src=http:\/\/ski.inmontanis.info\/d\/300560-3\/DSC01667.jpg \/><\/a><br \/>\n^ Abfahrt zur rechten (unpr\u00e4pariert), dachte erst, das sei die im Plan, aber lt. altem Satbild gingen da noch weitere weg, die man mittlerweile kaum noch erahnen kann<\/p>\n<p><a href='http:\/\/ski.inmontanis.info\/d\/300565-2\/DSC01673.jpg'><img src=http:\/\/ski.inmontanis.info\/d\/300564-3\/DSC01673.jpg \/><\/a><br \/>\n^ Aktuell rechteste Abfahrt im Mittelteil, generell hier welliger und unmodellierter, auch mal wieder sch\u00f6n.<\/p>\n<p><a href='http:\/\/ski.inmontanis.info\/d\/300569-2\/DSC01676.jpg'><img src=http:\/\/ski.inmontanis.info\/d\/300568-3\/DSC01676.jpg \/><\/a><br \/>\n^ Kurz vor dem letzten Ausstieg gibt&#8217;s noch einen Zwischenausstieg<\/p>\n<p><a href='http:\/\/ski.inmontanis.info\/d\/300573-2\/DSC01677.jpg'><img src=http:\/\/ski.inmontanis.info\/d\/300572-3\/DSC01677.jpg \/><\/a><br \/>\n^ Bergstation mit fleigender Umlenkscheibe, hier sind auch noch ein paar rote Teile<\/p>\n<p><a href='http:\/\/ski.inmontanis.info\/d\/300577-2\/DSC01679.jpg'><img src=http:\/\/ski.inmontanis.info\/d\/300576-3\/DSC01679.jpg \/><\/a><br \/>\n^ <\/p>\n<p><a href='http:\/\/ski.inmontanis.info\/d\/300581-2\/DSC01680.jpg'><img src=http:\/\/ski.inmontanis.info\/d\/300580-3\/DSC01680.jpg \/><\/a><br \/>\n^ Eine seltene, &#8220;fliegende&#8221; Umlenkscheibe, die im Betrieb auch sch\u00f6n wackelt, vielleicht nicht so stark wie bei Poma-KSSL<\/p>\n<p><a href='http:\/\/ski.inmontanis.info\/d\/300585-2\/DSC01681.jpg'><img src=http:\/\/ski.inmontanis.info\/d\/300584-3\/DSC01681.jpg \/><\/a><br \/>\n^ R\u00fcckseitenpano<\/p>\n<p><a href='http:\/\/ski.inmontanis.info\/d\/300589-2\/DSC01682.jpg'><img src=http:\/\/ski.inmontanis.info\/d\/300588-3\/DSC01682.jpg \/><\/a><br \/>\n^ Bergstation<\/p>\n<p><a href='http:\/\/ski.inmontanis.info\/d\/300593-2\/DSC01685.jpg'><img src=http:\/\/ski.inmontanis.info\/d\/300592-3\/DSC01685.jpg \/><\/a><br \/>\n^ Das ehemalige Starthaus hat seine besten Zeiten auch hinter sich<\/p>\n<p><a href='http:\/\/ski.inmontanis.info\/d\/300597-2\/DSC01686.jpg'><img src=http:\/\/ski.inmontanis.info\/d\/300596-3\/DSC01686.jpg \/><\/a><br \/>\n^ Offpiste l\u00e4ge zwar genug Schnee, aber leider Bruchharsch<\/p>\n<p><a href='http:\/\/ski.inmontanis.info\/d\/300601-2\/DSC01688.jpg'><img src=http:\/\/ski.inmontanis.info\/d\/300600-3\/DSC01688.jpg \/><\/a><br \/>\n^ Wohl eine der ehemaligen rechten Abfahrten<\/p>\n<p><a href='http:\/\/ski.inmontanis.info\/d\/300605-2\/DSC01691.jpg'><img src=http:\/\/ski.inmontanis.info\/d\/300604-3\/DSC01691.jpg \/><\/a><br \/>\n^ Hier gings etwas besser zu fahren, aber man musste aufpassen<\/p>\n<p><a href='http:\/\/ski.inmontanis.info\/d\/300609-2\/DSC01692.jpg'><img src=http:\/\/ski.inmontanis.info\/d\/300608-3\/DSC01692.jpg \/><\/a><br \/>\n^ Oberer Hang<\/p>\n<p><a href='http:\/\/ski.inmontanis.info\/d\/300613-2\/DSC01693.jpg'><img src=http:\/\/ski.inmontanis.info\/d\/300612-3\/DSC01693.jpg \/><\/a><br \/>\n^ da unten links im Bild war wohl auch mal eine Abfahrt, da sind jetzt lauter kleine Nadelb\u00e4ume, keine Ahnung, ob man da noch irgendwie durchkommt<\/p>\n<p><a href='http:\/\/ski.inmontanis.info\/d\/300617-2\/DSC01694.jpg'><img src=http:\/\/ski.inmontanis.info\/d\/300616-3\/DSC01694.jpg \/><\/a><br \/>\n^ Nat\u00fcrliche Rinne oder die \u00fcblich-ehemalige Halfpipe?<\/p>\n<p><a href='http:\/\/ski.inmontanis.info\/d\/300621-2\/DSC01695.jpg'><img src=http:\/\/ski.inmontanis.info\/d\/300620-3\/DSC01695.jpg \/><\/a><br \/>\n^ \u00dcbungslift<\/p>\n<p><a href='http:\/\/ski.inmontanis.info\/d\/300625-2\/DSC01697.jpg'><img src=http:\/\/ski.inmontanis.info\/d\/300624-3\/DSC01697.jpg \/><\/a><br \/>\n^ Abfahrten<\/p>\n<p><a href='http:\/\/ski.inmontanis.info\/d\/300629-2\/DSC01698.jpg'><img src=http:\/\/ski.inmontanis.info\/d\/300628-3\/DSC01698.jpg \/><\/a><br \/>\n^ Der SSL hat nat\u00fcrlich auch eine fliegende Umlenkscheibe<\/p>\n<p><a href='http:\/\/ski.inmontanis.info\/d\/300633-2\/DSC01700.jpg'><img src=http:\/\/ski.inmontanis.info\/d\/300632-3\/DSC01700.jpg \/><\/a><br \/>\n^ Vor Mittag war der Trainingskurs von den wohl Senioren abgebaut. Unten im See eine nicht gefrorene, blaue Spur<\/p>\n<p><a href='http:\/\/ski.inmontanis.info\/d\/300637-2\/DSC01703.jpg'><img src=http:\/\/ski.inmontanis.info\/d\/300636-3\/DSC01703.jpg \/><\/a><br \/>\n^ Talstationen<\/p>\n<p><a href='http:\/\/ski.inmontanis.info\/d\/300641-2\/ge20220205c.jpg'><img src=http:\/\/ski.inmontanis.info\/d\/300640-3\/ge20220205c.jpg \/><\/a><br \/>\n^ GPS-Track, hab das alte Sat-Bild genommen, wo man die ehemaligen Abfahrten noch gut sieht. Das w\u00e4r schon nochmals viel interesanter gewesen, wenn man die noch h\u00e4tte fahren k\u00f6nnen, die beiden da oben&#8230;<\/p>\n<p>H\u00e4tte auch bis zum Schluss um 15 Uhr bleiben k\u00f6nnen, aber ich hatte ja noch einiges vor, in der Dunkelheit sich am Campingplatz zurechtfinden, ist nicht sch\u00f6n, war dann bis ich dort war um kurz vor 17 Uhr aber doch schon recht dunkel.<\/p>\n<p>Auf dem Weg in Mora also einkaufen, erst im Jula, einen bekannten Abwasserschlauch (zum Heizen) und mal ein 1m-Rohr gekauft (m\u00f6chte ich dann irgendwie unter den Beifahrersitz nach hinten am Boden entlang verlegen), dann gefragt wergen dem Y-Schraubenzieher, die hatten tatss\u00e4chlich den baugleichen Heizer, so dass ich einen Angestellten fragen und sie ihm zeigen konnte &#8211; der hat sowas auch noch nie gesehen, sagte er. Tja, dann lieber den teureren Heizer bei Biltema kaufen, statt diesen nochmal, sofern der normale Schrauben hat &#8230;<\/p>\n<p>Biltema h\u00e4tte vmtl. sogar ein passendes Werkzeug gehabt, aber das war ein 20er Set mit gro\u00dfer Box um 269 SEK, die genauso viel Platz br\u00e4uchte wie ein neuer Heizer, der hier 389,- kostet und normale Kreuzschlitz-Schrauben hat &#8211; und auch keine Umfallsicherung. Mit 700\/1200W ist er auch st\u00e4rker, zumnidest bei Stufe 1 (statt 500W), bei Stufe 2 wei\u00df ich jetzt nicht, ob meiner 1000W wie der von Jula oder 1300 oder so was hatte. Das mag bei weniger kalten Temperaturen nat\u00fcrlich nachteilig sein, mit den nun 700W.<\/p>\n<p>Im Auto getestet, ob alles funktioniert. Ja, aber.. also der Luftdurchsatz bei diesem Schuhtrockner ist schon ein Witz gegen\u00fcber dem Hedgehog-Teil. Da h\u00e4tte ich mir das mit dem Rohrkauf zuvor wohl sparen k\u00f6nnen, da wird hinten quasi nix mehr ankommen, f\u00fcrcht ich.<\/p>\n<p><a href='http:\/\/ski.inmontanis.info\/d\/300521-2\/DSC01713.jpg'><img src=http:\/\/ski.inmontanis.info\/d\/300519-3\/DSC01713.jpg \/><\/a><br \/>\n^ Skigebiet in R\u00e4ttvik, war ich mir unsicher, ob ich das morgen fahren m\u00f6chte oder nicht, entschied mich dagegen, weil ich nicht wusste, ob nur eine Abfahrt offen w\u00e4re und der Schnee f\u00fcr die anderen reichen t\u00e4te..<\/p>\n<p><a href='http:\/\/ski.inmontanis.info\/d\/300525-2\/DSC01716.jpg'><img src=http:\/\/ski.inmontanis.info\/d\/300524-3\/DSC01716.jpg \/><\/a><br \/>\n^ Einen sch\u00f6nen Blick h\u00e4tte man ja schon vom Skigebiet auf den gefrorenen Siljan-See, den man auch von Gesundaberget aus sieht<\/p>\n<p><a href='http:\/\/extra.inmontanis.info\/d\/74813-2\/DSC01714.jpg'><img src=http:\/\/extra.inmontanis.info\/d\/74812-3\/DSC01714.jpg \/><\/a><br \/>\n^ Derzeitige Treibstoffpreise in Schweden: Diesel um die 2,10-2,20 \u20ac, Benzin um die 1,90 \u20ac.<\/p>\n<p>Am Campingplatz im Skigebiet Bjurs\u00e5s angekommen, bekam ich leider einen etwas bl\u00f6den Platz, wo mein 15m-Stromkabel nur ziemlich gestreckt und ein bisschen in die Nebenfl\u00e4che parkend gereicht hatte. Sicherungsschleife am Dach konnte ich keine mehr legen und mit dem Kopf lieg ich quasi an der (nicht sehr viel befahrenen) Stra\u00dfe. Zudem sind die Service-H\u00e4user weiter weg von hier.<\/p>\n<p>Kosten: 350,- SEK inkl. Strom. WLAN gibts hier generell kostenlos und ohne Passwort, also f\u00fcr Campingplatzbesucher wie f\u00fcr Skifahrer.<\/p>\n<p>Der neue Auto-Heizl\u00fcfter hat auch einen gro\u00dfen Nachteil gegen\u00fcber dem alten: er ist wesentlich lauter. Dadurch evtl. h\u00f6herer Luftdurchsatz?<\/p>\n<p>Zum Schuhheizer: Recht kurze Schl\u00e4uche im Vergleich. Kann ich aber mit den alten ja verl\u00e4ngern. Einen Vorteil hat der neue ja: Er scheint eine Dauer-EIN-Stellung zu haben, somit kann ich ihn mit der bisher ungenutzten 3. fernbedienbaren Steckdose Ein-\/Ausschalten und k\u00f6nnte ihn so wohl auch die Nacht durchlaufen lassen. Das Ger\u00e4t und die Schl\u00e4uche strahlen durchaus viel W\u00e4rme ab, ab der Verl\u00e4ngerung dagegen kaum noch warm der (alte) Schlauch. \u00c4hnlich laut wie der neue Bodenheizer.<\/p>\n<p><a href='http:\/\/extra.inmontanis.info\/d\/74817-2\/DSC01721.jpg'><img src=http:\/\/extra.inmontanis.info\/d\/74816-3\/DSC01721.jpg \/><\/a><br \/>\n^ Neuer, billiger Schuhheizer. Ist qualitativ schon sp\u00fcrbar billiger.<\/p>\n<p><a href='http:\/\/extra.inmontanis.info\/d\/74821-2\/DSC01724.jpg'><img src=http:\/\/extra.inmontanis.info\/d\/74820-3\/DSC01724.jpg \/><\/a><br \/>\n^ Weil die neuen Schl\u00e4uche so kurz und nicht ausziehbar sind, muss ich sie alle mit den alten Schl\u00e4uchen verl\u00e4ngern. Dann aber eher zu lang.<\/p>\n<p><a href='http:\/\/extra.inmontanis.info\/d\/74825-2\/DSC01723.jpg'><img src=http:\/\/extra.inmontanis.info\/d\/74824-3\/DSC01723.jpg \/><\/a><br \/>\n^ Gyros Kebab und Semmeln f\u00fcr das noch vorhandene Tzatziki.<\/p>\n","protected":false},"excerpt":{"rendered":"<p>Sa, 5.2.2022<\/p>\n<p>(Aktuell ist&#8217;s etwas stressig, dass ich mit den Berichten hinterher komme, wenn ich nur 1-2 Tage in einem Gebiet bin..)<\/p>\n<p>Heute Morgen gleich mal ein extra Problem: Standheizung schaltete sich zu fr\u00fch pl\u00f6tzlich aus &#8211; Batterie tot. Was ich ja letzten Winter auch \u00f6fters hatte, wenn sie zu kalt war und ich die <a href=\"http:\/\/blog.inmontanis.info\/?p=7385\">[&#8230;]<\/a><\/p>\n","protected":false},"author":1,"featured_media":7389,"comment_status":"closed","ping_status":"closed","sticky":false,"template":"","format":"standard","meta":{"footnotes":""},"categories":[185,672,19,27],"tags":[45,47],"class_list":["post-7385","post","type-post","status-publish","format-standard","has-post-thumbnail","hentry","category-2021-08-skandinavien","category-gopshusbacken","category-schwedensweden","category-skifahren-winterskiing-winter","tag-see","tag-sl","odd"],"_links":{"self":[{"href":"http:\/\/blog.inmontanis.info\/index.php?rest_route=\/wp\/v2\/posts\/7385","targetHints":{"allow":["GET"]}}],"collection":[{"href":"http:\/\/blog.inmontanis.info\/index.php?rest_route=\/wp\/v2\/posts"}],"about":[{"href":"http:\/\/blog.inmontanis.info\/index.php?rest_route=\/wp\/v2\/types\/post"}],"author":[{"embeddable":true,"href":"http:\/\/blog.inmontanis.info\/index.php?rest_route=\/wp\/v2\/users\/1"}],"replies":[{"embeddable":true,"href":"http:\/\/blog.inmontanis.info\/index.php?rest_route=%2Fwp%2Fv2%2Fcomments&post=7385"}],"version-history":[{"count":2,"href":"http:\/\/blog.inmontanis.info\/index.php?rest_route=\/wp\/v2\/posts\/7385\/revisions"}],"predecessor-version":[{"id":7388,"href":"http:\/\/blog.inmontanis.info\/index.php?rest_route=\/wp\/v2\/posts\/7385\/revisions\/7388"}],"wp:featuredmedia":[{"embeddable":true,"href":"http:\/\/blog.inmontanis.info\/index.php?rest_route=\/wp\/v2\/media\/7389"}],"wp:attachment":[{"href":"http:\/\/blog.inmontanis.info\/index.php?rest_route=%2Fwp%2Fv2%2Fmedia&parent=7385"}],"wp:term":[{"taxonomy":"category","embeddable":true,"href":"http:\/\/blog.inmontanis.info\/index.php?rest_route=%2Fwp%2Fv2%2Fcategories&post=7385"},{"taxonomy":"post_tag","embeddable":true,"href":"http:\/\/blog.inmontanis.info\/index.php?rest_route=%2Fwp%2Fv2%2Ftags&post=7385"}],"curies":[{"name":"wp","href":"https:\/\/api.w.org\/{rel}","templated":true}]}}