{"id":7375,"date":"2022-02-01T20:08:27","date_gmt":"2022-02-01T19:08:27","guid":{"rendered":"http:\/\/blog.inmontanis.info\/?p=7375"},"modified":"2023-08-05T12:37:27","modified_gmt":"2023-08-05T10:37:27","slug":"salen-bilderschwerpunkt-hogfjallet-28-1-1-2-2022","status":"publish","type":"post","link":"http:\/\/blog.inmontanis.info\/?p=7375","title":{"rendered":"S\u00e4len (Bilderschwerpunkt H\u00f6gfj\u00e4llet), 28.1.-1.2.2022"},"content":{"rendered":"<p><strong>Fr, 28.1.2022<\/strong><\/p>\n<p>Heute stand endlich H\u00f6gfj\u00e4llet am Plan, das Gebiet zwischen Tand\u00e5dalen und Lindvallen, das mit Lindvallen verbunden ist. Aber das Parken dort kapierte ich nicht, da andere Parkzone, die im Skipass nicht inkludiert sein soll, trotzdem soll hier zumindest tags\u00fcber freies parken sein, aber evtl. muss man sich dann doch in der App registrieren und Start und Stopp machen? Ist mir zu bl\u00f6d, wenn man sich da ggf. komplett registrieren muss. Bin also nach Lindvallen gefahren und dann eben r\u00fcber mit den Verbindungsliften.<\/p>\n<p>War bisher Lindvallen das unsympathischste mir bekannte Skistar-Skigebiet, wird es durch die Verbindung nach und H\u00f6gfj\u00e4llet selbst nochmals unterboten. Also so eine bescheuerte Verbindung. Von Lindvallen nach H\u00f6gfj\u00e4llet viel Schieberei, dann eine sinnlose 3SB retour, die man aber nicht in beiden Richtungen fahren kann (stattdessen wieder Schieben) und der SL, der in beiden RIchtungen zum Schluss geht, lang und lahm. Retour wars sp\u00e4ter etwas angenehmer.<\/p>\n<p>In H\u00f6gfj\u00e4llet der Dreifach-SL als Hauptlift auch nicht sehr schnell und eher flach alles. Es g\u00e4b dann nochmals einen Verbindungslift zu zwei linken recht neuen SL, allesamt wohl nur, um die H\u00fctten zu erreichen, aber .. der Verbindungslift flach gebaut, dass man ihn in beiden Richtungen fahren k\u00f6nnte, aber nur in eine Richtung fahren darf &#8211; in die andere m\u00fcsste man dann wieder ein paar hundert Meter schieben? Nein, das war dann endg\u00fcltig zu viel, das tat ich mir nicht mehr an.<\/p>\n<p>Was bin ich froh, dass der Campinglpatz an den interessanteren Gebieten von S\u00e4len, Tand\u00e5dalen-Hundfj\u00e4llet ist. Auch wenn die Verbindung dazwischen besser sein k\u00f6nnte, weil man zwischen zwei Verbindungsliften in beiden Richtungen ein zu langes St\u00fcck schieben muss, ist es in Summe doch sch\u00f6ner als Lindvallen oder Lindvallen-H\u00f6gfj\u00e4llet. Wobei die insb. derzeit geschlossenen Abfahrten am ganz rechten SL in Lindvallen schon sehr nett sind, bin ich heut auch nochmals gefahren.<\/p>\n<p>Leider war es nur bis Mittag sonnig und nachmittags bald windiger bei -5\u00b0, wodurch es mir nicht lange gefiel und ich fr\u00fch aufh\u00f6rte. Die Verbindung Lindvallen-H\u00f6gfj\u00e4llet werde ich jedenfalls nicht mehr fahren und deshalb und wegen des fragw\u00fcrdigen Parkens folglich auch nicht mehr nach H\u00f6gfj\u00e4llet fahren. Lindvallen werd ich wohl am Abreisetag nochmals mitnehmen, dazwischen wohl eher auch nicht. Bleib ich lieber am Campingplatz stehen und geh ggf. mal zu Fu\u00df zum Einkaufen, falls n\u00f6tig. <\/p>\n<p><a href='http:\/\/extra.inmontanis.info\/d\/74773-2\/DSC01548.jpg'><img src=http:\/\/extra.inmontanis.info\/d\/74772-3\/DSC01548.jpg \/><\/a><br \/>\n^ Schneer\u00e4umung in Skandinavien wirkt oft etwas eigenartig.<\/p>\n<p><a href='http:\/\/ski.inmontanis.info\/d\/300293-2\/DSC01549.jpg'><img src=http:\/\/ski.inmontanis.info\/d\/300292-3\/DSC01549.jpg \/><\/a><br \/>\n^ Verbindungsabfahrt Lindvallen-H\u00f6gfj\u00e4llet, sehr flach und sp\u00e4ter l\u00e4nge Schiebest\u00fccke<\/p>\n<p><a href='http:\/\/ski.inmontanis.info\/d\/300297-2\/DSC01551.jpg'><img src=http:\/\/ski.inmontanis.info\/d\/300296-3\/DSC01551.jpg \/><\/a><br \/>\n^ Verbindungs-SL Vesslan links richtung Lindvallen und gegen\u00fcber 3SB Renen. Die dortige Abfahrt ist ebenfalls sehr flach und schiebelastig<\/p>\n<p><a href='http:\/\/ski.inmontanis.info\/d\/300301-2\/DSC01552.jpg'><img src=http:\/\/ski.inmontanis.info\/d\/300300-3\/DSC01552.jpg \/><\/a><br \/>\n^ Verbindungs-SL \u00c4lgen richtung H\u00f6gfj\u00e4llet<\/p>\n<p><a href='http:\/\/ski.inmontanis.info\/d\/300305-2\/DSC01553.jpg'><img src=http:\/\/ski.inmontanis.info\/d\/300304-3\/DSC01553.jpg \/><\/a><br \/>\n^ Verbindungs-SL \u00c4lgen und 3SB Renen<\/p>\n<p><a href='http:\/\/ski.inmontanis.info\/d\/300309-2\/DSC01554.jpg'><img src=http:\/\/ski.inmontanis.info\/d\/300308-3\/DSC01554.jpg \/><\/a><br \/>\n^ Mir unerkl\u00e4rlich, wie dieser runterh\u00e4ngende Teller um die Umlenkscheibe am Berg gekommen ist &#8211; also insbesondere die \u00dcberfahrsicherung\/Rei\u00dfleine nicht gezogen hat?!<\/p>\n<p><a href='http:\/\/ski.inmontanis.info\/d\/300313-2\/DSC01558.jpg'><img src=http:\/\/ski.inmontanis.info\/d\/300312-3\/DSC01558.jpg \/><\/a><br \/>\n^ Den langen und langsamen Verbindungs-SL Illern kann man in beiden Richtungen fahren, wenigstens mal einer.<\/p>\n<p><a href='http:\/\/ski.inmontanis.info\/d\/300317-2\/DSC01561.jpg'><img src=http:\/\/ski.inmontanis.info\/d\/300316-3\/DSC01561.jpg \/><\/a><br \/>\n^ H\u00f6gfj\u00e4llet, die Haupt-SL Vargen, gegen\u00fcber die \u00dcbungslifte<\/p>\n<p><a href='http:\/\/ski.inmontanis.info\/d\/300321-2\/DSC01562.jpg'><img src=http:\/\/ski.inmontanis.info\/d\/300320-3\/DSC01562.jpg \/><\/a><br \/>\n^ SL Vargen, nur der mittlere war heute in Betrieb<\/p>\n<p><a href='http:\/\/ski.inmontanis.info\/d\/300325-2\/DSC01563.jpg'><img src=http:\/\/ski.inmontanis.info\/d\/300324-3\/DSC01563.jpg \/><\/a><br \/>\n^ SL Vargen<\/p>\n<p><a href='http:\/\/ski.inmontanis.info\/d\/300329-2\/DSC01564.jpg'><img src=http:\/\/ski.inmontanis.info\/d\/300328-3\/DSC01564.jpg \/><\/a><br \/>\n^ Abfahrten rechts am SL Vargen<\/p>\n<p><a href='http:\/\/ski.inmontanis.info\/d\/300333-2\/DSC01566.jpg'><img src=http:\/\/ski.inmontanis.info\/d\/300332-3\/DSC01566.jpg \/><\/a><br \/>\n^ Gegen\u00fcber die \u00dcbungs- und H\u00fcttenlifte; links die SL Bj\u00f6rnen und R\u00e4ven<\/p>\n<p><a href='http:\/\/ski.inmontanis.info\/d\/300337-2\/DSC01568.jpg'><img src=http:\/\/ski.inmontanis.info\/d\/300336-3\/DSC01568.jpg \/><\/a><br \/>\n^ Von den SL Bj\u00f6rnen und R\u00e4ven f\u00fchrt dieser Verbindungs-SL J\u00e4rven retour, aber zu den SL darf man den SL nicht fahren, da muss man schieben? Nein, nicht mit mir, genug geschoben heute.<\/p>\n<p><a href='http:\/\/ski.inmontanis.info\/d\/300341-2\/DSC01569.jpg'><img src=http:\/\/ski.inmontanis.info\/d\/300340-3\/DSC01569.jpg \/><\/a><br \/>\n^ SL Vargen, konnten auch nicht \u00fcberzeugen<\/p>\n<p><a href='http:\/\/ski.inmontanis.info\/d\/300345-2\/DSC01571.jpg'><img src=http:\/\/ski.inmontanis.info\/d\/300344-3\/DSC01571.jpg \/><\/a><br \/>\n^ SL Vargen, links SL Minken, dahinter SL M\u00e5rden, rechts Verbindungs-SL Illern<\/p>\n<p><a href='http:\/\/ski.inmontanis.info\/d\/300349-2\/DSC01573.jpg'><img src=http:\/\/ski.inmontanis.info\/d\/300348-3\/DSC01573.jpg \/><\/a><br \/>\n^ Verbindungs-3SB Renen. Warum hier eine 3SB und kein SL steht, muss man auch nicht verstehen. An der Bergstation gibts keine Einstiegsm\u00f6glichkeit zur Talfahrt. Die Abfahrt ist auch sehr flach und schiebelastig<\/p>\n<p><a href='http:\/\/ski.inmontanis.info\/d\/300353-2\/DSC01574.jpg'><img src=http:\/\/ski.inmontanis.info\/d\/300352-3\/DSC01574.jpg \/><\/a><br \/>\n^ Verbindungs-SL Vesslan, dann endlich wieder in Lindvallen. Obwohl er so flach ist, macht die Abfahrt auch noch einen Bogen und ist noch flacher.<\/p>\n<p><a href='http:\/\/ski.inmontanis.info\/d\/300357-2\/DSC01575.jpg'><img src=http:\/\/ski.inmontanis.info\/d\/300356-3\/DSC01575.jpg \/><\/a><br \/>\n^ Hotel B\u00fcgelhof und Restaurant Winter. Einfallslose Namen?<\/p>\n<p><a href='http:\/\/ski.inmontanis.info\/d\/300365-2\/ge20220128.jpg'><img src=http:\/\/ski.inmontanis.info\/d\/300364-3\/ge20220128.jpg \/><\/a><br \/>\n^ GPS-Tracks Lindvallen-H\u00f6gfj\u00e4llet<br \/>\nBlau 24.1., T\u00fcrkis 28.1., Magenta die SL in H\u00f6gfj\u00e4llet, die ich heute nicht gefahren bin, wobei die Position der SL rechts unten nur gesch\u00e4tzt ist. Verbindung Luftlinie: 3,1km. Mit dem Skibus ist man schneller.<\/p>\n<p>Das Internet am Campingplatz ist heute leider nervig. Empfang eh schon immer schwach, aber heute am PC laufend Verbindungsabbr\u00fcche. Aber auch via Handy und USB-Tethering nicht besser. Wobei die Verbindungsabbr\u00fcche auch generell am Handy h\u00e4ufig sind.<\/p>\n<p>F\u00fcr morgen waren gestern noch 16cm Schnee angek\u00fcndigt, fing aber bereits abends zu schneien an und soll dann weniger geben.<\/p>\n<p>In der N\u00e4he ist ja auch das Skigebiet N\u00e4sfj\u00e4llet, das ich letzten April besucht hatte und fast alleine dort war. Die haben lt. Homepage momentan wegen der &#8220;Pandemie&#8221; nicht offen und der letzte Facebokok-Eintrag ist von April. Also wer weiss, ob die \u00fcberhaupt nochmal aufmachen, vielleicht dann ab den Ferien, ansonsten gut, dass ich das im April noch geschafft hatte.<\/p>\n<p><strong>Sa, 29.1.2022<\/strong><\/p>\n<p>Es gab Tage, da war der Schneer\u00e4umer schon bei Dunkelheit hier am Campingplatz unterwegs. Heute hat er sich wohl auf eine Seite konzentriert und nicht erst generell die Wege durchgefahren, denn die Stra\u00dfe von mir zum Toilettenhaus war auch um 8:30 noch nicht ger\u00e4umt\/verfestigt und somit etwas tief. Wobei sich der Schnee am Auto recht nass anf\u00fchlte.<\/p>\n<p>Ich zerlegte nochmals den Schuhtrockner\/heizer, ob ich irgendeinen Kabeldefekt sehen w\u00fcrde und wollte testen, ob er ohne den Temperatursensor laufen w\u00fcrde &#8211; was er dann nicht tat, d.h. der ist wohl nicht defekt. Also irgendwas anderes defekt, das \u00fcbersteigt dann meine Elektronikkenntnisse. <\/p>\n<p>Im Supermarkt gestern h\u00e4tte es einen Auto-Heizer gegeben,sogar zwei verschiedene Modelle, der g\u00fcnstige um unter 30 \u20ac. Aber damit bekomm ich den unteren Beifahrerbereich mit den Skischuhen ja auch nicht warm vormittags. Ansonsten k\u00f6nnte man ihn nat\u00fcrlich wahlweise da hinstellen, wo man ihn br\u00e4uchte, also auch mal nach hinten.   <\/p>\n<p>Nach 9 uhr setzte der Schneefall wieder ein, f\u00fcr nachmittags ist Regen gemeldet. N\u00e4chste Woche soll es wieder k\u00e4lter werden, runter bis -13\u00b0 oder -16\u00b0.  Danach k\u00e4m ich vmtl. in Mora vorbei und k\u00f6nnte da wegen eines anderen Billig-Schuhtrockners mal schauen, insb. wie gro\u00df die sind. <\/p>\n<p>Heute jedenfalls war der Schnee nass und pappig und knapp \u00fcber 0\u00b0 im Skigebiet. Mehr oder weniger Schneefall, nach 1h war meine Jacke recht nass. Gegen 13 Uhr dann auch mal aufgeh\u00f6rt zu schneien und st\u00e4rkerer Wind oben, aber lt. Skibrille gab es keinen Trocknungseffekt &#8211; vmtl. durch Nebel zu viel Luftfeuchte.<\/p>\n<p>Daher h\u00f6rte ich um kurz vor 14 Uhr auf. Hab zwar am Campingplatz noch nix von einem Waschmaschinenraum gesehen, aber es gibt eine H\u00fctte mit Trockenr\u00e4umen im Zentrum. Ging also gleich nach dem Skifahren r\u00fcber und lie\u00df Jacke, Skihose und Handschuhe dort. Kaum retour am Auto und im Auto fing es st\u00e4rker zu regnen bzw schneeregnen an. Da hab ich ja noch rechtzeitig aufgeh\u00f6rt &#8211; bevor auch die Sachen unter der Skikleidung nass geworden w\u00e4ren&#8230;<\/p>\n<p>Da will ich ja gar nicht meinen nachmitt\u00e4glichen Toilettenbesuch machen, den ich mach, bevor ich dann im Auto nach hinten gehe und den Tisch aufbau. Sonst hab ich ja wieder eine nasse (andere) Jacke &#8211; und es regnete gerade heftig. Allerdings wollte ich auch noch etwas Wasser holen, mit dem ich die Zitronen\/Himbeer\/Erdbeer-Limos mische &#8211; damit ich nicht zu h\u00e4ufig welche einkaufen muss und weil man sie  1:1 bis 1:3 problemlos mischen kann und sie immer noch genug schmecken. Da musste dann eben das alte Wasser aus der &#8220;Nudelwasserflasche&#8221; dran glauben.<\/p>\n<p>Wei\u00df nicht, ob ich das mal erw\u00e4hnt hatte, aber die diversen Brotsorten\/Hotdogsemmeln, die ich mir so kauf, sind stets in einer Plastikt\u00fcte eingepackt &#8211; die verwende ich danach als M\u00fcllbeutel und zeitlich ist das relativ ident, also ein paar Tage reicht mir das Brot, und ca. gleich lang, evtl. meist etwas l\u00e4nger, reichen mir dann die Beutel als M\u00fcllbeutel. Alternativ verwend ich die Beutel auch im K\u00fchlschrank, um offene Packungen Wurst\/K\u00e4se\/etc. etwas einzupacken (verschlossen mit der Klammer, mit der die Brotbeutel  urspr\u00fcnglich verschlossen sind).<\/p>\n<p>H\u00e4tte ja noch das (nicht mehr so ganz tiefgek\u00fchlte) Fertiggericht im K\u00fchlschrank, aber die ebenfalls gestern gekauften Mezzelune mit Pilzen und Tr\u00fcffel samt Smetana als geplante Sauce hatten mich heute mehr gereizt. Und sind ja eh auf 2x zu essen, aber dann doch etwas zu wenig. Rest dann also \u00dcbermorgen mit anderen Nudeln erg\u00e4nzt.<\/p>\n<p><a href='http:\/\/extra.inmontanis.info\/d\/74777-2\/DSC01576.jpg'><img src=http:\/\/extra.inmontanis.info\/d\/74776-3\/DSC01576.jpg \/><\/a><\/p>\n<p>WLAN-Empfang heute leider so m\u00fcllig wie gestern.<\/p>\n<p>&#8212;<\/p>\n<p>\u00d6sterreich im Impfwahn &#8211; kommen dmen\u00e4chst weitere Impfpflichten?<br \/>\n<a href='https:\/\/orf.at\/#\/stories\/3245477\/'>https:\/\/orf.at\/#\/stories\/3245477\/<\/a><\/p>\n<p>Im Original-Artikel wird aber noch etwas gesagt, was  vom \u00f6sterreichischen Propagandafunk nat\u00fcrlich nicht mit zitiert wird, n\u00e4mlich: &#8220;Eine gruppenspezifische Impfpflicht f\u00fcr das Personal in Spit\u00e4lern, Altersheimen, Schulen, k\u00f6rpernahen Dienstleistungen sowie f\u00fcr Menschen \u00fcber 55 Jahren h\u00e4tte sie jedoch einer allgemeinen Impfpflicht vorgezogen.&#8221;<\/p>\n<p><a href='https:\/\/www.profil.at\/oesterreich\/druml-startschuss-fuer-weitere-impfpflichten\/401887859'>https:\/\/www.profil.at\/oesterreich\/druml-startschuss-fuer-weitere-impfpflichten\/401887859<\/a><\/p>\n<p>Derweil der \u00f6sterreichische Verfasssungsgerichtshof endlich mal die richtigen Fragen stellt &#8211; was eigentlich die Journalisten der gro\u00dfen Medien machen sollten, es aber nicht tun. Und wenn die Infos der &#8220;alternativen Medien&#8221; stimmen und die Regierung bei den Antworten nicht komplett l\u00fcgt oder die Antworten verweigert, k\u00f6nnten endlich mal ein paar Wahrheitenn auf den Tisch kommen:<\/p>\n<p><a href='https:\/\/e1.pcloud.link\/publink\/show?code=XZp25pZWTia9mFmm8XA4KNvNJCyr0gptPOy'>https:\/\/e1.pcloud.link\/publink\/show?code=XZp25pZWTia9mFmm8XA4KNvNJCyr0gptPOy<\/a><\/p>\n<p><strong>30.1.2022<\/strong><\/p>\n<p>Da ich eh zum Trockenraum musste, mein Zeug von gestern holen, k\u00f6nnte man ja auch gleich dort duschen und die Handt\u00fccher aufh\u00e4ngen? Nun, ich hab dort keine Duschen gefunden, wo sie laut Plan h\u00e4tte sein sollen. Also im anderen Servicegeb\u00e4ude (n\u00e4her an meinem Auto) geduscht und die Handt\u00fccher im Auto liegen lassen, wie \u00fcblich.<\/p>\n<p>Gestern Abend fing es an und die Nacht verlief recht gest\u00f6rt: zeitweise starke Windb\u00f6en.<\/p>\n<p>Um 9:30 waren mal nur s\u00e4mtliche Sessellifte wg. Wind au\u00dfer Betrieb und nur der obere SL in Hundfj\u00e4llet, die anderen SL liefen. Bis ich in Hundfj\u00e4llet war, den Kurven-SL rauf fuhr, war aber auch der obere SL neben dem 8-Bubble au\u00dfer Betrieb. Der Gipfellift an der anderen 8KSB lief noch, aber sehr langsam, und die Abfahrt musste man bei dem Gegenwind eher runterschieben. <\/p>\n<p><a href='http:\/\/ski.inmontanis.info\/d\/300361-2\/DSC01579.jpg'><img src=http:\/\/ski.inmontanis.info\/d\/300360-3\/DSC01579.jpg \/><\/a><br \/>\n^ Der Toppliften in Hundfj\u00e4llet fuhr &#8211; wie so viele &#8211; wegen dem Wind langsamer, aber er fuhr noch als einziger hier so hoch hinauf. Aber auch nicht mehr lang. Die leichte Abfahrt musste man wegen Gegenwind runterschieben.<\/p>\n<p>Nach den Verbindungsliften muss man in Tandadalen ja entweder zum eingez\u00e4unten Zugangsbereich der 6KSB aufsteigen oder zu einem F\u00f6rderband r\u00fcberschieben. Das war heut auch au\u00dfer Betrieb, die KSB ja wegen Wind sowieso, also musste man zu den n\u00e4chsten SL raufgehen. Die auch sehr langsam fuhren bei dem Wind. Wegen Eis auf den Treppen zum WC bin ich auch noch auf den Hintern gefallen. Pisten waren hier auch eisiger als dr\u00fcben in Hundfj\u00e4llet.<\/p>\n<p>Trotz des sonnigen und nicht kalten Wetters (-2\u00b0) h\u00f6rte ich um 13 Uhr total genervt auf. Auch wenn Sitzen jetzt noch unangenehmer ist :(<\/p>\n<p>&#8220;Hat er was zum Eincremen f\u00fcr seine Schmerzen&#8221;? Ja, Murmelin hab ich dabei.<\/p>\n<p>Die n\u00e4chsten Tage ist weniger Wind, daf\u00fcr mal wieder eisige Temperaturen gemeldet, die auch mal zweistellig werden k\u00f6nnen. (Wurden es dann aber nicht oder nur selten oder die Anzeigen waren falsch.)<\/p>\n<p>Da ich nun die Skigebiete weiter \u00f6stlich &#038; s\u00fcdlich durchgegangen bin und mich prinzipiell dazu entschlossen hab, nicht viel weiter s\u00fcdlicher zu fahren, d.h. oberhalb von dem gro\u00dfen V\u00e4nnern-See bleiben m\u00f6chte (auch wenn ich das kleine Mullsj\u00f6 weiter s\u00fcdlich ja gern im Winter besucht h\u00e4tte nach meinem Sommerbesch, es scheint mir nicht so viel lohnenswertes dann auf dem Weg bzw. in der Gegend zu sein, insb. eingedenk der \u00d6ffnungsthematik, wo viele kleine dann nur am WE offen sind, weil gerade noch keine Ferien dort oder weil kein Schnee oder was auch immer..) &#8211; also, was ich sagen will, es bleiben dann leider weit weniger Gebiete \u00fcbrig, als gedacht. Klar, k\u00f6nnte man das eine oder andere dann noch unter der Woche abends mitnehmen, aber ob sich das dann so lohnt &#8230;<\/p>\n<p>Einige von denen Einzelliften fallen auch aus, weil man anscheinend nur mit Swish zahlen kann, andere weil sie ein komisches eigenes Handsfreessytem verwenden und wie schon gesagt, 3 mittlerweile leider geschlossene Skigebiete mit Graffer-SL. Ein Graffer-SL oder ein KSSL w\u00e4ren nat\u00fcrlich jeweils ein guter Besuchsgrund gewesen. L\u00e4ge mehr Naturschnee, k\u00f6nnte man da ggf. auch jeweils eine Skitour einlegen.<\/p>\n<p>Grundlegend w\u00e4re damit jetzt aber trotzdem bis inkl. der zweiten M\u00e4rzwoche (KW 10) alles mehr oder weniger geplant. Nat\u00fcrlich noch keine Unterk\u00fcnfte. Vielleicht passen die Temperaturen ja auch, um ein paar Tage frei zu stehen?<\/p>\n<p>\u00dcbrigens, am Toilettenhaus h\u00e4ngen auch Besen, Schneeschaufeln und (gro\u00dfe) Leitern, was man sich also ausleihen kann.<\/p>\n<p><strong>31.1.2022<\/strong><\/p>\n<p>Da es ja etwas k\u00e4lter ist, hab ich mal meinen kaputten Schuhheizer wieder aktiviert, da ich gemerkt hab, dass, wenn ich den Bodenheizer vormittags nach vorne gerichtet auf Stufe 2 hab, der Armaturenbrettbereich recht warm wird -> dadurch bekommt der Schuhheizer also etwas warme Luft, die ich dann in den Beifahrerfu\u00dfraum str\u00f6men lassen kann, damit hoffentlich die Skischuhschalen etwas weniger kalt sind. In kalten Strolz-Skischuhen ist Einsteigen sonst eine Qual. Jedenfalls sp\u00fcrt man durchaus lauwarme Luft rauskommen.<\/p>\n<p>Die Pisten durch den Regen und den nun wieder k\u00e4lteren Temperaturen nat\u00fcrlich sehr eisig, au\u00dfer dort, wo sie knollig sind. Was mir im Zweifel dann lieber war.<\/p>\n<p>Gar so weh wie gestern tut mir mein Hintern\/R\u00fccken heute auch nicht mehr.<\/p>\n<p>Meine Ski k\u00f6nnten ja auch mal wieder einen Service ben\u00f6tigen. Komplett scheint das in Schweden \u00fcblicherweise um die 45-60 \u20ac zu kosten. In den Skistarshops soll man als Saisonkarteninhaber 20% Rabatt bekommen bzw. ab 3-Tagesp\u00e4sse 40% auf das Service ohne Belagsausbesserung. Aber die werd ich wohl bei beiden Paaren ben\u00f6tigen. Allerdings ist das mal wieder insofern etwas bl\u00f6d hier, weil ich ja dann zu Fu\u00df vom Shop zum Campingplatz muss &#8211; bzw. am n\u00e4chsten Tag auch wieder zu Fu\u00df dort hin. Au\u00dfer ich nehm dann die anderen Ski mit und am \u00fcbern\u00e4chsten Tag als Abreisetag k\u00f6nnte ich ja mit dem Auto hin. <\/p>\n<p>&#8212;<br \/>\n\u00dcber die geplante europ\u00e4ische digitale Identit\u00e4t:<br \/>\n<a href='https:\/\/corona-transition.org\/ursula-von-der-leyen-beschleunigt-den-weg-zur-europaischen-digitalen-identitat'>https:\/\/corona-transition.org\/ursula-von-der-leyen-beschleunigt-den-weg-zur-europaischen-digitalen-identitat<\/a><br \/>\n .. also einige Sachen w\u00fcrd ich jetzt nicht so negativ sehen, aber andere, die dadurch m\u00f6glich werden, w\u00fcrde ich mir nicht w\u00fcnschen .. <\/p>\n<p><strong>1.2.2022<\/strong><\/p>\n<p>Fuhr heute mit dem gro\u00dfen Rucksack los, da ich ja nachmittags einkaufen wollte. All zu lang hielt ich&#8217;s nicht aus, nochmals etwas k\u00e4lter (lt. Anzeigen aber nur -8\u00b0?!), weiterhin eisige Pisten, dazu gefrierender Nebel (bl\u00f6d bei der Skibrille) und sp\u00e4ter etwas Schneefall. <\/p>\n<p>Ich sah also mal beim Skistar-Shop vorbei und wollte an einem Preisschild schauen oder fragen, was das Skiservice kosten w\u00fcrde (f\u00fcr Saisonkarteninhaber). Aber Sportgesch\u00e4fte in Skigebieten sind in Coronazeiten in Schweden etwas problematisch, denn viele verlangen eine Vorbuchung. In Duved war ein Tablet an einem St\u00e4nder am Eingang, wo man sich vmtl. eine Nummer ziehen musste. Hier schien es komplizierter zu sein, der Eingang prinzipiell mit einem gro\u00dfen Tisch versperrt, hinter dem eine Mitarbeitern war. Ob man da Nummern kriegt oder ob die nur z\u00e4hlt, wieviel drin sind, oder ob man drinnen noch eine Nummer braucht, keine Ahnung, hinter der T\u00fcr sah man etliche Displays mit Nummeranzeigen und immer wieder standen ein paar Leute au\u00dfen. <\/p>\n<p>Also mir mal wieder alles zu bl\u00f6d, da kommt man sich als Bettler und nicht als K\u00f6nig vor, vielleicht wird das sp\u00e4ter im Laufe der Saison noch angenehmer. Dann zu Fu\u00df zum Supermarkt, bissl was eingekauft (war teurer hier), in den Rucksack und nochmals eine kleine Runde auf den Skiern gemacht, um leichter zum Campingplatz zu kommen.<\/p>\n<p>Im Auto etwas k\u00e4lter als die letzten Tage, nur 1\u00b0 lt. Thermometer vorne. Ich stell dann den Heizer erst aufs Bett, schr\u00e4g hinter\/neben den Sitz und nach hinten gerichtet, auf Stufe 2 (1300W), um den hinteren bzw. oberen Bereich etwas aufzutauen, Stra\u00dfenschuhe auf&#8217;s Bett vor dem Heizer (sind ja momentan nicht dreckig, maximal nass), um diese aufzuw\u00e4rmen, bevor ich die Skischuhe auszieh. Danach kommt der Heizer, wie vormittags, einige Zeit in den Bodenbereich auf Stufe 2 nach vorne gerichtet. Dann geht&#8217;s irgendwann noch aufs WC, ggf. Getr\u00e4nkewasser nachf\u00fcllen und dann zur\u00fcck wird der Heizer unten wieder nach hinten umgedreht und auf Stufe 1 gestellt (au\u00dfer es ist von der K\u00e4lte noch etwas auf Stufe 2 n\u00f6tig, ist aber dann schwer umzustellen von hinten, erst recht, wenn der Tisch aufgebaut ist).<\/p>\n<p>Bett hochgeklappt und dann wird noch etwas die Sitzheizung eingeschaltet, die h\u00e4ngt halt an der Batterie. Und die letzten Tage wieder die Heizeinlagen der Hausschauhe zeitweise verwendet, weil der Fu\u00dfbodenbereich bei Heizer Stufe 1 nicht so warm wird, da der Heizer nicht so tief die Luft ausl\u00e4sst bzw. da ja ein bisschen was unterm Sitz im Weg ist.<\/p>\n<p>Eingekauft wieder die bekannten Kartoffeln, dazu mal H\u00fchnchenkebapst\u00fccke, die auch tiefgefroren waren, mal schaun, wie die schmecken. Da ich noch Smetana da hatte und ja auch noch von dem Tikka-Masala-Pulver, gabs eben daraus heute ein bisschen derartige Sauce dazu.<\/p>\n<p>Na witzig: Das Chicken-Kebap schmeckt trotz Aufschrift &#8220;Kebap-Gew\u00fcrz&#8221; irgendwie .. eher nach Gyros?! Da h\u00e4tte auch mal gut ein Tzatziki gepasst. Gibt&#8217;s auch fast immer in den Superm\u00e4rkten.<\/p>\n<p>Foto h\u00e4tte ich auch gemacht, aber aus einem unbekannten Grund hat die Cam die Fotos von heute und auch von morgen nicht auf die SD-Karte gespeichert, wie ich beim R\u00fcberkopieren f\u00fcr diesen Bericht bemerkt hatte. Wieder in die Cam eingesteckt, Testbild gemacht, hat funktioniert. Naja, viel hab ich am 2.2. ja auch nicht fotografiert, glaub nur 1 Bild im Skigebiet.<\/p>\n<p>Da ich mit der Amazon-Prime-Bildqualit\u00e4t \u00fcber den HDMI-Ausgang von meinem Handy zum Projektor nicht wirklich zufrieden bin &#8211; schaut wie 12-Bit-Farben oder so aus &#8211; und ein Rotton zum grellen Magenta wird &#8211; wobei ich nicht wei\u00df, ob das an der Prime App, dem Handy, dem Kabel oder dem Projektor liegt. Au\u00dferdem st\u00f6rt es mich, dass der Handybildschirm w\u00e4hrend des HDMI-Kabels laufend an ist. Kostet ja nur unn\u00fctz Lebenszeit. Meine anderen beiden Handys unterst\u00fctzen leider hardwarebedingt kein einfaches USB-C-HDMI-Kabel, da br\u00e4uchte es teurere Speizalkabel, die ich mir nicht kaufen wollte. Jedenfalls hab ich mich daher mal mit Mediaplayern besch\u00e4ftigt.<\/p>\n<p>.. aber es scheint mal wieder nur M\u00fcll unterwegs zu sein und einem Steine in den Weg gelegt zu werden. Da gibt es kleine HDMI-Sticks, die nur eingebauten Speicher haben, also nicht erweiterbar sind, und mit 40 \u20ac recht g\u00fcnstig w\u00e4ren. H\u00e4tte man ja auch einen kleinen MicroSD-Kartenleser noch mit einbauen k\u00f6nnen, oder? Nope. Und ob man Prime-Titel da runterladen kann? Nix brauchbares zu finden. Am FireStick von Amazon geht der Download wohl mal nicht. \u00dcberhaupt schreibt Amazon beim Downloaden der Videotitel nur was von Telefonen und Tablets &#8211; nix von TV-Mediaplayern oder Android TV. Und die Prime-App f\u00fcr Android TV im Google Play Store ist auch miserabelst bewertet von den Usern: 1.8 im Durchschnitt. Und lt. Amazon-Website funktioniert ein Streamen von am Handy downgeloadeten Titeln auch nicht via Chromecast o.\u00e4. Also gut m\u00f6glich, dass die Prime-App dann auch die Qualit\u00e4t via HDMI-Kabel verringert, erst recht bei downgeloadeten Titeln?<\/p>\n<p>Ich mein, so ein Mediaplayer hat f\u00fcr mich sowieso mehrere Nachteile, 1. wenn ich immer wieder in neuen WLANs bin, muss man ja umst\u00e4ndlich mit der Fernbedienung (oder einer Tastatur, die man nicht immer anschlie\u00dfen kann), das Passwort eingeben. Nun sind WLANs auf Campingpl\u00e4tzen, Hotels usw. manchmal recht bescheiden zum Streamen, weshalb ich eben lieber Titel downloade und dann anschaue anstatt zu streamen. Dazu &#8211; und auch beim Streamen \u00fcbers Handynetz &#8211; w\u00fcrd ich auch generell gern selbst und jederzeit entscheiden,  welche Qualit\u00e4t ich nutzen will, z.B. falls langsames Internet oder kostenpflichtiges, eingeschr\u00e4nktes Handynetz. Die M\u00f6glichkeit hab ich in der Prime-App am Handy halt zumindest beim Download. Achso, und nat\u00fcrlich kann man am Mediaplayer, wenn es denn \u00fcberhaupt funktioniert, nur dann Videos downloaden, wenn man ein Netz hat. Also nicht wie mit dem Handy mal eben im Supermarkt ein paar Titel runterladen ;)<\/p>\n<p>Also keine Ahnung, ob ich die 40 \u20ac nur zum Testen und ggf. nur zum Streamen ausgeben mag oder nicht, die gr\u00f6\u00dferen Boxen brauchen 1. wieder mehr Platz und sind auch wieder teurer, so 60-70 \u20ac. Da k\u00f6nnte man dann ggf. wenigstens via USB den Speicher erweitern, um darauf downzuloaden oder vorhandene Filme abzuspielen. Aber das scheint mir kosten- und platzm\u00e4\u00dfig noch weniger lohnenswert zu sein.<\/p>\n<p>Wenn mein Plan h\u00e4lt, komm ich voraussichtlich n\u00e4chsten Montag an einer Stadt vorbei, wo es eine Filiale gibt mit dem 40 \u20ac &#8211; Stick. Bis dahin kann ich&#8217;s mir ja noch \u00fcberlegen.<\/p>\n<p>(Merkt man eigentlich, dass ich fr\u00fcher als Kind &#038; Jugendlicher Tagebuch geschrieben hab? Schon oder, soviel wie ich manchmal schreib .. Je k\u00fcrzer die Skitage, desto l\u00e4nger die Texte..)<\/p>\n","protected":false},"excerpt":{"rendered":"<p>Fr, 28.1.2022<\/p>\n<p>Heute stand endlich H\u00f6gfj\u00e4llet am Plan, das Gebiet zwischen Tand\u00e5dalen und Lindvallen, das mit Lindvallen verbunden ist. Aber das Parken dort kapierte ich nicht, da andere Parkzone, die im Skipass nicht inkludiert sein soll, trotzdem soll hier zumindest tags\u00fcber freies parken sein, aber evtl. muss man sich dann doch in der App registrieren <a href=\"http:\/\/blog.inmontanis.info\/?p=7375\">[&#8230;]<\/a><\/p>\n","protected":false},"author":1,"featured_media":7377,"comment_status":"closed","ping_status":"closed","sticky":false,"template":"","format":"standard","meta":{"footnotes":""},"categories":[185,648,19,628],"tags":[55,47],"class_list":["post-7375","post","type-post","status-publish","format-standard","has-post-thumbnail","hentry","category-2021-08-skandinavien","category-lindvallen-hogfjallet","category-schwedensweden","category-tandadalen-hundfjallet","tag-3sb","tag-sl","odd"],"_links":{"self":[{"href":"http:\/\/blog.inmontanis.info\/index.php?rest_route=\/wp\/v2\/posts\/7375","targetHints":{"allow":["GET"]}}],"collection":[{"href":"http:\/\/blog.inmontanis.info\/index.php?rest_route=\/wp\/v2\/posts"}],"about":[{"href":"http:\/\/blog.inmontanis.info\/index.php?rest_route=\/wp\/v2\/types\/post"}],"author":[{"embeddable":true,"href":"http:\/\/blog.inmontanis.info\/index.php?rest_route=\/wp\/v2\/users\/1"}],"replies":[{"embeddable":true,"href":"http:\/\/blog.inmontanis.info\/index.php?rest_route=%2Fwp%2Fv2%2Fcomments&post=7375"}],"version-history":[{"count":2,"href":"http:\/\/blog.inmontanis.info\/index.php?rest_route=\/wp\/v2\/posts\/7375\/revisions"}],"predecessor-version":[{"id":7378,"href":"http:\/\/blog.inmontanis.info\/index.php?rest_route=\/wp\/v2\/posts\/7375\/revisions\/7378"}],"wp:featuredmedia":[{"embeddable":true,"href":"http:\/\/blog.inmontanis.info\/index.php?rest_route=\/wp\/v2\/media\/7377"}],"wp:attachment":[{"href":"http:\/\/blog.inmontanis.info\/index.php?rest_route=%2Fwp%2Fv2%2Fmedia&parent=7375"}],"wp:term":[{"taxonomy":"category","embeddable":true,"href":"http:\/\/blog.inmontanis.info\/index.php?rest_route=%2Fwp%2Fv2%2Fcategories&post=7375"},{"taxonomy":"post_tag","embeddable":true,"href":"http:\/\/blog.inmontanis.info\/index.php?rest_route=%2Fwp%2Fv2%2Ftags&post=7375"}],"curies":[{"name":"wp","href":"https:\/\/api.w.org\/{rel}","templated":true}]}}