{"id":7371,"date":"2022-01-27T19:00:25","date_gmt":"2022-01-27T18:00:25","guid":{"rendered":"http:\/\/blog.inmontanis.info\/?p=7371"},"modified":"2023-08-05T12:37:34","modified_gmt":"2023-08-05T10:37:34","slug":"salen-lindvallen-tandadalen-hundfjallet-24-27-1-2022","status":"publish","type":"post","link":"http:\/\/blog.inmontanis.info\/?p=7371","title":{"rendered":"S\u00e4len (Lindvallen \/ Tand\u00e5dalen-Hundfj\u00e4llet), 24.-27.1.2022"},"content":{"rendered":"<p><strong>24.1.2022<\/strong><\/p>\n<p>\u00dcbrigens zickte mein Startknof bei der morgendlichen K\u00e4lte (-12\u00b0) heute wieder mehr. Beim n\u00e4chsten Aussetzer will ich ja mal das Starter-Relais mit dem Hupen-Relais tauschen, aber bei eiskalten Temperaturen ist das auch bl\u00f6d und bei w\u00e4rmeren gings zuletzt problemlos. Vieleicht also trotzdem mal bei w\u00e4rmeren Temperaturen demn\u00e4chst machen?!<\/p>\n<p>Kurz nach der Abfahrt vom Rastplatz bei S\u00e4rna sank die Temperatur auf -16\u00b0 und kurz nach S\u00e4rna ging es den Berg hnauf, wo innerhalb vielleicht 2-3 Sekunden die Windschutzscheibe von au\u00dfen so schnell so dicht angefroren ist, dass ich nichts mehr gesehen hab und mit Warnblinker stehen bleiben musste. Gut, dass die Scheibenwischanlage nicht ganz zugefroren war, so konnte ich das Fenster gleich wieder frei bekommen. Wenig sp\u00e4ter auf der Hochebene nur noch 0\u00b0.<\/p>\n<p><a href='http:\/\/extra.inmontanis.info\/d\/74753-2\/DSC01490.jpg'><img src=http:\/\/extra.inmontanis.info\/d\/74752-3\/DSC01490.jpg \/><\/a><br \/>\n^ Innerhalb weniger Sekunden war die Windschutzscheibe von au\u00dfen vereist<\/p>\n<p>In Lindvallen angekommen, standen die Sessellifte wegen Wind. Bis auf die ganz linke kann man aber ja alles mit SL fahren. Die aber hier nicht ganz unnervig sind. Gibt ja in der Mitte diesen Dreifach-SL (siehe Bericht vom letzten Jahr) mit dem Kurzb\u00fcgler in der Mitte. Es waren heute stets alle 3 Lifte in Betrieb, aber der mittlere Kurzb\u00fcgler war nicht immer ge\u00f6ffnet. <\/p>\n<p>Als ich im linken SL war, gab es ein bisschen Wartezeiten und anscheinend wurde deshalb der mittlere Lift ge\u00f6ffnet, als ich im linken Lift eingestiegen bin. Bis ich sp\u00e4ter ausgestiegen und runter gefahren war, der Zugang zum mittleren SL ist nur von der rechten Seite, war das Absperrband bereits wieder gesetzt, vielleicht weil nix mehr los war, der mittlere SL also wieder geschlossen. Nur: Der rechte SL stoppte 2 Personen vor mir und ging einige Zeit lang nicht. Es bildete sich wieder eine Schlange und der mittlere SL fuhr weiterhin, aber man durfte nicht mitfahren. <\/p>\n<p>Also fragte ich den Liftler, ob man nicht mit dem mittleren Lift fahren k\u00f6nnte. Worauf der meinte, dass das gerade nicht ginge. Mit einem &#8220;l\u00e4cherlich, wenn der hier nicht geht&#8221; ging ich dann wieder raus und schob zu den Doppel-SL rechts daneben.<\/p>\n<p>Und das kam noch \u00f6fters vor. Am ganz rechten SL gab es laufend irgendwelche Arbeiten, Mitarbeiter auf den St\u00fctzen, generell wieder beide Lifte dauernd in Betrieb, aber &#8211; egal ob gerade mehr Leute unten standen oder der eine SL wegen der Wartung gerade stand &#8211; der Zugang war nur zu einem Lift offen. Was soll der Schwachsinn? Dann stellt halt den Lift gleich ab, wenn man eh nicht damit fahren darf, was l\u00e4sst man ihn dann die ganze Zeit laufen?! Also mit Lindvallen werd ich nicht mehr warm, weder diese zig parallelen Lifte\/Abfahrten noch das Drumherum gef\u00e4llt mir. <\/p>\n<p><a href='http:\/\/ski.inmontanis.info\/d\/300185-2\/DSC01494.jpg'><img src=http:\/\/ski.inmontanis.info\/d\/300184-3\/DSC01494.jpg \/><\/a><br \/>\n^ Die Abfahrten am rechten SL (Fasanen) in Lindvallen sind die sch\u00f6nsten und wenn sie nicht ge\u00f6ffnet sind, man sie aber trotzdem fahren kann, noch besser ;-)<\/p>\n<p>Zuedm ist der rechte SL mit seinen (geschlossenen) Varianten f\u00fcr mich die mit Abstand sch\u00f6nste Ecke in Lindvallen. Oder auch ziemlich die einzige.<\/p>\n<p>Nachmittags noch Einkaufen und mal im Burger King gegessen. Den Steakhouse-Burger, den ich in AT normalerweise esse, oder auch den kleinen BBQ-Bacon-Burger, gibts hier in Schweden wohl nicht. Daher Bacon King Jr. als Men\u00fc mit Steakhouse-Sauce (3,- SEK mehr) um 62,- und Onion Rings um 20,- SEK genommen, also ca. 8,20 \u20ac.<\/p>\n<p><a href='http:\/\/extra.inmontanis.info\/d\/74757-2\/IMG_20220124_154747.jpg'><img src=http:\/\/extra.inmontanis.info\/d\/74756-3\/IMG_20220124_154747.jpg \/><\/a><br \/>\n^ Der McD ist in Lindvalen direkt im Skigebiet, der BK am Kreisverkehr &#8211; schon oft vorbei gefahren, aber heute wollte ich mal halten. Pommes, wie man sehen kann, nicht so gut wie in DE\/AT.<\/p>\n<p>N\u00e4chste Nacht soll es ja weniger kalt werden, aber .. irgendwie ist so ein Campingplatz doch angenehmer .. nur schade, dass der in S\u00e4len halt so teuer ist. Selbst als Wochenpreis in der Zwischensaison f\u00fcr Nichtmitgleider ca. 38 \u20ac plus Strom. Hostel kostet ca. 43 \u20ac, das war letztes Jahr im April auch g\u00fcnstiger. Und ist halt ein sch\u00f6nes St\u00fcck weiter weg, w\u00e4hrend ich ja am Campingplatz direkt im Skigebiet Tand\u00e5dalen-Hundfj\u00e4llet w\u00e4re und nur Auto fahren muss, um nach Lindvallen-H\u00f6gfj\u00e4llet (bzw. zum Einkaufen) zu fahren ..<\/p>\n<p>Vielleicht k\u00f6nnte man auch vor Ort Mitglied werden, die Woche f\u00fcr Mitglieder w\u00e4re trotz Jahresmitgliedschaftskosten dann etwas g\u00fcnstiger, die Jahresmitgliedschaft (Kalenderjahr, daher kam die um Weihnachten nicht in Frage) kostet ca. 50 \u20ac. Und man soll sogar noch 2 gratis \u00dcbernachtungen bekommen. Allerdings gibt&#8217;s auch so ein Heft dazu, das dann irgendwohin verschickt wird, ggf. mit Zusatzkosten nach \u00d6sterreich? Falls man als Ausl\u00e4nder \u00fcberhaupt Mitglied werden kann. Und wie ja schon festgestellt, gibts von diesem Verein keine Campingpl\u00e4tze an Skigebieten weiter im Norden.<\/p>\n<p>Leider war die Rezeptionistin vom letzten Mal nicht da und die, die da war, konnte kein Englisch. Dass es sowas gibt, auch noch an einem Campingplatz!? Jedenfalls wurde die andere dann angerufen und hat via Telefon \u00fcbersetzt, aber Mitgliedschaft geht nur online, also w\u00e4r mir jetzt alles zu kompliziert (mit Bezahlung und Registrierung und so weiter), somit dann 3600,- SEK f\u00fcr 10 Tage gezahlt, also ca. 36,- \u20ac pro Nacht. Hatte ich wegen den Stromkosten letztes Mal nicht erst im Nachhinein zahlen m\u00fcssen? Egal. Nach den 10 Tagen werd ich also alle 1-2 Tage ein anderes und viele neue Skigebiet besuchen und mir daher auch etwas Urlaub nehmen, also quasi wie eine meiner klassischeren, fr\u00fcheren Reisen.<\/p>\n<p>Obwohl mein Dezember-Platz im Internet-Buchungsssystem aktuell nicht vorhanden war, bekam ich ihn &#8211; konnte mir aber diesmal auch gar keinen raussuchen. Der liegt aber ja eh praktisch nahe einem Dusch\/WC-Haus und Nahe des Wegs zu den Skiliften. Halt etwas unsch\u00f6n an einer Ecke.<\/p>\n<p><strong>25.1.2022<\/strong><\/p>\n<p>Blieb heut in Tand\u00e5dalen, fuhr also nicht die Verbindungslifte r\u00fcber nach Hundsfj\u00e4llet. Paar (wenige) cm mehr Schnee scheint es im Vergleich zu vor einem Monat zu haben und ein paar Abfahrten mehr sind jetzt auch offen.<\/p>\n<p><a href='http:\/\/ski.inmontanis.info\/d\/300189-2\/DSC01496.jpg'><img src=http:\/\/ski.inmontanis.info\/d\/300188-3\/DSC01496.jpg \/><\/a><br \/>\n^ SL Kvilliften leider noch au\u00dfer Betrieb und die 3-4 Abfahrten dort und zur 4KSB leider vorpr\u00e4pariert \/ teilbeschneit und somit nicht  fahrbar.<\/p>\n<p><a href='http:\/\/ski.inmontanis.info\/d\/300193-2\/DSC01498.jpg'><img src=http:\/\/ski.inmontanis.info\/d\/300192-3\/DSC01498.jpg \/><\/a><br \/>\n^ 4KSB Pulsen am linken Rand von Tandadalen (links daneben ist noch der Doppel-SL \u00d6stliften)<\/p>\n<p><a href='http:\/\/ski.inmontanis.info\/d\/300197-2\/DSC01499.jpg'><img src=http:\/\/ski.inmontanis.info\/d\/300196-3\/DSC01499.jpg \/><\/a><br \/>\n^ Kleine B\u00e4che sind nach wie vor nicht gefroren heuer..<\/p>\n<p><a href='http:\/\/ski.inmontanis.info\/d\/300201-2\/DSC01500.jpg'><img src=http:\/\/ski.inmontanis.info\/d\/300200-3\/DSC01500.jpg \/><\/a><br \/>\n^ Die \u00e4u\u00dferen Abfahrten sind ja meist die sch\u00f6nsten, naturbelassen, unbeschneit, leerer, dzt. schneemangelsbedingt noch geschlossen. Hier die schwarze 3 links vom SL \u00d6stliften<\/p>\n<p><a href='http:\/\/ski.inmontanis.info\/d\/300205-2\/DSC01502.jpg'><img src=http:\/\/ski.inmontanis.info\/d\/300204-3\/DSC01502.jpg \/><\/a><br \/>\n^ Am anderen (rechten) Rand von Tandadalen gilt das nicht so ganz, denn am SL Solliften gibts links und rechts eine steile, kunstbeeiste Piste. Die rechte hat auch einen Skiweg, der nicht oder nicht mehr im Plan ist. Erschwert allerdings das Offpiste-Gel\u00e4nde<\/p>\n<p><a href='http:\/\/ski.inmontanis.info\/d\/300209-2\/DSC01503.jpg'><img src=http:\/\/ski.inmontanis.info\/d\/300208-3\/DSC01503.jpg \/><\/a><br \/>\n^ Da hinten in Bildmitte wird wohl das Skigebiet von Trysil sein, wo ich im Dezember war. Aktuell so nah und wieder unerreichbar weit weg.<\/p>\n<p><a href='http:\/\/ski.inmontanis.info\/d\/300213-2\/DSC01504.jpg'><img src=http:\/\/ski.inmontanis.info\/d\/300212-3\/DSC01504.jpg \/><\/a><br \/>\n^ Ehemaliger Funpark? Dann fahr ich da mal.<\/p>\n<p><a href='http:\/\/ski.inmontanis.info\/d\/300217-2\/DSC01506.jpg'><img src=http:\/\/ski.inmontanis.info\/d\/300216-3\/DSC01506.jpg \/><\/a><br \/>\n^ Waldvarianten gehen in Schweden fast \u00fcberall, hier neben dem Funpark-SL Norrliften<\/p>\n<p><a href='http:\/\/ski.inmontanis.info\/d\/300221-2\/DSC01507.jpg'><img src=http:\/\/ski.inmontanis.info\/d\/300220-3\/DSC01507.jpg \/><\/a><br \/>\n^ Es gibt noch einen recht versteckten Tellerlift, den man \u00fcber ein F\u00f6rderband und einen Skiweg erreicht &#8230;<\/p>\n<p><a href='http:\/\/ski.inmontanis.info\/d\/300225-2\/DSC01508.jpg'><img src=http:\/\/ski.inmontanis.info\/d\/300224-3\/DSC01508.jpg \/><\/a><br \/>\n^ .. SL Kotten, dient wohl nur als Zubringer zu den H\u00e4usern. Zum rechten\/unteren Teil vom Campingplatz kommt man von der Bergstation des SL auch gut, aber zu meinem Platz ist es ein ewiges Geschiebe. Dann lieber den morgendlichen Abfahrtsweg nachmittags wieder zu Fu\u00df rauf.<\/p>\n<p>Bin ja momentan am Durchgehen der m\u00f6glichen Skigebiete \/ Lifte etwas im S\u00fcden \/ Osten f\u00fcr die n\u00e4chsten Wochen. Es ist echt tragisch, wieviel geschlossene Skigebiete es hier mit Graffer-Liften gibt :(<\/p>\n<p>Ich hatte ja gedacht, da w\u00fcrden dann ein paar Skigebiete t\u00e4glich \u00f6ffnen wegen der Schulferien, die je nach Region in Schweden in KW 7,8,9 sein sollen (evtl. auch noch KW10). Aber wirklich viel Info hab ich da in den Gebieten nicht gefunden bzw. tw. erst KW9 &#8211; so lang bleib ich aber nicht hier unten im Flachland. Also werd ich wohl einige nicht oder nur mal abends besuchen m\u00fcssen. Einige haben ja auch t\u00e4glich offen, die wollte ich ja noch eher vor den Ferien besuchen, sind aber von der Verteilung her nat\u00fcrlich gemischt mit den anderen, wird also nicht ganz gehen. Und Schneefall ist dort auch weiterhin keiner in Sicht die n\u00e4chsten 2 Wochen. Die t\u00e4glich ge\u00f6ffneten, gr\u00f6\u00dferen und\/oder moderneren Gebiete haben aber meist alle oder fast alle Abfahrten kunstschneebedingt ge\u00f6ffnet.<\/p>\n<p><a href='http:\/\/extra.inmontanis.info\/d\/74761-2\/DSC01510.jpg'><img src=http:\/\/extra.inmontanis.info\/d\/74760-3\/DSC01510.jpg \/><\/a><br \/>\n^ Paprika+K\u00e4se war noch von den letzten Kartoffelt\u00f6pfen \u00fcbrig, heute gekauft wieder diese Kartoffelecken (sind einfach gleich mal leckerer als nur vorgekochte, ungew\u00fcrzte Kartoffeln) und mal testweise Pulled Pork. Und f\u00fcr die mitt\u00e4glichen Brote\/Semmeln gab es endlich mal wieder Mortadella (nicht im Bild).<\/p>\n<p><a href='http:\/\/extra.inmontanis.info\/d\/74765-2\/DSC01511.jpg'><img src=http:\/\/extra.inmontanis.info\/d\/74764-3\/DSC01511.jpg \/><\/a><br \/>\n^ Das sah nach dem \u00d6ffnen nach einem Fehlkauf aus. H\u00e4tte so was wie Kebap erwartet, also lockeres, gezogenes Schweinefleisch, aber eben trocken. Was war? Ein Fleischklumpen in viel Sauce, den ich dann halt mit den Fingern erst mal auseinanderziehen musste. Ok, die Sauce wird von den Kartoffeln nat\u00fcrlich schnell aufgesogen, aber es muss halt ge\u00f6ffnet und mit Klammer wiederverschlossen so im K\u00fchlschrank stehen, dass es nicht umf\u00e4llt und ausl\u00e4uft. Die extra BBQ-Sauce werd ich mir mal aufheben &#8211; ggf. f\u00fcr die letzte Portion, falls dann keine sonstige Sauce mehr vorhanden ist. Tendenziell wieder auf 3 Portionen aufteilen, genauso wie die Kartoffeln, dann ist beides gleichzeitig aufgebraucht. Schad, dass ich keinen Apfelmusrest mehr hatte f\u00fcr das Schweinefleisch ;-)<\/p>\n<p><strong>26.1.2022<\/strong><\/p>\n<p>Morgens nebelig, daher nicht so eisig gewesen. Vormittags langsam besser werdend, wie \u00fcblich wurde es in Lindvallen schneller &#8220;sonnig&#8221; als hier. Muss aber erst \u00fcbermorgen Freitag wieder einkaufen, daher bleib ich heute+morgen noch am Campingplatz stehen und werde foglich in Tand\u00e5dalen-Hundfj\u00e4llet Skifahren. Heute Schwerpunkt Hundfj\u00e4llet.<\/p>\n<p>Da es wetterm\u00e4\u00dfig recht sch\u00f6n und auch nicht so kalt war, fuhr ich etwas l\u00e4nger in die Abendd\u00e4mmerung, aber nicht bis 18 Uhr, sondern nur bis ca. 16:30 Uhr.<\/p>\n<p><a href='http:\/\/ski.inmontanis.info\/d\/300229-2\/DSC01513.jpg'><img src=http:\/\/ski.inmontanis.info\/d\/300228-3\/DSC01513.jpg \/><\/a><br \/>\n^ Blick von der 4SB in Hundfj\u00e4llet r\u00fcber ins noch nebligere Tand\u00e5dalen<\/p>\n<p><a href='http:\/\/ski.inmontanis.info\/d\/300233-3\/DSC01515.jpg'><img src=http:\/\/ski.inmontanis.info\/d\/300232-3\/DSC01515.jpg \/><\/a><br \/>\n^ 4SB V\u00e4ggen, die rechte Abfahrt ist mittlerweile offen, die linke wird noch beschneit ..<\/p>\n<p><a href='http:\/\/ski.inmontanis.info\/d\/300237-2\/DSC01518.jpg'><img src=http:\/\/ski.inmontanis.info\/d\/300236-3\/DSC01518.jpg \/><\/a><br \/>\n^ .. mit 4&#215;2 D\u00fcsen<\/p>\n<p><a href='http:\/\/ski.inmontanis.info\/d\/300241-2\/DSC01521.jpg'><img src=http:\/\/ski.inmontanis.info\/d\/300240-3\/DSC01521.jpg \/><\/a><br \/>\n^ SL Ravinliften ist mittlerweile offen, gegen\u00fcber der SL leider noch nicht. Rechts oben der 8-Bubble, den ich normalerweise meide. Hier am sonnigen Ravinliften kann man abseits auch offpiste fahren und hat durchaus einige Gr\u00e4ben<\/p>\n<p><a href='http:\/\/ski.inmontanis.info\/d\/300245-2\/DSC01522.jpg'><img src=http:\/\/ski.inmontanis.info\/d\/300244-3\/DSC01522.jpg \/><\/a><br \/>\n^ Aber die sch\u00f6nste Liftst\u00fctze in S\u00e4len ist nat\u00fcrlich die vom Kurvenkurzb\u00fcgler Vinkelliften<\/p>\n<p><a href='http:\/\/ski.inmontanis.info\/d\/300249-2\/DSC01524.jpg'><img src=http:\/\/ski.inmontanis.info\/d\/300248-3\/DSC01524.jpg \/><\/a><br \/>\n^ Blick von der linken 8KSB in Hundfj\u00e4llet r\u00fcber ins nun nicht mehr neblige Tand\u00e5dalen. Die schwarzen Abfahrten ganz rechts, am SL Solliften, schauen ausnahmsweise am Bild von gegen\u00fcber mal nicht so steil aus, wie sie tats\u00e4chlich vor Ort wirken.<\/p>\n<p><a href='http:\/\/ski.inmontanis.info\/d\/300253-2\/DSC01525.jpg'><img src=http:\/\/ski.inmontanis.info\/d\/300252-3\/DSC01525.jpg \/><\/a><br \/>\n^ Offpiste rechts vom rechten SL Lavenliften<\/p>\n<p><a href='http:\/\/ski.inmontanis.info\/d\/300257-2\/DSC01526.jpg'><img src=http:\/\/ski.inmontanis.info\/d\/300256-3\/DSC01526.jpg \/><\/a><br \/>\n^ \u00c4hm, mir d\u00fcnkt, ich bin gerade auf den falschen H\u00e4ngen &#8211; dort dr\u00fcben ist die Sonne, hier ist Schatten.<\/p>\n<p><a href='http:\/\/ski.inmontanis.info\/d\/300261-3\/DSC01528.jpg'><img src=http:\/\/ski.inmontanis.info\/d\/300260-3\/DSC01528.jpg \/><\/a><br \/>\n^ gute halbe Stunde sp\u00e4ter das Gegenfoto zum vorherigen Bild (SL Solliften, die beiden schwarzen sind ja mittlerweile dank Beschneiung offen; um Weihnachten war der SL ja nur im unteren Bereich ge\u00f6ffnet.<\/p>\n<p><a href='http:\/\/ski.inmontanis.info\/d\/300265-3\/DSC01530.jpg'><img src=http:\/\/ski.inmontanis.info\/d\/300264-3\/DSC01530.jpg \/><\/a><br \/>\n^ SL Parliften mit Sonnenungergang um 15:46 Uhr. Die Lifte ohne Beleuchtung fahren dzt. bis 15:30, die mit Beleuchtung bis 18 Uhr.<\/p>\n<p><a href='http:\/\/ski.inmontanis.info\/d\/300269-2\/DSC01535.jpg'><img src=http:\/\/ski.inmontanis.info\/d\/300268-3\/DSC01535.jpg \/><\/a><br \/>\n^ Eine der Abfahrten am SL Parliften mit Blick r\u00fcber nach Hundfj\u00e4llet<\/p>\n<p><a href='http:\/\/ski.inmontanis.info\/d\/300273-2\/DSC01536.jpg'><img src=http:\/\/ski.inmontanis.info\/d\/300272-3\/DSC01536.jpg \/><\/a><br \/>\n^ SL Parliften in der Abendd\u00e4mmerung<\/p>\n<p><a href='http:\/\/ski.inmontanis.info\/d\/300277-2\/DSC01538.jpg'><img src=http:\/\/ski.inmontanis.info\/d\/300276-3\/DSC01538.jpg \/><\/a><br \/>\n^ F\u00fcr das Bild war ich etwas zu sp\u00e4t, der Himmel war nicht mehr so sch\u00f6n r\u00f6tlich wie eine Liftfahrt vorher<\/p>\n<p><a href='http:\/\/ski.inmontanis.info\/d\/300281-2\/DSC01539.jpg'><img src=http:\/\/ski.inmontanis.info\/d\/300280-3\/DSC01539.jpg \/><\/a><br \/>\n^ Am SL Norrliften ist um 16:15 Uhr die Beleuchtung noch nicht eingeschaltet. Der ist samt Funparks auch bis 18 Uhr offen. Rechts im Bild der Wald, den ich variantenm\u00e4\u00dfig ein paar Bilder zuvor fotografiert hatte<\/p>\n<p><a href='http:\/\/ski.inmontanis.info\/d\/300285-2\/DSC01541.jpg'><img src=http:\/\/ski.inmontanis.info\/d\/300284-3\/DSC01541.jpg \/><\/a><br \/>\n^ SL Parliften in der Abendd\u00e4mmerung (16:23 Uhr)<\/p>\n<p><a href='http:\/\/ski.inmontanis.info\/d\/300289-2\/DSC01545.jpg'><img src=http:\/\/ski.inmontanis.info\/d\/300288-3\/DSC01545.jpg \/><\/a><br \/>\n^ SL Parliften in der Abendd\u00e4mmerung (16:33 Uhr), es reicht jetzt, genug gefahren heute, insb. wenn man fast nur SL f\u00e4hrt, ist das schon anstrengend.<\/p>\n<p>Je l\u00e4nger man Ski f\u00e4hrt, desto k\u00e4lter ist abends das Auto. Da fehlt dann der zweite Heizer beim initialen Aufw\u00e4rmen. Gestern hatte ich den Bodenheizer mit Stufe 2 gestartet, aber da ich das von hinten aus, wenn der Tisch aufgebaut ist, nur sehr umst\u00e4ndlich \u00e4ndern kann,  hab ich ihn hin und wieder ausgeschaltet, was dann aber auch wieder schnell kalt unten wird. Also heute auf Stufe 1 lassen und daf\u00fcr fr\u00fcher gekocht, was ja auch W\u00e4rme erzeugt. War ja eh sp\u00e4ter dran.<\/p>\n<p><strong>27.1.2022<\/strong><\/p>\n<p>Heute mal mehr, mal weniger Schneefall bei um die 0\u00b0, im Skigebiet. Mittags auch mal \u00fcber 0\u00b0, so dass B\u00fcgel, Teller und Sessel nass waren. D.h. Sessel bin ich heute daher nicht gefahren, Teller auch nur, wenn n\u00f6tig, also meistens B\u00fcgel. Schnee auf den Pisten war ganz gut heute. Nachmittags kam Wind auf, der morgen f\u00fcr Sonne sorgen soll. Nachmittags weniger Schneefall, und weil die Pisten heut so sch\u00f6n waren, bis fast zur Dunkelheit gefahren. Cam hatte ich heute nicht dabei.<\/p>\n<p>Anderes Thema:<\/p>\n<p>Der &#8220;portable Seillift&#8221; geht jetzt in die Kickstart-Produktion:<br \/>\n<a href='https:\/\/www.kickstarter.com\/projects\/zoaeng\/pl1-a-portable-rope-tow-for-the-backcountry'>https:\/\/www.kickstarter.com\/projects\/zoaeng\/pl1-a-portable-rope-tow-for-the-backcountry<\/a><\/p>\n<p>Kostet also ca. 1.000 \u20ac, 300m Seil ist dabei und man kann ca. 800hm mit einer Batterieladung kommen. Allerdings gibt&#8217;s am Ger\u00e4t keinen Ladestatus, man halt also Null \u00dcberblick, wieviel Restakku man noch hat, ob man nochmal raufkommt, oder gleich rauflaufen muss, um das Seil einzusammeln.<\/p>\n<p>Und dann ist noch das Problem: Z\u00e4hlt das f\u00fcr das jeweilige Land bzw. die jeweilige Region, wo man es einsetzen will, als Skilift? Dann braucht man ja Bewilligungen und muss ansonsten Strafe zahlen. Und in einigen Bergregionen darf man ja glaub ich auch keine motorisierten Fahrzeuge oder so verwenden? Falls das dann darunter fiele, k\u00f6nnte das auch Strafen bedeuten. D.h. man wird vmtl. wieder \u00fcberall mit den ganzen Regulatorien erschlagen und sollte somit entweder schauen, dass man das unentdeckt macht (und auch gar nicht im Internet verbreitet) oder drauf verzichten, weil die Gesetzh\u00fcter ja sowieso alles verbieten was Spa\u00df macht und man lieber daheim rumsitzen soll als drau\u00dfen Sport zu machen .. ?!<\/p>\n<p>Kartoffel-Pulled-Pork-BBQ &#8211; Rest beim heutigen 3. Teil, diesmal die BBQ-Sauce reingesch\u00fcttet, war eigentlich recht lecker so. Morgen will ich mir mal das Skigebiet H\u00f6gfj\u00e4llet anschauen und komm somit zum Einkaufen -> mal wieder TK-Pizza und \u00fcbermorgen TK-Fertiggericht. Und dann vielleicht mal wieder Nudeln.<\/p>\n<p><a href='http:\/\/extra.inmontanis.info\/d\/74769-2\/DSC01546.jpg'><img src=http:\/\/extra.inmontanis.info\/d\/74768-3\/DSC01546.jpg \/><\/a><br \/>\n^ 3 Tage reichen die Kartoffeln und auch das Pulled Pork; heute hab ich die BBQ-Sauce reingesch\u00fcttet. Und den Rest der Paprika, eine andere Scheibe K\u00e4se noch dazu und nat\u00fcrlich Rosmarin. Bin doch recht froh, dass es keinen K\u00fcmmel gab und ich Rosmarin nehmen musste, schmeckt eigentlich viel geiler.<\/p>\n","protected":false},"excerpt":{"rendered":"<p>24.1.2022<\/p>\n<p>\u00dcbrigens zickte mein Startknof bei der morgendlichen K\u00e4lte (-12\u00b0) heute wieder mehr. Beim n\u00e4chsten Aussetzer will ich ja mal das Starter-Relais mit dem Hupen-Relais tauschen, aber bei eiskalten Temperaturen ist das auch bl\u00f6d und bei w\u00e4rmeren gings zuletzt problemlos. Vieleicht also trotzdem mal bei w\u00e4rmeren Temperaturen demn\u00e4chst machen?!<\/p>\n<p>Kurz nach der Abfahrt vom Rastplatz <a href=\"http:\/\/blog.inmontanis.info\/?p=7371\">[&#8230;]<\/a><\/p>\n","protected":false},"author":1,"featured_media":7374,"comment_status":"closed","ping_status":"closed","sticky":false,"template":"","format":"standard","meta":{"footnotes":""},"categories":[185,648,19,27,628],"tags":[49,57,65,47],"class_list":["post-7371","post","type-post","status-publish","format-standard","has-post-thumbnail","hentry","category-2021-08-skandinavien","category-lindvallen-hogfjallet","category-schwedensweden","category-skifahren-winterskiing-winter","category-tandadalen-hundfjallet","tag-4sb","tag-8sb","tag-nachtski","tag-sl","odd"],"_links":{"self":[{"href":"http:\/\/blog.inmontanis.info\/index.php?rest_route=\/wp\/v2\/posts\/7371","targetHints":{"allow":["GET"]}}],"collection":[{"href":"http:\/\/blog.inmontanis.info\/index.php?rest_route=\/wp\/v2\/posts"}],"about":[{"href":"http:\/\/blog.inmontanis.info\/index.php?rest_route=\/wp\/v2\/types\/post"}],"author":[{"embeddable":true,"href":"http:\/\/blog.inmontanis.info\/index.php?rest_route=\/wp\/v2\/users\/1"}],"replies":[{"embeddable":true,"href":"http:\/\/blog.inmontanis.info\/index.php?rest_route=%2Fwp%2Fv2%2Fcomments&post=7371"}],"version-history":[{"count":2,"href":"http:\/\/blog.inmontanis.info\/index.php?rest_route=\/wp\/v2\/posts\/7371\/revisions"}],"predecessor-version":[{"id":7373,"href":"http:\/\/blog.inmontanis.info\/index.php?rest_route=\/wp\/v2\/posts\/7371\/revisions\/7373"}],"wp:featuredmedia":[{"embeddable":true,"href":"http:\/\/blog.inmontanis.info\/index.php?rest_route=\/wp\/v2\/media\/7374"}],"wp:attachment":[{"href":"http:\/\/blog.inmontanis.info\/index.php?rest_route=%2Fwp%2Fv2%2Fmedia&parent=7371"}],"wp:term":[{"taxonomy":"category","embeddable":true,"href":"http:\/\/blog.inmontanis.info\/index.php?rest_route=%2Fwp%2Fv2%2Fcategories&post=7371"},{"taxonomy":"post_tag","embeddable":true,"href":"http:\/\/blog.inmontanis.info\/index.php?rest_route=%2Fwp%2Fv2%2Ftags&post=7371"}],"curies":[{"name":"wp","href":"https:\/\/api.w.org\/{rel}","templated":true}]}}