{"id":7365,"date":"2022-01-23T19:24:37","date_gmt":"2022-01-23T18:24:37","guid":{"rendered":"http:\/\/blog.inmontanis.info\/?p=7365"},"modified":"2023-08-05T12:31:33","modified_gmt":"2023-08-05T10:31:33","slug":"lofsdalen-23-1-2022","status":"publish","type":"post","link":"http:\/\/blog.inmontanis.info\/?p=7365","title":{"rendered":"Lofsdalen, 23.1.2022"},"content":{"rendered":"<p><strong>23.1.2022<\/strong><\/p>\n<p>Scheint so, als ob die Campingplatzbetreiber meine gestrige EMail, worin ich schrieb, dass ich heute um 8:30 zahlen m\u00f6chte, nicht erhalten hatten, also musste ich heut fr\u00fch wieder anrufen. Das ist der Nachteil, wenn der Strom nach Verbrauch bezahlt wird und man morgens nicht einfach fahren kann..<\/p>\n<p>Ich fuhr nach Lofsdalen und kaufte mir um 325 SEK fix den Skipass am dortigen Automaten, geht ja wesentlich schneller als \u00fcber Internet. Aber manchmal ist&#8217;s im Internet halt g\u00fcnstiger. (Die Skip\u00e4sse sind hier ja in der Zwischensaison im Januar generell verg\u00fcnstigt.)<\/p>\n<p>Skistar hat die Dummheit nicht gepachtet, es gibt auch andere Skigebiete, die dumme Lifte bauen, z.B. auch hier eine Bubble-KSB auf einenen oft st\u00fcrmischen Berg. Man hat zwar einen der beiden KSSL stehen lassen, aber was n\u00fctzt es, wenn man den ignoriert und die Trasse nicht mit etwas Schnee versieht und pr\u00e4pariert? So war der Gipfel mehrere Tage der letzten Woche eben geschlossen &#8211; und auch heute nur am Vormittag ein paar Stunden offen. <\/p>\n<p>Als ich nach dem Besuch des rechten SL um 12 Uhr wieder an der oberen KSB war, war diese schon wieder eingaragiert. Obwohl es gar nicht sooo extrem st\u00fcrmisch war zuvor, also kein Vergleich zu der Fahrt mit den Bubbles in Trysil im Dezember. Und der KSSL eben leider nicht offen. Was ja meine Hoffnung war, wenn es hier st\u00fcrmisch w\u00fcrde. Die Wege am Ausstieg des KSSL waren \u00fcbrigens schon pr\u00e4pariert+offen.<\/p>\n<p>Hatte mir ja \u00fcberlegt, ob ich hier noch einen 2. Tag bleiben wollte, aber da h\u00e4tte so viel wie letztes Jahr offen sein m\u00fcssen. Oder der KSSL heute laufen m\u00fcssen.<\/p>\n<p><a href='http:\/\/ski.inmontanis.info\/d\/300141-2\/DSC01466.jpg'><img src=http:\/\/ski.inmontanis.info\/d\/300140-3\/DSC01466.jpg \/><\/a><br \/>\n^ Parkplatz, links 6KSB Sektion 1, dar\u00fcber die 2. Sektion zum Gipfel<\/p>\n<p><a href='http:\/\/ski.inmontanis.info\/d\/300145-2\/DSC01469.jpg'><img src=http:\/\/ski.inmontanis.info\/d\/300144-3\/DSC01469.jpg \/><\/a><br \/>\n^ 6KSB Sektion 2, nicht verkrustet wie vor 1 Jahr<\/p>\n<p><a href='http:\/\/ski.inmontanis.info\/d\/300149-2\/DSC01470.jpg'><img src=http:\/\/ski.inmontanis.info\/d\/300148-3\/DSC01470.jpg \/><\/a><br \/>\n^ Steile Abfahrten an der 2. Sektion<\/p>\n<p><a href='http:\/\/ski.inmontanis.info\/d\/300153-2\/DSC01473.jpg'><img src=http:\/\/ski.inmontanis.info\/d\/300152-3\/DSC01473.jpg \/><\/a><br \/>\n^ Gipfelpano<\/p>\n<p><a href='http:\/\/ski.inmontanis.info\/d\/300157-2\/DSC01475.jpg'><img src=http:\/\/ski.inmontanis.info\/d\/300156-3\/DSC01475.jpg \/><\/a><br \/>\n^ SL parallel zur 1. Sektion 6KSB<\/p>\n<p><a href='http:\/\/ski.inmontanis.info\/d\/300161-2\/DSC01476.jpg'><img src=http:\/\/ski.inmontanis.info\/d\/300160-3\/DSC01476.jpg \/><\/a><br \/>\n^ Komische, skandinavische Eigenheit heuer &#8211; man beschneit Pisten, verteilt dann den Schnee ewig nicht und l\u00e4sst die Abfahrt wochenlang geschlossen und scheint auch nix mehr weiter zu beschneien&#8230;<\/p>\n<p><a href='http:\/\/ski.inmontanis.info\/d\/300165-2\/DSC01477.jpg'><img src=http:\/\/ski.inmontanis.info\/d\/300164-3\/DSC01477.jpg \/><\/a><br \/>\n^ Die Abfahrten am rechten unteren SL sind ja die sch\u00f6nsten in Lofsdalen<\/p>\n<p><a href='http:\/\/ski.inmontanis.info\/d\/300169-2\/DSC01479.jpg'><img src=http:\/\/ski.inmontanis.info\/d\/300168-3\/DSC01479.jpg \/><\/a><br \/>\n^ 6KSB Sektion 2 wegen Sturm auch heute, wie sicher schon etliche Tage diese Saison, geschlossen, aber die KSSL-Lifttrasse herrichten, damit man den bei Sturm einschaltet? Fehlanzeige<\/p>\n<p><a href='http:\/\/ski.inmontanis.info\/d\/300173-2\/DSC01480.jpg'><img src=http:\/\/ski.inmontanis.info\/d\/300172-3\/DSC01480.jpg \/><\/a><br \/>\n^ Die sch\u00f6nste Abfahrt an der 1. Sektion 6KSB, offiziell aber noch gesperrt<\/p>\n<p><a href='http:\/\/ski.inmontanis.info\/d\/300177-2\/DSC01483.jpg'><img src=http:\/\/ski.inmontanis.info\/d\/300176-3\/DSC01483.jpg \/><\/a><br \/>\n^ Hauptabfahrt an der 6KSB Sektion 1<\/p>\n<p><a href='http:\/\/ski.inmontanis.info\/d\/300181-2\/ge20220123a.jpg'><img src=http:\/\/ski.inmontanis.info\/d\/300180-3\/ge20220123a.jpg \/><\/a><br \/>\n^ Gelb 16.1.2021, T\u00fcrkis 23.1.2022, Magenta jeweils die geschlossenen Lifte. Ganz rechts k\u00f6nnte es den Schneisen nach auch noch einen Lift gegeben haben. W\u00e4r vmtl. auch nett gewesen.<\/p>\n<p>Mehr Bilder aus dem Skigebiet in meinem 2021er Bericht.<\/p>\n<p>\u00dcbernachten wollte ich dann am bekannten Rastplatz nahe S\u00e4rna, wurde aber \u00fcberrascht von den dort niedrigen Temperaturen abends (-13\u00b0), mal wieder ein Kaltluftsee. Da h\u00e4tte ich doch an dem h\u00f6her gelegenen Tourenparkplatz n\u00e4he Lofsdalen bleiben sollen. W\u00e4re wohl erst morgen Nacht gewesen, die w\u00e4rmer verlaufen soll, aber f\u00fcr heute hatte ich mir vorgestern trotzdem nur -9\u00b0 notiert. Nat\u00fcrlich freistehend am Rastplatz mal wieder Musik laut aufgedreht. Und diesmal weiter hinten gestanden. Hatte mich dann auch nachts keiner gest\u00f6rt.<\/p>\n<p><a href='http:\/\/extra.inmontanis.info\/d\/74749-2\/DSC01488.jpg'><img src=http:\/\/extra.inmontanis.info\/d\/74748-3\/DSC01488.jpg \/><\/a><br \/>\n^ Abendrot zwischen Lofsdalen und S\u00e4rna<\/p>\n<p>Nachts wurde es dann auch recht kalt im Auto, Minimum-Temperatur am n\u00e4chsten Morgen zeigte -5\u00b0 vorne an, da wach ich nat\u00fcrlich etwas zu fr\u00fch auf (trotz 2 Decken unterm Schlafsack) und hatte die Standheizung mal eine halbe Stunde laufen lassen bzw. morgens dann 1,5h zum Aufstehen.<\/p>\n<p>&#8212;<\/p>\n<p>Man kann nicht oft genug warnen:<\/p>\n<p><a href='https:\/\/corona-transition.org\/warum-wir-den-impfpass-2022-stoppen-mussen-und-22-wege-wie-wir-das-erreichen'>https:\/\/corona-transition.org\/warum-wir-den-impfpass-2022-stoppen-mussen-und-22-wege-wie-wir-das-erreichen<\/a><\/p>\n<p><a href='https:\/\/www.rubikon.news\/artikel\/dramatische-verrottung'>https:\/\/www.rubikon.news\/artikel\/dramatische-verrottung<\/a><\/p>\n<p>(Hatte ich mir nicht eigentlich vorgenommen, das Zeug nicht mehr zu lesen?!)<\/p>\n","protected":false},"excerpt":{"rendered":"<p>23.1.2022<\/p>\n<p>Scheint so, als ob die Campingplatzbetreiber meine gestrige EMail, worin ich schrieb, dass ich heute um 8:30 zahlen m\u00f6chte, nicht erhalten hatten, also musste ich heut fr\u00fch wieder anrufen. Das ist der Nachteil, wenn der Strom nach Verbrauch bezahlt wird und man morgens nicht einfach fahren kann..<\/p>\n<p>Ich fuhr nach Lofsdalen und kaufte mir <a href=\"http:\/\/blog.inmontanis.info\/?p=7365\">[&#8230;]<\/a><\/p>\n","protected":false},"author":1,"featured_media":7369,"comment_status":"closed","ping_status":"closed","sticky":false,"template":"","format":"standard","meta":{"footnotes":""},"categories":[185,645,19,27],"tags":[56,48,47],"class_list":["post-7365","post","type-post","status-publish","format-standard","has-post-thumbnail","hentry","category-2021-08-skandinavien","category-lofsdalen","category-schwedensweden","category-skifahren-winterskiing-winter","tag-6sb","tag-kssl","tag-sl","odd"],"_links":{"self":[{"href":"http:\/\/blog.inmontanis.info\/index.php?rest_route=\/wp\/v2\/posts\/7365","targetHints":{"allow":["GET"]}}],"collection":[{"href":"http:\/\/blog.inmontanis.info\/index.php?rest_route=\/wp\/v2\/posts"}],"about":[{"href":"http:\/\/blog.inmontanis.info\/index.php?rest_route=\/wp\/v2\/types\/post"}],"author":[{"embeddable":true,"href":"http:\/\/blog.inmontanis.info\/index.php?rest_route=\/wp\/v2\/users\/1"}],"replies":[{"embeddable":true,"href":"http:\/\/blog.inmontanis.info\/index.php?rest_route=%2Fwp%2Fv2%2Fcomments&post=7365"}],"version-history":[{"count":3,"href":"http:\/\/blog.inmontanis.info\/index.php?rest_route=\/wp\/v2\/posts\/7365\/revisions"}],"predecessor-version":[{"id":7370,"href":"http:\/\/blog.inmontanis.info\/index.php?rest_route=\/wp\/v2\/posts\/7365\/revisions\/7370"}],"wp:featuredmedia":[{"embeddable":true,"href":"http:\/\/blog.inmontanis.info\/index.php?rest_route=\/wp\/v2\/media\/7369"}],"wp:attachment":[{"href":"http:\/\/blog.inmontanis.info\/index.php?rest_route=%2Fwp%2Fv2%2Fmedia&parent=7365"}],"wp:term":[{"taxonomy":"category","embeddable":true,"href":"http:\/\/blog.inmontanis.info\/index.php?rest_route=%2Fwp%2Fv2%2Fcategories&post=7365"},{"taxonomy":"post_tag","embeddable":true,"href":"http:\/\/blog.inmontanis.info\/index.php?rest_route=%2Fwp%2Fv2%2Ftags&post=7365"}],"curies":[{"name":"wp","href":"https:\/\/api.w.org\/{rel}","templated":true}]}}