{"id":7362,"date":"2022-01-22T19:26:32","date_gmt":"2022-01-22T18:26:32","guid":{"rendered":"http:\/\/blog.inmontanis.info\/?p=7362"},"modified":"2023-08-05T11:50:52","modified_gmt":"2023-08-05T09:50:52","slug":"vemdalen-19-22-1-2022","status":"publish","type":"post","link":"http:\/\/blog.inmontanis.info\/?p=7362","title":{"rendered":"Vemdalen, 19.-22.1.2022"},"content":{"rendered":"<p><strong>19.1.2022<\/strong><\/p>\n<p>Mit ca. 2-4\u00b0 etwas w\u00e4rmer heute in Bj\u00f6rnrike, um 14 Uhr mal ein windiger Schneeschauer. Ansonsten gibt&#8217;s zum heutigen Tag nix zu sagen, hab auch keine Fotos gemacht.<\/p>\n<p>Was die Planung f\u00fcr n\u00e4chste Woche angeht, hm. Von hier bis S\u00e4len gibt&#8217;s ja haupts\u00e4chlich Lofsdalen, Fj\u00e4terv\u00e5len, Idre. Lofsdalen ist jetzt im Januar recht g\u00fcnstig, hat aber wenig offen, paar Tage ok, aber ganze Woche w\u00e4re wohl sinnlos. Fj\u00e4terv\u00e5len hat noch viel zu, weit weniger offen als letztes Jahr bei meinem Besuch im Januar. Auch Idre hat etwas weniger offen und ist zudem teuer &#8211; und macht dann auch eigentlich keinen Sinn, dann kann ich auch l\u00e4nger in S\u00e4len bleiben und auf die Saisonkarte fahren. Kurz oberhalb von S\u00e4len gibt&#8217;s ja noch St\u00f6ten, was mir aber letztes Jahr ja auch nicht so besonders gefiel. Und \u00f6stlich von S\u00e4len gibts noch Kl\u00e4ppen, das man sich mal anschauen k\u00f6nnte.<\/p>\n<p>(Nord-) Westlich von Idre ist noch Gr\u00f6velfj\u00e4ll, das ich im Sommer als tauglich einstufte, aber erst ab 5.2. offen ist. Westlich von hier (Vemdalen) ist Fun\u00e4sfj\u00e4ll\/Fun\u00e4sdalen, wo ich zwar Fun\u00e4sdalen mal fahren wollte, aber auch KSSL Kappruet und das mir letztes Jahr so gefallene T\u00e4nn\u00e4skr\u00f6ket. Die beiden Letztgenannten haben aber noch fast nix offen, evtl. generell erst im Februar mehr, oder zu wenig Schnee. Also da wohl jeweils eher beim Rauffahren vorbei schauen. Dann k\u00f6nnte vmtl. auch Fj\u00e4tervalen interessanter sein. Ob ich dort dann mitten in den Schulferien einen Platz oder Zimmer bekomm, ist wieder eine andere Frage ..<\/p>\n<p>\u00dcbrigens ist in S\u00e4len die Verbindung Lindvallen-H\u00f6gfj\u00e4llet wieder offen und auch hier in Kl\u00f6vsj\u00f6\/Storhogna l\u00e4uft nun zumindest ein Lift (wenn auch noch nicht die Verbindung). \u00dcberhaupt hat sich die Lage in S\u00e4len, was ge\u00f6ffnete Lifte+Pisten angeht, schon deutlich verbessert zu vor Weihnachten, also da k\u00f6nnte ich auch eineinhalb Wochen bleiben.<\/p>\n<p><strong>20.1.2022<\/strong><\/p>\n<p>Gestrern Abend war es noch etwas windig und morgens klarer Himmel, entsprechend etwas weniger warm morgens im Auto, -5\u00b0 vormittags. Ging aber noch, Fensterabdeckungen etwas l\u00e4nger draufgelassen und den Heizer auf Stufe 2 in den Fu\u00dfraum gestellt. Und die Skischuhe mit dem alten Schuhtrockner aufgew\u00e4rmt. Grundlegend soll es die n\u00e4chsten Woche hier in der Gegend aber mit Temperaturen um oder knapp \u00fcber 0\u00b0 weiter gehen. Nur die n\u00e4chsten Tage noch etwas k\u00fchler bis runter zu -5\/-9\u00b0.<\/p>\n<p>Paar Lifte waren heute wegen Wind geschlossen, andere wegen sonstiger technischer Probleme. In Vemdalen angekommen, ging nur die linke 6KSB, nicht die rechte (Bubble), SL umgekehrt, da der linke SL wg. techn. Defekt au\u00dfer Betrieb war. Bis ich dann umgezogen war und zur 6KSB gegangen bin, wurde die gerade auch wg. Wind eingestellt. Dann halt notgedrungen wieder nach Bj\u00f6rnrike.<\/p>\n<p><a href='http:\/\/ski.inmontanis.info\/d\/300077-2\/DSC01437.jpg'><img src=http:\/\/ski.inmontanis.info\/d\/300076-3\/DSC01437.jpg \/><\/a><br \/>\n^ Vemdalsskalet, der SL links heute wegen techn. Defekt au\u00dfer Betrieb, die 6KSB rechts wurde gerade wg. Wind geschlossen und die Trasse des Vorg\u00e4ngerlifts, die Bergstation hatte ich im vorherigen Bericht thematisiert.<\/p>\n<p><a href='http:\/\/ski.inmontanis.info\/d\/300081-2\/ge20210120b.jpg'><img src=http:\/\/ski.inmontanis.info\/d\/300080-3\/ge20210120b.jpg \/><\/a><br \/>\n^ GPS-Tracks Vemdalsskalet; rechts in Rot die beiden Vargen-Lifte, der linke (obere) evtl. schon l\u00e4nger stillgelegt, ob der rechte (untere) noch f\u00e4hrt, keine Ahnung, vor 2 Jahren lief er noch.<\/p>\n<p>In Bj\u00f6rnrike angekommen, stand die 6KSB auch gerade still, aber wenigstens gibt&#8217;s hier ja mehr SL, auch wenn der linke obere mit den roten St\u00fctzen heute wegen technischen Defekt au\u00dfer Betrieb sein soll &#8211; fuhr aber, als ich dort war. Daf\u00fcr war auch der lange SL, der nahe Bergstation 6KSB raufgeht, wegen Wind schon geschlossen.<\/p>\n<p><a href='http:\/\/ski.inmontanis.info\/d\/300085-2\/DSC01439.jpg'><img src=http:\/\/ski.inmontanis.info\/d\/300084-3\/DSC01439.jpg \/><\/a><br \/>\n^ Abfahrt am linken Gr\u00e5hogna-SL in Bj\u00f6rnrike<\/p>\n<p><a href='http:\/\/ski.inmontanis.info\/d\/300089-2\/ge20210120a.jpg'><img src=http:\/\/ski.inmontanis.info\/d\/300088-3\/ge20210120a.jpg \/><\/a><br \/>\n^ GPS-Tracks Bj\u00f6rnrike<\/p>\n<p>Um nicht laufend Nudeln zu essen, wollt ich&#8217;s mal mit Kartoffelpfannen\/t\u00f6pfe probieren. Da das Kraut anbraten letztens im Topf gut funktioniert hat -&gt; probier ichs mal mit Speckw\u00fcrfel.<br \/>\nDa die gekochten, gek\u00fchlten Kartoffel immer so nass sind -&gt; mal mit den tiefgek\u00fchlten Kartoffelspalten probieren. Werden dann wohl hoffentlich genauso ein paar Tage gek\u00fchlt halten?!<br \/>\nDa ich bei den Gew\u00fcrzen keinen K\u00fcmmel gefunden hab, gibts die Kartoffeln eben italienisch &#8211; mit Rosmarin. Mag ich eh auch sehr.<br \/>\nDie gegrillten Paprika aus dem Glas dazu, die sind in \u00d6l eingelegt, das man dann auch zum besseren Anbraten von Speck+Kartoffeln verwenden kann.<\/p>\n<p>\u00dcbrigens sind die Speckw\u00fcrfel auf&#8217;s Kilo gerechnet teurer als tiefgek\u00fchlte, panierte, fertig gegarte Schnitzel. Die kommen ein ander Mal dran.<\/p>\n<p>So eine Packung TK-Gem\u00fcse w\u00e4r zusammen mit den Kartoffeln aber vmtl. etwas zu viel f\u00fcr meinen K\u00fchlschrank gewesen. Daher das Glas Paprika. Ist aber doch etwas sehr \u00f6lig.<\/p>\n<p>K\u00e4se oder nicht, war ich mir nicht sicher. Mal probiert. Passt.<\/p>\n<p><a href='http:\/\/extra.inmontanis.info\/d\/74741-2\/DSC01440.jpg'><img src=http:\/\/extra.inmontanis.info\/d\/74740-3\/DSC01440.jpg \/><\/a><br \/>\n^ Heutige Eink\u00e4ufe<\/p>\n<p><a href='http:\/\/extra.inmontanis.info\/d\/74745-2\/DSC01441.jpg'><img src=http:\/\/extra.inmontanis.info\/d\/74744-3\/DSC01441.jpg \/><\/a><br \/>\n^ Kartoffel-Topf mit Speck, Paprika, Rosmarin und geriebenem Cheddar\/Mozzarella-K\u00e4se<\/p>\n<p>W\u00e4r auch mit Champignons\/Pilzen oder anderem Fleisch ausbaubar..<\/p>\n<p>Da das Impfpflichtgesetz in AT nun so gut wie durch ist, muss ich mir \u00fcberlegen, was ich nun machen soll. Werde ich die Strafen zahlen oder Einspruch erheben oder wegziehen? Eigentlich ist letzteres Pflicht, denn ich muss mir ja nur die Frage stellen, ob ich in so einem Land leben m\u00f6chte oder in so ein Land ziehen m\u00f6chte, ob \u00d6sterreich noch ein lebenswertes Land ist, und das ist jeweils ein eindeutiges Nein.<\/p>\n<p>Wohnung oder Haus kaufen in Schweden ist aber auch wieder mit etlichen Zusatzkosten verbunden und die zus\u00e4tzlichen monatlichen Kosten scheinen auch recht hoch zu sein, lt. Immobilienseiten, ohne dass die aber genau aufgeschl\u00fcsselt w\u00fcrden. Zumal man sich nicht sicher sein kann, ob Schweden nach der n\u00e4chsten Wahl im Herbst nicht auch die Ma\u00dfnahmen versch\u00e4rft. Und es die These gibt, dass Schweden von Gates&amp;Schwab aktuell nur deshalb nicht zu weiteren Ma\u00dfnahmen &#8220;gezwungen&#8221; werden, weil Schweden mit der Digitalisierung recht weit ist, angeblich das Aus des Bargelds bereits fixiert ist und sich die Leute eh schon frewillig ihre (Impf-) Chips unter die Haut transplantieren lassen. Kurz gesagt, ob Schweden in 1, 2, 5 Jahren noch lebenswert ist, ist ebenfalls fraglich. Bliebe alternativ noch eine Mietwohnung, falls man da irgendwo g\u00fcnstig was bekommt. In jedem Fall die Frage: einfach irgendwas billiges, weil ich sowieso unterwegs bin, oder sollte es was sein, was lagem\u00e4\u00df\u00edg sinnvoll f\u00fcr mich w\u00e4re? Aber was \/ wo w\u00e4re dann sinnvoll f\u00fcr mich?<\/p>\n<p>Eigentlich ist&#8217;s ja eh alles sinnlos, weil in dem Weltsystem, das durch diesen Staatsstreich installiert werden soll, will ich ja sowieso nicht mehr leben.<br \/>\n<a href='https:\/\/norberthaering.de\/die-regenten-der-welt\/ungeboosterte\/'>https:\/\/norberthaering.de\/die-regenten-der-welt\/ungeboosterte\/<\/a><\/p>\n<p><strong>21.1.2022<\/strong><\/p>\n<p>Ich hab zwar immer noch eine verstopfte Nase und dadurch einen eingeschr\u00e4nkten Geschmackssinn, aber ich hab doch recht h\u00e4ufig einen Hauch von diesem leckeren Kartoffelpfannenduft vom gestrigen Abendessen noch im Auto gerochen und laufend Hunger danach bekommen, w\u00e4hrend es vormittags so vor sich hin geschneit hat.<\/p>\n<p>Heizer im Bodenbereich bei Stufe 1 oder manchmal 2 funktioniert auch ganz gut. Hab den vormittags hinter den F\u00fc\u00dfen nach vorne gerichtet stehen, F\u00fc\u00dfe aber au\u00dferhalb des direkten Luftstroms, sonsts wird&#8217;s zu warm. Dadurch scheint auch Armaturenbrett\/verkleidung erw\u00e4rmt zu werden, das dann nach oben abstrahlt, so dass es mir auch obenrum warm genug ist. Kann bei st\u00e4rkeren Minustemperaturen oder Wind anders sein.<\/p>\n<p>In Storhogna sind mittlerweile 2 SL offen, allerdings nicht verbunden: einer der beiden Verbindungslifte (\u00fcbungsliftm\u00e4\u00dfig) und hinten einer der Tellerlifte, die den oberen Bereich erschlie\u00dfen. An diesem startete ich heute Mittag mal, war komplett leer.<\/p>\n<p>Zuf\u00e4lligerweise ging dann ab Mittag noch der linke Hauptlift in Betrieb (als ich vorbei fuhr, stand er noch) und sogar der Haupt-Verbindungslift war auch noch offen, somit mittlerweile fast alles offen hier. Wer h\u00e4tte das gedacht, cool.<\/p>\n<p><a href='http:\/\/ski.inmontanis.info\/d\/300093-2\/DSC01442.jpg'><img src=http:\/\/ski.inmontanis.info\/d\/300092-3\/DSC01442.jpg \/><\/a><br \/>\n^ SL Storhogna<\/p>\n<p><a href='http:\/\/ski.inmontanis.info\/d\/300097-2\/DSC01444.jpg'><img src=http:\/\/ski.inmontanis.info\/d\/300096-3\/DSC01444.jpg \/><\/a><br \/>\n^ SL Storhogna<\/p>\n<p><a href='http:\/\/ski.inmontanis.info\/d\/300101-2\/DSC01446.jpg'><img src=http:\/\/ski.inmontanis.info\/d\/300100-3\/DSC01446.jpg \/><\/a><br \/>\n^ Blick von der Bergstation SL Storhogna zum Skigebiet von Vemdalsskalet<\/p>\n<p><a href='http:\/\/ski.inmontanis.info\/d\/300105-2\/DSC01447.jpg'><img src=http:\/\/ski.inmontanis.info\/d\/300104-3\/DSC01447.jpg \/><\/a><br \/>\n^ Ex-SL rechts vom SL Storhogna<\/p>\n<p><a href='http:\/\/ski.inmontanis.info\/d\/300109-2\/DSC01448.jpg'><img src=http:\/\/ski.inmontanis.info\/d\/300108-3\/DSC01448.jpg \/><\/a><br \/>\n^ Abfahrt am SL Fj\u00e4lliften, allgemein hier sch\u00f6ner, unverbrauchter Schnee auf der Piste<\/p>\n<p><a href='http:\/\/ski.inmontanis.info\/d\/300113-2\/DSC01449.jpg'><img src=http:\/\/ski.inmontanis.info\/d\/300112-3\/DSC01449.jpg \/><\/a><br \/>\n^ SL Fj\u00e4lliften<\/p>\n<p><a href='http:\/\/ski.inmontanis.info\/d\/300117-2\/DSC01451.jpg'><img src=http:\/\/ski.inmontanis.info\/d\/300116-3\/DSC01451.jpg \/><\/a><br \/>\n^ Verbindungslift Sol, im oberen Bereich etwas schneearm, aber wenigstens endlich mal in Betrieb<\/p>\n<p><a href='http:\/\/ski.inmontanis.info\/d\/300121-2\/DSC01452.jpg'><img src=http:\/\/ski.inmontanis.info\/d\/300120-3\/DSC01452.jpg \/><\/a><br \/>\n^ Schaut ulktig aus, der GPS-Track vom 21.1.<\/p>\n<p><strong>Sa, 22.1.2022<\/strong><\/p>\n<p>Um 9 Uhr fing es heute zu schneien an und es war f\u00fcr heute auch durchgehend etwas Schneefall gemeldet &#8211; wenn auch keine 5cm bis abends. Aber nach dem st\u00e4rkeren Schneefall am Parkplatz in Storhogna, schneite es kaum noch. Nachmittags sogar blauer Himmel und alle Pisten in Kl\u00f6vsj\u00f6 heute recht gut fahrbar. Nix los, aber in Vemdalen bei der Retourfahrt um 14.45 eine lange Schlange an der linken KSB.<\/p>\n<p>Relativ warm wars auch, in den Talstationsbereichen hatte es getaut (daher tw. nasse Teller am Lift), oben knapp unter 0\u00b0. Somit heute ganz nett gewesen. Nur dann nachmittags am Campingplatz, da waren es wieder -10\u00b0.<\/p>\n<p><a href='http:\/\/ski.inmontanis.info\/d\/300125-2\/DSC01457.jpg'><img src=http:\/\/ski.inmontanis.info\/d\/300124-3\/DSC01457.jpg \/><\/a><br \/>\n^ Verbindungsabfahrt am Solliften und Blick r\u00fcber zum Storhogna-Skigebietsteil, Fj\u00e4lliften links und rechts der Storhognalift<\/p>\n<p><a href='http:\/\/ski.inmontanis.info\/d\/300129-2\/ge20210122a.jpg'><img src=http:\/\/ski.inmontanis.info\/d\/300128-3\/ge20210122a.jpg \/><\/a><br \/>\n^ GPS-Tracks Kl\u00f6vsj\u00f6\/Storhogna<\/p>\n<p><a href='http:\/\/ski.inmontanis.info\/d\/300133-2\/DSC01459.jpg'><img src=http:\/\/ski.inmontanis.info\/d\/300132-3\/DSC01459.jpg \/><\/a><br \/>\n^ Der linke der beiden Vargen-SL<\/p>\n<p><a href='http:\/\/ski.inmontanis.info\/d\/300137-2\/DSC01463.jpg'><img src=http:\/\/ski.inmontanis.info\/d\/300136-3\/DSC01463.jpg \/><\/a><br \/>\n^ Die beiden Vargen-SL, geh\u00f6ren nicht zum Skistar-Gebiet<\/p>\n<p>&#8212;<\/p>\n<p>Die Installation der Impfp\u00e4sse f\u00fchrt zu einer Umkehrung der Freiheit:<br \/>\n<a href='https:\/\/www.youtube.com\/watch?v=8TFKkbj01NQ'>https:\/\/www.youtube.com\/watch?v=8TFKkbj01NQ<\/a><br \/>\n(deutschsprachige Untertitel einschaltbar)<\/p>\n<p>Kennt ihr noch Milena Preradovic? Hat in den 90ern RTL Punkt 12 moderiert. Hab ich mir zusammen mit dem davor kommenden Familienduell auf Video aufgenommen und nach der Schule angeschaut. Oder in \u00d6sterreich vielleicht vor der Schule. Die ist auch auf der kritischen Seite, was das Corona-Thema angeht und hat etliche Interviews gemacht, z.B.:.<br \/>\n<a href='https:\/\/punkt-preradovic.com\/blutgerinnsel-gefahr-durch-alle-impfstoffe-mit-dr-wolfgang-wodarg\/'>https:\/\/punkt-preradovic.com\/blutgerinnsel-gefahr-durch-alle-impfstoffe-mit-dr-wolfgang-wodarg\/<\/a><\/p>\n<p>Viel wichtiger ist eigentlich dieses Video \u00fcber das Ende des Finanzsystems \/ Versklavung durch digitale Zentralbankw\u00e4hrungen und Grundeinkommen, was schon lange geplant sein soll, aber durch Corona nun recht einfach installiert werden k\u00f6nnte:<br \/>\n<a href='https:\/\/punkt-preradovic.com\/gefahr-transhumanismus-mit-ernst-wolff\/'>https:\/\/punkt-preradovic.com\/gefahr-transhumanismus-mit-ernst-wolff\/<\/a><br \/>\n.. da m\u00f6chte man nur noch laut losschreien.<\/p>\n<p><a href='https:\/\/www.youtube.com\/channel\/UC-q8URCNmX5Wg4R9kXtW4tg\/videos'>https:\/\/www.youtube.com\/channel\/UC-q8URCNmX5Wg4R9kXtW4tg\/videos<\/a><\/p>\n","protected":false},"excerpt":{"rendered":"<p>19.1.2022<\/p>\n<p>Mit ca. 2-4\u00b0 etwas w\u00e4rmer heute in Bj\u00f6rnrike, um 14 Uhr mal ein windiger Schneeschauer. Ansonsten gibt&#8217;s zum heutigen Tag nix zu sagen, hab auch keine Fotos gemacht.<\/p>\n<p>Was die Planung f\u00fcr n\u00e4chste Woche angeht, hm. Von hier bis S\u00e4len gibt&#8217;s ja haupts\u00e4chlich Lofsdalen, Fj\u00e4terv\u00e5len, Idre. Lofsdalen ist jetzt im Januar recht g\u00fcnstig, hat <a href=\"http:\/\/blog.inmontanis.info\/?p=7362\">[&#8230;]<\/a><\/p>\n","protected":false},"author":1,"featured_media":7364,"comment_status":"closed","ping_status":"closed","sticky":false,"template":"","format":"standard","meta":{"footnotes":""},"categories":[185,19,27,623],"tags":[],"class_list":["post-7362","post","type-post","status-publish","format-standard","has-post-thumbnail","hentry","category-2021-08-skandinavien","category-schwedensweden","category-skifahren-winterskiing-winter","category-vemdalen","odd"],"_links":{"self":[{"href":"http:\/\/blog.inmontanis.info\/index.php?rest_route=\/wp\/v2\/posts\/7362","targetHints":{"allow":["GET"]}}],"collection":[{"href":"http:\/\/blog.inmontanis.info\/index.php?rest_route=\/wp\/v2\/posts"}],"about":[{"href":"http:\/\/blog.inmontanis.info\/index.php?rest_route=\/wp\/v2\/types\/post"}],"author":[{"embeddable":true,"href":"http:\/\/blog.inmontanis.info\/index.php?rest_route=\/wp\/v2\/users\/1"}],"replies":[{"embeddable":true,"href":"http:\/\/blog.inmontanis.info\/index.php?rest_route=%2Fwp%2Fv2%2Fcomments&post=7362"}],"version-history":[{"count":2,"href":"http:\/\/blog.inmontanis.info\/index.php?rest_route=\/wp\/v2\/posts\/7362\/revisions"}],"predecessor-version":[{"id":9095,"href":"http:\/\/blog.inmontanis.info\/index.php?rest_route=\/wp\/v2\/posts\/7362\/revisions\/9095"}],"wp:featuredmedia":[{"embeddable":true,"href":"http:\/\/blog.inmontanis.info\/index.php?rest_route=\/wp\/v2\/media\/7364"}],"wp:attachment":[{"href":"http:\/\/blog.inmontanis.info\/index.php?rest_route=%2Fwp%2Fv2%2Fmedia&parent=7362"}],"wp:term":[{"taxonomy":"category","embeddable":true,"href":"http:\/\/blog.inmontanis.info\/index.php?rest_route=%2Fwp%2Fv2%2Fcategories&post=7362"},{"taxonomy":"post_tag","embeddable":true,"href":"http:\/\/blog.inmontanis.info\/index.php?rest_route=%2Fwp%2Fv2%2Ftags&post=7362"}],"curies":[{"name":"wp","href":"https:\/\/api.w.org\/{rel}","templated":true}]}}