{"id":7356,"date":"2022-01-18T19:28:36","date_gmt":"2022-01-18T18:28:36","guid":{"rendered":"http:\/\/blog.inmontanis.info\/?p=7356"},"modified":"2023-08-05T11:50:56","modified_gmt":"2023-08-05T09:50:56","slug":"vemdalen-15-18-1-2022","status":"publish","type":"post","link":"http:\/\/blog.inmontanis.info\/?p=7356","title":{"rendered":"Vemdalen, 15.-18.1.2022"},"content":{"rendered":"<p><strong>Sa, 15.1.2022<\/strong><\/p>\n<p>Also wenn die Wettervorhersagen f\u00fcr \u00c5re n\u00e4chste Woche etwas besser w\u00e4ren, w\u00fcrd ich ja noch hier bleiben, weil die anderen Gebiete ja auch nach wie vor nichts sinnvolles offen haben bzw. ich noch Zeit hab, aber da eh jeden Tag wieder etwas Schnee gemeldet wird..<\/p>\n<p>Gestern Nachmittag dachte ich, die Halsschmerzen w\u00e4ren besser, aber nachts eher schlimmer, was aber nur relevant war, falls ich schlucken wollte, was ich eben vermied. Gut m\u00f6glich, dass die trockene Luft im Auto der Sache nicht dienlich ist. Und viel trinken tu ich im Auto auch immer nicht und momentan vielleicht noch weniger. Scheint sich auch langsam richtung Nase zu ziehen, wird also wohl noch ein paar Tage nerven.<\/p>\n<p>Da ich mich heut weiterhin nicht fit f\u00fcr einen ganzen Skitag w\u00e4hnte, ging ich es langsam an und wollte daher auf meiner Saisonkarte bleiben. Auch heute sind wieder die meisten Sessellifte wegen Sturm oder Vereisung geschlossen.<\/p>\n<p>Zwischenhalt f\u00fcr ein Hot Dog und dann nach Duved gefahren. Allerdings hab ich beimm Autofahren schon gemerkt, dass es mir nicht gut genug geht, um Ski zu fahren. Auch das Hotdog schien mich da nicht wirklich auf Trab zu bringen. Wobei ich auch immer der Meinung bin, dass man vom Rumsizten und Rumliegen auch nicht gesund wird bzw. auch nicht in Schwung kommt. Wetter w\u00e4r ja ganz ok gewesen, -1\u00b0, bedeckt mit einzelnen blauen Flecken.<\/p>\n<p><a href='http:\/\/extra.inmontanis.info\/d\/74713-2\/DSC01408.jpg'><img src=http:\/\/extra.inmontanis.info\/d\/74712-3\/DSC01408.jpg \/><\/a><br \/>\n^ Schneer\u00e4umer extrabreit<\/p>\n<p>Somit macht wohl auch ab Montag kein Zwischenhalt in einem fremden Skigebiet Sinn. Wobei es da ja eh nur Bydalen auf dem Weg g\u00e4be und da d\u00fcrfte oben auch noch nur eingeschr\u00e4nkt offen sein, wenn da wegen den Wettervorhersagen \u00fcberhgaupt so viel offen sein wird.<\/p>\n<p>Die zT. Seilf\u00e4hren am See neben \u00d6stersund (im Sommer gefahren) waren vor ein paar Tagen auch noch oder wieder in Betrieb, also nicht die Eisstra\u00dfe auf dem zugefrorenen See offen. Sonst w\u00e4r ich da mal vorbei.<\/p>\n<p>Gegen\u00fcber vom Camingplatz ist \u00fcbrigens die \u00c5re Skidfabrik, also lokaler Ski-Hersteller:<br \/>\n<a href='https:\/\/www.areskidfabrik.se\/brands\/'>https:\/\/www.areskidfabrik.se\/brands\/<\/a><\/p>\n<p>Nachmittags doch etwas bereut, nicht die Ski angezogen haben, so wie mir mein Kreuz mittlerweile schmerzt, brauch ich unbedingt Bewegung. Daf\u00fcr dann am Campingplaftz die Ski vom Tr\u00e4ger genommen. Dicke Eisschicht auf den oberen Teilen, teils auch etwas unten. Mit F\u00f6hn das Eis entfernt, auch an den Bindungsbereichen&#8230; wenigstens dadurch mal nicht gesessen&#8230;<\/p>\n<p>T\u00fcren beifahrerseitig unten auch dickes Eis, teilweise versucht abzuschlagen, auch kofferraumseitig unnd an den Lichtern, aber nicht alles wegbekommen.<\/p>\n<p><a href='http:\/\/extra.inmontanis.info\/d\/74717-2\/DSC01410.jpg'><img src=http:\/\/extra.inmontanis.info\/d\/74716-3\/DSC01410.jpg \/><\/a><br \/>\n^ zwei Schl\u00e4uche nun nahe am Geh\u00e4use abgebrochen &#8211; dort hab ich ja nie eine starke Verbiegung eigentlich&#8230;<\/p>\n<p>F\u00fcr das Reinigen der Toilette hat der Campingplatzbesicher anscheinend irgendeine Frau, aber die kommt ggf. wohl nur 1x die Woche, wie es scheint. Handpapier ist hin und wieder tagelang leer.<\/p>\n<p>Heutiger Kulinarik-Test: schwedischer Kraut-Pizzasalat (Wei\u00dfkohl, Raps\u00f6l, Essig, Zucker, Salz, Pfeffer) &#8230;<br \/>\n.. allein mit Brot\/Semmel? N\u00f6, zu sauer-bitter.<br \/>\n.. in die (wenn auch falschen) Nudeln als eine art \u00f6sterreichische Krautfleckerl? Aber mit oder ohne den sauren Essigsud? H\u00e4tt mir vielleicht noch K\u00fcmmel oder Speckw\u00fcrfel mit kaufen sollen.<\/p>\n<p>Rezepteseitenm\u00e4\u00dfig soll man den Kohl separat anr\u00f6sten. Prinzipiell mag ich ja auch angepratene Nudeln, so dass ich auch beides zusammen etwas anbraten k\u00f6nnte?! Funktioniert in meinem Topf eh immer nicht so gut. Gab dann jedenfalls mal einen sehr essigsauren Geruch, als ich nur den Salat samt Sud angebraten hab &#8211; das Wasser verkochte dann, lie\u00df das ja in der So\u00dfe befindliche \u00d6l \u00fcbrig, der Essig ging anscheinend in die Luft \u00fcber und schon schmeckte das Kraut s\u00fc\u00dfer und br\u00e4unte auch leicht an.<\/p>\n<p>Allerdings schien es aus dem Topf geholt fast nun etwas wenig, h\u00e4tte ich zu Mittag vielleicht nix von essen sollen. Aber Grundidee war ja, das generell zu Mittag zu essen &#8211; und abends ein Fertiggericht zu machen. Das muss halt bis morgen warten. Eine Sauce ist ja bei Krautfleckerl sonst keine dabei.<\/p>\n<p>Lt. Rezept sollte man auch Zwiebel reintun &#8211; gut, paar R\u00f6stzwiebel hab ich da, die kommen immer gleich ins Nudelwasser mit rein, das entfaltet den Geschmack mehr.<\/p>\n<p>Leider hab ich danach noch zu viel Pfeffer drauf getan, mit weniger oder ohne h\u00e4tte es mir wohl besser geschmeckt. Aber war schon mal ganz gut so.<\/p>\n<p><a href='http:\/\/extra.inmontanis.info\/d\/74721-2\/DSC01414.jpg'><img src=http:\/\/extra.inmontanis.info\/d\/74720-3\/DSC01414.jpg \/><\/a><br \/>\n^ Hat doch funktioniert, das Pizzasalat-Kraut im Topf anzubr\u00e4unen<\/p>\n<p>Tja, also diese 2. Woche am \u00c5re Campingplatz haben sich mal nicht gelohnt, da ich gerade mal Mo+Di Ski gefahren bin und den Rest der Woche wegen Wetter und Krank auslassen hab.<\/p>\n<p><strong>16.1.2022<\/strong><\/p>\n<p>Auf dem Weg wieder nach S\u00fcden k\u00e4me ich ja wie bei der Rauffahrt am KSSL Pers\u00e5sbacken vorbei. Die hatten erst letztes WE, dann dieses WE \u00f6ffnen wollen, mussten es aber auch wieder verschieben. Da das Wetter heute in Kl\u00f6vsj\u00f6 besser sein soll als in \u00c5re, hier vormittags wieder Schneefall, wollte ich erst nachmittags in Kl\u00f6vsj\u00f6 ein bisschen auf Skiern stehen.<\/p>\n<p>Bevor Warmfront und Unwetter kam, bin ich die Schneeberichte aus Vemdalen und S\u00e4len durchgegangen, in Kl\u00f6vsj\u00f6 war zumindest Verbindungslift und ein weiterer SL im oberen Storhogna-Teil offen, in S\u00e4len war die Verbindung zwischen Lindvallen und H\u00f6gfj\u00e4llet offen. Aktuell steht bei beiden wieder geschlossen (ohne irgendeinen Grund, also vmtl. wieder schneemangel) .. Was schade ist, denn w\u00e4re in Kl\u00f6vsj\u00f6 endlich der obere Teil vern\u00fcnftig offen gewesen, h\u00e4tte ich mir vielleicht einen dazu n\u00e4heren (und sogar g\u00fcnstigeren) Campingplatz nehmen k\u00f6nnen, ggf. zumindest f\u00fcr ein paar Tage. Aber so sch\u00f6n liegt der Platz in \u00c5sarna nicht, zwischen Hauptstra\u00dfe und Zug, wobei da vmtl. weniger Zugverkehr sein wird als zwischen \u00d6stersund und \u00c5re. Der hat heut fr\u00fch\/nacht wieder mehrmals getutet pro Fahrt.<\/p>\n<p>Bei den Temperaturen k\u00f6nnt ich nat\u00fcrlich auch mal wieder frei stehen, aber da muss man ja erst einen Platz finden. Die offiziellen Parkpl\u00e4tze in den 3 Vemdalen-Skigebieten haben allesamt Nachtparkverbot.<\/p>\n<p>Das Eis-Freimachen der Ski h\u00e4tt ich mir auch sparen k\u00f6nnen, blieb heut knapp \u00fcber 0\u00b0 und auch andere Eisreste am Auto sind nun abgetaut.<\/p>\n<p>In Kl\u00f6vsj\u00f6 angekommen: etwas blauer Himmel, windig, weniger Schnee unten als zuletzt und nix los. Pisten unsch\u00f6n hart, oben windig-abgeweht, Verbindung nach Storhogna hatte oben im Gipfelbereich auch weniger Schnee als Anfang des Jahres (alles gr\u00fcn). Bin ca. 1-1,5h geblieben und nicht den Sessel gefahren &#8211; schlie\u00dflich die letzten Tage genug gesessen.<\/p>\n<p>Sollte mir zu manchen Zeiten den Reflex abgew\u00f6hnen, dort hin zu fahren, wo das Wetter besser ist. Zumindest h\u00e4tte der t\u00e4gliche Schneefall in \u00c5re n\u00e4chste Woche f\u00fcr bessere Pistenverh\u00e4ltnisse gesorgt als in Vemdalen. Ob aber die Offpistevarianten in Duved gut zu fahren gewwesen w\u00e4ren, keine Ahnung&#8230; ab Dienstag w\u00e4r auch wieder etwas Regen gemeldet gewesen, danach k\u00e4lter + kein Schnee mehr bzw. bis zum Ende der Woche mal etwas Schneeregen.<\/p>\n<p><a href='http:\/\/ski.inmontanis.info\/d\/300041-2\/DSC01418.jpg'><img src=http:\/\/ski.inmontanis.info\/d\/300040-3\/DSC01418.jpg \/><\/a><br \/>\n^ Kl\u00f6vsj\u00f6, der SL Rastdalen rechts unten mit seiner weit entfernten Schneise vom Hauptgebiet war heut offen<\/p>\n<p><a href='http:\/\/ski.inmontanis.info\/d\/300045-2\/DSC01420.jpg'><img src=http:\/\/ski.inmontanis.info\/d\/300044-3\/DSC01420.jpg \/><\/a><br \/>\n^ Verbindung zum SL Rastdalen geht problemlos, retour muss man etwas schieben.<\/p>\n<p><a href='http:\/\/ski.inmontanis.info\/d\/300049-2\/DSC01421.jpg'><img src=http:\/\/ski.inmontanis.info\/d\/300048-3\/DSC01421.jpg \/><\/a><br \/>\n^ SL Rastdalen, sogar die Talstation ist unbemannt und nur auf einer Seite vom SL sind ein paar wenige H\u00e4user, also wof\u00fcr es den gebraucht hat..?!<\/p>\n<p>Im Gegensatz zur 6KSB in Kl\u00f6vsj\u00f6 waren die 3 Haupt-KSB in Vemdalsskalet bei der folgenden Vorbeifahrt geschlossen, nur die kurze fu\u00dfrasterlose ging.<\/p>\n<p>Am Campingplatz angekommen, lag ebenfalls etwas weniger Schnee. Leider dauerte es diesmal etwas l\u00e4nger \/ Stunde oder so, bis die Besitzer da waren, waren wohl irgendwo unterwegs und es waren auch Dusch- und Toilettenbereiche abgeschlossen, also wohl keine G\u00e4ste da und die Saisonniers haben evtl. eigene Schl\u00fcssel? Ne, macht aber auch keinen Sinn, die w\u00fcrden dann ja sonst immer absperren, wenn sie nicht wisssen, dass sie offen lassen sollen, weil Fremde da sind.<\/p>\n<p>Da ich momentan mal wieder etwas Abwechslung zu Nudeln brauch und ja die Hostel-Saison wie letztes Jahr wegzufallen scheint, kauf ich mir nun trotzdem \u00f6fters mal wieder ein TK-Fertiggericht. Schmeckt ja viel zu gut und preislich ja auch g\u00fcnstig. Auch von dem sprudellosen Leitungswasser mit dem Aroma vermischt hab ich geschmacklich genug und nehm wieder \u00f6fters eine Limo oder Cola vom Supermarkt mit.<\/p>\n<p><a href='http:\/\/extra.inmontanis.info\/d\/74725-2\/DSC01423.jpg'><img src=http:\/\/extra.inmontanis.info\/d\/74724-3\/DSC01423.jpg \/><\/a><br \/>\n^ Sonnenuntergang am Campingplatz<\/p>\n<p>Abends stieg die Verstopfung in die Nase, aber in der Nacht war die Nase wieder frei und der Hals schmerzte beim Schlucken. Am n\u00e4chsten morgen kehrte sich das wieder um.<\/p>\n<p>Derweil \u00d6sterreich nun die \u00c4nderungen vom Impfpflichtgesetz vorgestellt hat:<\/p>\n<p><a href='https:\/\/orf.at\/stories\/3243827\/'>https:\/\/orf.at\/stories\/3243827\/<\/a><br \/>\n&#8220;Die Impfpflicht wird nun aber in drei Phasen eingef\u00fchrt. Ab Anfang Februar \u2013 in einer \u201eEingangsphase\u201c bis 15. M\u00e4rz \u2013 wird jeder Haushalt schriftlich \u00fcber die Ma\u00dfnahme informiert. Danach wird die Impfpflicht zum Kontrolldelikt, kontrolliert wird ab 16. M\u00e4rz etwa im Rahmen von Kontrollen im Stra\u00dfenverkehr. Wird jemand ertappt, der nicht geimpft ist, muss er ab diesem Zeitpunkt mit einer Anzeige und auch einer Strafe rechnen.<\/p>\n<p>Sollte es epidemiologisch notwendig sein, tritt sp\u00e4ter die dritte Phase in Kraft. Dann bekommen Ungeimpfte einen Impftermin zugeordnet, wenn sie diesen nicht einhalten, bekommen sie automatisierte Impfstrafverf\u00fcgungen ausgestellt. Voraussetzung f\u00fcr die Umsetzung dieser Phase ist die Zustimmung des Parlaments im Hauptausschuss&#8221;<\/p>\n<p>Strafen bleiben h\u00f6henm\u00e4\u00dfig ident, in der Menge her aber anders:<br \/>\n&#8220;Der Strafrahmen reicht von 600 Euro (im abgek\u00fcrzten Verfahren) bis 3.600 Euro (im ordentlichen Verfahren).&#8221;<br \/>\n&#8220;Im Rahmen des Kontrolldelikts werde den Regierungspl\u00e4nen zufolge maximal viermal pro Kalenderjahr gestraft. In der dritten Phase \u2013 sofern dann tats\u00e4chlich fl\u00e4chendeckende Strafen f\u00fcr Ungeimpfte kommen sollten \u2013 soll maximal zweimal im Jahr gestraft werden.&#8221;<\/p>\n<p>Jedenfalls kann man wohl davon ausgehen, dass es mich bei der R\u00fcckreise bei Grenzkontrollen erwischen k\u00f6nnte. Noch ist das Gesetz aber noch nicht formell durch und vielleicht hebt es das Verfassungsgericht ja wieder auf.<\/p>\n<p><a href='https:\/\/www.sozialministerium.at\/Corona-Schutzimpfung\/Impfpflicht\/Allgemeine-Informationen.html'>https:\/\/www.sozialministerium.at\/Corona-Schutzimpfung\/Impfpflicht\/Allgemeine-Informationen.html<\/a><br \/>\n<a href='https:\/\/www.sozialministerium.at\/Corona-Schutzimpfung\/Impfpflicht\/Umsetzung.html'>https:\/\/www.sozialministerium.at\/Corona-Schutzimpfung\/Impfpflicht\/Umsetzung.html<\/a><br \/>\n<a href='https:\/\/www.sozialministerium.at\/Corona-Schutzimpfung\/Impfpflicht\/Gesetzesentwurf.html'>https:\/\/www.sozialministerium.at\/Corona-Schutzimpfung\/Impfpflicht\/Gesetzesentwurf.html<\/a><\/p>\n<p>&#8221;<br \/>\nDie COVID-19-Impfpflicht wird in 3 Phasen umgesetzt:<\/p>\n<p>Phase 1: Anfang Februar* bis 15. M\u00e4rz<br \/>\nIn der Anfangsphase haben alle Personen, bei denen noch eine Corona-Schutzimpfung ausst\u00e4ndig ist Zeit, der COVID-19-Impfpflicht nachzukommen. Ab 15. M\u00e4rz ist ein aufrechter Impfstatus erforderlich!<br \/>\nPhase 2: 15. M\u00e4rz bis zum 1. Impfstichtag**<br \/>\nIn der 2. Phase wird die Einhaltung der COVID-19-Impfpflicht durch Organe des \u00f6ffentlichen Sicherheitsdienstes fl\u00e4chendeckend kontrolliert und eine Nichteinhaltung der Bezirksverwaltungsbeh\u00f6rde angezeigt. Diese leitet in der Folge ein Verfahren ein. Die Kontrollen des \u00f6ffentlichen Sicherheitsdienstes erfolgen dann zum Beispiel im Rahmen von Kontrollen der Einhaltung der Schutzma\u00dfnahmen bzw. bei Verkehrskontrollen.<br \/>\nPhase 3: Ab dem 1. Impfstichtag**<br \/>\nAb dieser Phase wird die Einhaltung der COVID-19-Impfpflicht \u2013 durch einen Datenabgleich am Impfstichtag aus dem Melderegister, dem zentralen Impfregister und dem Epidemiologischen Meldesystem \u2013 ermittelt und eine Nichteinhaltung der COVID-19-Impfpflicht durch die Bezirksverwaltungsbeh\u00f6rde geahndet.<br \/>\n&#8221;<\/p>\n<p>&#8220;Das COVID-19-Impfpflichtgesetz tritt voraussichtlich mit 31. J\u00e4nner 2024 au\u00dfer Kraft. Das Gesetz muss dahin aber laufend auf seine Notwendigkeit \u00fcberpr\u00fcft werden.&#8221;<\/p>\n<p>Genesene sind 180 Tage ausgenommen. D.h. alternativ steckt man sich einfach alle 180 Tage im Jahr an. Insofern w\u00e4re jetzt ein positivier PCR-Test aus Schweden schon praktisch &#8230;<\/p>\n<p>Strafen im Rahmen von Polizeikontrollen in Phase 2 sollen auch nur max. 600 \u20ac sein. Aber, wenn man Einspruch erhebt, kann das eben bis 3600 \u20ac kosten. Was aber anscheiennd offiziell gar nicht erlaubt ist.<br \/>\n<a href='https:\/\/salzburg.orf.at\/stories\/3138950\/'>https:\/\/salzburg.orf.at\/stories\/3138950\/<\/a><\/p>\n<p>Vorteil f\u00fcr die Politiker an der nun ge\u00e4nderten Phase 2: Es gibt nicht von heute auf morgen 100.000e Beschwerden&#8230; Zu dem die &#8220;Impf-Stichtage&#8221; nur noch 2x im Jahr sein sollen -&gt; auch weniger Beschwerden. Und weil man nun explizit eine erh\u00f6herbare Strafm\u00f6glichkeit bei Einspr\u00fcchen nennt, wird es vmtl. auch weniger Einspr\u00fcche geben.<\/p>\n<p>Symptomm\u00e4\u00dfig heute eher durchgehend verstopfte Nase, kaum laufend (au\u00dfer wie \u00fcblich beim Skifahren, da l\u00e4uft sie ja sowieso dauernd bei kalten Temperaturen), Halsschmerz abends wieder etwas zunehmend, weiterhin auch etwas Durchfall. Wetterm\u00e4\u00dfig heute Abend mal wieder Schifffskabine, also starker Wind, mit etwas Schneefall.<\/p>\n<p><strong>Mo, 17.1.2022<\/strong><\/p>\n<p>Der starke Wind gestern brachte ain paar cm Neuschnee mit, im Halbschlaf h\u00f6rte ich mal einen Schneer\u00e4umer am Campingplatz.<\/p>\n<p>Das mit der freien Nase in der Nacht k\u00f6nnte gerne bei allen Erk\u00e4ltungen so sein. Ein weiteres Omikron-Symptom sollen n\u00e4chtliche Schwei\u00dfausbr\u00fcche sein. Da war ich mir die letzten Tage nie sicher, ob es nicht einfach nur zu warm wurde mit meinen Heizungen und der nicht so kalten Termperatur nachts. Vergangene Nacht daher mal nur den Schuhheizer auf kleiner Stufe zum Heizen verwendet, so dass es nachts etwas k\u00e4lter wurde. Naja, kann nat\u00fcrlich trotzdem sein, dass ich mich einfach wieder zu dick zugedeckt hab, als ich einmal schwitzend aufwachte.<\/p>\n<p>\u00dcberraschenderweise ist es nun um 7:30 Uhr gar nicht mehr so dunkel, die Morgend\u00e4mmerung setzt jetzt zwischen 7 und 8 Uhr ein.<\/p>\n<p>Da es wegen der Impfpflicht in AT ja schon praktisch w\u00e4re, wenn ich jetzt einen positiven PCR-Test bekommen w\u00fcrde, wenn ich schon evtl. Corona habe, bin ich gestern nochmals die Websites f\u00fcr dieses Gegend durchgegangen. Da wird dann sogar eine Nummer f\u00fcr ein Krankenhaus genannt, wo man als Ausl\u00e4nder anrufen soll, wenn man keine e-ID hat (&#8220;Call to book your time.&#8221;). Da kommt aber lediglich ein Ansagedienst \/ Men\u00fcauswahl, wobei die schwedische Auswahl viel l\u00e4nger ist und im Englischen k\u00f6nnte man lediglich bei einer medizinischen Frage eine Voicemail hinterlassen, keine Ahnung also was ich da also sonst w\u00e4hlen soll um eine Zeit zu buchen.<\/p>\n<p>.. ok, ich gebs auf, dann halt kein positiver PCR-Test. Wer wei\u00df, ob der im Mai \u00fcberhaupt noch g\u00fcltig gewesen w\u00e4re, vielleicht wird die 180-Tage-G\u00fcltigkeit bis dahin eh runtergeschraubt.<\/p>\n<p><a href='http:\/\/ski.inmontanis.info\/d\/300053-2\/DSC01425.jpg'><img src=http:\/\/ski.inmontanis.info\/d\/300052-3\/DSC01425.jpg \/><\/a><br \/>\n^ SL Gr\u00e5hogna in Bj\u00f6rnrike ist nun auch offen, daf\u00fcr steht der linke Tellerlift momentan<\/p>\n<p><a href='http:\/\/ski.inmontanis.info\/d\/300057-2\/DSC01427.jpg'><img src=http:\/\/ski.inmontanis.info\/d\/300056-3\/DSC01427.jpg \/><\/a><br \/>\n^ .. allerdings auch wieder nicht bis ganz hinauf, das oberste St\u00fcck am SL Gr\u00e5hogna ist noch geschlossen, somit der dritte der langen Gipfel-SL, der wie die beiden anderen derzeit nicht ganz offen ist<\/p>\n<p><a href='http:\/\/ski.inmontanis.info\/d\/300061-2\/DSC01428.jpg'><img src=http:\/\/ski.inmontanis.info\/d\/300060-3\/DSC01428.jpg \/><\/a><br \/>\n^ SL Gr\u00e5hogna, da lie\u00df sich eine Frau auf dem Bauch liegend, ohne Ski (auch ohne Skischuhe) mit dem SL raufziehen ..<\/p>\n<p>Das Starten des Autos ging in letzter Zeit wieder ohne Notknopf, wenn es sich auch tw. nicht ganz sauber anh\u00f6rt. K\u00f6nnte das jetzt nicht mal wieder spinnen, h\u00e4tte mir vorgenommen, das Starter- und Hupenrelais zu tauschen, wenn es wieder spinnen sollte.<\/p>\n<p>Daf\u00fcr wollte heute Nachmittag der teure, norwegische Schuhheizer nicht mehr heizen &#8211; egal in welcher Einstellung, nur Luft ohne W\u00e4rme :( Vormittags noch problemlos funktioniert.<\/p>\n<p>Also das Teil mal aufgeschraubt, vielleicht ist es ja nur irgendwo verstopft? Der Filter auf der R\u00fckcseite war zwar sauber, aber der obere Teil des Heizelements mit Staub verstopft. Gereinigt, wieder zusammengeschraubt, aber die Luft blieb kalt. Evtl. also durch die Verstopfung irgendwas \u00fcberhitzt und kaputt gegangen. Oder der Funktionsverlust hat andere Gr\u00fcnde.<\/p>\n<p><a href='http:\/\/extra.inmontanis.info\/d\/74729-2\/DSC01430.jpg'><img src=http:\/\/extra.inmontanis.info\/d\/74728-3\/DSC01430.jpg \/><\/a><br \/>\n^ Verstopfter oberer Teil der Heizung des Schuhheizers &#8211; aber ob er deshalb kaputt gegangen ist?<\/p>\n<p><a href='http:\/\/extra.inmontanis.info\/d\/74733-2\/DSC01431.jpg'><img src=http:\/\/extra.inmontanis.info\/d\/74732-3\/DSC01431.jpg \/><\/a><br \/>\n^ Schuhheizer aufgeschraubt<\/p>\n<p><a href='http:\/\/extra.inmontanis.info\/d\/74737-2\/DSC01432.jpg'><img src=http:\/\/extra.inmontanis.info\/d\/74736-3\/DSC01432.jpg \/><\/a><br \/>\n^ Schuhheizer aufgeschraubt<\/p>\n<p>Gut, dass es momentan nicht so kalt ist, aber vormittags wird mir das Teil halt fehlen, wenn ich a) den Fu\u00dfbereich im Fahrererraum und b) die Skischuhe im Beifahrerfu\u00dfraum nicht w\u00e4rmen kann. Ok, letzteres k\u00f6nnte ich mit meinem alten Therm-IC-Schuhtrockner nat\u00fcrlich auch probieren.<\/p>\n<p>Einen billigen, neuen Schuhtrockner bek\u00e4me ich zwar in einem Biltema- oder Jula-Markt, aber weit und breit keiner da &#8211; der n\u00e4chste im Norden in \u00d6stersund und im S\u00fcden in Mora. Hier und da gibts zwar auch regionale Baum\u00e4rkte in den T\u00e4lern, aber wer da einen Schuhtrockner hat und zu welchen Preis, fraglich. Elgiganten auch erst in \u00d6stersund. Dollarstore g\u00e4b&#8217;s etwas n\u00e4her, aber der scheint sowas nicht zu haben. (Europris in NO hat da teilweise eine andere Auswahl.)<\/p>\n<p>Tja, kann maximal noch in Superm\u00e4rkten schauen, die haben ja auch manchmal ein paar andere Kaufhaus-Warenhaus-Sachen.<\/p>\n<p><strong>18.1.2022<\/strong><\/p>\n<p>Abends, also mit den verdeckten Fenstern, reicht mir der Heizer im vorderen Fu\u00dfraum nach hinten blasend ja durchaus aus bei den momentanen Temperaturen. Vormittags war die Sache schon schwieriger, wenn ich vorne sitze, kann ich den Heizer entweder unten oder oben haben und in beiden F\u00e4llen wird der Rest nicht warm genug. Und ihn auf voller Stufe zu stellen, wird das nicht l\u00f6sen und ihn irgendwie hinter den Schuhheizer als Vorheizer zu tun, f\u00e4llt platzm\u00e4\u00dfig auch aus. Bei der n\u00e4chsten K\u00e4ltew\u00e4lle brauch ich da also einen Ersatz. Allerdings wird einer der billigen 350W-Schuhheizer vielleicht auch nicht reichen, da ich den vormittags schon meistens mit voller Pulle laufen lie\u00df, erst recht bei -20\u00b0.<\/p>\n<p>Dennoch gefiel mir das mit den Schl\u00e4uchen und der M\u00f6glichkeit, die hei\u00dfe Luft in verschiedene Bereiche lenken zu k\u00f6nnen.<\/p>\n<p>Skifahren heute in Vemdalsskalet, hier sind mittlweile alle Abfahrten offen. Die wenigen Leute und das bisschen Neuschnee der letzten Tage haben auch hier zu weniger vereisten Pisten gef\u00fchrt, au\u00dfer einige windm\u00e4\u00dfig abgewehten oberen St\u00fccke, aber weit weniger als zum Jahreswechsel.<\/p>\n<p><a href='http:\/\/ski.inmontanis.info\/d\/300065-2\/DSC01433.jpg'><img src=http:\/\/ski.inmontanis.info\/d\/300064-3\/DSC01433.jpg \/><\/a><br \/>\n^ Mittags in Vemdalsskalet<\/p>\n<p><a href='http:\/\/ski.inmontanis.info\/d\/300069-2\/DSC01434.jpg'><img src=http:\/\/ski.inmontanis.info\/d\/300068-3\/DSC01434.jpg \/><\/a><br \/>\n^ Hier erkannt man die Vorg\u00e4nger-SL-Trasse vor der (linken) 6KSB und wo deren Bergstation war, von der ein Weg nach links und rechts weg ging. Der Weg links f\u00fchrt von der schwarzen zur roten Abfahrt und dann direkt weiter von dort zur blauen Abfahrt. Dieser letzte Abschnitt ist offiziell noch vorhanden und den bin ich heute mal gefahren.<\/p>\n<p><a href='http:\/\/ski.inmontanis.info\/d\/300073-2\/DSC01435.jpg'><img src=http:\/\/ski.inmontanis.info\/d\/300072-3\/DSC01435.jpg \/><\/a><br \/>\n^ .. evtl. gabs im unteren Bereich auch eine Abfahrt rechts der SL-Trasse<\/p>\n<p>Im ICA-Supermarkt Vemdalen gab es durchaus ein paar Elektro-Kleinger\u00e4te, aber nichts in Richtung Heizer oder Schuhtrockner. Und noch was, was derzeit kaputt wird: das Uhrenarmband. Eh nicht mehr das Original von dieser Uhr, aber keine Ahnung, von welcher das gekommen ist. Das Plastik wird mit den Jahren br\u00fcchig und das engere Loch ist nun auf einer Seite vom Rand her eingerissen.<\/p>\n<p>Heut Abend anscheinend etwas voller am Campingplatz, nachdem ich nachmittags allein zu sein schien, kamen in der Dunkelheit nach 16 Uhr die Nachbarn zur linken (Dauerstellplatz) und sp\u00e4ter sah ich noch einen PKW mit Schneemobil-Anh\u00e4nger.<\/p>\n<p>Ansonsten scheint meine Erk\u00e4ltung oder Coronainfektion oder was auch immer, mittlerweile nachzulassen, die Nase ist weniger verstopft und daher schmecke ich nun wieder mehr als gestern, auch das \u00fcblich-blutige Schleimzeug ist durch Niesen hin und wieder rausgegangen und hat die Schluckbeschwerden verbessert.<\/p>\n<p>Achso, bin wieder insg. 1 Woche an dem Campingplatz hier, weil g\u00fcnstiger. Danach sollte es &#8211; bevor es nach S\u00e4len geht &#8211; einige Tage mal in ein paar andere Skigebiete dazwischen gehen.<\/p>\n<p>&#8211;<\/p>\n<p>Wer eineinhalb Stunden Zeit hat, schweizer Arzt und deutscher Journalist:<br \/>\n<a href='https:\/\/tube4.apolut.net\/w\/fWkmX9XLVDM2LorGTrj2uN?start=1h43m16s'>https:\/\/tube4.apolut.net\/w\/fWkmX9XLVDM2LorGTrj2uN?start=1h43m16s<\/a><\/p>\n","protected":false},"excerpt":{"rendered":"<p>Sa, 15.1.2022<\/p>\n<p>Also wenn die Wettervorhersagen f\u00fcr \u00c5re n\u00e4chste Woche etwas besser w\u00e4ren, w\u00fcrd ich ja noch hier bleiben, weil die anderen Gebiete ja auch nach wie vor nichts sinnvolles offen haben bzw. ich noch Zeit hab, aber da eh jeden Tag wieder etwas Schnee gemeldet wird..<\/p>\n<p>Gestern Nachmittag dachte ich, die Halsschmerzen w\u00e4ren besser, <a href=\"http:\/\/blog.inmontanis.info\/?p=7356\">[&#8230;]<\/a><\/p>\n","protected":false},"author":1,"featured_media":7360,"comment_status":"closed","ping_status":"closed","sticky":false,"template":"","format":"standard","meta":{"footnotes":""},"categories":[185,19,27,623],"tags":[],"class_list":["post-7356","post","type-post","status-publish","format-standard","has-post-thumbnail","hentry","category-2021-08-skandinavien","category-schwedensweden","category-skifahren-winterskiing-winter","category-vemdalen","odd"],"_links":{"self":[{"href":"http:\/\/blog.inmontanis.info\/index.php?rest_route=\/wp\/v2\/posts\/7356","targetHints":{"allow":["GET"]}}],"collection":[{"href":"http:\/\/blog.inmontanis.info\/index.php?rest_route=\/wp\/v2\/posts"}],"about":[{"href":"http:\/\/blog.inmontanis.info\/index.php?rest_route=\/wp\/v2\/types\/post"}],"author":[{"embeddable":true,"href":"http:\/\/blog.inmontanis.info\/index.php?rest_route=\/wp\/v2\/users\/1"}],"replies":[{"embeddable":true,"href":"http:\/\/blog.inmontanis.info\/index.php?rest_route=%2Fwp%2Fv2%2Fcomments&post=7356"}],"version-history":[{"count":5,"href":"http:\/\/blog.inmontanis.info\/index.php?rest_route=\/wp\/v2\/posts\/7356\/revisions"}],"predecessor-version":[{"id":9096,"href":"http:\/\/blog.inmontanis.info\/index.php?rest_route=\/wp\/v2\/posts\/7356\/revisions\/9096"}],"wp:featuredmedia":[{"embeddable":true,"href":"http:\/\/blog.inmontanis.info\/index.php?rest_route=\/wp\/v2\/media\/7360"}],"wp:attachment":[{"href":"http:\/\/blog.inmontanis.info\/index.php?rest_route=%2Fwp%2Fv2%2Fmedia&parent=7356"}],"wp:term":[{"taxonomy":"category","embeddable":true,"href":"http:\/\/blog.inmontanis.info\/index.php?rest_route=%2Fwp%2Fv2%2Fcategories&post=7356"},{"taxonomy":"post_tag","embeddable":true,"href":"http:\/\/blog.inmontanis.info\/index.php?rest_route=%2Fwp%2Fv2%2Ftags&post=7356"}],"curies":[{"name":"wp","href":"https:\/\/api.w.org\/{rel}","templated":true}]}}