{"id":7348,"date":"2022-01-14T17:21:57","date_gmt":"2022-01-14T16:21:57","guid":{"rendered":"http:\/\/blog.inmontanis.info\/?p=7348"},"modified":"2022-01-14T17:26:41","modified_gmt":"2022-01-14T16:26:41","slug":"gyda-du-sau-hast-mich-nass-gemacht-13-14-1-2022","status":"publish","type":"post","link":"http:\/\/blog.inmontanis.info\/?p=7348","title":{"rendered":"Gyda, du Sau, hast mich nass gemacht. 13.+14.1.2022"},"content":{"rendered":"<p><strong>13.1.2022<\/strong><\/p>\n<p>Der morgendliche WC-Gang war der mieseste, den ich je hatte.<\/p>\n<p>Hab mir vor dem Ausstieg die Spikes unter die Schuhe geklemmt, waren zwar nicht ganz rutschfest, aber man war auch etwas h\u00f6her. Hat einem aber nicht gereicht, von meinem Standplatz zum WC geht&#8217;s etwas runter und der absch\u00fcssige Weg runter zum Toilettenhaus war ein reisserischer, tiefer Fluss. Also jedenfalls tief genug, um nasse F\u00fc\u00dfe (einmal einen kompletten Wasserschwall in die Stiefelchen reinbekommen!) und Hosenbeine zu bekommen, die ich dann im Auto wieder trocknen musste. Direkt am Eingang vor dem Servicegeb\u00e4ude auch ein regelrechter See. Den Weg h\u00e4tte ich mir mal besser gespart.<\/p>\n<p>Skistar-Website meldet heute:<br \/>\n&#8220;Linbanan (D3), Tegeliften (D9), Ull\u00e5dalsliftarna (\u00c514), VM8:an (\u00c522), Gondolen (H23), Hummelliften (\u00c532), Fj\u00e4llg\u00e5rdsexpress (\u00c534), Sadelexpress (B37) is closed due to hard wind. Byliften (D1) is closed due to lack of snow.&#8221;<br \/>\nMittags erg\u00e4nzend:  &#8220;Englandsliften (D6) &#038; Gunnilliften (D7) is closed due to water problems&#8221;<\/p>\n<p>Gegen 9:30 kam der Traktor \/ Schneer\u00e4umer und schien den Schnee in den untren Bereichen wegzur\u00e4umen, evtl. damit auch der Fluss anders abflie\u00dft?<\/p>\n<p>Lawinensprengungen waren heute auch zu h\u00f6ren. Immerhin soll&#8217;s ja im Gipfelbereich schneien. Bei den Bergstation darunter lt. Webcams leider nur Regen. Ab Abend dann Schnee bis ins Tal gemeldet, evtl. 20-30cm \u00fcber Nacht. Mal gespannt, ob ich am n\u00e4chsten Skitag die Skitr\u00e4ger noch aufbekomm, und wenn ja, ob die Skibindungen noch funktionieren oder alles komplett vereist sein wird. H\u00e4tte vorgestern wohl doch die Stecken vorsichtshalber im Auto verstauen sollen, mein drittes paar Ski liegt ja noch im Auto. <\/p>\n<p>Wenigstens sind jetzt auch mal die ganzen Pissflecken weg, ist m.E. unversch\u00e4mt von den Hundebsitzern, den Wegrand am Campingplatz von ihren Hunden vollpissen zu lassen und das nicht etwas mit den Schuhen wegzumachen \/ zu verdecken.<\/p>\n<p>Beim mitt\u00e4glichen Klogang hab ich auch das Flussproblem gesehen. Da quert ein Bergbach die Stra\u00dfe im Campingplatz und evtl. ist das Rohr unter der Stra\u00dfe zu klein dimensioniert oder etwas verstopft (das dar\u00fcber an der Hauptstra\u00dfe ist nicht mal halb gef\u00fcllt), so dass der Rest \u00fcber die Stra\u00dfe l\u00e4uft. Trotz nun besserem Abfluss danach viel zu tief dazwischen, alternativ muss man die B\u00f6schung rauf und auf dem au\u00dfen liegenden Fu\u00dfweg\/Stra\u00dfe (teils tiefer Nassschnee und rutschgef\u00e4hrdet) zum Servicegeb\u00e4ude, wo mittlerweile immerhin kein See mehr ist. Unterm Auto kommt jetzt auch der Rasen raus.<\/p>\n<p><a href='http:\/\/extra.inmontanis.info\/d\/74689-2\/DSC01397.jpg'><img src=http:\/\/extra.inmontanis.info\/d\/74688-3\/DSC01397.jpg \/><\/a><br \/>\n^ Wo die Stra\u00dfe runter geht, kommt von rechts ein Bach (oder vielleicht nur Abfluss von der Hauptstra\u00dfe), quert den Campingplatz nach links und flie\u00dft dann weiter runter zum See, das Wasser verlief aber heute teilweise wohl ca. 20cm tief auf der Stra\u00dfe.<\/p>\n<p>Um 11.30 hat mein Auto einen Ruck nach vorne gemacht &#8211; anscheinend war das Eis unter den R\u00e4dern zu rutschig geworden. Das k\u00f6nnte dann auch zu einem Problem mit dem Kabel f\u00fchren, wenn das weiter rutscht. <\/p>\n<p>Na wenigstens konnte ich heut mal die Schuh-Spikes verwendet, die 10 \u20ac nicht umsonst ausgegeben. So m\u00fcde wie gestern bin ich heute auch nicht mehr. <\/p>\n<p>Weiter westlich, auf norwegischer Seite, gab es wohl auch heftigen Regen mit \u00dcberschwemmungen und einen \u00fcberfluteten Campingplatz, wo ein Wohnwageninsasse per Boot gerettet werden musste:<br \/>\n<a href='https:\/\/www.nrk.no\/trondelag\/gyda_-brannvesenet-i-meraker-matte-ro-ut-for-a-evakuere-kvinne-pa-camping-1.15808602'>https:\/\/www.nrk.no\/trondelag\/gyda_-brannvesenet-i-meraker-matte-ro-ut-for-a-evakuere-kvinne-pa-camping-1.15808602<\/a><\/p>\n<p>Die Stra\u00dfe auf norwegischer Seite musste sogar gesperrt werden, \u00fcberhaupt sind in Norwegen heute etliche Stra\u00dfen gesperrt.<\/p>\n<p>Eine Stra\u00dfe ca. nordwestlich von Trondheim wurde weggesp\u00fclt und viele andere sind derzeit gesperrt:<br \/>\n<a href='https:\/\/www.nrk.no\/vestland\/fleire-stengde-vegar-over-heile-landet-1.15808562'>https:\/\/www.nrk.no\/vestland\/fleire-stengde-vegar-over-heile-landet-1.15808562<\/a><\/p>\n<p>Weitere Bilder aus Norwegen von dem Unwetter namens Gyda, wobei es auch auf schwedischer Seite vor der Grenze gr\u00f6\u00dfere \u00dcberschwemmungen gegeben haben soll:<br \/>\n<a href='https:\/\/www.nrk.no\/trondelag\/etter-ekstremvaeret-_gyda__-fjellbygden-meraker-i-trondelag-er-isolert-1.15810260?index=3#album-1-15808856'>https:\/\/www.nrk.no\/trondelag\/etter-ekstremvaeret-_gyda__-fjellbygden-meraker-i-trondelag-er-isolert-1.15810260?index=3#album-1-15808856<\/a><\/p>\n<p>Zugverkehr wurde hier ebenfalls ersatzlos eingestellt f\u00fcr die n\u00e4chsten Tage (sch\u00f6n, kein l\u00e4rmendes Getute), die Schulen in \u00c5re f\u00fcr den Rest der Woche geschlossen. 25-50-j\u00e4hriges Hochwasser, wobei es westlich von \u00c5re ja noch schlimmer sein soll als hier. Derweil in Stockholm sonnige +8\u00b0 sind. Selbst in Lappland, z.B. Arvidsjaur, recht warm mit 0\u00b0. Auch paar T\u00e4ler s\u00fcdlich von hier sonnig, wenn auch windig.<\/p>\n<p>Schnee im S\u00fcden ist die n\u00e4chsten Wochen leider keiner in Sicht, zwar mal kalt, aber f\u00fcr Anfang Februar soll es wieder warm und regnerisch werden. Na nerv. Und auch f\u00fcr \u00c5re wird n\u00e4chste Woche nochmal ein Regentag vorhergesagt, aber da bin ich ja eh nicht mehr da.<\/p>\n<p>Witzig, das schwedische Wort f\u00fcr Nassschnee ist &#8220;bl\u00f6tsn\u00f6&#8221; .. ja, der ist echt bl\u00f6d ;-)<\/p>\n<p>Hat man vor ein paar Wochen noch gemeint, Schweden k\u00f6nne von der &#8220;Omicron&#8221;-Welle verschont bleiben, weil niedrige Inzidenzen, weil Herdenimmunit\u00e4t, schaut die Sache mittlerweile leider auch anders aus. Wenn auch nicht so extrem wie die Werte aus Frankreich momentan. Naja, meine Meinung dazu kennt ihr ja. Auch vor der aktuellen Plandemie h\u00e4tte man den Zirkus jeden Winter machen k\u00f6nnen, indem man Erk\u00e4ltungen und grippale Infekte getestet und entsprechend als &#8220;Pandemie&#8221; bezeichnet h\u00e4tte. Nur dass man jetzt den Leuten das Leben dadurch schwermacht, Angst und Panik erzeugt.<\/p>\n<p>Hab mir letztens ger\u00e4ucherten Lachs in Scheiben gekauft, mal statt Fleisch zu den Nudeln. Aber nicht nur, dass er wesentlich teurer als in Norwegen ist, er schmeckt auch bei weitem nicht so gut &#8211; denn er ist sehr bitter. Vielleicht h\u00e4tte ich auch nur den anderen nehmen sollen&#8230;<\/p>\n<p>War heute auf der Suche nach einer alten Datei von 1993 oder 1994. Mit Suche nach Datum hab ich zwar viele Dateien gefunden, aber nicht das, was ich gesucht hatte. Teilweise haben meine alten Dateien aber auch ein recht neues Dateidatum, vmtl. bei irgendeiner Kopieraktion nicht richtig kopiert worden. Dass ich damals am Amiga schon Bilder einscannen und Videos capturen konnte, kann man sich heutzutage vmtl. auch kaum vorstellen ;)<\/p>\n<p>Datei gefunden? N\u00f6, wei\u00df auch gar nicht mehr, auf welchem System ich das gemacht hab, wei\u00df nur noch, dass es ausgedruckt eine reine ASCII-Datei war. Amiga &#038; Psion &#8211; Dateien hab ich aber mal grob durchgeschaut. Evtl. doch auf einem Sharp gemacht?<\/p>\n<p>Lesenswerter Artikel:<br \/>\n<a href='https:\/\/de.wikipedia.org\/wiki\/Italienische_Mafia'>https:\/\/de.wikipedia.org\/wiki\/Italienische_Mafia<\/a><br \/>\n.. bitte auch die verlinkten Artikel zu den einzelnen Mafiagruppen wie zB. Cosa Nostra, &#8216;Ndrangheta, Camorra zu lesen.<\/p>\n<p>Dazu folgende Fragestellungen:<br \/>\n.. wie kann es sein, dass die so viel Geld verdienen, 50 oder 100 Mrd. pro Jahr, es aber anscheinend trotzdem, nach so vielen Jahrzehnten, nicht m\u00f6glich ist, diese Gruppen alle aufzul\u00f6sen und zu inhaftieren?<\/p>\n<p>Gibt da wohl mehrere m\u00f6gliche Gr\u00fcnde, die da lt. den Artikeln w\u00e4re, die Verschwiegenheitsverpflichtungen und die Verflechtung zu vielen Leuten und auch Politiker werden z.B. genannt.<\/p>\n<p>.. Zusatzaufgabe. Wie wahrscheinlich k\u00f6nnte es sein, dass auch die Drahtzieher unseres allseits geliebten Corona-Themas derartig mafi\u00f6se Strukturen verwenden? &#8220;Organisiertes Verbrechen&#8221;, ja, h\u00f6rt sich nicht so unpassend an! Und sind die 100,- \u20ac pro Monat, die z.B. Griechenland von jedem ungeimpften \u00fcber 60 einfordert, nicht eine Art Schutzgelderpressung \u00e0 la &#8220;Zahl uns mal 100 \u20ac pro Monat und wir werden dich nicht Zwangsimpfen&#8221;?<\/p>\n<p>No, andere scheinen das wohl auch zu denken, ein deutscher Arzt hat die Plandemie bereits im Herbst 2019 vorhergesagt:<br \/>\n<a href='https:\/\/corona-transition.org\/haben-wir-es-bei-der-corona-pandemie-mit-einem-weltweit-organisierten'>https:\/\/corona-transition.org\/haben-wir-es-bei-der-corona-pandemie-mit-einem-weltweit-organisierten<\/a><\/p>\n<p>Jedenfalls, gerade das Beispiel der Mafia zeigt m.E. sehr sch\u00f6n, dass<\/p>\n<p>1.) das Argument &#8220;wenn das eine Verschw\u00f6rung w\u00e4re, w\u00e4r doch sicherlich schon irgendwer ausgestiegen&#8221; unzutreffend ist, wenn mafi\u00f6se oder andere B\u00fcnde \/ Sekten \/ Geheimgesellschaften dahinter stehen oder sich entsprechend verhalten (Scientology, Illuminaten, Freimaurer, etc.). Zudem werden die wenigen Whistleblower, die es gibt, von den \u00f6ffentlichem Medienkonglomerat totgeschwiegen und die Medien, wo sie sich \u00e4u\u00dfern k\u00f6nnen, von dem von den Regierungen und anderen Institutionen installierten Fake-News-Desinformations-Checker entsprechend diskreditiert.<\/p>\n<p>2.) wir B\u00fcrger erst recht keine Chance haben werden, dem gro\u00dfen Plan zu entkommen<\/p>\n<p><strong>Fr, 14.1.2022<\/strong><\/p>\n<p>Hatte \u00fcber Nacht trotz Nassschnee mehr geschneit als gemeldet. Ca. 20-30cm lagen, was bei Pulver ja viel mehr geworden w\u00e4ren und die Stra\u00dfe zum Toilettengeb\u00e4ude morgens noch nicht ger\u00e4umt, bin nach einigen Schritten wieder umgekehrt, war zu tief f\u00fcr Schuhe plus Spikes. Da ich die Fenster nachts teilweise nicht oder schlechter verdeckt hatte, war der Schnee vor der T\u00fcr mehr als anderswo, aber auch fester.<\/p>\n<p>Meine aktuellen Symptome nach wie vor: Halsschmerzen (seit gestern st\u00e4rker), noch kein Husten, noch kein Schnupfen, keine Appettitlosigkeit oder Geschmacks\/Geruchsst\u00f6rungen, wenn, dann nur minimales Fieber, auch die Augen schmerzen immer noch etwas beim Bewegen, bissl Durchfall. Evtl. andere Muskel\/K\u00f6rperteilschmerzen k\u00f6nnten durch das viele Sitzen\/Liegen begr\u00fcndet sein. Evtl. auch der Grund davon k\u00f6nnte die \u00dcberempfindlichkeit der behaarten K\u00f6rperhaut unter der Kleidung sein, f\u00fchlt sich teilweise wie Sonnenbrand an, aber das als Corona-Symptom hab ich noch nichts gelesen. Wird also wohl eh was anderes sein.<\/p>\n<p>Vorteil, wenn ich einen Test machen w\u00fcrde und der positiv w\u00e4re, dass ich dann die n\u00e4chsten 6 Monate als 2G gelten w\u00fcrde.<\/p>\n<p>Aber Testen lassen in Schweden funktioniert so, dass man sich den Test entweder Heimschicken soll, von jemand anders in einer Apotheke abholen lassen soll, oder einen Termin bei einem Testzentrum machen soll (dann ggf. trotzdem abholen, daheim machen, wieder abgeben?!). All das muss man online machen unter 1177.se, wo man sich mit einer elektronischen ID anmelden muss. Was f\u00fcr reisende Ausl\u00e4nder mal wieder schwierig ist, die keine schwedische Bank-ID haben. Es gibt zwar einen Punkt &#8220;Foreign e-id&#8221;, aber da steht dann:<br \/>\n&#8220;You may use your e-identity from another EU country to log in. At this point only a few foreign e-identities has been authorized for signing in and using Swedish e-services. &#8221;<\/p>\n<p>Nun, \u00d6sterreich gibts da aktuell nicht und auf der englischsprachigen FAQ steht, dass man auch keinen Termin telefonisch buchen kann:<br \/>\n&#8220;You cannot call 1177 to make an appointment&#8221;<\/p>\n<p>Deutschland ginge, die Online-Ausweisfunktion hatte ich damals auch mitbestellt, aber irgendwas h\u00e4tte man da glaub ich noch machen m\u00fcssen nach dem Erhalt der Briefe &#8211; zu sp\u00e4t gelesen, und Zeug eh nicht abfotografiert dabei.<\/p>\n<p>Tja. Auch so kann man die Inzidenzen niedriger halten, wenn man die Tests einfach beschr\u00e4nkter macht.<\/p>\n<p><a href='http:\/\/extra.inmontanis.info\/d\/74693-2\/DSC01402.jpg'><img src=http:\/\/extra.inmontanis.info\/d\/74692-3\/DSC01402.jpg \/><\/a><br \/>\n^ Sauwetter auch heute<\/p>\n<p>Der Schneer\u00e4umer am Campinplatz lie\u00df sich weiterhin nicht blicken. Derweil es vormittags stark (nass) weiterschneite, was auch nicht gerade so gemeldet war f\u00fcr den Bereich hier. <\/p>\n<p>W\u00e4ren die letzten 2 Tage also sowieso regenbedingt Skim\u00e4\u00dfig ausgefallen, f\u00e4llt der heutige Tag wohl schneebedingt aus. Wei\u00df gar nicht, ob ich problemlos vom Platz h\u00e4tte fahren k\u00f6nnen oder Ketten gebraucht h\u00e4tte und ja sowieso nur schwer die Stra\u00dfe gefunden h\u00e4tte. Morgen brauch ich evtl. einen Supermarkt, Brot geht aus.<\/p>\n<p>Hin und wieder machte ich die Fahrert\u00fcr auf, was teils schwer ging, weil eingefroren, aber auf dieser Seite wurde der Schnee nicht mehr viel mehr, was auch an der Windrichtung von Westen liegen k\u00f6nnte.<\/p>\n<p><a href='http:\/\/extra.inmontanis.info\/d\/74697-2\/DSC01404.jpg'><img src=http:\/\/extra.inmontanis.info\/d\/74696-3\/DSC01404.jpg \/><\/a><br \/>\n^ Kein R\u00e4umdienst heute auf diesem Teil des Campingplatzes. Hier sieht man eigentlich mind. 2 Stra\u00dfen.<\/p>\n<p>13 Uhr, die blauen Himmelsflecken sind wieder weg und es schneit gerade stark. R\u00e4umfahrzeug war nach wie vor nicht da. Bevor es dunkel wird, sollte ich aber um ca. 13:30\/14:00, wenn es mal etwas weniger stark schneien w\u00fcrde, die Schneer\u00e4umung um das Auto machen. Au\u00dferdem brauch ich eh noch Trinkwasser. Mit Skischuhen und Skihose werd ich mich da wohl auf den Weg machen m\u00fcssen.<\/p>\n<p>Nachts und morgen ist kaum noch Schnee gemeldet, ab Sonntag wieder mehr Schnee gemeldet. Heute in Are auch nur wenige Lifte offen.<\/p>\n<p>Um 13:40 ging es etwas vom Wetter her und ich machte mich auf den Weg. Puh, teilweise liegen da im Stra\u00dfenbereich vor meiner Zelle wohl mehr als 30cm Nasschnee, vielleicht 40cm. Weiter vorne sinds dann weniger. Und der beh\u00e4mmerte Schneer\u00e4umer war tats\u00e4chlich irgendwann mal am Campingplatz unterwegs, hat aber nur den vorderen\/unteren Bereich ger\u00e4umt, nicht den oberen Bereich.<\/p>\n<p><a href='http:\/\/extra.inmontanis.info\/d\/74701-2\/DSC01405.jpg'><img src=http:\/\/extra.inmontanis.info\/d\/74700-3\/DSC01405.jpg \/><\/a><br \/>\n^ Durch den Tauschnee vom Fenster ists nat\u00fcrlich etwas mehr und leider auch fester (wie ich beim Schneer\u00e4umen sp\u00e4ter feststellen musste) -> nachts das Fenster zu w\u00e4rmen um den Schnee nass runtertropfen zu lassen ist also vielleicht doch keine generell so gute Entscheidung bei starkem Schneefall?! Jedenfalls nicht an der Fahrert\u00fcr und wenn der Schnee sonst pulvrig leicht w\u00e4re?!<\/p>\n<p>Ca. 1h sp\u00e4ter war ich kaputt und nassgeschwitzt, der nasse Pappschnee war sehr schwer. <\/p>\n<p><a href='http:\/\/extra.inmontanis.info\/d\/74705-2\/DSC01406.jpg'><img src=http:\/\/extra.inmontanis.info\/d\/74704-3\/DSC01406.jpg \/><\/a><br \/>\n^ 14 Uhr, Stra\u00dfen am Campingplatz in diesem Teil immer noch nicht ger\u00e4umt<\/p>\n<p><a href='http:\/\/extra.inmontanis.info\/d\/74709-2\/DSC01407.jpg'><img src=http:\/\/extra.inmontanis.info\/d\/74708-3\/DSC01407.jpg \/><\/a><br \/>\n^ Nach \u00fcber einer halben Stunde hat&#8217;s mir mit der Schneeschipperei von dem schweren, nassen Schnee gereicht. Genauer gesagt, je tiefer, desto pappiger. Hoffentlich reicht das so, dass ich morgen rausfahren kann, wenn der R\u00e4umdienst bis dahin endlich kommt.<\/p>\n<p>Um 17:30 kam dann endlich der Schneer\u00e4umer. Glaub er hat netterweise meine R\u00e4umaktion gesehen und keinen meterhohen Wall vor meiner Ausfahrt lassen.<\/p>\n<p>&#8212;<\/p>\n<p>Tja, Ungarn ist mittlerweile auch verloren:<br \/>\n<a href='https:\/\/orf.at\/stories\/3243603\/'>https:\/\/orf.at\/stories\/3243603\/<\/a><br \/>\n&#8220;Der ungarische Ministerpr\u00e4sident Viktor Orban hat hinsichtlich der Pandemie heute neue Ma\u00dfnahmen angek\u00fcndigt. Damit \u00e4ndern sich ab dem 15. Februar die Regeln des CoV-Passes und wer als gesch\u00fctzt gilt. Dieser Pass wird nun jenen Menschen verwehrt, die zwar genesen, aber nicht geimpft sind.<br \/>\nDen Pass erhalten nur noch dreimal Immunisierte oder jene, die die zweite Impfung in weniger als sechs Monaten erhielten.&#8221;<\/p>\n<p>1. komplett unlogisch, dass Genesene nicht z\u00e4hlen -> es geht nicht um Gesundheit oder Sinn sondern nur um die Verteilung der experimentellen Genspritzen<\/p>\n<p>2. &#8220;dreimal immunisierte&#8221; ist ja schon mal doppelt falsch, denn a) entweder man ist immun oder man ist nicht immun, da gibt&#8217;s doch nur ein entweder-oder und keine Steigerungen und b) wird man durch die aktuellen Spritzen ja eben NICHT immunisiert, auch nicht nach 3 oder 4x, wie man \u00fcberall sehen kann.<\/p>\n","protected":false},"excerpt":{"rendered":"<p>13.1.2022<\/p>\n<p>Der morgendliche WC-Gang war der mieseste, den ich je hatte.<\/p>\n<p>Hab mir vor dem Ausstieg die Spikes unter die Schuhe geklemmt, waren zwar nicht ganz rutschfest, aber man war auch etwas h\u00f6her. Hat einem aber nicht gereicht, von meinem Standplatz zum WC geht&#8217;s etwas runter und der absch\u00fcssige Weg runter zum Toilettenhaus war ein <a href=\"http:\/\/blog.inmontanis.info\/?p=7348\">[&#8230;]<\/a><\/p>\n","protected":false},"author":1,"featured_media":0,"comment_status":"closed","ping_status":"closed","sticky":false,"template":"","format":"standard","meta":{"footnotes":""},"categories":[185,19],"tags":[],"class_list":["post-7348","post","type-post","status-publish","format-standard","hentry","category-2021-08-skandinavien","category-schwedensweden","odd"],"_links":{"self":[{"href":"http:\/\/blog.inmontanis.info\/index.php?rest_route=\/wp\/v2\/posts\/7348","targetHints":{"allow":["GET"]}}],"collection":[{"href":"http:\/\/blog.inmontanis.info\/index.php?rest_route=\/wp\/v2\/posts"}],"about":[{"href":"http:\/\/blog.inmontanis.info\/index.php?rest_route=\/wp\/v2\/types\/post"}],"author":[{"embeddable":true,"href":"http:\/\/blog.inmontanis.info\/index.php?rest_route=\/wp\/v2\/users\/1"}],"replies":[{"embeddable":true,"href":"http:\/\/blog.inmontanis.info\/index.php?rest_route=%2Fwp%2Fv2%2Fcomments&post=7348"}],"version-history":[{"count":7,"href":"http:\/\/blog.inmontanis.info\/index.php?rest_route=\/wp\/v2\/posts\/7348\/revisions"}],"predecessor-version":[{"id":7355,"href":"http:\/\/blog.inmontanis.info\/index.php?rest_route=\/wp\/v2\/posts\/7348\/revisions\/7355"}],"wp:attachment":[{"href":"http:\/\/blog.inmontanis.info\/index.php?rest_route=%2Fwp%2Fv2%2Fmedia&parent=7348"}],"wp:term":[{"taxonomy":"category","embeddable":true,"href":"http:\/\/blog.inmontanis.info\/index.php?rest_route=%2Fwp%2Fv2%2Fcategories&post=7348"},{"taxonomy":"post_tag","embeddable":true,"href":"http:\/\/blog.inmontanis.info\/index.php?rest_route=%2Fwp%2Fv2%2Ftags&post=7348"}],"curies":[{"name":"wp","href":"https:\/\/api.w.org\/{rel}","templated":true}]}}