{"id":7342,"date":"2022-01-12T15:36:57","date_gmt":"2022-01-12T14:36:57","guid":{"rendered":"http:\/\/blog.inmontanis.info\/?p=7342"},"modified":"2023-08-05T13:39:21","modified_gmt":"2023-08-05T11:39:21","slug":"are-5-8-10-12-1-2022-gruvbacken-9-1-2022","status":"publish","type":"post","link":"http:\/\/blog.inmontanis.info\/?p=7342","title":{"rendered":"\u00c5re, 5.+8.+10.-12.1.2022 &#038; Gruvbacken, 9.1.2022"},"content":{"rendered":"<p><strong>5.1.2022<\/strong><\/p>\n<p>Morgens lagen wieder ein paar cm Neuschnee und lt. Vorhersage soll es den ganzen Tag leicht schneien. Ok, das h\u00e4tte es gestern auch tun sollen und tat es nicht.<\/p>\n<p>Heute kam der Campingplatzbertreiber und ich hab die 2 Wochen bezahlt. Er sagte, es gab mal in Are und Duved einen Campinplatz, aber aktuell nur noch diesen hier und lang wird der hier auch nicht mehr sein, weil man zuviel reparieren muss und im Winter ist nicht viel los, weil zu weit vom Skigebiet weg und kein Skibus. Evtl. soll es in ein paar Jahren wieder einen Campingplatz n\u00e4her am Skigebiet geben. Zeigte sich auch von meinem Camper-Ausbau begeistert.<\/p>\n<p>\u00dcbrigens geh\u00f6rt er auch der Fraktion der Ungeimpften und Corona-Skeptikern an und f\u00fchlt sich selbst in Schweden, als w\u00fcrde er einen Judenstern auf der Brust tragen.<\/p>\n<p>In Bj\u00f6rnen war es heute doch noch recht voll, am rechrten SL zu lange Wartezeiten, daher zum mittleren, der die Ferienzeit bis 18h f\u00e4hrt, war leer, dann zur 6KSB oder auch nicht, weil zu voll, also die meiste zeit am H\u00f6gast-SL links der 6ksb verbracht. Bei dem war ich mir nicht sicher, ob der in der Nachsaison tgl. in Betrieb sein w\u00fcrde (Spoiler: korrekt). Das gilt aber auch f\u00fcr den SL auf der R\u00fcckseite der 6KSB (Spoiler: falsch).<\/p>\n<p>Als ich etwas nach 14h den Verbindungs-SL Hermelinen retour nehmen wollte, stand der etliche Minuten und eine Warteschlange hatte sich gebildet, die bis 14:45 noch l\u00e4nger wurde; an der 6KSB mittlerweile leerer, also mit dieser rauf, denn von oben sollte ein Skiweg zu dem mittleren SL f\u00fchren, der bis 18h offen hat. Langer Skiweg mit ein paar leichten Schiebest\u00fccken und dann nat\u00fcrlich gro\u00dfe Warteschlange am SL. Daher nach 15:20 erst noch zum Auto und etwas aufgew\u00e4rmt, bevor ich mein Gl\u00fcck an SL, SSL und KSSL probiere. Diese 3 genannten sind bis 18h heute in Betrieb.<\/p>\n<p>Im Sommer hatte ich ja irgendwo gelesen, dass der alte Vargen-KSSL ersetzt wird. War da schon traurig dr\u00fcber, aber kein Grund: Es wurde ein neuer Poma-KSSL gebaut!! Wie geil ist das denn? :)<\/p>\n<p>Bin bis ca. 16:30 oder so geblieben, danach wieder Auto per Notknopf starten m\u00fcssen, zum Supermarkt (Raggmunk f\u00fcr heute Abend, das war das schwedischen Kartoffel-Pfannkuchen mit Bacon und Preisselbeermarmelade, sowie Smetana gekauft), danach Auto normal gestartet. <\/p>\n<p><a href='http:\/\/ski.inmontanis.info\/d\/299825-2\/DSC01180.jpg'><img src=http:\/\/ski.inmontanis.info\/d\/299824-3\/DSC01180.jpg \/><\/a><br \/>\n^ SL Lokatt und links KSSL Vargen<\/p>\n<p><a href='http:\/\/ski.inmontanis.info\/d\/299829-2\/DSC01181.jpg'><img src=http:\/\/ski.inmontanis.info\/d\/299828-3\/DSC01181.jpg \/><\/a><br \/>\n^ Am ganz rechten SL J\u00e4rven war&#8217;s mir aktuell aber zu voll. Dann halt n\u00e4chste Woche.<\/p>\n<p><a href='http:\/\/ski.inmontanis.info\/d\/299833-2\/DSC01182.jpg'><img src=http:\/\/ski.inmontanis.info\/d\/299832-3\/DSC01182.jpg \/><\/a><br \/>\n^ .. daher runter zum SL Bj\u00f6rnen, wo nix los war<\/p>\n<p><a href='http:\/\/ski.inmontanis.info\/d\/299837-2\/DSC01187.jpg'><img src=http:\/\/ski.inmontanis.info\/d\/299836-3\/DSC01187.jpg \/><\/a><br \/>\n^ An der 6KSB Sadel war&#8217;s mir auch zu voll, aber am SL H\u00f6g\u00e5s war&#8217;s leer. Leider hat der anscheinend wohl nur in den Ferien oder wenn die 6KSB wegen Wind zu ist, offen<\/p>\n<p><a href='http:\/\/ski.inmontanis.info\/d\/299841-2\/DSC01188.jpg'><img src=http:\/\/ski.inmontanis.info\/d\/299840-3\/DSC01188.jpg \/><\/a><br \/>\n^ Links vom SL H\u00f6g\u00e5s gibt&#8217;s ein sch\u00f6nes, eingefahrenes Offpisteareal<\/p>\n<p><a href='http:\/\/ski.inmontanis.info\/d\/299845-2\/DSC01189.jpg'><img src=http:\/\/ski.inmontanis.info\/d\/299844-3\/DSC01189.jpg \/><\/a><br \/>\n^ Links vom SL H\u00f6g\u00e5s gibt&#8217;s ein sch\u00f6nes, eingefahrenes Offpisteareal<\/p>\n<p><a href='http:\/\/ski.inmontanis.info\/d\/299849-2\/DSC01190.jpg'><img src=http:\/\/ski.inmontanis.info\/d\/299848-3\/DSC01190.jpg \/><\/a><br \/>\n^ Links vom SL H\u00f6g\u00e5s gibt&#8217;s ein sch\u00f6nes, eingefahrenes Offpisteareal<\/p>\n<p><a href='http:\/\/ski.inmontanis.info\/d\/299853-2\/DSC01195.jpg'><img src=http:\/\/ski.inmontanis.info\/d\/299852-3\/DSC01195.jpg \/><\/a><br \/>\n^ Lange Warteschlange am SL Hermelinen, weil einige Minuten au\u00dfer Betrieb + jetzt alle retour wollen. Also probierte ich es via 6KSB Sadel und dem lt. Plan von weit oben abzweigenden Skiweg runter zum SL Bj\u00f6rnen ..<\/p>\n<p><a href='http:\/\/ski.inmontanis.info\/d\/299857-2\/DSC01197.jpg'><img src=http:\/\/ski.inmontanis.info\/d\/299856-3\/DSC01197.jpg \/><\/a><br \/>\n^ .. aber am SL Bj\u00f6rnen war auch eine lange Schlange. Die aber bald weniger wurde<\/p>\n<p><a href='http:\/\/ski.inmontanis.info\/d\/299861-2\/DSC01196.jpg'><img src=http:\/\/ski.inmontanis.info\/d\/299860-3\/DSC01196.jpg \/><\/a><br \/>\n^ SL Bj\u00f6rnen<\/p>\n<p><a href='http:\/\/ski.inmontanis.info\/d\/299865-2\/DSC01202.jpg'><img src=http:\/\/ski.inmontanis.info\/d\/299864-3\/DSC01202.jpg \/><\/a><br \/>\n^ 3 Lifte sind derzeit bis 18h in Betrieb, der uninteressanteste: SSL Nalle neben SL J\u00e4rven<\/p>\n<p><a href='http:\/\/ski.inmontanis.info\/d\/299869-2\/DSC01204.jpg'><img src=http:\/\/ski.inmontanis.info\/d\/299868-3\/DSC01204.jpg \/><\/a><br \/>\n^ Abfahrt SSL Nalle \/ SL J\u00e4rven<\/p>\n<p><a href='http:\/\/ski.inmontanis.info\/d\/299873-2\/DSC01206.jpg'><img src=http:\/\/ski.inmontanis.info\/d\/299872-3\/DSC01206.jpg \/><\/a><br \/>\n^ KSSL Vargen, ein neuer Poma-KSSL, der einen alten Poma-KSSL ersetzt, wie geil :) Und nur echt mit der franz\u00f6sischen Fahne, hm?<\/p>\n<p><a href='http:\/\/ski.inmontanis.info\/d\/299877-2\/DSC01207.jpg'><img src=http:\/\/ski.inmontanis.info\/d\/299876-3\/DSC01207.jpg \/><\/a><br \/>\n^ SL Bj\u00f6rnen links, SL Hermelin rechts und Abendd\u00e4mmerung um kurz vor 16 Uhr<\/p>\n<p><a href='http:\/\/ski.inmontanis.info\/d\/299881-2\/DSC01208.jpg'><img src=http:\/\/ski.inmontanis.info\/d\/299880-3\/DSC01208.jpg \/><\/a><br \/>\n^ KSSL Vargen, Stationen, St\u00fctzen, Stangen, alles neu.<\/p>\n<p><a href='http:\/\/ski.inmontanis.info\/d\/299885-2\/DSC01212.jpg'><img src=http:\/\/ski.inmontanis.info\/d\/299884-3\/DSC01212.jpg \/><\/a><br \/>\n^ <\/p>\n<p><a href='http:\/\/ski.inmontanis.info\/d\/299889-2\/DSC01213.jpg'><img src=http:\/\/ski.inmontanis.info\/d\/299888-3\/DSC01213.jpg \/><\/a><br \/>\n^ Abfahrt zum SL Bj\u00f6rnen, die interessanteste um die jetzige Uhrzeit<\/p>\n<p><a href='http:\/\/ski.inmontanis.info\/d\/299893-2\/DSC01214.jpg'><img src=http:\/\/ski.inmontanis.info\/d\/299892-3\/DSC01214.jpg \/><\/a><br \/>\n^ SL Bj\u00f6rnen<\/p>\n<p><a href='http:\/\/ski.inmontanis.info\/d\/299897-2\/DSC01216.jpg'><img src=http:\/\/ski.inmontanis.info\/d\/299896-3\/DSC01216.jpg \/><\/a><br \/>\n^ KSSL Vargen mit Kurve. Beim alten KSSL fuhr man die Kurve an der Au\u00dfenseite, beim neuen auf der Innenseite.<\/p>\n<p>Die Langzeitvorhersagen f\u00fcr die Gegend sind mal gar nicht sch\u00f6n: Ende n\u00e4chster Woche Plusgrade und 15mm Regen morgen in einer Woche. Hoffentlich kommt zumindest der Regen nicht &#8211; sonst war der ganze Neuschnee wieder f\u00fcr die Katz und die n\u00e4chsten Eisplatten kommen und dort, wo noch zu wenig Schnee liegt, wird noch weniger \u00fcbrig bleiben. (Weiter im S\u00fcden gemeldet: Sonne und h\u00f6here Plusgrade, aber kein Regen.)<\/p>\n<p>Planungen in \u00c5re:<br \/>\n<a href='https:\/\/www.freeride.se\/ares-hemliga-femarsplan-ny-gondol-upp-till-skutan\/'>https:\/\/www.freeride.se\/ares-hemliga-femarsplan-ny-gondol-upp-till-skutan\/<\/a><br \/>\n.. PB weg, daf\u00fcr zus\u00e4tzliche EUB? 3S? vom Tal zum Gipfel, die 6KSB dann r\u00fcber zum Park, Ersatz der DSB unten im Tal mit 6KSB (schon f\u00fcr 2022\/23, b\u00e4h!) und Reaktivierung der oberen abgerissenen DSB durch einen SL (sch\u00f6n)<\/p>\n<p><strong>6.+7.1.2022<\/strong><br \/>\n.. war ich in Duved, siehe vorheriger Bericht.<\/p>\n<p><strong>Sa, 8.1.2022<\/strong><\/p>\n<p>Wollte zwar dieses WE mal fremd gehen, aber evtl. wird morgen das Wetter sch\u00f6ner. Also heute an der 8KSB in \u00c5re eingestiegen, weil das zum Rausfahren nachmittags am bequemsten ist, danach  zur rechten 6KSB richtung Bj\u00f6rnen und zum dort parallelen SL Tottliften gefahren, der mein heutiges Hauptziel war.<\/p>\n<p>Vor ein paar Jahren, als ich mit Trincerone auf unserer Russland-Reise-R\u00fcckfahrt hier mal einen Tag Ski gefahren bin, konnten wir diesen SL nur im unteren Teil fahren &#8211; heute ging er bis ganz rauf. Erschlie\u00dft zwar haupts\u00e4chlich nur die breiten Abfahrten, die auch von den beiden 6KSB, aber auch noch zwei direktere im oberen Bereich sch\u00f6nere Alternativen.<\/p>\n<p>Dauerte dann bis ca. Mittag, bis ich alles durchgefahren bin, dazwischen einmal noch die kalte Ledersitz-6KSB. R\u00fcber nach Bj\u00f6rnen wollte ich nicht, weil der 6er Bubble doch recht windexponiert ist und es etwas windig war. Die Gipfel-EUB lief morgens ja auch nicht. Da fahr ich lieber n\u00e4chste Woche mal mit dem Auto nach Bj\u00f6rnen und starte da.<\/p>\n<p>Somit nachmittags via DSB noch r\u00fcber zu den linken SL (R\u00f6dkulle, Ull\u00e5dalen etc.) gefahren. Da hab ich dann auch die Gipfel-EUB fahren sehen.<\/p>\n<p>Prinzipiell waren einige Pisten eisiger als zuletzt in Duved, Wartezeiten konnte ich ganz gut umgehen. Die SSB ist seit ein paar Tagen wg. eines technischen Defekts au\u00dfer Betrieb, sonst w\u00e4r ich sie vielleicht mal runter- und wieder raufgefahren. PB ist vmtl. pandemiebedingt wieder au\u00dfer Betrieb, aber SSB prinzipiell heuer &#8211; im Gegensatz zum letzten Jahr &#8211; wohl ge\u00f6ffnet.<\/p>\n<p><a href='http:\/\/ski.inmontanis.info\/d\/299901-2\/DSC01323.jpg'><img src=http:\/\/ski.inmontanis.info\/d\/299900-3\/DSC01323.jpg \/><\/a><br \/>\n^ Heute morgen mal an der 8KSB eingestiegen (aktuell 9:42 Uhr), weil man da nachmittags leichter vom Parkplatz rauskommt, weil ich dann nicht links abbiegen muss (dadurch immer Stau runter von Bj\u00f6rnen und R\u00f6dkulle)<\/p>\n<p><a href='http:\/\/ski.inmontanis.info\/d\/299905-2\/DSC01325.jpg'><img src=http:\/\/ski.inmontanis.info\/d\/299904-3\/DSC01325.jpg \/><\/a><br \/>\n^ In der 6KSB Fj\u00e4llg\u00e5rds mit Blick zum SL Tott; die 6KSB Sadel ist ein St\u00fcck weiter unten und kaum sichtbar, man kommt via SL-Bergstation und Skiweg aber zur Sadel-Bergstation. Verbindungsabfahrtstechnisch kann man aber auch links abfahren.<\/p>\n<p><a href='http:\/\/ski.inmontanis.info\/d\/299909-2\/DSC01328.jpg'><img src=http:\/\/ski.inmontanis.info\/d\/299908-3\/DSC01328.jpg \/><\/a><br \/>\n^ Von der 6KSB Fj\u00e4llg\u00e5rds-Talstation zum SL Tott f\u00fchrt ein cooler Skiweg, an den konnte ich mich gar nicht mehr erinnern<\/p>\n<p><a href='http:\/\/ski.inmontanis.info\/d\/299913-2\/DSC01330.jpg'><img src=http:\/\/ski.inmontanis.info\/d\/299912-3\/DSC01330.jpg \/><\/a><br \/>\n^ SL Tott, heute in ganzer L\u00e4nge in Betrieb, yeah.<\/p>\n<p><a href='http:\/\/ski.inmontanis.info\/d\/299917-2\/DSC01331.jpg'><img src=http:\/\/ski.inmontanis.info\/d\/299916-3\/DSC01331.jpg \/><\/a><br \/>\n^ .. allerdings erschlie\u00dft er ja die gleichen Abfahrten wie die beiden 6KSB, die breit, stark befahren, eisig sind.<\/p>\n<p><a href='http:\/\/ski.inmontanis.info\/d\/299921-2\/DSC01334.jpg'><img src=http:\/\/ski.inmontanis.info\/d\/299920-3\/DSC01334.jpg \/><\/a><br \/>\n^ .. nur im oberen Bereich links und rechts vom SL Tott gibts zwei nettere Abfahrten<\/p>\n<p><a href='http:\/\/ski.inmontanis.info\/d\/299925-2\/DSC01335.jpg'><img src=http:\/\/ski.inmontanis.info\/d\/299924-3\/DSC01335.jpg \/><\/a><br \/>\n^ SL Tott, die linke<\/p>\n<p><a href='http:\/\/ski.inmontanis.info\/d\/299929-2\/DSC01337.jpg'><img src=http:\/\/ski.inmontanis.info\/d\/299928-3\/DSC01337.jpg \/><\/a><br \/>\n^ Vom SL Tott zur 6KSB Sadel muss man etwas schieben. Die ist hier oben auch etwas windexponiert und der alte SL wurde leider abgerissen<\/p>\n<p><a href='http:\/\/ski.inmontanis.info\/d\/299933-2\/DSC01339.jpg'><img src=http:\/\/ski.inmontanis.info\/d\/299932-3\/DSC01339.jpg \/><\/a><br \/>\n^ Park-SL Br\u00e4cke, soll demn\u00e4chst mit einer KSB ersetzt werden. Heute gar nicht voll gewesen, sind aber auch noch nicht alle Parks offen<\/p>\n<p><a href='http:\/\/ski.inmontanis.info\/d\/299937-2\/DSC01343.jpg'><img src=http:\/\/ski.inmontanis.info\/d\/299936-3\/DSC01343.jpg \/><\/a><br \/>\n^ SL R\u00f6dkulle<\/p>\n<p><a href='http:\/\/ski.inmontanis.info\/d\/299941-2\/DSC01345.jpg'><img src=http:\/\/ski.inmontanis.info\/d\/299940-3\/DSC01345.jpg \/><\/a><br \/>\n^ SL Ull\u00e5dals, oben rechts war eine kleine Rentierherde<\/p>\n<p><a href='http:\/\/ski.inmontanis.info\/d\/299945-2\/DSC01347.jpg'><img src=http:\/\/ski.inmontanis.info\/d\/299944-3\/DSC01347.jpg \/><\/a><br \/>\n^ Die rechte Abfahrt am SL R\u00f6dkulle noch geschlossen, aber sch\u00f6n buckelig eingefahren, eh viel sch\u00f6ner so.<\/p>\n<p><strong>So, 9.1.2022<\/strong><\/p>\n<p>Die gestrigen Wettervorhersagen h\u00e4tten heute f\u00fcr Trillevallen besseres Wetter vorhergesagt, aber die Webcams heute Morgen zeigten gleich viel Nebel wie hier in Are. Also fuhr ich mal zum KSSL Gruvbacken auf der R\u00fcckseite, Tageskarte 260,- SEK und unbekannt welche\/wieviel abfahrten offiziell offen w\u00e4ren. Der KSSL ist seit 6.1. in Betrieb, generell momentan aber nur am WE.<\/p>\n<p>Interessanterweise werden die Stangen vor der Nacht alle eingekuppelt und vor der Talstation dann am Seil h\u00e4ngend &#8220;garagiert&#8221;, anstatt wie sonst im Magazin&#8230; was das wohl f\u00fcr einen Sinn hat? Danach wurden die Klemmen anscheinend einge\u00f6lt.<\/p>\n<p>Die erste Fahrt war etwas kurios, ich fuhr ein St\u00fcck im Lift, da klopfte es hinten an den Rucksack, die n\u00e4chste Stange hat fr\u00fcher\/gleichzeitig eingekuppelt. Damit ich die Stange nicht laufend auf Rucksack\/Kopf bekomme, bin ich also zum Teller dahinter gewechselt. Dann wollte ich meine Skibrille vom Kopf \u00fcber die Augen ziehen, weil zuvor vergessen, und merkte, die ist nicht mehr da. Blick nach hinten: Lag in der Liftspur. Und der Liftler hat alle Teller eingekuppelt. Hatte zwar den Vorteil, dass ich mir nach dem Aufheben der Brille gleich einen Teller schnappen konnte, aber beim Aufheben musste ich aufpassen, keine Stange auf den Kopf zu kriegen.<\/p>\n<p>Es waren dann doch die \u00fcblichen Abfahrten pr\u00e4pariert und auch die unpr\u00e4parierten Schwarzen gingen halbwegs oder gut zu fahren.<\/p>\n<p><a href='http:\/\/ski.inmontanis.info\/d\/299805-2\/DSC01355.jpg'><img src=http:\/\/ski.inmontanis.info\/d\/299804-3\/DSC01355.jpg \/><\/a><br \/>\n^ KSSL Gruvbacken<\/p>\n<p><a href='http:\/\/ski.inmontanis.info\/d\/299809-2\/DSC01351.jpg'><img src=http:\/\/ski.inmontanis.info\/d\/299808-3\/DSC01351.jpg \/><\/a><br \/>\n^ Rechte schwarze Freeride-Abfahrt<\/p>\n<p><a href='http:\/\/ski.inmontanis.info\/d\/299813-2\/DSC01352.jpg'><img src=http:\/\/ski.inmontanis.info\/d\/299812-3\/DSC01352.jpg \/><\/a><br \/>\n^ .. optimale Pistenbreite f\u00fcr Waldabfahrten ;-)<\/p>\n<p><a href='http:\/\/ski.inmontanis.info\/d\/299817-2\/DSC01354.jpg'><img src=http:\/\/ski.inmontanis.info\/d\/299816-3\/DSC01354.jpg \/><\/a><br \/>\n^ Linke schwarze Freeride-Abfahrt<\/p>\n<p><a href='http:\/\/ski.inmontanis.info\/d\/299821-2\/ge20220109.jpg'><img src=http:\/\/ski.inmontanis.info\/d\/299820-3\/ge20220109.jpg \/><\/a><br \/>\n^ GPS-Track Gruvbacken 9.1.2022 in T\u00fcrkis und vorheriger Besuch 25.4.2021 in Magenta; weitere \/ bessere Bilder im Bericht vom 25.4.<\/p>\n<p>Die Wettervorhersagen ab Mittwoch sind weiterhin nicht spa\u00dfig. F\u00fcr Mittwoch melden die einen 20mm Regen, die anderen 30mm Regen als Schnee. F\u00fcr Donnerstag melden beide 30mm Regen als Schnee oder Schneeregen. Freitag nochmal um die 10. Anders gesagt, es k\u00f6nnten von Mittwoch bis Samstag hier 80cm Schnee fallen. Aua. Im S\u00fcden? Mehrere Tage Sonne mit bis zu +8\u00b0. Aua. Hier liegt doch eigentlich eh genug Schnee. Im S\u00fcden w\u00e4r er n\u00f6tiger.. Zeigt sich mal wieder, dass es ein Fehler ist, 2 Wochen zu buchen \/ zu bezahlen.<\/p>\n<p>M\u00f6gliche Gefahren:<br \/>\n&#8211; zu viel Schnee nachts, so dass ich morgens die T\u00fcr nicht \u00f6ffnen kann &#8211; vmtl. eher gering, zur Not muss ich halt das Fenster \u00f6ffnen und versuchen, den schnee so Wegzur\u00e4umen; alternativ m\u00fcsste ich ggf. abends vor dem Schlafen gehen nochmal den Bereich vor der T\u00fcr freimachen. Und morgens mit angezogenen Skischuhen rausgehen.<\/p>\n<p>&#8211; Campingplatzbetreiber macht die Pl\u00e4tze nicht frei und man kommt nachmittags entweder nicht auf den Platz oder vormittags nicht runter-> Schneeschaufel steht am Toilettengeb\u00e4\u00fcde, muss man sich dann halt holen<\/p>\n<p>&#8211; durch den vielen Nasschnee k\u00f6nnten B\u00e4ume Stra\u00dfen und Stromleitungen blockieren -> besser vorweg nochmal voll tanken und einkaufen. <\/p>\n<p>&#8211; w\u00fcrde es was bringen, das Auto nachts st\u00e4rker aufzuheizen, Fensterschaumstoffe wegzulasen? Verhindert ggf. den Schnee auf Windschutzscheibe und Seitenscheiben etwas, aber ob das was bringt z.B. im Hinblick auf das \u00d6ffnen der T\u00fcre? <\/p>\n<p><strong>10.1.2022<\/strong><\/p>\n<p>11-Uhr-Temperturen lt. Skistar-App:  Talstationen bis runter zu -19\u00b0, Bergstationen bis rauf zu -3\u00b0. Bj\u00f6rnen heute angesagt, da es ja nicht so weit runter geht.<\/p>\n<p>Autostart gestern Nachmittag problemlos, heute fr\u00fch kurzer Impuls an den Starter, dann aus. Also wieder via notknopf. Wenn es demn\u00e4chst mal nicht so kalt ist und es nicht gerade regnet\/schneit, werd ich mal das Anlasser-Relais mit einem anderen, unwichtigen wechseln (z.B. Hupe oder Nebelscheinwerfer), um zu testen, ob das vielleicht spinnt.<\/p>\n<p>Das Stromkabel ist bei -18\u00b0 auch sehr schwer zu biegen beim t\u00e4glichen aufrollen&#8230;<\/p>\n<p>Schwerpunkt heute die 6KSB Sadel in Bj\u00f6rnen mit ihren Abfahrten, zum Schluss noch den SL J\u00e4rven ganz rechts, aber nicht mehr alle Abfahrten geschafft.<\/p>\n<p><a href='http:\/\/ski.inmontanis.info\/d\/299949-2\/DSC01358.jpg'><img src=http:\/\/ski.inmontanis.info\/d\/299948-3\/DSC01358.jpg \/><\/a><br \/>\n^ Blick zum \u00c5reskutan, endlich mal wieder Sonne<\/p>\n<p><a href='http:\/\/ski.inmontanis.info\/d\/299953-2\/DSC01359.jpg'><img src=http:\/\/ski.inmontanis.info\/d\/299952-3\/DSC01359.jpg \/><\/a><br \/>\n^ SL Bj\u00f6rnen, SL Hermelinen und KSSL Vargen<\/p>\n<p><a href='http:\/\/ski.inmontanis.info\/d\/299957-2\/DSC01360.jpg'><img src=http:\/\/ski.inmontanis.info\/d\/299956-3\/DSC01360.jpg \/><\/a><br \/>\n^ SL Hermelinen und Blick zur 6KSB Sadel und der EUB\/PB zum Gipfel<\/p>\n<p><a href='http:\/\/ski.inmontanis.info\/d\/299961-2\/DSC01361.jpg'><img src=http:\/\/ski.inmontanis.info\/d\/299960-3\/DSC01361.jpg \/><\/a><br \/>\n^ 6KSB Sadel stand heute auf dem Plan<\/p>\n<p><a href='http:\/\/ski.inmontanis.info\/d\/299965-2\/DSC01365.jpg'><img src=http:\/\/ski.inmontanis.info\/d\/299964-3\/DSC01365.jpg \/><\/a><br \/>\n^ Flachlandpano<\/p>\n<p><a href='http:\/\/ski.inmontanis.info\/d\/299969-2\/DSC01367.jpg'><img src=http:\/\/ski.inmontanis.info\/d\/299968-3\/DSC01367.jpg \/><\/a><br \/>\n^ Abfahrten an der 6KSB Sadel<\/p>\n<p><a href='http:\/\/ski.inmontanis.info\/d\/299973-2\/DSC01368.jpg'><img src=http:\/\/ski.inmontanis.info\/d\/299972-3\/DSC01368.jpg \/><\/a><br \/>\n^ Ehemalige 2. SL-Sektion, die die Verbindung vor der 6KSB Sadel herstellte. Leider abgebaut, bei Wind w\u00e4r der schon sinnvoll. Und auch, um die oberen Abfahrtsteile zu fahren<\/p>\n<p><a href='http:\/\/ski.inmontanis.info\/d\/299977-2\/DSC01371.jpg'><img src=http:\/\/ski.inmontanis.info\/d\/299976-3\/DSC01371.jpg \/><\/a><br \/>\n^ 6KSB Fj\u00e4llg\u00e5rds<\/p>\n<p><a href='http:\/\/ski.inmontanis.info\/d\/299981-2\/DSC01373.jpg'><img src=http:\/\/ski.inmontanis.info\/d\/299980-3\/DSC01373.jpg \/><\/a><br \/>\n^ Abfahrt von 6KSB Fj\u00e4llg\u00e5rds zum SL Tott und dann nach links nach Bj\u00f6rnen\/Sadel<\/p>\n<p><a href='http:\/\/ski.inmontanis.info\/d\/299985-2\/DSC01374.jpg'><img src=http:\/\/ski.inmontanis.info\/d\/299984-3\/DSC01374.jpg \/><\/a><br \/>\n^ Rechter SL J\u00e4rven<\/p>\n<p><a href='http:\/\/ski.inmontanis.info\/d\/299989-2\/DSC01376.jpg'><img src=http:\/\/ski.inmontanis.info\/d\/299988-3\/DSC01376.jpg \/><\/a><br \/>\n^ Abfahrt rechts am SL J\u00e4rven<\/p>\n<p><a href='http:\/\/ski.inmontanis.info\/d\/299993-2\/DSC01377.jpg'><img src=http:\/\/ski.inmontanis.info\/d\/299992-3\/DSC01377.jpg \/><\/a><br \/>\n^ Am SL J\u00e4rven gibts auch einige Varianten durch die H\u00e4user ..<\/p>\n<p><a href='http:\/\/ski.inmontanis.info\/d\/299997-2\/DSC01378.jpg'><img src=http:\/\/ski.inmontanis.info\/d\/299996-3\/DSC01378.jpg \/><\/a><br \/>\n^ .. bzw. kommt man nur so auch zum SL Copperhill. Den oberen Teil sollte man aber auslassen, da man sonst schieben muss. Au\u00dfer man will zu dem Haus.<\/p>\n<p><a href='http:\/\/ski.inmontanis.info\/d\/300001-2\/DSC01382.jpg'><img src=http:\/\/ski.inmontanis.info\/d\/300000-3\/DSC01382.jpg \/><\/a><br \/>\n^ SL Copperhill um 14.40 Uhr<\/p>\n<p><a href='http:\/\/ski.inmontanis.info\/d\/300005-2\/DSC01383.jpg'><img src=http:\/\/ski.inmontanis.info\/d\/300004-3\/DSC01383.jpg \/><\/a><br \/>\n^ SL Copperhill<\/p>\n<p><a href='http:\/\/ski.inmontanis.info\/d\/300009-2\/DSC01384.jpg'><img src=http:\/\/ski.inmontanis.info\/d\/300008-3\/DSC01384.jpg \/><\/a><br \/>\n^ Die Weg-Abfahrt durch die H\u00e4user ist durchaus rassiger und man kann ein paar mal schwingen. Man kommt dann am mittleren SL Bj\u00f6rnen raus.<\/p>\n<p>Nachmittags am Campingplatz -20\u00b0. <\/p>\n<p>Die Wettervorhersagen prophezeien nun 30-90mm Niederschlag f\u00fcr Donnerstag &#8211; bei 2-4\u00b0, also entweder Regen, Schneeregen oder Schnee &#8211; oder irgendeine Mischung davon. Und falls der momentane Kaltluftsee unten bleibt, k\u00f6nnte das ziemlich eisig auf den Stra\u00dfen werden.<\/p>\n<p>3G hatte eigentlich die letzten Tage geschwindigkeitsm\u00e4\u00dfig gereicht, aber heute machte sich eety erneut unbeliebt: Gestartet hab ich das Paket am 11.1. nachmittags. Also sollte es auch bis 11.1. nachmittags gehen oder zumindest bis 10.1. 23:59? Nope, es wurde heute 10.1. nachmittags abgedreht.<\/p>\n<p>Bei meinen Planungen bin ich heute auf eine neue Saisonkarte in Schweden gesto\u00dfen:<br \/>\n<a href='https:\/\/scandinavianskipass.se\/pages\/skidanlaggningar'>https:\/\/scandinavianskipass.se\/pages\/skidanlaggningar<\/a><br \/>\n8 schwedische Skigebiete (Riksgr\u00e4nsen+Bj\u00f6rkliden, Trillevallen, Bydalen, Borgafj\u00e4ll, V\u00e4sj\u00f6backen(Stockholm), T\u00e4nn\u00e4skr\u00f6ket und das gestern besuchte Gruvbacken, sowie f\u00fcr jeweils 5 Tage in 2 Gebieten in Norwegen.<\/p>\n<p>H\u00e4tt ich das mal fr\u00fcher gewusst, h\u00e4tte ich mir die 260,- SEK gestern ja sparen k\u00f6nnen und gleich die Saisonkarte online gekauft? Ne, h\u00e4tte nicht funktioniert.<\/p>\n<p>Zugegeben, ich brauch sie nicht unbedingt. T\u00e4nn\u00e4skr\u00f6ket will ich zwar ein paar Tage fahren, aber mit der Wochenkarte Fun\u00e4sfj\u00e4llen m\u00f6chte ich dann ja auch Fun\u00e4sdalen und Kappruet (KSSL) mal anschauen. Trillevallen und Bydalen m\u00f6cht ich ja schon einen Besuch abstatten, Borgafj\u00e4ll war letztes Jahr auch nicht so \u00fcbel und Riksgr\u00e4nsen\/Bj\u00f6rkliden k\u00f6nnte man ja auch eine Woche bleiben plus Abisko. Die Kosten w\u00e4ren mit ca. 550,- \u20ac \u00fcberschaubar &#8211; aber leider kann ich sie nicht kaufen, denn:<br \/>\n&#8220;Scandinavian Skipass can only be purchased online. After your order, we will send home the lift pass with your name printed. The card is not &#8220;charged&#8221;, but when visiting one of our ski resorts, you go to the ticket office, identify yourself and show your Scandinavian Ski Pass. The ski resort activates your card so you can use it directly. It&#8217;s the same procedure for every new ski resort you visit.&#8221;<br \/>\n.. also man kann die Karte nicht in den teilnehmenden Skigebieten kaufen, sondern sie wird einem mit dem eigenen Namen zugeschickt.<\/p>\n<p>Auch gefunden: Der eine Graffer-SL mit den wei\u00dfen St\u00fctzen in der n\u00e4he von S\u00e4len (Byr\u00e5sen), den ich im Fr\u00fchjahr\/Sommer mal besucht + fotografiert hatte, ist wohl seit 2019 leider LSAP :(<\/p>\n<p><strong>11.1.2022<\/strong><\/p>\n<p>Heute nochmals Bj\u00f6rnen, Schwerpunkt der rechte SL und seine Ortsdurchfahrten, wobei ich 1-2 noch fahren m\u00fcsste. Hin und wieder lugte ich zur 6KSB r\u00fcber, die mal lange stand, mal langsam fuhr. Gipfel-EUB wg. Wind au\u00dfer Betrieb, also evtl auch die 6KSB ein Windproblem. Man hat zwar den unteren SL stehen lassen, aber eben nicht den oberen SL, der f\u00fcr die Verbindung wichtig ist &#8211; und zudem einige obere Abfahrten erschlie\u00dfen w\u00fcrde.<\/p>\n<p>Als ich dann merkte, dass man den H\u00f6gas-SL neben der 6KSB eingeschaltet hat, fuhr ich hin, war zwar mit Wartezeiten verbunden, aber so konnte ich die linke Offpisteabfahrt nochmals fahren. Bin den SL 2x gefahren, dann ist die KSB wieder gelaufen &#8211; und ich konnte sie fahren, weil ich da eine Variante gestern ausgelassen hatte, die ich vor dem Regen\/Schnee noch machen wollte.<\/p>\n<p>Unten an der 6KSB hatte es nachmittags 0\u00b0, am Campingplatz -6\u00b0, die aktuellen Vorhersagen melden nun eher Regen als Schnee die n\u00e4chstenn 2 Tage, erst ab Donnerstag Nachmittag k\u00f6nnte der Regen wieder in Schnee im Tal \u00fcbergehen, aber dann wohl nicht mehr so viel schneien. Naja, vielleicht 30cm.<\/p>\n<p><a href='http:\/\/ski.inmontanis.info\/d\/300013-2\/DSC01386.jpg'><img src=http:\/\/ski.inmontanis.info\/d\/300012-3\/DSC01386.jpg \/><\/a><br \/>\n^ Linke Abfahrt am SL J\u00e4rven mit Blick zum KSSL Vargen<\/p>\n<p><a href='http:\/\/ski.inmontanis.info\/d\/300017-2\/DSC01390.jpg'><img src=http:\/\/ski.inmontanis.info\/d\/300016-3\/DSC01390.jpg \/><\/a><br \/>\n^ Da die 6KSB Sadel vmtl. wegen Wind einige Zeit au\u00dfer Betrieb war, war der SL H\u00f6g\u00e5s offen, aber mit etwas Wartezeiten. 2 Fahrten, davon einmal die offpistevariante, dann war die 6KSB wieder in Betrieb ..<\/p>\n<p><a href='http:\/\/ski.inmontanis.info\/d\/300021-2\/DSC01391.jpg'><img src=http:\/\/ski.inmontanis.info\/d\/300020-3\/DSC01391.jpg \/><\/a><br \/>\n^ .. und ich konnte noch diese Variante an der 6KSB Sadel fahren<\/p>\n<p><a href='http:\/\/ski.inmontanis.info\/d\/300025-2\/DSC01394.jpg'><img src=http:\/\/ski.inmontanis.info\/d\/300024-3\/DSC01394.jpg \/><\/a><br \/>\n^ KSSL Vargen, die neue Poma-Ampel mit LEDs ..<\/p>\n<p><a href='http:\/\/ski.inmontanis.info\/d\/300029-2\/DSC01395.jpg'><img src=http:\/\/ski.inmontanis.info\/d\/300028-3\/DSC01395.jpg \/><\/a><br \/>\n^ .. funktioniert auch nicht richitg ;-)<\/p>\n<p><a href='http:\/\/ski.inmontanis.info\/d\/300033-2\/ge20220111a.jpg'><img src=http:\/\/ski.inmontanis.info\/d\/300032-3\/ge20220111a.jpg \/><\/a><br \/>\n^ GPS-Track der letzten Tage plus in Gelb die vorherigen Besuche<\/p>\n<p><a href='http:\/\/ski.inmontanis.info\/d\/300037-2\/ge20220111e.jpg'><img src=http:\/\/ski.inmontanis.info\/d\/300036-3\/ge20220111e.jpg \/><\/a><br \/>\n^ .. der Bj\u00f6rnen-Teil etwas gr\u00f6\u00dfer. Von den Wegvarianten rechts am SL J\u00e4rven fehlen noch ca. 2 Abzweigungen, die keine Sackgassen sind; in der Mitte der SL Bj\u00f6rnen und links daneben SL H\u00f6gas\/6KSB Sadel (in Schwarz der Vorg\u00e4nger-SL), ganz links 6KSB Fj\u00e4llgards und SL Tott rechts daneben.<\/p>\n<p>Am rechtesten SL J\u00e4rven gibt&#8217;s ein Restaurant namens Lilla Tyrolen. Also Klein-Tirol. Hab mal auf die Website geschaut, wo die Speisekarte online ist. Gulaschsuppe, Schweineschnitzel (mit Kartoffelsalat und Erbsenp\u00fcree (20 \u20ac) , letzters ist typisch f\u00fcr UK aber nicht f\u00fcr AT), Hamburger, Elchchili und Fish&#8217;n&#8217;Chips.  Abends gibts anderes Essen, z.B. ein Tyrolens Fondue mit Rentierfleisch. Typisch tyrolerische Karte eben :) Ich kapiers nicht, warum nennen die sich dann so, wenn sie Null typische tyroler Speisen haben? Wie schon festgstellt, gibts in Schweden durchaus ein dem Tiroler Gr\u00f6stl \u00e4hnliches Gericht: pytt i panna. Kartoffelpfanne mit Fleisch. Wenn sie das anbieten w\u00fcrden, w\u00e4re selbst die schwedische Variante noch tirolerischer als das oben genannte Zeug. Ok, es gibt auch mittags noch eine Tagespfanne, die nicht weiter spezifiziert ist. Vielleicht h\u00e4tte man da dann Gl\u00fcck auf etwas aus Tirol.<\/p>\n<p>Au\u00dferdem hab ich heute den ganzen Tag Halskratzen. Grundlegend allerdings wegen der gestrigen Knoblauchsauce auf der TK-Kebap-Pizza, die mich abends wiederholt sauer aufstie\u00dfen lie\u00df und mir schon gestern Abend die Speiser\u00f6hre oben ver\u00e4tzte. Hoffe mal, dass sich das jetzt nicht zu einer Erk\u00e4ltung entwickelt, man h\u00f6rte in Toiletten und Superm\u00e4rkten schon viel Gehuste die letzten Wochen. Ich h\u00e4tte ja eher gedacht, dass es mich durch die trockene Luft irgendwann erwischen wird, so wie ich die kurze Erk\u00e4ltung bei meiner R\u00fcckkehr im Juli bekommen hatte und auf die Klimaanlage schob. Aber kann nat\u00fcrlich jetzt die Kombination sein, ver\u00e4zte Speiser\u00f6hre = anf\u00e4lliger f\u00fcr Viren? <\/p>\n<p>Was ich auch schon seit gestern gemerkt hab, dass mir der Rucksack nach \u00fcber einem Monat Skifahren wieder zu schwer wird &#8211; hab da ja auch irgendwann letztes oder vorletztes Jahr mal tageweise ausgemistet oder den kleinen verwendet, aber bei der K\u00e4lte ist ein gr\u00f6\u00dferer am R\u00fccken bzw. beim SB-Fahren vorne nat\u00fcrlich prinzipiell besser. Auch die langen Ski kosten mehr Kraft als die kurzen bzw. insb. offpiste als beide anderen. Kurz, R\u00fccken und Beine tun mir auch weh. Das stundenlange Sitzen vormittags &#038; abends im Auto wird dem R\u00fccken auch nicht gerade dienlich sein. Die schmerzenden Augen deuten dann aber doch eher auf eine Erk\u00e4ltung hin. Daher fr\u00fcher ins Bett gegangen und l\u00e4nger geschlafen.<\/p>\n<p>&#8212;<br \/>\nOh Mann, wenn das nicht alles so aussichtlos w\u00e4r, der ganze Widerstand gegen diese Politiker, die irgendwie mit Pharamunternehmen, WHO, Gates &#038; Co Stiftungen usw. verkn\u00fcpft sind, der ganze Filz da, da werd ich wohl nie wieder in bestimmte L\u00e4nder wie Italien\/Frankreich\/Russland usw. reisen k\u00f6nnen. <\/p>\n<p>Auch das wusste ich noch gar nicht: Der Mann von EU-Chefin von der Leyen:<\/p>\n<blockquote><p>Seit September[8] 2020 ist Heiko von der Leyen Medizinischer Direktor des amerikanischen biopharmazeutischen Unternehmens Orgenesis Inc.,[9] das sich auf die Entwicklung von Zell- und Gentherapien spezialisiert hat.\n<\/p><\/blockquote>\n<p><a href='https:\/\/de.wikipedia.org\/wiki\/Heiko_von_der_Leyen'>https:\/\/de.wikipedia.org\/wiki\/Heiko_von_der_Leyen<\/a><br \/>\n(Orgensis geh\u00f6rt zu Biontech)<br \/>\n.. mal wieder also nicht verwunderlich, wenn UvdL f\u00fcr eine Impfpflicht pl\u00e4diert &#8230; <\/p>\n<p><a href='https:\/\/mfg-oe.at\/von-der-leyen-gatte-chef-von-pharma-konzern-bitte-weitergehen-hier-gibt-es-nichts-zu-sehen\/'>https:\/\/mfg-oe.at\/von-der-leyen-gatte-chef-von-pharma-konzern-bitte-weitergehen-hier-gibt-es-nichts-zu-sehen\/<\/a><\/p>\n<p>auch interessant:<br \/>\n<a href='https:\/\/twitter.com\/SHomburg\/status\/1480069268691636224'>https:\/\/twitter.com\/SHomburg\/status\/1480069268691636224<\/a><\/p>\n<p><a href='https:\/\/twitter.com\/hashtag\/IchBinRaus?src=hashtag_click'>https:\/\/twitter.com\/hashtag\/IchBinRaus?src=hashtag_click<\/a><\/p>\n<p>Bill Gates &#8211; Hypochonder oder Strippenzieher?<br \/>\n<a href='https:\/\/norberthaering.de\/die-regenten-der-welt\/up-to-date-impfstatus\/'>https:\/\/norberthaering.de\/die-regenten-der-welt\/up-to-date-impfstatus\/<\/a><br \/>\nvor 1 Jahr:<br \/>\n<a href='https:\/\/norberthaering.de\/die-regenten-der-welt\/gates-jahresbrief\/'>https:\/\/norberthaering.de\/die-regenten-der-welt\/gates-jahresbrief\/<\/a><\/p>\n<p>.. und kein Ende in Sicht:<br \/>\n<a href='https:\/\/norberthaering.de\/die-regenten-der-welt\/luca-app-patrick-hennig\/'>https:\/\/norberthaering.de\/die-regenten-der-welt\/luca-app-patrick-hennig\/<\/a><\/p>\n<p>Ein franz\u00f6sisch sprachiges Magazin schrieb im April\/Mai 2019 von einem globalen Plan, alle impfen zu wollen.<br \/>\n<a href='https:\/\/www.nexus.fr\/magazine\/numero-121\/'>https:\/\/www.nexus.fr\/magazine\/numero-121\/<\/a><\/p>\n<p>Derweil man in Spanien die Demokratie wohl mittlerweile per Gesetz abgeschafft hat:<br \/>\n<a href='https:\/\/corona-transition.org\/neujahrsgeschenk-der-spanischen-regierung-das-gesetz-zur-nationalen-sicherheit'>https:\/\/corona-transition.org\/neujahrsgeschenk-der-spanischen-regierung-das-gesetz-zur-nationalen-sicherheit<\/a><br \/>\n&#8220;Jeder, der nicht die Linie der Regierung vertritt, der anders \u00fcber die Dinge denkt, die gerade in der Welt oder in Spanien passieren, verbreitet Desinformation. Und die Regierung will nicht, dass es Desinformation gibt, sie will, dass wir alle gleich denken \u2013 so wie in China.&#8221;<\/p>\n<p>Nicht ganz aktuell, aber trotzdem lesenswert, ein Journalist der ARD, dem die einseitige Berichterstattung nervt:<br \/>\n<a href='https:\/\/multipolar-magazin.de\/artikel\/ich-kann-nicht-mehr'>https:\/\/multipolar-magazin.de\/artikel\/ich-kann-nicht-mehr<\/a><\/p>\n<p>Und wer noch viel mehr Zeit hat, Details zum Great Reset, das der Klaus Schwab vom Davoser Weltwirtschaftsforum fordert:<br \/>\n<a href='https:\/\/corona-transition.org\/der-great-reset-ist-ein-technokratischer-putsch'>https:\/\/corona-transition.org\/der-great-reset-ist-ein-technokratischer-putsch<\/a><\/p>\n<p>Neben Schweden ist wohl auch Mexiko ein freies, vielleicht noch freieres Land, was die Coronama\u00dfnahmen anbelangt:<br \/>\n<a href='https:\/\/corona-transition.org\/freiheitsliebende-mexiko-erhalt-eine-welle-von-einwanderern'>https:\/\/corona-transition.org\/freiheitsliebende-mexiko-erhalt-eine-welle-von-einwanderern<\/a><\/p>\n<p>Russisch-Impf-Roulette:<br \/>\n<a href='https:\/\/zeitpunkt.ch\/index.php\/covid-impfstoffe-einzelne-chargen-sind-hochgefaehrlich-andere-vollkommen-harmlos'>https:\/\/zeitpunkt.ch\/index.php\/covid-impfstoffe-einzelne-chargen-sind-hochgefaehrlich-andere-vollkommen-harmlos<\/a><\/p>\n<p>&#8212;<\/p>\n<p><strong>12.1.2022<\/strong><\/p>\n<p>Gegen 1 Uhr war ich l\u00e4ngere Zeit wach, weil ich meinen Kopf nicht frei bekommen hab von den Corona-Komplotten. Werde mir die n\u00e4chste Zeit davon frei nehmen und den Widerstand nicht weiter verfolgen, das macht einen ja auch nur krank. Vielleicht konnte ich den einen oder anderen Leser hier \u00fcberzeugen, ansonsten setzt weiterhin eure Masken und 2G-Armb\u00e4ndchen als Zeichen eurer Unterdr\u00fcckung auf, lasst euch impfen, aber beschwert euch dann nicht, wenn ihr morgen in einem \u00dcberwachungsstaat \u00e0 la China gefangen seid.<\/p>\n<p>Morgens l\u00e4rmte dann hin und wieder Eis, das am Dach runterfiel oder runterrutschte. Und als ich aus dem Bett bin, hab ich gemerkt, dass ich zu lange gelegen bin. Ich krieg in diesem Bett zwar keine Kreuzschmerzen, aber der Kopf macht Probleme. Und ggf. die Arme beim seitlich liegen.<\/p>\n<p>Vor 11 Uhr fing es dann zu regnen an, was mehr oder weniger stark aber ohne Unterbrechung so weiter ging. Wenigstens ist es nicht so kalt und das Wetter schei\u00dfe, da passt das ja ganz gut, dass ich heute etwas kr\u00e4nklich bin und nicht Skifahren will .. Und morgen vmtl. auch nicht. Ich stellte (nach der Arbeit) hin und wieder den Fahrersitz etwas schr\u00e4g und schloss die Augen (und streckte die F\u00fc\u00dfe aus), viel Rausgegangen bin ich bei dem Regen nat\u00fcrlich nicht&#8230;<\/p>\n","protected":false},"excerpt":{"rendered":"<p>5.1.2022<\/p>\n<p>Morgens lagen wieder ein paar cm Neuschnee und lt. Vorhersage soll es den ganzen Tag leicht schneien. Ok, das h\u00e4tte es gestern auch tun sollen und tat es nicht.<\/p>\n<p>Heute kam der Campingplatzbertreiber und ich hab die 2 Wochen bezahlt. Er sagte, es gab mal in Are und Duved einen Campinplatz, aber aktuell nur <a href=\"http:\/\/blog.inmontanis.info\/?p=7342\">[&#8230;]<\/a><\/p>\n","protected":false},"author":1,"featured_media":7347,"comment_status":"closed","ping_status":"closed","sticky":false,"template":"","format":"standard","meta":{"footnotes":""},"categories":[185,696,669,19,27],"tags":[56,57,48,65,47],"class_list":["post-7342","post","type-post","status-publish","format-standard","has-post-thumbnail","hentry","category-2021-08-skandinavien","category-are","category-gruvbacken","category-schwedensweden","category-skifahren-winterskiing-winter","tag-6sb","tag-8sb","tag-kssl","tag-nachtski","tag-sl","odd"],"_links":{"self":[{"href":"http:\/\/blog.inmontanis.info\/index.php?rest_route=\/wp\/v2\/posts\/7342","targetHints":{"allow":["GET"]}}],"collection":[{"href":"http:\/\/blog.inmontanis.info\/index.php?rest_route=\/wp\/v2\/posts"}],"about":[{"href":"http:\/\/blog.inmontanis.info\/index.php?rest_route=\/wp\/v2\/types\/post"}],"author":[{"embeddable":true,"href":"http:\/\/blog.inmontanis.info\/index.php?rest_route=\/wp\/v2\/users\/1"}],"replies":[{"embeddable":true,"href":"http:\/\/blog.inmontanis.info\/index.php?rest_route=%2Fwp%2Fv2%2Fcomments&post=7342"}],"version-history":[{"count":5,"href":"http:\/\/blog.inmontanis.info\/index.php?rest_route=\/wp\/v2\/posts\/7342\/revisions"}],"predecessor-version":[{"id":9136,"href":"http:\/\/blog.inmontanis.info\/index.php?rest_route=\/wp\/v2\/posts\/7342\/revisions\/9136"}],"wp:featuredmedia":[{"embeddable":true,"href":"http:\/\/blog.inmontanis.info\/index.php?rest_route=\/wp\/v2\/media\/7347"}],"wp:attachment":[{"href":"http:\/\/blog.inmontanis.info\/index.php?rest_route=%2Fwp%2Fv2%2Fmedia&parent=7342"}],"wp:term":[{"taxonomy":"category","embeddable":true,"href":"http:\/\/blog.inmontanis.info\/index.php?rest_route=%2Fwp%2Fv2%2Fcategories&post=7342"},{"taxonomy":"post_tag","embeddable":true,"href":"http:\/\/blog.inmontanis.info\/index.php?rest_route=%2Fwp%2Fv2%2Ftags&post=7342"}],"curies":[{"name":"wp","href":"https:\/\/api.w.org\/{rel}","templated":true}]}}