{"id":7332,"date":"2022-01-02T19:12:36","date_gmt":"2022-01-02T18:12:36","guid":{"rendered":"http:\/\/blog.inmontanis.info\/?p=7332"},"modified":"2023-08-05T11:51:00","modified_gmt":"2023-08-05T09:51:00","slug":"vemdalen-klovsjo-bjornrike-vemdalsskalet-30-12-2021-2-1-2022","status":"publish","type":"post","link":"http:\/\/blog.inmontanis.info\/?p=7332","title":{"rendered":"Vemdalen (Kl\u00f6vsj\u00f6 \/ Bj\u00f6rnrike \/ Vemdalsskalet), 30.12.2021-2.1.2022"},"content":{"rendered":"<p><strong>30.12.2021<\/strong><\/p>\n<p>Heute in Bj\u00f6rnrike voller, insb. die SL. Bin zuerst zur 6KSB runter, wo es aber auch zu voll war, also paar mal den SL daneben gefahren, ab 12:30 war&#8217;s an der KSB dann relativ leer, somit 3x gefahren und zu den linken SL r\u00fcber, da aber insb. am l\u00e4ngsten (rechten von den dreien) weiterhin sehr viel los &#8211; nicht gefahren. Paar mal den kurzen Hotellift links, der war meist leer, und heute fr\u00fcher aufgeh\u00f6rt.<\/p>\n<p><a href='http:\/\/extra.inmontanis.info\/d\/74671-2\/DSC01061.jpg'><img src=http:\/\/extra.inmontanis.info\/d\/74670-3\/DSC01061.jpg \/><\/a><br \/>\n^ Vorsicht, Hunde am Steuer<\/p>\n<p><a href='http:\/\/ski.inmontanis.info\/d\/299461-2\/DSC01063.jpg'><img src=http:\/\/ski.inmontanis.info\/d\/299460-3\/DSC01063.jpg \/><\/a><br \/>\n^ Das muss ich mir nicht antun &#8211; dann lieber die k\u00fcrzeren SL auf die andere Seite.<\/p>\n<p>Die \u00c4lplermaccaroni heute mit richtigem (schwedischen) Apfelmus statt \u00c4pfeln wie zuletzt in Norwegen gemacht &#8211; schmeckten daher einen Tick besser, hatte heute aber zu wenig geriebenen K\u00e4se erwischt. Dann halt morgen mehr.<\/p>\n<p>Interessant, Skistar hat heute einen Reminder auf der Website, ob man nicht mal in Kl\u00f6vsj\u00f6 Ski fahren m\u00f6chte, da gibt&#8217;s mehr Platz. H\u00e4tte ich f\u00fcr morgen eh vor gehabt, hoffentlich denken dann nicht alle so ;-)<\/p>\n<p>Das obere Storhogna-Gebiet ist zwar leider immer noch geschlossen und der Rest ist wesentlich weniger als in Bj\u00f6rnrike und Vemdalsskalet, aber vielleicht ist&#8217;s ja wirklich leerer. Und falls der Graffer-SL nicht ersetzt wurde, dann sollte der auch laufen. Im Januar lief der glaub ich nicht und daher nicht so drauf geachtet und sowieso so st\u00fcrmisch gewesen bzw. auch gar nicht mehr meinen alten Bericht in Erinnerung gehabt.<\/p>\n<p><strong>31.12.2021<\/strong><\/p>\n<p>Wenn das obere Storhogna-Gebiet nicht offen ist und ich zu den Talstationen fahren muss, ist Kl\u00f6vsj\u00f6 von meinem Campinglatz doppelt so weit weg als Bj\u00f6rnrike\/Vemdalsskalet. Und auf dem Weg richtung \u00d6stersund\/\u00c5re, weshalb es f\u00fcr Sonntag interessant w\u00e4re. Als ich um 9:20 an Vemdalsskalet vorbeikam, war an der linken 6KSB schon wieder eine riesige Warteschlange. Vielleicht gehts dort ja morgen fr\u00fch besser?<\/p>\n<p>In Kl\u00f6vsj\u00f6 war es dann zwar auch nicht ganz leer und es gab schon hier und da etwas Wartezeiten, aber z.B. zwischen 12 und 14 Uhr waren 6KSB und die SL recht leer. Mit -2\u00b0 oben angenehm. Was eisige Pisten angeht &#8211; die linke rote und die rechte blaue waren sehr eisig, die rechte von den beiden schwarzen hatte teilweise sch\u00f6n aufgefahrenen Schnee am Rand und die beiden flachen SL oben gingen auch gut. Der linke ist aber leider kein Graffer mehr, d.h. der wurde seit 2011 mal ersetzt, \u00fcbrigens auch etwas auf anderer Trasse.<\/p>\n<p><a href='http:\/\/ski.inmontanis.info\/d\/299465-2\/DSC01067.jpg'><img src=http:\/\/ski.inmontanis.info\/d\/299464-3\/DSC01067.jpg \/><\/a><br \/>\n^ So mag ich das, kostenloser und leerer Parkplatz direkt am Lift ;-)<\/p>\n<p><a href='http:\/\/ski.inmontanis.info\/d\/299469-2\/DSC01069.jpg'><img src=http:\/\/ski.inmontanis.info\/d\/299468-3\/DSC01069.jpg \/><\/a><br \/>\n^ Leider kein Graffer mehr, daf\u00fcr versetzt und minimal l\u00e4nger<\/p>\n<p><img src=http:\/\/ski.inmontanis.info\/d\/129953-3\/DSC01558.jpg \/><br \/>\n^ Schnief, 30.3.2011<\/p>\n<p><a href='http:\/\/ski.inmontanis.info\/d\/299473-2\/DSC01070.jpg'><img src=http:\/\/ski.inmontanis.info\/d\/299472-3\/DSC01070.jpg \/><\/a><br \/>\n^ Achwas, an dessen Bergstation ist ein Parkplatz, vmtl. halten dort die Bewohner von Storhogna, weil die Verbindung ja nicht offen ist.<\/p>\n<p><a href='http:\/\/ski.inmontanis.info\/d\/299477-2\/DSC01074.jpg'><img src=http:\/\/ski.inmontanis.info\/d\/299476-3\/DSC01074.jpg \/><\/a><br \/>\n^ Diese Abfahrt ist doch wohl sinnlos stark beschneit? Und keine Arbeiten erkennbar. Konnte ich auch noch nie fahren, ggf. normalerweise f\u00fcr Training oder so dann gesperrt? Aber w\u00e4re es nicht sinnvoller gewesen, die Verbindung nach Storhogna mit Schnee zu versorgen, ggf. anderswo beschneien und verschieben, wenn es dort keine Beschneiung gibt?!<\/p>\n<p><a href='http:\/\/ski.inmontanis.info\/d\/299481-2\/DSC01075.jpg'><img src=http:\/\/ski.inmontanis.info\/d\/299480-3\/DSC01075.jpg \/><\/a><br \/>\n^ Eine der beiden schwarzen Abfahrten an der 6KSB<\/p>\n<p>Nachmittags musste ich das Auto mal wieder &#8220;alterntiv&#8221; starten&#8230;<\/p>\n<p><a href='http:\/\/ski.inmontanis.info\/d\/299485-2\/DSC01077.jpg'><img src=http:\/\/ski.inmontanis.info\/d\/299484-3\/DSC01077.jpg \/><\/a><br \/>\n^ Vemdalsskalet<\/p>\n<p>Auf dem nachmitt\u00e4glichen Weg zum Campingplatz hat man auch ungef\u00e4hr jeden 2. Tag Rentiere auf\/neben der Stra\u00dfe.<\/p>\n<p>Die Nachbarn, die gestern Abend ruhig waren, nerven heute mit lauter Musik. Und die zumindest anderswo \u00fcbliche Campingplatz-Nachtruhe 22h gilt f\u00fcr Silvester vmtl. auch nicht.<\/p>\n<p>Zur Kompensation des Au\u00dfenl\u00e4rms also den lauten Schuhheizer laufen lassen, aber einerseits h\u00f6rte ich noch die B\u00e4sse der Musik und auch wegen des L\u00e4rms des L\u00fcfters konnte ich dann doch noch lange nicht einschlafen.<\/p>\n<p>Wenn jemand einen Tipp hat, wo man Silvesterabend ruhig, ohne laute Feiern, ohne nerviges geb\u00f6llere \/ Feuerwerk und ab 23 Uhr schlafend verbringen kann, bitte um Info. Ist ja doch jedes Jahr eine Herausforderung, egal in welchem Land.<\/p>\n<p><strong>Sa, 1.1.2022<\/strong><\/p>\n<p>Der fr\u00fche Skifahrer erspart sich die Wartezeit? Mal schauen, ob das hier&amp;heute auch gilt. Einige Lifte fahren in Vemdalsskalet ab 8:30 Uhr, aber die linke 6KSB geh\u00f6rt da leider nicht dazu (ersts ab 9). Klar, um 8.30 ist es eh auch noch zu dunkel ohne Flutlichtabfahrt, insb. wenn der Himmel nicht klar ist.<\/p>\n<p><a href='http:\/\/ski.inmontanis.info\/d\/299489-2\/DSC01082.jpg'><img src=http:\/\/ski.inmontanis.info\/d\/299488-3\/DSC01082.jpg \/><\/a><br \/>\n^<\/p>\n<p><a href='http:\/\/ski.inmontanis.info\/d\/299493-2\/DSC01083.jpg'><img src=http:\/\/ski.inmontanis.info\/d\/299492-3\/DSC01083.jpg \/><\/a><br \/>\n^ Diese schwarze Abfahrt an der linken 6KSB war bei meinem Besuch mitte Januar 2021 ja noch nicht offen.<\/p>\n<p><a href='http:\/\/ski.inmontanis.info\/d\/299497-2\/DSC01085.jpg'><img src=http:\/\/ski.inmontanis.info\/d\/299496-3\/DSC01085.jpg \/><\/a><br \/>\n^ Auch erstmals gefahren, der Skiweg im Tal nahe der Stra\u00dfe. Leider von Schneemobilen aufgefahren und daher bremsend. Einmal, wenn man gerne mal eine etwas glattere Piste brauchen k\u00f6nnte..<\/p>\n<p><a href='http:\/\/ski.inmontanis.info\/d\/299501-2\/DSC01088.jpg'><img src=http:\/\/ski.inmontanis.info\/d\/299500-3\/DSC01088.jpg \/><\/a><br \/>\n^ Vom SL zum Tellerlift<\/p>\n<p><a href='http:\/\/ski.inmontanis.info\/d\/299505-2\/DSC01090.jpg'><img src=http:\/\/ski.inmontanis.info\/d\/299504-3\/DSC01090.jpg \/><\/a><br \/>\n^ Die rotbraunst\u00fctzigen SL, mit denen man die eine 6KSB umfahren kann. Allerdings gibts am Tellerlift zum Gipfel oftmals Wartezeiten<\/p>\n<p><a href='http:\/\/ski.inmontanis.info\/d\/299509-2\/DSC01092.jpg'><img src=http:\/\/ski.inmontanis.info\/d\/299508-3\/DSC01092.jpg \/><\/a><br \/>\n^<\/p>\n<p><a href='http:\/\/ski.inmontanis.info\/d\/299513-2\/DSC01093.jpg'><img src=http:\/\/ski.inmontanis.info\/d\/299512-3\/DSC01093.jpg \/><\/a><br \/>\n^ Gipfelbereich mit Teller-SL und 2 6KSB; die rechte spart man sich mit den beiden SL und war 2011 noch eine 4SB auf etwas anderer Trasse.<\/p>\n<p><a href='http:\/\/ski.inmontanis.info\/d\/299517-2\/DSC01094.jpg'><img src=http:\/\/ski.inmontanis.info\/d\/299516-3\/DSC01094.jpg \/><\/a><br \/>\n^ Blick zur linken 6KSB, die immer am vollsten war &#8211; aber auch die sch\u00f6nsten und sonnigsten Abfahrten in Vemdalsskalet hat.<\/p>\n<p><a href='http:\/\/ski.inmontanis.info\/d\/299529-2\/ge20220101b.jpg'><img src=http:\/\/ski.inmontanis.info\/d\/299528-3\/ge20220101b.jpg \/><\/a><br \/>\n^ GPS-Tracks Vemdalsskalet, man sieht auch wieder gut meine Neigung zum Pistenrand<\/p>\n<p>Die linke 6KSB blieb die erste Betriebsstunde halbwegs leer, ab ca. 10:20 wurde es doch voller und ich wechselte zur anderen Seite. An den beiden rotbraunst\u00fctzigen Liften war es angenehm leer, nicht zu kalt und nicht so vereist, aber ewig kann ich mich da auch nicht aufhalten. Die rechte der unteren 6KSB w\u00e4r zwar leer gewesen, aber da war&#8217;s schattig, kalt und eh wieder alles so eisig. Daher nach 12 Uhr noch nach Bj\u00f6rnrike gewechselt, weil lt. Webcam leerer. Stimmte zwar auch, aber bis ich dort war, war leider eine Nebeldecke am Himmel. Und in den unteren Bereichen auch wieder kalt &#8211; blieb nicht lange, nicht gelohnt.<\/p>\n<p><a href='http:\/\/ski.inmontanis.info\/d\/299521-2\/DSC01095.jpg'><img src=http:\/\/ski.inmontanis.info\/d\/299520-3\/DSC01095.jpg \/><\/a><br \/>\n^<\/p>\n<p><a href='http:\/\/ski.inmontanis.info\/d\/299525-2\/ge20220101a.jpg'><img src=http:\/\/ski.inmontanis.info\/d\/299524-3\/ge20220101a.jpg \/><\/a><br \/>\n^ GPS-Tracks Bj\u00f6rnrike. War mir 2011 noch das langweiligste aller 3 Gebiete, aber wenn a) Storhogna in Kl\u00f6vsj\u00f6 nicht offen hat und b) Vemdalen so voll ist, gefiel es mir hier diese Woche gut.<\/p>\n<p>Heut kam eine SMS von Magenta\/T-Mobile, dass ich nicht mehr gegen die Fair-Use-Policy versto\u00dfe. Eigenartig. Gut, ich hab im Dezember so gut wie keinen oder gar keinen Datentraffic \u00fcber diese SMS gemacht, aber ich hab mich auch logischerweise nie in eine \u00f6sterreichische Mobilfunkzelle eingeloggt. Au\u00dfer es wurde zum 1.1. was an den Richtlinien ge\u00e4ndert..<\/p>\n<p>\u00c4lplermaccaroni Tag 3 heute &#8211; Sahne, Kartoffel und geriebener K\u00e4se reicht noch f\u00fcr eine 4. Portion; Apfelmus hab ich dann nur halb oder 2\/3 aufgebraucht &#8211; werd ich also bei den n\u00e4chsten Nudelgerichten \/ Pastaso\u00dfen ebenfalls reinsch\u00fctten und testen, wie das schmeckt. Gut passen t\u00e4te Apfelmussauce ja auch bei mit Schweinebraten belegten Semmeln, wie ich aus UK wei\u00df.<\/p>\n<p>Seit gestern kommt auch etwas Erdnussbutter rein &#8211; das Glas will auch nicht leer werden ;-) Zum Gl\u00fcck muss man das ge\u00f6ffnet nicht in den K\u00fchlschrank stellen.<\/p>\n<p>Zu Beginn der Gedanken \u00fcber Landstromversorgung am Campingplatz, reinlegen ins Auto \u00fcbers Fenster, sprach ich ja die Gefahr an, dass jemand am Kabel ziehen oder versehentlich h\u00e4ngenbleiben k\u00f6nnte. Da ist wieder einmal der Skitr\u00e4ger praktisch, denn ich lege einfach ein, zwei Schlaufen um die Skibindungen. Falls also einer an dem am Boden liegenden Kabel ziehen w\u00fcrde, w\u00fcrde vor dem Stecker durchs Fenster erstmal Ski oder Skitr\u00e4ger vom Dach gerissen werden. Oder das Kabel zuvor rei\u00dfen. Oder aus der Steckdose vom Campingplatz rausgehen. Wobei das dort immer ziemlich fest drin steckt.<\/p>\n<p>Tja, da hat Skuleberget die sch\u00f6ne alte Rote-St\u00fctzen-Dreibein-DSB mit einer 4SB ersetzt, im Herbst bin ich ja raufgewandert, aber Skibetrieb gibt&#8217;s zumindest leider nicht diesen Winter. Offizielle Begr\u00fcndung:<br \/>\n&#8220;closed in winter 2021\/22 while looking at the possibility of investing in new equipment. The cable car is currently closed winter 2021\/22 due to staff shortage.&#8221;<\/p>\n<p><a href='https:\/\/www.allehanda.se\/2021-12-02\/mangmiljonsatsning-i-skule-potential-att-bli-hur-stort-som-helst'>https:\/\/www.allehanda.se\/2021-12-02\/mangmiljonsatsning-i-skule-potential-att-bli-hur-stort-som-helst<\/a><\/p>\n<p>muss.man.nicht.verstehen. Nunja, wieder einen Umweg gespart.<\/p>\n<p>Am sp\u00e4ten Abend sind noch ca. 5-10cm Neuschnee gefallen.<\/p>\n<p>&#8212;<\/p>\n<p>Sehr sch\u00f6n, die \u00f6sterreichische Gesellschaft f\u00fcr Datenschutz stellt sich vehement gegen das Impfpflichtgesetz, auch dank Zahlen aus Schweden:<\/p>\n<p><a href='https:\/\/www.parlament.gv.at\/PAKT\/VHG\/XXVII\/SNME\/SNME_162645\/index.shtml'>https:\/\/www.parlament.gv.at\/PAKT\/VHG\/XXVII\/SNME\/SNME_162645\/index.shtml<\/a><\/p>\n<p><a href='http:\/\/ftp.freenet.at\/privacy\/gesetze\/impfpflicht.pdf'>http:\/\/ftp.freenet.at\/privacy\/gesetze\/impfpflicht.pdf<\/a><\/p>\n<p>&#8220;Auf Grund der zahllosen Unstimmigkeiten des Gesetzes ist jeder Betroffene gut beraten jedes aus diesem Gesetz resultierende ihn betreffende Verfahren zu beeinspruchen.&#8221;<\/p>\n<p>Yesss!!<\/p>\n<p><strong>So, 2.1.2022<\/strong><\/p>\n<p>Die Duschen waren heute fr\u00fch w\u00e4rmer, vieleicht weil&#8217;s nachts nicht so kalt war?<\/p>\n<p>Auf dem Weg nach \u00c5re ging&#8217;s also heute nochmals nach Kl\u00f6vsj\u00f6, wenn auch nur bis kurz nach Mittag. Vormittags noch etwas Schneefall und recht viel Neuschnee auf den Pisten, so dass sie einerseits anstrengender, andererseits aber teilweise auch weniger eisig waren. Wartezeiten gab&#8217;s heute keine. Ist mir ja schon die ersten Wochen in Norwegen aufgefallen, dass es Sonntags leerer als Samstags ist.<\/p>\n<p><a href='http:\/\/ski.inmontanis.info\/d\/299533-2\/DSC01099.jpg'><img src=http:\/\/ski.inmontanis.info\/d\/299532-3\/DSC01099.jpg \/><\/a><br \/>\n^ die beiden oberen SL neben der 6KSB<\/p>\n<p><a href='http:\/\/ski.inmontanis.info\/d\/299537-2\/ge20220102a.jpg'><img src=http:\/\/ski.inmontanis.info\/d\/299536-3\/ge20220102a.jpg \/><\/a><br \/>\n^ GPS-Tracks Kl\u00f6vsj\u00f6; Magenta die ehemalige Graffer-SL-Trasse<\/p>\n<p>Aufgrund der besonderen Lage des ICA Supermarktes in Svenstavik, wo ich heute vorbei schauen wollte, erinnerte ich mich, dass da ein kleiner t\u00fcrkischer Imbiss war, den ich 2021 besuchte und wo es auch Baklava gab. Daher nicht vorher mal gehalten. Aber leider gab es diesmal kein Baklava, weder an der Tafel, noch an der Theke. Kebabrulle, Falaffelrulle oder Schawarmarulle? Nahm letzters, bekommt man ja sonst seltener, was auch immer der Unterschied zum Kebab sein mag.<\/p>\n<p>Komischerweie kostet ein &#8220;Tallrik&#8221; gleich viel wie eine &#8220;Rulle&#8221;, obwohl man beim Teller ja Pommes mit dabei hat und das Schawarma trotzdem gerollt (und geschnitten) ist. Hab ich aber zu sp\u00e4t gesehen.<\/p>\n<p>Der Supermarkt hatte wenig Auswahl. Gut, dass ich letztens noch eine Packung ungek\u00fchlten Kakao mitgenommen hatte, den ich zwar bisher nicht gebraucht hatte, aber hier gab&#8217;s gar keinen f\u00fcr mich &#8211; au\u00dfer der 1,5l-Packung, die mir aber zu gro\u00df ist und die ich auch nicht aufbrauche, bis sie verdirbt.<\/p>\n<p>Am Campingplatz vor \u00c5re angekommen, die Pl\u00e4tze sind, wie gesagt, nahe der Stra\u00dfe und ohne sonderlicher Aussicht, zudem zumeist abfallend, zahlen tu ich ca. 2280,- SEK pro Woche, also ca. 32,- \u20ac pro Tag, inkl. Dusche+WC (+K\u00fcche, exkl. Waschmaschine), WLAN\/WIFI leider keines, d.h. ich werd jetzt mal noch die restliche, \u00f6terreichische 3G-Wertkartensim aufbrauchen, danach mir wieder meine schwedische 4G-Karte aufladen.<\/p>\n<p>Kaum hatte ich Tisch+PC aufgebaut und eingeschaltet, h\u00f6rte ich deutsche Stimmen um mein Auto und ich durfte wieder alles abbauen &#8211; die waren hier vor mir auf dem Platz und hatten noch etwas Zeug dagelassen, was sie erst jetzt holten &#8211; insb. hab ich mich an deren Stromkabel angeschlossen (dachte, das sei vom Campingbetreiber so hingelegt worden) &#8230; die Snowboarder berichteten, dass es hier nachmittags auf den Steilh\u00e4ngen auch eisig sei.<\/p>\n<p>Im Gegensatz zu den anderen Pl\u00e4tzen ist der Strom hier auch nur mit 10A abgesichert. 10A*230V = 2300 Watt, reicht aber f\u00fcr meine Verh\u00e4ltnisse bzw. hab ich sowieso immer einen Heizer ausgeschaltet, wenn ich die Kochplatte einschalte.<\/p>\n<p>Etwas nach Mitternacht wachte ich auf, es kam noch ein Auto mit einem Wohnwagen, den er r\u00fcckw\u00e4rts auf einen der kleinen Pl\u00e4tze zwischen den Wohnmobilen hier parken wollte &#8211; w\u00e4hrend der gro\u00dfe Caravan-Platz in der Mitte des Campingplatzes ja komplett frei gewesen w\u00e4re, aber halt auch leider unger\u00e4umt. Gef\u00fchlt hundert Mal wurden T\u00fcren auf- und zugeschlagen, ein Kind schrie \u00f6fters mal &#8220;Stop&#8221; &#8211; unglaublich.<\/p>\n<p>Kleine Zwischenstatistik zur Skistar-Saisonkarte (die, wie ich beim Eintragen gesehen hab, ja gleich teuer wie die Lombardei-Saisonkarte 2020 war. Die aber ja die viel sch\u00f6neren Skigebiete inkludiert hat :) Wobei ich da nat\u00fcrlich z.B. Livigno und Tonale\/Legno nicht dazu z\u00e4hlen w\u00fcrde.)<\/p>\n<p>4.12. &#8211; 2.1., Skigefahren 29 Tage (1 nicht)<\/p>\n<p>7x Hemsedal (Norwegen)<br \/>\n9x Trysil (Norwegen)<br \/>\n4x Tand\u00e5dalen-Hundfj\u00e4llet (S\u00e4len)<br \/>\n1x Lindvallen (S\u00e4len)<br \/>\n5x Bj\u00f6rnrike (Vemdalen)<br \/>\n2x Vemdalsskalet (Vemdalen)<br \/>\n2x Kl\u00f6vsj\u00f6 (Vemdalen)<br \/>\n0x \u00c5re (folgt in den n\u00e4chsten Tagen)<br \/>\n0x Duved-Tegefj\u00e4ll (\u00c5re, folgt in den n\u00e4chsten Tagen)<br \/>\n0x Hammarbybacken (kleines Skigbiet in Stockholm, wohl zu uninteressant und zu weit von den anderen interessanten Gebieten entfernt und dann der ganze Verkehr in der Hauptstadt, also n\u00f6, darauf hab ich keine Lust)<\/p>\n<p>(ergibt 30, weil ich einmal ja Bj\u00f6rnrike und Vemdalsskalet am selben Tag gefahren bin, im Durchschnitt 3h \/ Tag)<\/p>\n<p>Eine Reihenfolge der Skigebiete, wie sie mir gefallen, werd ich wohl nicht aufstellen, da gewisse Nebenkriterien, die nur zu bestimmten Zeiten auftreten (Sonne, Sturm, Eis, Wartezeiten) die Reihenfolge stark ver\u00e4ndern k\u00f6nnen, da die meisten Gebiete f\u00fcr mich recht nah beieinander liegen, zudem ich in Hemsedal und Trysil ja nur einen Teil fahren konnte. \u00c5re, das kann ich vom Besuch letztes Jahr sagen, w\u00fcrde aber wohl recht sicher auf Platz 1 kommen. Und Duved-Tegefj\u00e4ll, das ich am n\u00e4chsten Tag erstmals besuchte, war in vielerlei Hinsicht eine wohltuende Erfrischung zu den Gebieten der letzten Zeit, wird sich aber noch bei einigen Wiederholungsbesuchen beweisen m\u00fcssen.<\/p>\n","protected":false},"excerpt":{"rendered":"<p>30.12.2021<\/p>\n<p>Heute in Bj\u00f6rnrike voller, insb. die SL. Bin zuerst zur 6KSB runter, wo es aber auch zu voll war, also paar mal den SL daneben gefahren, ab 12:30 war&#8217;s an der KSB dann relativ leer, somit 3x gefahren und zu den linken SL r\u00fcber, da aber insb. am l\u00e4ngsten (rechten von den dreien) weiterhin <a href=\"http:\/\/blog.inmontanis.info\/?p=7332\">[&#8230;]<\/a><\/p>\n","protected":false},"author":1,"featured_media":7335,"comment_status":"closed","ping_status":"closed","sticky":false,"template":"","format":"standard","meta":{"footnotes":""},"categories":[185,19,27,623],"tags":[56,47],"class_list":["post-7332","post","type-post","status-publish","format-standard","has-post-thumbnail","hentry","category-2021-08-skandinavien","category-schwedensweden","category-skifahren-winterskiing-winter","category-vemdalen","tag-6sb","tag-sl","odd"],"_links":{"self":[{"href":"http:\/\/blog.inmontanis.info\/index.php?rest_route=\/wp\/v2\/posts\/7332","targetHints":{"allow":["GET"]}}],"collection":[{"href":"http:\/\/blog.inmontanis.info\/index.php?rest_route=\/wp\/v2\/posts"}],"about":[{"href":"http:\/\/blog.inmontanis.info\/index.php?rest_route=\/wp\/v2\/types\/post"}],"author":[{"embeddable":true,"href":"http:\/\/blog.inmontanis.info\/index.php?rest_route=\/wp\/v2\/users\/1"}],"replies":[{"embeddable":true,"href":"http:\/\/blog.inmontanis.info\/index.php?rest_route=%2Fwp%2Fv2%2Fcomments&post=7332"}],"version-history":[{"count":5,"href":"http:\/\/blog.inmontanis.info\/index.php?rest_route=\/wp\/v2\/posts\/7332\/revisions"}],"predecessor-version":[{"id":9097,"href":"http:\/\/blog.inmontanis.info\/index.php?rest_route=\/wp\/v2\/posts\/7332\/revisions\/9097"}],"wp:featuredmedia":[{"embeddable":true,"href":"http:\/\/blog.inmontanis.info\/index.php?rest_route=\/wp\/v2\/media\/7335"}],"wp:attachment":[{"href":"http:\/\/blog.inmontanis.info\/index.php?rest_route=%2Fwp%2Fv2%2Fmedia&parent=7332"}],"wp:term":[{"taxonomy":"category","embeddable":true,"href":"http:\/\/blog.inmontanis.info\/index.php?rest_route=%2Fwp%2Fv2%2Fcategories&post=7332"},{"taxonomy":"post_tag","embeddable":true,"href":"http:\/\/blog.inmontanis.info\/index.php?rest_route=%2Fwp%2Fv2%2Ftags&post=7332"}],"curies":[{"name":"wp","href":"https:\/\/api.w.org\/{rel}","templated":true}]}}