{"id":733,"date":"2008-02-22T12:00:06","date_gmt":"2008-02-22T10:00:06","guid":{"rendered":"http:\/\/blog.inmontanis.info\/?p=733"},"modified":"2023-08-01T21:30:02","modified_gmt":"2023-08-01T19:30:02","slug":"prati-di-tivo-prato-selva-22-2-2008-ast-tag-7-teil-1","status":"publish","type":"post","link":"http:\/\/blog.inmontanis.info\/?p=733","title":{"rendered":"Prati di Tivo + Prato Selva, 22.2.2008 (AST Tag 7 Teil 1)"},"content":{"rendered":"<p><em>[_de]Bilder anklicken zum Vergr\u00f6\u00dfern[\/_de]\u2028[_en]Click photos to enlarge[\/_en]<\/em><\/p>\n<p><strong>Appennin-S\u00fcdalpen-Tour 2008, 7. Tag, Fr, 22.2.2008, Teil 1 &#8211; Murphy, immer wieder Murphy&#8230; <\/p>\n<p>Prati di Tivo + Prato Selva<br \/>\n<\/strong> <\/p>\n<p><img src=http:\/\/ski.inmontanis.info\/d\/51695-3\/Karte4.jpg \/><br \/>\n8. Prati di Tivo<br \/>\nK. Prato Selva: 2 DSB (Nascivera, Doppelmayr) <\/p>\n<p>(Vorabend) <\/p>\n<p>In Prati di Tivo ging&#8217;s ins erstgr\u00f6\u00dfere Hotel, 55,- HP mit 4-G\u00e4nge-Abendessen&#8230;. <\/p>\n<p>.. wusstet ihr, dass es im Appennin einen Gletscher gibt? Kuckst du: <\/p>\n<p><img src=http:\/\/ski.inmontanis.info\/0alpinforum\/gransasso-gletscher_sm.jpg \/><br \/>\n(Aus einer Zeitschrift des ortsans\u00e4ssigen Skiclubs) <\/p>\n<p>(Morgen) <\/p>\n<p>Wenigstens mal wieder ein Croissant zum Fr\u00fchst\u00fcck &#8211; sonst ja wieder nur Zwieback und Kuchen .. <\/p>\n<p>(9:00) <\/p>\n<p>Die Ern\u00fcchterung kam kaum sp\u00e4ter: Der ESL ist anscheinend nur noch im Sommer ge\u00f6ffnet. Oder zumindest erst wieder diesen Sommer &#8211; vielleicht ja dann das letzte Mal.  <\/p>\n<p>Pf\u00fch, dann fahr ich halt nicht hier Ski. Der Rest des Skigebiets k\u00f6nnte kaum langweiliger sein &#8211; neue 4SB+DSB mit jeweils einer Abfahrt links und rechts. Nein Danke&#8230; <\/p>\n<p>.. dann halt gleich nach Prato Selva, das ich zwar nicht unbedingt fahren wollte, aber eh f\u00fcr den Rest-des-Tages nach Tivo angedacht war. <\/p>\n<p><a href='http:\/\/ski.inmontanis.info\/d\/53604-1\/P1230730.JPG'><img src=http:\/\/ski.inmontanis.info\/d\/53606-3\/P1230730.JPG \/><\/a><br \/>\n^ Zimmer <\/p>\n<p><a href='http:\/\/ski.inmontanis.info\/d\/53609-1\/P1230731.JPG'><img src=http:\/\/ski.inmontanis.info\/d\/53611-3\/P1230731.JPG \/><\/a><br \/>\n^ ESL-Talstation <\/p>\n<p><a href='http:\/\/ski.inmontanis.info\/d\/53613-1\/P1230734.JPG'><img src=http:\/\/ski.inmontanis.info\/d\/53615-3\/P1230734.JPG \/><\/a><br \/>\n^ ESL-Strecke <\/p>\n<p><a href='http:\/\/ski.inmontanis.info\/d\/53617-1\/P1230735.JPG'><img src=http:\/\/ski.inmontanis.info\/d\/53619-3\/P1230735.JPG \/><\/a><br \/>\n^ Strecke im Zoom. Mittendrin &#8230; <\/p>\n<p><a href='http:\/\/ski.inmontanis.info\/d\/53621-1\/P1230736.JPG'><img src=http:\/\/ski.inmontanis.info\/d\/53623-3\/P1230736.JPG \/><\/a><br \/>\n^ .. ein Zwischenausstieg. Durfte man vielleicht mit den Skiern gar nicht bis rauf fahren? <\/p>\n<p><a href='http:\/\/ski.inmontanis.info\/d\/53625-1\/P1230737.JPG'><img src=http:\/\/ski.inmontanis.info\/d\/53627-3\/P1230737.JPG \/><\/a><br \/>\n^ Zoom Bergstation <\/p>\n<p><a href='http:\/\/ski.inmontanis.info\/d\/53629-1\/P1230738.JPG'><img src=http:\/\/ski.inmontanis.info\/d\/53631-3\/P1230738.JPG \/><\/a><br \/>\n^ DSB und 4SB hintereinander. Hmja, sehr spannend&#8230; <\/p>\n<p><a href='http:\/\/ski.inmontanis.info\/d\/53633-1\/P1230739.JPG'><img src=http:\/\/ski.inmontanis.info\/d\/53635-3\/P1230739.JPG \/><\/a><br \/>\n^ Rechts im Flachen der \u00dcbungs-SL <\/p>\n<p><a href='http:\/\/ski.inmontanis.info\/d\/53637-1\/P1230774.JPG'><img src=http:\/\/ski.inmontanis.info\/d\/53639-3\/P1230774.JPG \/><\/a><br \/>\n^ Zoom Skigebiet Prati di Tivo von Prato Selva aus. Zu sehen: 4SB, danach DSB, ganz hinten ESL. <\/p>\n<p><a href='http:\/\/ski.inmontanis.info\/d\/53641-1\/P1230775.JPG'><img src=http:\/\/ski.inmontanis.info\/d\/53643-3\/P1230775.JPG \/><\/a><br \/>\n^ Der ESL geht ja den Steilhang bis hinauf &#8211; da gabs sicher nie eine offizielle Abfahr runter, oder?! <\/p>\n<p><a href='http:\/\/ski.inmontanis.info\/d\/53645-1\/P1230776.JPG'><img src=http:\/\/ski.inmontanis.info\/d\/53647-3\/P1230776.JPG \/><\/a><br \/>\n^ .. und die Bergstation im Zoom .. heftig  .. <\/p>\n<p>(10:00, in Prato Selva) <\/p>\n<p>Die Vormittagskarte kostet 11,- und ich konnte um 10 Uhr gerade einmal mit der fast 2 km langen Nascivera-DSB fahren, bevor sie wegen eines technischen Gebrechens eingestellt werden musste: An der vorletzten St\u00fctze gab es laute Knarzger\u00e4usche. <\/p>\n<p>Sogleich wurde die neue Doppelmayr-DSB in  Berieb genommen, die wohl sonst nur am WE gefahren w\u00e4re. Diese erschlie\u00dft aber nur den unteren, leichteren Hang &#8211; und war somit alles andere als interessant. Nach 3x war es mir genug und 11.30 fuhr ich weiter nach Cittareale \/ Selva Rotonda, was eigentlich f\u00fcr morgen nach Campo Stella angedacht war&#8230;. <\/p>\n<p><a href='http:\/\/ski.inmontanis.info\/d\/53650-1\/P1230740.JPG'><img src=http:\/\/ski.inmontanis.info\/d\/53652-3\/P1230740.JPG \/><\/a><br \/>\n^ Pistenplan. Den linken Lift gibts gar nicht mehr, die rechten beiden auch nicht mehr, stattdessen zwischen der langen DSB und dem mittleren SL die neue DSB.. <\/p>\n<p><a href='http:\/\/ski.inmontanis.info\/d\/53655-1\/gps_pratoselva.jpg'><img src=http:\/\/ski.inmontanis.info\/d\/53657-3\/gps_pratoselva.jpg \/><\/a><br \/>\n^ GPS-Track <\/p>\n<p><a href='http:\/\/ski.inmontanis.info\/d\/53659-1\/P1230742.JPG'><img src=http:\/\/ski.inmontanis.info\/d\/53661-3\/P1230742.JPG \/><\/a><br \/>\n^ DSB-Strecke <\/p>\n<p><a href='http:\/\/ski.inmontanis.info\/d\/53663-1\/P1230743.JPG'><img src=http:\/\/ski.inmontanis.info\/d\/53665-3\/P1230743.JPG \/><\/a><br \/>\n^ Blick von der langen DSB zur neuen \u00dcbungs-DSB <\/p>\n<p><a href='http:\/\/ski.inmontanis.info\/d\/53667-1\/P1230745.JPG'><img src=http:\/\/ski.inmontanis.info\/d\/53669-3\/P1230745.JPG \/><\/a><br \/>\n^ Beide DSBs <\/p>\n<p><a href='http:\/\/ski.inmontanis.info\/d\/53671-1\/P1230746.JPG'><img src=http:\/\/ski.inmontanis.info\/d\/53673-3\/P1230746.JPG \/><\/a><br \/>\n^ Pano mit Gran Sasso <\/p>\n<p><a href='http:\/\/ski.inmontanis.info\/d\/53675-1\/P1230748.JPG'><img src=http:\/\/ski.inmontanis.info\/d\/53677-3\/P1230748.JPG \/><\/a><br \/>\n^ Rechts die Bergstation der neuen DSB, die alte geht noch ein sch\u00f6nes St\u00fcck weiter&#8230;. <\/p>\n<p><a href='http:\/\/ski.inmontanis.info\/d\/53679-1\/P1230749.JPG'><img src=http:\/\/ski.inmontanis.info\/d\/53681-3\/P1230749.JPG \/><\/a><br \/>\n^ Bergstation der neuen DSB <\/p>\n<p><a href='http:\/\/ski.inmontanis.info\/d\/53683-1\/P1230752.JPG'><img src=http:\/\/ski.inmontanis.info\/d\/53685-3\/P1230752.JPG \/><\/a><br \/>\n^ Zwischenstation <\/p>\n<p><a href='http:\/\/ski.inmontanis.info\/d\/53687-1\/P1230753.JPG'><img src=http:\/\/ski.inmontanis.info\/d\/53689-3\/P1230753.JPG \/><\/a><br \/>\n^ Zwischenstation <\/p>\n<p><a href='http:\/\/ski.inmontanis.info\/d\/53691-1\/P1230756.JPG'><img src=http:\/\/ski.inmontanis.info\/d\/53693-3\/P1230756.JPG \/><\/a><br \/>\n^ Hochklappbare Wartungspodeste. Schaut doch gleich viel besser aus! <\/p>\n<p><a href='http:\/\/ski.inmontanis.info\/d\/53695-1\/P1230758.JPG'><img src=http:\/\/ski.inmontanis.info\/d\/53697-3\/P1230758.JPG \/><\/a><br \/>\n^ Bergstation DSB. An der St\u00fctze hat&#8217;s lautstark geknarzt&#8230; <\/p>\n<p><a href='http:\/\/ski.inmontanis.info\/d\/53699-1\/P1230759.JPG'><img src=http:\/\/ski.inmontanis.info\/d\/53701-3\/P1230759.JPG \/><\/a><br \/>\n^ Bergstation <\/p>\n<p><a href='http:\/\/ski.inmontanis.info\/d\/53703-1\/P1230760.JPG'><img src=http:\/\/ski.inmontanis.info\/d\/53705-3\/P1230760.JPG \/><\/a><br \/>\n^ Pano und Abfahrt <\/p>\n<p><a href='http:\/\/ski.inmontanis.info\/d\/53707-1\/P1230762.JPG'><img src=http:\/\/ski.inmontanis.info\/d\/53709-3\/P1230762.JPG \/><\/a><br \/>\n^ Bergstation <\/p>\n<p><a href='http:\/\/ski.inmontanis.info\/d\/53711-1\/P1230773.JPG'><img src=http:\/\/ski.inmontanis.info\/d\/53713-3\/P1230773.JPG \/><\/a><br \/>\n^ Pano ins Gran-Sasso-Massif <\/p>\n<p><a href='http:\/\/ski.inmontanis.info\/d\/53715-1\/P1230778.JPG'><img src=http:\/\/ski.inmontanis.info\/d\/53717-3\/P1230778.JPG \/><\/a><br \/>\n^ Unterer Hang mit beiden DSB-Talstationen. <\/p>\n<p><a href='http:\/\/ski.inmontanis.info\/d\/53719-1\/P1230779.JPG'><img src=http:\/\/ski.inmontanis.info\/d\/53721-3\/P1230779.JPG \/><\/a><br \/>\n^ Nascivera-Talstation <\/p>\n<p><a href='http:\/\/ski.inmontanis.info\/d\/53723-1\/P1230785.JPG'><img src=http:\/\/ski.inmontanis.info\/d\/53725-3\/P1230785.JPG \/><\/a><br \/>\n^ Talstationen und Parkplatz <\/p>\n<p><a href='http:\/\/ski.inmontanis.info\/d\/53727-1\/P1230780.JPG'><img src=http:\/\/ski.inmontanis.info\/d\/53729-3\/P1230780.JPG \/><\/a><br \/>\n^ In der neueren DSB <\/p>\n<p><a href='http:\/\/ski.inmontanis.info\/d\/53731-1\/P1230782.JPG'><img src=http:\/\/ski.inmontanis.info\/d\/53733-3\/P1230782.JPG \/><\/a><br \/>\n^ .. die alte musste jetzt leider repariert werden .. <\/p>\n<p><a href='http:\/\/ski.inmontanis.info\/d\/53735-1\/P1230783.JPG'><img src=http:\/\/ski.inmontanis.info\/d\/53737-3\/P1230783.JPG \/><\/a><br \/>\n^ Bissl Querfeldein auf der Suche nach dem linken SL &#8211; evtl. war das mal die Trasse&#8230; <\/p>\n<p><a href='http:\/\/ski.inmontanis.info\/d\/53739-1\/P1230784.JPG'><img src=http:\/\/ski.inmontanis.info\/d\/53741-3\/P1230784.JPG \/><\/a><br \/>\n^ .. k\u00f6nnte aber auch das die ehemalige Abfahrt am linken SL gewesen sein .. <\/p>\n<p>(Am GPS-Track oben kann man sich den linken SL ganz gut vorstellen..)<\/p>\n","protected":false},"excerpt":{"rendered":"<p>Die Ern\u00fcchterung kam kaum sp\u00e4ter: Der ESL ist anscheinend nur noch n\u00e4chsten Sommer ge\u00f6ffnet. Pf\u00fch, dann fahr ich halt nicht hier Ski. Der Rest des Skigebiets k\u00f6nnte kaum langweiliger sein &#8211; neue 4SB+DSB mit jeweils einer Abfahrt links und rechts. Nein Danke&#8230;  <a href=\"http:\/\/blog.inmontanis.info\/?p=733\">[&#8230;]<\/a><\/p>\n","protected":false},"author":1,"featured_media":0,"comment_status":"open","ping_status":"closed","sticky":false,"template":"","format":"standard","meta":{"footnotes":""},"categories":[68,15,418,417,27,32],"tags":[38,35],"class_list":["post-733","post","type-post","status-publish","format-standard","hentry","category-68","category-italienitaly","category-prati-di-tivo","category-prato-selva","category-skifahren-winterskiing-winter","category-lostplaces","tag-dsb","tag-esl","odd"],"_links":{"self":[{"href":"http:\/\/blog.inmontanis.info\/index.php?rest_route=\/wp\/v2\/posts\/733","targetHints":{"allow":["GET"]}}],"collection":[{"href":"http:\/\/blog.inmontanis.info\/index.php?rest_route=\/wp\/v2\/posts"}],"about":[{"href":"http:\/\/blog.inmontanis.info\/index.php?rest_route=\/wp\/v2\/types\/post"}],"author":[{"embeddable":true,"href":"http:\/\/blog.inmontanis.info\/index.php?rest_route=\/wp\/v2\/users\/1"}],"replies":[{"embeddable":true,"href":"http:\/\/blog.inmontanis.info\/index.php?rest_route=%2Fwp%2Fv2%2Fcomments&post=733"}],"version-history":[{"count":4,"href":"http:\/\/blog.inmontanis.info\/index.php?rest_route=\/wp\/v2\/posts\/733\/revisions"}],"predecessor-version":[{"id":3320,"href":"http:\/\/blog.inmontanis.info\/index.php?rest_route=\/wp\/v2\/posts\/733\/revisions\/3320"}],"wp:attachment":[{"href":"http:\/\/blog.inmontanis.info\/index.php?rest_route=%2Fwp%2Fv2%2Fmedia&parent=733"}],"wp:term":[{"taxonomy":"category","embeddable":true,"href":"http:\/\/blog.inmontanis.info\/index.php?rest_route=%2Fwp%2Fv2%2Fcategories&post=733"},{"taxonomy":"post_tag","embeddable":true,"href":"http:\/\/blog.inmontanis.info\/index.php?rest_route=%2Fwp%2Fv2%2Ftags&post=733"}],"curies":[{"name":"wp","href":"https:\/\/api.w.org\/{rel}","templated":true}]}}