{"id":7328,"date":"2021-12-29T17:15:21","date_gmt":"2021-12-29T16:15:21","guid":{"rendered":"http:\/\/blog.inmontanis.info\/?p=7328"},"modified":"2023-08-05T11:51:05","modified_gmt":"2023-08-05T09:51:05","slug":"vemdalen-bjornrike-vemdalsskalet-26-29-12-2021","status":"publish","type":"post","link":"http:\/\/blog.inmontanis.info\/?p=7328","title":{"rendered":"Vemdalen (Bj\u00f6rnrike \/ Vemdalsskalet), 26.-29.12.2021"},"content":{"rendered":"<p><strong>So, 26.12.2021<\/strong><\/p>\n<p>Nach dem Einkaufen in Sveg (ICA, Dollarstore) ging ich zum Frasses, wo ich mich aber diesmal nicht f\u00fcr den Laxburger entschied, sondern eine der lokalen Speisen probierte &#8211; genauer gesagt, den Gyrosteller. In Skandinavien gibts n\u00e4mlich h\u00e4ufig dort, wo es Kebapteller gibt, auch Gyrosteller. Hab mich schon l\u00e4nger gefragt, was da eigentlich der Unterschied sein wird..<\/p>\n<p>.. anscheinend hier, dass das Fleisch nicht in d\u00fcnnen Scheiben, sondern in dickeren Streifen geschnitten ist!? Geschmacklich hatte es sonst nicht wirklich nach Gyros vom Griechen (in DE\/AT) geschmeckt.<\/p>\n<p>(Da in Lofsdalen noch nicht sehr viel offen hat und es im Januar g\u00fcnstigere Skip\u00e4sse gibt, bin ich von S\u00e4rna aus \u00fcber Sveg und nicht \u00fcber Lofsdalen gefahren. Km-m\u00e4\u00dfig sollte die Strecke \u00fcber Sveg sogar etwas k\u00fcrzer sein, macht aber nicht viel aus. Da es mir aber letztes Jahr ganz gut gefiel dort, w\u00fcrde ich schon f\u00fcr einen oder mehr Tage vorbei schauen wollen. Auch wenn bei den g\u00fcnstigen Preisen im Januar wohl auch der KSSL parallel zur oberen KSB wieder nicht offen haben wird&#8230;)<\/p>\n<p>Bis ich in Bj\u00f6rnrike war, fing es leicht zu schneien an. Eigentlich sollte nur 1 Abfahrt geschlossen sein, aber es waren einige weitere obere St\u00fccke geschlossen. Bin halbwegs die ge\u00f6ffneten SL und Abfahrten durchgefahren, die 6KSB hab ich heut mal noch auslassen.<\/p>\n<p>B\u00f6rnrike hatte ich ja bei meinem letzten Vemdalen-Besuch Anfang des Jahres auslassen, vielleicht auch weil ich es bei meinem vorherigen Besuch der 3 Gebiete 2011 als langweiligstes einstufte, k\u00f6nnte aber generell etwas im Schatten von Vemdalsskalet und Kl\u00f6vsj\u00f6 stehen.<\/p>\n<p>Positiv an Bj\u00f6rnrike w\u00e4re die (s\u00fcd)westliche Ausrichtung ohne Berge davor, d.h. man hat selbst jetzt im Dezember sehr lang Sonne bis zu den Talstationen, sofern sie denn nicht von Wolken verdeckt werden.<\/p>\n<p><a href='http:\/\/ski.inmontanis.info\/d\/299281-2\/DSC00956.jpg'><img src=http:\/\/ski.inmontanis.info\/d\/299280-3\/DSC00956.jpg \/><\/a><br \/>\n^ Pistenplan Bj\u00f6rnrike<\/p>\n<p><a href='http:\/\/ski.inmontanis.info\/d\/299285-2\/DSC00949.jpg'><img src=http:\/\/ski.inmontanis.info\/d\/299284-3\/DSC00949.jpg \/><\/a><br \/>\n^ SL I, in der Mitte des Skigebiets, geht nur halb hoch<\/p>\n<p>Die breiten blauen Bordie-B\u00fcgel fand ich letzte Saison eigentlich meist recht bequem, aber mir sind ja 3 Varianten aufgefallen: ohne Schriftzug = sehr rutschig, mit leicht gepr\u00e4gtem und mit stark gepr\u00e4gtem Bordie-Schriftzug auf der &#8220;Sitzfl\u00e4che&#8221;. Letztere sind am wenigsten rutschig. Hier mit der leicht gepr\u00e4gten Variante rutschen die schon ziemlich und: sie sind vergleichen mit normalen B\u00fcgel eiskalt bzw. ist die Fl\u00e4che viel gr\u00f6\u00dfer und daher k\u00e4lter. Mag ich gerade gar nicht sonderlich, diesen SL hier. Hat auch immer Wartezeiten.<\/p>\n<p><a href='http:\/\/ski.inmontanis.info\/d\/299289-2\/DSC00957.jpg'><img src=http:\/\/ski.inmontanis.info\/d\/299288-3\/DSC00957.jpg \/><\/a><br \/>\n^ Am linken SL C gab es wohl fr\u00fcher eine etwas niedrigere (und steilere) Pisten-Lift-Querung, mittlerweile aufgeforstet (bis auf das Ger\u00fcst mit den Liftquerungs-Schildern)<\/p>\n<p><a href='http:\/\/ski.inmontanis.info\/d\/299293-2\/DSC00958.jpg'><img src=http:\/\/ski.inmontanis.info\/d\/299292-3\/DSC00958.jpg \/><\/a><br \/>\n^ SL D, die linke Abfahrt s\u00e4he ja unten ganz nett aus ..<\/p>\n<p><a href='http:\/\/ski.inmontanis.info\/d\/299297-2\/DSC00962.jpg'><img src=http:\/\/ski.inmontanis.info\/d\/299296-3\/DSC00962.jpg \/><\/a><br \/>\n^ .. aber von oben dann doch uninteressant. Offiziell noch geschlossen, trotzdem gefahren, schwer zu fahren gewesen<\/p>\n<p><a href='http:\/\/ski.inmontanis.info\/d\/299301-2\/DSC00964.jpg'><img src=http:\/\/ski.inmontanis.info\/d\/299300-3\/DSC00964.jpg \/><\/a><br \/>\n^ Der obere Teil vom SL D ist noch geschlossen, aber viel verpassen tut man hier nicht<\/p>\n<p>Der Campingplatz ist ca. 18 km weg, daf\u00fcr ist er etwas g\u00fcnstiger. Und f\u00fcrs Auto sind 18km wohl auch besser als z.B. 1,8km. Direkt im Skigebiet scheint es eh keinen gegeben zu haben bzw. wenn man 3 Skigebiet in der Gegend hat, muss man ja eh immer etwas fahren und im f\u00fcr mich uninteressantesten Kl\u00f6vsj\u00f6 &#8211; zumindest wenn momentan die oberen SL noch nicht offen sind &#8211; h\u00e4tte sich ein dann wesentlich teurerer Campingplatz ja auch nicht gelohnt.<\/p>\n<p>Ich zahl jetzt hier ca. 25 \u20ac pro Nacht bei 7 Tage-Belegung zzgl. glaub ca. 0,20 \u20ac pro kWh.<\/p>\n<p>Netterweise hat der Campingplatz eine sch\u00f6ne Aussicht auf See oder so. Sauna w\u00e4re auch gratis &#8211; brauch ich aber ja nicht. Internet ist auch inklusive und als Willkommensgeschenk gab&#8217;s noch eine M\u00fctze und ein T-Shirt. Nett.<\/p>\n<p><a href='http:\/\/extra.inmontanis.info\/d\/74651-2\/DSC00969.jpg'><img src=http:\/\/extra.inmontanis.info\/d\/74650-3\/DSC00969.jpg \/><\/a><\/p>\n<p>Heute fehlt mir zur Abwechslung mal was von daheim, aufgefallen ist mir das dann sp\u00e4testens bei Track 11: Bei meiner H\u00f6rbuchsammlung hat sich ein Fehler eingeschlichen &#8211; unter Harry Potter Band 6 waren die Dateien von Band 7. Von den CDs eingelesen aber schon 2007. Und zus\u00e4tzlich hab ich aber im 7er Verzeichnis die selben Dateien &#8211; mit dem selben Datum, aber unterteilt in CD 1 und CD 2. Also das ist mal sehr kurios. Da ich die ja als MP3-CDs hab und nicht als Audible-K\u00e4ufe, hab ich logischerweise von hier aus keinen Zugriff auf die physischen CDs. K\u00f6nnte mir h\u00f6chsten mal \u00fcberlegen, es mir mal in Englisch bei Audible zu kaufen &#8211; um mal zu probieren, wie gut ich da beim Autofahren mitkomme. Fremde Sprachen zu h\u00f6ren ist f\u00fcr mich immer wesentlich schwieriger als sie zu lesen und bei Filmen konzentrier ich mich dann doch meistens auf die Untertitel, wenn ich mich mal f\u00fcr die Originalsprache entscheide&#8230; Dann halt mit einem Stephen King weiter gemacht, der in Kombination mit David Nathan als Vorleser mittlerweile sowieso mein Lieblingsautor ist, ca. 13 B\u00fccher (von insg. knapp 130 H\u00f6rb\u00fcchern), wenn ich mich nicht verz\u00e4hlt hab. Stundenm\u00e4\u00dfig d\u00fcrfte der Anteil aber weit \u00fcber 10% sein ;-)<\/p>\n<p>Einziger Vorteil an der Sache: Hab jetzt 1,4 GB Platz frei, ohne alte Fotos l\u00f6schen zu m\u00fcssen.<\/p>\n<p><strong>27.12.2021<\/strong><\/p>\n<p><a href='http:\/\/extra.inmontanis.info\/d\/74655-2\/DSC00970.jpg'><img src=http:\/\/extra.inmontanis.info\/d\/74654-3\/DSC00970.jpg \/><\/a><br \/>\n^ Pano am Campingplatz (8:40 Uhr), bald Sonnenaufgang. Danach aber bald Nebel.<\/p>\n<p>Vormittags im Tal Nebel, aber lt. Webcam etwas Sonne dar\u00fcber, daher nochmals Bj\u00f6rnrike gefahren. Nachmittags dann auch die bl\u00f6de 6KSB, unn\u00fctzerweise mal wieder mit den eiskalten, weicheren Sitzen und eiskalten hohen Lehnen, damit man auch ja den ganzen R\u00fccken kalt bekommt (oder bei Schnee\/Eis\/Regen: damit der ganze R\u00fccken nass ist). Fortschritt um des Fortschritts willen und an den meisten Skitagen negativ, das nervt. Solche KSB st\u00f6ren mich mittlerweile sogar mehr als die modellierten Abfahrten.<\/p>\n<p>Aber: Panoramatechnisch schon geil hier. Kleines D\u00e9j\u00e0-vu mit Po-Ebene und Blick auf Alpenbogen mit West- und Meeralpen und einer Art Monteviso :)<\/p>\n<p><a href='http:\/\/ski.inmontanis.info\/d\/299305-2\/DSC00973.jpg'><img src=http:\/\/ski.inmontanis.info\/d\/299304-3\/DSC00973.jpg \/><\/a><br \/>\n^ SL E, der war in den folgenden Tagen am vollsten<\/p>\n<p><a href='http:\/\/ski.inmontanis.info\/d\/299309-2\/DSC00979.jpg'><img src=http:\/\/ski.inmontanis.info\/d\/299308-3\/DSC00979.jpg \/><\/a><br \/>\n^ Nebelmeer-Pano vom SL E<\/p>\n<p><a href='http:\/\/ski.inmontanis.info\/d\/299313-2\/DSC00978.jpg'><img src=http:\/\/ski.inmontanis.info\/d\/299312-3\/DSC00978.jpg \/><\/a><br \/>\n^ SL E, gibt alte Fundamente und einige der alten Fundamente wurden f\u00fcr den SL verwendet<\/p>\n<p>Lt. Wikipedia wurde das Hotel hier 1968 er\u00f6ffnet, die DSB dazu (SL-Vorg\u00e4nger also wie gedacht) 1969. 1975 wurde sie anscheinend aufgrund der geringen Schneestituation am Gipfel verk\u00fcrzt (also wohl auf das Zwischenplateau, wo derzeit der SL-Ausstieg wegen Schneemangel ist.) Au\u00dferdem wurden die roten Plastiksessel mit rot lackierten Holzsesseln ersetzt. 1985 oder 1986 wurde die DSB dann mit dem SL ersetzt. 2010 kam bereits die 6KSB, mit etwas \u00fcber 2km wohl die l\u00e4ngste in Schweden.<\/p>\n<p>Rote Plastiksessel plus die St\u00fctzenfundamente, die auf Fachwerkst\u00fctzen deuteten .. k\u00f6nnte dann wohl eine M\u00fcller-DSB gewesen sein?!<\/p>\n<p>Hier wohl ein Bild des alten Sessellifts:<br \/>\n<a href='https:\/\/scontent-arn2-1.xx.fbcdn.net\/v\/t1.6435-9\/142721167_1147245965708583_2358794994275130414_n.jpg?_nc_cat=110&amp;ccb=1-5&amp;_nc_sid=973b4a&amp;_nc_ohc=P9DUECkgGYAAX9YFY0r&amp;_nc_ht=scontent-arn2-1.xx&amp;oh=00_AT-kKkfULkDQvJeqNf5ju9_2EOc0Xp4Tqie2Gn1zUjon8A&amp;oe=61F0A8E2'>https:\/\/scontent-arn2-1.xx.fbcdn.net\/v\/t1.6435-9\/142721167_1147245965708583_2358794994275130414_n.jpg?_nc_cat=110&amp;ccb=1-5&amp;_nc_sid=973b4a&amp;_nc_ohc=P9DUECkgGYAAX9YFY0r&amp;_nc_ht=scontent-arn2-1.xx&amp;oh=00_AT-kKkfULkDQvJeqNf5ju9_2EOc0Xp4Tqie2Gn1zUjon8A&amp;oe=61F0A8E2<\/a><\/p>\n<p>In Vemdalsskalet dagegen stand mal ein ESL:<br \/>\n<a href='https:\/\/www.vemdalenidag.nu\/nyheter\/e\/97\/historiska-liftar\/'>https:\/\/www.vemdalenidag.nu\/nyheter\/e\/97\/historiska-liftar\/<\/a><\/p>\n<p><a href='http:\/\/ski.inmontanis.info\/d\/299317-2\/DSC00981.jpg'><img src=http:\/\/ski.inmontanis.info\/d\/299316-3\/DSC00981.jpg \/><\/a><br \/>\n^ SL E (heute hier Ausstieg) und 6KSB<\/p>\n<p><a href='http:\/\/ski.inmontanis.info\/d\/299321-2\/DSC00982.jpg'><img src=http:\/\/ski.inmontanis.info\/d\/299320-3\/DSC00982.jpg \/><\/a><br \/>\n^ SL E und Nebelmeer<\/p>\n<p><a href='http:\/\/ski.inmontanis.info\/d\/299325-2\/DSC00983.jpg'><img src=http:\/\/ski.inmontanis.info\/d\/299324-3\/DSC00983.jpg \/><\/a><br \/>\n^ Blick vom SL E r\u00fcber zu den SL D-C-B-A<\/p>\n<p><a href='http:\/\/ski.inmontanis.info\/d\/299329-2\/DSC00984.jpg'><img src=http:\/\/ski.inmontanis.info\/d\/299328-3\/DSC00984.jpg \/><\/a><br \/>\n^ Mit dem Nebelmeer schaute das etwas aus wie die Po-Ebene mit dem Alpenbogen am Horizont, Monteviso inklusive<\/p>\n<p><a href='http:\/\/ski.inmontanis.info\/d\/299333-2\/DSC00985.jpg'><img src=http:\/\/ski.inmontanis.info\/d\/299332-3\/DSC00985.jpg \/><\/a><br \/>\n^ Gegen\u00fcber die Abfahrten am SL C, da gibts wohl noch eine stillgelegte Abfahrtsschneise<\/p>\n<p><a href='http:\/\/ski.inmontanis.info\/d\/299337-2\/DSC00986.jpg'><img src=http:\/\/ski.inmontanis.info\/d\/299336-3\/DSC00986.jpg \/><\/a><br \/>\n^ SL E, D und C, nachmittags wars links am SL E voller und in den n\u00e4chsten Tagen noch mehr. SL C (rechts) war meist leer<\/p>\n<p><a href='http:\/\/ski.inmontanis.info\/d\/299341-2\/DSC00988.jpg'><img src=http:\/\/ski.inmontanis.info\/d\/299340-3\/DSC00988.jpg \/><\/a><br \/>\n^ SL D, der mittlere von den dreien<\/p>\n<p><a href='http:\/\/ski.inmontanis.info\/d\/299345-2\/DSC00989.jpg'><img src=http:\/\/ski.inmontanis.info\/d\/299344-3\/DSC00989.jpg \/><\/a><br \/>\n^ SL D, Trasse etwas schneearm, gef\u00e4llt.<\/p>\n<p><a href='http:\/\/ski.inmontanis.info\/d\/299349-2\/DSC00990.jpg'><img src=http:\/\/ski.inmontanis.info\/d\/299348-3\/DSC00990.jpg \/><\/a><br \/>\n^ Die Abfahrten sind leider allesamt recht modelliert. Schwerwiegender sind die h\u00e4ufigen Eisfl\u00e4chen. Aber bei dem Panorama geht das auch.<\/p>\n<p><a href='http:\/\/ski.inmontanis.info\/d\/299353-2\/DSC00995.jpg'><img src=http:\/\/ski.inmontanis.info\/d\/299352-3\/DSC00995.jpg \/><\/a><br \/>\n^<\/p>\n<p><a href='http:\/\/ski.inmontanis.info\/d\/299357-2\/DSC00999.jpg'><img src=http:\/\/ski.inmontanis.info\/d\/299356-3\/DSC00999.jpg \/><\/a><br \/>\n^ SL A und B<\/p>\n<p><a href='http:\/\/ski.inmontanis.info\/d\/299361-2\/DSC01000.jpg'><img src=http:\/\/ski.inmontanis.info\/d\/299360-3\/DSC01000.jpg \/><\/a><br \/>\n^<\/p>\n<p><a href='http:\/\/ski.inmontanis.info\/d\/299365-2\/DSC01001.jpg'><img src=http:\/\/ski.inmontanis.info\/d\/299364-3\/DSC01001.jpg \/><\/a><br \/>\n^ SL A, B C und gegen\u00fcber D, ganz hinten die rechte Abfahrt an der 6KSB<\/p>\n<p><a href='http:\/\/ski.inmontanis.info\/d\/299369-2\/DSC01003.jpg'><img src=http:\/\/ski.inmontanis.info\/d\/299368-3\/DSC01003.jpg \/><\/a><br \/>\n^ SL A, B unc C<\/p>\n<p><a href='http:\/\/ski.inmontanis.info\/d\/299373-2\/DSC01004.jpg'><img src=http:\/\/ski.inmontanis.info\/d\/299372-3\/DSC01004.jpg \/><\/a><br \/>\n^ Der mittlere SL B w\u00e4re eigentlich bis hier hin sogar pr\u00e4pariert und k\u00f6nnte ge\u00f6ffnet werden (insb. weil am Tellerlift A die n\u00e4chsten Tage ziemlich viel los war, wegen Funpark hier rechts), aber leider trotzdem nicht offen<\/p>\n<p><a href='http:\/\/ski.inmontanis.info\/d\/299377-2\/DSC01005.jpg'><img src=http:\/\/ski.inmontanis.info\/d\/299376-3\/DSC01005.jpg \/><\/a><br \/>\n^ Wobei die rechte Abfahrt am SL B eh nur ein Funpark ist, bringt mir also eh nix. L\u00e4ge aber halt sch\u00f6n lang in der Sonne<\/p>\n<p><a href='http:\/\/ski.inmontanis.info\/d\/299381-2\/DSC01007.jpg'><img src=http:\/\/ski.inmontanis.info\/d\/299380-3\/DSC01007.jpg \/><\/a><br \/>\n^ Funpark am SL A\/B; ein weiterer ist am SL C<\/p>\n<p><a href='http:\/\/ski.inmontanis.info\/d\/299385-2\/DSC01008.jpg'><img src=http:\/\/ski.inmontanis.info\/d\/299384-3\/DSC01008.jpg \/><\/a><br \/>\n^ 2km lange 6KSB und im unteren Bereich noch ein Tellerlift daneben<\/p>\n<p><a href='http:\/\/ski.inmontanis.info\/d\/299389-2\/DSC01009.jpg'><img src=http:\/\/ski.inmontanis.info\/d\/299388-3\/DSC01009.jpg \/><\/a><br \/>\n^ 6KSB und Nebelmeer<\/p>\n<p><a href='http:\/\/ski.inmontanis.info\/d\/299393-2\/DSC01010.jpg'><img src=http:\/\/ski.inmontanis.info\/d\/299392-3\/DSC01010.jpg \/><\/a><br \/>\n^ Pano neben der 6KSB<\/p>\n<p><a href='http:\/\/ski.inmontanis.info\/d\/299397-2\/DSC01011.jpg'><img src=http:\/\/ski.inmontanis.info\/d\/299396-3\/DSC01011.jpg \/><\/a><br \/>\n^ Sonnenuntergang (14:21 uhr)<\/p>\n<p><a href='http:\/\/ski.inmontanis.info\/d\/299401-2\/DSC01012.jpg'><img src=http:\/\/ski.inmontanis.info\/d\/299400-3\/DSC01012.jpg \/><\/a><br \/>\n^ Sonnenuntergang mit Nebelmeer (14:21 uhr)<\/p>\n<p><a href='http:\/\/ski.inmontanis.info\/d\/299405-2\/DSC01016.jpg'><img src=http:\/\/ski.inmontanis.info\/d\/299404-3\/DSC01016.jpg \/><\/a><br \/>\n^ Eine Ab- und Auffahrt sp\u00e4ter: Sonnenuntergang mit 6KSB und Nebelmeer (14:36 uhr)<\/p>\n<p><a href='http:\/\/ski.inmontanis.info\/d\/299409-2\/DSC01020.jpg'><img src=http:\/\/ski.inmontanis.info\/d\/299408-3\/DSC01020.jpg \/><\/a><br \/>\n^ 6KSB und Abendd\u00e4mmerung<\/p>\n<p><a href='http:\/\/ski.inmontanis.info\/d\/299413-2\/DSC01023.jpg'><img src=http:\/\/ski.inmontanis.info\/d\/299412-3\/DSC01023.jpg \/><\/a><br \/>\n^ 6KSB-Abfahrten, Nebelmeer und Abendd\u00e4mmerung<\/p>\n<p><a href='http:\/\/ski.inmontanis.info\/d\/299417-2\/DSC01024.jpg'><img src=http:\/\/ski.inmontanis.info\/d\/299416-3\/DSC01024.jpg \/><\/a><br \/>\n^ Dr\u00fcben SL D hat nur bis 15 Uhr offen, aber danach wird der linke Hang f\u00fcr Renngruppen zum Training verwendet<\/p>\n<p>Abends dann leider schon einen zweiten Schlauch am Heizer abgebrochen &#8211; logisch, kaltes Plastik. Ich sollte den Heizer erst einschalten und kurz laufen lassen, damit die Schl\u00e4uche warm sind, erst dann biegen. Wobei die andere gebrochene Stelle mit Geweband bisher problemlos h\u00e4lt.<\/p>\n<p><a href='http:\/\/extra.inmontanis.info\/d\/74659-2\/DSC01031.jpg'><img src=http:\/\/extra.inmontanis.info\/d\/74658-3\/DSC01031.jpg \/><\/a><br \/>\n^ Home-Cinema im Auto<\/p>\n<p><strong>28.12.2021<\/strong><\/p>\n<p>Bei leichtem Schneefall ging&#8217;s heute nach Vemdalsskalet. Die eine schwarze Abfahrt, die bei meinem Besuch Mitte Januar noch voller hoher Kunstschneehaufen war, wird aktuell bereits pr\u00e4pariert &#8211; ging aber erst morgen auf.<\/p>\n<p>Boah, war das mies heute. Gab es die letzten Wochen ja nur einige Eisplatten in steileren H\u00e4ngen, die man trotzdem meist am Pistenrand umfahren konnte, \u00fcberwiegten heute die Eisplatten auf ganzer Pistenbreite und selbst am Rand gab es keinen aufgefahren Schneestreifen &#8211; maximal dann unten am Ende von den Steilh\u00e4ngen, wo der ganze Schnee gelandet ist.<\/p>\n<p>Dazu auch wesentlich mehr los &#8211; wie wir wissen: KSB ziehen die Leute an. Gut konnte man hier auch die verschiedenen Sitze testen &#8211; also die eine KSB musste ich nicht fahren, die kann man mit 2 rotbraunst\u00fctzigen SL umfahren, aber die beiden unteren Leitner-KSB, links die alten Thermosessel, rechts die neueren Lederpolster und Bubble. Auf den alten Sitzen weder kalter Hintern noch kalter R\u00fccken, auf den neuen gibt&#8217;s sofort beides.<\/p>\n<p>Leider war es dann am linken Sessel zum Schluss hin noch voller als zu Mittag, so dass ich den nicht mehr gefahren bin und auch seine 2 direkten Abfahrten, die zumindest panoramatechnisch sch\u00f6ner sind, nicht fahren konnte. Dann lieber zum Abschluss noch 2x den k\u00fcrzeren SL daneben. Der erschlie\u00dft den unteren Teil der Abfahrten der KSB und die linke Abfahrt war da im unteren Teil vom SL-Bereich tats\u00e4chlich die beste des ganzen Tages. Vers\u00f6hnte mich dann noch kurz vor 15 Uhr. (Die Lifte auf der anderen Seite fahren allesamt bis 17 oder teilweise 19 Uhr, die hier nur bis 15 Uhr, weil wohl die Pisten nicht so gut beleuchtet sind.)<\/p>\n<p>Achso, die vierte, neueste KSB, vom Sibylla-Fastfood, die ohne Fu\u00dfraster, bin ich nat\u00fcrlich nicht gefahren. Da ist ein Skiweg eingezeichnet, der sich aber als flach und teils bergaufgehend entpuppte &#8211; d.h. den ganzen \u00dcbungs-Bereich dort werd ich f\u00fcr mich als Tabu-Zone erkl\u00e4ren. Die KSB soll schon von 2011 sein, d.h. ich hatte bei meinem Besuch im M\u00e4rz 2011 noch Gl\u00fcck.<\/p>\n<p><a href='http:\/\/ski.inmontanis.info\/d\/299421-2\/DSC01038.jpg'><img src=http:\/\/ski.inmontanis.info\/d\/299420-3\/DSC01038.jpg \/><\/a><br \/>\n^ Die KSB links kann man mit den rotst\u00fctzigen SL umfahren, die gegen\u00fcber hatte die l\u00e4ngsten Wartezeiten<\/p>\n<p><a href='http:\/\/ski.inmontanis.info\/d\/299425-2\/DSC01042.jpg'><img src=http:\/\/ski.inmontanis.info\/d\/299424-3\/DSC01042.jpg \/><\/a><br \/>\n^ Die rechts KSB f\u00e4hrt nur bis 15 Uhr, blieb aber den ganzen Nachmittag bis zum Schluss so voll. Die linke war leerer, hat aber sehr eisige Abfahrten<\/p>\n<p><a href='http:\/\/ski.inmontanis.info\/d\/299429-2\/DSC01044.jpg'><img src=http:\/\/ski.inmontanis.info\/d\/299428-3\/DSC01044.jpg \/><\/a><br \/>\n^ Gegenbild zum vorherigen Bild, ich fuhr noch 2x den SL<\/p>\n<p>Hm, also das g\u00fcnstige Hostel da n\u00e4he \u00c5re f\u00e4llt aus. Die sind wohl spezialisiert auf Asthma&amp;Allergiepersonen, bei einem Besuch bekommt man gleich mal eine dortige Mitgliedschaft an den Hals und auf einer anderen Website les ich da folgendes, via Google Translate \u00fcbersetzt:<\/p>\n<p>&#8220;Nuts, almonds, peanuts, eggs and fish are not allowed at S\u00f6derg\u00e5rden \u00c5re. These products must not be included in the S\u00f6derg\u00e5ngen \u00c5re, neither as pure product nor ingredient in another product. During your stay at S\u00f6derg\u00e5rden \u00c5re, you must not use perfumed products.&#8221;<\/p>\n<p>\u00c4h nein, danke, das ist mir zu bl\u00f6d, auf die Zutatenliste von meinem Essen zu schauen oder die ganzen Nuss- und Fischprodukte im Auto zu lassen oder mein Kleidungsspray nicht zu verwenden. Das ist mir zu restriktiv, w\u00fcrd mich nicht wundern, wenn die in Coronazeiten dann auch noch auf Masketragen bestehen oder so.<\/p>\n<p>Daf\u00fcr hab ich mittlerweile auf der Campingplatz-Website auch alternativ zum Buchungsformular eine Preisliste gefunden, demnach es doch g\u00fcnstigere Wochenpreise geben soll. Bewertungen sind aber recht mau und er liegt zwischen der ja doch recht befahrenen Stra\u00dfe und der Bahnlinie, also wirklich angenehm ist das wohl auch nicht, zumal ich ja die n\u00e4chsten 2 Wochen um \u00c5re bleiben m\u00f6chte. Ein anderer Platz, weiter entfernt (n\u00e4he Hostel), hat lt. Buchungsformular aber wohl nix frei. Werd mal beide anmailen.<\/p>\n<p><strong>29.12.2021<\/strong><\/p>\n<p>Verglichen mit den vorherigen Campingpl\u00e4tzen sind die Duschr\u00e4ume hier schon wesentlich k\u00e4lter und weniger sch\u00f6n &#8211; aber hab in Hostels schon schlimmeres gehabt.<\/p>\n<p>Morgens -16\u00b0 und ich hab gelesen, dass \u00fcber Silvester in \u00d6sterreich +17\u00b0 gemeldet werden. Neid.<\/p>\n<p><a href='http:\/\/extra.inmontanis.info\/d\/74663-2\/DSC01045.jpg'><img src=http:\/\/extra.inmontanis.info\/d\/74662-3\/DSC01045.jpg \/><\/a><br \/>\n^ 11:22 Uhr am Campingplatz<\/p>\n<p>Die eine schwarze Abfahrt in Vemdalsskalet ist tats\u00e4chlich ab heute offen, aber lt. Webcam um 11 sind die Warteschlangen um einiges l\u00e4nger als gestern. Zwar auch in Bj\u00f6rnrike, aber an den SL dann doch noch etwas k\u00fcrzer. W\u00e4r ja auch gern mal Vemdalsskalet bei Sonne gefahren, aber dann lieber weniger warten und etwas bessere Pisten in Bj\u00f6rnrike.<\/p>\n<p>Diese Axess-Leser nerven auch mindestens einmal am Tag, insofern dass die Schranken innerhalb eines Sekundenbruchteils nach dem \u00d6ffnen wieder zugehen und ich noch nicht mal mitten drin stehe und dann mit Gewalt dagegen ank\u00e4mpfen muss, noch durchzukommen.<\/p>\n<p><a href='http:\/\/ski.inmontanis.info\/d\/299433-2\/DSC01047.jpg'><img src=http:\/\/ski.inmontanis.info\/d\/299432-3\/DSC01047.jpg \/><\/a><br \/>\n^ Heute kein Nebelmeer und keine &#8220;Poebene&#8221; in Bj\u00f6rnrike<\/p>\n<p><a href='http:\/\/ski.inmontanis.info\/d\/299437-2\/DSC01048.jpg'><img src=http:\/\/ski.inmontanis.info\/d\/299436-3\/DSC01048.jpg \/><\/a><br \/>\n^ Aber wieder ein sch\u00f6ner Sonnenuntergang, daher hinter der 6KSB etwas aufgestiegen (14:15)<\/p>\n<p><a href='http:\/\/ski.inmontanis.info\/d\/299441-2\/DSC01051.jpg'><img src=http:\/\/ski.inmontanis.info\/d\/299440-3\/DSC01051.jpg \/><\/a><br \/>\n^ Gipfelpano<\/p>\n<p><a href='http:\/\/ski.inmontanis.info\/d\/299445-2\/DSC01052.jpg'><img src=http:\/\/ski.inmontanis.info\/d\/299444-3\/DSC01052.jpg \/><\/a><br \/>\n^ Gipfelpano<\/p>\n<p><a href='http:\/\/ski.inmontanis.info\/d\/299449-2\/DSC01053.jpg'><img src=http:\/\/ski.inmontanis.info\/d\/299448-3\/DSC01053.jpg \/><\/a><br \/>\n^ Gipfelpano<\/p>\n<p><a href='http:\/\/ski.inmontanis.info\/d\/299453-2\/DSC01055.jpg'><img src=http:\/\/ski.inmontanis.info\/d\/299452-3\/DSC01055.jpg \/><\/a><br \/>\n^ Nahe Sonnenuntergang (14:22)<\/p>\n<p><a href='http:\/\/ski.inmontanis.info\/d\/299457-2\/DSC01057.jpg'><img src=http:\/\/ski.inmontanis.info\/d\/299456-3\/DSC01057.jpg \/><\/a><br \/>\n^ 6KSB um 14:33<\/p>\n<p>Im Skigebiet waren es an den Talstation unten -12\u00b0, weiter oben -10\u00b0, am Gipfel wohl spurbar w\u00e4rmer. Nach dem Wegfahren im Tal hatte es lt. Auto bis zu -19\u00b0.<\/p>\n<p><a href='http:\/\/extra.inmontanis.info\/d\/74667-3\/DSC01059.jpg'><img src=http:\/\/extra.inmontanis.info\/d\/74666-4\/DSC01059.jpg \/><\/a><br \/>\n^ Tja, bl\u00f6derweise irgendwie mit dem Rucksack h\u00e4ngen geblieben und den Steuerknopf von der Standheizung abgenibbelt. Auch nicht geschafft, ihn wieder reinzudr\u00fccken. Mittlerweile ist er irgendwohin runtergefallen. Drehen kann man den Knopf ja noch, aber das Dr\u00fccken (Best\u00e4tigen von Zeit usw. bei Timern), dazu braucht man einen schmalen Gegenstand zum reindr\u00fccken. Schnellstart (30min) und Ausschalten geht ja auch \u00fcber den Knopf rechts oben.<\/p>\n<p>Am Supermarkt in Vemdalen gab es gestern Nachmittag wie heute Mittag eine kurze Warteschlange vom Eingang, daher fuhr ich heut Abend noch 8km l\u00e4nger bis nach Hede, um in den dortigen, etwas gr\u00f6\u00dferen ICA-Supermarkt zu probieren. Da ich dadurch auch an einer Tankstelle vorbei kam, und wer wei\u00df, wann wieder eine kommt, tankte ich auch gleich wieder voll.<\/p>\n<p>\u00dcbrigens: Smetana scheint es zumindest bei ICA regelm\u00e4\u00dfig zu geben. Nahm f\u00fcr die \u00c4lplermaccaroni diesmal aber fl\u00fcssige Sahne mit. Heut gibts aber erst mal endlich die Salsiccia, daher 2 Ciabatta-Semmel gekauft.<\/p>\n<p>Nope, leider nicht der typische Salsiccia-Geschmack, wie es die original-italienischen letztens hatten. Beim Aufschneiden und dem dadurch aufkommenden Geruch und Geschmack der Finger erinnerten sie mich eher an fr\u00e4nkische, grobe Stadtw\u00fcrste, aber lt. Zutaten auf Wikipedia passt das nicht ganz. Geschmacklich angebraten schmeckte es eher wie die Bratwurst vom letzten Bratwurst-Hotdog. Also brauch ich mir jetzt kein zweites Mal kaufen.<\/p>\n<p>Sp\u00e4testens mit dieser Meldung heute ist dann auch eine Auswanderung nach Russland ad acta gelegt:<br \/>\nhttps:\/\/www.orf.at\/#\/stories\/3241896\/<br \/>\n&#8220;Das von Pr\u00e4sident Wladimir Putin unterzeichnete Gesetz schreibt demnach umfassende medizinische Checks wie eine Blutentnahme, R\u00f6ntgen-Untersuchungen und CT-Aufnahmen vor. Die Regelung betrifft Ausl\u00e4nder, die sich l\u00e4nger als 90 Tage in Russland aufhalten. Diejenigen, die beruflich im Land sind, haben daf\u00fcr nur 30 Tage Zeit. Sie m\u00fcssen sich etwa auf Tuberkulose, Drogenkonsum, Syphilis und HIV untersuchen lassen. &#8221;<\/p>\n<p>&#8211;<\/p>\n<p>F\u00fcr die Nacht sind noch -20 \u00b0gemeldet, f\u00fcr morgen Vormittag nur noch -10\u00b0, aber leichter Schneefall. Daher mal beide Heizer mit der halben Leistung laufen lassen, blieb dann bis zum Morgen warm.<\/p>\n","protected":false},"excerpt":{"rendered":"<p>So, 26.12.2021<\/p>\n<p>Nach dem Einkaufen in Sveg (ICA, Dollarstore) ging ich zum Frasses, wo ich mich aber diesmal nicht f\u00fcr den Laxburger entschied, sondern eine der lokalen Speisen probierte &#8211; genauer gesagt, den Gyrosteller. In Skandinavien gibts n\u00e4mlich h\u00e4ufig dort, wo es Kebapteller gibt, auch Gyrosteller. Hab mich schon l\u00e4nger gefragt, was da eigentlich der <a href=\"http:\/\/blog.inmontanis.info\/?p=7328\">[&#8230;]<\/a><\/p>\n","protected":false},"author":1,"featured_media":7330,"comment_status":"closed","ping_status":"closed","sticky":false,"template":"","format":"standard","meta":{"footnotes":""},"categories":[185,19,27,623],"tags":[56,77,47],"class_list":["post-7328","post","type-post","status-publish","format-standard","has-post-thumbnail","hentry","category-2021-08-skandinavien","category-schwedensweden","category-skifahren-winterskiing-winter","category-vemdalen","tag-6sb","tag-nebelmeer","tag-sl","odd"],"_links":{"self":[{"href":"http:\/\/blog.inmontanis.info\/index.php?rest_route=\/wp\/v2\/posts\/7328","targetHints":{"allow":["GET"]}}],"collection":[{"href":"http:\/\/blog.inmontanis.info\/index.php?rest_route=\/wp\/v2\/posts"}],"about":[{"href":"http:\/\/blog.inmontanis.info\/index.php?rest_route=\/wp\/v2\/types\/post"}],"author":[{"embeddable":true,"href":"http:\/\/blog.inmontanis.info\/index.php?rest_route=\/wp\/v2\/users\/1"}],"replies":[{"embeddable":true,"href":"http:\/\/blog.inmontanis.info\/index.php?rest_route=%2Fwp%2Fv2%2Fcomments&post=7328"}],"version-history":[{"count":3,"href":"http:\/\/blog.inmontanis.info\/index.php?rest_route=\/wp\/v2\/posts\/7328\/revisions"}],"predecessor-version":[{"id":9098,"href":"http:\/\/blog.inmontanis.info\/index.php?rest_route=\/wp\/v2\/posts\/7328\/revisions\/9098"}],"wp:featuredmedia":[{"embeddable":true,"href":"http:\/\/blog.inmontanis.info\/index.php?rest_route=\/wp\/v2\/media\/7330"}],"wp:attachment":[{"href":"http:\/\/blog.inmontanis.info\/index.php?rest_route=%2Fwp%2Fv2%2Fmedia&parent=7328"}],"wp:term":[{"taxonomy":"category","embeddable":true,"href":"http:\/\/blog.inmontanis.info\/index.php?rest_route=%2Fwp%2Fv2%2Fcategories&post=7328"},{"taxonomy":"post_tag","embeddable":true,"href":"http:\/\/blog.inmontanis.info\/index.php?rest_route=%2Fwp%2Fv2%2Ftags&post=7328"}],"curies":[{"name":"wp","href":"https:\/\/api.w.org\/{rel}","templated":true}]}}