{"id":7316,"date":"2021-12-17T18:01:50","date_gmt":"2021-12-17T17:01:50","guid":{"rendered":"http:\/\/blog.inmontanis.info\/?p=7316"},"modified":"2023-08-04T20:41:28","modified_gmt":"2023-08-04T18:41:28","slug":"hemsedal-14-17-12-2021","status":"publish","type":"post","link":"http:\/\/blog.inmontanis.info\/?p=7316","title":{"rendered":"Hemsedal, 14.-17.12.2021"},"content":{"rendered":"<p><strong>Di, 14.12.2021<\/strong><\/p>\n<p>Auch immer wieder erstaunlich: Schneer\u00e4umdienste. Die fahren, auch wenn es nicht schneit, quasi den ganzen Tag, fast st\u00fcndlcih an dem Parkplatz vorbei. Schwarz ger\u00e4umt ist die Stra\u00dfe danach trotzdem nicht, obwohl auf den Rand immer etwas Schnee fliegt. Aber es wird stattdessen eben gestreut (bzw. &#8220;pr\u00e4pariert&#8221;, heute aber eher ersteres, da die Reifenspuren selbst schon eher schneefrei sind).<\/p>\n<p>Der urspr\u00fcnglich f\u00fcr morgen ganztags gemeldete Regen kommt jetzt schon heute Nachmittag, wobei die Warmfront erst gegen Mitternacht kommen soll, d.h. zuvor Schneefall, dann angeblich in der Nacht zu Regen werdend und morgen daf\u00fcr trocken, Plusgrade und mit sonnigen Abschnitten. Heute Vormittag noch -8\u00b0. Entsprechend viel Batterie verbraucht.<\/p>\n<p><a href='http:\/\/ski.inmontanis.info\/d\/298881-3\/DSC00728.jpg'><img src=http:\/\/ski.inmontanis.info\/d\/298880-3\/DSC00728.jpg \/><\/a><br \/>\n^ Heute kam ich von der anderen Richtung zum Skigebiet<\/p>\n<p><a href='http:\/\/ski.inmontanis.info\/d\/298885-3\/DSC00729.jpg'><img src=http:\/\/ski.inmontanis.info\/d\/298884-3\/DSC00729.jpg \/><\/a><br \/>\n^ Es gab Abfahrten, die ein &#8220;Geschlossen&#8221;-Schild hatten und beschneit wurden,<br \/>\nes gab Abfahrten, die ein &#8220;Geschlossen&#8221;-Schild hatten und nicht beschneit wurden,<br \/>\nes gab Abfahrten, die ein &#8220;Unkontrolliert, Fahren auf eigene Gefahr&#8221;-Schild hatten und nicht beschneit wurden,<br \/>\nund es gab wie hier Abfahrten, die ein &#8220;Unkontrolliert, Fahren auf eigene Gefahr&#8221;-Schild hatten und beschneit wurden,<br \/>\n.. keine Ahnung, warum man da mal dieses, mal jenes Schild aufstellt .. gefahren sind die Leute (und auch ich) so wie so ;-)<\/p>\n<p><a href='http:\/\/ski.inmontanis.info\/d\/298889-3\/DSC00734.jpg'><img src=http:\/\/ski.inmontanis.info\/d\/298888-3\/DSC00734.jpg \/><\/a><br \/>\n^ DSB<\/p>\n<p><a href='http:\/\/ski.inmontanis.info\/d\/298893-3\/DSC00735.jpg'><img src=http:\/\/ski.inmontanis.info\/d\/298892-3\/DSC00735.jpg \/><\/a><br \/>\n^ Rote 7 im oberen Teil, bevor sie 8KSB und SL kreuzt<\/p>\n<p><a href='http:\/\/ski.inmontanis.info\/d\/298897-3\/DSC00738.jpg'><img src=http:\/\/ski.inmontanis.info\/d\/298896-3\/DSC00738.jpg \/><\/a><br \/>\n^ .. da die rote 7 im unteren Teil heute unsch\u00f6n Kunstschneeig war, bin ich lieber die SL-D-Trasse gefahren<\/p>\n<p><a href='http:\/\/ski.inmontanis.info\/d\/298901-3\/DSC00739.jpg'><img src=http:\/\/ski.inmontanis.info\/d\/298900-3\/DSC00739.jpg \/><\/a><br \/>\n^ SL D<\/p>\n<p>Am Nachmittag war ich noch beim Hersteller vom Schuhtrockner, also wohl ein Start-Up-Unternehmen, heuer in 7 L\u00e4ndern aktiv, DE\/AT sollen demn\u00e4chst folgen. Aber es stellte sich heraus, dass auch sein Ger\u00e4t, das er gerade da hatte, das selbe Problem hat &#8211; volle Heizung nur bei voller L\u00fcfterstufe. Er wird das nun mit dem Techniker besprechen und mir dann Bescheid geben bzw. ein korrigiertes Exemplar zukommen lassen. Ich hab mein Ger\u00e4t behalten, wenn man wei\u00df, was man machen muss, ist&#8217;s ja eh ok. (H\u00e4tte es auch zur\u00fcckgeben k\u00f6nnen.)<\/p>\n<p>Insgesamt war ich wohl ca. eine Stunde bei ihm und wir haben dann noch \u00fcber allerlei Skidestinationen gesprochen. Er war immerhin schonmal im Iran.<\/p>\n<p>Ich parkte heut nur am Stadion-Parkplatz am Ortsrand, hatte also nicht mehr viel zu fahren. Batterie hatte ich heute haupts\u00e4chlich im Stand geladen, glaub ich hatte \u00fcber 60A von gestern Nachmittag bis heute Mittag verbraucht. Morgen dann fraglich, \u00e4hnlich wie heute \u00fcbernachten oder nach Gol fahren und checken, ob man da noch maskenfrei einkaufen kann und bei der Fahrt die Batterie laden? Essensm\u00e4\u00dfig k\u00e4m ich sonst auch noch einen Tag l\u00e4nger aus. Und kleine Wasserflaschen f\u00fcll ich beim t\u00e4glichen WC-Gang im Skigebiet auf ;)<\/p>\n<p><a href='http:\/\/ski.inmontanis.info\/d\/298905-3\/DSC00741.jpg'><img src=http:\/\/ski.inmontanis.info\/d\/298904-3\/DSC00741.jpg \/><\/a><br \/>\n^ 16:10 Uhr in Hemsedal<\/p>\n<p><strong>15.12.2021<\/strong><\/p>\n<p>Heute Nacht gab es warme St\u00fcrme, die das Eis am Auto schmelzen lie\u00dfen (im Auto heute Nacht minimum warme +8\u00b0, viel Regen hab ich aber nicht geh\u00f6rt) &#8211; wenn da was runterkullerte, wachte ich schonmal kurz auf. Ansonsten aber ein ruhiger Platz hier. Sah morgens allerdings eisig aus. Aber um 8 Uhr kam schon der Streutraktor.<\/p>\n<p>Im Skigebiet heute +5\u00b0, viel blauer Himmel, starker Wind und etliche Eisplatten. Blieb also auf den Pisten.<\/p>\n<p><a href='http:\/\/ski.inmontanis.info\/d\/298909-3\/DSC00742.jpg'><img src=http:\/\/ski.inmontanis.info\/d\/298908-3\/DSC00742.jpg \/><\/a><br \/>\n^ 8KSB und SL M<\/p>\n<p><a href='http:\/\/ski.inmontanis.info\/d\/298913-3\/DSC00746.jpg'><img src=http:\/\/ski.inmontanis.info\/d\/298912-3\/DSC00746.jpg \/><\/a><br \/>\n^ SL M, der l\u00e4ngere linke, mal mit Sonne, so was.<\/p>\n<p><a href='http:\/\/ski.inmontanis.info\/d\/298917-3\/DSC00747.jpg'><img src=http:\/\/ski.inmontanis.info\/d\/298916-3\/DSC00747.jpg \/><\/a><br \/>\n^ SL L und 4KSB I. Abfahrten werden vorbereitet, vielleicht geht bald was auf<\/p>\n<p><a href='http:\/\/ski.inmontanis.info\/d\/298921-3\/DSC00749.jpg'><img src=http:\/\/ski.inmontanis.info\/d\/298920-3\/DSC00749.jpg \/><\/a><br \/>\n^ 4KSB G Roniheisen ist auch der einzige Lift und Abfahrt, die momentan etwas Sonne abkriegen<\/p>\n<p><a href='http:\/\/ski.inmontanis.info\/d\/298925-2\/DSC00750.jpg'><img src=http:\/\/ski.inmontanis.info\/d\/298924-3\/DSC00750.jpg \/><\/a><br \/>\n^ 4KSB G Roniheisen Bergstation<\/p>\n<p><a href='http:\/\/ski.inmontanis.info\/d\/298929-2\/DSC00754.jpg'><img src=http:\/\/ski.inmontanis.info\/d\/298928-3\/DSC00754.jpg \/><\/a><br \/>\n^ Abfahrt 14 ebendort<\/p>\n<p><a href='http:\/\/ski.inmontanis.info\/d\/298933-2\/DSC00755.jpg'><img src=http:\/\/ski.inmontanis.info\/d\/298932-3\/DSC00755.jpg \/><\/a><br \/>\n^ 4KSB G<\/p>\n<p>Nach dem Skifahren regnete es, \u00fcber Nacht viel Wind und es h\u00f6rte sich teils eher nach Graupel an als nach Regen. Stehe wieder am Stadion.<\/p>\n<p>Daf\u00fcr ist mein Stromverbrauch jetzt recht niedrig, der K\u00fchlschrank ist noch bei +7\u00b0 ohne laufen zu m\u00fcssen (wird es aber dann wohl bald), die n\u00e4chtliche Fu\u00dfheizung ist derzeit nicht n\u00f6tig und die Standheizung l\u00e4uft auch seltener und k\u00fcrzer. Ein  paar Tage soll&#8217;s noch Plusgrade haben.<\/p>\n<p><strong>Do, 16.12.2021<\/strong><\/p>\n<p>+3\u00b0, noch st\u00fcrmischer + auf den Pisten eisiger als gestern, daher nicht lange geblieben. Oberer SL wg. Sturm zu und die rechte 4KSB zwar wunderlicherweise noch offen, aber im Lift f\u00fcr meinen Geschmack auch viel zu st\u00fcrmisch.<\/p>\n<p><a href='http:\/\/ski.inmontanis.info\/d\/298937-3\/DSC00759.jpg'><img src=http:\/\/ski.inmontanis.info\/d\/298936-3\/DSC00759.jpg \/><\/a><br \/>\n^ Noch mehr Schnee, der hier abtransportiert wird. Am n\u00e4chsten Tag war die Piste aber wieder in ganzer Breite offen.<\/p>\n<p><a href='http:\/\/ski.inmontanis.info\/d\/298941-3\/DSC00761.jpg'><img src=http:\/\/ski.inmontanis.info\/d\/298940-3\/DSC00761.jpg \/><\/a><br \/>\n^ Heute neu ge\u00f6ffnet: Schwarze 8 an der 8KSB<\/p>\n<p><a href='http:\/\/ski.inmontanis.info\/d\/298945-2\/DSC00764.jpg'><img src=http:\/\/ski.inmontanis.info\/d\/298944-3\/DSC00764.jpg \/><\/a><br \/>\n^ aus der &#8220;PPP&#8221;-Reihe: abseits k\u00f6nnte es bei mehr Schnee ganz nett sein in dem lichten Wald, wenn auch steil<\/p>\n<p>Bin danach noch zu dem hinteren Parkplatz am Wasserfall gefahren, wo ich vor ein paar Tagen stand (und ja nicht so ganz \u00fcberzeugt war), aber vielleicht k\u00f6nnte ich da noch zum Wasserfall gehen nachmittags. Allerdings hab ich da heut ein Schild &#8220;no camping&#8221; gesehen, also werd ich mal lieber nicht hier \u00fcbernachten. Auch wenn das ja offiziell kein Camping ist, wenn man nur eine Nacht im Auto schl\u00e4ft ;) War vmtl. vor ein paar Tagen noch mit Schnee bedeckt. Na, dann halt heute mal am Skigebietsparkplatz \u00fcbernachten.<\/p>\n<p><a href='http:\/\/ski.inmontanis.info\/d\/298949-3\/DSC00766.jpg'><img src=http:\/\/ski.inmontanis.info\/d\/298948-3\/DSC00766.jpg \/><\/a><br \/>\n^ kurze Wanderung Rjukandefossen<\/p>\n<p><a href='http:\/\/ski.inmontanis.info\/d\/298953-3\/DSC00768.jpg'><img src=http:\/\/ski.inmontanis.info\/d\/298952-3\/DSC00768.jpg \/><\/a><br \/>\n^ Rjukandefossen, nicht komplett gefroren<\/p>\n<p><a href='http:\/\/ski.inmontanis.info\/d\/298957-2\/DSC00772.jpg'><img src=http:\/\/ski.inmontanis.info\/d\/298956-3\/DSC00772.jpg \/><\/a><br \/>\n^ Gibt auch eine kleine H\u00e4ngebr\u00fccke, wohl nur f\u00fcr 1 Person zugelassen<\/p>\n<p><a href='http:\/\/ski.inmontanis.info\/d\/298961-2\/DSC00773.jpg'><img src=http:\/\/ski.inmontanis.info\/d\/298960-3\/DSC00773.jpg \/><\/a><br \/>\n^<\/p>\n<p><a href='http:\/\/ski.inmontanis.info\/d\/298965-2\/DSC00775.jpg'><img src=http:\/\/ski.inmontanis.info\/d\/298964-3\/DSC00775.jpg \/><\/a><br \/>\n^ Rjukandefossen<\/p>\n<p><a href='http:\/\/ski.inmontanis.info\/d\/298969-2\/DSC00778.jpg'><img src=http:\/\/ski.inmontanis.info\/d\/298968-3\/DSC00778.jpg \/><\/a><br \/>\n^ Der recht neue R\u00fcckbringer-Kurven-KSSL R<\/p>\n<p>Heute Abend reichte mir ja noch das Essen und dann muss ich heute mal planen, was ich am WE machen will, gesetz den Fall, ich kann noch maskenfrei einkaufen irgendwo. (Am WC im Skigebiet haben sich ja fast keine daran gehalten, aber momentan ist man ja auch meist\/fast alleine). Alternativ h\u00e4tt ich mir auch \u00fcberlegt, beim n\u00e4chsten Supermarkteinkauf viel mehr zu kaufen, um 2-4 Wochen auszukommen, ohne was Nachkaufen zu m\u00fcssen. Platz im &#8220;Keller&#8221; hab ich ja nun wieder genug, wie letztens geschrieben &#8211; musste nur die 2 paar Sommerschuhe (samt dem Schuhheizer-Karton) hinter den Beifahrersitz neben die Batterie verschieben, wo die Skispitzen der Tourenski waren, bevor sie auf&#8217;s Dach kamen. Und den Karton zerlegt an die Seite, k\u00f6nne auch was gegen die K\u00e4lte bringen.<\/p>\n<p>H\u00e4tte mir auch \u00fcberlegt, die restliche, vielleicht kurze Zeit in Norwegen eher mit Skigebieten mit KSSL oder Fjordpano zu verbringen.<\/p>\n<p>Aber .. nat\u00fcrlich kommt es anders. Dann werd ich Norwegen wohl doch schon nach dem WE verlassen m\u00fcssen &#8211; nicht (nur) wegen Norwegen, sondern (auch) wegen Schweden: Weil es in den skandinavischen L\u00e4ndern &#8211; au\u00dfer Schweden &#8211; momentan so hohe Inzidenzen gibt, wird &#8220;\u00fcber Weihnachten&#8221; auch die Einreise von nordischen L\u00e4ndern nach Schweden &#8211; in den letzten Monaten ohne Tests usw. m\u00f6glich &#8211; versch\u00e4rft:<br \/>\n&#8220;From December 21st, people travelling to Sweden from Norway, Denmark, Finland and Iceland will be required to show a valid Covid pass&#8221; (Tests w\u00e4ren alternativ zwar m\u00f6glich, ein Enddatum unbekannt, eine Versch\u00e4rfung bekanntlich immer im Bereich des M\u00f6glichen.)<\/p>\n<p>Eine R\u00fcckkehr nach Norwegen in diesem Winter ist dann wohl nahezu ausgeschlossen. So wirklich gelohnt hat sich also das st\u00e4ndige Aufpassen auf die Einreiseregeln in Norwegen in den letzten Monaten nicht &#8211; h\u00e4tte ich auch gleich in Nordschweden bleiben k\u00f6nnen bzw. in Schweden die fr\u00fcher \u00f6ffnenden Skigebiete mitnehmen k\u00f6nnen, man h\u00e4tte es ja eigentlich annehmen m\u00fcssen, dass wir zum Winter wieder mit einer neuen Virusvariante verarscht werden; weil nur wegen der Woche Trysil und Hemsedal jetzt &#8230; darauf h\u00e4tt ich dann auch verzichten k\u00f6nnen, jedenfalls haben sich die ganzen Umwege daf\u00fcr nicht gelohnt. Auch wenn ich so nat\u00fcrlich wenigstens auch die norwegischen Skigebiete von der Skistar-Saisonkarte noch ein bisschen fahren konnte.)<\/p>\n<p>Sp\u00e4testens durch den Regen gibt&#8217;s aber auch f\u00fcr SA+SO keine wirklich lohnenswerten Ziele mehr in Norwegen, einige haben die \u00d6ffnung verschoben oder eben genauso uninteressantes Zeug wie letztes WE offen. Und in den offenen Fjordpano-Skigebieten nordwestlich von hier &#8211; da solls von morgen bis Sonntag quasi nur regnen.<\/p>\n<p>Nachmittags kamen dann doch noch Infos, was am WE (diesmal teilweise ab morgen Freitag schon) neu in Hemsedal+Trysil \u00f6ffnen wird. Die mittlere obere KSB hier soll ab morgen aufmachen.<\/p>\n<p>Sp\u00e4ter nochmals gesucht nach den Einreseregeln Schweden: Die generellen Einreisebeschr\u00e4nkungen sind derzeit auf 31.1.2022 befristet. Man darf aber wohl davon ausgehen, dass die auch wieder verl\u00e4ngert werden. Und im Hinblick auf Erleichterung der nordischen L\u00e4nder wohl nur dann verbessert werden, wenn die Inzidenzen dort wieder niedriger werden &#8211; was man wg. Omicron wohl nicht annehmen wird k\u00f6nnen.<\/p>\n<p>Kein Skifahren m\u00f6glich wird diese Saison auch in Gesundaberget sein &#8211; das ist heuer geschlossen und soll nun endg\u00fcltig mit gro\u00dfen Kapitalgebern modernisiert werden. Dass da die sch\u00f6ne orangene Graffer-DSB dran glauben wird m\u00fcssen, d\u00fcrfte klar sein :(<\/p>\n<p><strong>Fr, 17.12.2021<\/strong><\/p>\n<p>Mein Anlasserproblem hatte also mit der K\u00e4lte wohl nichts zu tun. Die letzten Tage quasi nur Plusgrade, auch nachts. Beim letzten Starten gestern Nachmittag hatte ich wieder ein kurzes Durchrutschger\u00e4usch w\u00e4hrend des Anlassens geh\u00f6rt, wo ich schon vermutet hatte, dass es dann heute wieder nicht gehen k\u00f6nnte -> und tats\u00e4chlich, heute fr\u00fch wieder kein einziger Muckser beim Startknopf. Der Zusatzstartknopf im Motorraum hat dagegen wieder funktioniert\u2026 Naja, so lang es mit dem geht, ein kontrollierbarer Zusand ..<\/p>\n<p>Hab mir heut etwas fr\u00fcher freigenommen, dann sind die Pisten wenigstens noch etwas griffiger &#8211; und will mich ja nachmittags wieder auf den Weg nach Trysil machen.<\/p>\n<p>Heute nochmals warm und der Schnee diesmal schon vormittags etwas weich. Daher und weil der Gegenwind auf der leichten Piste von der 8KSB zu den 4KSBs zu stark war, lie\u00df ich mich bl\u00f6derweise zu einer extra Abfahrt hinreissen und als ich dann mit der rechten unteren 4KSB (heute wieder in Betrieb) zur mittleren oberen 4KSB fuhr, die ab heute offen war, wurde die gerade wegen Wind eingestellt. So ein scheiss, hab&#8217;s mir noch gedacht, es w\u00e4r sinnvoll, sie gleich zu fahren :(<\/p>\n<p>Leider ist f\u00fcr Nachmittag noch mehr Wind und die n\u00e4chsten beiden Tage noch viel mehr Wind gemeldet. Die KSB lief dann noch &#8211; ohne Leute &#8211; einige Stunden, bis sie zw. 13-14h eingaragiert wurde.<\/p>\n<p><a href='http:\/\/ski.inmontanis.info\/d\/298973-2\/DSC00779.jpg'><img src=http:\/\/ski.inmontanis.info\/d\/298972-3\/DSC00779.jpg \/><\/a><br \/>\n^ SL B um 9:45 Uhr<\/p>\n<p><a href='http:\/\/ski.inmontanis.info\/d\/298977-2\/DSC00780.jpg'><img src=http:\/\/ski.inmontanis.info\/d\/298976-3\/DSC00780.jpg \/><\/a><br \/>\n^ 4KSB I um 10:23 leider schon wegen Wind eingestellt.<\/p>\n<p><a href='http:\/\/ski.inmontanis.info\/d\/298981-2\/DSC00782.jpg'><img src=http:\/\/ski.inmontanis.info\/d\/298980-3\/DSC00782.jpg \/><\/a><br \/>\n^ DSB J fuhr heute auch. Vielleicht wurde der verladene Schnee auf diese Piste hingebracht.<\/p>\n<p><a href='http:\/\/ski.inmontanis.info\/d\/298985-2\/DSC00785.jpg'><img src=http:\/\/ski.inmontanis.info\/d\/298984-3\/DSC00785.jpg \/><\/a><br \/>\n^ In der DSB J<\/p>\n<p><a href='http:\/\/ski.inmontanis.info\/d\/298989-2\/DSC00786.jpg'><img src=http:\/\/ski.inmontanis.info\/d\/298988-3\/DSC00786.jpg \/><\/a><br \/>\n^ DSB J<\/p>\n<p><a href='http:\/\/ski.inmontanis.info\/d\/298993-2\/DSC00787.jpg'><img src=http:\/\/ski.inmontanis.info\/d\/298992-3\/DSC00787.jpg \/><\/a><br \/>\n^ DSB J samt Abfahrt. Armierungseisen (?) als Pistenbegrenzung ist auch mal ungew\u00f6hnlich ;-)<\/p>\n<p><a href='http:\/\/ski.inmontanis.info\/d\/298997-3\/DSC00789.jpg'><img src=http:\/\/ski.inmontanis.info\/d\/298996-4\/DSC00789.jpg \/><\/a><br \/>\n^ Hemsedal Ort<\/p>\n<p><a href='http:\/\/ski.inmontanis.info\/d\/299001-3\/DSC00790.jpg'><img src=http:\/\/ski.inmontanis.info\/d\/299000-4\/DSC00790.jpg \/><\/a><br \/>\n^ Abfahrt an der DSB<\/p>\n<p><a href='http:\/\/ski.inmontanis.info\/d\/299005-3\/DSC00792.jpg'><img src=http:\/\/ski.inmontanis.info\/d\/299004-4\/DSC00792.jpg \/><\/a><br \/>\n^ Am SL M waren vormittags mehrere Rennkurse an der einzigen ge\u00f6ffneten Abfahrt gesteckt ..<\/p>\n<p><a href='http:\/\/ski.inmontanis.info\/d\/299009-3\/ge20211211-17a.jpg'><img src=http:\/\/ski.inmontanis.info\/d\/299008-4\/ge20211211-17a.jpg \/><\/a><br \/>\n^ GPS-Track 11.-17.12.2021<\/p>\n<p>Fazit: Hemsedal kann man durchaus besuchen.<\/p>\n<p>Somit hab ich gegen 14 Uhr aufgeh\u00f6rt &#8211; und wieder wollte der Motor nicht \u00fcber den normalen Startknopf starten und ich musste abermals den &#8220;schwedischen&#8221; Not-Startknopf im Motorraum verwenden. Auch beim Supermarkt sp\u00e4ter (maskenfrei, zumindest sah ich kein Schild, viele Kunden trugen eine) funktionierte der normale Startknopf nicht. Da werd ich wohl demn\u00e4chst mal eine Werkstatt aufsuchen m\u00fcssen, und derweil m\u00f6glichst selten den Motor starten. Also z.B. beim Tanken nicht abstellen. <\/p>\n<p>Ich \u00fcbernachte heute weider an dem Rastplatz von letzter Woche zwischen Valdres undx Dokka &#8211; nicht weil er so sch\u00f6n w\u00e4r, sondern weil es sp\u00e4ter zwischen Dokka und Elverum keine brauchbaren Pl\u00e4tze gibt und ich dann lieber heute auf eine Pizzabakeren-Pizza verzichte und daf\u00fcr morgen fr\u00fch an einem McDonalds fr\u00fchst\u00fccken kann. Allerdings noch 3-4h von hier bis Trysil, werde also erst nachmittags skifahren k\u00f6nnen. Au\u00dfer mein Auto mag gar nicht mehr starten&#8230;<\/p>\n<p><a href='http:\/\/extra.inmontanis.info\/d\/74591-2\/DSC00796.jpg'><img src=http:\/\/extra.inmontanis.info\/d\/74590-3\/DSC00796.jpg \/><\/a><br \/>\n^ Zwischen Hemsedal und Valdres<\/p>\n<p><a href='http:\/\/extra.inmontanis.info\/d\/74595-2\/DSC00802.jpg'><img src=http:\/\/extra.inmontanis.info\/d\/74594-3\/DSC00802.jpg \/><\/a><br \/>\n^ <\/p>\n<p><a href='http:\/\/extra.inmontanis.info\/d\/74599-2\/DSC00803.jpg'><img src=http:\/\/extra.inmontanis.info\/d\/74598-3\/DSC00803.jpg \/><\/a><br \/>\n^ Mit den einzelnen T\u00fcten ist es leider sehr m\u00fchsam. Einzeln aufschneiden, rausquetschen, &#8230; Aber bevor ich nach Schweden komm, wollt ich doch noch ein norwegisches Fertiggericht essen. Viel, das mich interessieren w\u00fcrde, gibts leider eh nicht. Das hier war aber ganz gut, auch wenn ich es normalerweise wohl nicht gekauft h\u00e4tte. Kulinarisch ist mir Schweden schon wesentlich lieber als Norwegen. Daf\u00fcr hat Norwegen die h\u00f6heren Berge und die sch\u00f6nere K\u00fcste. So gleicht sich das eben aus.<\/p>\n<p><em>(Spoiler: Am n\u00e4chsten Tag startete der Motor via Startknopf wieder ganz normal.)<\/em><\/p>\n","protected":false},"excerpt":{"rendered":"<p>Di, 14.12.2021<\/p>\n<p>Auch immer wieder erstaunlich: Schneer\u00e4umdienste. Die fahren, auch wenn es nicht schneit, quasi den ganzen Tag, fast st\u00fcndlcih an dem Parkplatz vorbei. Schwarz ger\u00e4umt ist die Stra\u00dfe danach trotzdem nicht, obwohl auf den Rand immer etwas Schnee fliegt. Aber es wird stattdessen eben gestreut (bzw. &#8220;pr\u00e4pariert&#8221;, heute aber eher ersteres, da die Reifenspuren <a href=\"http:\/\/blog.inmontanis.info\/?p=7316\">[&#8230;]<\/a><\/p>\n","protected":false},"author":1,"featured_media":7318,"comment_status":"closed","ping_status":"closed","sticky":false,"template":"","format":"standard","meta":{"footnotes":""},"categories":[185,584,18,27],"tags":[49,57,47,86],"class_list":["post-7316","post","type-post","status-publish","format-standard","has-post-thumbnail","hentry","category-2021-08-skandinavien","category-hemsedal","category-norwegennorway","category-skifahren-winterskiing-winter","tag-4sb","tag-8sb","tag-sl","tag-wasserfall","odd"],"_links":{"self":[{"href":"http:\/\/blog.inmontanis.info\/index.php?rest_route=\/wp\/v2\/posts\/7316","targetHints":{"allow":["GET"]}}],"collection":[{"href":"http:\/\/blog.inmontanis.info\/index.php?rest_route=\/wp\/v2\/posts"}],"about":[{"href":"http:\/\/blog.inmontanis.info\/index.php?rest_route=\/wp\/v2\/types\/post"}],"author":[{"embeddable":true,"href":"http:\/\/blog.inmontanis.info\/index.php?rest_route=\/wp\/v2\/users\/1"}],"replies":[{"embeddable":true,"href":"http:\/\/blog.inmontanis.info\/index.php?rest_route=%2Fwp%2Fv2%2Fcomments&post=7316"}],"version-history":[{"count":2,"href":"http:\/\/blog.inmontanis.info\/index.php?rest_route=\/wp\/v2\/posts\/7316\/revisions"}],"predecessor-version":[{"id":7319,"href":"http:\/\/blog.inmontanis.info\/index.php?rest_route=\/wp\/v2\/posts\/7316\/revisions\/7319"}],"wp:featuredmedia":[{"embeddable":true,"href":"http:\/\/blog.inmontanis.info\/index.php?rest_route=\/wp\/v2\/media\/7318"}],"wp:attachment":[{"href":"http:\/\/blog.inmontanis.info\/index.php?rest_route=%2Fwp%2Fv2%2Fmedia&parent=7316"}],"wp:term":[{"taxonomy":"category","embeddable":true,"href":"http:\/\/blog.inmontanis.info\/index.php?rest_route=%2Fwp%2Fv2%2Fcategories&post=7316"},{"taxonomy":"post_tag","embeddable":true,"href":"http:\/\/blog.inmontanis.info\/index.php?rest_route=%2Fwp%2Fv2%2Ftags&post=7316"}],"curies":[{"name":"wp","href":"https:\/\/api.w.org\/{rel}","templated":true}]}}