{"id":7311,"date":"2021-12-13T18:31:38","date_gmt":"2021-12-13T17:31:38","guid":{"rendered":"http:\/\/blog.inmontanis.info\/?p=7311"},"modified":"2023-08-04T20:41:34","modified_gmt":"2023-08-04T18:41:34","slug":"hemsedal-11-13-12-2021-endlich-mal-wieder-gut-ski-fahren","status":"publish","type":"post","link":"http:\/\/blog.inmontanis.info\/?p=7311","title":{"rendered":"Hemsedal, 11.-13.12.2021 \/ endlich mal wieder richtig Ski fahren"},"content":{"rendered":"<p><strong>11.12.2021<\/strong><\/p>\n<p>In Hemsedal angekommen, schneite es leicht. Aber ob der Umweg so sinnvoll war &#8211; hier herrscht in den Superm\u00e4rkten leider anscheinend seit 3.12. Maulkorbpflicht, wobei man das im Internet anders liest, nur vom 3.-9.12. und nur wie \u00fcblich, wenn man den 1m Abstand nicht einhalten kann?! Komisch. Na dann halt nichts eingekauft. Unbedingt brauch ich noch nichts.<\/p>\n<p>Viel mehr los war im Skigebiet als erwartet, die wenigen offenen Pisten \u00fcberf\u00fcllt und etliche Eisplatten. Die geschlosenen Abfahrten vmtl. besser, wobei ich mich da erst langsam rantastete.<\/p>\n<p><a href='http:\/\/extra.inmontanis.info\/d\/74587-3\/DSC00584.jpg'><img src=http:\/\/extra.inmontanis.info\/d\/74586-4\/DSC00584.jpg \/><\/a><br \/>\n^ Skigebiet oberhalb Gol. Braucht man glaub ich nicht unbedingt.<\/p>\n<p><a href='http:\/\/ski.inmontanis.info\/d\/298639-3\/DSC00585.jpg'><img src=http:\/\/ski.inmontanis.info\/d\/298638-3\/DSC00585.jpg \/><\/a><br \/>\n^ 52 richtung Hemsedal &#8211; und in weiterer Folge k\u00e4me man nach Bergen. Erkl\u00e4rt vmtl. den LKW-Verkehr.<\/p>\n<p><a href='http:\/\/ski.inmontanis.info\/d\/298643-3\/DSC00592.jpg'><img src=http:\/\/ski.inmontanis.info\/d\/298642-3\/DSC00592.jpg \/><\/a><br \/>\n^ Vor Hemsedal, links sieht man die Au\u00dfenrumabfahrt, die ins Zentrum geht<\/p>\n<p><a href='http:\/\/ski.inmontanis.info\/d\/298647-3\/DSC00595.jpg'><img src=http:\/\/ski.inmontanis.info\/d\/298646-3\/DSC00595.jpg \/><\/a><br \/>\n^ Untere H\u00e4nge (8KSB links)<\/p>\n<p><a href='http:\/\/ski.inmontanis.info\/d\/298651-3\/DSC00610.jpg'><img src=http:\/\/ski.inmontanis.info\/d\/298650-3\/DSC00610.jpg \/><\/a><br \/>\n^ Pistenplan; ge\u00f6ffnet waren die unteren SL B-A-O, dar\u00fcber die 8KSB E und dar\u00fcber Doppel-SL M bzw. rechts von unten 4KSB F (wohl nur am WE) und rechts oben 4KSB G.<\/p>\n<p><a href='http:\/\/ski.inmontanis.info\/d\/298655-2\/DSC00597.jpg'><img src=http:\/\/ski.inmontanis.info\/d\/298654-3\/DSC00597.jpg \/><\/a><br \/>\n^ Die mittleren der unteren \u00dcbungslifte; in Verl\u00e4ngerung der Doppel-SL D, von dem aber der linke Teil mittlerweile abgebaut wurde; links vom SL die schwarze 3 oben und rote 7 unten, rechts vom SL die schwarze 6. Alles geschlossen, aber fuhr ich in den n\u00e4chsten Tagen<\/p>\n<p><a href='http:\/\/ski.inmontanis.info\/d\/298659-3\/DSC00599.jpg'><img src=http:\/\/ski.inmontanis.info\/d\/298658-3\/DSC00599.jpg \/><\/a><br \/>\n^ Kurven-KSSL als Zubringer zur 8KSB (man kann aber auch die linken SL fahren)<\/p>\n<p><a href='http:\/\/ski.inmontanis.info\/d\/298663-3\/DSC00600.jpg'><img src=http:\/\/ski.inmontanis.info\/d\/298662-3\/DSC00600.jpg \/><\/a><br \/>\n^ Ufz, mit so viel Leuten h\u00e4tte ich nicht gerechnet heute. An der 4KSB dahinter war aber kaum was los<\/p>\n<p><a href='http:\/\/ski.inmontanis.info\/d\/298667-3\/DSC00617.jpg'><img src=http:\/\/ski.inmontanis.info\/d\/298666-3\/DSC00617.jpg \/><\/a><br \/>\n^ Doppel-SL B<\/p>\n<p>Als Antwort auf meine Frage nach Tagespreis und Wochenrabatt beim Campingplatz kam letzte Nacht noch als Antwort &#8220;ok&#8221; &#8212; also damit kann ich ja gar nix anfagnen. Auf meine Nachfrage, was er mit &#8220;ok&#8221; meinte, antwortete er ein schnelles &#8220;welcome&#8221;, worauf ich antwortete, dass das nicht meine Fragen zum Preis beantworten w\u00fcrde &#8211; worauf keine Antwort mehr kam..<\/p>\n<p>Einen anderen Campingplatz im Ort s\u00fcdlich hab ich nachmittags noch angefahren und angerufen &#8211; die meinten, sie w\u00e4ren voll. Vielleicht nur noch Saisoncamper. Bin dann einen Rastplatz 10-15km s\u00fcdlich angefahren, den ich heute fr\u00fch f\u00fcr tauglich zum N\u00e4chtigen hielt und sogar WC hatte, falls das offen w\u00e4re. Da w\u00fcrde ich dann ja eh jeden Tag ein bisschen unterwegs sein und mit etwas Motor im Stand laufen lassen Strom generieren. Bzw. mal unter der Woche den n\u00e4chsten Ort s\u00fcdlich (Gol) anfahren und schauen, ob man da maskenfrei einkaufen kann.<\/p>\n<p>Leider waren beide WCs zu, obwohl vor der T\u00fcr Licht brannte und nur am linken &#8220;out of order&#8221; stand und auch am Zufahrtsschild au\u00dfen nicht durchgestrichen war, wie sonst bei den im Winter geschlossenen WCs. Somit fraglich, was ich mach. Die n\u00e4chsten Tage m\u00f6glichst nur im Skigebiet kacken, trotz der vermaledeiten Maskenpflicht? Naja, beim Skifahren hab ich ja eh mein Halstuch umh\u00e4ngen, dann muss ich das die paar Schritte ins WC halt hochziehen. Oder doch das g\u00fcnstige Mini-12qm-Appartement um unter 40 \u20ac?<\/p>\n<p>Als ich im August in \u00d6sterreich war, hab ich mir ja auch eine eety-Sim-Wertkarte gekauft und damals schon erz\u00e4hlt, dass ich sehr selten 4G-Empfang hatte. Glaub ich hatte dann die APN-Einstellungen ge\u00e4ndert und es hatte funktioniert?! <\/p>\n<p>Nachdem T-Mobile\/Magenta mittlerweile wieder rumzickt wegen &#8220;fair use&#8221;, hab ich also mal die eety-Sim-Karte wieder laden wollen, da man hier um 10 \u20ac mehr EU-Roaming bekommt als bei yesss, das ich die ersten Monate hin und wieder verwendet hatte. Nu, was is, kein 4G funktioniert, nur lahmes Edge (2G), weil 3G hier in Norwegen so gut wie nirgends mehr angeboten wird &#8211; evtl. haben die also gar kein 4G-Roaming oder zumindest nicht in Norwegen? Man wei\u00df es nicht. In den PLMN-Einstellungen steht auch nur &#8220;2G\/3G&#8221;, aber das auf 4G umstellen oder einen anderen PLMN-Code eingeben f\u00fcr 4G, kann man alles nicht speichern, bleibt dann bei dem einen Eintrag. <\/p>\n<p>Ziemlich sinnlos 10 \u20ac verschwendet bzw. werd ich mich jetzt mit dieser lahmen Geschwindigkeit qu\u00e4len m\u00fcssen. Bleibt sehr fraglich, ob ich in der Zeit die 10 GB oder so verbrauchen kann. Schei\u00df norwegische Telekomanbieter, warum m\u00fcssen die denn bitte 3G schon gro\u00dffl\u00e4chig stillgelegt haben, aber daf\u00fcr das lahmere 2G noch weiterhin unterst\u00fctzen?!<\/p>\n<p>Hab heut endlich den 3,5-Doppelkopfh\u00f6hreradapter an den PC eingesteckt, um die per Kabel angebundenen &#8220;Bluetooth&#8221;-Lautsprecher und die anderen unterm Sitz parallel laufen lassen zu k\u00f6nnen &#8211; wer sich daran erinnern kann &#8230; Somit hab ich jetzt 4 Lautsprecher, die etwas leiseren unter mir und die beiden gr\u00f6\u00dferen an den R\u00e4ndern. Geiler Sound, wenig B\u00e4sse, klare H\u00f6hen. Heut am freien Rastplatz mal wieder aufgedreht und gar nicht in den Couchmodus wechseln wollen ;-) Allerdings scheint ein Lautsprecher auch etwas angeschlagen zu sein, bei bestimmten T\u00f6nen qu\u00e4ngelt der. Und es gibt leider immer wieder mal Aussetzer, die aber alle Lautsprecher betreffen, wie ich die n\u00e4chsten Tage bemerkt hatte &#8211; also somit wohl eher an Linux liegen.<\/p>\n<p>Nach 23 Uhr ist noch ein LKW gekommen, aber wenn er geblieben ist, dann war es anscheinend kein K\u00fchllaster.<\/p>\n<p><strong>12.12.2021<\/strong><\/p>\n<p>\u00dcber Nacht etwas eingeschneit worden, wohl mal wieder mehr geschneit, als eigentlich gemeldet war. Wird also mal wieder spannend, ob ich hier vom Parkplatz rausfahren kann&#8230; Jo, ging.<\/p>\n<p>War heute Sonntag etwas fr\u00fcher im Skigebiet, die unteren SL+KSSL einmal durch und zur noch nicht zu vollen 8KSB. Oben ein paar Mal den SL gefahren und bemerkt, dass es immer leerer wird: die 8KSB stand still. Irgendwann wurde sie in Schrittgeschwindigkeit leer gefahren. D.h. die werden sich jetzt alle an den beiden 4KSB tummeln, die dann entsprechend voll sein und lange Warteschlangen haben werden? Also blieb ich lieber am recht leeren Doppel-Tellerlift hier oben, der mir mit seinen geschlossenen Abfahrten\/Varianten linksseitig ja eh recht gut gefiel.<\/p>\n<p>Gegen 12:30 h\u00e4tt ich am ja ebenfalls leeren Restaurant hier oben essen wollen, wenn es SB ist und preislich was passendes g\u00e4be. Lt Bezeichnung &#8220;Kafe&#8221; h\u00e4tte man ja Selbstbedienung annehmen m\u00fcssen, aber beim Blick durchs Fenster sah es nach Bedienung aus, mit kleiner (Wein)karte oder so an den Tischen. Bin also nicht rein, sondern nur drunter an der W\u00e4rmestube zum WC gegangen. Hab dort dann bald gemerkt, dass die 8KSB wieder in Betrieb sein muss, weil auf einmal so viel auf&#8217;m WC waren &#8211; tats\u00e4chlich war die nach 2-3h wieder in Betrieb, so dass ich bald mal zu den 4KSB gefahren bin &#8211; und weder an diesen noch an der 8KSB war was los und auch der Himmel wurde immer blauer, zwischen einzelnen kurzen Schneeschauern.<\/p>\n<p>Bin heute etliche geschlossene Abfahrten gefahren, da war der Schnee wie \u00fcblich besser.<\/p>\n<p><a href='http:\/\/ski.inmontanis.info\/d\/298671-3\/DSC00627.jpg'><img src=http:\/\/ski.inmontanis.info\/d\/298670-3\/DSC00627.jpg \/><\/a><br \/>\n^ Doppel-SL M. Offiziell nur die Abfahrt rechts daneben offen, aber links konnte man quasi auch alles fahren<\/p>\n<p><a href='http:\/\/ski.inmontanis.info\/d\/298675-3\/DSC00635.jpg'><img src=http:\/\/ski.inmontanis.info\/d\/298674-3\/DSC00635.jpg \/><\/a><br \/>\n^ Geschlossene Abfahrt links vom SL M<\/p>\n<p><a href='http:\/\/ski.inmontanis.info\/d\/298679-3\/DSC00640.jpg'><img src=http:\/\/ski.inmontanis.info\/d\/298678-3\/DSC00640.jpg \/><\/a><br \/>\n^ Gipfel-SL N. Hat offiziell nur eine gr\u00fcne Abfahrt?!<\/p>\n<p><a href='http:\/\/ski.inmontanis.info\/d\/298683-3\/DSC00641.jpg'><img src=http:\/\/ski.inmontanis.info\/d\/298682-3\/DSC00641.jpg \/><\/a><br \/>\n^ SL M mit r\u00f6tlich-braunen St\u00fctzen, nat\u00fcrlich gleich mal meine Lieblingslifte diese Woche gewesen ;-)<\/p>\n<p><a href='http:\/\/ski.inmontanis.info\/d\/298687-3\/DSC00642.jpg'><img src=http:\/\/ski.inmontanis.info\/d\/298686-3\/DSC00642.jpg \/><\/a><br \/>\n^ Der linke SL M geht ein St\u00fcck weiter hinauf; rechts oben w\u00e4re die 4KSB-I-Bergstation. Einige sind dort raufgelaufen.<\/p>\n<p><a href='http:\/\/ski.inmontanis.info\/d\/298691-3\/DSC00644.jpg'><img src=http:\/\/ski.inmontanis.info\/d\/298690-3\/DSC00644.jpg \/><\/a><br \/>\n^ Geschlossene Abfahrt links vom SL M<\/p>\n<p><a href='http:\/\/ski.inmontanis.info\/d\/298695-3\/DSC00645.jpg'><img src=http:\/\/ski.inmontanis.info\/d\/298694-3\/DSC00645.jpg \/><\/a><br \/>\n^ Geschlossene Abfahrt links vom SL M<\/p>\n<p><a href='http:\/\/ski.inmontanis.info\/d\/298699-3\/DSC00647.jpg'><img src=http:\/\/ski.inmontanis.info\/d\/298698-3\/DSC00647.jpg \/><\/a><br \/>\n^ Abfahrt 8+9 wohl, beide noch nicht offen<\/p>\n<p><a href='http:\/\/ski.inmontanis.info\/d\/298703-3\/DSC00650.jpg'><img src=http:\/\/ski.inmontanis.info\/d\/298702-3\/DSC00650.jpg \/><\/a><br \/>\n^ Abfahrt 9<\/p>\n<p><a href='http:\/\/ski.inmontanis.info\/d\/298707-3\/DSC00653.jpg'><img src=http:\/\/ski.inmontanis.info\/d\/298706-3\/DSC00653.jpg \/><\/a><br \/>\n^ .. im unteren Teil wird die 9 wohl nicht mehr instand gehalten<\/p>\n<p><a href='http:\/\/ski.inmontanis.info\/d\/298711-3\/DSC00654.jpg'><img src=http:\/\/ski.inmontanis.info\/d\/298710-3\/DSC00654.jpg \/><\/a><br \/>\n^ .. aber nat\u00fcrlich trotzdem gefahren<\/p>\n<p><a href='http:\/\/ski.inmontanis.info\/d\/298715-2\/DSC00655.jpg'><img src=http:\/\/ski.inmontanis.info\/d\/298714-3\/DSC00655.jpg \/><\/a><br \/>\n^ Blick von der unteren 4KSB zur vorhin gefahrenen Abfahrt bzw. den gr\u00fcnen stark modellierten Abfahrten vorne.<\/p>\n<p><a href='http:\/\/ski.inmontanis.info\/d\/298719-2\/DSC00657.jpg'><img src=http:\/\/ski.inmontanis.info\/d\/298718-3\/DSC00657.jpg \/><\/a><br \/>\n^ Links die blaue 10 ist offen<\/p>\n<p><a href='http:\/\/ski.inmontanis.info\/d\/298723-2\/DSC00658.jpg'><img src=http:\/\/ski.inmontanis.info\/d\/298722-3\/DSC00658.jpg \/><\/a><br \/>\n^ Wohl recht uninteressante 4SB K<\/p>\n<p><a href='http:\/\/ski.inmontanis.info\/d\/298727-3\/DSC00661.jpg'><img src=http:\/\/ski.inmontanis.info\/d\/298726-3\/DSC00661.jpg \/><\/a><br \/>\n^ 4KSB I, die zum h\u00f6chsten Punkt in der Mitte es Skigebiets f\u00fchren w\u00fcrde<\/p>\n<p><a href='http:\/\/ski.inmontanis.info\/d\/298731-3\/DSC00662.jpg'><img src=http:\/\/ski.inmontanis.info\/d\/298730-3\/DSC00662.jpg \/><\/a><br \/>\n^ 4KSB F<\/p>\n<p><a href='http:\/\/ski.inmontanis.info\/d\/298735-2\/DSC00665.jpg'><img src=http:\/\/ski.inmontanis.info\/d\/298734-3\/DSC00665.jpg \/><\/a><br \/>\n^ 4KSB G Roniheisen. Beide noch altmodisch mit Kettenf\u00f6rderband in den Stationen.<\/p>\n<p><a href='http:\/\/ski.inmontanis.info\/d\/298739-2\/DSC00666.jpg'><img src=http:\/\/ski.inmontanis.info\/d\/298738-3\/DSC00666.jpg \/><\/a><br \/>\n^ R\u00fcckseitenpano Bergstation 4KSB G<\/p>\n<p><a href='http:\/\/ski.inmontanis.info\/d\/298743-2\/DSC00667.jpg'><img src=http:\/\/ski.inmontanis.info\/d\/298742-3\/DSC00667.jpg \/><\/a><br \/>\n^ 4KSB G<\/p>\n<p><a href='http:\/\/ski.inmontanis.info\/d\/298747-2\/DSC00668.jpg'><img src=http:\/\/ski.inmontanis.info\/d\/298746-3\/DSC00668.jpg \/><\/a><br \/>\n^ 4KSB G<\/p>\n<p><a href='http:\/\/ski.inmontanis.info\/d\/298751-2\/DSC00669.jpg'><img src=http:\/\/ski.inmontanis.info\/d\/298750-3\/DSC00669.jpg \/><\/a><br \/>\n^ Noch geschlossene linke Abfahrt 15 an der 4KSB G, nat\u00fcrlich viel  sch\u00f6ner als die offene Abfahrt ;-) (Jedenfalls keine Eisplatten und auch kaum Steine)<\/p>\n<p><a href='http:\/\/ski.inmontanis.info\/d\/298861-3\/DSC00671.jpg'><img src=http:\/\/ski.inmontanis.info\/d\/298860-4\/DSC00671.jpg \/><\/a><\/p>\n<p><a href='http:\/\/ski.inmontanis.info\/d\/298755-3\/DSC00672.jpg'><img src=http:\/\/ski.inmontanis.info\/d\/298754-3\/DSC00672.jpg \/><\/a><br \/>\n^ Geschlossene linke Abfahrt 15 an der 4KSB G<\/p>\n<p><a href='http:\/\/ski.inmontanis.info\/d\/298759-2\/DSC00673.jpg'><img src=http:\/\/ski.inmontanis.info\/d\/298758-3\/DSC00673.jpg \/><\/a><br \/>\n^ Links gegen\u00fcber die 4KSB G; rechts in den H\u00e4userbereich f\u00fchrt eine DSB (noch nicht offen); ich auf der geschlossenen Abfahrt 5\/6 zwischen 8KSB und SL<\/p>\n<p><a href='http:\/\/ski.inmontanis.info\/d\/298763-3\/DSC00675.jpg'><img src=http:\/\/ski.inmontanis.info\/d\/298762-3\/DSC00675.jpg \/><\/a><br \/>\n^ Geschlossene Abfahrt 6<\/p>\n<p><a href='http:\/\/ski.inmontanis.info\/d\/298767-3\/DSC00676.jpg'><img src=http:\/\/ski.inmontanis.info\/d\/298766-3\/DSC00676.jpg \/><\/a><br \/>\n^ Einm\u00fcndung schwarze Abfahrt 6 (links) in die rote 7<\/p>\n<p><a href='http:\/\/ski.inmontanis.info\/d\/298771-3\/DSC00677.jpg'><img src=http:\/\/ski.inmontanis.info\/d\/298770-3\/DSC00677.jpg \/><\/a><br \/>\n^ Abfahrt 6 in Verl\u00e4ngerung, sah keine Spuren, daher heute nicht gefahren. Morgen daf\u00fcr.<\/p>\n<p><a href='http:\/\/ski.inmontanis.info\/d\/298775-2\/DSC00679.jpg'><img src=http:\/\/ski.inmontanis.info\/d\/298774-3\/DSC00679.jpg \/><\/a><br \/>\n^ SL D, der linke ist mal nicht mehr in Betrieb. Der rechte, vielleicht?! Jedenfalls auch wieder die sch\u00f6nen rot-br\u00e4unlichen St\u00fctzen<\/p>\n<p><a href='http:\/\/ski.inmontanis.info\/d\/298779-2\/DSC00680.jpg'><img src=http:\/\/ski.inmontanis.info\/d\/298778-3\/DSC00680.jpg \/><\/a><br \/>\n^ SL D<\/p>\n<p><a href='http:\/\/ski.inmontanis.info\/d\/298783-2\/DSC00682.jpg'><img src=http:\/\/ski.inmontanis.info\/d\/298782-3\/DSC00682.jpg \/><\/a><br \/>\n^ Rote 7, auch noch geschlossen<\/p>\n<p><a href='http:\/\/ski.inmontanis.info\/d\/298787-2\/DSC00684.jpg'><img src=http:\/\/ski.inmontanis.info\/d\/298786-3\/DSC00684.jpg \/><\/a><br \/>\n^ Ende der roten 7; rechts SL B<\/p>\n<p><a href='http:\/\/ski.inmontanis.info\/d\/298791-2\/DSC00685.jpg'><img src=http:\/\/ski.inmontanis.info\/d\/298790-3\/DSC00685.jpg \/><\/a><br \/>\n^ SL D, rechts das Ende der Abfahrt 6<\/p>\n<p><a href='http:\/\/ski.inmontanis.info\/d\/298795-2\/DSC00686.jpg'><img src=http:\/\/ski.inmontanis.info\/d\/298794-3\/DSC00686.jpg \/><\/a><br \/>\n^ 8KSB, 4KSB und Abfahrten<\/p>\n<p>Gefiel mir heut recht gut hier, insbesondere die geschlossenen Abfahrten.<\/p>\n<p>Hab auch noch einen anderen Campingplatz angemailt, die haben derzeit nur am WE offen, Preise wurden mir daher gar nicht genannt.<\/p>\n<p>Der Parkplatz war heut leider nicht so angenehm, laufend kamen LKWs bis sp\u00e4t in die Nacht und weiter am fr\u00fchen Morgen, T\u00fcr auf, T\u00fcr zu, lang laufender Motor, blieben dann entweder stehen oder fuhren doch wieder weg; auch die Stra\u00dfe ist heut lauter, da werd ich morgen mal wo anders ein Pl\u00e4tzchen suchen.<\/p>\n<p><strong>13.12.2021<\/strong><\/p>\n<p>Wenig los, wie erhofft+erwartet. Die untere 4KSB scheint unter der Woche jetzt auch nicht in Betrieb zu sein. Wird ja auch nicht ben\u00f6tigt.<\/p>\n<p><a href='http:\/\/ski.inmontanis.info\/d\/298799-2\/DSC00688.jpg'><img src=http:\/\/ski.inmontanis.info\/d\/298798-3\/DSC00688.jpg \/><\/a><br \/>\n^ Gipfel-SL N. Nicht ganz so geil wie der, den ich damals in Falakro \/ Griechenland nicht fahren konnte, aber trotzdem wohl ein Highlight hier.<\/p>\n<p><a href='http:\/\/ski.inmontanis.info\/d\/298803-2\/DSC00689.jpg'><img src=http:\/\/ski.inmontanis.info\/d\/298802-3\/DSC00689.jpg \/><\/a><br \/>\n^ Unterer Teil der Abfahrt 6<\/p>\n<p><a href='http:\/\/ski.inmontanis.info\/d\/298807-2\/DSC00691.jpg'><img src=http:\/\/ski.inmontanis.info\/d\/298806-3\/DSC00691.jpg \/><\/a><br \/>\n^ Unterer Teil der Abfahrt 6<\/p>\n<p><a href='http:\/\/ski.inmontanis.info\/d\/298811-2\/DSC00695.jpg'><img src=http:\/\/ski.inmontanis.info\/d\/298810-3\/DSC00695.jpg \/><\/a><br \/>\n^ Und es wird immer noch weiter gebaut :(<\/p>\n<p><a href='http:\/\/ski.inmontanis.info\/d\/298815-2\/DSC00699.jpg'><img src=http:\/\/ski.inmontanis.info\/d\/298814-3\/DSC00699.jpg \/><\/a><br \/>\n^ Kurioserweise wird hier Schnee abtransportiert &#8211; warum von hier, warum nicht von weiter unten, keine Ahnung. Auch sehr hoch beschneit.<\/p>\n<p><a href='http:\/\/ski.inmontanis.info\/d\/298865-3\/DSC00701.jpg'><img src=http:\/\/ski.inmontanis.info\/d\/298864-4\/DSC00701.jpg \/><\/a><br \/>\n^ SL D, endet \u00fcberraschenderweise recht weit unterhalb der 8KSB<\/p>\n<p><a href='http:\/\/ski.inmontanis.info\/d\/298820-3\/DSC00704.jpg'><img src=http:\/\/ski.inmontanis.info\/d\/298819-3\/DSC00704.jpg \/><\/a><br \/>\n^ .. allerdings ging der linke SL D fr\u00fcher weiter hinauf<\/p>\n<p><a href='http:\/\/ski.inmontanis.info\/d\/298824-3\/DSC00707.jpg'><img src=http:\/\/ski.inmontanis.info\/d\/298823-3\/DSC00707.jpg \/><\/a><br \/>\n^ Sah ja nicht sehr einladend aus, dass da nur so wenig Spuren drin sind &#8211; Schwarze 3, links vom SL D, gepunktet im Plan<\/p>\n<p><a href='http:\/\/ski.inmontanis.info\/d\/298828-3\/DSC00708.jpg'><img src=http:\/\/ski.inmontanis.info\/d\/298827-3\/DSC00708.jpg \/><\/a><br \/>\n^ Schwarze 3, von rechts vom SL kam ich, von geradeaus gab es ein paar mehr Spuren und irgendwo auf einem Schild als Double-Black-Diamond eingestuft<\/p>\n<p><a href='http:\/\/ski.inmontanis.info\/d\/298832-3\/DSC00711.jpg'><img src=http:\/\/ski.inmontanis.info\/d\/298831-3\/DSC00711.jpg \/><\/a><br \/>\n^ .. und da geht sie verdammt steil runter, die 3<\/p>\n<p><a href='http:\/\/ski.inmontanis.info\/d\/298836-2\/DSC00712.jpg'><img src=http:\/\/ski.inmontanis.info\/d\/298835-3\/DSC00712.jpg \/><\/a><br \/>\n^ Sehr steile schwarze 3. Aber das war noch nicht die Schl\u00fcsselstelle<\/p>\n<p><a href='http:\/\/ski.inmontanis.info\/d\/298869-2\/DSC00713.jpg'><img src=http:\/\/ski.inmontanis.info\/d\/298868-3\/DSC00713.jpg \/><\/a><br \/>\n^ .. die kommt hier. Links ein Wasserfall, rechts auch steil und nicht erkennbar, wie man hier am ehesten momentan runterkommen k\u00f6nnte &#8230; Ich bin dann nach rechts ausgewichen ..<\/p>\n<p><a href='http:\/\/ski.inmontanis.info\/d\/298841-2\/DSC00714.jpg'><img src=http:\/\/ski.inmontanis.info\/d\/298840-3\/DSC00714.jpg \/><\/a><br \/>\n^ .. und querte diesen Wasserfall oberhalb bzw. hatte auch mal kurz Eis unter den F\u00fc\u00dfen und verfing mich mit meinen langen Latten unter einem Felsen und k\u00e4mpfte, den rechten Fu\u00df wieder auf Spur zu bekommen&#8230;<\/p>\n<p><a href='http:\/\/ski.inmontanis.info\/d\/298845-2\/DSC00715.jpg'><img src=http:\/\/ski.inmontanis.info\/d\/298844-3\/DSC00715.jpg \/><\/a><br \/>\n^ Die Wasserfallpiste von unten.<\/p>\n<p><a href='http:\/\/ski.inmontanis.info\/d\/298849-2\/DSC00716.jpg'><img src=http:\/\/ski.inmontanis.info\/d\/298848-3\/DSC00716.jpg \/><\/a><br \/>\n^ Zwischen den Wasserf\u00e4llen schien es zwar auch vereist, aber wohl doch einfacher<\/p>\n<p><a href='http:\/\/ski.inmontanis.info\/d\/298853-3\/DSC00717.jpg'><img src=http:\/\/ski.inmontanis.info\/d\/298852-4\/DSC00717.jpg \/><\/a><br \/>\n^ Der weitere Verlauf der schwarzen 3 ist wieder angenehmer, w\u00e4ren da nicht immer wieder gro\u00dfe Felsbrocken im Weg<\/p>\n<p><a href='http:\/\/ski.inmontanis.info\/d\/298857-3\/DSC00721.jpg'><img src=http:\/\/ski.inmontanis.info\/d\/298856-4\/DSC00721.jpg \/><\/a><br \/>\n^ Nach der Querung der schwarzen 3 mit der roten 7 geht diese Schneise weiter hinunter &#8211; nicht gefahren &#8211; lt. GE-Track k\u00f6nnte das auch mal eine Lifttrasse gewesen sein<\/p>\n<p><a href='http:\/\/ski.inmontanis.info\/d\/298873-2\/DSC00723.jpg'><img src=http:\/\/ski.inmontanis.info\/d\/298872-3\/DSC00723.jpg \/><\/a><br \/>\n^ Lanze zu klein ;-) Also warum man hier unten im \u00dcbungsbereich so viel Schnee braucht, wundert mich schon. Liegt ja schon sehr viel auf den Pisten. Und wird ja wohl noch etwas nat\u00fcrlich schneien im Winter?! Jedenfalls gibt&#8217;s hier unten etliche solche hohen Schneibuckel in dem Bereich. (Rekordschneeh\u00f6he in Hemsedal sollen mal 4m oder so gewesen sein..)<\/p>\n<p><a href='http:\/\/ski.inmontanis.info\/d\/298877-3\/DSC00726.jpg'><img src=http:\/\/ski.inmontanis.info\/d\/298876-4\/DSC00726.jpg \/><\/a><br \/>\n^ Weiter taleinw\u00e4rts (nach dem Skigebiet)<\/p>\n<p>Obwohl die Warmfront noch nicht da ist (-5\u00b0 heute, morgen fr\u00fch soll es noch k\u00e4lter werden), bleibt der K\u00fchlschrank doch recht stabil auf +5\u00b0 momentan, anscheinend ohne dass er laufen m\u00fcsste. Leider war der heutige Nachtplatz auch nicht so geil. Einerseits standen abends noch andere hier, die bis weit in die Nacht etwas L\u00e4rm machten. Andererseits war der Stra\u00dfenl\u00e4rm hier auch wesentlich lauter.<\/p>\n<p>&#8212;<\/p>\n<p>Erst \u00fcber eine Stellungnahme hab ich nun endlich den Gesetzentwurf zur Impfpflicht in AT gefunden:<br \/>\n<a href='https:\/\/www.parlament.gv.at\/PAKT\/VHG\/XXVII\/ME\/ME_00164\/index.shtml'>https:\/\/www.parlament.gv.at\/PAKT\/VHG\/XXVII\/ME\/ME_00164\/index.shtml<\/a><\/p>\n<p>Demnach betrifft das auch Ausl\u00e4nder, die in \u00d6sterreich nur einen Ferien\/Nebenwohnsitz haben. Und es gibt keine Ausnahmen, wenn man, wie ich gerade, nicht im Land ist. Wobei man da vielleicht entsprechend mit einem Einspruch Erfolg haben k\u00f6nnte?!<\/p>\n<p>Hier kann jeder Stellung dazu nehmen, beschwert euch oder stimmt anderen Stellungnahmen zu:<br \/>\n<a href='https:\/\/www.parlament.gv.at\/PAKT\/VHG\/XXVII\/ME\/ME_00164\/index.shtml#tab-Stellungnahmen'>https:\/\/www.parlament.gv.at\/PAKT\/VHG\/XXVII\/ME\/ME_00164\/index.shtml#tab-Stellungnahmen<\/a><\/p>\n<p>&#8212;<\/p>\n<p>Geschichtliches zum freien Reisen &#8211; demnach gibt es Reisep\u00e4sse erst wegen dem 1. WK (wieder), vorher konnte man frei reisen?!<br \/>\n<a href='https:\/\/uncutnews.ch\/alle-freiheit-wird-verloren-sein-wenn-der-krieg-gewonnen-ist-ein-krieg-in-der-ukraine-oder-anderswo-wird-das-digitale-mittelalter-einlaeuten\/'>https:\/\/uncutnews.ch\/alle-freiheit-wird-verloren-sein-wenn-der-krieg-gewonnen-ist-ein-krieg-in-der-ukraine-oder-anderswo-wird-das-digitale-mittelalter-einlaeuten\/<\/a><\/p>\n<p>Auch lesenswert, insb. die Kommentare:<br \/>\n<a href='https:\/\/ansage.org\/polizeiliche-hetzjagd-auf-ungeimpften-im-zug-unter-applaus-der-fahrgaeste\/'>https:\/\/ansage.org\/polizeiliche-hetzjagd-auf-ungeimpften-im-zug-unter-applaus-der-fahrgaeste\/<\/a><\/p>\n<p>Ausf\u00fchrlicher Artikel \u00fcber das in z.B. \u00d6sterreich als &#8220;Pferdeentwurmungsmittel&#8221; verballhornte Medikament Ivermectin, das in einigen L\u00e4ndern bei Covid gute Erfolge brachte:<br \/>\n<a href='https:\/\/multipolar-magazin.de\/artikel\/der-streit-um-ivermectin'>https:\/\/multipolar-magazin.de\/artikel\/der-streit-um-ivermectin<\/a><\/p>\n","protected":false},"excerpt":{"rendered":"<p>11.12.2021<\/p>\n<p>In Hemsedal angekommen, schneite es leicht. Aber ob der Umweg so sinnvoll war &#8211; hier herrscht in den Superm\u00e4rkten leider anscheinend seit 3.12. Maulkorbpflicht, wobei man das im Internet anders liest, nur vom 3.-9.12. und nur wie \u00fcblich, wenn man den 1m Abstand nicht einhalten kann?! Komisch. Na dann halt nichts eingekauft. Unbedingt brauch <a href=\"http:\/\/blog.inmontanis.info\/?p=7311\">[&#8230;]<\/a><\/p>\n","protected":false},"author":1,"featured_media":7313,"comment_status":"closed","ping_status":"closed","sticky":false,"template":"","format":"standard","meta":{"footnotes":""},"categories":[185,584,18,27],"tags":[49,57,48,47],"class_list":["post-7311","post","type-post","status-publish","format-standard","has-post-thumbnail","hentry","category-2021-08-skandinavien","category-hemsedal","category-norwegennorway","category-skifahren-winterskiing-winter","tag-4sb","tag-8sb","tag-kssl","tag-sl","odd"],"_links":{"self":[{"href":"http:\/\/blog.inmontanis.info\/index.php?rest_route=\/wp\/v2\/posts\/7311","targetHints":{"allow":["GET"]}}],"collection":[{"href":"http:\/\/blog.inmontanis.info\/index.php?rest_route=\/wp\/v2\/posts"}],"about":[{"href":"http:\/\/blog.inmontanis.info\/index.php?rest_route=\/wp\/v2\/types\/post"}],"author":[{"embeddable":true,"href":"http:\/\/blog.inmontanis.info\/index.php?rest_route=\/wp\/v2\/users\/1"}],"replies":[{"embeddable":true,"href":"http:\/\/blog.inmontanis.info\/index.php?rest_route=%2Fwp%2Fv2%2Fcomments&post=7311"}],"version-history":[{"count":3,"href":"http:\/\/blog.inmontanis.info\/index.php?rest_route=\/wp\/v2\/posts\/7311\/revisions"}],"predecessor-version":[{"id":7315,"href":"http:\/\/blog.inmontanis.info\/index.php?rest_route=\/wp\/v2\/posts\/7311\/revisions\/7315"}],"wp:featuredmedia":[{"embeddable":true,"href":"http:\/\/blog.inmontanis.info\/index.php?rest_route=\/wp\/v2\/media\/7313"}],"wp:attachment":[{"href":"http:\/\/blog.inmontanis.info\/index.php?rest_route=%2Fwp%2Fv2%2Fmedia&parent=7311"}],"wp:term":[{"taxonomy":"category","embeddable":true,"href":"http:\/\/blog.inmontanis.info\/index.php?rest_route=%2Fwp%2Fv2%2Fcategories&post=7311"},{"taxonomy":"post_tag","embeddable":true,"href":"http:\/\/blog.inmontanis.info\/index.php?rest_route=%2Fwp%2Fv2%2Ftags&post=7311"}],"curies":[{"name":"wp","href":"https:\/\/api.w.org\/{rel}","templated":true}]}}