{"id":7305,"date":"2021-12-10T18:57:44","date_gmt":"2021-12-10T17:57:44","guid":{"rendered":"http:\/\/blog.inmontanis.info\/?p=7305"},"modified":"2023-08-04T19:40:13","modified_gmt":"2023-08-04T17:40:13","slug":"trysil-7-10-12-2021","status":"publish","type":"post","link":"http:\/\/blog.inmontanis.info\/?p=7305","title":{"rendered":"(Trysil), 7.-10.12.2021"},"content":{"rendered":"<p><strong>7.12.2021<\/strong><\/p>\n<p>Wie gestern -13\u00b0 im Skigebiet und auch das Wetter war \u00e4hnlich.<\/p>\n<p><a href='http:\/\/extra.inmontanis.info\/d\/74508-2\/DSC00563.jpg'><img src=http:\/\/extra.inmontanis.info\/d\/74507-3\/DSC00563.jpg \/><\/a><br \/>\n^ Sonnenaufgang oder kurz vorher, 9:06 Uhr, am Campingplatz<\/p>\n<p><strong>8.12.2021<\/strong><\/p>\n<p>Heute Vormittag durchaus st\u00e4rkerer Schneefall &#8211; und das an einem \u00f6sterreichischen Feiertag, wo ich mal wieder vormittags h\u00e4tte Ski fahren k\u00f6nnen &#8230; Auf yr.no nat\u00fcrlich kein Schneefall, erst n\u00e4chste Nacht und morgen Vormittag. Und Freitag soll&#8217;s etwas st\u00e4rker schneien, nicht nur hier.<\/p>\n<p>Auf der Skistar-Website steht seit heute, was demn\u00e4chst aufmachen will &#8211; leider kommen erst ab Samstag neue Lifte und Abfahrten hinzu, genauer gesagt die 6KSB von dieser Seite hinauf zum Gipfel und ein paar Lifte auf der R\u00fcckseite. Lt. Webcam scheint auch derzeit schon ein anderer Lift oder zumindest Abfahrt offen zu sein, aber nur f\u00fcr Renntraining. In Hemsedal sperren die n\u00e4chsten Lifte schon ab Freitag auf. Allerdings nach wie vor nur gr\u00fcne und blaue Abfahrten.<\/p>\n<p>Hatte ja schon eher gehofft, dass unter der Woche noch was aufmacht. Hab den Campingplatz ja nur bis Freitag. Also fraglich, Freitag bei Schneefall hier fahren, dann frei \u00fcbernachten (es wird n\u00e4mlich w\u00e4rmer ab Ende der Woche, inkl. leichter Plusgrade) und Samstag noch hier bleiben f\u00fcr die neuen Lifte? Oder gleich Freitag wegfahren?<\/p>\n<p>Heute dagegen kein Wetter, wo ich unbedingt skifahren m\u00fcsste, aber wenn man eh die Saisonkarte hat .. und bevor es mir wegen Coronama\u00dfnahmen vielleicht irgendwann nicht mehr m\u00f6glich sein w\u00fcrde&#8230; <\/p>\n<p>Ich duschte und kaufte mir zu Mittag noch ein Kebap-Baguette im \u00f6rtlichen Grill mit ca. 5,50 \u20ac um einiges g\u00fcnstiger als Kebap im Fladenbrot oder gerollt &#8211; aber gerade bei so einem D\u00fcr\u00fcm ist mir der Brotanteil zum Fleischanteil meist zu gering. Bei dem Baguette hier fast umgekehrt, aber doch lecker und &#8220;fleischig&#8221; genug. Obwohl das Kebapfleisch gew\u00fcrfelt und nicht in Scheiben war und krosser angebraten wurde &#8230;. ist die Konsistenz und auch geschmacklich hier in Skandinavien das meist eher &#8220;wurstm\u00e4\u00dfig&#8221;, es ist weicher und fleischgeschmackloser als in DE\/AT normalerweise, und anders gew\u00fcrzt, ein Gew\u00fcrz, das mir auch im Tikka Masala drin zu sein scheint. <\/p>\n<p><a href='http:\/\/extra.inmontanis.info\/d\/74512-2\/DSC00568.jpg'><img src=http:\/\/extra.inmontanis.info\/d\/74511-3\/DSC00568.jpg \/><\/a><br \/>\n^ Mein Auto hat mir ans Bein gepinkelt<\/p>\n<p><a href='http:\/\/extra.inmontanis.info\/d\/74516-2\/DSC00566.jpg'><img src=http:\/\/extra.inmontanis.info\/d\/74515-3\/DSC00566.jpg \/><\/a><br \/>\n^ .. hier tropfte es runter ;)<\/p>\n<p><a href='http:\/\/extra.inmontanis.info\/d\/74520-2\/DSC00569.jpg'><img src=http:\/\/extra.inmontanis.info\/d\/74519-3\/DSC00569.jpg \/><\/a><br \/>\n^ Kebap-Baguette<\/p>\n<p>Nachdem ich bisher den Steckdosenverteiler jeden Tag umger\u00e4umt hab (fahrerseitig au\u00dfen abends \/ hinten vormittags), wollte ich es heut mal so probieren, dass ich es nicht jeden Tag umr\u00e4umen m\u00fcsste. Wegen des kurzen Kabels am Bodenheizer und weil ich ja die Herdplatte abends anstecken muss, bleibt dann ja nur die Mittelkonsole, weil unterm Stuhl ist ja abends\/nachts das Heizgebl\u00e4se aktiv. In der Mittelkonsole w\u00e4re ein klassischer 3er Verteiler vielleicht besser gewesen vom Platz her? Naja, ging schon. Passen halt weniger N\u00fcsse\/Naschsachen hin.<\/p>\n<p><a href='http:\/\/extra.inmontanis.info\/d\/74524-2\/DSC00571.jpg'><img src=http:\/\/extra.inmontanis.info\/d\/74523-3\/DSC00571.jpg \/><\/a><br \/>\n^ Steckdosenverteiler liegt nun in der Mitte, so kann sie den ganzen Tag bleiben, kein Verr\u00fccken mehr n\u00f6tig<\/p>\n<p>Heut Abend mal das Glas \u0420\u0430\u0441\u0441\u043e\u043b\u044c\u043d\u0438\u043a (Rassolnik, Kartoffel-Gem\u00fcse-Suppe) gemacht. Zur Zubereitung stand auf dem schwedischen Aufkleber nichts dabei und der russische war genau in dem Teil schon besch\u00e4digt, aber da stand was von einem Mischverh\u00e4ltnis 1:1,5 &#8211; also ging ich mal davon aus, dass man das 400ml Einmachglas mit Wasser mischen soll, ich mein auch, dass das russische Wort f\u00fcr Wasser in dem einen besch\u00e4digten Kleberteil stehen w\u00fcrde. Aber 600ml Wasser dazu schien mir doch viel zu viel zu sein. Hab ca. 150 rein, was eigentlich auch OK. Und nat\u00fcrlich soll man es lt. russischem Kleber mit Smetana verfeinern :) Mist, da hab ich keine da. Die h\u00e4tte ich letztens in einem Supermarkt tats\u00e4chlich auch gesehen und schon mitnehmen wollten, wenn ich im K\u00fchlschrank Platz bzw. nicht gerade die Kokosmilch offen gehabt h\u00e4tte. Smetana ist geil und ein Schubs passt zu allem, da haben die Russen schon Recht. Ist glaub ich weniger s\u00e4uerlich als Creme Fraiche. <\/p>\n<p><a href='http:\/\/extra.inmontanis.info\/d\/74528-2\/DSC00572.jpg'><img src=http:\/\/extra.inmontanis.info\/d\/74527-3\/DSC00572.jpg \/><\/a><br \/>\n^ Rassolnik<\/p>\n<p>Ja, sagte ich nicht letztens, dass die Coronama\u00dfnahmen mich sicherlich die Pl\u00e4ne \u00e4ndern lassen werden? Das k\u00f6nnte schneller kommen als gedacht, ab morgen gibts folgende Ver\u00e4nderungen:<\/p>\n<p>&#8220;Mandatory for the use of face masks when it is not possible to keep at least 1 meter away in shops, malls, restaurants, public transport, taxis and indoor station areas.&#8221;<\/p>\n<p>Na von mir aus k\u00f6nnen die Leute gern 1m von mir weg bleiben. Im Prinzip galt das Anfang des Jahres in Schweden ja auch.<\/p>\n<p>Aber die norwegische Skigebietsvereinigung schreibt das etwas anders (alles google translated):<br \/>\n&#8220;This year, there is an industry recommendation to use a mouthpiece outdoors in the lift queue, in the ski lift or other places outside where it is difficult to keep your distance. This is a recommendation that it is up to you as a guest if you want to follow, &#8221;<\/p>\n<p>.. soweit so gut, den Schei\u00df braucht man also nicht mitmachen ..<\/p>\n<p>&#8220;Feel free to bring a mouthpiece on skis. Where there is a risk of tribulation, or in the ski lift, we recommend that you take it on. Inside restaurants, on the WC and in the ski bus etc. is it mandatory.&#8221;<\/p>\n<p>Also Pflicht auf den WCs!??! Na ich bin mal gespannt, insb. dann auch hinsichtlich Toiletten und Campingpl\u00e4tze. Hab heut schon etliche mit diesem Zeichen der Unterdr\u00fcckung auf der Stra\u00dfe rumlaufen sehen. <\/p>\n<p>Auch in Schweden nehmen die Ma\u00dfnahmen wieder zu, aber alles anscheinend wieder &#8220;sollten&#8221; und keine &#8220;m\u00fcssen&#8221;:<br \/>\n&#8220;adults should keep a distance in public spaces, restaurants should take measures to avoid crowding, and face masks should be worn on public transport&#8221;<br \/>\n.. und auch bei den eventuell geplanten Impfpass-Verschlimmerungen steht aktuell nix von Hotels oder Skigebieten, wohl aber von Restaurants und Einkaufszentren, wo es demn\u00e4chst eingef\u00fchrt werden k\u00f6nnte.<\/p>\n<p>Sehr geil &#8211; aufpasen:<br \/>\n&#8220;Vaccine passes are used to try to prevent the spread of Covid-19&#8221;<\/p>\n<p>-> Nicht eine Impfung selbst, nein, die Impfp\u00e4sse (!) sollen in Schweden die Viren\u00fcbertragung verhindern :)<\/p>\n<p>Von der R\u00fccksendung des nicht abgeholten GLS-Pakets von Amazon gibt&#8217;s mittlerweile Positives zu berichten &#8211; es wurde retourniert und ist beim Absender angelangt. Boah, endlich.<\/p>\n<p><strong>9.12.2021<\/strong><\/p>\n<p>Heute Nacht wurde es mir mal zu warm und ich entfernte einen der Fensterschaumstoffe und deckte mich nur noch mit der d\u00fcnnen Decke zu &#8230;. wie also schon anfangs gedacht, ist ein 500W-Heizer normalerweise ausreichend; wenn auch nicht zum initialen Aufheizen und vielleicht auch nicht bei unter -10\u00b0 oder -15\u00b0 oder so.<\/p>\n<p>Vormittags dann leichter Nieselregen bzw. auch leichter Schneeregen. Im Skigiebiet daher mit -3\u00b0 w\u00e4rmer als die letzten Tage, aber leider auch gefrierender Nebel\/Niesel, daher wurde man nach einigen Abfahrten relativ nass bzw. mit einr Eisschicht \u00fcberzogen, die dann sp\u00e4ter im Auto noch f\u00fcr zus\u00e4tzliche N\u00e4sse sorgte.<\/p>\n<p>Der Pulver auf den Pisten war ansonsten wie gestern sch\u00f6n zu fahren und weiterhin nichts los unter der Woche, lohnenswerte Fotos gabs aber wetterbedingt keine mehr.<\/p>\n<p><a href='http:\/\/ski.inmontanis.info\/d\/298635-3\/ge2021120408.jpg'><img src=http:\/\/ski.inmontanis.info\/d\/298634-4\/ge2021120408.jpg \/><\/a><br \/>\n^ GPS-Track Trysil 4.-9.12., m\u00f6gen bessere Tage kommen..<\/p>\n<p>Der Hersteller des Schuhheizers hat sich nochmals gemeldet, ob ich denn noch in Hemsedal sei und wann wir die L\u00fcftereinheit austauschen wollen. Das ist ja mal ungewohnt.<\/p>\n<p>So, der erste \u00f6ffentliche Entwurf zum Impfpflichtgesetz &#8211; noch ist es nat\u00fcrlich nicht in Stein gemeiselt:<br \/>\n<a href='https:\/\/orf.at\/stories\/3239589\/'>https:\/\/orf.at\/stories\/3239589\/<\/a><br \/>\ndemnach<br \/>\n&#8220;Diese wird f\u00fcr alle Personen mit Wohnsitz in \u00d6sterreich ab 14 Jahren gelten&#8221;<br \/>\n&#8220;Wer sich nicht eintragen l\u00e4sst, dem drohen Geldstrafen \u2013 im ordentlichen Verfahren bis zu 3.600 Euro; dabei sind die Einkommensverh\u00e4ltnisse zu ber\u00fccksichtigen. Alternativ kann auch ein \u201eabgek\u00fcrztes Verfahren\u201c gef\u00fchrt werden, hier betr\u00e4gt das Strafausma\u00df bis zu 600 Euro.&#8221;<br \/>\n(Die Frage ist: was \/ wann kommt das &#8220;abgek\u00fcrzte&#8221; Verfahren &#8220;alternativ&#8221; zur Geltung?)<\/p>\n<p>&#8220;Ungeimpfte werden dann viertelj\u00e4hrlich dazu aufgefordert, sich impfen oder einen Ausnahmegrund ins Impfregister eintragen zu lassen. \u201eIst das nicht der Fall, werden Strafen viertelj\u00e4hrlich verh\u00e4ngt\u201c, so M\u00fcckstein. Ein Au\u00dferkrafttreten des Gesetzes ist laut Presseinformation \u201evoraussichtlich\u201c Ende J\u00e4nner 2024 vorgesehen.&#8221;<\/p>\n<p>Erinnert ihr euch noch an meinen letzten Beitrag? Die Impfdosen wurden f\u00fcr 8 Impfungen 2021+2022+2023 gekauft. Auch hier also wieder passend, dass die Impfpflicht Anfang 2024 auslaufen w\u00fcrde. Erz\u00e4hl mir noch einer, dass das nicht alles ein abgekartetes Spiel ist!!<\/p>\n<p>&#8220;Der Entwurf gehe bis 10. J\u00e4nner in Begutachtung und k\u00f6nne damit Anfang Februar in Kraft treten&#8221;<\/p>\n<p>Anderer Pressetext: &#8220;Alle drei Monate werde das Melderegister mit dem Impfregister abgeglichen und gegebenenfalls ein Verfahren eingeleitet.&#8221;<\/p>\n<p>Andernorts:<br \/>\n<a href='https:\/\/www.google.at\/url?sa=t&#038;rct=j&#038;q=&#038;esrc=s&#038;source=web&#038;cd=&#038;ved=2ahUKEwi5-_mAs9f0AhVuo4sKHfV7Adg4FBAWegQICxAB&#038;url=https%3A%2F%2Fwww.sozialministerium.at%2Fdam%2Fjcr%3Ac55f199f-db22-42b5-bb39-a9869c3cf0c4%2Finformationen-zur-impfpflicht-ab-februar-2022.pdf&#038;usg=AOvVaw03zkj_nEfEltYu-mnRafoK'>https:\/\/www.google.at\/url?sa=t&#038;rct=j&#038;q=&#038;esrc=s&#038;source=web&#038;cd=&#038;ved=2ahUKEwi5-_mAs9f0AhVuo4sKHfV7Adg4FBAWegQICxAB&#038;url=https%3A%2F%2Fwww.sozialministerium.at%2Fdam%2Fjcr%3Ac55f199f-db22-42b5-bb39-a9869c3cf0c4%2Finformationen-zur-impfpflicht-ab-februar-2022.pdf&#038;usg=AOvVaw03zkj_nEfEltYu-mnRafoK<\/a><\/p>\n<p>&#8220;Von der Impfpflicht betroffen sind alle Personen ab dem 14. Lebensjahr, die in \u00d6ster\u00adreich ihren Hauptwohnsitz haben oder \u00fcber eine  Hauptwohnsitzbest\u00e4tigung verf\u00fcgen&#8221;<br \/>\n&#8220;Gegenstand der Impfpflicht sind immer alle Impfungen, welche auf Empfehlung des Nationalen Impfgremiums per Verordnung des Bundesministeriums f\u00fcr Soziales, Ge\u00adsundheit, Pflege und Konsumentenschutz festgelegt werden.&#8221;<\/p>\n<p>Wow, das \u00f6ffnet ja T\u00fcr und Tor zur Pflicht auf jede x-beliebigen Impfung, die sich die Regierung einreden oder einfallen l\u00e4sst!!?!<\/p>\n<p>&#8220;Viertelj\u00e4hrlich finden die so genannten \u201eImpfstichtage\u201c statt. An diesen m\u00fcssen alle Personen, die von der Impfpflicht erfasst sind, geimpft sein oder einen Ausnahme\u00ad grund im Zentralen Impfregister eingetragen haben. Ungeimpfte Personen werden viertelj\u00e4hrlich per Informationsschreiben dazu aufge\u00adfordert, sich bis zum n\u00e4chsten \u201eImpfstichtag\u201c impfen zu lassen oder einen Ausnahme\u00ad<br \/>\ngrund durch einen dazu berechtigten Arzt bzw. \u00c4rztin ins Zentrale Impfregister eintra\u00ad gen zu lassen.<\/p>\n<p>Befindet sich am jeweiligen Impfstichtag kein Eintrag einer Impfung oder eines Aus\u00adnahmegrundes im Zentralen Impfregister, wird der ungeimpften Person von der zu\u00adst\u00e4ndigen Bezirksverwaltungsbeh\u00f6rde eine Strafverf\u00fcgung ausgestellt.&#8221;<\/p>\n<p>Andernorts: &#8220;Der erste Stichtag wird der 15. M\u00e4rz sein.&#8221;<\/p>\n<p>immerhin: (.. noch ..)<br \/>\n&#8220;In keinem Verfahren wird eine Ersatzfreiheitsstrafe verh\u00e4ngt.&#8221;<\/p>\n<p>Wo man den genauen Gesetzentwurf lesen kann, hab ich noch nicht gefunden. Tja, ich werd mal noch abwarten.<\/p>\n<p>WHO: &#8221; Vorschriften zu einer Impfpflicht \u201esind ein absolut letztes Mittel und nur anzuwenden, wenn alle anderen machbaren Optionen zur Verbesserung der Impfaktivit\u00e4t ausgesch\u00f6pft wurden\u201c, sagte der WHO-Regionaldirektor f\u00fcr Europa, Hans Kluge,&#8221;<\/p>\n<p>Gecheckt? Ich machs mal fett:<br \/>\n&#8220;wenn alle anderen machbaren Optionen <strong>zur Verbesserung der Impfaktivit\u00e4t<\/strong> ausgesch\u00f6pft wurden&#8221;<\/p>\n<p>= es geht mal wieder nicht um eine Verbesserung der Corona-Lage, der Eind\u00e4mmung der Pandemie oder oder oder, es geht einzig und allein darum, m\u00f6glichst viele \/ alle zu impfen.<\/p>\n<p>&#8212;<\/p>\n<p>Wettervorhersagen f\u00fcr die n\u00e4chsten Tage: In Trysil morgen Freitag+Samstag ganztags Schneefall = da werd ich also nicht mehr hier bleiben, sondern doch gleich morgen abfahren. Die nachmittags gemeldete Sonne in Hemsedal werd ich morgen nat\u00fcrlich nicht mehr schaffen. Wetterm\u00e4\u00dfig und auch \u00f6ffnungsm\u00e4\u00dfig lohnt sich auch kein Skigebiet auf dem Weg mitzunehmen.<\/p>\n<p>Naja, dann wars wohl schon sinnvoll, diese Woche in Trysil zu sein &#8211; dann kann ich n\u00e4chste Woche in Hemsedal auf die Saisonkarte fahren, ohne anderswo was zu verpassen. Allerdings soll es n\u00e4chste Woche recht warm werden &#8211; d.h. das WE drauf k\u00f6nnte evtl. auch nicht viel mehr aufsperren.<\/p>\n<p>Musste heut Abend auch immer wieder mal die Heizer ausschalten. Heute Nacht hab ich mal zwei Fenster einen Spalt offen lassen und den Schaumstoff jewelis an den Ecken etwas abstehen lassen und mich gleich nur mit der d\u00fcnnen Decke bedeckt. So warm waren letzten Winter nur selten Hostelzimmer, dass mir das gereicht h\u00e4tte.<\/p>\n<p><strong>10.12.2021<\/strong><\/p>\n<p>Der Schneefall \u00fcber Nacht blieb mal aus und auch vormittags nieselte es eher als dass es schneite. Aber es soll auch erst auf morgen Nacht mehr schneien hier. Als ich zu Mittag los fuhr, w\u00e4r der Nebel zwar wieder etwas weniger geworden, bin aber doch nicht Ski gefahren heute, wollte noch ein St\u00fcck westlich kommen, wo es heut Nacht weniger schneien soll, als hier in der Gegend.<\/p>\n<p><a href='http:\/\/extra.inmontanis.info\/d\/74532-2\/DSC00573.jpg'><img src=http:\/\/extra.inmontanis.info\/d\/74531-3\/DSC00573.jpg \/><\/a><br \/>\n^ Stra\u00dfen sind momentan hier im S\u00fcden auch vermehrt gesandet, was an manchen Parkpl\u00e4tzen zu viel Dreck f\u00fchrt.<\/p>\n<p>Kleine Pizza beim Pizzabakeren mitgenommen und mir das Kochen heute Abend gespart. In Gj\u00f8vik im Einkaufszentrum heizbare Handschuhe gekauft &#8211; L und XL waren nicht lagernd, die M passten zwar, h\u00e4tten aber gern gr\u00f6\u00dfer sein k\u00f6nnen. Naja, 150,- \u20ac, was soll&#8217;s. Ob die mehr taugen als die 50 \u20ac Chinateile via Amazon, bleibt abzuwarten. Ersatzbatterien gab&#8217;s leider auch keine, aber auch das wusste ich von der Website ja. Die n\u00e4chsten Tage werd ich sie wohl nicht testen, da es nicht kalt genug wird.<\/p>\n<p>Obwohl Maskentragen freiwliig ist (wenn man 1m Abstand h\u00e4lt), hatten mehr als die H\u00e4lfte im Einkaufszentrum welche auf. Das war Anfang des Jahres in Schweden anders&#8230;<\/p>\n<p>Da ich Tisch und PC heute nicht aufbauen wollte, kam ich endlich mal dazu, das Leinwandbild umzudrehen, also Bastelstunde, Klammern entfernen, Leinwand umdrehen und r\u00fcckseitig mit Klebeband befestigen.<\/p>\n<p><a href='http:\/\/extra.inmontanis.info\/d\/74536-2\/DSC00574.jpg'><img src=http:\/\/extra.inmontanis.info\/d\/74535-3\/DSC00574.jpg \/><\/a><br \/>\n^ Leinwand nun umgedreht<\/p>\n<p><a href='http:\/\/extra.inmontanis.info\/d\/74544-2\/DSC00577.jpg'><img src=http:\/\/extra.inmontanis.info\/d\/74543-3\/DSC00577.jpg \/><\/a><br \/>\n^ Die Leinwand dagegen ist recht easy aufgeh\u00e4ngt &#8211; jetzt wei\u00df ich auch endlich, wozu diese Schrauben mit dem Ring gut sind ;)  (Beides hatte ich in meiner kleinen Werkzeugbox dabei.)<\/p>\n<p>Bleibt nur die Frage, wohin\/wie stell ich den Projektor auf, da hab ich noch keine optimale L\u00f6sung gefunden. Evtl. werd ich doch mal mein Stativ probieren m\u00fcssen.<\/p>\n<p><a href='http:\/\/extra.inmontanis.info\/d\/74540-2\/DSC00576.jpg'><img src=http:\/\/extra.inmontanis.info\/d\/74539-3\/DSC00576.jpg \/><\/a><br \/>\n^ Projektor w\u00fcrde hier ja gut hinpassen und halten, aber weder so rum noch auf dem Kopf passt es, falsche H\u00f6he und wichtiger: zu weit auf der falschen Seite<\/p>\n<p>Die Campingplatzsituation in Hemsedal scheint auch etwas fragw\u00fcrdig zu sein, da mehrere der Campingpl\u00e4tze, die man im Internet findet, keine aktive Website mehr haben, einer hat im Winter nur H\u00fctten und bei anderen wei\u00df man nicht, ob sie offen haben und der eine, der fix offen zu haben scheint, hat keine Preise im netz &#8211; also erst mal nachfragen.<\/p>\n<p>Booking.com h\u00e4tte ein Appartement im Ort vor Hemsedal um ca. 39 \u20ac pro Nacht bei ca. Wochenbelegung &#8211; w\u00e4r auch g\u00fcnstig, aber nur noch 1  \u00fcbrig um den Preis &#8211; und da m\u00f6cht ich doch erst noch den Preis f\u00fcr den Campingplatz abwarten, bzw. bei dem anderen mal vorbeifahren.<\/p>\n<p>Temperaturm\u00e4\u00dfig sollen die n\u00e4chsten beiden Tage nochmals kalt werden, Mittwoch Regen gemeldet und danach mehrere Tage lang Plusgrade, k\u00f6nnte man also eh auch frei stehen. M\u00fcsste halt jeden Tag eine gute Stunde lang den Motor laufen lassen (oder teilweise so lang fahren), um die Batterie zu laden.<\/p>\n<p>Heute Nacht schlaf ich auf einem Rastplatz mit (beheiztem) WC. Zwar nah an der Stra\u00dfe und Schneer\u00e4umer werden morgen fr\u00fch kommen, aber geht schon.<\/p>\n","protected":false},"excerpt":{"rendered":"<p>7.12.2021<\/p>\n<p>Wie gestern -13\u00b0 im Skigebiet und auch das Wetter war \u00e4hnlich.<\/p>\n<p> ^ Sonnenaufgang oder kurz vorher, 9:06 Uhr, am Campingplatz<\/p>\n<p>8.12.2021<\/p>\n<p>Heute Vormittag durchaus st\u00e4rkerer Schneefall &#8211; und das an einem \u00f6sterreichischen Feiertag, wo ich mal wieder vormittags h\u00e4tte Ski fahren k\u00f6nnen &#8230; Auf yr.no nat\u00fcrlich kein Schneefall, erst n\u00e4chste Nacht und morgen <a href=\"http:\/\/blog.inmontanis.info\/?p=7305\">[&#8230;]<\/a><\/p>\n","protected":false},"author":1,"featured_media":0,"comment_status":"closed","ping_status":"closed","sticky":false,"template":"","format":"standard","meta":{"footnotes":""},"categories":[185,18,572],"tags":[],"class_list":["post-7305","post","type-post","status-publish","format-standard","hentry","category-2021-08-skandinavien","category-norwegennorway","category-trysil","odd"],"_links":{"self":[{"href":"http:\/\/blog.inmontanis.info\/index.php?rest_route=\/wp\/v2\/posts\/7305","targetHints":{"allow":["GET"]}}],"collection":[{"href":"http:\/\/blog.inmontanis.info\/index.php?rest_route=\/wp\/v2\/posts"}],"about":[{"href":"http:\/\/blog.inmontanis.info\/index.php?rest_route=\/wp\/v2\/types\/post"}],"author":[{"embeddable":true,"href":"http:\/\/blog.inmontanis.info\/index.php?rest_route=\/wp\/v2\/users\/1"}],"replies":[{"embeddable":true,"href":"http:\/\/blog.inmontanis.info\/index.php?rest_route=%2Fwp%2Fv2%2Fcomments&post=7305"}],"version-history":[{"count":2,"href":"http:\/\/blog.inmontanis.info\/index.php?rest_route=\/wp\/v2\/posts\/7305\/revisions"}],"predecessor-version":[{"id":7307,"href":"http:\/\/blog.inmontanis.info\/index.php?rest_route=\/wp\/v2\/posts\/7305\/revisions\/7307"}],"wp:attachment":[{"href":"http:\/\/blog.inmontanis.info\/index.php?rest_route=%2Fwp%2Fv2%2Fmedia&parent=7305"}],"wp:term":[{"taxonomy":"category","embeddable":true,"href":"http:\/\/blog.inmontanis.info\/index.php?rest_route=%2Fwp%2Fv2%2Fcategories&post=7305"},{"taxonomy":"post_tag","embeddable":true,"href":"http:\/\/blog.inmontanis.info\/index.php?rest_route=%2Fwp%2Fv2%2Ftags&post=7305"}],"curies":[{"name":"wp","href":"https:\/\/api.w.org\/{rel}","templated":true}]}}