{"id":7301,"date":"2021-12-06T19:40:10","date_gmt":"2021-12-06T18:40:10","guid":{"rendered":"http:\/\/blog.inmontanis.info\/?p=7301"},"modified":"2023-08-04T19:40:07","modified_gmt":"2023-08-04T17:40:07","slug":"trysil-4-6-12","status":"publish","type":"post","link":"http:\/\/blog.inmontanis.info\/?p=7301","title":{"rendered":"Trysil, 4.-6.12."},"content":{"rendered":"<p><strong>3.12.2021<\/strong><\/p>\n<p>Vergangene Nacht hab ich&#8217;s mal mit dem Schuhheizer in voller (lauter) L\u00fcfterst\u00e4rke probiert &#8211; dann heizt er ja mehr, wie festgestellt, evtl. weil defekt (und er auch bei niedrigeren mehr heizen sollte). <\/p>\n<p>Dadurch k\u00f6nnte es passieren, dass es<br \/>\na) \u00fcber Nacht viel zu warm wird<br \/>\nb) der Heizer \u00fcberhitzt, sich deshalb ausschaltet und somit ganz kalt wird&#8230;<\/p>\n<p>&#8230; passiert ist dann a. Nach 2 Uhr aufgewacht, weil es mir unter den 2 Decken zu warm war. Das Risiko, mit nur 1 Decke, wollte ich aber nicht eingehen und regelte den L\u00fcfter runter, insofern 45\u00b0-Einstellung und volle L\u00fcfterdrehzahl. Schien aber gleich wieder nur noch mit halber Wattstufe zu heizen, also zu kalt.<\/p>\n<p>G\u00e4nzlich unspa\u00dfig war mittags das Entfernen der Schaumstoffmatte am linken hinteren Fenster, wo ich das Stromkabel durchgelegt hab und das jetzt die letzten Tage am Campingplatz nie wegkam. Da klebte n\u00e4mlich das nach wie vor montierte Fliegennetz in einer dicken Eisschicht auf dem Schaumstoff fest, bzw. umgekehrt. Minutenlang musste ich dort hin heizen, dass sich das gel\u00f6st hat&#8230;<\/p>\n<p>Das Kabel dann zusammenzulegen und in diese kleine Tasche zu stecken ist auch arbeitsreich &#8211; und am n\u00e4chsten Tag ebenso m\u00fchsam wieder zu entwirren. Vielleicht h\u00e4tt ich doch nur das 10m Kabel (statt 15m) kaufen sollen? Naja, in den n\u00e4chsten Tagen hat sich das auch etwas eingespielt. <\/p>\n<p>Heute immer mal wieder leichter Schneefall, was aber auch teilweise wohl nur kondensierte Luft gewesen sein k\u00f6nnte.<\/p>\n<p>\u00c0 propos, heut tropfte es mal aus den Innenlampen oben an der Decke, d.h. im Dachhimmel sammelt sich auch Eis, das irgendwann zu Wasser wird. Hatte ich schon mal vor einiger Zeit beobachtet, fiel mir so ein, evtl. Anfang des Jahres in Schweden?!<\/p>\n<p>Die Heizdecke konnte ich bei Biltema problemlos zur\u00fcckgeben und hab mir noch bei Clas Ohlsen ein Funksteckdosenset um runtergesetzte 18 \u20ac gekauft, weil kleiner. Hoffentlich gehen die auch ohne das restliche Nexa-System drumherum, Fernbedienung ist dabei. Beschreibung bei den Spezifikationen mir nicht ganz klar, im Internet evtl. eine unpassende Anleitung gefunden (nach der es evtl. schon gehen m\u00fcsste, aber so genau wird das auch nicht gesagt).<\/p>\n<p><a href='http:\/\/extra.inmontanis.info\/d\/74488-2\/DSC00520.jpg'><img src=http:\/\/extra.inmontanis.info\/d\/74487-3\/DSC00520.jpg \/><\/a><br \/>\n^ Schlanke, funkfernbedienbare Steckdosen<\/p>\n<p>\u00dcbernachtet wird heute auf dem Platz, wo ich letzte Woche mal stand und diese komischen Ger\u00e4usche nachts geh\u00f6rt hab, Stichwort Alieninvasion. Heute keine Ger\u00e4usche. Abendtemperatur -11\u00b0, aber f\u00fcr morgen w\u00e4r fr\u00fch nur noch -9\u00b0 gemeldet, und weil morgen Samstag und kein Arbeitstag ist und ich erst nach 17 Uhr am Parkplatz mit warmen Auto angekommen bin, sollte das schon gehen.<\/p>\n<p>Ungewohnt still abends ohne eingeschaltetem Heizl\u00fcfter. Tisch und Computeraufbau sparte ich mir, kam n\u00e4mlich zum 4. Mal auf dieser Reise am Pizzabakeren in Brumunddal vorbei (einmal davon aber nichts mitgenommen).<\/p>\n<p>Ich h\u00e4tte ja mit vielen Sachen gerechnet, aber dass ich mir heuer ausgerechnet die Skistar-Saisonkarte kaufen w\u00fcrde, nein, damit garantiert nicht. Aber, ich kaufte sie mir heute Abend um 795,- \u20ac online und lud sie auf meine Axess-Karte. Foto muss man dabei \u00fcbrigens auch hochladen.<\/p>\n<p>Nur f\u00fcr den Fall, dass ich das noch nicht explizit genug erw\u00e4hnt haben sollte: Ich bin nach wie vor kein Fan von Skistar. Die bauen zu viel neue Bahnen, modellieren die Pisten zu stark, vereinheitlichen meines Wissens Lifte, Hotels und Restaurants (vmtl. daher weniger Konkurrenz und teurere Preise? Bin mir da aber nicht ganz sicher) und haben mittlerweile fast \u00fcberall kostenpflichtige Parkpl\u00e4tze (au\u00dfer in Trysil + wenn auch stets alternativ auch kostenlose + f\u00fcr Saisonkarteninhaber gratis, was beides andernorts nicht \u00fcblich ist) + teure Skip\u00e4sse (an den Kassen noch teurer) + die ganze Vereinheitlichung der verschiedenen Skigebiete, die generelle Gr\u00f6\u00dfe und Ausgebautheit der meisten Skigebiete und und und. <\/p>\n<p>Aber, eben, es gibt auch ein Aber. Die besondere Corona-Situation, dass der Skipass in Norwegen und Schweden gilt; dass ich quasi jeden Tag in diesem Winter Ski fahren k\u00f6nnte, wenn ich wollte; die oft generell teuren Skipasspreise in Skandinavien (manch kleine Skigebiete mal ausgenommen, die aber dann meist nur am WE offen haben) und dass die Skistar-Saisonkarte f\u00fcr skandinavische Verh\u00e4ltnisse eben sehr g\u00fcnstig f\u00fcr die gebotene Leistung ist ..<\/p>\n<p>.. haben mich schlussendlich eben doch zu einem Kauf bewogen. Also werd ich jetzt mal eine Woche in Trysil bleiben, auf dem Weg nach Hemsedal danach evtl. in einem anderen Skigebiet noch vorbeifahren und dann vmtl. ab Ferienbeginn, wenn die anderen, kleineren Skigebiete hoffentlich auch ihre Haupt- und meisten Nebenlifte \u00f6ffnen, dort fahren. Dann w\u00fcrde ich, grob gesagt, gegen den Uhrzeigersinn nach S\u00fcden, Westen und hinauf bis unter Trondheim fahren, und entweder auf dem Weg hinauf oder wieder s\u00fcdlich nochmal nach Hemsedal schauen und auf dem Weg nach Schweden nochmals nach Trysil, um dort jeweils den Rest abzufahren, der jetzt Anfang\/Mitte Dezember noch nicht offen hat. Dann ginge es nach Schweden weiter, genau auf der anderen Seite von Trysil ist ja S\u00e4len, das mir letztes Jahr zwar nicht so gefiel, aber wenn&#8217;s in der Saisonkarte drin ist, fahr ich es nat\u00fcrlich, auch fehlte mir dort ja noch ein Teilgebiet.<\/p>\n<p>Je nach Zeitpunkt ginge es entweder noch kurz s\u00fcdlich, um ein paar kleine Skigebiete in Schweden abzugrasen, oder n\u00f6rdlich. Die Skistarskigebiete in Vemdalen werd ich halt auch nochmal mitnehmen, Bj\u00f6rnrike hatte ich letztes Jahr auslassen und Vemdalsskalet und Kl\u00f6vsj\u00f6, mal schaun, die fand ich letztes Jahr ja schon recht schrecklich, was auch an der kalten Temperatur lag, aber wenn man den Skipass hat .. <\/p>\n<p>In der Gegend will ich unbedingt nochmal T\u00e4nn\u00e4skr\u00f6ket fahren, das war letztes Jahr ja fast mein Lieblingsskigebiet, mit der alten M\u00fcller-DSB und dem Gratlift. Dabei auch mal einen Tag Fun\u00e4sdalen anschauen, das ich letztes Jahr im April auslassen musste.<\/p>\n<p>Sch\u00f6n w\u00e4re, wenn ich es dabei auch nach Ljungdalen schaffen w\u00fcrde. Die 3SB hat halt selten offen. Danach in \u00c5re, einerseits die noch nicht gefahrenen Skigebietsteile (inkl. Duved) anschauen und danach kommt es drauf an, wie die Einreisemodalit\u00e4ten in Norwegen und Finnland sind, ob ich da nochmals r\u00fcberkomm bzw. in den Norden komm oder nicht und welches Monat dann bereits ist.. Vielleicht gibt&#8217;s 2022 auch mal wieder ein etwas w\u00e4rmeres Fr\u00fchjahr mit mehr Firn als 2021, somit w\u00e4r ich gegen Saisonende im April tendenziel wieder lieber s\u00fcdlicher als n\u00f6rdlicher.<\/p>\n<p>So w\u00e4re also mein grober Plan f\u00fcr die Wintersaison, der aber 1. durch Corona bzw. eher Politiker, 2. durch Wetter und 3. durch vielleicht noch ganz andere Umst\u00e4nde wahrscheinlich nicht so ganz nach Plan verlaufen wird. Somit m\u00f6chte ich &#8211; im Gegensatz zum letzten Jahr &#8211; auch gleich mal im Dezember und Januar m\u00f6glichst jeden Tag Ski fahren, solang es mir wetterm\u00e4\u00dfig nicht zu schlecht ist. Vom 4.12. bis Anfang Mai w\u00e4ren es ca. 150 Tage. Da sollten doch 120 Skitage locker drin sein?<\/p>\n<p><strong>4.12.2021<\/strong><\/p>\n<p>Der K\u00fchlschrank meldete heute Morgen hohe 0\u00b0C, vorne am Thermometer war die Minimumtemp. in der Nacht -0,8\u00b0. Wachte wohl so gegen 7 Uhr auf, weil&#8217;s mir irgendwo etwas kalt war, Standheizungstimer hatte ich auf 7:30 Uhr stehen. Wie \u00fcblich schau ich, einige Zeit aufgewacht, wenige Minuten vor dem Einschalten der Standheizung auf die Uhr und frag mich, wann sie sich denn endlich einschaltet und ob ich noch so lang warten kann, bevor ich pinkeln muss&#8230;<\/p>\n<p>Trotz keiner PC-Ben\u00fctzung und trotz keinem Kochen waren aber mit der ganzen Heizerei dann doch ca. 30A aus der Batterie drau\u00dfen.<\/p>\n<p>Zuf\u00e4llig entdeckt: im Norden ist momentan Sonne bis Mittwoch vorhergesagt. Auch an der K\u00fcstenstra\u00dfe, wo ich heuer schon 2x wegen Schlechtwetter nicht vorbei gefahren bin. Bis rauf nach Kirkenes! Ungerechet!!<\/p>\n<p>Naja, auch f\u00fcr Trysil ist nun morgen recht sonnig gemeldet. Gestern war f\u00fcr heute in Hemsedal ja noch ganztags Schnee gemeldet, quasi immer schlechter.<\/p>\n<p>Morgens au\u00dfen lt. Autothermometer -10\u00b0.  Allerdings soll es morgen fr\u00fch in Trysil -15\u00b0 werden, da brauch ich wohl doch einen Campingplatz heute Nacht, ggf. halt dann den teureren, weil der g\u00fcnstige macht erst am Sonntag wieder auf.<\/p>\n<p><a href='http:\/\/extra.inmontanis.info\/d\/74492-2\/DSC00523.jpg'><img src=http:\/\/extra.inmontanis.info\/d\/74491-3\/DSC00523.jpg \/><\/a><br \/>\n^ Unterwegs<\/p>\n<p>An der Talstation der 6KSB waren es -8\u00b0 lt. Tafel, weiter unten am SL -9\u00b0. Die 6KSB fuhr wohl mit voller Geschwindkeit und entsprechend kalt, daf\u00fcr aber sinnvollerweise die alten Thermo-Sitze, nicht die kalten, weichen Polster. Auch keine Kindersicherungen, F\u00f6rderb\u00e4nder oder sonstigen Dreck, gute altmodisch Schlie\u00dfb\u00fcgel-Fu\u00dfraster. Gl\u00fcck um Ungl\u00fcck sozusagen, wenn man schon eine 6KSB fahren muss. H\u00e4tte ja lieber einen SL oder KSSL gehabt.<\/p>\n<p>Wetter war leider nicht so sch\u00f6n wie gemeldet. 2 Stunden hatten mir f\u00fcr den ersten Tag gereicht bei der K\u00e4lte. Abfahrten waren ziemlich knollig.<\/p>\n<p>Die WCs an der 6KSB sind auch speziell: 12 Kabinen (6 links, 6 rechts), ohne Geschlechtertrennung, Waschbecken in der Mitte.<\/p>\n<p><a href='http:\/\/ski.inmontanis.info\/d\/298571-2\/DSC00530.jpg'><img src=http:\/\/ski.inmontanis.info\/d\/298569-3\/DSC00530.jpg \/><\/a><br \/>\n^ Pistenplan Trysil; momentan ge\u00f6ffnet im linken unteren Bereich: 6KSB T2 mit blauer Abfahrt 13 links und roter Abfahrt 15 rechts, sowie SL T6 mit Abfahrt 21<\/p>\n<p><a href='http:\/\/ski.inmontanis.info\/d\/298575-2\/DSC00531.jpg'><img src=http:\/\/ski.inmontanis.info\/d\/298574-3\/DSC00531.jpg \/><\/a><br \/>\n^ 6KSB T2<\/p>\n<p><a href='http:\/\/ski.inmontanis.info\/d\/298579-2\/DSC00533.jpg'><img src=http:\/\/ski.inmontanis.info\/d\/298578-3\/DSC00533.jpg \/><\/a><br \/>\n^ Rote Abfahrt 15<\/p>\n<p><a href='http:\/\/ski.inmontanis.info\/d\/298583-2\/DSC00535.jpg'><img src=http:\/\/ski.inmontanis.info\/d\/298582-3\/DSC00535.jpg \/><\/a><br \/>\n^ Rote Abfahrt 15, rechts war auch schon ein kleiner Park offen<\/p>\n<p><a href='http:\/\/ski.inmontanis.info\/d\/298587-2\/DSC00536.jpg'><img src=http:\/\/ski.inmontanis.info\/d\/298586-3\/DSC00536.jpg \/><\/a><br \/>\n^ SL T6<\/p>\n<p>Die Optionen f\u00fcr heute Nacht, wenn ich nicht frei stehen m\u00f6chte:<\/p>\n<p>&#8211; g\u00fcnstiger Campingplatz in der N\u00e4he: 450 NOK<br \/>\n&#8211; g\u00fcnstigstes Zimmer im Ort: 774 NOK mit Fr\u00fchst\u00fcck (Pension) und eigener Du\/WC. W\u00e4r ja im Prinzip schon ok, aber dann ist mein Auto morgen halt umso k\u00e4lter. Und ich muss die Skischuhe ins Zimmer nehmen, mir Essen mitnehmen &#8211; alles umst\u00e4ndlicher.<\/p>\n<p>Klar, wenn man eine Woche in einer Unterkunft ist, muss man nicht t\u00e4glich Zeug umr\u00e4umen, Strom installieren usw. &#8211; aber es hat schon auch seinen Vorteil, wenn man das Auto und die Sachen darin nicht so ausk\u00fchlen l\u00e4sst, weil man sich fast den ganzen Tag darin aufh\u00e4lt und heizt.<\/p>\n<p>Hab mir also den teuren Campingplatz um 450,- NOK geleistet. WLAN gibts leider nicht, auch die Sanit\u00e4reinrichtungen sind nicht so sch\u00f6n wie am letzten Campingplatz, daf\u00fcr Dusche inklusive und sch\u00f6\u00f6\u00f6n warm.<\/p>\n<p><a href='http:\/\/ski.inmontanis.info\/d\/298591-2\/DSC00538.jpg'><img src=http:\/\/ski.inmontanis.info\/d\/298590-3\/DSC00538.jpg \/><\/a><br \/>\n^ Vom Campingplatz gegen\u00fcber sieht man nur einen recht kleinen Teil des Skigebiets<\/p>\n<p>Was ich bei meiner Kokos-Erdnuss-Pastasaucen-Testerei glaub vergessen hab zu erw\u00e4hnen: die ersten Tage hatte ich zus\u00e4tzlich noch schwedische K\u00f6ttbullar, die letzten Tage fertiges H\u00fchnchengeschnetzeltes mit rein.<\/p>\n<p>Gestern im Supermarkt mitgenommen: Tikka Masala Gew\u00fcrzpulver. Sollte man zwar mit Creme Fraiche erg\u00e4nzen, aber ich probiers mal in meine Kokosmilch-Erdnuss-Sauce .. War dann vielleicht etwas zu viel Pulver, schmeckte n\u00e4mlich eher nach reiner Tikka Masala Sauce als nach Erdnusssauce. Aber wenigstens von der Sch\u00e4rfe her OK bzw. besser als das eine Glas mit der Fertigsauce, wenn ich mich recht erinnere.<\/p>\n<p>Die fernbedienbaren Steckdosen funktionieren \u00fcbrigens. Hab mal 2 eingesteckt, eine f\u00fcr den Heizer unten, eine f\u00fcrs PC-Netzteil, da ich den PC wegen des Anschlusses im Auto so eingestellt hab, dass er bei Stromzufuhr automatisch einschaltet (hab das 12V-Netzteil an einem Schalter in meinem Bedienfeld h\u00e4ngen), was aber bei 230V-Betrieb unpassender ist, da ich die Stromverkabelung ja schon mach, bevor ich z.B. den Monitor angeschlossen hab. Andererseits komm ich morgens sowieso nicht an den Einschaltknopf vom PC, also ist das weiterhin n\u00f6tig. Dank des goldenen Lackstifts konnte ich die Steckdosen auch beschriften &#8211; mit dem wei\u00dfen Lackstift w\u00e4re das bei der wei\u00dfen Steckdose schwierig lesbar gewesen.<\/p>\n<p>Obwohl ich gestern die Tischplatte ja nicht rausgeholt hatte und es heute Nacht auch k\u00e4lter war und beim Skifahren ungeheizt &#8211; war der K\u00fchlschrank nachmittags auf +3\u00b0. Komisch?! Beim Ausr\u00e4umen \/ Wechseln der Jacke: Da ganz hinten unten waren einige etwas feucht-gefrorene Stellen.<\/p>\n<p><strong>5.12.2021<\/strong><\/p>\n<p>Obwohl heute Nacht so kalt gemeldet wurde, konnte der 500W-Heizer die Temperatur auf \u00fcber 21\u00b0 halten! Da er zudem wesentlich leiser ist, war das auch f\u00fcr die n\u00e4chsten N\u00e4chte meine Wahl f\u00fcr die Nacht. Naja, das Wetter war morgens auch nicht so klar und sonnig wie gemeldet, also vielleicht gar nicht so kalt. W\u00e4hrend um 9:30 yr.no f\u00fcr Trysil strahlenden Sonnenschein gerade anzeigt, schneit es leicht. Schade, ausgerechnet heut Sonntag, wo ich vormittags h\u00e4tte Skifahren k\u00f6nnen und die Sonne an den Osth\u00e4ngen hier bekommen h\u00e4tte.<\/p>\n<p><a href='http:\/\/extra.inmontanis.info\/d\/74496-2\/DSC00558.jpg'><img src=http:\/\/extra.inmontanis.info\/d\/74495-3\/DSC00558.jpg \/><\/a><br \/>\n^ Diese Eisleiste auf der Innenseite der Windschutzscheibe hat sich seit einigen Tagen gebildet und wird eher immer dicker und h\u00f6her &#8211; und taut auch tags\u00fcber nicht ab.<\/p>\n<p>Erst nach 13 Uhr wurde der Himmel etwas blauer, wobei der n\u00f6rdliche Teil des Berges weiterhin in Wolken oder Nebel blieb.<\/p>\n<p><a href='http:\/\/ski.inmontanis.info\/d\/298595-2\/DSC00543.jpg'><img src=http:\/\/ski.inmontanis.info\/d\/298594-3\/DSC00543.jpg \/><\/a><br \/>\n^ Wolkenloser Sonnenschein lt. aktueller Wettervorhersage, ja ne is klar<\/p>\n<p><a href='http:\/\/ski.inmontanis.info\/d\/298599-2\/DSC00546.jpg'><img src=http:\/\/ski.inmontanis.info\/d\/298598-3\/DSC00546.jpg \/><\/a><br \/>\n^ Unter der Bergstation der 6KSB T2 kann man von beiden Seiten aus die Seite wechseln (mit getrennten Wegen)<\/p>\n<p><a href='http:\/\/ski.inmontanis.info\/d\/298603-2\/DSC00547.jpg'><img src=http:\/\/ski.inmontanis.info\/d\/298602-3\/DSC00547.jpg \/><\/a><br \/>\n^ SL T6<\/p>\n<p><a href='http:\/\/ski.inmontanis.info\/d\/298607-2\/DSC00550.jpg'><img src=http:\/\/ski.inmontanis.info\/d\/298606-3\/DSC00550.jpg \/><\/a><br \/>\n^ SL T6, rechts an der 4SB  bzw. links von dieser wurde die Tage auch gearbeitet &#8211; wird aber wohl nur ein Funpark sein.<\/p>\n<p><a href='http:\/\/ski.inmontanis.info\/d\/298611-2\/DSC00551.jpg'><img src=http:\/\/ski.inmontanis.info\/d\/298610-3\/DSC00551.jpg \/><\/a><br \/>\n^ Vom SL T6 zur 6KSB T2, dazwischen ein noch nicht offener SL<\/p>\n<p><a href='http:\/\/ski.inmontanis.info\/d\/298615-2\/DSC00552.jpg'><img src=http:\/\/ski.inmontanis.info\/d\/298614-3\/DSC00552.jpg \/><\/a><br \/>\n^ Blaue Abfahrt 13<\/p>\n<p><a href='http:\/\/ski.inmontanis.info\/d\/298619-2\/DSC00553.jpg'><img src=http:\/\/ski.inmontanis.info\/d\/298618-3\/DSC00553.jpg \/><\/a><br \/>\n^ Rote Abfahrt 15<\/p>\n<p><a href='http:\/\/ski.inmontanis.info\/d\/298623-2\/DSC00554.jpg'><img src=http:\/\/ski.inmontanis.info\/d\/298622-3\/DSC00554.jpg \/><\/a><br \/>\n^ Zwischen den Hauptabfahrten gibts mehrere, schm\u00e4lere Abfahrten, die k\u00f6nnten mir vmtl. besser gefallen<\/p>\n<p><a href='http:\/\/ski.inmontanis.info\/d\/298627-2\/DSC00555.jpg'><img src=http:\/\/ski.inmontanis.info\/d\/298626-3\/DSC00555.jpg \/><\/a><br \/>\n^ Gipfelbereich sah man selten, dieser wird auch von mehreren Seiten aus erschlossen<\/p>\n<p>Am anderen Campingplatz hatte ich die 5 Tage verg\u00fcnstigt bekomen um 350,- NOK pro Nacht (statt 400,-). Haben aber wohl nicht immer f\u00fcr Wintercamping offen, da die H\u00fctte, wo das WC ist, manchmal komplett vermietet wird, daher auch nur bis Freitag. Momentan hab ich daher WC \/ Dusche f\u00fcr mich alleine (entsprechend weniger gut geheizt). WLAN auch inklusive. Daf\u00fcr die meisten Pl\u00e4tze direkt an der Stra\u00dfe &#8211; au\u00dfer man parkt am Fluss, dann hat man weiteren Weg zum WC, und, wie ich n\u00e4chsten Tag feststellen musste, schlechteren WLAN-Empfang.<\/p>\n<p>Abends ist mir eingefallen, dass ich ja noch unverwendeten Stauraum hab, und zwar der vordere Teil des ehemaligen Platzes der Tourenski, d.h. hinterm Beifahrersitz neben der Batterie, den hab ich durch den Wegfall der Tourenski (weil jetzt auf dem Dach) noch nicht verwendet. Da kann man wohl auch gut die Sommerschuhe o.\u00e4. Sommerzeug hintun, jedenfalls Zeug, was ich nicht brauch, weil ich da nur von au\u00dfen \u00fcber die hintere rechte T\u00fcre hinkomm. Wobei ein Paar Ski seitlich ja noch im Auto liegen. Schon allein als Backup, wenn zB das Skitr\u00e4gerschloss vereist sein sollte oder der Schl\u00fcssel abbricht. Vereist scheint das Schloss wohl nicht zu sein, aber der Schl\u00fcssel geht trotzdem manchmal nicht umzudrehen &#8211; irgendwas scheint da Hakenm\u00e4\u00dfig schief zu sein und \u00f6fters zu h\u00e4ngen.<\/p>\n<p><strong>6.12.2021<\/strong><\/p>\n<p>Da ist gestern Abend wohl doch noch ein Campervan gekommen, stand heute fr\u00fch nicht allein. Wettervorhersage\/Bericht auf yr.no f\u00fcr Trysil Turistsenter: Wolkenloser Sonnenschein von fr\u00fch bis sp\u00e4t. Morgens, z.B. um 9 Uhr, war es komplett bedeckt oder Hochnebel und einsetzender, leichter Schneefall. Ich kapier echt nicht, was das f\u00fcr ein M\u00fcll ist, dass deren Computersysteme oder Wetterstationen weder die gestrige noch die heutige Bew\u00f6lkung oder Hochnebeldecke sehen? Also nicht nur die falsche Vorhersage, sondern selbst dass die Computer es beim aktuellen Wetter auf Radarbilder etc. nicht merken und es korrigieren?<\/p>\n<p>Im Skigebiet etwas k\u00e4lter, -12\u00b0. Wie die letzten Tage reichen mir 2 Abfahrten mit der KSB, bevor ich mich auf den Toiletten wieder aufw\u00e4rme. Die Abfahrt ist zu lang, zu flach und die KSB-Auffahrt auch zu schnell, alles f\u00fchrt zu k\u00e4lteren Temperaturen am K\u00f6rper. Auch mit dickerer Jacke, dickerem Pulli und am n\u00e4chsten Tag noch mit lang\u00e4rmligen Shirt unter dem Pullover &#8211; im Schulter\/Oberarmbereich (nicht vom Rucksack gesch\u00fctzt) bei der KSB-Auffahrt war&#8217;s kalt. Finger nat\u00fcrlich sowieso.<\/p>\n<p>Daf\u00fcr heute nix los und somit etwas besser gefallen.<\/p>\n<p><a href='http:\/\/ski.inmontanis.info\/d\/298631-2\/DSC00560.jpg'><img src=http:\/\/ski.inmontanis.info\/d\/298630-3\/DSC00560.jpg \/><\/a><br \/>\n^ Doppel-SL T6, der eine von Doppelmayr, der andere von Leitner, wie&#8217;s scheint<\/p>\n<p>Was die verlorene Luftfeuchte angeht &#8211; k\u00f6nnte auch ein Teil in den Autolautsprechern gelandet sein, die h\u00f6rten sich heute Dumpf an bzw. funktionierten erst bei gr\u00f6\u00dferer Lautst\u00e4rke oder gar nicht. Links vorne funktioniert gerade nur noch der Hocht\u00f6ner. Und bei steileren Stra\u00dfen \u00e4ndert sich der Ton. Na, hoffentlich nix dauerhaftes oder Kurzschluss irgendwann. Zum H\u00f6rbuchh\u00f6ren ja eh egal, wenn nur der Hocht\u00f6ner geht.<\/p>\n<p>Erst am sp\u00e4teren Nachmittag hatte es auch heute ziemlich aufgeklart. Na toll, ausgerechnet nachts, wie sinnlos, dann wirds ja nur noch k\u00e4lter.<\/p>\n<p>So eine Packung fertiger Garnelen\/Scampi kostet in norwegischen Diskontern ca. 4-5 \u20ac. Heut mal testweise mitgenommen. Verpackung ist ja viel zu gro\u00df f\u00fcr den kleinen Inhalt&#8230; Naja, hat mir nicht so ganz zur Sauce gepasst.<\/p>\n<p><a href='http:\/\/extra.inmontanis.info\/d\/74500-2\/DSC00562.jpg'><img src=http:\/\/extra.inmontanis.info\/d\/74499-3\/DSC00562.jpg \/><\/a><br \/>\n^ Also in der Mischung war das nicht so besonders bzw. passen K\u00f6ttbullar o.\u00e4. besser dazu als Scampi<\/p>\n<p>Es ist mal wieder Zeit f\u00fcr die Fahrstrecke und POI-Liste, die gelbe Linie vom ca. 25.10.-5.12.:<\/p>\n<p><a href='http:\/\/extra.inmontanis.info\/d\/74504-2\/ge20211205a.jpg'><img src=http:\/\/extra.inmontanis.info\/d\/74503-3\/ge20211205a.jpg \/><\/a><br \/>\nA) Bygdsilium (Skigebiet)<br \/>\nB) Skuleberget (Skigebiet\/Wanderungen) (N\u00e4he: Skuleskogen, Wanderung), verdeckt von:<br \/>\nC) F\u00e4berget (Wanderung)<br \/>\nD) V\u00e5rdkasen (Skigebiet)<br \/>\nE) Indals\u00e4lvens delta (Wanderung)<br \/>\nF) Vikbron (Holzbr\u00fccke), verdeckt von:<br \/>\nG) Getberget (Skigebiet)<br \/>\nH) Haver\u00f6 Str\u00f6mmar (Wanderung)<br \/>\nI) S\u00e5ngb\u00e4cksfallet (Wasserfall\/Wanderung)<br \/>\nJ) Vemdalsskalet (Skigebiete Vemdalen, Skistar)<br \/>\nK) Fun\u00e4sdalen\/T\u00e4nndalen (Skigebiete)<br \/>\nL) R\u00f8ros Alpinsenter (Skigebiet)<br \/>\nM) Folldal (Ex-Bergwerk)<br \/>\nN) Ulafossen (Wasserfall\/Wanderung) (N\u00e4he: Otta\/Mysus\u00e6ter)<br \/>\nO) G\u00e5l\u00e5 (Skigebiet)<br \/>\nP) Kvitfjell (Skigebiet)<br \/>\nQ) Norsk Vegmuseum<br \/>\nR) Lillehammer<br \/>\nS) Beitost\u00f8len (Skigebiet)<br \/>\nT) Vaset (Skigebiet)<br \/>\nU) Stavadalen (Skigebiet)<br \/>\nV) Aurdal\/Valdres (Skigebiet)<br \/>\nW) Trysil (Skigebiet)<\/p>\n<p>1) Hemsedal (Skigebiet, Skistar)<br \/>\n2) S\u00e4len (Skigebiete, Skistar)<br \/>\n3) \u00c5re (Skigebiete, Skistar)<\/p>\n<p>&#8212; <\/p>\n<p>Nebenthema Corona&#8230;<\/p>\n<p>Was interessantes heute gelesen: Nach der Delta-Variante kommt ja aktuell die Omicron-Variante, wo die Politiker mal wieder komplett panikhysterisch agieren, obwohl sie schon l\u00e4ngst in jedem Land angekommen ist und in  S\u00fcdafrika ja anscheinend eher weniger schwere F\u00e4lle auftreten &#8211; sofern das Zeug mit den Viren und Varianten \u00fcberhaupt stimmt.<\/p>\n<p>Aber: die beiden W\u00f6rter &#8220;Delta&#8221; und &#8220;Omicron&#8221; ergeben ein doch sehr interessantes Anagramm, probiert es ruhig selbst aus: &#8220;Media Control&#8221;. Krasser Zufall &#8211; oder doch nicht? Ein Leckerbissen f\u00fcr alle, die nach Verschw\u00f6rungen suchen. <\/p>\n<p>Eine in der Schweiz lebende Norwegerin, ehemalige WHO-Mitarbeiterin im Interview, lt. der Website:<br \/>\nOriginal in Norwegisch: <a href='https:\/\/hemali.no\/siste\/professor-astrid-stuckelberger-en-pandemi-av-logner\/'>https:\/\/hemali.no\/siste\/professor-astrid-stuckelberger-en-pandemi-av-logner\/<\/a><br \/>\nGoogle Translated:<br \/>\n<a href='https:\/\/hemali-no.translate.goog\/siste\/professor-astrid-stuckelberger-en-pandemi-av-logner\/?_x_tr_sl=no&#038;_x_tr_tl=de&#038;_x_tr_hl=de'>https:\/\/hemali-no.translate.goog\/siste\/professor-astrid-stuckelberger-en-pandemi-av-logner\/?_x_tr_sl=no&#038;_x_tr_tl=de&#038;_x_tr_hl=de<\/a><\/p>\n<p>Abgesehen von dem auch sonst interessanten Text, sticht mir besonderes eine Aussage hervor:<br \/>\n&#8221; Wie viele Dosen m\u00f6chten sie insgesamt verabreichen? Acht Dosen&#8221;<\/p>\n<p>Hab mal versucht, zu suchen, wieviel Impfdosen \u00d6sterreich gekauft hat.<br \/>\nStand 14.3.2021: 30,5 Mio<br \/>\n<a href='https:\/\/kurier.at\/politik\/inland\/zu-wenig-bestellt-wie-viel-impfstoff-dosen-fehlen-in-oesterreich\/401220033'>https:\/\/kurier.at\/politik\/inland\/zu-wenig-bestellt-wie-viel-impfstoff-dosen-fehlen-in-oesterreich\/401220033<\/a><br \/>\nMeldung vom 5.5.2021: Zus\u00e4tzlich 42 Mio werden gekauft<br \/>\n<a href='https:\/\/orf.at\/stories\/3211879\/'>https:\/\/orf.at\/stories\/3211879\/<\/a><\/p>\n<p>Macht zusammen 72,5 Mio.<\/p>\n<p>72,5 Mio sind auch hier genannt:<br \/>\n<a href='https:\/\/www.kleinezeitung.at\/service\/mittagsnews\/5975587\/Nachimpfen_Oesterreich-kauft-42-Millionen-Dosen-fuer-Folgeimpfungen'>https:\/\/www.kleinezeitung.at\/service\/mittagsnews\/5975587\/Nachimpfen_Oesterreich-kauft-42-Millionen-Dosen-fuer-Folgeimpfungen<\/a><\/p>\n<p>\u00d6sterreich hat derzeit lt. Wikipedia ca. 8,93 Mio Einwohner.<br \/>\n72,5 Mio Impfdosen \/ 8,9 Mio Einwohner = 8,14 Impfdosen pro Einwohner <\/p>\n<p>.. an wieviele Zuf\u00e4lle soll ich heute eigentlich noch glauben???<\/p>\n<p>W\u00e4hrenddessen wird es in \u00d6sterreich wohl bald Karant\u00e4neZentren geben, wenn sich die, die sich nicht impfen lassen wollen und die Strafe verweigern, sofern das Impfpflichtgesetz installiert wird, inhaftiert werden sollen. Weil die normalen Gef\u00e4ngnisse ja keinen Platz f\u00fcr all die Verweigerer h\u00e4tten. Und weil man so Geld verlangen kann. Da steht dann sicher ein sch\u00f6ner Banner \u00fcber dem Eingang &#8220;Impfen macht frei&#8221;&#8230;<br \/>\n<a href='https:\/\/exxpress.at\/alle-details-zum-gesetz-gegen-impfgegner-bis-zu-einem-jahr-beugehaft\/'>https:\/\/exxpress.at\/alle-details-zum-gesetz-gegen-impfgegner-bis-zu-einem-jahr-beugehaft\/<\/a><br \/>\n.. allerdings hab ich letztens auch einen anderen Artikel mit anderen Strafh\u00f6hen gelesen .. (600 \u20ac alle 3 Monate, statt wie hier jedesmal 2000,- \u20ac)<\/p>\n<p>Warten wir den genauen Gesetzestext also weiterhin ab ..<\/p>\n<p>Mittlerweile gibt es ja auch noch weitere Ideen auf der Suche nach der Wahrheit, z.B. \u00fcber einen baldigen dritten Weltkrieg &#8211; siehe auch das aktuelle S\u00e4belrasseln zwischen NATO und Russland im Hinblick auf die Ukraine. <\/p>\n<p>Naja, wird spannend werden, ob wir das Jahr 2022 \u00fcberleben oder an Corona, den Impfungen, dem Finanzcrash oder einfach nur an einem Krieg sterben werden &#8230; vielleicht auch an Hunger und K\u00e4lte aufgrund des gro\u00dfen Strom-Blackouts, den einige diesen Winter vorhersehen wollen. Bei sovielen Weltuntergangsszenarien wei\u00df man ja gar nicht mehr, an welches man glauben soll :)  Da wird man ja fast neugierig zu erfahren, wie 2022 ausgehen wird &#8230; um wieviel schlechter 2022 ausgehen wird.<\/p>\n<p>Einen Vorteil hat man schon auf der Seite, auf der ich stehe: Wenn irgendwas davon eintritt, kann man sagen &#8220;ich habs euch ja gleich gesagt&#8221; &#8211; und wenn nichts davon eintritt,  kann man sagen &#8220;dank des Widerstands konnte noch schlimmeres verhindert werden&#8221;. <\/p>\n<p>(Ersteres n\u00fctzt nat\u00fcrlich wenig, sollten die Ungeimpften irgendwann in Umerziehungslager gesteckt werden. &#8220;Seht ihr, hab ja gesagt, dass das keine Dusch ..hust..hust..&#8221; .. Aber ganz bitter w\u00e4re, wenn am Ende ein erfolgreicher Widerstand genau das Ziel bringt, um das es bei der Corona-Geschichte ging und auch der Widerstand nur an seidenen F\u00e4den vom gro\u00dfen Puppenspieler gesteuert wird?<\/p>\n<p>Das passt dann aber wieder zu meiner Ausf\u00fchrung \u00fcber die Wahrheit &#8211; die wirkliche Wahrheit kennen nur eine handvoll Leute, k\u00f6nnen nur eine handvoll Leute kennen, die Puppenspieler, deren Marionetten wir alle sind, von denen wir unbemerkt gezogen werden. Oder modern gesagt, wir sind vielleicht alle wie Figuren in einem Computerspiel, die meinen, selbstbestimmt zu agieren, aber doch von einem Spieler oder anderen M\u00e4chten ferngesteuert werden.)<\/p>\n","protected":false},"excerpt":{"rendered":"<p>3.12.2021<\/p>\n<p>Vergangene Nacht hab ich&#8217;s mal mit dem Schuhheizer in voller (lauter) L\u00fcfterst\u00e4rke probiert &#8211; dann heizt er ja mehr, wie festgestellt, evtl. weil defekt (und er auch bei niedrigeren mehr heizen sollte). <\/p>\n<p>Dadurch k\u00f6nnte es passieren, dass es a) \u00fcber Nacht viel zu warm wird b) der Heizer \u00fcberhitzt, sich deshalb ausschaltet und <a href=\"http:\/\/blog.inmontanis.info\/?p=7301\">[&#8230;]<\/a><\/p>\n","protected":false},"author":1,"featured_media":7304,"comment_status":"closed","ping_status":"closed","sticky":false,"template":"","format":"standard","meta":{"footnotes":""},"categories":[185,18,27,572],"tags":[56,47],"class_list":["post-7301","post","type-post","status-publish","format-standard","has-post-thumbnail","hentry","category-2021-08-skandinavien","category-norwegennorway","category-skifahren-winterskiing-winter","category-trysil","tag-6sb","tag-sl","odd"],"_links":{"self":[{"href":"http:\/\/blog.inmontanis.info\/index.php?rest_route=\/wp\/v2\/posts\/7301","targetHints":{"allow":["GET"]}}],"collection":[{"href":"http:\/\/blog.inmontanis.info\/index.php?rest_route=\/wp\/v2\/posts"}],"about":[{"href":"http:\/\/blog.inmontanis.info\/index.php?rest_route=\/wp\/v2\/types\/post"}],"author":[{"embeddable":true,"href":"http:\/\/blog.inmontanis.info\/index.php?rest_route=\/wp\/v2\/users\/1"}],"replies":[{"embeddable":true,"href":"http:\/\/blog.inmontanis.info\/index.php?rest_route=%2Fwp%2Fv2%2Fcomments&post=7301"}],"version-history":[{"count":2,"href":"http:\/\/blog.inmontanis.info\/index.php?rest_route=\/wp\/v2\/posts\/7301\/revisions"}],"predecessor-version":[{"id":7303,"href":"http:\/\/blog.inmontanis.info\/index.php?rest_route=\/wp\/v2\/posts\/7301\/revisions\/7303"}],"wp:featuredmedia":[{"embeddable":true,"href":"http:\/\/blog.inmontanis.info\/index.php?rest_route=\/wp\/v2\/media\/7304"}],"wp:attachment":[{"href":"http:\/\/blog.inmontanis.info\/index.php?rest_route=%2Fwp%2Fv2%2Fmedia&parent=7301"}],"wp:term":[{"taxonomy":"category","embeddable":true,"href":"http:\/\/blog.inmontanis.info\/index.php?rest_route=%2Fwp%2Fv2%2Fcategories&post=7301"},{"taxonomy":"post_tag","embeddable":true,"href":"http:\/\/blog.inmontanis.info\/index.php?rest_route=%2Fwp%2Fv2%2Ftags&post=7301"}],"curies":[{"name":"wp","href":"https:\/\/api.w.org\/{rel}","templated":true}]}}