{"id":7298,"date":"2021-12-02T19:53:32","date_gmt":"2021-12-02T18:53:32","guid":{"rendered":"http:\/\/blog.inmontanis.info\/?p=7298"},"modified":"2021-12-02T19:53:32","modified_gmt":"2021-12-02T18:53:32","slug":"wintercamping-im-ignis-chronologie-der-ersten-tage-am-campingplatz-28-11-2-12-2021","status":"publish","type":"post","link":"http:\/\/blog.inmontanis.info\/?p=7298","title":{"rendered":"Wintercamping im Ignis, Chronologie der ersten Tage am Campingplatz, 28.11.-2.12.2021"},"content":{"rendered":"<p><strong>28.11.2021<\/strong> (Teil 2)<\/p>\n<p>Am Camingplatz angekommen angerufen, weil keiner da, mir wurde dann gesagt, wo ich mich hinstellen soll. Hier waren schon mal nur Schuko-Steckdosen &#8211; werd ich also gleich mal das Adapterkabel brauchen und irgendwie h\u00e4ngen lassen m\u00fcssen &#8211; m\u00f6ge das wasserdicht sein&#8230;<\/p>\n<p>Gratis WIFI gibt&#8217;s auch + See\/Flussblick (ungefroren zumindest noch). Dann sind die 350 NOK pro Nacht wenigstens etwas besser angeleegt.  Dusche kostet allerdings extra &#8211; Automat 10 oder 20 NOK. <\/p>\n<p>Jetzt muss ich dann mal den Heizer kennenlernen &#8211; wie stark die Heizeinstellung n\u00f6tig und wie stark die L\u00fcftereinstellung, damit die Temperatur ungef\u00e4hr gehalten wird ohne zu kalt oder zu warm zu werden? Wohin die Schl\u00e4uche ausrichten? <\/p>\n<p>Der L\u00fcfter hat zwar paar F\u00fc\u00dfe hinten, aber wenn man ihn flach auflegt, bekommt er wohl zu wenig Luft. Tja.. hatte ihn mal hinten positioniert und bin noch etwas vorne geblieben. volle W\u00e4rmeneinstellung (60\u00b0), L\u00fcftersufte 2-3 von 5 und vorne am Thermometer sank die Temperatur langsam &#8230; hatte aber die meisten Fenster noch nicht abgedeckt.<\/p>\n<p>Da ich den kleinen Spanngurt, den ich mir mit dem andern Campingzeug beim ersten Einkauf mitgekauft hab, nicht mehr fand, hab ich den L\u00fcfter nicht vor dem Lenkrad irgendwie montiert, sondern dahinter gestellt. Bekommt er ja eigentlich eh mehr Luft. <\/p>\n<p>Der eine vor ein paar Wochen mal gekaufte Verl\u00e4ngerungsschlauch l\u00e4sst sich auch gut verwenden,  passt zumindest sp\u00e4testens mit dem dabei gewesenen Eckverbinder gr\u00f6\u00dfenm\u00e4\u00dfig zu dem Schuhtrockner-Schlauch, somit kann ich einen von den Dingern verl\u00e4ngern.<\/p>\n<p>Ist aber trotzdem zu kurz bzw. dort, wo ich sie hin tat, nur wenig sinnvoll. Sp\u00e4ter tat ich den verl\u00e4ngerten Schlauch auf die Beifahrerseits und es schien mir sinnvoller. <\/p>\n<p>Aber ob das mit dem Heizer bei -15\u00b0 und k\u00e4lter was wird .. oder bei Schneefall reicht, dass der Schnee nicht liegen bleibt an Dach+Fenster .. wenn ich jetzt schon quasi volle Pulle heize .. wird wohl eher nicht zu schaffen sein.<\/p>\n<p>Ein Problem k\u00f6nnte evtl. sein, dass der Heizer ja fixe Temperatureinstellungen hat &#8211; d.h. wenn die Zuluft zu warm ist, muss er evtl. gar nicht so viel heizen, um auf die gew\u00fcnschten 60\u00b0 zu kommen und dann ist die Ausblasluft k\u00e4lter und wird gar nicht mit 750W gew\u00e4rmt? Nicht dass sich das nach 60\u00b0 anf\u00fchlen w\u00fcrden, aber durch die Rohre geht auf der L\u00e4nge ja auch Temperatur verloren &#8211; bzw. wird die Luft im Bereich der Rohre ja dadurch auch etwas gew\u00e4rmt, was ja ebenfalls positiv ist.<\/p>\n<p>Inwieweit nun so ein kleiner 700\/1300W oder so Auto-Heizer sinnvoller gewesen w\u00e4re? Schwer zu sagen. Den m\u00fcsste man dann halt w\u00e4hrend so eines Abends ggf. mal hier-, mal dorthin stellen. An den F\u00fc\u00dfen wird er zuviel sein, ohne dortige Position wirds aber dort nicht warm werden.<\/p>\n<p><a href='http:\/\/extra.inmontanis.info\/d\/74428-2\/DSC00479.jpg'><img src=http:\/\/extra.inmontanis.info\/d\/74427-3\/DSC00479.jpg \/><\/a><br \/>\n^ Standplatz am Campingplatz<\/p>\n<p><a href='http:\/\/extra.inmontanis.info\/d\/74432-2\/DSC00483_001.jpg'><img src=http:\/\/extra.inmontanis.info\/d\/74431-3\/DSC00483_001.jpg \/><\/a><br \/>\n^ Verl\u00e4ngerungsm\u00f6glichkeit der Schuhheizschl\u00e4uche, da hab ich die n\u00e4chsten Stunde bzw. Tage immer wieder experimentiert. Die Variante hat dann verloren.<\/p>\n<p>Die fehlenden Tourenski haben mir &#8220;im Keller&#8221; leider auch nicht so viel Platz wie gew\u00fcnscht gebracht &#8212; ich f\u00fcrchte, der Karton vom Heizer, in dem ich 2 paar Schuhe rein hab (die im Beifahrerbereich waren und dort dann st\u00f6ren w\u00fcrden, wenn ich auf die Skischuhe t\u00e4glich Zugriff haben m\u00f6chte) und wo nat\u00fcrlich noch Platz w\u00e4re, ist wohl doch zu viel. Die Rohrverl\u00e4ngerung gef\u00e4llt mir aber, dadurch konnte ich beim Sitzen doch etwas Luft in Richtung Keller leiten.<\/p>\n<p>Allerdings hab ich auch noch etwas zu viel Lebensmittel \/ Naschsachen, die ich mal loswerden sollte.<\/p>\n<p><a href='http:\/\/extra.inmontanis.info\/d\/74436-2\/DSC00486_001.jpg'><img src=http:\/\/extra.inmontanis.info\/d\/74435-3\/DSC00486_001.jpg \/><\/a><br \/>\n^ Die Tourenski links sind nun am Dach, aber so wirklich reicht mir der Platz trotzdem nicht<\/p>\n<p>Tja, also entweder ich misch den Heizer dann ab und zu mit der Standheizung oder ich kauf mir noch einen zweiten (kleinen) Heizer .. <\/p>\n<p>Die Standheizung hat die Karosserie und das Armaturenbrett vorne ja auch etwas gew\u00e4rmt. Oder es ist auch heute k\u00e4lter, der K\u00fchlschrank hatte Abends noch nie so wenig angezeigt: nur  2\u00b0 Innentemperatur im K\u00fchlschrank .. Lt. Wetterbericht soll es -11\u00b0 haben. <\/p>\n<p>Nach dem Essen und einigen Minuten Standheizungsbetrieb sah es im Grunde schon besser aus mit der W\u00e4rme &#8211; so lang man nicht bestimmte Bereiche in Bodenn\u00e4he angreift. Da w\u00e4r der kleine Autoheizer im Bodenbereich vielleicht doch eine Option. Auf Stufe 1 700W zumindest nachmittags\/abends im Fahrerfu\u00dfraum laufen lassen zus\u00e4tzlich zu dem Schuhtrockner, den ich dann mit verl\u00e4ngerten Schl\u00e4uchen im Beifahrerbereich heizen lassen?<\/p>\n<p>Oder eine Heizdecke mit 120W, die ich dann im Bereich unter die F\u00fc\u00dfe lege?<\/p>\n<p>G\u00e4be es beides hier in Leira bei diversen Anbietern um\/ab die 30 \u20ac.  Bei dem Autoheizer (Kup\u00e9varmer auf Norwegisch) gibts ja nirgends eine Temperatursteuerung, weshalb ich die ja grunds\u00e4tlich eher au\u00dfer Acht gelassen hab &#8211; mittlerweile hab ich bei den Beschreibungen gelesen, dass die Heizleistung reduziert wird, wenn es warm ist. D.h. irgendwo ist ein Thermostat fix eingebaut, das von selbst die Temperatur runterregelt, ohne dass man was verstellen k\u00f6nnte &#8211; und tendenziell ist es im Bereich des Heizers ja zwangsl\u00e4ufig w\u00e4rmer? Insb. wenn ich das unten im Fahrerfu\u00dfraum stellen m\u00f6chte bleibt ja vermutlich doch die meiste W\u00e4rme in dem Bereich und geht nicht unter den Sitz nach hinten weiter? Aber eine Heizdecke kann ich da unten auch nicht durchlegen und je nach Gr\u00f6\u00dfe ist die ja auch etwas unhandlich bzw. braucht zum Verstauen dann mehr Platz..<\/p>\n<p>Hab noch den altbekannten Abluftschlauch an ein Ende geh\u00e4ngt.<\/p>\n<p>Die Anleitung f\u00fcr diese Autow\u00e4rmer ist auch etwas eigenartig .. steht da doch drin:<br \/>\n&#8220;Das Ger\u00e4t niemals so anbringen, dass die Luft nach unten oder gegen den Sitz geblasen wird&#8221; .. zus\u00e4tzlich zu den 30cm Mindestabstand &#8211; aber warum denn nicht? Evtl. weil dann der Temperatursensor zu fr\u00fch abschaltet, weil die Hitze in dem Bereich bleibt? <\/p>\n<p>Vor dem ganz nach vorn gestellten Fahrersitz sind ja auch noch Pedale und Schuhe. Wo soll ich da \u00fcberhaupt einen Heizer hinstellen und dann 30cm Abstand einhalten und nach oben blasen?! Bl\u00f6derweise ist unterm Sitz diese Lithium-Batterie vom Start\/Stopp-System, macht ja auch wenig Sinn, die Batterie mit voller Wucht zu beheizen &#8211; und was dann noch nach hinten geht?<\/p>\n<p>Vielleicht den Schuhtockner auf den boden und dann die rohre nach hinten durchf\u00e4deln, aber das nevt ja auch jeden Tag.<\/p>\n<p>Aber so eine 120W-Heizdecke wird vmtl. auch nicht die L\u00f6sung sein. Maximal mit Standheizung trotzdem noch dazu .. ?!<\/p>\n<p>Um 20.45 doch mal Z\u00fcndung eingeschaltet: -12\u00b0 drau\u00dfen. Heut also k\u00e4lter als die letzten Tage, Ok, wenigstens etwas, das die Lage heute erkl\u00e4rt.<\/p>\n<p><a href='http:\/\/extra.inmontanis.info\/d\/74440-2\/DSC00493_001.jpg'><img src=http:\/\/extra.inmontanis.info\/d\/74439-3\/DSC00493_001.jpg \/><\/a><br \/>\n^ Links die Stromzufuhr. Rechts die \u00fcbliche Scheibenvereisung hinter den Schaumstoffmatten. Solang man die Scheiben mit Schaumstoff versehen muss, um mehr W\u00e4rme im Innenraum zu lassen, wird man den Schnee dort nie wegbekommen.<\/p>\n<p>Aber bitte, nochmal bedenken: Au\u00dfen an den Scheiben sind -12\u00b0, mal mehr, mal weniger. Innen an den Scheiben liegt diese d\u00fcnne Schaumstoffmatte und dahinter hab ich Lufttemperatur mit manchmal \u00fcber 25\u00b0 (z.B. auch bei aktivierter Standheizung zuvor). Aber trotzdem ist da immer Eis auf der Innenscheibe der Fenster. Diese Schaumstoffmatten halten die K\u00e4lte also schon sehr gut ab.<\/p>\n<p><a href='http:\/\/extra.inmontanis.info\/d\/74444-2\/DSC00498_001.jpg'><img src=http:\/\/extra.inmontanis.info\/d\/74443-3\/DSC00498_001.jpg \/><\/a><br \/>\n^ Man testet und verlegt hin und wieder die Heizschl\u00e4uche anders. Messger\u00e4t vorne: 12% Luftfeuchte<\/p>\n<p>Nachts entschied ich mich fur die gewohnte Zwei-Decken-L\u00f6sung, falls der Heizer ausf\u00e4llt und leitete die Heizstr\u00f6me in Bodenrichtung,  L\u00fcfterstufe 2, also eher leise.<\/p>\n<p><strong>29.11.2021<\/strong><\/p>\n<p>Die Nacht verlief entt\u00e4uschend. Um 4 Uhr waxhte ich auf &#8211; nicht weil es mir zu kalt, sondern zu leise war: Der Heizer hatte sich ausgeschaltet. Waurm? \u00dcberhitzt? Timer-Abschaltung, obwohl die 10h-LED dauerhaft schienen? (Einige Tage sp\u00e4ter vom Support: Die Stundeneinstellung z\u00e4hlt nicht runter, den Countdown wirds erst in einer neuen Version geben.)<\/p>\n<p>Ich schaltete ihn also wieder ein. Trotz 60\u00b0 Einstellung war der Luftstrom aber auch um 7 Uhr noch maximal handwarm und auch am Ger\u00e4t nicht w\u00e4rmer. Hat also auch diese Anzeige nicht funktioniert?<\/p>\n<p>Mein K\u00fchlschrank stand \u00fcbriegns auf -4\u00b0, aber die Sachen waren noch nicht gefroren.<\/p>\n<p>Im Arbeitsmodus morgens ab 8 Uhr hatte ich den Heizer aufs Armaturenbrett gelegt &#8211; etwas, das ich die n\u00e4chsten Tage auch nicht mehr machte, er stand hinterm Lenkrad einfach besser.<\/p>\n<p>Und ok .. es waren heute fr\u00fch drau\u00dfen -16\u00b0 .. da w\u00e4r&#8217;s halt umso sch\u00f6ner gewesen, wenn der Heizl\u00fcfter die ganze Nacht korrekt funktioniert h\u00e4tte .. Innenminimum \u00fcbrigens +4\u00b0. Was ja eigentlich OK w\u00e4re.<\/p>\n<p>Ob ich bei den Temeraturen heute Skifahren will? Und hat das mit der Saisonkarte hier einen Sinn, wenn ggf. die n\u00e4chsten 2 Wochen au\u00dfer an den WE, wo evtl. 1-2 andere Skigebiete aufsperren k\u00f6nnten, nur dieser eine kurze Lift in Betrieb ist, bevor die t\u00e4glichen Betriebe anfangen? Bin mal die \u00d6ffnungszeiten durchgegangen. Teilweise WE-Betrieb vor den Ferien ab 18.12., aber nur wenn Schnee liegt und ggf. nur teilweise und somit beides eher unsicher. Selbst Valdres, die heute aufmachen wollen, schreiben nichts, ob sie dann eigentlich t\u00e4glich offen sind..<\/p>\n<p>Alles in Allem scheint das doch wenig lohnenswert zu sein f\u00fcr die n\u00e4chsten 3 Wochen bis 18.12. &#8211; mit Pech ggf. fast t\u00e4glich nur der eine Lift, falls bis dahin nicht mehr Schnee f\u00e4llt? Nat\u00fcrlich k\u00f6nnte man auch die Woche hier bleiben, dann wo anders hin und sp\u00e4ter nochmal retour &#8211; aber wenn dann im Januar \u00fcberall mehr offen hat, brauch ich nicht hier 2 Wochen zu bleiben um die Saisonkarte noch reinzufahren?<\/p>\n<p>Die Einkaufsliste f\u00fcr heute Nachmittag? 2. Heizer _und_ Heizdecke f\u00fcr den Boden.<\/p>\n<p>&#8220;Denne uken har alpine treningsgrupper booket bakken&#8221; steht nun auf einem Text auf dem heute \u00f6ffnenden Skigebiet und ich denke, ihr werdet es euch aus Deutsch und Englisch zusammenreimen k\u00f6nnen, wenn ich euch sage, das uke oder veke oder \u00e4hnliches in Skandinavien &#8220;Woche&#8221; hei\u00dft. Also dann wohl unter der Woche nur f\u00fcr Renngruppen offen? Dann hat sich das ja gekl\u00e4rt mit der Saisonkarte. Norwegen nervt.<\/p>\n<p>Die ca. 4x 15min Standheizung gestern Abend \/ heute Morgen (plus bissl LED-Licht) haben ca. 10A von der Batterie gezogen. Die war dann zu Mittag auf 0,2\u00b0 und w\u00fcrde also ggf. nicht mehr laden momentan.<\/p>\n<p>Heute dann auch mal endlich eine der Winterjacken rausgekramt .. ja, bisher immer noch die d\u00fcnne Sommerjacke angehabt. Man braucht ja noch etwas Puffer f\u00fcr die wirklich kalten Tage.<\/p>\n<p>Ein reinweisses Laken oder K\u00fcchentuch f\u00fcr den Projektor fand ich heute nicht. H\u00e4tte ich in Schweden letztes Jahr mal nicht das Bettlaken f\u00fcr die Hostels in Dunkelblau gekauft :)<\/p>\n<p>Gegeben h\u00e4tte es im Europris ein weisses Spannbettuch um ca. 13 \u20ac, Geschenkapierrollen (die k\u00f6nnten ja auf der R\u00fcckseite auch wei\u00df sein) um 2,50 \u20ac oder diverse Malerleinw\u00e4nde um 6-13 \u20ac je nach Gr\u00f6\u00dfe &#8211; halt nicht 16:9 passend, daf\u00fcre evtl. der Vorteil, dass es dank Rahmen leichter aufzustellen w\u00e4re. Die g\u00fcnstigste (ohne Rahmen, stabiler Kartonhintergrund) hatte aber leider ein bl\u00f6deres Muster (l\u00e4ngsgerippt), die anderen waren eher leinengerippt. Man k\u00f6nnte den Leinenstoff auch wegtun vom Rahmen und irgendwie aufh\u00e4ngen. Kleine Haken hab ich ja dabei, m\u00fcsste ich nur in den Dachhimmel schrauben.<\/p>\n<p>Ein Hemd \/ Shirt vielleicht? Am Ausgang gab es 50x75cm Packpapier &#8211; w\u00fcrd auch gehen nur wie fixieren? Und halt sehr d\u00fcnn.<\/p>\n<p>Beim zweiten Durchgang hab ich noch Fotoposter \/ gedruckte Fotocanvasbilder gesehen, die waren mit 40&#215;60 auch vom Format her etwas besser (als die 40&#215;40 leeren Leinw\u00e4nde) und das g\u00fcnstigste Bild gab es um 5 \u20ac. Nahm ich dann mit. Muss ich halt die Leinwand runtertun und dann die unbedruckte, wei\u00dfe R\u00fcckseite verwenden.<\/p>\n<p>Jetzt hab ich dann ernsthaft bald keinen Platz mehr im Auto. Besonders die Heizdecke ist doch sehr platzverschwendend. Klar, die kann man auch einfach nur einmal am Boden ausbreiten und fertig. Bl\u00f6derweise hat die 2 Stromkabel, da m\u00fcsst ich dann den einen kleinen Steckdosenverteiler von daheim anschlie\u00dfen. <\/p>\n<p>Nachdem ich vom Campingplatz ca. 12km zu Biltema und dann in dem Areal zu Europis, zu Clas Ohlsen und zu Kiwi gefahren bin, was macht da mein Auto? Nachdem es monatelang problemlos angesprungen ist, seitdem der Schwede mir den Notfall-Startknopf in den Motorraum eingebaut hat? Richtig. Es macht keinen Muck beim bet\u00e4tigen des Startknopfes. F\u00e4ngt also das Problem auch wieder an, na nerv!<\/p>\n<p>Nunja, so konnte ich heute endlich mal den Zusatzstarter im Motorraum austesten, ob er funktioniert, wenn der andere nicht funktioniert: Und ja, er tat es. Ganz kurz dr\u00fccken und Motor springt an. Also umst\u00e4ndlich, aber wenigstens kein wirkliches Problem.<\/p>\n<p><a href='http:\/\/extra.inmontanis.info\/d\/74448-3\/DSC00499_001.jpg'><img src=http:\/\/extra.inmontanis.info\/d\/74447-4\/DSC00499_001.jpg \/><\/a><br \/>\n^ Kleine (Geschirr-) B\u00fcrste gekauft, um die Schuhe vom Schnee zu befreien. Egal ob ich Schnee reintrage oder nicht, die Luftfeuchtigkeit will nicht steigen. Auch nicht nach dem Trocknen der Handt\u00fccher. Wo geht die nur hin? Hab ich mittlerweile irgendwo einen Wassersee oder eine ganze Eissicht? Das w\u00e4r ja auch bl\u00f6d, wenn mir das Eis aus dem Kondenswasser nach und nach die Notfallluft\u00f6ffnungen verstopfen w\u00fcrde &#8230; <\/p>\n<p>Am Campingplatz stellte ich den neuen, kleinen Heizer unter\/vor die Pedale und stellte ihn erst mal nur auf Stufe 1, also 500W, l\u00e4uft wesentlich leiser als der Schuhtrockner, also mit weniger Luftdurchsatz. Da merkte ich, als ich sp\u00e4ter hinterkam, gleich mal eine wohlige W\u00e4rme im hinteren Fu\u00dfraum, dass ich die Heizdecke mal noch nicht auspackte &#8211; wenn ich sie nicht brauch, geb ich sie zur\u00fcck&#8230;<\/p>\n<p>.. bleibt zu hoffen, dass<br \/>\na) der Bereich am Heizer nicht zu schnell zu warm wird und er deshalb die Temperatur abstelllt (Antwort aus der Zukunft: Nein.)<br \/>\nb) es der Lithium-Batterie unterm Sitz nicht zu warm wird (Antwort aus der Zukunft: Bisher ist sie nicht explodiert. Ist doch weit genug weg, scheint es.)<br \/>\nc) oder gar mir zu warm wird an den F\u00fc\u00dfen unterm Tisch? (Antwort aus der Zukunft: ja, das kommt vor. Hin und wieder schalt ich den Heizer aus.)<br \/>\nd) nachts es nicht zu warm wird (Antwort aus der Zukunft bei bisher nur einem einzigen Nachtbetrieb: Nein. War wohl schon sinnvoll, nur den g\u00fcnstigeren 500\/1000er bei Clas Ohlsen und nicht den 700\/1200er bei Biltema zu kaufen)<\/p>\n<p><a href='http:\/\/extra.inmontanis.info\/d\/74456-3\/DSC00502.jpg'><img src=http:\/\/extra.inmontanis.info\/d\/74455-4\/DSC00502.jpg \/><\/a><br \/>\n^ Der kleine 500\/1000W-Heizer (bisher nur mit 500W Stufe 1 verwendet) im Fu\u00dfraum brachte dann endlich die gew\u00fcnschte W\u00e4rme. Die Luft wird ziemlich komplett unterm Sitz durchgeleitet, vorne wird&#8217;s maximal weniger kalt.<\/p>\n<p><a href='http:\/\/extra.inmontanis.info\/d\/74452-3\/DSC00500.jpg'><img src=http:\/\/extra.inmontanis.info\/d\/74451-4\/DSC00500.jpg \/><\/a><br \/>\n^ Heizdecke mit leider 2 getrennten Stromanschl\u00fcssen. Dann doch nicht verwendet. Werd ich versuchen, zur\u00fcckzugeben. Bin mir auch nicht sicher, ob man die z.B. gefaltet verwenden sollte, damit es w\u00e4rmer wird..?!<\/p>\n<p>Die Octopus-Arme hab ich dann vorerst wie folgt verteilt:<br \/>\n.. Beifahrerfu\u00dfraum (einfach damit die Skischuhe nicht zu kalt werden und der Bereich auch etwas beheizt wird)<br \/>\n.. Mittelkonsole im Bereich Handbremshebel &#8211; sollte damit hoffentlich etwas die Liontron-Batterie w\u00e4rmen oder zumindest halt den Bereich dort unten<br \/>\n.. einer mal nach oben, ist aber bei Dauernutzung zu stark, weil das Ger\u00e4t und die Schl\u00e4uche ja schon im oberen Bereich vorne heizen<br \/>\n.. einer Beifahrerseitig nach hinten, mit beiden Verl\u00e4ngerungen. Ja, hab heut auch noch eine zweite Verl\u00e4ngerung gekauft, mit 15 \u20ac nicht grad g\u00fcnstig und auch nicht so lang, eigenlich fast zu kurz, komm immer noch nicht bis zum Kofferraum so. Aber auf jeden Fall besser als ohne.<\/p>\n<p>Es wurde dann recht schnell recht warm, aber ich hatte ja noch meine Kellerabteile &#8211; der K\u00fchlschrank stand auf -3\u00b0, also kann man sich denken, wie kalt der Boden jeweils sein muss. Im Sitzmodus ist die hintere Platte ja weg und als Tisch in Verwendung, so dass also von links K\u00e4lte um den Nullpunkt raufkam (auch im Fu\u00dfbereich, als die Kochplatte und der Kochtopf links von den F\u00fc\u00dfen weg war) und von rechts die warme Luft der beiden Heizer, insbesondere von dem unteren.<\/p>\n<p>Wenn ich noch eines oder beide Paar Ski auf der Seite weg und auf den Skitr\u00e4ger tu, k\u00f6nnte ich den Bereich dort vmtl. besser heizen, insb. vormittags, wenn das Bett aufgebaut ist. Oder noch eine zus\u00e4tzliche Verl\u00e4ngerung ..<\/p>\n<p>Zur Not h\u00e4tt ich auch noch den USB-L\u00fcfter vom Sommer, der entweder die warme Luft von vorne nach hinten oder die kalte von hinten nach vorne durchwirbeln k\u00f6nnte. Nachts und auch tags\u00fcber (beim Autofahren oder halt wenn das Bett unten ist) kommt in den Bereichen halt generell wenig bzw. so gut wie gar keine W\u00e4rme hin, woher auch. Kofferaum hinterm Schrank ist auch kalt. Oder man stellt den Schuhtrockner bei aufgebautem Tisch gleich nach hinten? Muss man halt ggf. mehrmals wieder umr\u00e4umen dann, zumindest wenn man mehrere Tage am selben Platz steht. Wenn man jeden Tag wegf\u00e4hrt, kann der Schuheizer ja eh nicht hinterm Lenkrad stehen bleiben.<\/p>\n<p>Heutiger Pastasaucentest: Erdnussbutter + Sojasauce + Kokosmilch (die hatte ich ja schon vor vielen Wochen gekauft) .. Frage ist nur, in welchem Verh\u00e4ltnis, wie viel jeweils? Hat mich jedenfalls nicht \u00fcberzeugt. Von einer Satay-m\u00e4\u00dfigen Sauce war das noch weit entfernt.<\/p>\n<p>Nachdem dann wieder beide Heizer liefen und die K\u00e4lte im unteren\/hinteren Bereich abgenommen hatte, hab ich den Schuhtrockner sogar runter regeln m\u00fcssen.<\/p>\n<p>Vielleicht k\u00f6nnte der neue alleine nachts sogar reichen .. wenn man sich sicher sein k\u00f6nnte, dass er nicht ausschaltet..? W\u00e4r jedenfalls wesentlich leiser ..<\/p>\n<p>Evtl. aufgrund meiner Nachfrage hat das Skigebiet Valdres heute die Info auf der Website erg\u00e4nzt, dass f\u00fcr Normalos also nur SA+SO offen ist (bis 18.12.) und unter der Woche nur f\u00fcr Trainingsgruppen. Tja, wenn sie das gleich so gepostet h\u00e4tten, dann h\u00e4tte ich 1. nicht hier fahren m\u00fcssen und mir 2. keine Gedanken \u00fcber eine Saisonkarte machen m\u00fcssen. Hunderte km also umsonst rumgefahren, na danke auch. <\/p>\n<p>Vielleicht kauf ich doch die Skistar-Saisonkarte? Hemsedal macht am Freitag auf und sp\u00e4ter k\u00f6nnte ich in Schweden ja auch noch mal problemlos eine oder zwei Wochen in Are sein. Klar, die anderen Skistar-Gebiete in Schweden mag ich nicht so besonders (S\u00e4len\/Vemdalen), aber Hemsedal und Trysil in Norwegen kenn ich noch nicht und k\u00f6nnten vielleicht ein paar nette Ecke haben. Andererseits sind die meisten Skistar-Gebiete, die ich bisher kenne, ziemlich komplett modelliert und modernisiert. Andererseits machen in Hemsedal (hier quasi um die Ecke) am 3.12. nur 2 kurze \u00dcbungslifte und die 8KSB auf. Auf so eine 8KSB hab ich ja schon wieder gar keine Lust. Und kostet halt 800 \u20ac nicht nur 500,- wie hier in Valdres. Verglichen mit anderen gebiets\u00fcbergreifenden Saisonkarten in Norwegen, von denen ich die n\u00e4chsten Tage \u00fcbrigens noch ein paar fand, aber auch wieder g\u00fcnstig.<\/p>\n<p>S\u00e4len und Are wollen wohl auch am 3.12. aufmachen. Vemdalen schon\/ erst seit 27.11. Mit dem SL, doch nicht mit der fu\u00dfrasterlosen SB.<\/p>\n<p>Hatte gegen 21 Uhr mal den Schuhtrockner ausgeschaltet und das Gef\u00fchl, dass der neue Heizer f\u00fcr die Nacht reichen k\u00f6nnte, auch in 500W-Einstellung. Allerdings war es unterm Sitz im Bereich der Start-Stopp-Batterie mittlerweile so warm, dass da ein bisschen was dagegen sprach. Sitzfl\u00e4che \u00fcbrigens hat sich nicht erw\u00e4rmt, also kommt schon ziemlich allles unten durch.<\/p>\n<p>Was die Leinwand angeht, naja, der Leinnestoff ist schon recht grob, dadurch wirkt das Handy-Bild wesentlich pixeliger, als es ist. Und zu klein f\u00fcr den projektor \u00fcber dem Kopf, auch man r\u00fcckt die Leinwand n\u00e4her. <\/p>\n<p><a href='http:\/\/extra.inmontanis.info\/d\/74460-3\/DSC00503_001.jpg'><img src=http:\/\/extra.inmontanis.info\/d\/74459-4\/DSC00503_001.jpg \/><\/a><br \/>\n^ Billigstes Bild \/ Leinwand genommen, 60x40cm<\/p>\n<p><a href='http:\/\/extra.inmontanis.info\/d\/74464-3\/DSC00504.jpg'><img src=http:\/\/extra.inmontanis.info\/d\/74463-4\/DSC00504.jpg \/><\/a><br \/>\n^ .. hat aber hinten so eine unpassende Leiste, die noch dazu geklammert ist und somit nicht einfach zu entfernen ist.<\/p>\n<p><a href='http:\/\/extra.inmontanis.info\/d\/74468-3\/DSC00507.jpg'><img src=http:\/\/extra.inmontanis.info\/d\/74467-4\/DSC00507.jpg \/><\/a><br \/>\n^ .. fast doch zu klein beim ersten Test mit dem Videoprojektor. Ich werd also entweder die Klammern l\u00f6sen und die Leinwand umst\u00fclpen, damit die wei\u00dfe Seite vorne ist , oder erstmal die Vorderseite mal mit dem Packpapier \u00fcberdecken. Grad nicht so eilig, wird verschoben.<\/p>\n<p>Interessant k\u00f6nnte auch eine Zeitschaltuhr sein &#8211; Schuhheizer die Nacht durchlaufen lassen und dann morgens statt sonst die Standheizung dann den neuen Bodenheizer 10min vor dem Aufstehen einschalten .. oder eine Steckdose mit Fernbedienung.<\/p>\n<p>Temperatur gegen 21:30 oder so waren 23,8\u00b0 und um 22:30 dann 22,1\u00b0 mit nur dem unteren 500w heizer. Fast zu warm f\u00fcrs Bett, da reicht mir ja die d\u00fcnne Decke, wenn es nicht wieder zu kalt wird. So warm wie heute wars ja schon Wochen lang nicht mehr im Auto.<\/p>\n<p>Aber heut erst nochmal den lauteren Schuhheizer testen..<\/p>\n<p><strong>30.11.2021<\/strong><\/p>\n<p>Nachts nur den Schuhheizer verwendet. Morgens dann 12\u00b0 lt. Thermometer und nur noch lauwarme Luft kam raus. F\u00fchlte sich aber eigentlich warm genug an vom warmen Bett aus kommend. Evtl. regelt er also die Temperatur zu schnell ab, wenn der L\u00fcfter nicht stark genug l\u00e4uft?<\/p>\n<p>\u00dcber Nacht hatte es ca. 5cm geschneit. Da ich noch keine Zeit f\u00fcr die weiteren Planungen hatte, blieb ich heute am Campingplatz stehen.<\/p>\n<p><a href='http:\/\/extra.inmontanis.info\/d\/74472-3\/DSC00508.jpg'><img src=http:\/\/extra.inmontanis.info\/d\/74471-4\/DSC00508.jpg \/><\/a><br \/>\n^ Neuschnee \u00fcber Nacht<\/p>\n<p>Heizerstellung f\u00fcr morgens? Naja, der neue Heizer im Fu\u00dfbereich macht ja wenig Sinn, wenn er die Luft nach hinten bl\u00e4st und ich mit den F\u00fc\u00dfen die W\u00e4rme vorne brauch. Also dann mal 2, mal 3 von den Octopus-Armem nach unten geleitet, der neue stand dann hinter mir auf dem Bett und erw\u00e4rmte den oberen Bereich, mal vorne, mal hinten, fast wieder zu intensiv in dem Bereich. K\u00f6nnte gerne einen etwas schnelleren L\u00fcfter haben. Wegen des kurzen Kabels bin ich aber, was seinen Standort angeht, eingeschr\u00e4nkt.<\/p>\n<p>Wobei ich ja etwas mit verdeckten Fenstern und ge\u00f6ffneten Fenstern spielen kann. Brauch eh etwas Sauerstoff, vielleicht f\u00fchl ich mich deshalb heute Morgen etwas ger\u00e4dert..<\/p>\n<p>Au\u00dfentemperatur gestern Nachmittag -14\u00b0, heute Morgen -9\u00b0.<\/p>\n<p>Interessant auch, den Schnee von unten beim Abtauen anzusehen &#8211; also auf der Windschutzscheibe so im Laufe der morgendichen Stunden. Wenn die Schneek\u00f6rner von unten, von der Scheibe aus erw\u00e4rmt werden und sich verfl\u00fcssigen, schaut das etwas aus wie Kohlens\u00e4ure in einem Getr\u00e4nk, prickelnd.<\/p>\n<p>Unbeheizt blieben heute Morgen jedoch die Skischuhe, die im Beifahrerfu\u00dfraum stehen. Die m\u00fcssten nat\u00fcrlich an Skitagen auch noch beheizt werden, entweder in dem ich dann im Laufe des Vormittags mal zwei von den Octopus-Armen in die Skischuhe stecke oder mit meinem alten Schuhheizer &#8211; aber dann hab ich noch ein Stromkabel und ein Teil mehr rumfliegen .. (aktuell liegt der im Kofferraum weit unten)<\/p>\n<p><a href='http:\/\/extra.inmontanis.info\/d\/74476-3\/DSC00510.jpg'><img src=http:\/\/extra.inmontanis.info\/d\/74475-4\/DSC00510.jpg \/><\/a><br \/>\n^ Am Campingplatz<\/p>\n<p>Heute den Motor also nicht gestartet &#8211; keine Ahnung, ob er anspringen w\u00fcrde. Stattdessen mal wieder geduscht um 10,- NOK, gilt dann 6 Minuten. Reicht mir nat\u00fcrlich. Man m\u00fcsste ja meinen, dass einem nach dem Duschen das wochenlang getragene (und t\u00e4glich etwas ausgespr\u00fchte) Unterhemd+Pullover stinkig vorkommt? Tat es jedenfalls nicht.. <\/p>\n<p>\u00dcberigens, Waschmaschinenbenutzung w\u00fcrde 50 NOK kosten &#8211; und der Trockner ebensoviel. Na da wart ich mal noch ab, h\u00e4tte momentan ja nicht so viel zu waschen. OK, Decke und Schlafsack k\u00f6nnten es wohl schon mal vertragen..<\/p>\n<p>In die Erdnusbutter-Kokosmilch-Sojasauce hab ich heut noch ein paar R\u00f6stzwiebeln rein, war schon besser, aber immer noch nicht das Wahre. Noch etwas s\u00fc\u00dfer Senf aus Schweden hat die Sache positiv aufgepeppt &#8211; wenn auch keine Variante f\u00fcr jeden Tag. Morgen probier ich&#8217;s mal mit dem karamellisierten Ziegenk\u00e4se.<\/p>\n<p>Hab mich noch sehr mit schaltbaren Steckdosen besch\u00e4ftigt, also genauer gesagt, Zeitschaltuhren, fernbedienbare Steckdosen und Smart-Plugs.<\/p>\n<p>Zeitschaltuhren mit Fernbedienung scheints leider nicht zu geben, zumindest nicht hier zu kaufen.<\/p>\n<p>Vorteil Zeitschaltuhr: Ich kann (und muss) sie jeden Tag kurz zur Aufstehzeit programmieren, also so wie meine Standheizungszeitschaltuhr, oder kann vorhandene Timer nutzen, wenn ich am n\u00e4chsten Tag zur selben Uhrzeit aufstehe, und kann via Schalter\/Taster an der Steckdose den Heizer ein\/ausschalten, wenns mir abends zu warm wird.<\/p>\n<p>Nachteil Zeitschaltuhr: Nicht jede merkt sich vmtl. stundenlang die Uhrzeit und eingestellten Timer, wenn kein Strom l\u00e4uft (weil unterwegs) &#8211; und m\u00fcsste dann ggf. neu programmiert werden, samt Uhrzeiteinstellung. W\u00e4re umst\u00e4ndlich. Und: Wenns mir Nachts zu kalt ist, muss ich zur Zeitschaltuhr krabbeln, um den Heizer einzuschalten.<\/p>\n<p>Vorteil Smart Plug: Man kann mittels Handy-App sowohl ferngesteuert Ein-\/Ausschalten und normalerweise auch Timer setzen, zudem kompaktere Bauart, da die Zeitschaltuhren und auch die meisten fernbedienbaren Steckdosen ja noch ein Teil dran h\u00e4ngen haben.<\/p>\n<p>Nachteil Smart Plug: Braucht ein aktives WLAN und Internetverbindung. Ich hab hier oft wechselnde Hot-Spots an den Handys oder auch mal keine aktiv, wenn ich zu einem \u00f6ffentichen WLAN verbunden bin. Au\u00dfer die Philips Hue Steckdose, die statt WLAN nur mit Bluetooth funktionieren. Allerdings gibts in letzter Zeit fast nur noch negative Reviews im Google Play Store und lt. Anleitung soll man die nur f\u00fcr Lampen verwenden. Zudem (egal ob BT oder WLAN) m\u00fcsste ich dann f\u00fcr jedes Ein\/Ausschalten (auch vom Bett aus) extra die App \u00f6ffnen.<\/p>\n<p>Vorteil fernbedienbare Steckdose: Eigene Fernbedienung ohne irgendwas dazwischen, Steckdose Ein- oder Ausschalten mit einem Knopfdruck, fertig. Auch im Halbschlaf durchzuf\u00fchren.<\/p>\n<p>Nachteil fernbedienbare Steckdose: Man kann keinen Timer setzen. Also m\u00fcsste ich morgens zum Aufstehen nach dem Weckerklingeln die Steckdose per Fernbedienung einschalten und erst dann noch etwas weiter d\u00f6sen bis zum zweiten oder dritten Weckerklingeln. Au\u00dferdem h\u00e4tte ich so eine Steckdose vermutlich irgendwo daheim rumliegen, glaub schon vor \u00fcber 20 Jahren mal beim Conrad gekauft. Und sie sind wohl derzeit hier in der Gegend nur im 3er Pack zu bekommen, also 2 Teile unn\u00f6tig mehr zu verstauen &#8230;<\/p>\n<p>Da ich aber heute Abend mehrmals den Heizer im Fu\u00dfraum ausschalten musste, weil es mir sonst zu warm an den F\u00fc\u00dfen wurde, brauch ich da was. Immer Steckerziehen ist auch umst\u00e4ndlich.<\/p>\n<p>Da ich daher aber mal wieder zu nix anderem gekommen bin, bleib ich halt noch eine Nacht auf diesem Campingplatz. Einkaufen dann erst wenn ich wegfahr. Werd ich halt Limo aus Leitungswasser machen. Hab ja so Geschmacks-Aroma-Fl\u00e4schchen aus Schweden dabei (sie Sirup zu nennen, w\u00e4re falsch, hab ich bisher auch nur im Dollarstore gesehen).<\/p>\n<p><strong>1.12.2021<\/strong><\/p>\n<p>Tja.. meinte ich gestern Morgen noch, dass etwas lauwarme Luft aus dem Schuhheizer kam, war sie heute doch eher ganz kalt? Jedenfalls war es heute k\u00e4lter, 6\u00b0. Besser als 0\u00b0 ohne Heizer, aber trozdem, das Zeug ist fehlerhaft, wenn es irgendwann die Heizung abschaltet. Werd denen mal eine E-Mail schreiben. Aus- Einschalten scheint die Heizwirkung wieder zu verbessern. Au\u00dfer es liegt daran, dass die Luft durch den unteren Heizer nun schon etwas erw\u00e4rmt war..? Evtl. sollte ich einen Arm in Richtung Lufteintritt vom L\u00fcfter richten, damit nicht zu kalte Luft eingezogen wird?<\/p>\n<p>Alterntaiv dann n\u00e4chste Nacht mal den unteren Heizer die Nacht laufen lassen. Dann h\u00e4tte sich das Thema Zeitschaltuhr\/Fernbedienungssteckdose auch irgendwie erledigt? <\/p>\n<p>Jedenfalls, der Schuhheizer, wenn der l\u00e4uft und ich den Stecker raus- und wieder reintu, l\u00e4uft er nicht. Also auch nach einem Stromausfall w\u00fcrde der nicht weiter heizen, wo er aufgeh\u00f6rt hat. Das ist ja auch noch bedauerlich, erstens bei einem Stromausfall und zweitens w\u00fcrde auch hier eine fernbedienbare Steckdose nix helfen. Dann vielleicht doch generell den unteren Heizer die Nacht laufen lassen?<\/p>\n<p>Was ich ja nicht verstehe: Von morgens bis abends lief der Schuhheizer problemlos und heizte&#8230; Wobei ich schon ein bisschen meinte, das Geh\u00e4use w\u00e4re nachmittags weniger warm gewesen als zu Beginn&#8230;<\/p>\n<p>Es macht aber halt keinen Sinn, wenn der 750W haben soll, dass der sich dann morgens kalt anf\u00fchlt und aus dem 500W-Heizer am Boden kam gleich nach dem Einschalten warme Luft raus?!<\/p>\n<p>Drau\u00dfen waren es morgens aber auch wieder -16\u00b0&#8230; Es blieb den Tag \u00fcber kalt, abends hatte es -15\u00b0. Und im Bereich seitlich\/unterm Klo, wo tags\u00fcber kein direkter Heizstrahl hingeht, hatte es nachmittags, als ich hintergegangen bin, -3\u00b0. Tags\u00fcber hatte ich \u00fcbrigens 3 von den 4 Heizschl\u00e4uchen des Schuhheizers in den Fahrerfu\u00dfraum h\u00e4ngen gehabt &#8211; wirklich warm waren meine F\u00fc\u00dfe nie.<\/p>\n<p>Fazit nach den ersten Tagen jedenfalls: Wenn man die Standheizung nicht einschalten will, braucht man 2 Heizer, und zwar lieber 2 schw\u00e4chere Heizer, als einen st\u00e4rkeren Heizer. Es w\u00fcrde mir n\u00e4mlich nichts n\u00fctzen, den Heizer im Bodenbereich mit 1000W zu betrieben, weil die W\u00e4rme dann trotzdem nicht \u00fcberall da hingeht, wo sie hin muss. Anders s\u00e4he die Sache vielleicht mit dem Schuhheizer aus, wenn der 1000W h\u00e4tte und wirklich dauernd die 1000W heizen w\u00fcrde (wenn man ihn auf voller Leistung betriebe), wo ich ja aktuell meine Zweifel hab, dass der 750W dauerhaft heizt. Au\u00dfer die Heizkraft w\u00e4re auch direkt mit der L\u00fcfterdrehzahl verkn\u00fcpft und unabh\u00e4ngig von der Zuluft w\u00fcrden die 750W z.B. nur bei voller L\u00fcfterdrehzahl erreicht werden?<\/p>\n<p>Da ich heute die Fotos und Berichte der letzten Tage online stellen wollte, kam ich wieder nicht dazu, die weitere Fahrt zu planen, wo ich am WE Skifahren will und auf welchem Campingplatz ich dann dort oder auf dem Weg \u00fcbernachten w\u00fcrde. Also bleib ich morgen halt nochmal hier stehen. Mein Brot reicht zuf\u00e4lligerweise noch und die Nudeln ebenso.<\/p>\n<p>Ahja, Nudeln. Also, die heutige Erdnuss-Kokos-Soja-Sauce wieder ohne Zwiebel, daf\u00fcr 1. die Erdnussbutter anfangs besser verr\u00fchrt und 2. die Kokosmilch st\u00e4rker gesch\u00fcttelt und 3. karamellisierten Ziegenk\u00e4se rein. Hat auch gepasst.<\/p>\n<p>Heut abend testweise das Leinwandbild mit dem Packpapier versehen &#8211; waren 3 lagen, weil&#8217;s so d\u00fcnn ist.. abgesehen davon, dass es schon etwas verknittert war, ist das mit den Lagen ein Problem, weil das Licht durchgeht und von den hinteren Ebenen oder der Leinwand  reflektiert wird, so dass das bild unscharf ist au\u00dfer man dr\u00fcckt mit dem finger die Ebenen platt. Zudem verglichen mit der Leinwandr\u00fcckseite wesentlich abgeschw\u00e4chteres Bild. Was vielleicht daran liegt, dass die Leinwand recht gl\u00e4nzend ist und die Beleuchtung mehr reflektiert?!<\/p>\n<p>Position auch etwas schwierig, die Tasche an der Decke wird eher schief, wenn der Projektor drin ist und vom Winkel auch selten passend, zudem muss die Leinwand dann recht nah sein.<\/p>\n<p><a href='http:\/\/extra.inmontanis.info\/d\/74480-2\/DSC00513.jpg'><img src=http:\/\/extra.inmontanis.info\/d\/74479-3\/DSC00513.jpg \/><\/a><br \/>\n^ Leinwand testweise mit dem Papier bespannt, nicht optimal<\/p>\n<p>Email-Antwort vom Hersteller des Heizers: Ich soll mal das untere Teil mit den Schl\u00e4uchen weglassen, er vermutet eine \u00dcberhitzung. Also das kann ich ausschlie\u00dfen, das ist tags\u00fcber viel w\u00e4rmer dort.<\/p>\n<p>Aber es hat mir tats\u00e4chlich geholfen, etwas festzustellen: Die Luft ist generell k\u00e4lter bei Stufe 1-4 als bei 5, wenn ich kalte Luft (vom Boden) ansauge. Quasi nur lauwarm im Vgl. zu Stufe 5, das ist gef\u00fchlt mehr als doppelter Unterschied. Evtl. heizt er also nur mit um die 250-350W bei Stufe 1-4 und 750W nur bei der lauten Stufe 5?<\/p>\n<p>Nachfrage per EMail &#8211; Antwort am n\u00e4chsten Tag: Heizer vmtl. defekt, soll ihn austauschen lassen. Da der Hersteller in Hemsedal ist, was ja als eines der n\u00e4chsten Skigebiete \u00f6ffnet und ich sowieso dann dort bin, falls ich mir die Skistar-Saisonkarte kaufen sollte, ist das ja kein gr\u00f6\u00dferes Problem. (H\u00e4tte aber eher mit einer Antwort gerechnet, dass das Absicht ist, weil es sonst zu leicht \u00fcberhitzen w\u00fcrde, wenn die volle Heizleistung bei niedrigen L\u00fcferstufen erreicht w\u00fcrde..?!)<\/p>\n<p>Wenn ich das nur mal schon fr\u00fcher bemerkt \/ gewusst h\u00e4tte. Dann h\u00e4tte ich mir den 2. Heizer ja vielleicht sparen k\u00f6nnen &#8211; oder die Heizdecke statt des 2. Heizers h\u00e4tte gereicht.<\/p>\n<p>Heut nacht also mal nur den unteren Heizer angelassen&#8230;<\/p>\n<p><strong>2.12.2021<\/strong><\/p>\n<p>&#8230;. und die temperatur morgens war dann 13\u00b0. Geht auch. Insb. weil der Bodenbereich hinter und auch vor dem Fahrersitz dadurch in der Nacht nicht so kalt war wie sonst. <\/p>\n<p>Schwierig jetzt die Entscheidung, ob ich mir die Fernbedienbare Steckdosen kaufen soll  ..<\/p>\n<p>Der Schuhheizer auf voller Kraft macht jedenfalls ordentlich warm. Da reichen dann auch 2 Arme im Fu\u00dfbereich unterm Lenkrad um heute Vormittag keine kalten F\u00fc\u00dfe bekomme zu haben.<\/p>\n<p>Verdammt, wieso ist heute eigentlich schon Donnerstag? Morgen machen Skigebiete auf und ich hab noch keinen Plan und wenn ich erst morgen hier wegfahre, werde ich wohl nicht zum Skifahren am Freitag kommen, muss ja auch nochmal einkaufen, Supermarkt und dann auch die Heizdecke zur\u00fcckgeben .. wenn das geht ..<\/p>\n<p>Um 13.30 war ich mit der Skigebietsdurchsicht fertig, aber nicht wirklich schlauer. Es \u00f6ffnen fast \u00fcberall nur einzelne Anlagen, meistens leider die Sesselbahnen anstatt der Skilifte, selten liest man von g\u00fcnstigeren Preisen, schneien solls teilweise auch noch morgen+\u00fcbermorgen .. also nicht unbedingt wof\u00fcr man gerne einen Skipass zum vollen Preis ausgeben w\u00fcrde.<\/p>\n<p>Unterm Strich w\u00e4ren jetzt 2 Saisonkarten interessant:<br \/>\n&#8211; Die Winter+Sommersaisonkarte f\u00fcr Voss+Myrkdalen+Folgefonna. Damit k\u00f6nnte man n\u00e4chsten Fr\u00fchjahr\/Sommer auch am Folgefonna-Gletscher fahren. Allerdings wei\u00df ich ja nicht, ob ich dann nach Norwegen einreisen darf &#8211; oder ob ich als auss\u00e4tziger Nichtgeimpfter \u00fcberhaupt noch irgendeine Landesgrenze \u00fcbertreten werde d\u00fcrfen &#8230;<\/p>\n<p>&#8211; oder eben die Skistar-Wintersaisonkarte, weil sie einerseits preislich f\u00fcr Norwegen nicht schlecht ist und sie in ca. 2 Skigebieten in Norwegen (Hemsedal+Trysil) und ca. 3 in Schweden gilt (eigentlich etwas mehr) und ich ja schon davon ausgehe, dass ich zumindest in Schweden und somit auch in \u00c5re die Wintersaison werd bleiben k\u00f6nnen. Negativ halt, dass das zumeist durchgestylte, hochmodellierte und\/oder moderne Industriegebiet sind &#8211; au\u00dfer einigen wenigen Ecken.<\/p>\n<p>Etwas besseres Wetter sollte es in Trysil dieses WE geben. Dort w\u00e4re ich letzte Woche ja fast vorbei gekommen, als ich nochmal kurz nach Schweden r\u00fcber bin. Insofern bl\u00f6d, dass ich mich durch diese Saison\u00f6ffnungsmeldung von Valdres usw. hab hinreissen lassen, in diese Gegend zu fahren, wo ich gerade bin. Und Trysil halt genau in Gegenrichtung wieder ist, am Rande von Norwegen, wo sonst in K\u00fcrze  wohl nichts weiter aufsperren wird. 258km von hier nach Trysil den selben Weg retour, den ich letzte Woche hier hin gefahren bin. Sogar nach Voss w\u00e4re es von hier aus n\u00e4her ..<\/p>\n<p>Vgl. \u00d6ffnung Trysil vs. Hemsedal, sofern Daten und Bilder auf skiresort korrekt sind:<\/p>\n<p>Hemsedal: 1x 8KSB (ohne Haube, 1339m, 456hm) + 2 \u00dcbungslifte (darunter 1 KSSL mit 170m?!), jeweils eine Abfahrt, k\u00f6nnt ich morgen noch etwas fahren, weil nur 1h entfernt, aber es soll morgen Nachmittag eh schneien<\/p>\n<p>Trysil: 1x 6KSB (ohne Haube, 2108m, 385m) mit 2 Abfahrten + 1 \u00dcbungslift (600m) und es soll morgen und \u00fcbermorgen nicht schneien, sondern vielleicht ein bisschen Sonne geben<\/p>\n<p>Interessantere SL und l\u00e4ngere KSB und besseres Wetter in Trysil, (Mini-) KSSL im n\u00e4heren Hemsedal. Boah, schwierig.<\/p>\n<p>Oder ich geh davon aus, dass n\u00e4chstes WE eh auch noch nix sinnvolleres \u00f6ffnet und fahr 1 Woche Trysil und 1 Woche Hemsedal?! Umgekehrt macht es wohl auch nicht mehr Sinn..<\/p>\n<p>Geil. Bzw. eher ungeil: Es gibt Campingpl\u00e4tze, die verlangen im Winter mehr als im Sommer. In der N\u00e4he von Skigebieten. Und zwar richtig viel. 54 \u20ac in der Nebensaison und 71 \u20ac in der Hochsaison. F\u00fcr einen Standplatz, Strom und Dusche immerhin inklusive. Der in Trysil direkt im Skigebiet. Ok, in der Hochsaiosn werd ich mir eh die kleinen Skigebiete suchen, die sonst nur an den Wochenenden offen haben.<\/p>\n<p>Etwas weiter weg: 45 \/ 60 \u20ac. Einen dritten f\u00fcr 30 \u20ac pro Nacht lt. Website, angemailt, die haben erst am Sonntag wieder offen und verlangen dann 40 \u20ac pro Nacht. Inkl. Strom und Dusche. 40 \u20ac pro Nacht f\u00fcr einen Parkplatz mit Stromanschluss, WC- und Duschben\u00fctzung. Alter Verwalter. <\/p>\n<p>Na sowas, die Kokosmilch war heute gefroren im K\u00fchlschrank. Obwohl er wie die letzten Tage nur -1\u00b0 anzeigt .. Vmtl. ists am Boden dort doch k\u00e4lter. Hab aber sogar gestern den Deckel etwas offen gelassen. Sojasauce ist mal nicht gefroren und Marmelade gestern Nacht eigentlich auch nicht ..<\/p>\n<p><a href='http:\/\/extra.inmontanis.info\/d\/74484-2\/DSC00516.jpg'><img src=http:\/\/extra.inmontanis.info\/d\/74483-3\/DSC00516.jpg \/><\/a><br \/>\n^ Der USB-L\u00fcfter leistet nun auch seine Dienste am Verteilen der W\u00e4rme bzw. dem Vertreiben von K\u00e4lte in manchen Ecken. Tags\u00fcber stand er heute am Klo und erw\u00e4rmte die Luft zwischen WC und T\u00fcr.<\/p>\n<p>Da hockt man tagelang im Auto und kommt auch mit nichts wirklich weiter, weil man wieder ewig lange Blogeintr\u00e4ge verfasst. Morgen machen Skigebiete auf (neben Hemsedal und Trysil auch z.B. Kvitfjell und Voss und Myrkdalen und Norefjell) und ich bin nirgends am Start. Ich werde diesen Bericht daher ausnahmsweise kein zweites Mal Korrektur lesen. Und mich hoffentlich bald endlich mal k\u00fcrzer fassen.<\/p>\n","protected":false},"excerpt":{"rendered":"<p>28.11.2021 (Teil 2)<\/p>\n<p>Am Camingplatz angekommen angerufen, weil keiner da, mir wurde dann gesagt, wo ich mich hinstellen soll. Hier waren schon mal nur Schuko-Steckdosen &#8211; werd ich also gleich mal das Adapterkabel brauchen und irgendwie h\u00e4ngen lassen m\u00fcssen &#8211; m\u00f6ge das wasserdicht sein&#8230;<\/p>\n<p>Gratis WIFI gibt&#8217;s auch + See\/Flussblick (ungefroren zumindest noch). Dann sind <a href=\"http:\/\/blog.inmontanis.info\/?p=7298\">[&#8230;]<\/a><\/p>\n","protected":false},"author":1,"featured_media":7300,"comment_status":"closed","ping_status":"closed","sticky":false,"template":"","format":"standard","meta":{"footnotes":""},"categories":[185,18],"tags":[],"class_list":["post-7298","post","type-post","status-publish","format-standard","has-post-thumbnail","hentry","category-2021-08-skandinavien","category-norwegennorway","odd"],"_links":{"self":[{"href":"http:\/\/blog.inmontanis.info\/index.php?rest_route=\/wp\/v2\/posts\/7298","targetHints":{"allow":["GET"]}}],"collection":[{"href":"http:\/\/blog.inmontanis.info\/index.php?rest_route=\/wp\/v2\/posts"}],"about":[{"href":"http:\/\/blog.inmontanis.info\/index.php?rest_route=\/wp\/v2\/types\/post"}],"author":[{"embeddable":true,"href":"http:\/\/blog.inmontanis.info\/index.php?rest_route=\/wp\/v2\/users\/1"}],"replies":[{"embeddable":true,"href":"http:\/\/blog.inmontanis.info\/index.php?rest_route=%2Fwp%2Fv2%2Fcomments&post=7298"}],"version-history":[{"count":1,"href":"http:\/\/blog.inmontanis.info\/index.php?rest_route=\/wp\/v2\/posts\/7298\/revisions"}],"predecessor-version":[{"id":7299,"href":"http:\/\/blog.inmontanis.info\/index.php?rest_route=\/wp\/v2\/posts\/7298\/revisions\/7299"}],"wp:featuredmedia":[{"embeddable":true,"href":"http:\/\/blog.inmontanis.info\/index.php?rest_route=\/wp\/v2\/media\/7300"}],"wp:attachment":[{"href":"http:\/\/blog.inmontanis.info\/index.php?rest_route=%2Fwp%2Fv2%2Fmedia&parent=7298"}],"wp:term":[{"taxonomy":"category","embeddable":true,"href":"http:\/\/blog.inmontanis.info\/index.php?rest_route=%2Fwp%2Fv2%2Fcategories&post=7298"},{"taxonomy":"post_tag","embeddable":true,"href":"http:\/\/blog.inmontanis.info\/index.php?rest_route=%2Fwp%2Fv2%2Ftags&post=7298"}],"curies":[{"name":"wp","href":"https:\/\/api.w.org\/{rel}","templated":true}]}}