{"id":7292,"date":"2021-11-28T19:19:02","date_gmt":"2021-11-28T18:19:02","guid":{"rendered":"http:\/\/blog.inmontanis.info\/?p=7292"},"modified":"2024-01-18T19:39:22","modified_gmt":"2024-01-18T18:39:22","slug":"24-11-28-11-2021-beitostolen-vaset-stavadalen-valdres","status":"publish","type":"post","link":"http:\/\/blog.inmontanis.info\/?p=7292","title":{"rendered":"24.11. -28.11.2021 (Beitost\u00f8len \/ Vaset \/ Stavadalen \/ Valdres)"},"content":{"rendered":"<p><strong>24.11.2021<\/strong><\/p>\n<p>Kleiner Zwischenhalt beim Pizzabakeren &#8211; diesmal nur ein Lunchmen\u00fc. Und kein Foto. Benzin heute mal \u00fcber 19,- und mal um\/unter 16,- NOK, aso 0,30-0,40 \u20ac Unterschied pro Liter, teilweise im selben Ort zur gleichen Zeit, krass.<\/p>\n<p>Einen Lackstift \/ Edding oder so zu bekommen, ist in Norwegen wohl auch nicht so einfach. Abgesehen von der richtigen \u00dcbersetzung f\u00fcr eine Onlinesuche und der gew\u00fcnschten Farbe, die n\u00e4mlich hell sein sollte (schwarz\/blau Permanentmarker hab ich n\u00e4mlich mal gesehen), damit ich diese bl\u00f6den schwarz auf schwarz nur leicht 3-dimensionalen Kn\u00f6pfe an den Lautsprechern deutlicher markieren k\u00f6nnte. Also in Wei\u00df oder jetzt in der Weihnachtszeit vielleicht in Silber oder Gold leichter zu finden? Nope. Nicht, da wo ich bisher war.<\/p>\n<p>Hm. Norwegen kann, was die Corona-Ma\u00dfnahmen angeht, leider ein ziemlicher Fleckerlteppich werden, da es wohl einzelnen Gemeinden (!) offen steht, z.B. sowas wie 3G-Regeln oder Maskenpflichten einzuf\u00fchren. Allerdings hab ich noch keine Website gefunden, die das gesammelt auflisten w\u00fcrde &#8211; und man kann ja nicht jeden Tag alle regionalen Websites durchschauen. Und man muss ja auch erst mal wissen, wo man sich gerade befindet, durchf\u00e4hrt bzw. dann demn\u00e4chst hin will, wo die Gemeindegrenzen verlaufen usw. Die Stadt Troms\u00f8 hat z.B. wohl schon mit 9.11. Maskenpflicht in Gesch\u00e4ften angeordnet.<\/p>\n<p>Zu den &#8211; nur f\u00fcr Renntrainings &#8211; offenen Skigebiete in Schweden gesellt sich mittlerweile auch: Fun\u00e4sdalen. (Das ist das mit der Parkgarage an der Gondel, wo ich im Fr\u00fchjahr und Herbst einige Male gestanden bin.)<\/p>\n<p><a href='http:\/\/extra.inmontanis.info\/d\/74344-2\/DSC00363.jpg'><img src=http:\/\/extra.inmontanis.info\/d\/74343-3\/DSC00363.jpg \/><\/a><br \/>\n^ Morgens nahe Lillehammer, sch\u00f6ne rote Wolken wie gestern Abend<\/p>\n<p><a href='http:\/\/extra.inmontanis.info\/d\/74348-2\/DSC00367.jpg'><img src=http:\/\/extra.inmontanis.info\/d\/74347-3\/DSC00367.jpg \/><\/a><br \/>\n^ Manchmal schaut&#8217;s in Norwegen wie in Schweden aus.<\/p>\n<p><strong>25.11.2021<\/strong><\/p>\n<p>Sp\u00e4t am Abend und auch nachts (dadurch wach geworden) gab es hier \u00e4u\u00dferst komische Ger\u00e4usche. Wie eine Mischung aus dumpfen, viel zu leichtem Donnergrollen, zu langsamen Kampfjets und Magenger\u00e4uschen, wobei die Ger\u00e4usche etwas unterschiedlich waren und entfernungsm\u00e4\u00dfig an- und abschwallen und nicht von einer Stra\u00dfe zu kommen schienen. Vielleicht eine Milit\u00e4rbasis hier in der Gegend und doch irgendwelche Testfl\u00fcge? F\u00fcr ein Bergwerk oder Tunnelbau macht das lauter\/leiserwerden ja keinen Sinn?! Wobei ich meine, dass es aus verschiedenen Richtungen kam und nicht immer von der selben. Wenn man nachts im Schlaf davon auwacht, h\u00e4lt man es aber eher f\u00fcr eine Invasion Au\u00dferirdischer &#8211; davon soll also das ganze Coronathema ablenken ;-) Naja, so manchmal hat man ja schon den Anschein, als w\u00e4ren die Politiker von Aliens \u00fcbernommen worden &#8230;<\/p>\n<p>Jaja, ist nur ein Scherz, aber .. ganz ehrlich, selbst das halte ich noch f\u00fcr wahrscheinlicher, als dass dieser Virus auf nat\u00fcrliche Weise entstanden ist und wirklich alle Pharmaunternehmen und Politiker nur unser Bestes wollen. Diese dauernde Absurdit\u00e4t der Ma\u00dfnahmen, diese Wehemenz jetzt der Impfpflicht, bar jeder Logik. Aber nat\u00fcrlich gibts wesentlich plausiblere Erkl\u00e4rungen als Au\u00dferirdische.<\/p>\n<p>Kurz vor 10 Uhr hab ich dann noch einmal ein derartiges Ger\u00e4usch geh\u00f6rt. Definitiv keine Stra\u00dfe gewesen.<\/p>\n<p>Skigebietsupdates? Kvitfjell hat mittlerweile um 1 Woche verschoben, Valdres will am Montag 29.11. \u00f6ffnen. Aber was\/wie viel (-> wohl nur der kurze 350m Tellerlift auf der R\u00fcckseite) und wie teuer? Sp\u00e4testens ab 4.12. soll&#8217;s dann in etlichen Skigebieten losgehen. <\/p>\n<p>Zuf\u00e4llig die Tage entdeckt: In Valdres gibts auch eine Saisonkarte f\u00fcr mehr Skigebiete in der Gegend, also nur 6-7 kleine, aber ja immerhin mehr als oft anderswo und ein paar KSSL g\u00e4b&#8217;s da auch. Kostet 4900,- NOK, also ca. 490 \u20ac. W\u00fcrd sich mit 15-20 Tagen lohnen, auch halbtageweise. M\u00fcsste man halt wissen, a) wielang kann ich in Norwegen bleiben, b) welche Skigebiete will und kann ich in der Zeit besuchen und c) wann sperren diese und jene dann auf? Vielleicht sollte ich mir die Skigebiete von dieser Saisonkarte am WE mal noch anschauen, ob sich das lohnen k\u00f6nnte (allein f\u00fcr Dezember) oder ob z.B. noch Parkgeb\u00fchren dazu k\u00e4men. 2 von den Gebieten hatte ich noch nicht mal auf meiner POI-Karte.<\/p>\n<p>Au\u00dfer der sofortigen, automatischen Best\u00e4tigung bekam ich weder gestern noch heute eine Antwort hinsichtlich der Parkgeb\u00fchren am gestern besuchten Fahrzeugmuseum. Auf der Website fand man auch weiterhin mein Kennzeichen nicht. (Update aus der Zukunft: Am 1.12. kam endlich die Antwort-E-Mail, es gab irgendeinen Fehler und ich m\u00fcsse nichts zahlen.)<\/p>\n<p>Daf\u00fcr rief mich gestern der Trafikant aus K\u00e4rnten nochmal an und ich erkl\u00e4rte ihm zum zweiten oder dritten Mal, dass ich derzeit nicht in \u00d6stereich bin und er das Paket endlich retournieren soll. Boah! Seit Monaten hebt der jetzt Paket auf und wartet dass ich es abhol?! <\/p>\n<p>Nachmittags nah der schwedischen Grenze etwas k\u00e4lter gewesen, -8\u00b0. Plumpsklobenutzung bei den Temperaturen? Nicht mehr im Sitzen ;)<\/p>\n<p><a href='http:\/\/extra.inmontanis.info\/d\/74352-2\/DSC00370.jpg'><img src=http:\/\/extra.inmontanis.info\/d\/74351-3\/DSC00370.jpg \/><\/a><br \/>\n^ Kurzer Besuch in Schweden, bevor die Einreiseregeln morgen in Norwegen wieder versch\u00e4rft werden.<\/p>\n<p><a href='http:\/\/extra.inmontanis.info\/d\/74356-2\/DSC00373.jpg'><img src=http:\/\/extra.inmontanis.info\/d\/74355-3\/DSC00373.jpg \/><\/a><br \/>\n^ Sonnenuntergang \/ 14:58 Uhr<\/p>\n<p><strong>26.11.2021<\/strong><\/p>\n<p>Wachte heut fr\u00fch mal auf, weil es an ein, zwei Stellen etwas kalt war, nach einiger Zeit schaltete ich gegen 4 Uhr die Standheizung an (-1,8\u00b0 Innen). Hatte trotzdem nicht das Gef\u00fchl, dass ich danach nochmal schlafen konnte.<\/p>\n<p>Drau\u00dfen morgens dann -8\/-10\u00b0. Wird Zeit, dass ich mir einen Campingplatz such und meine Elektroheizung ausprobier.<\/p>\n<p>Nachdem es einige Tage (wenn auch nicht t\u00e4glich verwendet) keinerlei Aussetzer zwischen Linux und Bluetooth-Lautsprecher gab, fing es heute wieder an, nach einer halben Stunde und dann quasi im Minutentakt Aussetzer :( Wie mich diese ganzen Computer ankotzen.<\/p>\n<p>Ok, schmei\u00df ich diese beiden Lautsprecher morgen gleich in den M\u00fcll, sowas brauch ich mir dann nicht aufheben, nur \u00c4rger laufend. War ja klar dass das Bluetoothzeug schei\u00dfe ist. Die zuvor gekauften Kabellautsprecher, die laufen halt einfach, muss man nicht laden, nicht einschalten, geben keine Ger\u00e4usche beim Ein\/Ausschalten von sich, funktionieren halt einfach, Strom via USB und Sound via AUX, f\u00e4ddich. <\/p>\n<p><a href='http:\/\/extra.inmontanis.info\/d\/74360-2\/DSC00374.jpg'><img src=http:\/\/extra.inmontanis.info\/d\/74359-3\/DSC00374.jpg \/><\/a><\/p>\n<p><a href='http:\/\/extra.inmontanis.info\/d\/74364-2\/DSC00376_001.jpg'><img src=http:\/\/extra.inmontanis.info\/d\/74363-3\/DSC00376_001.jpg \/><\/a><\/p>\n<p><a href='http:\/\/extra.inmontanis.info\/d\/74368-2\/DSC00382.jpg'><img src=http:\/\/extra.inmontanis.info\/d\/74367-3\/DSC00382.jpg \/><\/a><\/p>\n<p><strong>27.11.2021<\/strong><\/p>\n<p>Die Nacht verlief heut nicht gar so kalt wie gestern. Obwohl nicht auf dem Weg, fahr ich heut nochmals durch Lillehammer. Erstens weil der gestrige Nachtplatz \u00f6stlich davon interessanter (oder weniger nervig) schien und zweitens wollt ich nochmal einen McMuffin fr\u00fchst\u00fccken. W\u00e4re heute bereit gewesen, 1. ein Men\u00fc und 2. zum teureren Hier-Essen-Preis zu nehmen .. wenn denn das WIFI funktioniert h\u00e4tte, das es eben nicht tat.<\/p>\n<p>Komischerweise kostet ein McMuffin Bacon&#038;Egg 42,-, aber ein McMuffin Beef&#038;Egg nur 34,- &#8212; dort eine Scheibe Bacon dazu macht 41 NOK. Sollte der Bacon&#038;Egg also mit 2 Scheiben Bacon belegt sein, w\u00e4re eine Scheibe Bacon teurer als eine Scheibe Beef..?!<\/p>\n<p><a href='http:\/\/extra.inmontanis.info\/d\/74372-2\/DSC00383.jpg'><img src=http:\/\/extra.inmontanis.info\/d\/74371-3\/DSC00383.jpg \/><\/a><br \/>\n^ Fr\u00fchst\u00fcck bei McDonalds Salz, Pfeffer und Ketchup bekommt man gratis mit dazu. Brauch ich zum Fr\u00fchst\u00fcck aber nicht. R\u00f6sti kostete 20,-.<\/p>\n<p>Was die Lautsprecher angeht, fielen mir heute vor dem Gang zum M\u00dclleimer doch noch ein paar M\u00f6glichkeiten ein:<\/p>\n<p>a) Test: Einschalten, sich gegenseitig f\u00fcr Stereobetrieb verbinden lassen, AUX-Kabel an einem anschlie\u00dfen. Ergebnis: Verbindung zum zweiten wird unterbrochen + nur der eine w\u00fcrde spielen => man m\u00fcsste zwei Audiokabel verbinden und diese entsprechend vereinen und auf L+R aufteilen. Hab ich Zeug daheim, aber nicht dabei und vmtl. schwer bekommbar. Alternativ k\u00f6nnte man es evtl. \u00fcber Cinch-Kabel l\u00f6sen, wo man ja mal sicher sein kann, dass ein 3,5mm auf 2x Cinch dann L+R trennt. Dann kommt halt mit weiteren Kabeln das Monosignal nur auf einem Teillautsprecher raus.<\/p>\n<p>b) stattdessen an einem der beiden eine SD-Karte einlegen zum Musikabspielen. Dann halt immer die selben Lieder und maximal n\u00e4chstes Lied w\u00e4hlbr usw. Aber bleibt dann Stereo? Nicht getestet.<\/p>\n<p>c) die LS nur mit einem alten Handy via Bluetooth als Musikspieler verwenden?<\/p>\n<p>d) testen was passiert, wenn sie via USB an den PC angeschlossen sind. Schalten sie automatisch ein? Dann k\u00f6nnte sie man ja ggf. fix verlegen. Nein, tun sie nicht. Und sobald USB verbunden ist, geht auch der Ton via 3,5mm weg und eine Stimme sagt irgendwas wie Piiisiimelk .. PC melk? Interessanterweise wird der Lautsprecher dann sogar \u00fcber USB als Ausgabem\u00f6glichkeit erkannt, das Kabel dient also nicht nur zum Laden. Aber die Bluetooth-Stereoverbindung zwischen beiden Lautpsrechern wird auch da wieder gecancelt.<\/p>\n<p>2 USB-Kabel, beide Lautsprecher verbinden f\u00fchrt dazu, dass man nur einen verwenden kann. Hab im Netz gesucht und auch was gefunden, wie ich das mit Linux umgehen kann, dass der Ton also auf beiden rauskommt und man das aufteilen kann, hier nur der linke, dort nur der rechte Kanal. W\u00e4r ja geil. Daher setzte ich mal noch ein 2m USB-Kabel auf die Einkaufsliste.  Teuer w\u00e4ren die analogen Kabel ja nicht: 2-3 \u20ac f\u00fcr 1,5\/2,5m Klinke-auf-dual-Cinch und 2x 2,50 \u20ac f\u00fcr ein kurzes Dual-Cinch-auf-Klinke (w\u00fcrd ich dann jeweils eines pro Lautsprecher anschlie\u00dfen) .. also 7-8 \u20ac.<\/p>\n<p>Im Biltema kam ich mal wieder an Spikes f\u00fcr Schuhe vorbei .. brauch ich das oder nicht? Die aktuellen Schuhe sind ja nicht schlecht und wenn mal mehr Schnee liegt, ist&#8217;s eh nicht mehr so eisig. Naja f\u00fcr 10 \u20ac&#8230; was soll&#8217;s.<\/p>\n<p>Zum Lackstift bin ich auch gekommen (den ich nicht gebraucht h\u00e4tte, wenn ich die LS wegschmeissen w\u00fcrde) &#8211; und zwar: beim Reifenzubeh\u00f6r gibts einen wei\u00dfen Stift als Reifenmarkierer. So das ein wasserfester Lackstift ist? Mit 6 \u20ac etwas teurer als die anderen Marker im Officebreich. Und dort gab es weihnachtlich silberne und goldene schmale um 4 \u20ac. Jetzt auch noch Qual der Wahl oder wie?! Ich entschied mich f\u00fcr den Goldenen.<\/p>\n<p>Ich nahm dann doch beides mit &#8211; l\u00e4ngeres USB-Kabel und die analogen Kabel. Erstens zur Not und zweitens .. man k\u00f6nnte sich ja auch noch einen von diesen kleinen Video-Projektoren kaufen? Nur: wo dann im Auto aufstellen plus worauf das Videobild projezieren? Da br\u00e4ucht man ja ein wei\u00dfes Laken, das man irgendwie zwischen den Seiten aufspannt? Bildqualitativ ist man da naturlich auch weit von  HD-Qualit\u00e4t weg. Au\u00dfer, man gibt etwas mehr aus .. genauer gesagt, 450,- \u20ac verg\u00fcnstigt dank BlackWeek (g\u00fcnstiger als auf amazon.de momentan) vs 180,- oder 300,- \u20ac. Allerdings hat das 180 \u20ac Ger\u00e4t auch keinen HDMI-Eingang (nur drahtlos, m\u00f6\u00f6\u00f6\u00f6p) und das 300 \u20ac Ger\u00e4t .. naja, dann gleich 450 f\u00fcr Full-HD und heller (vermutlich) und kleiner und bessere Batterie, oder? Allerdings muss ich dann noch bis Valdres fahren, weil die Elkj\u00f8p-Filialen in Lillehammer und auf dem Weg in Dokka genau dieses Modell nicht haben.<\/p>\n<p>So eine Rundtour \u00fcber die Skigebiete von der Valdres-Saisonkarte macht mal eben 200-300km aus. Spricht nicht unbedingt daf\u00fcr, das morgen mal alles abzugrasen?! Vieleicht ein paar auslassen.<\/p>\n<p>Nachmittags schneite es und es sollte \u00fcber Nacht so weitergehen, kam aber diesmal nicht so viel wie letztes Mal.<\/p>\n<p><a href='http:\/\/extra.inmontanis.info\/d\/74376-2\/DSC00386.jpg'><img src=http:\/\/extra.inmontanis.info\/d\/74375-3\/DSC00386.jpg \/><\/a><br \/>\n^ Wieder winterlich<\/p>\n<p><a href='http:\/\/extra.inmontanis.info\/d\/74380-2\/DSC00391.jpg'><img src=http:\/\/extra.inmontanis.info\/d\/74379-3\/DSC00391.jpg \/><\/a><br \/>\n^ Vorher-Nachher-Vergleich der Bluetooth-Lautsprecher. Oben die unbemalten Tasten erkennt man so gut wie gar nicht. Unten mit goldenem Lackstift bemalt.<\/p>\n<p><a href='http:\/\/extra.inmontanis.info\/d\/74384-2\/DSC00392.jpg'><img src=http:\/\/extra.inmontanis.info\/d\/74383-3\/DSC00392.jpg \/><\/a><br \/>\n^ Heutige Eink\u00e4ufe, kleiner Full-HD-Videoprojektor, USB-Kabel, Audiokabel, um die 2 Lautsprecher alternativ zum USB-Kabel anzuschlie\u00dfen und Spikes f\u00fcr Schuhe (Gr\u00f6\u00dfe 39-46)<\/p>\n<p>Ok, jetzt werd ich aber wieder \u00e4rgerlich. Diese verschissenen Bluetooth-Lautsprecher reagieren nicht auf die Plus\/Minus-Tasten zum Lautst\u00e4rkeregeln, wenn sie via USB angeschlossen sind. GNNNNN!!! Also, im Falle von Bluetooth kann man die Lautsprecher unabh\u00e4nig der Quelle regeln, nach dem Einschalten sind sie eher leise und dann regelt man sie mit den Tasten laut. Rest dann am PC via Tastatur\/Maus.<\/p>\n<p>Direkt via USB am PC angeschlossen geben sie die Lautst\u00e4rketasten quasi an den PC weiter. Endresultat: Viel zu leise, genauso leise wie die kleinen Kabellautsprecher unterm Bett!  Selbst wenn man den Lautsprecher unangeschlossen auf Laut regelt, bis der Pieps kommt, der signalisiert, dass das Maximum der Lautst\u00e4rke erreicht ist &#8211; steckt man das USB-Kabel wieder an: Leise. Und PC steht schon auf 100% und wenn man mehr gibt, kommt \u00dcbersteuerungsrauschen. BOAHHHHH!!!! <\/p>\n<p>Gut, dass ich mir doch auch die Klinken\/Cinch-Kabel gekauft hab. Damit funktioniert es n\u00e4mlich, man kann die Lautst\u00e4rke an den Lautsprechern lauter stellen. Es geht halt nix \u00fcber gute, altmodische (Klinken-) Kabel ohne irgendwelche ungewollten nervigen Zusatzfunktionen. Leider resultiert ein leichtes Ankommen am Kabel mit Rauschen, stecken wohl nicht so ganz optimal in der Buchse drin.<\/p>\n<p>Also an beiden Lautsprechern jeweils Maximum nach jedem Einschalten einstellen und den Rest regelt man dann am PC mit der Tastatur. Nachteilig ist, dass die anderen Kabellautsprecher, die ich fix unterm Sitz\/Bett installiert hab, ausgesteckt werden m\u00fcssen &#8211; da brauch ich jetzt doch noch den einfachen 2-fach-Verteiler, damit ich die parallel angeschlossen lassen kann und nicht laufend umstecken muss. St\u00f6rt ja nicht, wenn die leiser mit laufen (ist vielleicht noch geiler?) und man braucht ja nicht jeden Tag die lauten gro\u00dfen Lautsprecher. <\/p>\n<p>Wechselkursm\u00e4\u00dfig hatte ich heute wohl Gl\u00fcck, 1 \u20ac entspricht jetzt wieder 9,9 Kronen. War ja schon mal auf 9,4 Kronen zuletzt oder so.<\/p>\n<p>Da die Campingpl\u00e4tze hier in der Gegend wohl 350 NOK aufw\u00e4rts kosten pro Nacht mit Strom, steh ich heut nochmal frei &#8211; Batterie ist durch das viele Fahren der letzten Tage eh geladen.<\/p>\n<p>Nachdem es jetzt wohl dauerhaft Minusgrade haben wird und ich doch mal etwas mehr Platz brauche im Innenrum, wenn die Campingplatzzeit losgeht, werd ich morgen zumindest die Tourenski auf den Skitr\u00e4ger hinauf bef\u00f6rdern. Wobei ich heut Abend gemerkt hab, dass es schon sinnvoll ist, schichtm\u00e4\u00dfig genau zu legen &#8211; je tiefer die Sachen lagen, desto k\u00e4lter, verst\u00e4ndlicherweise. Und da ist dann nach einigen Tagen genauso kalt wie drau\u00dfen, wenn da nicht irgendwie warme Luft zirkulieren kann.<\/p>\n<p>Den Projektor hab ich nat\u00fcrlich auch noch probiert &#8211; schwerer als gedacht! Ok, ist ja ein Akku drin. Kann auch R\u00fcck\/Deckenprojektion, d.h. k\u00f6nnte ihn vielleicht verkehrtrum \u00fcber den Kopf in eine der Gep\u00e4cktaschen an der Decke stecken, wenn die Entfernung f\u00fcrs Bild passt.  H\u00e4tte ansonsten auch ein Stativgewinde und Fotostativ hab ich ja auch dabei. Wobei das dann umst\u00e4ndlich w\u00e4re.<\/p>\n<p>Der ist auf der kurzen Entfernung hier im Auto so hell, dass ich auch fast auf die schwarzen Fensterschaumstoffe projezieren k\u00f6nnte. <\/p>\n<p>Was ich ja ein bisschen vergessen hab: mein Handy liefert \u00fcber HDMI via USB glaub ich kein Full-hd aus. Und am PC steck ich nat\u00fcrlich nicht laufend HDMI-Kabel um. Und einen Switch werd ich mir da jetzt auch nicht kaufen.<\/p>\n<p><strong>28.11.2021<\/strong><\/p>\n<p>Temperaturen heute? Morgens nach dem Aufwachen drau\u00dfen -6 oder -7\u00b0, innen Tiefsttemp. 0.0\u00b0. Im Laufe des Tages gab es bis zu -15\u00b0. Heute Abend also auf den Campingplatz.<\/p>\n<p>Ich fuhr also ein paar der Skigebiete von der Valdres-Saisonkarte ab.<\/p>\n<p><a href='http:\/\/extra.inmontanis.info\/d\/74388-2\/DSC00397.jpg'><img src=http:\/\/extra.inmontanis.info\/d\/74387-3\/DSC00397.jpg \/><\/a><br \/>\n^ Dieser See ist schon gefroren und mit Schnee bedeckt<\/p>\n<p><a href='http:\/\/ski.inmontanis.info\/d\/298505-2\/DSC00399.jpg'><img src=http:\/\/ski.inmontanis.info\/d\/298503-3\/DSC00399.jpg \/><\/a><br \/>\n^ Skigebiet Beitost\u00f8len in Bildmitte<\/p>\n<p><a href='http:\/\/ski.inmontanis.info\/d\/298509-2\/DSC00401.jpg'><img src=http:\/\/ski.inmontanis.info\/d\/298508-3\/DSC00401.jpg \/><\/a><br \/>\n^ Blick zum oberen Sesselift<\/p>\n<p><a href='http:\/\/ski.inmontanis.info\/d\/298513-2\/DSC00406.jpg'><img src=http:\/\/ski.inmontanis.info\/d\/298512-3\/DSC00406.jpg \/><\/a><br \/>\n^ 3SB links mit weiterem SL links. Rechts 6KSB. Wirklich Parkpl\u00e4tze scheint es hier so gut wie keine zu geben. Auch kein Schild gesehen. Unten im Ort an der Langlaufloipe war was. Und oben im Ort ein kleiner Platz n\u00e4he M\u00fcllcontainer.<\/p>\n<p><a href='http:\/\/ski.inmontanis.info\/d\/298517-2\/DSC00409.jpg'><img src=http:\/\/ski.inmontanis.info\/d\/298516-3\/DSC00409.jpg \/><\/a><br \/>\n^ Recht flache H\u00e4nge hier im unteren Teil.<\/p>\n<p><a href='http:\/\/ski.inmontanis.info\/d\/298521-2\/DSC00418.jpg'><img src=http:\/\/ski.inmontanis.info\/d\/298520-3\/DSC00418.jpg \/><\/a><br \/>\n^ Gegen\u00fcber und zum Skigebiet geh\u00f6rend: Raudalen. Allerdings ist der Sessellift links samt Schneisen vmtl. stillgelegt, nur noch der SL rechts mit den Abfahrten ist im aktuellen Plan. Und nicht Raudalen mit Rauland verwechseln.<\/p>\n<p>Ja, also so ganz haben mich die beiden Skigebiete nicht umgehauen. <\/p>\n<p>Tyin-Filefjell w\u00e4re dabei, das ich schon bei meiner ersten Wintertour in Skandinavien besuchen wollte, das sah ich mir heute nicht n\u00e4her an, das m\u00fcsste ich schon mal erkannt haben, das mir das gefallen k\u00f6nnte.<\/p>\n<p><a href='http:\/\/extra.inmontanis.info\/d\/74392-2\/DSC00419.jpg'><img src=http:\/\/extra.inmontanis.info\/d\/74391-3\/DSC00419.jpg \/><\/a><br \/>\n^ <\/p>\n<p><a href='http:\/\/extra.inmontanis.info\/d\/74396-2\/DSC00421_001.jpg'><img src=http:\/\/extra.inmontanis.info\/d\/74395-3\/DSC00421_001.jpg \/><\/a><br \/>\n^ <\/p>\n<p><a href='http:\/\/extra.inmontanis.info\/d\/74400-2\/DSC00423.jpg'><img src=http:\/\/extra.inmontanis.info\/d\/74399-3\/DSC00423.jpg \/><\/a><br \/>\n^ Schon unglaublich, wie winterlich es ist und trotzdem nirgends in Norwegen, au\u00dfer in der Skihalle n\u00e4he Oslo, Skilifte offen haben!?!<\/p>\n<p><a href='http:\/\/extra.inmontanis.info\/d\/74404-2\/DSC00428.jpg'><img src=http:\/\/extra.inmontanis.info\/d\/74403-3\/DSC00428.jpg \/><\/a><br \/>\n^ <\/p>\n<p><a href='http:\/\/extra.inmontanis.info\/d\/74408-2\/DSC00430.jpg'><img src=http:\/\/extra.inmontanis.info\/d\/74407-3\/DSC00430.jpg \/><\/a><br \/>\n^ <\/p>\n<p><a href='http:\/\/extra.inmontanis.info\/d\/74412-2\/DSC00432.jpg'><img src=http:\/\/extra.inmontanis.info\/d\/74411-3\/DSC00432.jpg \/><\/a><br \/>\n^ Sprungschanze rechts und evtl. mal ein kleiner Lift oder Seillift links daneben gewesen<\/p>\n<p><a href='http:\/\/ski.inmontanis.info\/d\/298527-2\/DSC00437.jpg'><img src=http:\/\/ski.inmontanis.info\/d\/298525-3\/DSC00437.jpg \/><\/a><br \/>\n^ Skigebiet Vaset in Bildmitte<\/p>\n<p><a href='http:\/\/ski.inmontanis.info\/d\/298531-2\/DSC00439.jpg'><img src=http:\/\/ski.inmontanis.info\/d\/298530-3\/DSC00439.jpg \/><\/a><br \/>\n^ Links KSSL rechts wohl SL.<\/p>\n<p><a href='http:\/\/ski.inmontanis.info\/d\/298535-2\/DSC00443.jpg'><img src=http:\/\/ski.inmontanis.info\/d\/298534-3\/DSC00443.jpg \/><\/a><br \/>\n^ .. sogar ein Doppel-KSSL. Allerdings schien eine Schranke am Parkplatz zu sein, evtl. also Parkgeb\u00fchren?!<\/p>\n<p><a href='http:\/\/ski.inmontanis.info\/d\/298539-2\/DSC00445.jpg'><img src=http:\/\/ski.inmontanis.info\/d\/298538-3\/DSC00445.jpg \/><\/a><br \/>\n^ <\/p>\n<p><a href='http:\/\/extra.inmontanis.info\/d\/74416-2\/DSC00451.jpg'><img src=http:\/\/extra.inmontanis.info\/d\/74415-3\/DSC00451.jpg \/><\/a><br \/>\n^ Der See bzw. Fluss ist noch nicht gefroren.<\/p>\n<p><a href='http:\/\/extra.inmontanis.info\/d\/74420-2\/DSC00453.jpg'><img src=http:\/\/extra.inmontanis.info\/d\/74419-3\/DSC00453.jpg \/><\/a><br \/>\n^ Gegen\u00fcber von Fagernes oder so<\/p>\n<p>Stavadalen k\u00f6nnte mir eher liegen, aber ob da im Dezember noch genug Schnee fallen wird? Nicht, dass der obere Lift dann erst n\u00e4chstes Jahr \u00f6ffnen w\u00fcrde &#8230;<\/p>\n<p><a href='http:\/\/ski.inmontanis.info\/d\/298545-2\/DSC00461.jpg'><img src=http:\/\/ski.inmontanis.info\/d\/298543-3\/DSC00461.jpg \/><\/a><br \/>\n^ Skigebiet Stavadalen<\/p>\n<p><a href='http:\/\/ski.inmontanis.info\/d\/298549-2\/DSC00464.jpg'><img src=http:\/\/ski.inmontanis.info\/d\/298548-3\/DSC00464.jpg \/><\/a><br \/>\n^ Die H\u00e4nge sind mal steiler<\/p>\n<p><a href='http:\/\/ski.inmontanis.info\/d\/298553-2\/DSC00468.jpg'><img src=http:\/\/ski.inmontanis.info\/d\/298552-3\/DSC00468.jpg \/><\/a><br \/>\n^ Talstation des KSSL, der auch mindestens eine Kurve haben d\u00fcrfte. Schnee liegt aktuell aber nur minimal. Und wer wei\u00df, ob es da im Dezember noch genug schneien wird?<\/p>\n<p><a href='http:\/\/ski.inmontanis.info\/d\/298557-2\/DSC00469.jpg'><img src=http:\/\/ski.inmontanis.info\/d\/298556-3\/DSC00469.jpg \/><\/a><br \/>\n^ Pistenplan<\/p>\n<p><a href='http:\/\/ski.inmontanis.info\/d\/298561-2\/DSC00473.jpg'><img src=http:\/\/ski.inmontanis.info\/d\/298560-3\/DSC00473.jpg \/><\/a><br \/>\n^ Vorne KSSL, sch\u00f6n mit roten R\u00e4dern\/Rollen, hinten der untere SSL<\/p>\n<p><a href='http:\/\/ski.inmontanis.info\/d\/298565-2\/DSC00474.jpg'><img src=http:\/\/ski.inmontanis.info\/d\/298564-3\/DSC00474.jpg \/><\/a><br \/>\n^ Der SSL hat Beschneiung<\/p>\n<p>Nebenbei: in Beitost\u00f8len gibt&#8217;s einen Pizzabakkeren und in Leira (weit vorne im Tal, n\u00e4he Skigebiet Valdres, wo es auch Biltema, Europris, Elkj\u00f8p und anderes gibt) einen Burger King.<\/p>\n<p>Zum Skigebiet Valdres bin ich nicht gefahren, weil die ja morgen aufsperren wollen und ich dann ja evtl. Skifahren m\u00f6chte.<\/p>\n<p><a href='http:\/\/extra.inmontanis.info\/d\/74424-2\/DSC00477.jpg'><img src=http:\/\/extra.inmontanis.info\/d\/74423-3\/DSC00477.jpg \/><\/a><br \/>\n^ Am Campingplatz gegen\u00fcber werd ich einige Tage stehen.<\/p>\n<p>Fortsetzung zum Campingplatz und warum ich nicht zum Skifahren kam morgen, folgt in einem eigenen Bericht.<\/p>\n","protected":false},"excerpt":{"rendered":"<p>24.11.2021<\/p>\n<p>Kleiner Zwischenhalt beim Pizzabakeren &#8211; diesmal nur ein Lunchmen\u00fc. Und kein Foto. Benzin heute mal \u00fcber 19,- und mal um\/unter 16,- NOK, aso 0,30-0,40 \u20ac Unterschied pro Liter, teilweise im selben Ort zur gleichen Zeit, krass.<\/p>\n<p>Einen Lackstift \/ Edding oder so zu bekommen, ist in Norwegen wohl auch nicht so einfach. Abgesehen von <a href=\"http:\/\/blog.inmontanis.info\/?p=7292\">[&#8230;]<\/a><\/p>\n","protected":false},"author":1,"featured_media":7295,"comment_status":"closed","ping_status":"closed","sticky":false,"template":"","format":"standard","meta":{"footnotes":""},"categories":[185,18,923],"tags":[55,56,48,45],"class_list":["post-7292","post","type-post","status-publish","format-standard","has-post-thumbnail","hentry","category-2021-08-skandinavien","category-norwegennorway","category-stavedalen","tag-3sb","tag-6sb","tag-kssl","tag-see","odd"],"_links":{"self":[{"href":"http:\/\/blog.inmontanis.info\/index.php?rest_route=\/wp\/v2\/posts\/7292","targetHints":{"allow":["GET"]}}],"collection":[{"href":"http:\/\/blog.inmontanis.info\/index.php?rest_route=\/wp\/v2\/posts"}],"about":[{"href":"http:\/\/blog.inmontanis.info\/index.php?rest_route=\/wp\/v2\/types\/post"}],"author":[{"embeddable":true,"href":"http:\/\/blog.inmontanis.info\/index.php?rest_route=\/wp\/v2\/users\/1"}],"replies":[{"embeddable":true,"href":"http:\/\/blog.inmontanis.info\/index.php?rest_route=%2Fwp%2Fv2%2Fcomments&post=7292"}],"version-history":[{"count":4,"href":"http:\/\/blog.inmontanis.info\/index.php?rest_route=\/wp\/v2\/posts\/7292\/revisions"}],"predecessor-version":[{"id":7297,"href":"http:\/\/blog.inmontanis.info\/index.php?rest_route=\/wp\/v2\/posts\/7292\/revisions\/7297"}],"wp:featuredmedia":[{"embeddable":true,"href":"http:\/\/blog.inmontanis.info\/index.php?rest_route=\/wp\/v2\/media\/7295"}],"wp:attachment":[{"href":"http:\/\/blog.inmontanis.info\/index.php?rest_route=%2Fwp%2Fv2%2Fmedia&parent=7292"}],"wp:term":[{"taxonomy":"category","embeddable":true,"href":"http:\/\/blog.inmontanis.info\/index.php?rest_route=%2Fwp%2Fv2%2Fcategories&post=7292"},{"taxonomy":"post_tag","embeddable":true,"href":"http:\/\/blog.inmontanis.info\/index.php?rest_route=%2Fwp%2Fv2%2Ftags&post=7292"}],"curies":[{"name":"wp","href":"https:\/\/api.w.org\/{rel}","templated":true}]}}