{"id":7287,"date":"2021-11-23T17:48:21","date_gmt":"2021-11-23T16:48:21","guid":{"rendered":"http:\/\/blog.inmontanis.info\/?p=7287"},"modified":"2021-11-29T18:06:34","modified_gmt":"2021-11-29T17:06:34","slug":"norsk-vegmuseum-lillehammer-23-11-2021","status":"publish","type":"post","link":"http:\/\/blog.inmontanis.info\/?p=7287","title":{"rendered":"Norsk Vegmuseum (Lillehammer), 23.11.2021"},"content":{"rendered":"<p><strong>23.11.2021<\/strong><\/p>\n<p>Heute ging&#8217;s also in das norwegische Stra\u00dfen- bzw. Automuseum (getrennte H\u00e4user), im Sommer gibt&#8217;s noch das Bergsprengmuseum und evtl. sind im Sommer auch die ganzen Freilichtmuseumsh\u00e4user offen &#8211; dann braucht man wesentlich mehr Zeit, so kam ich heut doch problemlos von ca. 11-15 Uhr durch. Los war so gut wie nix, also max. 10 Besucher denk ich, vielleicht auch nur 3. Die anderen k\u00f6nnten auch Arbeiter gewesen sein ..<\/p>\n<p><a href='http:\/\/extra.inmontanis.info\/d\/74040-2\/DSC00209.jpg'><img src=http:\/\/extra.inmontanis.info\/d\/74039-3\/DSC00209.jpg \/><\/a><br \/>\n^ <\/p>\n<p><a href='http:\/\/extra.inmontanis.info\/d\/74044-2\/DSC00211.jpg'><img src=http:\/\/extra.inmontanis.info\/d\/74043-3\/DSC00211.jpg \/><\/a><br \/>\n^ Sonderausstellung von Motorr\u00e4dern, die in Norwegen hergestellt wurden<\/p>\n<p><a href='http:\/\/extra.inmontanis.info\/d\/74048-2\/DSC00212.jpg'><img src=http:\/\/extra.inmontanis.info\/d\/74047-3\/DSC00212.jpg \/><\/a><br \/>\n^ <\/p>\n<p><a href='http:\/\/extra.inmontanis.info\/d\/74052-2\/DSC00214.jpg'><img src=http:\/\/extra.inmontanis.info\/d\/74051-3\/DSC00214.jpg \/><\/a><br \/>\n^ Altes Motorrad aus Norwegen von 1903. Man muss sich wundern, dass der Riemen nicht laufend durchgerutscht ist, so rund und glatt wie der ausschaut?<\/p>\n<p><a href='http:\/\/extra.inmontanis.info\/d\/74056-2\/DSC00217.jpg'><img src=http:\/\/extra.inmontanis.info\/d\/74055-3\/DSC00217.jpg \/><\/a><br \/>\n^ Gro\u00dfes, 3-achsiges Auto<\/p>\n<p><a href='http:\/\/extra.inmontanis.info\/d\/74060-2\/DSC00216.jpg'><img src=http:\/\/extra.inmontanis.info\/d\/74059-3\/DSC00216.jpg \/><\/a><br \/>\n^ .. und die Infotafel dazu. Angetrieben waren die 4 hinteren Reifen und die vorderen der hinteren Reifen wurden wohl sogar mitgelenkt.<\/p>\n<p><a href='http:\/\/extra.inmontanis.info\/d\/74064-2\/DSC00218.jpg'><img src=http:\/\/extra.inmontanis.info\/d\/74063-3\/DSC00218.jpg \/><\/a><br \/>\n^ <\/p>\n<p><a href='http:\/\/extra.inmontanis.info\/d\/74068-2\/DSC00220.jpg'><img src=http:\/\/extra.inmontanis.info\/d\/74067-3\/DSC00220.jpg \/><\/a><br \/>\n^ What a beauty!<\/p>\n<p><a href='http:\/\/extra.inmontanis.info\/d\/74072-2\/DSC00219.jpg'><img src=http:\/\/extra.inmontanis.info\/d\/74071-3\/DSC00219.jpg \/><\/a><br \/>\n^ Interessant auch das Matsch-Stra\u00dfenbild. Heutzutage sind die Naturstra\u00dfen in Norwegen wohl besser befestigt, dass sie nicht mehr so matschig werden.<\/p>\n<p><a href='http:\/\/extra.inmontanis.info\/d\/74076-2\/DSC00221.jpg'><img src=http:\/\/extra.inmontanis.info\/d\/74075-3\/DSC00221.jpg \/><\/a><br \/>\n^ Das rechte Holz-Auto (1922 in der N\u00e4he, Gj\u00f8vik, hergestellt, ist auch insofern interessant, dass man &#8211; siehe Bild hinten &#8211; die Vorderreifen mit Skiern austauschen konnte<\/p>\n<p><a href='http:\/\/extra.inmontanis.info\/d\/74080-2\/DSC00223.jpg'><img src=http:\/\/extra.inmontanis.info\/d\/74079-3\/DSC00223.jpg \/><\/a><br \/>\n^ <\/p>\n<p><a href='http:\/\/extra.inmontanis.info\/d\/74084-2\/DSC00224.jpg'><img src=http:\/\/extra.inmontanis.info\/d\/74083-3\/DSC00224.jpg \/><\/a><br \/>\n^ <\/p>\n<p><a href='http:\/\/extra.inmontanis.info\/d\/74088-2\/DSC00225.jpg'><img src=http:\/\/extra.inmontanis.info\/d\/74087-3\/DSC00225.jpg \/><\/a><br \/>\n^ Seiten-Ski f\u00fcr Motorr\u00e4der im Schnee<\/p>\n<p><a href='http:\/\/extra.inmontanis.info\/d\/74092-2\/DSC00226.jpg'><img src=http:\/\/extra.inmontanis.info\/d\/74091-3\/DSC00226.jpg \/><\/a><br \/>\n^ Das graue Auto ist auch insofern interessant ..<\/p>\n<p><a href='http:\/\/extra.inmontanis.info\/d\/74096-2\/DSC00229.jpg'><img src=http:\/\/extra.inmontanis.info\/d\/74095-3\/DSC00229.jpg \/><\/a><br \/>\n^ .. dass es n\u00e4mlich sehr kurz ist im Vergleich zu den anderen, die vorne rum \u00e4hnlich ausschauen.<\/p>\n<p><a href='http:\/\/extra.inmontanis.info\/d\/74100-2\/DSC00230.jpg'><img src=http:\/\/extra.inmontanis.info\/d\/74099-3\/DSC00230.jpg \/><\/a><br \/>\n^ <\/p>\n<p><a href='http:\/\/extra.inmontanis.info\/d\/74104-2\/DSC00231.jpg'><img src=http:\/\/extra.inmontanis.info\/d\/74103-3\/DSC00231.jpg \/><\/a><br \/>\n^ Motorsportabteilung<\/p>\n<p><a href='http:\/\/extra.inmontanis.info\/d\/74108-2\/DSC00232.jpg'><img src=http:\/\/extra.inmontanis.info\/d\/74107-3\/DSC00232.jpg \/><\/a><br \/>\n^ Und viele Fahrr\u00e4der&#8230;<\/p>\n<p><a href='http:\/\/extra.inmontanis.info\/d\/74112-2\/DSC00233.jpg'><img src=http:\/\/extra.inmontanis.info\/d\/74111-3\/DSC00233.jpg \/><\/a><br \/>\n^ &#8230; sehr viele Fahrr\u00e4der (siehe links). Vorne beim VW K\u00e4fer ..<\/p>\n<p><a href='http:\/\/extra.inmontanis.info\/d\/74116-2\/DSC00234.jpg'><img src=http:\/\/extra.inmontanis.info\/d\/74115-3\/DSC00234.jpg \/><\/a><br \/>\n^ .. ist das hier am Beifahrersitz montiert. Krass, sahen so fr\u00fcher Kindersitze aus? Wenigstens haben die kleinen damals rausschauen k\u00f6nnen.<\/p>\n<p><a href='http:\/\/extra.inmontanis.info\/d\/74120-2\/DSC00235.jpg'><img src=http:\/\/extra.inmontanis.info\/d\/74119-3\/DSC00235.jpg \/><\/a><br \/>\n^ Noch ein in Norwegen produziertes Auto: Der Troll 700<\/p>\n<p><a href='http:\/\/extra.inmontanis.info\/d\/74124-2\/DSC00236.jpg'><img src=http:\/\/extra.inmontanis.info\/d\/74123-3\/DSC00236.jpg \/><\/a><br \/>\n^ .. nur 4 St\u00fcck wurden davon produziert<\/p>\n<p><a href='http:\/\/extra.inmontanis.info\/d\/74128-2\/DSC00237.jpg'><img src=http:\/\/extra.inmontanis.info\/d\/74127-3\/DSC00237.jpg \/><\/a><br \/>\n^ Auch von Innen  der 50er Plastik-futurische Stil. Schaut irgendwie cool aus.<\/p>\n<p><a href='http:\/\/extra.inmontanis.info\/d\/74132-2\/DSC00238.jpg'><img src=http:\/\/extra.inmontanis.info\/d\/74131-3\/DSC00238.jpg \/><\/a><br \/>\n^ Auch osteurop\u00e4ische Autos wurden in Norwegen verkauft, resultierte 1954 aus einem Handelsabkommen \u00fcber Fisch.<\/p>\n<p><a href='http:\/\/extra.inmontanis.info\/d\/74136-2\/DSC00239.jpg'><img src=http:\/\/extra.inmontanis.info\/d\/74135-3\/DSC00239.jpg \/><\/a><br \/>\n^ <\/p>\n<p><a href='http:\/\/extra.inmontanis.info\/d\/74140-2\/DSC00240.jpg'><img src=http:\/\/extra.inmontanis.info\/d\/74139-3\/DSC00240.jpg \/><\/a><br \/>\n^ <\/p>\n<p><a href='http:\/\/extra.inmontanis.info\/d\/74144-2\/DSC00243.jpg'><img src=http:\/\/extra.inmontanis.info\/d\/74143-3\/DSC00243.jpg \/><\/a><br \/>\n^ <\/p>\n<p><a href='http:\/\/extra.inmontanis.info\/d\/74148-2\/DSC00247.jpg'><img src=http:\/\/extra.inmontanis.info\/d\/74147-3\/DSC00247.jpg \/><\/a><br \/>\n^ Elektroautos<\/p>\n<p><a href='http:\/\/extra.inmontanis.info\/d\/74152-2\/DSC00248.jpg'><img src=http:\/\/extra.inmontanis.info\/d\/74151-3\/DSC00248.jpg \/><\/a><br \/>\n^ Elektroauto-Prototyp von 1973<\/p>\n<p><a href='http:\/\/extra.inmontanis.info\/d\/74156-2\/DSC00249.jpg'><img src=http:\/\/extra.inmontanis.info\/d\/74155-3\/DSC00249.jpg \/><\/a><br \/>\n^ 1994 wurde ein Elektroauto bei den olympischen Spielen in Lillehammer getestet<\/p>\n<p><a href='http:\/\/extra.inmontanis.info\/d\/74160-2\/DSC00250.jpg'><img src=http:\/\/extra.inmontanis.info\/d\/74159-3\/DSC00250.jpg \/><\/a><br \/>\n^ Mustang und Multipla<\/p>\n<p><a href='http:\/\/extra.inmontanis.info\/d\/74164-2\/DSC00251.jpg'><img src=http:\/\/extra.inmontanis.info\/d\/74163-3\/DSC00251.jpg \/><\/a><br \/>\n^ <\/p>\n<p><a href='http:\/\/extra.inmontanis.info\/d\/74168-2\/DSC00253.jpg'><img src=http:\/\/extra.inmontanis.info\/d\/74167-3\/DSC00253.jpg \/><\/a><br \/>\n^ Einblicke in den Peugeot vom Bild zuvor dank Schiebedach. Wieso hat man eigentlich irgendwann diese breiten Tachoanzeigen zu Rundinstrumenten ge\u00e4ndert? Der Ausblick nach vorne war so doch teilweise viel ungest\u00f6rter?!<\/p>\n<p><a href='http:\/\/extra.inmontanis.info\/d\/74172-2\/DSC00254.jpg'><img src=http:\/\/extra.inmontanis.info\/d\/74171-3\/DSC00254.jpg \/><\/a><br \/>\n^ Mit dem Autodesign der 70er\/80er kann ich wenig anfangen, noch weniger dann mit den 90ern. Au\u00dfer mit dem Mercedes. Vmtl. wollte ich daher als kleines Kind nur in einem Mercedes gefahren werden ;-)<\/p>\n<p><a href='http:\/\/extra.inmontanis.info\/d\/74176-2\/DSC00255.jpg'><img src=http:\/\/extra.inmontanis.info\/d\/74175-3\/DSC00255.jpg \/><\/a><br \/>\n^ Was das da oben wohl f\u00fcr ein Skigebiet ist mit dem Stemag-Schlepper?<\/p>\n<p><a href='http:\/\/extra.inmontanis.info\/d\/74180-2\/DSC00258.jpg'><img src=http:\/\/extra.inmontanis.info\/d\/74179-3\/DSC00258.jpg \/><\/a><br \/>\n^ Sundance Kid in den norwegischen Nationalfarben<\/p>\n<p><a href='http:\/\/extra.inmontanis.info\/d\/74184-2\/DSC00259.jpg'><img src=http:\/\/extra.inmontanis.info\/d\/74183-3\/DSC00259.jpg \/><\/a><br \/>\n^ <\/p>\n<p><a href='http:\/\/extra.inmontanis.info\/d\/74188-2\/DSC00260.jpg'><img src=http:\/\/extra.inmontanis.info\/d\/74187-3\/DSC00260.jpg \/><\/a><br \/>\n^ Royaler Cadillac 1951. Im Gegensatz zu den folgenden 3 Fahrzeugen:<\/p>\n<p><a href='http:\/\/extra.inmontanis.info\/d\/74192-2\/DSC00262.jpg'><img src=http:\/\/extra.inmontanis.info\/d\/74191-3\/DSC00262.jpg \/><\/a><br \/>\n^ Vielleicht praktischer und g\u00fcnstiger, aber h\u00e4sslicher. Wobei der Suzuki noch geht. Aber diese schwarzen  90er Plastikt\u00fcrgriffe &#8211; im Vgl. zu den zuvor \u00fcblichen Chromgriffen &#8211; fand ich schon immer h\u00e4sslich.<\/p>\n<p><a href='http:\/\/extra.inmontanis.info\/d\/74196-2\/DSC00264.jpg'><img src=http:\/\/extra.inmontanis.info\/d\/74195-3\/DSC00264.jpg \/><\/a><br \/>\n^ Im Vegmuseum, ein Verkehrsschild aus der Besatzungszeit<\/p>\n<p><a href='http:\/\/extra.inmontanis.info\/d\/74200-2\/DSC00266.jpg'><img src=http:\/\/extra.inmontanis.info\/d\/74199-3\/DSC00266.jpg \/><\/a><br \/>\n^ <\/p>\n<p><a href='http:\/\/extra.inmontanis.info\/d\/74204-2\/DSC00269.jpg'><img src=http:\/\/extra.inmontanis.info\/d\/74203-3\/DSC00269.jpg \/><\/a><br \/>\n^ <\/p>\n<p><a href='http:\/\/extra.inmontanis.info\/d\/74208-2\/DSC00273.jpg'><img src=http:\/\/extra.inmontanis.info\/d\/74207-3\/DSC00273.jpg \/><\/a><br \/>\n^ Stra\u00dfenarbeiterh\u00e4uschen<\/p>\n<p><a href='http:\/\/extra.inmontanis.info\/d\/74212-2\/DSC00274.jpg'><img src=http:\/\/extra.inmontanis.info\/d\/74211-3\/DSC00274.jpg \/><\/a><br \/>\n^ Stra\u00dfenarbeiterh\u00e4uschen. Das ist nicht einfach im Museum nachgebaut oder innen aufgestellt worden, nein:<\/p>\n<p><a href='http:\/\/extra.inmontanis.info\/d\/74216-2\/DSC00300.jpg'><img src=http:\/\/extra.inmontanis.info\/d\/74215-3\/DSC00300.jpg \/><\/a><br \/>\n^ .. von au\u00dfen schaut das so aus.<\/p>\n<p><a href='http:\/\/extra.inmontanis.info\/d\/74220-2\/DSC00275.jpg'><img src=http:\/\/extra.inmontanis.info\/d\/74219-3\/DSC00275.jpg \/><\/a><br \/>\n^ <\/p>\n<p><a href='http:\/\/extra.inmontanis.info\/d\/74224-3\/DSC00278.jpg'><img src=http:\/\/extra.inmontanis.info\/d\/74223-3\/DSC00278.jpg \/><\/a><br \/>\n^ Viel zu langes Auto, aber .. schon sch\u00f6n mit den Heckflossen<\/p>\n<p><a href='http:\/\/extra.inmontanis.info\/d\/74228-3\/DSC00282.jpg'><img src=http:\/\/extra.inmontanis.info\/d\/74227-3\/DSC00282.jpg \/><\/a><br \/>\n^ <\/p>\n<p><a href='http:\/\/extra.inmontanis.info\/d\/74232-3\/DSC00286.jpg'><img src=http:\/\/extra.inmontanis.info\/d\/74231-3\/DSC00286.jpg \/><\/a><br \/>\n^ <\/p>\n<p><a href='http:\/\/extra.inmontanis.info\/d\/74236-3\/DSC00290.jpg'><img src=http:\/\/extra.inmontanis.info\/d\/74235-3\/DSC00290.jpg \/><\/a><br \/>\n^ Es gab zahlreiche Filmprojektionen, hier vom Krieg, mit aktiviertem Ton. Das Telefon klingelt auch noch. In Summe ein ziemlicher L\u00e4rm hier unten<\/p>\n<p><a href='http:\/\/extra.inmontanis.info\/d\/74240-3\/DSC00293.jpg'><img src=http:\/\/extra.inmontanis.info\/d\/74239-3\/DSC00293.jpg \/><\/a><br \/>\n^ <\/p>\n<p><a href='http:\/\/extra.inmontanis.info\/d\/74244-3\/DSC00294.jpg'><img src=http:\/\/extra.inmontanis.info\/d\/74243-3\/DSC00294.jpg \/><\/a><br \/>\n^ Interessant und mir bisher nicht so aktiv bewusst: Durch die hohe Todesrate der Pest litten in Folge auch die damaligen Wege und Stra\u00dfen<\/p>\n<p><a href='http:\/\/extra.inmontanis.info\/d\/74248-3\/DSC00296.jpg'><img src=http:\/\/extra.inmontanis.info\/d\/74247-3\/DSC00296.jpg \/><\/a><br \/>\n^ N\u00e4chstes Projektionsspektakel, die 3 erz\u00e4hlen auf norwegisch irgendeine Geschichte. Ein zweiter Projektor projeziert die auf dem Tisch umherlaufende Ratte..<\/p>\n<p><a href='http:\/\/extra.inmontanis.info\/d\/74252-3\/DSC00303.jpg'><img src=http:\/\/extra.inmontanis.info\/d\/74251-3\/DSC00303.jpg \/><\/a><br \/>\n^ Am Au\u00dfengel\u00e4nde gibts ein weitl\u00e4ufiges Freilichtmuseum, wobei s\u00e4mtliche H\u00e4user zumindest jetzt im Winter geschlossen sind. Mag im Hochsommer anders sein.<\/p>\n<p><a href='http:\/\/extra.inmontanis.info\/d\/74256-3\/DSC00305.jpg'><img src=http:\/\/extra.inmontanis.info\/d\/74255-3\/DSC00305.jpg \/><\/a><br \/>\n^ <\/p>\n<p><a href='http:\/\/extra.inmontanis.info\/d\/74260-3\/DSC00307.jpg'><img src=http:\/\/extra.inmontanis.info\/d\/74259-3\/DSC00307.jpg \/><\/a><br \/>\n^ Autof\u00e4hre von 1957<\/p>\n<p><a href='http:\/\/extra.inmontanis.info\/d\/74264-3\/DSC00309.jpg'><img src=http:\/\/extra.inmontanis.info\/d\/74263-3\/DSC00309.jpg \/><\/a><br \/>\n^ Maschine um Steine zu zerkleinern<\/p>\n<p><a href='http:\/\/extra.inmontanis.info\/d\/74268-3\/DSC00312.jpg'><img src=http:\/\/extra.inmontanis.info\/d\/74267-3\/DSC00312.jpg \/><\/a><br \/>\n^ Erinnert mich an die ineffizienten Schneer\u00e4umer in der T\u00fcrkei, die teilweise eher glaub ich ohne das vordere Schild gefahren sind ..<\/p>\n<p><a href='http:\/\/extra.inmontanis.info\/d\/74272-3\/DSC00314.jpg'><img src=http:\/\/extra.inmontanis.info\/d\/74271-3\/DSC00314.jpg \/><\/a><br \/>\n^ <\/p>\n<p><a href='http:\/\/extra.inmontanis.info\/d\/74276-3\/DSC00316.jpg'><img src=http:\/\/extra.inmontanis.info\/d\/74275-3\/DSC00316.jpg \/><\/a><br \/>\n^ Lt. Infotafel ist dort ein Motor eingebaut, der zum Aufw\u00e4rmen mit Benzin l\u00e4uft und dann auf Diesel umgeschaltet werden kann. Was es nicht alles gibt.<\/p>\n<p><a href='http:\/\/extra.inmontanis.info\/d\/74280-3\/DSC00319.jpg'><img src=http:\/\/extra.inmontanis.info\/d\/74279-3\/DSC00319.jpg \/><\/a><br \/>\n^ Verschiedene Schneefr\u00e4sen stehen auch rum<\/p>\n<p><a href='http:\/\/extra.inmontanis.info\/d\/74284-3\/DSC00320.jpg'><img src=http:\/\/extra.inmontanis.info\/d\/74283-3\/DSC00320.jpg \/><\/a><br \/>\n^ <\/p>\n<p><a href='http:\/\/extra.inmontanis.info\/d\/74288-3\/DSC00323.jpg'><img src=http:\/\/extra.inmontanis.info\/d\/74287-3\/DSC00323.jpg \/><\/a><br \/>\n^ <\/p>\n<p><a href='http:\/\/extra.inmontanis.info\/d\/74292-3\/DSC00326.jpg'><img src=http:\/\/extra.inmontanis.info\/d\/74291-3\/DSC00326.jpg \/><\/a><br \/>\n^ <\/p>\n<p><a href='http:\/\/extra.inmontanis.info\/d\/74296-3\/DSC00327.jpg'><img src=http:\/\/extra.inmontanis.info\/d\/74295-3\/DSC00327.jpg \/><\/a><br \/>\n^ Das Bergsprengmuseum hat nur in der Hochsaison im Sommer offen<\/p>\n<p><a href='http:\/\/extra.inmontanis.info\/d\/74300-3\/DSC00328.jpg'><img src=http:\/\/extra.inmontanis.info\/d\/74299-3\/DSC00328.jpg \/><\/a><br \/>\n^ <\/p>\n<p><a href='http:\/\/extra.inmontanis.info\/d\/74304-3\/DSC00330.jpg'><img src=http:\/\/extra.inmontanis.info\/d\/74303-3\/DSC00330.jpg \/><\/a><br \/>\n^ Riesiger Bagger, 7m hoch, 13m lang, 6.4m breit<\/p>\n<p><a href='http:\/\/extra.inmontanis.info\/d\/74308-3\/DSC00333.jpg'><img src=http:\/\/extra.inmontanis.info\/d\/74307-3\/DSC00333.jpg \/><\/a><br \/>\n^ 120 Tonnen Eigengewicht<\/p>\n<p><a href='http:\/\/extra.inmontanis.info\/d\/74312-3\/DSC00336.jpg'><img src=http:\/\/extra.inmontanis.info\/d\/74311-4\/DSC00336.jpg \/><\/a><br \/>\n^ <\/p>\n<p><a href='http:\/\/extra.inmontanis.info\/d\/74316-3\/DSC00343.jpg'><img src=http:\/\/extra.inmontanis.info\/d\/74315-4\/DSC00343.jpg \/><\/a><br \/>\n^ .. und eine alte Tankstelle wurde auch hier her transferiert<\/p>\n<p><a href='http:\/\/extra.inmontanis.info\/d\/74320-3\/DSC00338.jpg'><img src=http:\/\/extra.inmontanis.info\/d\/74319-4\/DSC00338.jpg \/><\/a><br \/>\n^ <\/p>\n<p><a href='http:\/\/extra.inmontanis.info\/d\/74324-3\/DSC00340.jpg'><img src=http:\/\/extra.inmontanis.info\/d\/74323-4\/DSC00340.jpg \/><\/a><br \/>\n^ Die Zapfs\u00e4ulen haben nur 1 Zapfhahn, aber..<\/p>\n<p><a href='http:\/\/extra.inmontanis.info\/d\/74328-3\/DSC00341.jpg'><img src=http:\/\/extra.inmontanis.info\/d\/74327-4\/DSC00341.jpg \/><\/a><br \/>\n^ .. identische Anzeigen auf beiden Seiten<\/p>\n<p><a href='http:\/\/extra.inmontanis.info\/d\/74332-3\/DSC00344.jpg'><img src=http:\/\/extra.inmontanis.info\/d\/74331-3\/DSC00344.jpg \/><\/a><br \/>\n^ Alter Campingkiosk<\/p>\n<p><a href='http:\/\/extra.inmontanis.info\/d\/74336-3\/DSC00345.jpg'><img src=http:\/\/extra.inmontanis.info\/d\/74335-4\/DSC00345.jpg \/><\/a><br \/>\n^ Alter Campingkiosk<\/p>\n<p>Wie schon gesagt ist der Eintritt gratis, aber das Parken kostet was. Kennzeichen wird via Cam beim Ein- und Ausfahren gescannt und dann kann man entweder mittels des Automaten vor Ort, via Website oder App oder sp\u00e4terer Rechnung mit Strafzahlungsaufpreis, bezahlen.<\/p>\n<p>Leider ging das Bezahlen am Automat nicht, er kannte mein Kennzeichen nicht. Vielleicht falsch erkannt? Das Bundeslandwappen zwischen den ersten Buchstaben als irgendeinen falschen Buchstaben entziffert? Oder 0 und O verwechselt? Ich probierte sp\u00e4ter im Internet allerlei Varinten aus, aber es hie\u00df immer, dass es keine offene Zahlung gibt. Nervt mich schon wieder, diese bescheuerten, neumodischen Parkgeb\u00fchren da.<\/p>\n<p>Hab eine EMail geschrieben, aber auch noch Tage danach keine Antwort erhalten, au\u00dfer einem Autoreply, dass die Anfrage angekommen sei. <\/p>\n<p><a href='http:\/\/extra.inmontanis.info\/d\/74340-3\/DSC00347.jpg'><img src=http:\/\/extra.inmontanis.info\/d\/74339-4\/DSC00347.jpg \/><\/a><br \/>\n^ Die Bobbahn ist in der N\u00e4he vom Museum<\/p>\n<p>Weit fahren wollt ich heute nat\u00fcrlich auch nicht mehr, aber unten im Tal und bei den vielen St\u00e4dten gibt&#8217;s wohl nix brauchbares. Etwas fahren musste ich n\u00e4mlich schon noch, weil die Batterie recht leer war, also wenigstens eine knappe Stunde aufladen. Dass der Parkplatz dann ein paar hundert H\u00f6henmeter weiter oben liegen w\u00fcrde, h\u00e4tt ich nicht erwartet. Oben angekommen war der Batteriestand bei ca. 30%, wobei ich morgen fr\u00fch noch eine halbe Stunde zu einem Rastplatz an der E6 fahren werde.<\/p>\n<p>&#8212;<\/p>\n<p>&#8220;Nebenthema Corona&#8221;: Strafzahlungen und Praktiken der Pharmakonzerne in der Vergangenheit &#8211; aber nat\u00fcrlich undenkbar, dass bei den Corona-Impfstoffen alles sauber verl\u00e4uft?<br \/>\n<a href='https:\/\/www.nachdenkseiten.de\/?p=78199'>https:\/\/www.nachdenkseiten.de\/?p=78199<\/a><\/p>\n","protected":false},"excerpt":{"rendered":"<p>23.11.2021<\/p>\n<p>Heute ging&#8217;s also in das norwegische Stra\u00dfen- bzw. Automuseum (getrennte H\u00e4user), im Sommer gibt&#8217;s noch das Bergsprengmuseum und evtl. sind im Sommer auch die ganzen Freilichtmuseumsh\u00e4user offen &#8211; dann braucht man wesentlich mehr Zeit, so kam ich heut doch problemlos von ca. 11-15 Uhr durch. Los war so gut wie nix, also max. 10 <a href=\"http:\/\/blog.inmontanis.info\/?p=7287\">[&#8230;]<\/a><\/p>\n","protected":false},"author":1,"featured_media":7291,"comment_status":"closed","ping_status":"closed","sticky":false,"template":"","format":"standard","meta":{"footnotes":""},"categories":[185,18,59],"tags":[],"class_list":["post-7287","post","type-post","status-publish","format-standard","has-post-thumbnail","hentry","category-2021-08-skandinavien","category-norwegennorway","category-nostalgie","odd"],"_links":{"self":[{"href":"http:\/\/blog.inmontanis.info\/index.php?rest_route=\/wp\/v2\/posts\/7287","targetHints":{"allow":["GET"]}}],"collection":[{"href":"http:\/\/blog.inmontanis.info\/index.php?rest_route=\/wp\/v2\/posts"}],"about":[{"href":"http:\/\/blog.inmontanis.info\/index.php?rest_route=\/wp\/v2\/types\/post"}],"author":[{"embeddable":true,"href":"http:\/\/blog.inmontanis.info\/index.php?rest_route=\/wp\/v2\/users\/1"}],"replies":[{"embeddable":true,"href":"http:\/\/blog.inmontanis.info\/index.php?rest_route=%2Fwp%2Fv2%2Fcomments&post=7287"}],"version-history":[{"count":3,"href":"http:\/\/blog.inmontanis.info\/index.php?rest_route=\/wp\/v2\/posts\/7287\/revisions"}],"predecessor-version":[{"id":7290,"href":"http:\/\/blog.inmontanis.info\/index.php?rest_route=\/wp\/v2\/posts\/7287\/revisions\/7290"}],"wp:featuredmedia":[{"embeddable":true,"href":"http:\/\/blog.inmontanis.info\/index.php?rest_route=\/wp\/v2\/media\/7291"}],"wp:attachment":[{"href":"http:\/\/blog.inmontanis.info\/index.php?rest_route=%2Fwp%2Fv2%2Fmedia&parent=7287"}],"wp:term":[{"taxonomy":"category","embeddable":true,"href":"http:\/\/blog.inmontanis.info\/index.php?rest_route=%2Fwp%2Fv2%2Fcategories&post=7287"},{"taxonomy":"post_tag","embeddable":true,"href":"http:\/\/blog.inmontanis.info\/index.php?rest_route=%2Fwp%2Fv2%2Ftags&post=7287"}],"curies":[{"name":"wp","href":"https:\/\/api.w.org\/{rel}","templated":true}]}}