{"id":7281,"date":"2021-11-22T17:01:57","date_gmt":"2021-11-22T16:01:57","guid":{"rendered":"http:\/\/blog.inmontanis.info\/?p=7281"},"modified":"2021-11-26T17:26:54","modified_gmt":"2021-11-26T16:26:54","slug":"kvitfjell-lillehammer-20-22-11-2021","status":"publish","type":"post","link":"http:\/\/blog.inmontanis.info\/?p=7281","title":{"rendered":"Kvitfjell \/ Lillehammer, 20.-22.11.2021"},"content":{"rendered":"<p><strong>20.11.2021<\/strong><\/p>\n<p>Da ich morgen, Sonntag, in Lillehammer ja nicht einkaufen kann, war es wieder ein &#8220;fauler&#8221; \/ unn\u00fctzer Tag. Sah mir heute mal etwas die Nord-Ostseite vom Skigebiet Kvitfjell an, das ja schon ca. am ersten November-WE h\u00e4tte aufsperren wollen, es aber immer noch nicht kann.<\/p>\n<p><a href='http:\/\/extra.inmontanis.info\/d\/73982-2\/DSC00146.jpg'><img src=http:\/\/extra.inmontanis.info\/d\/73981-3\/DSC00146.jpg \/><\/a><\/p>\n<p><a href='http:\/\/ski.inmontanis.info\/d\/298471-2\/DSC00152.jpg'><img src=http:\/\/ski.inmontanis.info\/d\/298469-3\/DSC00152.jpg \/><\/a><br \/>\n^ Kvitfjell &#8211; Nord\/Ostseite, ganz sch\u00f6n steil<\/p>\n<p><a href='http:\/\/ski.inmontanis.info\/d\/298475-2\/DSC00155.jpg'><img src=http:\/\/ski.inmontanis.info\/d\/298474-3\/DSC00155.jpg \/><\/a><br \/>\n^ <\/p>\n<p><a href='http:\/\/ski.inmontanis.info\/d\/298479-2\/DSC00158.jpg'><img src=http:\/\/ski.inmontanis.info\/d\/298478-3\/DSC00158.jpg \/><\/a><br \/>\n^ <\/p>\n<p><a href='http:\/\/ski.inmontanis.info\/d\/298483-2\/DSC00159.jpg'><img src=http:\/\/ski.inmontanis.info\/d\/298482-3\/DSC00159.jpg \/><\/a><br \/>\n^ Auf dem Sat-Bild in GE von irgendwann waren hier einige Schneedepots zu sehen &#8211; wenn es die heuer aber geben w\u00fcrde, h\u00e4tte man die Saison ja schon er\u00f6ffnen k\u00f6nnen?! \u00dcbrigens gibts eine KSB samt Abfahrt vom Tal aus.<\/p>\n<p><strong>21.11.2021<\/strong><\/p>\n<p>Weiter ging es heute fr\u00fch mit dem S\u00fcd-West-Teil vom Skigebiet Kvitfjell, das vom Tal aus extra anzufahren ist:<\/p>\n<p><a href='http:\/\/ski.inmontanis.info\/d\/298487-2\/DSC00163.jpg'><img src=http:\/\/ski.inmontanis.info\/d\/298486-3\/DSC00163.jpg \/><\/a><br \/>\n^ Blick ins Tal, wo etwas s\u00fcdlicher  auch Lillehammer kommt<\/p>\n<p><a href='http:\/\/ski.inmontanis.info\/d\/298491-2\/DSC00170.jpg'><img src=http:\/\/ski.inmontanis.info\/d\/298490-3\/DSC00170.jpg \/><\/a><br \/>\n^ Auffahrt Westseite, links mit einem flachen Hang, an dem eine Bahn und dem Berg hinauf lauter Ferienh\u00e4user gebaut wurden. Solche Skigebiete, merkte ich schon in Schweden letzten Winter, mag ich ja nicht sonderlich.<\/p>\n<p><a href='http:\/\/ski.inmontanis.info\/d\/298495-2\/DSC00173.jpg'><img src=http:\/\/ski.inmontanis.info\/d\/298494-3\/DSC00173.jpg \/><\/a><br \/>\n^ West\/S\u00fcdseite ist flacher<\/p>\n<p><a href='http:\/\/ski.inmontanis.info\/d\/298499-2\/DSC00174.jpg'><img src=http:\/\/ski.inmontanis.info\/d\/298498-3\/DSC00174.jpg \/><\/a><br \/>\n^ <\/p>\n<p>Kam heute zuf\u00e4llig am Norsk Vegmuseum (Stra\u00dfen+Fahrzeugmseum) vorbei, wollte aber nicht zu fr\u00fch so nah bei Lillehammer sein und da es im Winter nur von 10-15 Uhr offen hat, war mir das heute zu stressig. Eintritt ist gratis, Parken kostet ca. 7 \u20ac. Morgen Montag ist es geschlossen, am Dienstag w\u00e4r es wieder offen &#8211; also vielleicht dann, m\u00fcsste man halt wieder ein paar km zur\u00fcck fahren.<\/p>\n<p><a href='http:\/\/extra.inmontanis.info\/d\/73996-2\/DSC00179.jpg'><img src=http:\/\/extra.inmontanis.info\/d\/73994-3\/DSC00179.jpg \/><\/a><br \/>\n^ Skigebiet Hafjell<\/p>\n<p><a href='http:\/\/extra.inmontanis.info\/d\/74000-2\/DSC00182.jpg'><img src=http:\/\/extra.inmontanis.info\/d\/73999-3\/DSC00182.jpg \/><\/a><br \/>\n^ Skigebiet Hafjell<\/p>\n<p><a href='http:\/\/extra.inmontanis.info\/d\/74004-2\/DSC00184.jpg'><img src=http:\/\/extra.inmontanis.info\/d\/74003-3\/DSC00184.jpg \/><\/a><br \/>\n^ .. na da geht n\u00e4chstes WE auch nix<\/p>\n<p><a href='http:\/\/extra.inmontanis.info\/d\/74008-2\/DSC00193.jpg'><img src=http:\/\/extra.inmontanis.info\/d\/74007-3\/DSC00193.jpg \/><\/a><br \/>\n^ Lillehammer von oben<\/p>\n<p>Zuf\u00e4llig nachmittags noch auf der Karte entdeckt, dass es in Lillehammer einen McD gibt, der sogar 24h offen hat. Vielleicht g\u00e4be es ja Fr\u00fchst\u00fcck? Sollte ich vielleicht morgen fr\u00fch mal hinfahren..<\/p>\n<p>Zum Thema geplante Impfpflicht in \u00d6sterreich, hab da die letzten Tage noch etwas im Web rumgesucht und gelesen. <\/p>\n<p>Zitat aus dem Standard:<\/p>\n<blockquote><p>Offen ist auch, ob die neue Regel nur f\u00fcr Personen mit \u00f6sterreichischer Staatsb\u00fcrgerschaft gelten wird oder f\u00fcr alle, die sich in \u00d6sterreich aufhalten \u2013 Letzteres w\u00fcrde dann auch den Tourismus betreffen. Klar ist, dass die Impfpflicht nur so lange gelten kann, solange sie notwendig ist \u2013 alles andere w\u00e4re unverh\u00e4ltnism\u00e4\u00dfig. &#8220;Das geht nur, solange die Impfung evidenzbasiert die beste L\u00f6sung ist. Wenn das wegf\u00e4llt, muss die Impfpflicht fallen&#8221;.<br \/>\nEine andere M\u00f6glichkeit w\u00e4re laut Klete\u010dka-Pulker, dass man die Arbeitgeber zur Verantwortung zieht: &#8220;Man k\u00f6nnte festlegen, dass ein Arbeitgeber ungeimpfte Personen nicht anstellen darf und dieser dann eine Verwaltungsstrafe zahlt, wenn er Ungeimpfte besch\u00e4ftigt.&#8221;<\/p><\/blockquote>\n<p><a href='https:\/\/www.derstandard.at\/story\/2000131279644\/allgemeine-impfpflicht-was-ist-schon-fix-welche-fragen-sind-offen'>https:\/\/www.derstandard.at\/story\/2000131279644\/allgemeine-impfpflicht-was-ist-schon-fix-welche-fragen-sind-offen<\/a><\/p>\n<p>Also scheint derzeit alles m\u00f6glich zu sein &#8211; von &#8220;ich kann die Arbeit behalten und in \u00d6sterreich wohnhaft bleiben (weil kein \u00f6sterreichischer Staatsb\u00fcrger)&#8221; bis hin zu &#8220;ich muss \u00d6sterreich verlassen und mich in der Arbeit k\u00fcndigen lassen&#8221;. <\/p>\n<p>Zudem wird wohl kein Impfzwang, sondern nur eine Impfpflicht eingef\u00fchrt, d.h. wer sich nicht impfen lassen will, wird nicht zwangsgeimpft, sondern eben &#8220;nur&#8221; bestraft und diese Strafe darf ggf. wohl nur einmal passieren. Unterm Strich wird das also vermutlich viel g\u00fcnstiger kommen, als sich in Schweden eine Wohnung f\u00fcr ein paar Monate zu mieten (oder sich gar was zu kaufen) .. <\/p>\n<p>Ein anderes Problem, das ich evtl. beim Fahrzeug abmelden \/ ummelden haben w\u00fcrde: Ich hab ja die anderen Teile vom Typenschein etc.  nicht dabei.. Auch interessant: Autokennzeichen werden in Schweden anscheinend per Post an die schwedische Wohnadresse geschickt &#8211; also kann man nicht irgendwo einfach abholen. (Vielleicht anders, wenn man ein Auto bei einem H\u00e4ndler in Schweden kauft?! Irgendein gebrauchtes Fzg in Schweden zu kaufen w\u00e4r dann eh noch eine Alternative ..)<\/p>\n<p>Offen bleibt also nicht nur, wie hoch und h\u00e4ufig die Strafen sind, sondern auch f\u00fcr wen (und wie lang) das gilt. Bei einem einmaligen, 3-stelligen Betrag w\u00e4re es wohl g\u00fcnstiger zu zahlen als Wohnung und Auto in Schweden mieten\/anmelden. Bei momentan teilweise  genannten 3.500,- \u20ac w\u00e4re die Sache klar, was ich mach.<\/p>\n<p>Also werd ich mal den Gesetzestext abwarten. Aber ich geh eh davon aus, dass sie es nicht umsetzen werden k\u00f6nnen. Selbst aus Th\u00fcringen soll&#8217;s jetzt eine Studie geben, die eine h\u00f6here \u00dcbersterblichkeit bei h\u00f6herer Impfrate zeigt. (Albern w\u00e4r ja z.B. falls die Senioren durch die Impfung zwar Covid \u00fcberstehen w\u00fcrden, danach aber gerade wegen der Impfung ein paar Monate\/Jahre fr\u00fcher sterben w\u00fcrden. Dann h\u00e4tte die Impfung im ersten Moment geholfen &#8211; aber den zweiten Aspekt w\u00fcrde man nicht so leicht nachvollziehen k\u00f6nnen &#8230;)<\/p>\n<p><strong>22.11.2021<\/strong><\/p>\n<p><a href='http:\/\/extra.inmontanis.info\/d\/74012-2\/DSC00197.jpg'><img src=http:\/\/extra.inmontanis.info\/d\/74011-3\/DSC00197.jpg \/><\/a><br \/>\n^ Lillehammer am Morgen um 7 Uhr<\/p>\n<p>Am McD gegen 7\/7:30 Uhr absolut tote Hose, sowohl innen wie am McDrive. Faszinierend. Nahm mir einen McMuffin mit Ei, Fleisch und extra Bacon plus R\u00f6sti mit und fuhr dann zum n\u00e4chsten Rastplatz an der E6, anstatt den Vormittag hier zu verbringen, bevor ich wieder zu Mittag hier her zur\u00fcck fuhr &#8211; nicht wegen McD, sondern wegen Einkaufen. <\/p>\n<p><a href='http:\/\/extra.inmontanis.info\/d\/74016-2\/DSC00199.jpg'><img src=http:\/\/extra.inmontanis.info\/d\/74015-3\/DSC00199.jpg \/><\/a><br \/>\n^ Lillehammer um 8:18 Uhr von Gegen\u00fcber<\/p>\n<p>Heute mal wieder gro\u00dfer, maskenfreier Einkaufstag (sorry an all die, die beides zur Zeit nicht k\u00f6nnen&#8230;).<\/p>\n<p>Der Schuhtrockner hatte dann doch keine 18kg gewogen (vielleicht 1,8kg) und somit hab ich die (ja, teuren) 170 \u20ac in dieses norwegische Designerprodukt investiert.<\/p>\n<p>Vorteile, wie glaub schon gesagt: einstellbare L\u00fcftergeschwindigkeit und einstellbare Temperatur (37\/45\/60\u00b0), 750W Heizleistung, sowie 10h-Timer und durch die 4 verstellbaren Schl\u00e4uche kann ich die warme Luft gleich etwas verteilen. Nachteil, etwas gro\u00df und muss halt irgendwo verstaut werden.<\/p>\n<p>Im Auto gleich mal kurz getestet, ob funktioniert, ist auch in leiser L\u00fcfterstufe nicht wirklich leise, aber funktioniert und auch die W\u00e4rme l\u00e4uft. An einem Campingplatz werd ichs dann voraussichtlich n\u00e4chste Woche testen, wenn dann hoffentlich endlich Skigebiete \u00f6ffnen. Mit der Batterie kann ichs nat\u00fcrlich nicht dauerhaft laufen lassen, br\u00e4uchte viel zu viel Strom.<\/p>\n<p><a href='http:\/\/extra.inmontanis.info\/d\/73986-2\/DSC00203.jpg'><img src=http:\/\/extra.inmontanis.info\/d\/73985-3\/DSC00203.jpg \/><\/a><br \/>\n^ Der teure, norwegische 750W-Schuhtrockner, der auf Campingpl\u00e4tzen dann mein Auto w\u00e4rmen soll. Die LEDs rundherum sind 3-farbig (Gr\u00fcn\/Blau\/Rot) und recht hell, was also ggf. etwas st\u00f6rend werden k\u00f6nnte.<\/p>\n<p><a href='http:\/\/extra.inmontanis.info\/d\/73990-2\/DSC00205.jpg'><img src=http:\/\/extra.inmontanis.info\/d\/73989-3\/DSC00205.jpg \/><\/a><br \/>\n^ 15m-CEE-Verl\u00e4ngerungskabel f\u00fcr Campingpl\u00e4tze und ein kompakter 4-Fach-Schuko-Steckdosenverteiler mit eingebautem USB-Lader<\/p>\n<p>Somit sollte ich jetzt alles haben und das mal an einem Campingplatz ausprobieren k\u00f6nnen.<\/p>\n<p>Wusste gar nicht, dass es neuerdings in Norwegen eine Alpin-Skihalle gibt (n\u00e4he Oslo und will gleich mal die weltgr\u00f6\u00dfte oder zumindest eine davon sein) &#8211; nicht, dass ich da jetzt hinfahren m\u00f6chte .. obwohl, es gibt neben der SB auch einen KSSL! Im Sommer w\u00e4r ich da vielleicht vorbeigefahren, wenn ich das gewusst h\u00e4tte..<\/p>\n<p>Hatte ich letztens nicht geschrieben, dass das Bluetooth-Autoconnectproblem vom Handy mit dem einen der beiden Lautsprecher gel\u00f6st sei? Das hatte wirklich einige Tage funktioniert, dass sich das Handy nur dann verbunden hatte, wenn ich den LS aktiv ausgew\u00e4hlt hab &#8211; seit gestern ist dagegen wieder Autoconnect angesagt, selbst bei Handy im Schlafmodus (also ausgeschaltetem Display). Und auch nach dem generellen Ausschalten von Bluetooth schaltet es sich auch gleich wieder ein :( doch nix behoben vor ein paar Tagen.<\/p>\n<p>Das Auto-Einschalten scheint wohl an der App f\u00fcr die Liontron-Batterie zu liegen und der daf\u00fcr n\u00f6tigen App-Berechtigung &#8220;Standort&#8221;. Selbige Berechtigung will auch die App f\u00fcr den K\u00fchlschrank.  Was ja eigentlich komplett irrelevant sein sollte, was hat Standort\/GPS-Dienste denn mit Bluetooth zu tun, das ist ein Netzwerkdienst?!<\/p>\n<p>Die K\u00fchlschrank-App funktioniert auch trotzdem, wenn man das Recht verweigert und die Meldung wegklickt, die Battery-App nicht. Warum die App dann im Hintergrund das BT wieder einschalten darf, ist mir zudem ein R\u00e4tsel. Selbst wenn das Standort-Recht deaktiviert ist und obwohl die App sich dann weigert, Bluetooth-Devices anzuzeigen, startet sie den BT-Dienst und zeigt weiterhin keine Ger\u00e4te an. Die heutigen Programmierer (mich ausgenommen ;) ) sind solche Nervbatzen..<\/p>\n<p>Heutiger Pastasaucentest: Tomatensauce (mit Basilikum+Knoblauch, 2-3 L\u00f6ffel) + Erdnussbutter (1\/2 L\u00f6ffel) + paar Spritzer Sojassauce + R\u00e4ucherlachs + Parmesan.  Naja. Den Lachs sieht und merkt man im Gegensatz zum Pesto Genovese in dem Fall gar nicht.<\/p>\n<p>Hier noch ein paar Bilder vom 23.11., weil thematisch passend. Umfangreicher Bildbericht vom Stra\u00dfen- und Fahrzeugmuseumbesuch am 23.11. kommt extra.<\/p>\n<p><a href='http:\/\/extra.inmontanis.info\/d\/74020-2\/DSC00352.jpg'><img src=http:\/\/extra.inmontanis.info\/d\/74019-3\/DSC00352.jpg \/><\/a><br \/>\n^ Lillehammer am n\u00e4chsten Tag um 15:30 Uhr von gegen\u00fcber<\/p>\n<p><a href='http:\/\/extra.inmontanis.info\/d\/74024-2\/DSC00356.jpg'><img src=http:\/\/extra.inmontanis.info\/d\/74023-3\/DSC00356.jpg \/><\/a><br \/>\n^ Rote Wolken um 15:34 Uhr<\/p>\n<p><a href='http:\/\/extra.inmontanis.info\/d\/74028-2\/DSC00357.jpg'><img src=http:\/\/extra.inmontanis.info\/d\/74027-3\/DSC00357.jpg \/><\/a><br \/>\n^ <\/p>\n<p><a href='http:\/\/extra.inmontanis.info\/d\/74032-2\/DSC00360.jpg'><img src=http:\/\/extra.inmontanis.info\/d\/74031-3\/DSC00360.jpg \/><\/a><br \/>\n^ Rote Wolken um 15:42 Uhr<\/p>\n<p><a href='http:\/\/extra.inmontanis.info\/d\/74036-2\/DSC00361.jpg'><img src=http:\/\/extra.inmontanis.info\/d\/74035-3\/DSC00361.jpg \/><\/a><br \/>\n^ Rote Wolken um 15:46 Uhr. Hier im Norden dauern solch &#8220;epische Sonnenunterg\u00e4nge&#8221; eben l\u00e4nger ;-)<\/p>\n","protected":false},"excerpt":{"rendered":"<p>20.11.2021<\/p>\n<p>Da ich morgen, Sonntag, in Lillehammer ja nicht einkaufen kann, war es wieder ein &#8220;fauler&#8221; \/ unn\u00fctzer Tag. Sah mir heute mal etwas die Nord-Ostseite vom Skigebiet Kvitfjell an, das ja schon ca. am ersten November-WE h\u00e4tte aufsperren wollen, es aber immer noch nicht kann.<\/p>\n<\/p>\n<p> ^ Kvitfjell &#8211; Nord\/Ostseite, ganz sch\u00f6n steil<\/p>\n<p> <a href=\"http:\/\/blog.inmontanis.info\/?p=7281\">[&#8230;]<\/a><\/p>\n","protected":false},"author":1,"featured_media":7285,"comment_status":"closed","ping_status":"closed","sticky":false,"template":"","format":"standard","meta":{"footnotes":""},"categories":[185,18],"tags":[45],"class_list":["post-7281","post","type-post","status-publish","format-standard","has-post-thumbnail","hentry","category-2021-08-skandinavien","category-norwegennorway","tag-see","odd"],"_links":{"self":[{"href":"http:\/\/blog.inmontanis.info\/index.php?rest_route=\/wp\/v2\/posts\/7281","targetHints":{"allow":["GET"]}}],"collection":[{"href":"http:\/\/blog.inmontanis.info\/index.php?rest_route=\/wp\/v2\/posts"}],"about":[{"href":"http:\/\/blog.inmontanis.info\/index.php?rest_route=\/wp\/v2\/types\/post"}],"author":[{"embeddable":true,"href":"http:\/\/blog.inmontanis.info\/index.php?rest_route=\/wp\/v2\/users\/1"}],"replies":[{"embeddable":true,"href":"http:\/\/blog.inmontanis.info\/index.php?rest_route=%2Fwp%2Fv2%2Fcomments&post=7281"}],"version-history":[{"count":4,"href":"http:\/\/blog.inmontanis.info\/index.php?rest_route=\/wp\/v2\/posts\/7281\/revisions"}],"predecessor-version":[{"id":7286,"href":"http:\/\/blog.inmontanis.info\/index.php?rest_route=\/wp\/v2\/posts\/7281\/revisions\/7286"}],"wp:featuredmedia":[{"embeddable":true,"href":"http:\/\/blog.inmontanis.info\/index.php?rest_route=\/wp\/v2\/media\/7285"}],"wp:attachment":[{"href":"http:\/\/blog.inmontanis.info\/index.php?rest_route=%2Fwp%2Fv2%2Fmedia&parent=7281"}],"wp:term":[{"taxonomy":"category","embeddable":true,"href":"http:\/\/blog.inmontanis.info\/index.php?rest_route=%2Fwp%2Fv2%2Fcategories&post=7281"},{"taxonomy":"post_tag","embeddable":true,"href":"http:\/\/blog.inmontanis.info\/index.php?rest_route=%2Fwp%2Fv2%2Ftags&post=7281"}],"curies":[{"name":"wp","href":"https:\/\/api.w.org\/{rel}","templated":true}]}}