{"id":7274,"date":"2021-11-19T20:14:39","date_gmt":"2021-11-19T19:14:39","guid":{"rendered":"http:\/\/blog.inmontanis.info\/?p=7274"},"modified":"2023-08-04T20:54:53","modified_gmt":"2023-08-04T18:54:53","slug":"gala-19-11-2021-bald-umzug-nach-schweden-notig","status":"publish","type":"post","link":"http:\/\/blog.inmontanis.info\/?p=7274","title":{"rendered":"G\u00e5l\u00e5, 19.11.2021 \/ Bald Umzug nach Schweden n\u00f6tig?"},"content":{"rendered":"<p><strong>19.11.2021<\/strong><\/p>\n<p>Bevor ich auf die heute alles in den Schatten stellenden Nachrichten eingehe &#8211; erst noch die Fotos aus G\u00e5l\u00e5:<\/p>\n<p><a href='http:\/\/extra.inmontanis.info\/d\/73938-2\/DSC00101.jpg'><img src=http:\/\/extra.inmontanis.info\/d\/73937-3\/DSC00101.jpg \/><\/a><br \/>\n^ Richtung G\u00e5l\u00e5<\/p>\n<p><a href='http:\/\/ski.inmontanis.info\/d\/298417-2\/DSC00103.jpg'><img src=http:\/\/ski.inmontanis.info\/d\/298415-3\/DSC00103.jpg \/><\/a><br \/>\n^ Skigebiet G\u00e5l\u00e5<\/p>\n<p><a href='http:\/\/ski.inmontanis.info\/d\/298421-2\/DSC00104.jpg'><img src=http:\/\/ski.inmontanis.info\/d\/298420-3\/DSC00104.jpg \/><\/a><br \/>\n^ W\u00e4re genug Schnee f\u00fcr Skibetrieb, w\u00e4re der See vielleicht schon gefroren<\/p>\n<p><a href='http:\/\/ski.inmontanis.info\/d\/298425-2\/DSC00110.jpg'><img src=http:\/\/ski.inmontanis.info\/d\/298424-3\/DSC00110.jpg \/><\/a><br \/>\n^ Auf der linken Seite gibts einen KSSL<\/p>\n<p><a href='http:\/\/ski.inmontanis.info\/d\/298429-2\/DSC00105.jpg'><img src=http:\/\/ski.inmontanis.info\/d\/298428-3\/DSC00105.jpg \/><\/a><br \/>\n^ KSSL-Abfahrten<\/p>\n<p><a href='http:\/\/ski.inmontanis.info\/d\/298433-2\/DSC00107.jpg'><img src=http:\/\/ski.inmontanis.info\/d\/298432-3\/DSC00107.jpg \/><\/a><br \/>\n^ .. auf der anderen Seite gibts eine 3SB oder 4SB. Und jedenfalls auch f\u00fcr eine Skitour nicht sinnvoll genug Schnee. Wobei, so eisig gefroren, wie der Schnee war, h\u00e4tte es zum Abfahren schon gereicht.<\/p>\n<p><a href='http:\/\/ski.inmontanis.info\/d\/298437-2\/DSC00111.jpg'><img src=http:\/\/ski.inmontanis.info\/d\/298436-3\/DSC00111.jpg \/><\/a><br \/>\n^<\/p>\n<p><a href='http:\/\/ski.inmontanis.info\/d\/298441-2\/DSC00113.jpg'><img src=http:\/\/ski.inmontanis.info\/d\/298440-3\/DSC00113.jpg \/><\/a><br \/>\n^ Weiter vorne in Richtung Hotel hinauf gibts noch einen KSSL.<\/p>\n<p><a href='http:\/\/ski.inmontanis.info\/d\/298445-2\/DSC00114.jpg'><img src=http:\/\/ski.inmontanis.info\/d\/298444-3\/DSC00114.jpg \/><\/a><br \/>\n^ Die Auffahrt zum Hotel ist recht steil<\/p>\n<p><a href='http:\/\/ski.inmontanis.info\/d\/298449-2\/DSC00115.jpg'><img src=http:\/\/ski.inmontanis.info\/d\/298448-3\/DSC00115.jpg \/><\/a><br \/>\n^ Rechts endet der KSSL, links geht noch ein weiterer SSL oder so weiter, wohl als \u00dcbungslift<\/p>\n<p><a href='http:\/\/ski.inmontanis.info\/d\/298453-2\/DSC00117.jpg'><img src=http:\/\/ski.inmontanis.info\/d\/298452-3\/DSC00117.jpg \/><\/a><br \/>\n^ Abfahrt und See<\/p>\n<p><a href='http:\/\/ski.inmontanis.info\/d\/298457-2\/DSC00119.jpg'><img src=http:\/\/ski.inmontanis.info\/d\/298456-3\/DSC00119.jpg \/><\/a><br \/>\n^ Oberer Lift mit ungew\u00f6hnlichem Talstationsh\u00e4uschen<\/p>\n<p><a href='http:\/\/ski.inmontanis.info\/d\/298461-2\/DSC00121.jpg'><img src=http:\/\/ski.inmontanis.info\/d\/298460-3\/DSC00121.jpg \/><\/a><br \/>\n^ Blick zu den Sesselbahnh\u00e4ngen gegen\u00fcber<\/p>\n<p><a href='http:\/\/ski.inmontanis.info\/d\/298465-2\/DSC00122.jpg'><img src=http:\/\/ski.inmontanis.info\/d\/298464-3\/DSC00122.jpg \/><\/a><br \/>\n^<\/p>\n<p><a href='http:\/\/extra.inmontanis.info\/d\/73942-2\/DSC00129.jpg'><img src=http:\/\/extra.inmontanis.info\/d\/73941-3\/DSC00129.jpg \/><\/a><br \/>\n^ Parkplatz am Ende der Schlucht bei Harpefoss<\/p>\n<p><a href='http:\/\/extra.inmontanis.info\/d\/73946-2\/DSC00130.jpg'><img src=http:\/\/extra.inmontanis.info\/d\/73945-3\/DSC00130.jpg \/><\/a><br \/>\n^<\/p>\n<p><a href='http:\/\/extra.inmontanis.info\/d\/73950-2\/DSC00131.jpg'><img src=http:\/\/extra.inmontanis.info\/d\/73949-3\/DSC00131.jpg \/><\/a><br \/>\n^ Den halb runterh\u00e4ngenden Baum m\u00f6cht ich ja ungern auf oder neben dem Auto aufschlagen h\u00f6ren. Generell etwas zu d\u00fcster mir, der Platz, zum \u00dcbernachten.<\/p>\n<p><a href='http:\/\/extra.inmontanis.info\/d\/73954-2\/DSC00134.jpg'><img src=http:\/\/extra.inmontanis.info\/d\/73953-3\/DSC00134.jpg \/><\/a><br \/>\n^<\/p>\n<p><a href='http:\/\/extra.inmontanis.info\/d\/73958-2\/DSC00135.jpg'><img src=http:\/\/extra.inmontanis.info\/d\/73957-3\/DSC00135.jpg \/><\/a><br \/>\n^ Faszinierend, wie die Schlucht hier so pl\u00f6tzlich aufh\u00f6rt<\/p>\n<p><a href='http:\/\/extra.inmontanis.info\/d\/73962-2\/DSC00136.jpg'><img src=http:\/\/extra.inmontanis.info\/d\/73961-3\/DSC00136.jpg \/><\/a><br \/>\n^<\/p>\n<p><a href='http:\/\/extra.inmontanis.info\/d\/73966-2\/DSC00138.jpg'><img src=http:\/\/extra.inmontanis.info\/d\/73965-3\/DSC00138.jpg \/><\/a><br \/>\n^ In der N\u00e4he gibt es noch einen Tunnel, wohl beim Bau eines Kraftwerks angefallen<\/p>\n<p><a href='http:\/\/extra.inmontanis.info\/d\/73970-2\/DSC00141.jpg'><img src=http:\/\/extra.inmontanis.info\/d\/73969-3\/DSC00141.jpg \/><\/a><br \/>\n^ Wie so h\u00e4ufg mit Wasser gef\u00fcllt<\/p>\n<p>Noch 2 Fotos vom n\u00e4chsten Tag, weil passend:<\/p>\n<p><a href='http:\/\/extra.inmontanis.info\/d\/73974-3\/DSC00144.jpg'><img src=http:\/\/extra.inmontanis.info\/d\/73973-4\/DSC00144.jpg \/><\/a><br \/>\n^ \u00dcber Nacht ist der Schnee abgetaut &#8211; au\u00dfer den Reifenspuren von gestern.<\/p>\n<p><a href='http:\/\/extra.inmontanis.info\/d\/73978-3\/DSC00145.jpg'><img src=http:\/\/extra.inmontanis.info\/d\/73977-4\/DSC00145.jpg \/><\/a><br \/>\n^<\/p>\n<p>&#8212;<\/p>\n<p>Zu den heutigen Nachrichten: Bundesweiter Lockdown in \u00d6sterreich ab Montag, das wurde ja schon gestern f\u00fcr 2 Bundesl\u00e4nder gesagt, aber es wird noch sinnloser: eine Impfpflicht geplant ab &#8220;sp\u00e4testens Februar 2022&#8221;, f\u00fcr deren Verweigerung Strafen \u00fcber tausende Euros oder Freiheitsentzug geplant sind? Die spinnen ja komplett!?!<\/p>\n<p>Ja, ich wei\u00df, die vielen gekauften\/bestellten Impfdosen m\u00fcssen ja auch unter die Leute kommen und das geht nun mal nur, wenn man den Leuten einreden kann, dass sie sich m\u00f6glichst oft und allesamt impfen lassen m\u00fcssen, aber .. eine generelle Impfpflicht stand in DE+AT bisher doch aus Verh\u00e4ltnism\u00e4\u00dfigkeits- und Haftungsgr\u00fcnden komplett au\u00dfer Frage?!<\/p>\n<p>Ok, noch ist das Gesetz nicht ausgearbeitet, aber so wie&#8217;s ausschaut, werd ich meine Winterreise also mal unterbrechen m\u00fcssen und mir einen Wohnsitz au\u00dferhalb dieser Coronadiktatur suchen m\u00fcssen.<\/p>\n<p>Um einer Bestrafung im Falle einer Impfpflicht zu entgehen, muss ich dann folglich auch meinen Wohnsitz in AT abmelden. K\u00f6nnte auch online gehen. Wobei abzuwarten ist, wie der Gesetzestext aussehen wird &#8211; gilt die Impfpflicht auf Hauptwohnsitz, Nebenwohnsitz und Arbeitsplatz oder ist was davon ausgenommen? Wird es gar f\u00fcr die generelle Einreise gelten? Dazu Auto abmelden \/ in einem anderen Land abmelden, Bankkonten \u00e4ndern (schon allein, damit mir diese Coronafaschisten in \u00d6sterreich die Konten nicht sperren) &#8211; haufenweise nervige Arbeit. Die ich eigentlich sowieso allein aus Protest machen sollte, selbst wenn das Gesetz nicht durchgehen sollte.<\/p>\n<p>Offen bleibt, ob ich mir einen Wohnsitz in Schweden nehme oder wo anders. Deutschland h\u00e4tte nat\u00fcrlich diverse praktische Vorteile aber f\u00e4llt aufgrund Maskenpflichten usw. aus. Au\u00dferdem will zumindest der S\u00f6der auch eine Impfpflicht. Aber in der Vergangenheit wurden ja schon einige Corona-Ma\u00dfnahmen vom deutschen und \u00f6sterreichischen Verfassungsgericht wegen z.B. nicht vorhandener Verh\u00e4ltnism\u00e4\u00dfigkeit nachtr\u00e4glich f\u00fcr nichtig erkl\u00e4rt.<\/p>\n<p>Sehr geil, die Schweden: Um die Zahlen niedrig zu halten, werden seit 1.11. auch keine symptomatischen mehr getestet, sofern sie geimpft sind. D.h. aktuell werden nur Ungeimpfte mit Covidsymptomen getestet. So h\u00e4lt man die Inizidenzzahlen klein. Trotzdem ist lt. Aufstellung der Norweger f\u00fcr die Einreisebestimmungen die Positivit\u00e4tsrate in den schwedischen Regionen nur bei um die 2-8% vs. 1,5% in \u00d6sterreich, wo ja wegen 3G-Pflicht am Arbeitsplatz nun auch die ganzen Gesunden laufend getestet werden?! Der Rest hat dann also normalen Schnupfen usw.?!<\/p>\n<p>Ansonsten sind in Schweden f\u00fcr Norwegen etliche Regionen rot geworden, aber auch 2, direkt hier nahe Norwegen, gr\u00fcn. K\u00f6nnte also auch die Tage nochmal schnell r\u00fcber und wieder her.<\/p>\n<p>Aber auch Schweden scheint wieder \u00fcber irgendwelche Ma\u00dfnahmen nachzudenken bzw. eine Impfpasspflicht o.\u00e4. einf\u00fchren zu wollen. Anscheinend f\u00fcr Theater, Konzerte und andere Indoor-Events \u00fcber 100 Personen. Naja, betrifft mich nicht. Skigebiete und Restaurants bleiben noch frei. Fraglich halt wie lang noch. Nicht dass ich dann gro\u00dfartig umzieh (die Wohnung in AT kann ich ja lassen, ist ja offiziell eh eine Ferienwohnung und mein dortiges Zeug brauch ich ja nicht unbedingt bzw. k\u00f6nnte es mir ohne Wohnsitz eh nicht mehr so einfach holen, sp\u00e4testens wenn dann eine 1G-Pflicht bei Einreise gilt.)<\/p>\n<p>Wie nicht allzu anders zu erwarten, scheint auch Norwegen wieder die Ma\u00dfnahmen verst\u00e4rken zu wollen. Zwar noch keine allgemeinen Masken- oder 3G-Pflichten, aber es soll ab 26.11. wohl wieder Enreiseregistrierung und Einreisetests geben usw. D.h. ich k\u00f6nnte davor noch schnell nach Schweden r\u00fcber und wieder retour, um die 3 Monatsfrist wieder zu starten.<\/p>\n<p>Aber wenn die Impfpflicht in AT kommt, brauch ich ja sowieso bis 1.2. irgendwo einen neuen Wohnsitz und der wird nicht in Norwegen sein, eher in Schweden. Au\u00dfer da gibts bis dahin auch keine bessere Zukunft. Dann wird die Luft wohl d\u00fcnn. Osteurop\u00e4ische L\u00e4nder haben teils noch abstrusere Einreiseregeln inkl. Total\u00fcberwachungshandyapp, Einreisequarant\u00e4ne und den ganzen Dreck oder man darf als Tourist halt gar nicht rein, oft wohl nur, weil die umgekehrt auch derzeit nicht in die EU d\u00fcrfen.<\/p>\n<p>Die Hoffnung auf eine baldige Normalisierung ist heute erstmal gestorben und ich dann wohl auch bald. Ich werd wohl nie wieder nach Italien oder Russland zum Skifahren kommen, nie wieder die alten Trams in UK fahren. Ob es sich dann lohnt, \u00fcberhaupt noch den Wohnsitz zu \u00e4ndern? Ist dann ja wohl eh alles egal, dann kann ich die n\u00e4chsten Monate auch in Norwegen Skifahren, mein Geld verpulvern und mich dann egal wo gesetzlos verhalten bis ich eine sch\u00f6ne Klippe gefunden hab, wenn es bis dahin weiterhin keinen erfolgreichen Widerstand oder neue Hoffnung gibt. (Am n\u00e4chsten Tag las ich, dass UK evtl. im M\u00e4rz 2022 die Pandemie f\u00fcr komplett beendet erkl\u00e4ren will. Schimmer am Horizont?)<\/p>\n<p>Der Schlaf heute Nacht war dadurch jedenfalls sehr gest\u00f6rt.<\/p>\n<p>Mal wieder ein paar alternative Meinungen oder Fakten gef\u00e4llig?<\/p>\n<p>W\u00e4hrend es letztes Jahr in vielen L\u00e4ndern quasi keine &#8220;\u00dcbersterblichkeit&#8221; gab, gibt es diese heuer sehr wohl &#8211; und gerade auch in den L\u00e4nder mit genug hoher Impfquote (z.B. in Deutschland, Schweiz, \u00d6sterreich) und in einer H\u00f6he, die die Covid-Toten \u00fcbertrifft. Der Rest stirbt also vielleicht an diversen Corona-Ma\u00dfnahmen inkl. Impfung.<br \/>\n<a href='https:\/\/report24.news\/uebersterblichkeits-schock-in-oesterreich-bis-zu-33-prozent-zunahme-ab-15-jahren\/?feed_id=7298'>https:\/\/report24.news\/uebersterblichkeits-schock-in-oesterreich-bis-zu-33-prozent-zunahme-ab-15-jahren\/?feed_id=7298<\/a><br \/>\n<a href='https:\/\/reitschuster.de\/post\/auch-im-oktober-wieder-deutliche-uebersterblichkeit-nicht-wegen-corona\/'>https:\/\/reitschuster.de\/post\/auch-im-oktober-wieder-deutliche-uebersterblichkeit-nicht-wegen-corona\/<\/a><\/p>\n<p>Widerlegung des in \u00d6sterreich offiziell Verbreiteten Fakten-Checks z.B. hier:<br \/>\n<a href='https:\/\/report24.news\/luecken-und-fehlerhaft-wie-die-stadt-wien-ueber-impf-fakten-desinformiert\/'>https:\/\/report24.news\/luecken-und-fehlerhaft-wie-die-stadt-wien-ueber-impf-fakten-desinformiert\/<\/a><\/p>\n<p><a href='https:\/\/report24.news\/who-bestaetigt-offiziell-covid-impfung-ist-gefaehrlich-wie-keine-andere\/'>https:\/\/report24.news\/who-bestaetigt-offiziell-covid-impfung-ist-gefaehrlich-wie-keine-andere\/<\/a><\/p>\n<p>Ganz wichtig auch: Keinesfalls weiter Kinder impfen!<br \/>\n<a href='https:\/\/report24.news\/stoppt-die-covid-impfung-von-kindern-und-jugendlichen\/'>https:\/\/report24.news\/stoppt-die-covid-impfung-von-kindern-und-jugendlichen\/<\/a><\/p>\n<p>Widerstand ist Pflicht:<br \/>\n<a href='https:\/\/report24.news\/nicht-geimpfte-gegen-ungeimpfte-es-geht-um-lebenslaenglich-alle-4-monate-spritzen\/'>https:\/\/report24.news\/nicht-geimpfte-gegen-ungeimpfte-es-geht-um-lebenslaenglich-alle-4-monate-spritzen\/<\/a><\/p>\n<p><a href='https:\/\/reitschuster.de\/post\/im-stechschritt-in-den-corona-zwei-klassen-staat\/'>https:\/\/reitschuster.de\/post\/im-stechschritt-in-den-corona-zwei-klassen-staat\/<\/a><\/p>\n<p>Hier noch zusammengefasst 30 gute Gr\u00fcnde, sich nicht impfen zu lassen:<br \/>\n<a href='https:\/\/www.nachdenkseiten.de\/?p=77850'>https:\/\/www.nachdenkseiten.de\/?p=77850<\/a><\/p>\n<p>In Deutschland soll lt. einem Ethikrast-Professor (gehts noch paradoxer?) Ungeimpften die Ausreise verweigert werden:<br \/>\n<a href='https:\/\/www.berliner-zeitung.de\/news\/ethikrat-mitglied-will-ausreiseverbot-fuer-ungeimpfte-li.195069'>https:\/\/www.berliner-zeitung.de\/news\/ethikrat-mitglied-will-ausreiseverbot-fuer-ungeimpfte-li.195069<\/a><br \/>\nObwohl, dann bleiben die Widerst\u00e4ndler im Land und k\u00f6nnen sch\u00f6n rand..\u00e4h..demonstrieren.. In den Niederlanden soll es die Tage ganz sch\u00f6n eskaliert sein &#8211; aber der Widerstand kann wohl bald nur noch mit Gewalt funktionieren, wenn alles andere nichts mehr n\u00fctzt. Radikale staatsgetreue Coronagl\u00e4ubige gegen (durch diese ja quasi selbst) radikalisierten Coronaungl\u00e4ubigen.<\/p>\n","protected":false},"excerpt":{"rendered":"<p>19.11.2021<\/p>\n<p>Bevor ich auf die heute alles in den Schatten stellenden Nachrichten eingehe &#8211; erst noch die Fotos aus G\u00e5l\u00e5:<\/p>\n<p> ^ Richtung G\u00e5l\u00e5<\/p>\n<p> ^ Skigebiet G\u00e5l\u00e5<\/p>\n<p> ^ W\u00e4re genug Schnee f\u00fcr Skibetrieb, w\u00e4re der See vielleicht schon gefroren<\/p>\n<p> ^ Auf der linken Seite gibts einen KSSL<\/p>\n<p> ^ KSSL-Abfahrten<\/p>\n<p> ^ <a href=\"http:\/\/blog.inmontanis.info\/?p=7274\">[&#8230;]<\/a><\/p>\n","protected":false},"author":1,"featured_media":7279,"comment_status":"closed","ping_status":"closed","sticky":false,"template":"","format":"standard","meta":{"footnotes":""},"categories":[185,595,18],"tags":[48,45,47],"class_list":["post-7274","post","type-post","status-publish","format-standard","has-post-thumbnail","hentry","category-2021-08-skandinavien","category-gala","category-norwegennorway","tag-kssl","tag-see","tag-sl","odd"],"_links":{"self":[{"href":"http:\/\/blog.inmontanis.info\/index.php?rest_route=\/wp\/v2\/posts\/7274","targetHints":{"allow":["GET"]}}],"collection":[{"href":"http:\/\/blog.inmontanis.info\/index.php?rest_route=\/wp\/v2\/posts"}],"about":[{"href":"http:\/\/blog.inmontanis.info\/index.php?rest_route=\/wp\/v2\/types\/post"}],"author":[{"embeddable":true,"href":"http:\/\/blog.inmontanis.info\/index.php?rest_route=\/wp\/v2\/users\/1"}],"replies":[{"embeddable":true,"href":"http:\/\/blog.inmontanis.info\/index.php?rest_route=%2Fwp%2Fv2%2Fcomments&post=7274"}],"version-history":[{"count":5,"href":"http:\/\/blog.inmontanis.info\/index.php?rest_route=\/wp\/v2\/posts\/7274\/revisions"}],"predecessor-version":[{"id":7280,"href":"http:\/\/blog.inmontanis.info\/index.php?rest_route=\/wp\/v2\/posts\/7274\/revisions\/7280"}],"wp:featuredmedia":[{"embeddable":true,"href":"http:\/\/blog.inmontanis.info\/index.php?rest_route=\/wp\/v2\/media\/7279"}],"wp:attachment":[{"href":"http:\/\/blog.inmontanis.info\/index.php?rest_route=%2Fwp%2Fv2%2Fmedia&parent=7274"}],"wp:term":[{"taxonomy":"category","embeddable":true,"href":"http:\/\/blog.inmontanis.info\/index.php?rest_route=%2Fwp%2Fv2%2Fcategories&post=7274"},{"taxonomy":"post_tag","embeddable":true,"href":"http:\/\/blog.inmontanis.info\/index.php?rest_route=%2Fwp%2Fv2%2Ftags&post=7274"}],"curies":[{"name":"wp","href":"https:\/\/api.w.org\/{rel}","templated":true}]}}