{"id":7269,"date":"2021-11-18T19:25:27","date_gmt":"2021-11-18T18:25:27","guid":{"rendered":"http:\/\/blog.inmontanis.info\/?p=7269"},"modified":"2021-11-20T19:51:33","modified_gmt":"2021-11-20T18:51:33","slug":"otta-vinstra-16-18-11-2021","status":"publish","type":"post","link":"http:\/\/blog.inmontanis.info\/?p=7269","title":{"rendered":"Otta-Vinstra, 16.-18.11.2021"},"content":{"rendered":"<p><strong>16.11.2021<\/strong> (Teil 2)<\/p>\n<p>In Otta angekommen: Benzin kostet hier \u00fcber 20 Kronen, also \u00fcber 2 \u20ac. Na lecker. Hoffentlich im n\u00e4chsten Ort wieder g\u00fcnstiger. Bei R\u00f8ros hab ich nur etwas \u00fcber 16 Kronen gezahlt.. Gestern in Domb\u00e5s auch unter 18,-. Hier nach dem Einkaufen auch wieder unter 19,-.<br \/>\n(auch in den letzten+n\u00e4chsten Tagen gemerkt: Nachmittags scheint das Benzin immer g\u00fcnstiger zu sein an den selben Tankstellen als mittags..)<\/p>\n<p>Beim Pizzabakeren mich mal f\u00fcr die etwas gr\u00f6\u00dfere Pizza mit d\u00fcnnem Boden entschieden, die kostete ca. 10 \u20ac:<\/p>\n<p><a href='http:\/\/extra.inmontanis.info\/d\/73870-2\/DSC00062.jpg'><img src=http:\/\/extra.inmontanis.info\/d\/73869-3\/DSC00062.jpg \/><\/a><\/p>\n<p><a href='http:\/\/extra.inmontanis.info\/d\/73874-2\/DSC00068.jpg'><img src=http:\/\/extra.inmontanis.info\/d\/73873-3\/DSC00068.jpg \/><\/a><br \/>\n^ Ausblick an einem kleinen Platz neben der Stra\u00dfe oberhalb von Otta (richtung Mysus\u00e6ter)<\/p>\n<p>Abends noch die Einkaufsliste gemacht hinsichtlich Elektrokabelzeug f\u00fcr Campingpl\u00e4tze, mich f\u00fcr diverse Varianten entschieden und nachgeschaut, was es g\u00fcnstiger bei Biltema bzw. Jula gibt. Biltema komm ich evtl. morgen oder \u00fcbermorgen bereits in Vinstra vorbei, Jula gibt&#8217;s erst in Lillehammer. In Lillehammer will ich mir beim dortigen Elkj\u00f8p auch noch einen eventuell passenden (an sich aufh\u00e4ngbaren) Schuhtrockner als Heizer anschauen (750W, 10h Timer, von dem her recht passend, aber: das Teil soll 18kg wiegen. Falls nicht generell die Spezifikationen falsch sind, das w\u00e4re mir nat\u00fcrlich zu schwer. Normalerweise sind die auch leichter &#8230;) &#8211; Alternative w\u00e4re dann der gro\u00dfe L\u00fcfter, den es bei Jula g\u00fcnstiger als bei Biltema gibt. Brandmelder + kleines Feuerl\u00f6schspray w\u00e4r vielleicht auch noch sinnvoll ..<\/p>\n<p>In jedem Fall wird das mit einiger Arbeit verbunden sein an Campingpl\u00e4tzen, Stromkabel am Platz einstecken, durch Fenster ziehen, an Steckdosenverteiler im Innenraum alles anschlie\u00dfen, Heizer positionieren (und bei dem gro\u00dfen Heizer wird das nur von au\u00dfen gehen) &#8230; und das ggf. jeden Tag, wenn man nicht vom Campingplatz direkt zum Lift kann &#8230; bzw. w\u00fcrd ich das Kabel aufgrund des offenen Fensters ja eh nicht bei Abwesenheit h\u00e4ngen lassen wollen. Das darf dann also sowieso jeden Tag aufgewickelt und in einer eigenen Tasche m Auto bodennah verstaut werden&#8230;. und die Pinkelflasche sollte man am Campingplatz auch nicht einfach vor der T\u00fcr entleeren wie beim Freistehen ;-) <\/p>\n<p>.. daf\u00fcr hat man keine Ger\u00e4usche von Nachbarn wegen schlecht ged\u00e4mmter Zimmer ..<\/p>\n<p>Evtl. problematisch k\u00f6nnte die Feuchtigkeit werden. Erstens nimmt man ja doch immer etwas Schnee mit rein oder hat mal nasse Klamotten an (weil es schneit) und zweitens hab ich ja mit dem Strom-Heizer innen keine dauernde Luftzufuhr von au\u00dfen mehr &#8211; im Gegensatz zur Standheizung, die die kalte eh schon trockene Luft von au\u00dfen aufheizt, dadurch noch trockner in den Innenraum gibt und wo anders wird die feuchte Luft rausgedr\u00fcckt&#8230;. Und nasse Handt\u00fccher vom Duschen hat man am Campingplatz ja auch \u00f6fters mal &#8230;<\/p>\n<p><strong>17.11.2021<\/strong><\/p>\n<p><a href='http:\/\/extra.inmontanis.info\/d\/73878-2\/DSC00071.jpg'><img src=http:\/\/extra.inmontanis.info\/d\/73877-3\/DSC00071.jpg \/><\/a><br \/>\n^ Mysus\u00e6ter, oberhalb von Otta<\/p>\n<p><a href='http:\/\/extra.inmontanis.info\/d\/73882-2\/DSC00073.jpg'><img src=http:\/\/extra.inmontanis.info\/d\/73881-3\/DSC00073.jpg \/><\/a><br \/>\n^ .. hier gibt es einen kurzen, aber steileren SL<\/p>\n<p><a href='http:\/\/extra.inmontanis.info\/d\/73886-2\/DSC00077.jpg'><img src=http:\/\/extra.inmontanis.info\/d\/73885-3\/DSC00077.jpg \/><\/a><br \/>\n^ Mysus\u00e6ter-Otta<\/p>\n<p><a href='http:\/\/extra.inmontanis.info\/d\/73890-2\/DSC00079.jpg'><img src=http:\/\/extra.inmontanis.info\/d\/73889-3\/DSC00079.jpg \/><\/a><br \/>\n^ Otta. Durch den Ort fliest nicht nur ein Fluss, sondern auch die Bahn mit einem gro\u00dfen Bahnhof<\/p>\n<p>Wie lang wohl diese Mauer an der Stra\u00dfenkehre ist, wo man so sch\u00f6n nach Otta runterschauen kann? Hab &#8220;Berliner Luft&#8221; geschnuppert und bin sie abgegangen. Nicht so lang, aber genug um zu erkennen, dass so eine Wand schei\u00dfe ist. Also rein aus freiheitlichen Gr\u00fcnden. F\u00fcr den Zweck hier (evtl. Aufhalten von rollenden Steinen) nat\u00fcrlich nicht.<\/p>\n<p><a href='http:\/\/extra.inmontanis.info\/d\/73894-2\/DSC00081.jpg'><img src=http:\/\/extra.inmontanis.info\/d\/73893-3\/DSC00081.jpg \/><\/a><br \/>\n^ Hier oben gibts auch eine Mauer<\/p>\n<p><a href='http:\/\/extra.inmontanis.info\/d\/73898-2\/DSC00082.jpg'><img src=http:\/\/extra.inmontanis.info\/d\/73897-3\/DSC00082.jpg \/><\/a><br \/>\n^ <\/p>\n<p><a href='http:\/\/extra.inmontanis.info\/d\/73902-2\/DSC00084.jpg'><img src=http:\/\/extra.inmontanis.info\/d\/73901-3\/DSC00084.jpg \/><\/a><br \/>\n^ Licht am Ende der Mauer<\/p>\n<p><a href='http:\/\/extra.inmontanis.info\/d\/73906-2\/DSC00087.jpg'><img src=http:\/\/extra.inmontanis.info\/d\/73905-3\/DSC00087.jpg \/><\/a><br \/>\n^ Mautsparend, verk\u00fcrzend und\/oder parkplatzsuchend, sowie langsamfahrend (um die Batterie aufzuladen) vermeide ich nun wieder die E6<\/p>\n<p><a href='http:\/\/extra.inmontanis.info\/d\/73910-2\/DSC00088.jpg'><img src=http:\/\/extra.inmontanis.info\/d\/73909-3\/DSC00088.jpg \/><\/a><br \/>\n^ <\/p>\n<p><a href='http:\/\/extra.inmontanis.info\/d\/73914-2\/DSC00089.jpg'><img src=http:\/\/extra.inmontanis.info\/d\/73913-3\/DSC00089.jpg \/><\/a><br \/>\n^ <\/p>\n<p>Mittlerweile haben so gut wie alle norwegischen Skigebiete den geplanten Saisonstart n\u00e4chstes WE 20.11. gecancelt, die restlichen werden wohl demn\u00e4chst folgen. W\u00e4hrenddessen hat in Schweden Hemavan-T\u00e4rnaby anscheinend am letzten WE aufgemacht (mit dem Trainings-SL in T\u00e4rnaby, also jetzt nicht so interessant + nicht in ganzer L\u00e4nge und vielleicht eh nur f\u00fcr Renngruppen, egal) und wie schon vor ein paar Tagen beim Vorbeifahren gedacht, will (und kann) auch T\u00e4nndalen \u00f6ffnen &#8211; bereits ab morgen tgl. f\u00fcr Renntrainingsgruppen, nur am WE auch f\u00fcr die Allgemeinheit, allerdings dann nur den untersten Teil, den \u00dcbungs-SL oder 1\/3 SL (2\/3 SL anscheinend auch am WE nur f\u00fcr Renngruppen) &#8211; na, das lohnt sich dann nicht, dass ich dort nochmal rauffahr. Dundret in Lappland hat heute den ersten Tag den SL offen, 16-20 Uhr. Anscheinend (f\u00fcr mich etwas \u00fcberraschend) mit dem alten Portalst\u00fctzenlift, der vom Campingplatz unten zum Hotel rauf geht, aber mehr k\u00f6nnte bald folgen. Das F\u00f6rderband f\u00fcr die Kids soll wohl schon seit 4.11. offen sein.<\/p>\n<p>Schweden:Norwegen somit ca. 7:0 (inkl. eventuell nur f\u00fcr Renntrainigs ge\u00f6ffneter Gebiete in Schweden + wo ich nicht wei\u00df, ob es da in Norwegen nicht auch welche gibt.)<\/p>\n<p><strong>18.11.2021<\/strong><\/p>\n<p>Bevor man das Campingplatzzeug kauft, sollte man erst mal schaun, wieviel Pl\u00e4tze offen haben und was die kosten? 20-30 \u20ac sind wohl eher seltene g\u00fcnstige Pl\u00e4tze, nicht un\u00fcblich scheinen 35-40 \u20ac pro Nacht mit Strom zu sein, manchmal sogar Dusche extra! Mag f\u00fcr 4 Personen ja OK sein, aber allein .. und nat\u00fcrlich gehts auch noch teurer, insb. dann im Sommer. Abartig. Aber manche sind im Winter g\u00fcnstiger.<\/p>\n<p>Heute Schneefall, die n\u00e4chsten 3 Tage WE sehr sonnig gemeldet &#8211; und kein Skigebiet offen :(<\/p>\n<p>Beim Biltema steht bei dem gro\u00dfen L\u00fcfter leider gro\u00df &#8220;silent standby&#8221; &#8211; stand auch in der genaueren Erkl\u00e4rung auf Norwegisch  verst\u00e4ndlich dazu &#8211; das Thermostat steuert Heizung und L\u00fcfter, nerv. Genau das war doch der gro\u00dfe Vorteil an dem gro\u00dfen L\u00fcfter bei dem auf Amazon so aussehenden Heizer, dass er eben durchl\u00e4uft :( Dann mal auf Jula hoffen, ist dort eh g\u00fcnstiger.<\/p>\n<p>Daf\u00fcr h\u00e4tte der 350W Schuhtrockner anscheinend doch eine Dauer-Ein-Stellung, nicht nur den 120min-Timer. Wird aber halt trotzdem nicht auf Dauerbetrieb ausgelegt sein.<\/p>\n<p>Alternative k\u00f6nnt auch so ein kleinerer 230V Auto-Heizl\u00fcfter sein, gibt&#8217;s zwar nie mit Thermostat, aber einen mit w\u00e4hlbarer Wattst\u00e4rke 700+1200W. Aber ich wei\u00df halt nicht, ob 700W Dauerheizung nicht zu warm werden. Kann ja drau\u00dfen 0\u00b0 oder -25\u00b0 haben. Jedenfalls steht in der Beschreibung, generisch f\u00fcr alle Modelle (die es ja auch mit h\u00f6heren Wattwerten gibt, aber es gibt ja auch gro\u00dfe und kleine Autos), -25\u00b0 und Auto in 1,5h-2h aufgeheizt auf 20-25\u00b0. Das w\u00e4r dann wohl nicht als Dauerheizung geeignet. Au\u00dfer das gilt f\u00fcr die 1200W&#8230;<\/p>\n<p>Bevor ich mit 700W dauerhaft heize, w\u00fcrd ichs lieber erst mit dem 350W-Schuhtrockner probieren und bei Bedarf die Standheizung dazu einschalten.<\/p>\n<p>Die l\u00e4uft halt \u00fcber die Innenbatterie und die wiederum darf 1. nicht zu kalt werden (letzten Winter hat sie ja tageweise gestreikt, dann m\u00fcsst ich also eher t\u00e4glich im Auto schlafen und nicht mal ein paar Tage im Hotel bei -25\u00b0) und k\u00f6nnte ich derzeit nicht laden, weil ich das passende Kabel nicht dabei hab, um das Ladeger\u00e4t via Ringkabelschuh an die Schraube mit hin zu tun (wei\u00df aber auch nicht, ob da ein passendes dabei war, k\u00f6nnt sein, dass da nur das M6-Kabel dabei war und ich M8-Schrauben hab) &#8211; nur die Krokodilklemmen hab ich dabei und die kann ich schlecht unterm Bett montieren. Au\u00dfer ich w\u00fcrd die abschneiden und das Kabel z.B. an meinem Sicherungsverteiler dranh\u00e4ngen.<\/p>\n<p>Lt. Beschreibung des Ladeger\u00e4ts d\u00fcrfen angeschlossene und aktive Verbraucher nur weniger Strom ben\u00f6tigen als das Ladeger\u00e4t zur Verf\u00fcgung stellt. Wei\u00df nicht, ob das nur ein Hinweis ist, dass die Batterie sonst nich laden w\u00fcrde (was ja logisch w\u00e4re), denn bei Solaranlagen hat man ja genau das selbe, dass die Solarpanels mal mehr mal weniger Ampere liefern und man ja dann trotzdem seine Verbraucher dauerhaft in Betrieb hat?! Nachteilig k\u00f6nnte vielleicht eher die h\u00f6here Spannung \u00fcber 14V sein.<\/p>\n<p><a href='http:\/\/extra.inmontanis.info\/d\/73918-2\/DSC00093.jpg'><img src=http:\/\/extra.inmontanis.info\/d\/73917-3\/DSC00093.jpg \/><\/a><br \/>\n^ Biltema-Hamburger, leider ohne BBQ-Sauce (wie es auf dem Schild gestanden w\u00e4re). Und mir sind 160g-Burger ernsthaft ekelhaft zu viel Fleisch auf einem so kleinen Br\u00f6tchen.<\/p>\n<p>Der Waldweg zum Nachtplatz war recht eisig, zum Gl\u00fcck lagen die paar mm Neuschnee drauf. Morgen soll es teilweise 10\u00b0 w\u00e4rmer sein (+9 statt -1\u00b0).<\/p>\n<p><a href='http:\/\/extra.inmontanis.info\/d\/73922-2\/DSC00095.jpg'><img src=http:\/\/extra.inmontanis.info\/d\/73921-3\/DSC00095.jpg \/><\/a><br \/>\n^ Mein heutiger Nachtplatz auf dem Weg nach G\u00e5l\u00e5<\/p>\n<p><a href='http:\/\/extra.inmontanis.info\/d\/73926-2\/DSC00096.jpg'><img src=http:\/\/extra.inmontanis.info\/d\/73925-3\/DSC00096.jpg \/><\/a><br \/>\n^ <\/p>\n<p><a href='http:\/\/extra.inmontanis.info\/d\/73930-2\/DSC00098.jpg'><img src=http:\/\/extra.inmontanis.info\/d\/73929-3\/DSC00098.jpg \/><\/a><br \/>\n^ <\/p>\n<p>Gekauft hab ich heute mal alles au\u00dfer Heizer, Steckdosenverteiler innen und dem langen CEE-Kabel. Das gibt&#8217;s bei Biltema in 10m und 25m. 25m ist mir zu schwer und zu lang, aber bei Jula g\u00e4be es das auch in 15m &#8211; evtl. k\u00f6nnten 15m ja doch sinnvoller als 10m und verstaum\u00e4\u00dfig noch OK sein? Zumindest mal anschauen.<\/p>\n<p><a href='http:\/\/extra.inmontanis.info\/d\/73934-2\/DSC00100.jpg'><img src=http:\/\/extra.inmontanis.info\/d\/73933-3\/DSC00100.jpg \/><\/a><\/p>\n<p>In Lillehammer w\u00e4r ich dann voraussichtlich SA-MO, wobei Sonntag mangels Einkaufsm\u00f6glichkeiten dann auf Montag zu verschieben w\u00e4re. Morgen fahr ich mal am Skigebiet G\u00e5l\u00e5 vorbei. Die hatten urspr\u00fcnglich auch letztes WE aufmachen wollen. <\/p>\n<p>Im Supermarkt heute mal testweise gekauft: Erdnussbutter. Mal testen, wie das mit diversen Nudelso\u00dfen schmeckt bzw. wo es passt und wo nicht. Ich mag ja Satay-Sauce mit Erdn\u00fcssen und die Kokosmilch hab ich ja auch noch da und noch nicht verwendet. Zusammen mit dem Pesto Genovese und R\u00e4ucherlachs und Tagliatelle hat der ca. halbe L\u00f6ffel Erdnussbutter den Geschmack der anderen beiden Dinge eher abgeschw\u00e4cht. War also zwar nicht schlecht, aber in dem Fall ohne Erdnussbutter intensivererer Geschmack nach Pesto und Lachs, meine ich mich zu erinnern.<\/p>\n<p>In \u00d6sterreich ist die Lockdowneritis wieder zur\u00fcck. Da installiert man 3G am Arbeitsplatz, verpflichtet also alle Ungeimpften zu Testen (die Sch\u00fcler ja sowieso schon l\u00e4nger), berichtet, dass die PCR-Tests ausgehen und man kaum welche bekommt und wundert sich dann, dass die Zahlen der (angeblich) Infizierten in die H\u00f6he gehen? &#8220;Angeblich&#8221;, weil ja bekanntlich je mehr man testet, desto mehr falsch-positive findet man auch.<\/p>\n<p>Nachdem ich \u00fcber 20 Jahre lang froh war, in \u00d6sterreich zu leben (und nicht in Deutschland), bin ich seit jetzt knapp 1 Jahr froh, nicht in \u00d6sterreich sein zu m\u00fcssen.<\/p>\n","protected":false},"excerpt":{"rendered":"<p>16.11.2021 (Teil 2)<\/p>\n<p>In Otta angekommen: Benzin kostet hier \u00fcber 20 Kronen, also \u00fcber 2 \u20ac. Na lecker. Hoffentlich im n\u00e4chsten Ort wieder g\u00fcnstiger. Bei R\u00f8ros hab ich nur etwas \u00fcber 16 Kronen gezahlt.. Gestern in Domb\u00e5s auch unter 18,-. Hier nach dem Einkaufen auch wieder unter 19,-. (auch in den letzten+n\u00e4chsten Tagen gemerkt: Nachmittags <a href=\"http:\/\/blog.inmontanis.info\/?p=7269\">[&#8230;]<\/a><\/p>\n","protected":false},"author":1,"featured_media":7272,"comment_status":"closed","ping_status":"closed","sticky":false,"template":"","format":"standard","meta":{"footnotes":""},"categories":[185,18],"tags":[],"class_list":["post-7269","post","type-post","status-publish","format-standard","has-post-thumbnail","hentry","category-2021-08-skandinavien","category-norwegennorway","odd"],"_links":{"self":[{"href":"http:\/\/blog.inmontanis.info\/index.php?rest_route=\/wp\/v2\/posts\/7269","targetHints":{"allow":["GET"]}}],"collection":[{"href":"http:\/\/blog.inmontanis.info\/index.php?rest_route=\/wp\/v2\/posts"}],"about":[{"href":"http:\/\/blog.inmontanis.info\/index.php?rest_route=\/wp\/v2\/types\/post"}],"author":[{"embeddable":true,"href":"http:\/\/blog.inmontanis.info\/index.php?rest_route=\/wp\/v2\/users\/1"}],"replies":[{"embeddable":true,"href":"http:\/\/blog.inmontanis.info\/index.php?rest_route=%2Fwp%2Fv2%2Fcomments&post=7269"}],"version-history":[{"count":3,"href":"http:\/\/blog.inmontanis.info\/index.php?rest_route=\/wp\/v2\/posts\/7269\/revisions"}],"predecessor-version":[{"id":7273,"href":"http:\/\/blog.inmontanis.info\/index.php?rest_route=\/wp\/v2\/posts\/7269\/revisions\/7273"}],"wp:featuredmedia":[{"embeddable":true,"href":"http:\/\/blog.inmontanis.info\/index.php?rest_route=\/wp\/v2\/media\/7272"}],"wp:attachment":[{"href":"http:\/\/blog.inmontanis.info\/index.php?rest_route=%2Fwp%2Fv2%2Fmedia&parent=7269"}],"wp:term":[{"taxonomy":"category","embeddable":true,"href":"http:\/\/blog.inmontanis.info\/index.php?rest_route=%2Fwp%2Fv2%2Fcategories&post=7269"},{"taxonomy":"post_tag","embeddable":true,"href":"http:\/\/blog.inmontanis.info\/index.php?rest_route=%2Fwp%2Fv2%2Ftags&post=7269"}],"curies":[{"name":"wp","href":"https:\/\/api.w.org\/{rel}","templated":true}]}}