{"id":7265,"date":"2021-11-16T19:45:47","date_gmt":"2021-11-16T18:45:47","guid":{"rendered":"http:\/\/blog.inmontanis.info\/?p=7265"},"modified":"2021-11-20T19:29:17","modified_gmt":"2021-11-20T18:29:17","slug":"ulafossen-14-16-11-2021","status":"publish","type":"post","link":"http:\/\/blog.inmontanis.info\/?p=7265","title":{"rendered":"Ulafossen &#038; 14.-16.11.2021"},"content":{"rendered":"<p><strong>14.11.2021<\/strong><\/p>\n<p>Na sowas! Heute Morgen waren ein paar Fl\u00fcssigkeiten im Fu\u00dfbodenbereich an der T\u00fcr gefroren. Minimaltemperatur -1,8\u00b0 vorne am Thermometer. Das Au\u00dfenthermometer zeigte um 7:40 Uhr dann satte -11\u00b0 an. Gut, dass ich gestern mal testweise noch zus\u00e4tzlich die d\u00fcnne Fleecedecke im Arschbereich mit unter den Schlafsack nahm &#8211; kam mir n\u00e4mlich etwas w\u00e4rmer dort heut Nacht vor&#8230;<\/p>\n<p>Komischerweise sinkt die Au\u00dfentemperatur immer nach ein paar Meter Fahrt. Am n\u00e4chsten Rastplatz &#8211; \u00fcbrigens mit ge\u00f6ffnetem Plumpsklo &#8211; zeigte es -13\u00b0 an. \u00c0 propos Plumpsklo, das ist ja oftmals so eine komplette Plastikeinheit, also Sitzplatz, Rohr und Boden ist eine gegossene Einheit. Manchmal gibt der Boden bei den Schritten nach und verbiegt sich &#8211; da mag man hoffen, dass der Plastikboden nicht zerbricht und man in die Grube f\u00e4llt &#8211; und wenn, dass es eine Leiter gibt, um wieder raus zu kommen.<\/p>\n<p>Ich fuhr wieder vor zur E6 und musste mich entscheiden, welche Richtung ich nehmen soll: nach Norden (Oppdal) oder nach S\u00fcden (Domb\u00e5s und etwas sp\u00e4ter Lillehammer)?  Ich w\u00e4hlte den S\u00fcden und fuhr wieder runter in die T\u00e4ler. Im Tal war allerdings das Skigebiet oberhalb von Domb\u00e5s die Nebelgrenze. Dort aber keine sonderlich guten Parkm\u00f6glichkeiten.<\/p>\n<p><a href='http:\/\/extra.inmontanis.info\/d\/73652-2\/DSC09908.jpg'><img src=http:\/\/extra.inmontanis.info\/d\/73651-3\/DSC09908.jpg \/><\/a><br \/>\n^ Dieser See ist schon zugefroren.<\/p>\n<p><a href='http:\/\/extra.inmontanis.info\/d\/73656-2\/DSC09911.jpg'><img src=http:\/\/extra.inmontanis.info\/d\/73655-3\/DSC09911.jpg \/><\/a><br \/>\n^ Schnee, die Stra\u00dfe verl\u00e4uft auch auf ca. 700-800hm<\/p>\n<p><a href='http:\/\/extra.inmontanis.info\/d\/73660-2\/DSC09914.jpg'><img src=http:\/\/extra.inmontanis.info\/d\/73659-3\/DSC09914.jpg \/><\/a><br \/>\n^ Da das mit den Magneten nicht hielt (Kleber l\u00f6ste sich durch die W\u00e4rme) hab ich jetzt einen Haken reingedreht, um den zweiten Teil Abluftschlauch einzuh\u00e4ngen und dann oberirdisch nach hinten unten zu lenken &#8211; funktioniert<\/p>\n<p><a href='http:\/\/extra.inmontanis.info\/d\/73664-2\/DSC09917.jpg'><img src=http:\/\/extra.inmontanis.info\/d\/73663-3\/DSC09917.jpg \/><\/a><br \/>\n^ Skigebiet in Domb\u00e5s<\/p>\n<p><a href='http:\/\/extra.inmontanis.info\/d\/73668-2\/DSC09919.jpg'><img src=http:\/\/extra.inmontanis.info\/d\/73667-3\/DSC09919.jpg \/><\/a><br \/>\n^ Domb\u00e5s und die E6 liegt schon recht tief, aber das Tal geht noch weiter runter.<\/p>\n<p><a href='http:\/\/extra.inmontanis.info\/d\/73672-2\/DSC09921.jpg'><img src=http:\/\/extra.inmontanis.info\/d\/73671-3\/DSC09921.jpg \/><\/a><br \/>\n^ Hab mir hier ein ruhiges Pl\u00e4tzchen gesucht. Dr\u00fcben gibt&#8217;s anscheinend immer mal wieder ein paar B\u00e4ume, die entwurzeln und runterrutschen<\/p>\n<p><strong>15.11.2021<\/strong><\/p>\n<p>Im Bunnpris gab&#8217;s ein Osteuroparegal mit der schon bekannten Soljanka &#8211; nahm heute was anderes mit: Rassolnik. Glaub noch nicht probiert, auch nicht in Russland, bisher. Au\u00dferdem gekauft: einen Dreierpack Kaisersemmeln um ca. 1 \u20ac, weil: die Salsicce aus Schweden m\u00fcssen endlich gemacht werden, heute MHD.<\/p>\n<p>Kam an einem Rastplatz vorbei, wo im Behinderten-WC auch eine Dusche (nur f\u00fcr Nicht-Behinderte) war. Aber nicht nur einfach ein an der Wand h\u00e4ngender Duschkopf samt Bodenabfluss, sondern weder noch, es gibt eine Duschwanne plus Vorhang plus Brauseschlauch. Nobel. Hatte aber keine Lust auf ein nasses Handtuch nachmittgs im Auto und daher nur die Haare gewaschen. Wobei, bei momentan wieder nur 15% Luftfeuchte im Auto w\u00e4r so ein nasses Handtuch ja eh nicht so schlecht gewesen &#8211; erst recht, wenn ich demn\u00e4chst auf Campingpl\u00e4tzen \u00fcbernachten will und eine Elektroheizung im Innenraum hab, wo dann keine trockene Luft laufend von au\u00dfen reinkommt&#8230;<\/p>\n<p>An einem sp\u00e4teren Rastplatz, wo ich \u00fcbernachten wollte, gab es sogar ein bisschen Bewegung zu einer Schlucht.<\/p>\n<p><a href='http:\/\/extra.inmontanis.info\/d\/73676-2\/DSC09922.jpg'><img src=http:\/\/extra.inmontanis.info\/d\/73675-3\/DSC09922.jpg \/><\/a><br \/>\n^ <\/p>\n<p><a href='http:\/\/extra.inmontanis.info\/d\/73680-2\/DSC09926.jpg'><img src=http:\/\/extra.inmontanis.info\/d\/73679-3\/DSC09926.jpg \/><\/a><br \/>\n^ Rastplatz an einer Ausweiche der E6. Scheint so, als w\u00e4ren das geradeaus der alte und links ein noch \u00e4lterer Stra\u00dfenverlauf gewesen.<\/p>\n<p><a href='http:\/\/extra.inmontanis.info\/d\/73684-2\/DSC09928.jpg'><img src=http:\/\/extra.inmontanis.info\/d\/73683-3\/DSC09928.jpg \/><\/a><br \/>\n^ Vom Rastplatz kann man bissl in die Schlucht runter gehen. Gegen\u00fcber ein Wasserfall und die Eisenbahn. Leider ein Problem in dem Tal, weil der Zug auch hier und da hupt.<\/p>\n<p><a href='http:\/\/extra.inmontanis.info\/d\/73688-2\/DSC09931.jpg'><img src=http:\/\/extra.inmontanis.info\/d\/73687-3\/DSC09931.jpg \/><\/a><br \/>\n^ Blick in die Schlucht<\/p>\n<p><a href='http:\/\/extra.inmontanis.info\/d\/73692-2\/DSC09933.jpg'><img src=http:\/\/extra.inmontanis.info\/d\/73691-3\/DSC09933.jpg \/><\/a><br \/>\n^ Rastplatz-Wanderung<\/p>\n<p><a href='http:\/\/extra.inmontanis.info\/d\/73696-2\/DSC09934.jpg'><img src=http:\/\/extra.inmontanis.info\/d\/73695-3\/DSC09934.jpg \/><\/a><br \/>\n^ Schlucht<\/p>\n<p><a href='http:\/\/extra.inmontanis.info\/d\/73700-2\/DSC09935.jpg'><img src=http:\/\/extra.inmontanis.info\/d\/73699-3\/DSC09935.jpg \/><\/a><br \/>\n^ Schlucht<\/p>\n<p><a href='http:\/\/extra.inmontanis.info\/d\/73704-2\/DSC09942.jpg'><img src=http:\/\/extra.inmontanis.info\/d\/73703-3\/DSC09942.jpg \/><\/a><br \/>\n^ Am n\u00e4chsten Morgen war es hier auch entsprechend d\u00fcster<\/p>\n<p>Heute Nachmittag also endlich die in Schweden gekauften Salsicce gebraten. Zwei hab ich mal enth\u00e4utet und plattgedr\u00fcckt (weil man in Italien das ja auch so auf Semmeln bekommt), die dritte nur halbiert. <\/p>\n<p>Der Geruch beim Aufschneiden der W\u00fcrste war schon mal typisch italienisch &#8211; so ein leicht s\u00fc\u00dflicher Geruch wie Balsamico? Es floss ganz sch\u00f6n viel Fett\/Wasser (und wohl auch etwas Blut?) raus und dauerte auch recht lang, bis sie durch waren &#8211; und heizten das Auto entsprechend auf &#8211; aber geschmacklich: ja, echte, italienische Salsicce, wie geil!! (ok, nicht so geil wie N\u00fcrnberger Lebkuchen, Salsiccia brauch ich nicht jeden Tag. Zwei hab ich gegessen, die dritte Semmel gibts morgen Vormittag kalt.)<\/p>\n<p><a href='http:\/\/extra.inmontanis.info\/d\/73708-2\/DSC09945.jpg'><img src=http:\/\/extra.inmontanis.info\/d\/73707-3\/DSC09945.jpg \/><\/a><br \/>\n^ Italienische Salsiccia!!<\/p>\n<p>Daf\u00fcr krieg ich heut die Lautsprecher nicht mit dem PC verbunden, weil dieses verfickte Android-Handy laufend automatisch die LS verbindet. Ich hasse derartige Automatiken. Wenn ich die LS verbunden haben will, dann sag ich dir das schon du schei\u00df Teil. Ich will nicht laufend das Ger\u00e4t umst\u00e4ndlich l\u00f6schen und neu paaren m\u00fcssen. Es geht sogar noch schlimmer: Bluetooth ausschalten und 5 Sekunden sp\u00e4ter schaltet Android das Bluetooth wieder ein (und connected gleich wieder zum Lautsprecher)!! Ja, wie bescheuert ist das denn? Boah. HALLO WENN ICH DICH AUSSCHALTE SOLLST DU AUCH AUSBLEIBEN!!<\/p>\n<p>Websuche blieb erfolglos bzw. alles durchprobiert, ohne Erfolg. Erst nach einem Neustart hat irgendwas davon funktioniert, zumindest dass ein ausgeschaltetes Bluetooth auch aus bleibt. Wobei ich die n\u00e4chsten Tage auch keine Probleme mehr mit automatischer Verbindung hatte. Und die Verbindungsabbr\u00fcche mit den Lautsprechern unter Linux scheint mit ein paar Updates und einer Installation von was anderem mittlerweile auch gel\u00f6st zu sein.<\/p>\n<p><strong>16.11.2021<\/strong><\/p>\n<p>Ich kam mittags an einer alten Br\u00fccke samt Wasserfall vorbei und entschied, bei n\u00e4chstbester Gelegenheit umzukehren. Nachdem ich ein paar Fotos von der Br\u00fccke und dem alten Haus machte, entdeckte ich einen Wanderweg, der vermutlich zumindest den Wasserfall hinauf gehen sollte. Also zur\u00fcck zum Auto, M\u00fctze, Handschuhe, Rucksack und Stecken geholt und raufgegangen. War dann sehr interessnt, mehrere  Fallstufen und schmale Schluchten, Kurven und oben eine Staumauer (wozu auch immer). Ca. 1,7km, ca. 80-100hm, 1h.<\/p>\n<p><a href='http:\/\/extra.inmontanis.info\/d\/73714-2\/DSC09947.jpg'><img src=http:\/\/extra.inmontanis.info\/d\/73712-3\/DSC09947.jpg \/><\/a><br \/>\n^ Alte Holzbr\u00fccke<\/p>\n<p><a href='http:\/\/extra.inmontanis.info\/d\/73718-2\/DSC09950.jpg'><img src=http:\/\/extra.inmontanis.info\/d\/73717-3\/DSC09950.jpg \/><\/a><br \/>\n^ Ulafossen, unten samt stillgelegtem Betrieb<\/p>\n<p><a href='http:\/\/extra.inmontanis.info\/d\/73722-2\/DSC09951.jpg'><img src=http:\/\/extra.inmontanis.info\/d\/73721-3\/DSC09951.jpg \/><\/a><br \/>\n^ Die oberen, stra\u00dfennahen Geb\u00e4udeteile sind wohl in Verwendung, der Rest hat auch offene bzw. kaputte Fenster<\/p>\n<p><a href='http:\/\/extra.inmontanis.info\/d\/73726-2\/DSC09958.jpg'><img src=http:\/\/extra.inmontanis.info\/d\/73725-3\/DSC09958.jpg \/><\/a><br \/>\n^ Ein St\u00fcck weiter oben gibt es komische Geb\u00e4ude, links irgendwas unterirdisches? Und geradeaus &#8230;<\/p>\n<p><a href='http:\/\/extra.inmontanis.info\/d\/73730-2\/DSC09964.jpg'><img src=http:\/\/extra.inmontanis.info\/d\/73729-3\/DSC09964.jpg \/><\/a><br \/>\n^ &#8230; eine ehemalige Materialseilbahn oder wie?<\/p>\n<p><a href='http:\/\/extra.inmontanis.info\/d\/73734-2\/DSC09965.jpg'><img src=http:\/\/extra.inmontanis.info\/d\/73733-3\/DSC09965.jpg \/><\/a><br \/>\n^ Der untere Wasserfall von oben &#8211; hier wurde Wasser abgezweigt zu evtl. einem Kraftwerk von dem Betrieb unten?!<\/p>\n<p><a href='http:\/\/extra.inmontanis.info\/d\/73738-2\/DSC09966.jpg'><img src=http:\/\/extra.inmontanis.info\/d\/73737-3\/DSC09966.jpg \/><\/a><br \/>\n^ Der untere Wasserfall von oben<\/p>\n<p><a href='http:\/\/extra.inmontanis.info\/d\/73742-2\/DSC09968.jpg'><img src=http:\/\/extra.inmontanis.info\/d\/73741-3\/DSC09968.jpg \/><\/a><br \/>\n^ Unterer mittlerer Bereich<\/p>\n<p><a href='http:\/\/extra.inmontanis.info\/d\/73746-2\/DSC09970.jpg'><img src=http:\/\/extra.inmontanis.info\/d\/73745-3\/DSC09970.jpg \/><\/a><br \/>\n^ Evtl. Ex-Materialseilbahnstation<\/p>\n<p><a href='http:\/\/extra.inmontanis.info\/d\/73750-2\/DSC09971.jpg'><img src=http:\/\/extra.inmontanis.info\/d\/73749-3\/DSC09971.jpg \/><\/a><br \/>\n^ Schmale Schlucht<\/p>\n<p><a href='http:\/\/extra.inmontanis.info\/d\/73754-2\/DSC09975.jpg'><img src=http:\/\/extra.inmontanis.info\/d\/73753-3\/DSC09975.jpg \/><\/a><br \/>\n^ Befestigung des Seils<\/p>\n<p><a href='http:\/\/extra.inmontanis.info\/d\/73758-2\/DSC09978.jpg'><img src=http:\/\/extra.inmontanis.info\/d\/73757-3\/DSC09978.jpg \/><\/a><br \/>\n^ Unterer mittlerer Bereich<\/p>\n<p><a href='http:\/\/extra.inmontanis.info\/d\/73762-2\/DSC09984.jpg'><img src=http:\/\/extra.inmontanis.info\/d\/73761-3\/DSC09984.jpg \/><\/a><br \/>\n^ Dar\u00fcber auch wieder eine schmale Schlucht<\/p>\n<p><a href='http:\/\/extra.inmontanis.info\/d\/73766-2\/DSC09983.jpg'><img src=http:\/\/extra.inmontanis.info\/d\/73765-3\/DSC09983.jpg \/><\/a><br \/>\n^ Schlucht<\/p>\n<p><a href='http:\/\/extra.inmontanis.info\/d\/73770-2\/DSC09985.jpg'><img src=http:\/\/extra.inmontanis.info\/d\/73769-3\/DSC09985.jpg \/><\/a><br \/>\n^ Hier macht der Fluss eine ca. 90\u00b0 Kurve<\/p>\n<p><a href='http:\/\/extra.inmontanis.info\/d\/73774-2\/DSC09992.jpg'><img src=http:\/\/extra.inmontanis.info\/d\/73773-3\/DSC09992.jpg \/><\/a><br \/>\n^ Auch nach der Kurve ist die Schlucht sehr schmal<\/p>\n<p><a href='http:\/\/extra.inmontanis.info\/d\/73778-2\/DSC09996.jpg'><img src=http:\/\/extra.inmontanis.info\/d\/73777-3\/DSC09996.jpg \/><\/a><br \/>\n^ .. hier gibts einen Weg zur Kante<\/p>\n<p><a href='http:\/\/extra.inmontanis.info\/d\/73782-2\/DSC00001.jpg'><img src=http:\/\/extra.inmontanis.info\/d\/73781-3\/DSC00001.jpg \/><\/a><br \/>\n^ Oberer mittlerer Wasserfall<\/p>\n<p><a href='http:\/\/extra.inmontanis.info\/d\/73786-2\/DSC00004.jpg'><img src=http:\/\/extra.inmontanis.info\/d\/73785-3\/DSC00004.jpg \/><\/a><br \/>\n^ <\/p>\n<p><a href='http:\/\/extra.inmontanis.info\/d\/73790-2\/DSC00005.jpg'><img src=http:\/\/extra.inmontanis.info\/d\/73789-3\/DSC00005.jpg \/><\/a><br \/>\n^ Weg zur Kante an der schmalen Schlucht<\/p>\n<p><a href='http:\/\/extra.inmontanis.info\/d\/73794-2\/DSC00009.jpg'><img src=http:\/\/extra.inmontanis.info\/d\/73793-3\/DSC00009.jpg \/><\/a><br \/>\n^ Schmale Schlucht<\/p>\n<p><a href='http:\/\/extra.inmontanis.info\/d\/73798-2\/DSC00016.jpg'><img src=http:\/\/extra.inmontanis.info\/d\/73797-3\/DSC00016.jpg \/><\/a><br \/>\n^ Mittlerer oberer Wasserfall<\/p>\n<p><a href='http:\/\/extra.inmontanis.info\/d\/73802-2\/DSC00018.jpg'><img src=http:\/\/extra.inmontanis.info\/d\/73801-3\/DSC00018.jpg \/><\/a><br \/>\n^ Stra\u00dfenbr\u00fccke<\/p>\n<p><a href='http:\/\/extra.inmontanis.info\/d\/73806-2\/DSC00020.jpg'><img src=http:\/\/extra.inmontanis.info\/d\/73805-3\/DSC00020.jpg \/><\/a><br \/>\n^ <\/p>\n<p><a href='http:\/\/extra.inmontanis.info\/d\/73810-2\/DSC00025.jpg'><img src=http:\/\/extra.inmontanis.info\/d\/73809-3\/DSC00025.jpg \/><\/a><br \/>\n^ Von der Br\u00fccke nach unten fotografiert<\/p>\n<p><a href='http:\/\/extra.inmontanis.info\/d\/73814-2\/DSC00029.jpg'><img src=http:\/\/extra.inmontanis.info\/d\/73813-3\/DSC00029.jpg \/><\/a><br \/>\n^ Von der Br\u00fccke nach oben fotografiert<\/p>\n<p><a href='http:\/\/extra.inmontanis.info\/d\/73818-2\/DSC00031.jpg'><img src=http:\/\/extra.inmontanis.info\/d\/73817-3\/DSC00031.jpg \/><\/a><br \/>\n^ Staumauer<\/p>\n<p><a href='http:\/\/extra.inmontanis.info\/d\/73822-2\/DSC00032.jpg'><img src=http:\/\/extra.inmontanis.info\/d\/73821-3\/DSC00032.jpg \/><\/a><br \/>\n^ Sch\u00f6ne Vereisungen an den R\u00e4ndern<\/p>\n<p><a href='http:\/\/extra.inmontanis.info\/d\/73826-2\/DSC00036.jpg'><img src=http:\/\/extra.inmontanis.info\/d\/73825-3\/DSC00036.jpg \/><\/a><br \/>\n^ <\/p>\n<p><a href='http:\/\/extra.inmontanis.info\/d\/73830-2\/DSC00037.jpg'><img src=http:\/\/extra.inmontanis.info\/d\/73829-3\/DSC00037.jpg \/><\/a><br \/>\n^ Eine Mautstra\u00dfe geht weiter hinauf<\/p>\n<p><a href='http:\/\/extra.inmontanis.info\/d\/73834-2\/DSC00040.jpg'><img src=http:\/\/extra.inmontanis.info\/d\/73833-3\/DSC00040.jpg \/><\/a><br \/>\n^ Sch\u00f6ne Vereisungen an den R\u00e4ndern<\/p>\n<p><a href='http:\/\/extra.inmontanis.info\/d\/73838-2\/DSC00043.jpg'><img src=http:\/\/extra.inmontanis.info\/d\/73837-3\/DSC00043.jpg \/><\/a><br \/>\n^ Staumauer<\/p>\n<p><a href='http:\/\/extra.inmontanis.info\/d\/73842-2\/DSC00048.jpg'><img src=http:\/\/extra.inmontanis.info\/d\/73841-3\/DSC00048.jpg \/><\/a><br \/>\n^ Staumauer-Wasserfall<\/p>\n<p><a href='http:\/\/extra.inmontanis.info\/d\/73846-2\/DSC00049.jpg'><img src=http:\/\/extra.inmontanis.info\/d\/73845-3\/DSC00049.jpg \/><\/a><br \/>\n^ Blick zur Br\u00fccke von weiter oben<\/p>\n<p><a href='http:\/\/extra.inmontanis.info\/d\/73850-2\/DSC00051.jpg'><img src=http:\/\/extra.inmontanis.info\/d\/73849-3\/DSC00051.jpg \/><\/a><br \/>\n^ Stausee<\/p>\n<p><a href='http:\/\/extra.inmontanis.info\/d\/73854-2\/DSC00054.jpg'><img src=http:\/\/extra.inmontanis.info\/d\/73853-3\/DSC00054.jpg \/><\/a><br \/>\n^ <\/p>\n<p><a href='http:\/\/extra.inmontanis.info\/d\/73858-2\/DSC00055.jpg'><img src=http:\/\/extra.inmontanis.info\/d\/73857-3\/DSC00055.jpg \/><\/a><br \/>\n^ <\/p>\n<p><a href='http:\/\/extra.inmontanis.info\/d\/73862-2\/DSC00058.jpg'><img src=http:\/\/extra.inmontanis.info\/d\/73861-3\/DSC00058.jpg \/><\/a><br \/>\n^ Hei\u00dfen tut der Weg hier Elvestigen<\/p>\n<p><a href='http:\/\/extra.inmontanis.info\/d\/73866-2\/DSC00060.jpg'><img src=http:\/\/extra.inmontanis.info\/d\/73865-3\/DSC00060.jpg \/><\/a><br \/>\n^ Wieder unten am Haus und der Br\u00fccke<\/p>\n<p>(Fortsetzung vom 16.11. folgt.)<\/p>\n","protected":false},"excerpt":{"rendered":"<p>14.11.2021<\/p>\n<p>Na sowas! Heute Morgen waren ein paar Fl\u00fcssigkeiten im Fu\u00dfbodenbereich an der T\u00fcr gefroren. Minimaltemperatur -1,8\u00b0 vorne am Thermometer. Das Au\u00dfenthermometer zeigte um 7:40 Uhr dann satte -11\u00b0 an. Gut, dass ich gestern mal testweise noch zus\u00e4tzlich die d\u00fcnne Fleecedecke im Arschbereich mit unter den Schlafsack nahm &#8211; kam mir n\u00e4mlich etwas w\u00e4rmer dort <a href=\"http:\/\/blog.inmontanis.info\/?p=7265\">[&#8230;]<\/a><\/p>\n","protected":false},"author":1,"featured_media":7267,"comment_status":"closed","ping_status":"closed","sticky":false,"template":"","format":"standard","meta":{"footnotes":""},"categories":[185,18,30],"tags":[87,45,86],"class_list":["post-7265","post","type-post","status-publish","format-standard","has-post-thumbnail","hentry","category-2021-08-skandinavien","category-norwegennorway","category-wandern","tag-grotteklamm","tag-see","tag-wasserfall","odd"],"_links":{"self":[{"href":"http:\/\/blog.inmontanis.info\/index.php?rest_route=\/wp\/v2\/posts\/7265","targetHints":{"allow":["GET"]}}],"collection":[{"href":"http:\/\/blog.inmontanis.info\/index.php?rest_route=\/wp\/v2\/posts"}],"about":[{"href":"http:\/\/blog.inmontanis.info\/index.php?rest_route=\/wp\/v2\/types\/post"}],"author":[{"embeddable":true,"href":"http:\/\/blog.inmontanis.info\/index.php?rest_route=\/wp\/v2\/users\/1"}],"replies":[{"embeddable":true,"href":"http:\/\/blog.inmontanis.info\/index.php?rest_route=%2Fwp%2Fv2%2Fcomments&post=7265"}],"version-history":[{"count":2,"href":"http:\/\/blog.inmontanis.info\/index.php?rest_route=\/wp\/v2\/posts\/7265\/revisions"}],"predecessor-version":[{"id":7268,"href":"http:\/\/blog.inmontanis.info\/index.php?rest_route=\/wp\/v2\/posts\/7265\/revisions\/7268"}],"wp:featuredmedia":[{"embeddable":true,"href":"http:\/\/blog.inmontanis.info\/index.php?rest_route=\/wp\/v2\/media\/7267"}],"wp:attachment":[{"href":"http:\/\/blog.inmontanis.info\/index.php?rest_route=%2Fwp%2Fv2%2Fmedia&parent=7265"}],"wp:term":[{"taxonomy":"category","embeddable":true,"href":"http:\/\/blog.inmontanis.info\/index.php?rest_route=%2Fwp%2Fv2%2Fcategories&post=7265"},{"taxonomy":"post_tag","embeddable":true,"href":"http:\/\/blog.inmontanis.info\/index.php?rest_route=%2Fwp%2Fv2%2Ftags&post=7265"}],"curies":[{"name":"wp","href":"https:\/\/api.w.org\/{rel}","templated":true}]}}