{"id":7261,"date":"2021-11-13T18:33:46","date_gmt":"2021-11-13T17:33:46","guid":{"rendered":"http:\/\/blog.inmontanis.info\/?p=7261"},"modified":"2021-11-17T18:41:55","modified_gmt":"2021-11-17T17:41:55","slug":"folldal-13-11-2021","status":"publish","type":"post","link":"http:\/\/blog.inmontanis.info\/?p=7261","title":{"rendered":"Folldal, 13.11.2021"},"content":{"rendered":"<p><strong>13.11.2021<\/strong><\/p>\n<p>Tja, wohin jetzt? Den Wettervorhersagen nach sch\u00e4tze ich, wird zu 95% n\u00e4chstes WE kein Lift hier in Norwegen aufsperren und bei den aktuellen Vorhersagen schauts auch f\u00fcr in 2 Wochen Ende November schlecht aus. Ging ich gestern noch davon aus, nur noch eine weitere Woche totschlagen zu m\u00fcssen, muss ich jetzt eher von 2-3 ausgehen. H\u00e4tt ich mir doch noch in Schweden ein g\u00fcnstiges Zimmer nehmen k\u00f6nnen..<\/p>\n<p>Heute allerdings hatte ich ein Ziel: das ehemalige Folldal-Bergwerk mit seiner Seilbahn, auch wenn die St\u00fctzen wohl neu aufgebaut sind.  Das Museum selbst ist aber nur im Sommer ein paar wenige Wochen offen, also konnte man nur die au\u00dfenliegenden Dinge anschauen.<\/p>\n<p><a href='http:\/\/extra.inmontanis.info\/d\/73492-2\/DSC09835.jpg'><img src=http:\/\/extra.inmontanis.info\/d\/73490-3\/DSC09835.jpg \/><\/a><br \/>\n^ Alte BP-Tankstelle n\u00e4he Folldal<\/p>\n<p><a href='http:\/\/extra.inmontanis.info\/d\/73496-2\/DSC09839.jpg'><img src=http:\/\/extra.inmontanis.info\/d\/73495-3\/DSC09839.jpg \/><\/a><br \/>\n^ Folldal \/ Abzweig zum Bergwerksmuseum<\/p>\n<p><a href='http:\/\/extra.inmontanis.info\/d\/73500-2\/DSC09842.jpg'><img src=http:\/\/extra.inmontanis.info\/d\/73499-3\/DSC09842.jpg \/><\/a><br \/>\n^ Ehemalige Materialseilbahn, St\u00fctzen evtl. neu aufgestellt<\/p>\n<p><a href='http:\/\/extra.inmontanis.info\/d\/73504-2\/DSC09844.jpg'><img src=http:\/\/extra.inmontanis.info\/d\/73503-3\/DSC09844.jpg \/><\/a><br \/>\n^ <\/p>\n<p><a href='http:\/\/extra.inmontanis.info\/d\/73508-2\/DSC09849.jpg'><img src=http:\/\/extra.inmontanis.info\/d\/73507-3\/DSC09849.jpg \/><\/a><br \/>\n^ Seilbahnst\u00fctzen links und geradeaus (entweder andere Linie oder&#8230;)<\/p>\n<p><a href='http:\/\/extra.inmontanis.info\/d\/73512-2\/DSC09851.jpg'><img src=http:\/\/extra.inmontanis.info\/d\/73511-3\/DSC09851.jpg \/><\/a><br \/>\n^ Plan<\/p>\n<p><a href='http:\/\/extra.inmontanis.info\/d\/73516-2\/DSC09855.jpg'><img src=http:\/\/extra.inmontanis.info\/d\/73515-3\/DSC09855.jpg \/><\/a><br \/>\n^ <\/p>\n<p><a href='http:\/\/extra.inmontanis.info\/d\/73520-2\/DSC09856.jpg'><img src=http:\/\/extra.inmontanis.info\/d\/73519-3\/DSC09856.jpg \/><\/a><br \/>\n^ Infotafel, das Bergwerk war von 1748-1878 und von 1906-1993 in Betrieb<\/p>\n<p><a href='http:\/\/extra.inmontanis.info\/d\/73524-2\/DSC09857.jpg'><img src=http:\/\/extra.inmontanis.info\/d\/73523-3\/DSC09857.jpg \/><\/a><br \/>\n^ <\/p>\n<p><a href='http:\/\/extra.inmontanis.info\/d\/73528-2\/DSC09858.jpg'><img src=http:\/\/extra.inmontanis.info\/d\/73527-3\/DSC09858.jpg \/><\/a><br \/>\n^ Unter der Seilbahnstation<\/p>\n<p><a href='http:\/\/extra.inmontanis.info\/d\/73532-2\/DSC09861.jpg'><img src=http:\/\/extra.inmontanis.info\/d\/73531-3\/DSC09861.jpg \/><\/a><br \/>\n^ <\/p>\n<p><a href='http:\/\/extra.inmontanis.info\/d\/73536-2\/DSC09863.jpg'><img src=http:\/\/extra.inmontanis.info\/d\/73535-3\/DSC09863.jpg \/><\/a><br \/>\n^ <\/p>\n<p><a href='http:\/\/extra.inmontanis.info\/d\/73540-2\/DSC09864.jpg'><img src=http:\/\/extra.inmontanis.info\/d\/73539-3\/DSC09864.jpg \/><\/a><br \/>\n^ <\/p>\n<p><a href='http:\/\/extra.inmontanis.info\/d\/73544-2\/DSC09865.jpg'><img src=http:\/\/extra.inmontanis.info\/d\/73543-3\/DSC09865.jpg \/><\/a><br \/>\n^ Seilbahnstation<\/p>\n<p><a href='http:\/\/extra.inmontanis.info\/d\/73548-2\/DSC09866.jpg'><img src=http:\/\/extra.inmontanis.info\/d\/73547-3\/DSC09866.jpg \/><\/a><br \/>\n^ <\/p>\n<p><a href='http:\/\/extra.inmontanis.info\/d\/73552-2\/DSC09870.jpg'><img src=http:\/\/extra.inmontanis.info\/d\/73551-3\/DSC09870.jpg \/><\/a><br \/>\n^ <\/p>\n<p><a href='http:\/\/extra.inmontanis.info\/d\/73556-2\/DSC09871.jpg'><img src=http:\/\/extra.inmontanis.info\/d\/73555-3\/DSC09871.jpg \/><\/a><br \/>\n^ <\/p>\n<p><a href='http:\/\/extra.inmontanis.info\/d\/73560-2\/DSC09872.jpg'><img src=http:\/\/extra.inmontanis.info\/d\/73559-3\/DSC09872.jpg \/><\/a><br \/>\n^ <\/p>\n<p><a href='http:\/\/extra.inmontanis.info\/d\/73564-2\/DSC09873.jpg'><img src=http:\/\/extra.inmontanis.info\/d\/73563-3\/DSC09873.jpg \/><\/a><br \/>\n^ <\/p>\n<p><a href='http:\/\/extra.inmontanis.info\/d\/73568-2\/DSC09874.jpg'><img src=http:\/\/extra.inmontanis.info\/d\/73567-3\/DSC09874.jpg \/><\/a><br \/>\n^ <\/p>\n<p><a href='http:\/\/extra.inmontanis.info\/d\/73572-2\/DSC09876.jpg'><img src=http:\/\/extra.inmontanis.info\/d\/73571-3\/DSC09876.jpg \/><\/a><br \/>\n^ <\/p>\n<p><a href='http:\/\/extra.inmontanis.info\/d\/73576-2\/DSC09878.jpg'><img src=http:\/\/extra.inmontanis.info\/d\/73575-3\/DSC09878.jpg \/><\/a><br \/>\n^ <\/p>\n<p><a href='http:\/\/extra.inmontanis.info\/d\/73580-2\/DSC09879.jpg'><img src=http:\/\/extra.inmontanis.info\/d\/73579-3\/DSC09879.jpg \/><\/a><br \/>\n^ .. es handelt sich hier um die Seilbahn Nummer 8<\/p>\n<p><a href='http:\/\/extra.inmontanis.info\/d\/73584-2\/DSC09880.jpg'><img src=http:\/\/extra.inmontanis.info\/d\/73583-3\/DSC09880.jpg \/><\/a><br \/>\n^ <\/p>\n<p><a href='http:\/\/extra.inmontanis.info\/d\/73588-2\/DSC09881.jpg'><img src=http:\/\/extra.inmontanis.info\/d\/73587-3\/DSC09881.jpg \/><\/a><br \/>\n^ <\/p>\n<p><a href='http:\/\/extra.inmontanis.info\/d\/73592-2\/DSC09882.jpg'><img src=http:\/\/extra.inmontanis.info\/d\/73591-3\/DSC09882.jpg \/><\/a><br \/>\n^ Lt. dieser Tafel wurde 1906 mit dem Bau der Seilbahn 1 begonnen (Folldal-Alvdal, Pohlig K\u00f6ln, 34km, 333 St\u00fctzen, bis 1969 in Betrieb). Ferner wird von einer Seilbahn 8, 11, 4 und evtl. 2 weiteren gesprochen.<\/p>\n<p><a href='http:\/\/extra.inmontanis.info\/d\/73596-2\/DSC09884.jpg'><img src=http:\/\/extra.inmontanis.info\/d\/73595-3\/DSC09884.jpg \/><\/a><br \/>\n^ <\/p>\n<p><a href='http:\/\/extra.inmontanis.info\/d\/73600-2\/DSC09883.jpg'><img src=http:\/\/extra.inmontanis.info\/d\/73599-3\/DSC09883.jpg \/><\/a><br \/>\n^ <\/p>\n<p><a href='http:\/\/extra.inmontanis.info\/d\/73604-2\/DSC09885.jpg'><img src=http:\/\/extra.inmontanis.info\/d\/73603-3\/DSC09885.jpg \/><\/a><br \/>\n^ <\/p>\n<p><a href='http:\/\/extra.inmontanis.info\/d\/73608-2\/DSC09886.jpg'><img src=http:\/\/extra.inmontanis.info\/d\/73607-3\/DSC09886.jpg \/><\/a><br \/>\n^ <\/p>\n<p><a href='http:\/\/extra.inmontanis.info\/d\/73612-2\/DSC09888.jpg'><img src=http:\/\/extra.inmontanis.info\/d\/73611-3\/DSC09888.jpg \/><\/a><br \/>\n^ Grubenbahn<\/p>\n<p><a href='http:\/\/extra.inmontanis.info\/d\/73616-2\/DSC09889.jpg'><img src=http:\/\/extra.inmontanis.info\/d\/73615-3\/DSC09889.jpg \/><\/a><br \/>\n^ <\/p>\n<p><a href='http:\/\/extra.inmontanis.info\/d\/73620-2\/DSC09892.jpg'><img src=http:\/\/extra.inmontanis.info\/d\/73619-3\/DSC09892.jpg \/><\/a><br \/>\n^ <\/p>\n<p><a href='http:\/\/extra.inmontanis.info\/d\/73624-2\/DSC09893.jpg'><img src=http:\/\/extra.inmontanis.info\/d\/73623-3\/DSC09893.jpg \/><\/a><br \/>\n^ <\/p>\n<p><a href='http:\/\/extra.inmontanis.info\/d\/73628-2\/DSC09894.jpg'><img src=http:\/\/extra.inmontanis.info\/d\/73627-3\/DSC09894.jpg \/><\/a><br \/>\n^ <\/p>\n<p><a href='http:\/\/extra.inmontanis.info\/d\/73632-2\/DSC09895.jpg'><img src=http:\/\/extra.inmontanis.info\/d\/73631-3\/DSC09895.jpg \/><\/a><br \/>\n^ <\/p>\n<p><a href='http:\/\/extra.inmontanis.info\/d\/73636-2\/DSC09897.jpg'><img src=http:\/\/extra.inmontanis.info\/d\/73635-3\/DSC09897.jpg \/><\/a><br \/>\n^ Schon mal eine Treppe mit schr\u00e4gen Stufen runter gegangen? Ich musste mich zwingen, nicht auf die Stufen\/F\u00fc\u00dfe zu sehen, weils mir schwindelig wurde.<\/p>\n<p><a href='http:\/\/extra.inmontanis.info\/d\/73640-2\/DSC09898.jpg'><img src=http:\/\/extra.inmontanis.info\/d\/73639-3\/DSC09898.jpg \/><\/a><br \/>\n^ Am Parkplatz<\/p>\n<p><a href='http:\/\/extra.inmontanis.info\/d\/73644-2\/DSC09899.jpg'><img src=http:\/\/extra.inmontanis.info\/d\/73643-3\/DSC09899.jpg \/><\/a><br \/>\n^ <\/p>\n<p><a href='http:\/\/extra.inmontanis.info\/d\/73648-2\/DSC09901.jpg'><img src=http:\/\/extra.inmontanis.info\/d\/73647-3\/DSC09901.jpg \/><\/a><br \/>\n^ Skigebiet Fjellsyn in Bildmitte (KSSL), nahe Folldal<\/p>\n<p>So sonnig wie gemeldet war es heute also nicht und auch am Galdh\u00f8piggen-Sommerskigebiet war es um 13h fast bedeckt.<\/p>\n<p>Bin abends das Heizerthema nochmals durch und geschaut, was es bei Amazon gibt. Einen kleinen 500W-Heizer mit Temperaturregelung, der auch von Campern gelobt wurde, der aber &#8211; nach Bildersuche &#8211; wohl auch von anderen Firmen nicht in Norwegen erh\u00e4ltlich zu sein scheint.  Den k\u00f6nnte man dann auch recht leicht dort hin stellen, wo man ihn gerade haben m\u00f6chte. <\/p>\n<p>Der gr\u00f6\u00dfere Metall-Heizer, den ich in Norwegen von anderen &#8220;Herstellern&#8221; bekommen w\u00fcrde (mit 650\/1300\/2000W) wird immerhin so beschrieben, dass er dauerhaft l\u00e4uft, auch wenn er lt. Temperaturregler nicht heizt, sowie einen hohen Luftstrom haben soll, der daf\u00fcr nicht so hei\u00df ist. K\u00f6nnte ja evtl. vorteilhaft sein, da man ihn dann vielleicht in den Fahrerfu\u00dfraum stellen kann und trotzdem die Luft (und den ganzen Dreck umten) gro\u00dffl\u00e4chig rumwirbelt? Oder nachteilhaft, weil die Temperatur dort eh so niedrig ist, dass es durch die niedrige Temperatur des Heizers gar nicht oder nur seeeehr langsam warm wird und man laufend einen ventilatorhaft-k\u00fchlen Luftstrom h\u00e4tte?<\/p>\n<p>(Ein paar Tage sp\u00e4ter bin ich auch noch \u00fcber einen in Norwegen erh\u00e4ltlichen Schuhtrockner (L\u00fcfter, zum Aufh\u00e4ngen) gesto\u00dfen, der mit 750W und 10h-Timer etwas st\u00e4rker und besser sein sollte als die normalen Schuhtrockner, allerdings lt. technischen Daten 18kg wiegen soll &#8211; was mir zu schwer w\u00e4re und wesentlich mehr als solche Dinger normalerweise wiegen. N\u00e4hestes Gesch\u00e4ft ist dann in Lillehammer, wo ich mir das Teil mal anschauen k\u00f6nnte. Da g\u00e4be es dann auch den anderen, gro\u00dfen L\u00fcfter in einem anderen Gesch\u00e4ft recht g\u00fcnstig.)<\/p>\n","protected":false},"excerpt":{"rendered":"<p>13.11.2021<\/p>\n<p>Tja, wohin jetzt? Den Wettervorhersagen nach sch\u00e4tze ich, wird zu 95% n\u00e4chstes WE kein Lift hier in Norwegen aufsperren und bei den aktuellen Vorhersagen schauts auch f\u00fcr in 2 Wochen Ende November schlecht aus. Ging ich gestern noch davon aus, nur noch eine weitere Woche totschlagen zu m\u00fcssen, muss ich jetzt eher von 2-3 <a href=\"http:\/\/blog.inmontanis.info\/?p=7261\">[&#8230;]<\/a><\/p>\n","protected":false},"author":1,"featured_media":7263,"comment_status":"closed","ping_status":"closed","sticky":false,"template":"","format":"standard","meta":{"footnotes":""},"categories":[185,18,32],"tags":[50],"class_list":["post-7261","post","type-post","status-publish","format-standard","has-post-thumbnail","hentry","category-2021-08-skandinavien","category-norwegennorway","category-lostplaces","tag-bergbau","odd"],"_links":{"self":[{"href":"http:\/\/blog.inmontanis.info\/index.php?rest_route=\/wp\/v2\/posts\/7261","targetHints":{"allow":["GET"]}}],"collection":[{"href":"http:\/\/blog.inmontanis.info\/index.php?rest_route=\/wp\/v2\/posts"}],"about":[{"href":"http:\/\/blog.inmontanis.info\/index.php?rest_route=\/wp\/v2\/types\/post"}],"author":[{"embeddable":true,"href":"http:\/\/blog.inmontanis.info\/index.php?rest_route=\/wp\/v2\/users\/1"}],"replies":[{"embeddable":true,"href":"http:\/\/blog.inmontanis.info\/index.php?rest_route=%2Fwp%2Fv2%2Fcomments&post=7261"}],"version-history":[{"count":2,"href":"http:\/\/blog.inmontanis.info\/index.php?rest_route=\/wp\/v2\/posts\/7261\/revisions"}],"predecessor-version":[{"id":7264,"href":"http:\/\/blog.inmontanis.info\/index.php?rest_route=\/wp\/v2\/posts\/7261\/revisions\/7264"}],"wp:featuredmedia":[{"embeddable":true,"href":"http:\/\/blog.inmontanis.info\/index.php?rest_route=\/wp\/v2\/media\/7263"}],"wp:attachment":[{"href":"http:\/\/blog.inmontanis.info\/index.php?rest_route=%2Fwp%2Fv2%2Fmedia&parent=7261"}],"wp:term":[{"taxonomy":"category","embeddable":true,"href":"http:\/\/blog.inmontanis.info\/index.php?rest_route=%2Fwp%2Fv2%2Fcategories&post=7261"},{"taxonomy":"post_tag","embeddable":true,"href":"http:\/\/blog.inmontanis.info\/index.php?rest_route=%2Fwp%2Fv2%2Ftags&post=7261"}],"curies":[{"name":"wp","href":"https:\/\/api.w.org\/{rel}","templated":true}]}}