{"id":7255,"date":"2021-11-12T18:30:17","date_gmt":"2021-11-12T17:30:17","guid":{"rendered":"http:\/\/blog.inmontanis.info\/?p=7255"},"modified":"2023-08-04T21:00:32","modified_gmt":"2023-08-04T19:00:32","slug":"funasdalen-roros-8-12-11-2021","status":"publish","type":"post","link":"http:\/\/blog.inmontanis.info\/?p=7255","title":{"rendered":"Fun\u00e4sdalen &#8211; R\u00f8ros, 8.-12.11.2021"},"content":{"rendered":"<p><strong>8.11.2021<\/strong><\/p>\n<p>Morgens -3\u00b0 drau\u00dfen, aber innen nicht so stark abgek\u00fchlt, K\u00fchlschrank +4\u00b0, Minimaltemp. nachts am Thermomenter vorne: +3,4\u00b0.<\/p>\n<p>Idee: Wenn ich im Winter wieder in Zimmern ohne Tisch bin .. k\u00f6nnte man einen Tisch dabei haben? Evtl. \u00fcber mein Fotostativ? Ne, kippt wohl zu leicht. Oder einen Campingtisch mit m\u00f6glichst kleinem Packma\u00df, aber doch hoch genug?<\/p>\n<p>Bissl rumgegoogelt .. die kleineren Falttische sind zu niedrig und die h\u00f6heren Falttische sind dann gleich mal viel zu gro\u00df f\u00fcr meinen Zweck (und brauchen damit mehr Platz zum Verstauen) ..<\/p>\n<p><a href='http:\/\/extra.inmontanis.info\/d\/73426-2\/DSC09751.jpg'><img src=http:\/\/extra.inmontanis.info\/d\/73425-3\/DSC09751.jpg \/><\/a><br \/>\n^ Nachtplatz am Fluss oder See<\/p>\n<p>\u00dcber Nacht werden ca. 5-7cm Schnee gemeldet&#8230;<\/p>\n<p><strong>9.11.2021<\/strong><\/p>\n<p>.. aber es lag morgens doch wesentlich mehr Schnee auf dem Auto als gemeldet.. statt 5-7cm waren es eher 10-20cm, pappig-nasser Schnee.<br \/>\nIch m\u00f6chte ja ungern ausprobieren, wieviel Schnee fallen muss, damit ich noch genug Luft im Auto bekomme.. Auch die Abgase beim morgendlichen Standheizungsbetrieb k\u00f6nnten eine Gefahr sein.<\/p>\n<p><a href='http:\/\/extra.inmontanis.info\/d\/73430-2\/DSC09758.jpg'><img src=http:\/\/extra.inmontanis.info\/d\/73429-3\/DSC09758.jpg \/><\/a><br \/>\n^ Neuschnee am Morgen mag ich nicht, wenn ich im Auto schlaf. Zu viele Risiken ..<\/p>\n<p>Zum Gl\u00fcck sind noch keine Schneer\u00e4umer gefahren, so dass ich die Ausfahrt aus dem Parkplatz und danach zur Hauptstra\u00dfe noch problemlos geschafft hab.<\/p>\n<p><a href='http:\/\/extra.inmontanis.info\/d\/73434-2\/DSC09759.jpg'><img src=http:\/\/extra.inmontanis.info\/d\/73433-3\/DSC09759.jpg \/><\/a><br \/>\n^ Fahrt nach Fun\u00e4sdalen (7:17 Uhr)<\/p>\n<p>War vormittags wieder (wie im Fr\u00fchjahr \u00f6fters) im Parkhaus in Fun\u00e4sdalen an der Gondel\/Schule\/Busbahnhof (deshalb WC dort), danach im Supermarkt und dann ins Hotel, dort doch noch zu einem Lunchbuffet gekommen. Mit ca. 13,50 \u20ac zwar nicht so g\u00fcnstig wie sonst manchmal und nur 2 Hauptspeisen zur Auswahl, aber wie gehabt inkl. Salatbuffet und Getr\u00e4nk und auch Kuchen. Geschmacklich fand ichs aber nur mittelm\u00e4\u00dfig.<\/p>\n<p><a href='http:\/\/extra.inmontanis.info\/d\/73438-2\/DSC09760.jpg'><img src=http:\/\/extra.inmontanis.info\/d\/73437-3\/DSC09760.jpg \/><\/a><br \/>\n^ Schneer\u00e4umung in Fun\u00e4sdalen<\/p>\n<p><a href='http:\/\/extra.inmontanis.info\/d\/73442-2\/DSC09764.jpg'><img src=http:\/\/extra.inmontanis.info\/d\/73441-3\/DSC09764.jpg \/><\/a><br \/>\n^ Fun\u00e4sdalen-T\u00e4nndalen<\/p>\n<p><a href='http:\/\/ski.inmontanis.info\/d\/298407-3\/DSC09769.jpg'><img src=http:\/\/ski.inmontanis.info\/d\/298406-4\/DSC09769.jpg \/><\/a><br \/>\n^ Beschneiung zwischen 6KSB und SL in T\u00e4nndalen<\/p>\n<p><a href='http:\/\/ski.inmontanis.info\/d\/298411-3\/DSC09772.jpg'><img src=http:\/\/ski.inmontanis.info\/d\/298410-4\/DSC09772.jpg \/><\/a><br \/>\n^ .. hier wurden etliche neue Ferienh\u00e4user gebaut, die aber noch nicht fertig sind<\/p>\n<p>\u00dcbrigens h\u00e4tte man hier in T\u00e4nndalen auch schon am 29.10. \u00f6ffnen und dann bis Dezember an den WE offen haben wollen. Oder galt das f\u00fcr letztes Jahr? Wegen Schneemangel aber aktuell auch nicht offen. Mit den positionierten Schneekanonen, deren bisherigem Auswurf und dem Schnee heute, k\u00f6nnte es aber durchaus sein, dass n\u00e4chstes WE vielleicht der SL neben der 6KSB teilweise \u00f6ffnen k\u00f6nnte. Auf einer anderen Seite steht was von Vorsaison ab 18.11.<\/p>\n<p>Fuhr wieder nach Norwegen und hab ausnahmsweise mal an einem normalen Rastplatz \u00fcbernachtet &#8211; ist ja nicht unbedingt erw\u00fcnscht, aber bei Schnee hat man halt wenig andere M\u00f6glichkeiten. WCs sind hier aber in den Wintermonaten (Mitte Oktober &#8211; Ende April) leider geschlossen. Durch den Schnee auf der Stra\u00dfe war dankenswerterweise der Verkehr weniger laut.<\/p>\n<p><a href='http:\/\/extra.inmontanis.info\/d\/73446-2\/DSC09773.jpg'><img src=http:\/\/extra.inmontanis.info\/d\/73445-3\/DSC09773.jpg \/><\/a><br \/>\n^ T\u00e4nndalen-Norwegen<\/p>\n<p><a href='http:\/\/extra.inmontanis.info\/d\/73450-2\/DSC09777.jpg'><img src=http:\/\/extra.inmontanis.info\/d\/73449-3\/DSC09777.jpg \/><\/a><br \/>\n^ Richtung R\u00f8ros<\/p>\n<p>Mal wieder die Skigebiete in Norwegen durchgegangen &#8211; wie schon bef\u00fcrchtet, gibt&#8217;s eine weitere Verschiebung der Saison\u00f6ffnung, so dass auch ab 13.11. nix \u00f6ffnen wird. Bleibt maximal das Sommerskigebiet am Galdh\u00f8piggen (vmtl. nur noch bis 14.11. offen, aber bei 200km Umweg und den teuren Skipasskosten werd ich mir das wohl sparen . wobei Skipass mit ca. 41 \u20ac plus Maut ca. 10,- \u20ac, naja, ginge noch, wenn ein wirklich sonniger Tag gemeldet w\u00fcrde) &#8211; die eine Woche halt ichs dann auch noch aus. In der Hoffnung, dass die normalen Gebiete dann ab 20.11. aufsperren. <\/p>\n<p><strong>10.11.2021<\/strong><\/p>\n<p>Um R\u00f8ros sind ja diese vielen ehemaligen Kupferbergwerke, wo ich schon vor einigen Jahren eine und eine weitere heuer raufw\u00e4rts besucht hab (die geniale, halbverfallene Materialseilbahnstation!). Das St\u00e4dtchen k\u00f6nnte daher ja vielleicht auch interessant sein? Bin aber nur zum Einkaufen rein.<\/p>\n<p>Funfact, lt. Wikipedia: &#8220;&#8230; bekam R\u00f8ros im Jahr darauf nach Paris und Hammerfest als dritte Stadt in Europa eine elektrische Stra\u00dfenbeleuchtung.&#8221; <\/p>\n<p><a href='http:\/\/extra.inmontanis.info\/d\/73454-2\/DSC09785.jpg'><img src=http:\/\/extra.inmontanis.info\/d\/73453-3\/DSC09785.jpg \/><\/a><br \/>\n^ N\u00e4he R\u00f8ros<\/p>\n<p><a href='http:\/\/extra.inmontanis.info\/d\/73458-2\/DSC09786.jpg'><img src=http:\/\/extra.inmontanis.info\/d\/73457-3\/DSC09786.jpg \/><\/a><br \/>\n^ <\/p>\n<p><a href='http:\/\/extra.inmontanis.info\/d\/73462-2\/DSC09788.jpg'><img src=http:\/\/extra.inmontanis.info\/d\/73461-3\/DSC09788.jpg \/><\/a><br \/>\n^ <\/p>\n<p><a href='http:\/\/extra.inmontanis.info\/d\/73466-2\/DSC09790.jpg'><img src=http:\/\/extra.inmontanis.info\/d\/73465-3\/DSC09790.jpg \/><\/a><br \/>\n^ <\/p>\n<p><a href='http:\/\/extra.inmontanis.info\/d\/73470-2\/DSC09792.jpg'><img src=http:\/\/extra.inmontanis.info\/d\/73469-3\/DSC09792.jpg \/><\/a><br \/>\n^ <\/p>\n<p><a href='http:\/\/ski.inmontanis.info\/d\/298383-2\/DSC09798.jpg'><img src=http:\/\/ski.inmontanis.info\/d\/298381-3\/DSC09798.jpg \/><\/a><br \/>\n^ R\u00f8ros Alpinsenter in \u00d8s, rechter (kurzer) SL<\/p>\n<p><a href='http:\/\/ski.inmontanis.info\/d\/298387-2\/DSC09801.jpg'><img src=http:\/\/ski.inmontanis.info\/d\/298386-3\/DSC09801.jpg \/><\/a><br \/>\n^ Plan<\/p>\n<p><a href='http:\/\/ski.inmontanis.info\/d\/298391-2\/DSC09802.jpg'><img src=http:\/\/ski.inmontanis.info\/d\/298390-3\/DSC09802.jpg \/><\/a><br \/>\n^ Mittlerer SL<\/p>\n<p><a href='http:\/\/ski.inmontanis.info\/d\/298395-2\/DSC09805.jpg'><img src=http:\/\/ski.inmontanis.info\/d\/298394-3\/DSC09805.jpg \/><\/a><br \/>\n^ Am Parkplatz (15:27 Uhr)<\/p>\n<p><a href='http:\/\/ski.inmontanis.info\/d\/298399-2\/DSC09810.jpg'><img src=http:\/\/ski.inmontanis.info\/d\/298398-3\/DSC09810.jpg \/><\/a><br \/>\n^ 18:24 Uhr (2sek)<\/p>\n<p>Endlich mal wieder Nudeln kochen heute Abend. Samt schwedischer K\u00f6ttbullar und in Norwegen gekaufter und als &#8220;mild&#8221; ausgezeichnete indischer Korma-Sauce. Ging von der Sch\u00e4rfe auch gerade noch so, wenn man nicht zu viel erwischt.<\/p>\n<p><strong>11.11.2021<\/strong><\/p>\n<p><a href='http:\/\/ski.inmontanis.info\/d\/298403-2\/DSC09819.jpg'><img src=http:\/\/ski.inmontanis.info\/d\/298402-3\/DSC09819.jpg \/><\/a><br \/>\n^ R\u00f8ros Alpinsenter am n\u00e4chsten Tag<\/p>\n<p>Spar auf dem Weg, also mal wieder am Salatbuffet was mitgenommen, sp\u00e4ter an der hei\u00dfen Theke noch einen Elchburger entdeckt, den ich probieren musste. War mit Preisselbeersauce oder so statt Ketchup bestrichen.. Naja, frische Hamburger an der Tanke schmecken schon besser als diese abgepackten im Supermarkt.<\/p>\n<p><a href='http:\/\/extra.inmontanis.info\/d\/73474-2\/DSC09817.jpg'><img src=http:\/\/extra.inmontanis.info\/d\/73473-3\/DSC09817.jpg \/><\/a><br \/>\n^ Kleine Salatportion plus Elchburger plus Korn-Diamantsemmel<\/p>\n<p><a href='http:\/\/extra.inmontanis.info\/d\/73478-2\/DSC09822.jpg'><img src=http:\/\/extra.inmontanis.info\/d\/73477-3\/DSC09822.jpg \/><\/a><br \/>\n^ Alte Br\u00fccke<\/p>\n<p><a href='http:\/\/extra.inmontanis.info\/d\/73482-2\/DSC09821.jpg'><img src=http:\/\/extra.inmontanis.info\/d\/73481-3\/DSC09821.jpg \/><\/a><br \/>\n^ .. und eine Skisprungschanze<\/p>\n<p>W\u00e4hrend die Skigebiete in Norwegen weiterhin die \u00d6ffnung verschieben, hat in Schweden mittlerweile ein weiteres aufgemacht, im Norden, wieder einmal n\u00e4he Arvidsjaur (aber s\u00fcdlich, statt n\u00f6rdlich wie K\u00e5bdalis): Nalovardo. Evtl. aber nur f\u00fcr Trainingsgruppen. Idre im S\u00fcden hat ja auch schon lang, aber nur f\u00fcr Trainingsgruppen, offen.<\/p>\n<p>In Finnland hat Ruka mittlerweile 10 Abfahrten offen, Levi 4 und es scheinen noch einige Skigebiete mehr mittlerweile offen zu haben.<\/p>\n<p>Bei mir heute Abend: Regen. Naja, bevor ich mit 40cm Schnee eingeschneit w\u00fcrde..<\/p>\n<p>Es wird ja gern betont, wie fortschritlich doch die skandinavischen L\u00e4nder hinsichtlich &#8220;Online&#8221; seien &#8211; aber was Websites und Preisinformationen von Unterk\u00fcnften angeht (G\u00e4steh\u00e4user, Pensionen, H\u00fctten\/Campingpl\u00e4tze)- das ist teilweise 1990er Niveau, viele komplett ohne Website, viele mit Websites von wohl vor der Jahrtausendwende und die Preise, wennst Pech hast, genauso alt&#8230; na, das wird ja ein Sp\u00e4sschen werden die n\u00e4chsten Monate :( <\/p>\n<p>Vielleicht sollt ich doch schauen, ob ich ein Stromkabel in den Innenraum bekomm und mich dann samt Elektroheizer auf Campingpl\u00e4tze zu stellen .. kostet in Norwegen zwar auch gern 20-30 \u20ac pro Nacht .. aber bevor ich in Hotels um\/\u00fcber 100 \u20ac zahlen muss.. zumal in Norwegen  anscheinend viele Hostels nur bettenweise, nicht zimmerweise an Einzelpersonen zu vermieten scheinen, auf booking.com findet man jedenfalls h\u00e4ufig mal &#8220;Bett im M\u00e4nnerschlafsaal&#8221; etc. In Schweden waren die &#8220;Wandererheime&#8221; ja fast immer (oder auch) Zimmerweise zu buchen &#8211; und bei Einzelbelegung trotzdem g\u00fcnstiger. Manchmal ist Schweden schon sympathischer als Norwegen. <\/p>\n<p>Wie k\u00f6nnte ich das Stromkabel ins Auto bekommen? T\u00fcrfalz oder Fenster. (zu kompliziert: Motorhaube oder irgendwie von hinten.)<br \/>\nM\u00f6gliche Probleme?<br \/>\n&#8211; eindringende K\u00e4lte: durch st\u00e4rkere\/dauernde Elektroheizung (ein L\u00fcfter vmtl. einzige M\u00f6glichkeit) oder vorhandener Fensterschaumstoff behebbar<br \/>\n&#8211; eindrigender Regen\/Schnee: T\u00fcrfalz dicht genug? Fenster hinten mit vorhandenem Regen\/Windabweiser: passt das Kabel durch, ohne dass es den Windabweiser mit der Zeit l\u00f6st?<br \/>\n&#8211; eindringende Tiere (Spinnen, M\u00e4use, K\u00e4fer, andere Insekten):  T\u00fcrfalz dicht genug? Fenster: Fliegennetz? Schaumstoff ausreichend? Jetzt im Winter eh kein so gro\u00dfes Problem?<\/p>\n<p>-> Fensterspalt scheint mir doch sinnvoller, an den hinteren Fenstern hatte ich im Sommer ja die Regen\/Windabweiser montiert.<\/p>\n<p><strong>12.11.2021<\/strong><\/p>\n<p>Ungew\u00f6hnlich: Benzin ist derzeit oder zumindest gestern+heute (morgen sah es wieder anders aus) in Norwegen etwas g\u00fcnstiger als Diesel.  Benzin hier in der Gegend sogar g\u00fcnstiger als in Schweden.<\/p>\n<p><a href='http:\/\/extra.inmontanis.info\/d\/73486-2\/DSC09825.jpg'><img src=http:\/\/extra.inmontanis.info\/d\/73485-3\/DSC09825.jpg \/><\/a><br \/>\n^ Auf den Gipfel unter der Sonne bin ich auf dieser Reise schon mit dem Auto raufgefahren (Tronfjell)<\/p>\n<p>Na nerv: Kvitfjell, die am 6.11. h\u00e4tten \u00f6ffnen wollen, haben nun auf eine voraussichtliche \u00d6ffnung 27.11. verschoben. D.h. ich m\u00fcsste hier in der Gegend nicht nur 1, sondern 2 Wochen ausharren, bis endlich mal was weiter geht :-( W\u00e4r ich doch im Sp\u00e4tsommer trotz des schlechten Wetters gleich auf die Lofoten und dann sp\u00e4ter logisch von Kirkenes nach Finnland weiter.<\/p>\n<p>Diverse Webcams norwegischer Skigebiete in der Gegend zeigen auch wenig Hoffnung, dass ab 20.11. was gehen wird. W\u00e4hrenddessen wird in Schweden im Norden vermutlich n\u00e4chstes WE noch das eine oder andere aufmachen. Wohin dann die n\u00e4chsten Tage? Werd wohl um eine nahe Unterkunft nicht herumkommen, da ich ja nicht wei\u00df, wann und wo dann endlich mal ein Lift \u00f6ffnet.<\/p>\n<p>Oh, es wird sogar noch schlimmer. Oppdal, von hier etwas n\u00f6rdlich, h\u00e4tte evtl. auch  n\u00e4chstes WE starten wollen.. Wettervorhersagen f\u00fcr n\u00e4chsten FR+SA: bis zu +7\u00b0 und 2 Tage Regen&#8230;<\/p>\n<p>Je weiter zur K\u00fcste, desto w\u00e4rmer, logischerweie, aber auch desto mehr Regen gemeldet, 2, 3, 4, 5, 6 Tage lang &#8230; also ans Meer fahren bringt&#8217;s auch nicht.<\/p>\n<p>F\u00fcr die Gebiete s\u00fcdlich zwar kein Regen, aber auch knapp \u00fcber 0\u00b0 jeden Tag gemeldet &#8211; das wird dann wohl auch in 2 Wochen noch keine offenen Lifte geben :(<\/p>\n<p>G\u00e4b&#8217;s dieses schei\u00df Coronathema bei den Grenzen nicht, w\u00fcrd ich jetzt nach Finnland rauf fahren. Bzw. w\u00e4re ich ja dann eh schon vor ein paaar Wochen in Nordschweden geblieben + nach Finnland r\u00fcber. Aktuell jedenfalls weiterhin keine Farb\u00e4nderungen, Nordschweden rot, darunter alles gelb, Finnland ganz oben gr\u00fcn, dann orange+rot.<\/p>\n<p>Hab abends mal etwas im WWW rumgesucht zum Thema Stromversorgung vom Campingplatz. Alles mal wieder nicht so einfach und so wie ich es will, nat\u00fcrlich offiziell auch nicht so ganz erlaubt, zumindest nicht in Deutschland. F\u00fcr die Kabeldurchf\u00fchrung im T\u00fcrfalz oder Fensterspalt gibts jeweils verschiedene Vor- und Nachteile. <\/p>\n<p>Generell gibt&#8217;s schon etliche, die ein Kabel f\u00fcr einen Heizl\u00fcfter bei sich daheim durch den T\u00fcrfalz legen und jahrelang kein Problem hinsichtlich eines aufgescheuerten Kabels haben. Das kann nat\u00fcrlich beim T\u00fcrfalz leichter passieren als beim Fensterspalt und dann evtl. die Karosserie unter Strom setzen. Was f\u00fcr einen, der drau\u00dfen ist und das Fahrzeug anfassen w\u00fcrde, aber wohl gef\u00e4hrlicher w\u00e4re als f\u00fcr mich. Gute Diebstahlsicherung ;)<\/p>\n<p>Bei der Fenstervariante gibts aber noch ein anderes eventuelles Problem, woran man nicht unbedingt denkt: Zerbrochene Scheiben. Die sollen dann passieren k\u00f6nnen, wenn jemand am Kabel zieht &#8211; absichtlich oder unabsichtlich, z.B. irgendwo an einem anderen Auto verwickelt oder man selbst, wenn man losf\u00e4hrt  &#8211; und dann quasi der Stecker von Innen durch die geschlossene Scheibe gezerrt wird. Kann man evtl. mit Schlaufen etwas entzerren oder auf das Kabel fahren oder vielleicht um was anderes wickeln ..<\/p>\n<p>Zus\u00e4tzlich kann es wohl passieren, dass Campingpl\u00e4tze zu wenig Strom liefern. 4A w\u00e4ren bei 230V z.B. keine 1000W und somit w\u00fcrd schon allein meine Kochplatte nicht laufen. Sollten dann also mind. 6A sein.<\/p>\n<p>Strom auf Campingpl\u00e4tzen kann auch recht teuer sein &#8211; insb. wenn man nach kW zahlen muss und dann z.B. 0,50 \u20ac pro kW zahlen muss und die ganze Nacht mit nem Elektrol\u00fcfter heizen will .. oder man hat eine Pauschale um 4-8 \u20ac, was aber ja auch nicht g\u00fcnstig ist..<\/p>\n<p>Der Heizl\u00fcfter sollte nat\u00fcrlich auch m\u00f6glichst leise sein und noch wichtiger, nicht laufend ein- und ausschalten, um die Temperatur zu halten, sondern dauerhaft laufen und nur die Heizspirale ausschalten. Sonst k\u00f6nnt ich nicht schlafen, wenn der sich laufend einschaltet.<\/p>\n<p>Und schlie\u00dflich: So ein Heizer und Stromkabel braucht ja auch Platz im Auto, wenn man unterwegs ist. Und ein paar m sollte das Kabel ja auch lang sein, je nachdem wo die Steckdose am Campingplatz ist .. wobei man hier zumindest in DE maximal 25m Kabell\u00e4nge angibt.<\/p>\n<p>Einen Heizl\u00fcfter mit lediglich 500-1000W zu finden, ist anscheinend auch nicht so einfach&#8230; Und meinen kleinen Reise-Heizer f\u00fcr die Steckdose hab ich glaub ich nicht dabei. Wobei der evtl. eh 1000W hatte, meine ich. Und nat\u00fcrlich schwierig dann im Auto hinzustellen w\u00e4re..<\/p>\n<p>Man k\u00f6nnte vielleicht noch Heizdecken ans Fenster h\u00e4ngen. Wenn das Festmachproblem leichter l\u00f6sbar w\u00e4re. Und brauchen tags\u00fcber noch mehr Platz. <\/p>\n<p>Bei so einem Heizl\u00fcfter gibts noch 2 Fragen, die man wohl nur mit Ausprobieren beantworten kann: wieviel Watt brauch ich eigentlich und wo stell ich den hin, dass er a) m\u00f6glichst das ganze Auto beheizt und b) es nicht dort, wo er steht, zu hei\u00df wird? Und eben was man h\u00e4ufig auch nicht in der Beschreibung liest: schaltet er beim Erreichen der gew\u00e4hlten Temperatur komplett aus (schlecht in der Nacht) oder nur die Heizspirale?<\/p>\n<p>Das Thema w\u00e4re mit einem Elektroauto tats\u00e4chlich einfacher &#8211; da hat man die elektrische Heizung vom Auto und steckt den Strom einfach am Autolader an ..<\/p>\n<p>Also rein von der finanziellen Sicht jetzt diese Woche bzw. die 2 n\u00e4chsten Wochen, wenn n\u00e4chste Woche auch noch kein Skigebiet \u00f6ffnen sollte: sich um 50 \u20ac ein Zimmer oder eine H\u00fctte zu nehmen pro Tag .. versus: 1,5h am Tag den Motor laufen zu lassen, um genug Strom zu erzeugen, ggf. dabei 20-50km pro Tag durch die Gegend fahren, bissl Verschleiss zu haben &#8211; und dadurch ggf. fr\u00fcher \/ ein teureres Autoservice machen zu m\u00fcssen ..  das spricht doch f\u00fcr die Autovariante, oder?? Allerdings nur, so lang es nicht zu kalt wird &#8211; bei ganzt\u00e4gigen -10\u00b0 oder k\u00e4lter m\u00fcsste ich ja den Motor dann 2h am Tag zum Nachladen laufen lassen und irgendwann werden die N\u00e4chte dann auch zu kalt. Und auch nur solang man noch Parkpl\u00e4tze findet, also nicht zu viel Schnee liegt. Das tr\u00e4fe auf die n\u00e4chsten 2 Wochen aber voraussichtlich ja zu, Schnee ist nur in den H\u00f6hen gemeldet.<\/p>\n<p>Wobei, dann k\u00f6nnte ich auch gleich l\u00e4nger fahren, meine Batterie mal voll laden und am Sonntag am Gletscher Ski fahren? Bl\u00f6derweise soll es da nur morgen Samstag sonnig und am Sonntag wieder wolkiger werden.<\/p>\n<p>Nachmittags heute -5\u00b0, am n\u00e4chsten Morgen -6\u00b0, Nacht verlief entsprechend etwas k\u00fchler heute. Aber es soll ja wieder w\u00e4rmer werden.<\/p>\n","protected":false},"excerpt":{"rendered":"<p>8.11.2021<\/p>\n<p>Morgens -3\u00b0 drau\u00dfen, aber innen nicht so stark abgek\u00fchlt, K\u00fchlschrank +4\u00b0, Minimaltemp. nachts am Thermomenter vorne: +3,4\u00b0.<\/p>\n<p>Idee: Wenn ich im Winter wieder in Zimmern ohne Tisch bin .. k\u00f6nnte man einen Tisch dabei haben? Evtl. \u00fcber mein Fotostativ? Ne, kippt wohl zu leicht. Oder einen Campingtisch mit m\u00f6glichst kleinem Packma\u00df, aber doch hoch <a href=\"http:\/\/blog.inmontanis.info\/?p=7255\">[&#8230;]<\/a><\/p>\n","protected":false},"author":1,"featured_media":7259,"comment_status":"closed","ping_status":"closed","sticky":false,"template":"","format":"standard","meta":{"footnotes":""},"categories":[185,18,599,19],"tags":[100,45,47],"class_list":["post-7255","post","type-post","status-publish","format-standard","has-post-thumbnail","hentry","category-2021-08-skandinavien","category-norwegennorway","category-roros","category-schwedensweden","tag-langzeitbelichtung","tag-see","tag-sl","odd"],"_links":{"self":[{"href":"http:\/\/blog.inmontanis.info\/index.php?rest_route=\/wp\/v2\/posts\/7255","targetHints":{"allow":["GET"]}}],"collection":[{"href":"http:\/\/blog.inmontanis.info\/index.php?rest_route=\/wp\/v2\/posts"}],"about":[{"href":"http:\/\/blog.inmontanis.info\/index.php?rest_route=\/wp\/v2\/types\/post"}],"author":[{"embeddable":true,"href":"http:\/\/blog.inmontanis.info\/index.php?rest_route=\/wp\/v2\/users\/1"}],"replies":[{"embeddable":true,"href":"http:\/\/blog.inmontanis.info\/index.php?rest_route=%2Fwp%2Fv2%2Fcomments&post=7255"}],"version-history":[{"count":3,"href":"http:\/\/blog.inmontanis.info\/index.php?rest_route=\/wp\/v2\/posts\/7255\/revisions"}],"predecessor-version":[{"id":7260,"href":"http:\/\/blog.inmontanis.info\/index.php?rest_route=\/wp\/v2\/posts\/7255\/revisions\/7260"}],"wp:featuredmedia":[{"embeddable":true,"href":"http:\/\/blog.inmontanis.info\/index.php?rest_route=\/wp\/v2\/media\/7259"}],"wp:attachment":[{"href":"http:\/\/blog.inmontanis.info\/index.php?rest_route=%2Fwp%2Fv2%2Fmedia&parent=7255"}],"wp:term":[{"taxonomy":"category","embeddable":true,"href":"http:\/\/blog.inmontanis.info\/index.php?rest_route=%2Fwp%2Fv2%2Fcategories&post=7255"},{"taxonomy":"post_tag","embeddable":true,"href":"http:\/\/blog.inmontanis.info\/index.php?rest_route=%2Fwp%2Fv2%2Ftags&post=7255"}],"curies":[{"name":"wp","href":"https:\/\/api.w.org\/{rel}","templated":true}]}}