{"id":7250,"date":"2021-11-07T18:35:29","date_gmt":"2021-11-07T17:35:29","guid":{"rendered":"http:\/\/blog.inmontanis.info\/?p=7250"},"modified":"2021-11-10T18:54:03","modified_gmt":"2021-11-10T17:54:03","slug":"sangbacksfallet-7-11-2021","status":"publish","type":"post","link":"http:\/\/blog.inmontanis.info\/?p=7250","title":{"rendered":"S\u00e5ngb\u00e4cksfallet, 7.11.2021"},"content":{"rendered":"<p><strong>7.11.2021<\/strong><\/p>\n<p>Heute wie gestern wurde es nachts (bzw. morgens) irgendwann kalt am Hintern, was mich etwas am Wiedereinschlafen hinderte. Bei den ersten -10\u00b0 im Januar hatte ich ja die Heizmatten auf dem Bett eingeschaltet &#8211; was dann zu warm war und so kalt ist es momentan ja eh noch nicht. Die Fl\u00e4chen der K\u00f6rperteile, die auf der Matratze liegen, sind auch momentan warm genug &#8211; aber ich schlaf ja lieber seitlich, also wird mir das Einschalten der Heizmatten nichts n\u00fctzen. Vielleicht hatte ich letzten Winter einen w\u00e4rmeren Schlafanzug an ..<\/p>\n<p>Die Heizung an den F\u00fc\u00dfen hab ich ja seit einigen Wochen um 90\u00b0 nach oben &#8220;montiert&#8221;, also sie steckt in der Tasche an der R\u00fcckseite des Beifahrersitzes drin (und kippt manchmal nach hinten um), so dass ich nicht mit den Beinen\/Waden auf der dann oft zu warm werdenen Heizung liege, sondern die Fu\u00dffl\u00e4chen in den Sitz dr\u00fccken kann (und dazwischen dann die Heizmatte ist) &#8211; das funktioniert interessanterweise auch bei den momentanen Temperaturen noch gut genug, dass ich keine Probleme mit kalten F\u00fc\u00dfen hab. <\/p>\n<p>Keinen Unterschied machte die Tage, ob der Schlafsack zu oder offen ist, also lass ich ihn offen und lieg nicht drauf sondern verwende ihn nur als Decke \u00fcber der anderen Decke. Vielleicht sollt ich bei solchen Temperaturen einfach keine 8-8,5h schlafen wollen, sondern mich eher wieder mit 7h begn\u00fcgen. <\/p>\n<p>Allerdings war es heute Morgen auch besonders kalt im Auto, nur noch 2\u00b0 im K\u00fchlschrank, obwohl es drau\u00dfen nur -3\u00b0 hatte &#8212; normalerweise hat es morgens eher 4-5\u00b0. Minimaltemperatur am Thermometer vorne im Innenraum in mittlerer (Bett-) H\u00f6he 0\u00b0, d.h. im  unteren Bereich eher noch weniger. Sonst waren es an den kalten N\u00e4chten immer um die 3-4\u00b0 auf dieser Reise (und auch in den n\u00e4chsten Tagen). Evtl. hab ich gestern Abend nicht genug geheizt.<\/p>\n<p>Die n\u00e4chsten Tage soll es bis zu -7\u00b0 werden, bevor es dann wieder um die 0\u00b0 gibt, am Dienstag ist etwas Schnee gemeldet. In den norwegischen Skigebieten die ganze Woche unter 0\u00b0 nachts &#8211; vielleicht geht ja doch irgendwo was n\u00e4chstes WE&#8230;<\/p>\n<p><a href='http:\/\/extra.inmontanis.info\/d\/73322-2\/DSC09681.jpg'><img src=http:\/\/extra.inmontanis.info\/d\/73321-3\/DSC09681.jpg \/><\/a><br \/>\n^ eigentlich ein sch\u00f6ner Nachtplatz, aber durch den fr\u00fchen Sonnenuntergang hat man nachmittags halt auch nicht lang was von der Aussicht<\/p>\n<p><a href='http:\/\/extra.inmontanis.info\/d\/73326-2\/DSC09684.jpg'><img src=http:\/\/extra.inmontanis.info\/d\/73325-3\/DSC09684.jpg \/><\/a><br \/>\n^ Kleines Skigebiet bei R\u00e4tan mit einem recht steilen Ponylift<\/p>\n<p><a href='http:\/\/extra.inmontanis.info\/d\/73330-2\/DSC09685.jpg'><img src=http:\/\/extra.inmontanis.info\/d\/73329-3\/DSC09685.jpg \/><\/a><br \/>\n^ <\/p>\n<p><a href='http:\/\/extra.inmontanis.info\/d\/73334-2\/DSC09687.jpg'><img src=http:\/\/extra.inmontanis.info\/d\/73333-3\/DSC09687.jpg \/><\/a><br \/>\n^ Recht neuer Aussichtsrastplatz etwas h\u00f6her<\/p>\n<p><a href='http:\/\/extra.inmontanis.info\/d\/73338-2\/DSC09689.jpg'><img src=http:\/\/extra.inmontanis.info\/d\/73337-3\/DSC09689.jpg \/><\/a><br \/>\n^ <\/p>\n<p>Zwischen Kl\u00f6vsj\u00f6 und Vemdalen hab ich zuf\u00e4llig einen Wasserfall auf der Karte entdeckt, wo ich somit einen Zwischenstopp einlegte. H&#038;R waren es ca. 45min, 1,3km, hm wohl zu fehlerlanf\u00e4llig in dem dichten Wald.<\/p>\n<p><a href='http:\/\/extra.inmontanis.info\/d\/73342-2\/DSC09693.jpg'><img src=http:\/\/extra.inmontanis.info\/d\/73341-3\/DSC09693.jpg \/><\/a><br \/>\n^ Wanderung zum S\u00e5ngb\u00e4cksfallet nache Storhogna zwischen Kl\u00f6vsj\u00f6 und Vemdalsskalet<\/p>\n<p><a href='http:\/\/extra.inmontanis.info\/d\/73346-2\/DSC09694.jpg'><img src=http:\/\/extra.inmontanis.info\/d\/73345-3\/DSC09694.jpg \/><\/a><br \/>\n^ <\/p>\n<p><a href='http:\/\/extra.inmontanis.info\/d\/73350-2\/DSC09696.jpg'><img src=http:\/\/extra.inmontanis.info\/d\/73349-3\/DSC09696.jpg \/><\/a><br \/>\n^ <\/p>\n<p><a href='http:\/\/extra.inmontanis.info\/d\/73354-2\/DSC09699_001.jpg'><img src=http:\/\/extra.inmontanis.info\/d\/73353-3\/DSC09699_001.jpg \/><\/a><br \/>\n^ S\u00e5ngb\u00e4cksfallet &#8211; Wasserfall von oben<\/p>\n<p><a href='http:\/\/extra.inmontanis.info\/d\/73358-2\/DSC09701.jpg'><img src=http:\/\/extra.inmontanis.info\/d\/73357-3\/DSC09701.jpg \/><\/a><br \/>\n^ Wasserfall von oben<\/p>\n<p><a href='http:\/\/extra.inmontanis.info\/d\/73362-2\/DSC09705.jpg'><img src=http:\/\/extra.inmontanis.info\/d\/73361-3\/DSC09705.jpg \/><\/a><br \/>\n^ S\u00e5ngb\u00e4cksfallet &#8211; Wasserfall von oben<\/p>\n<p><a href='http:\/\/extra.inmontanis.info\/d\/73366-2\/DSC09707.jpg'><img src=http:\/\/extra.inmontanis.info\/d\/73365-3\/DSC09707.jpg \/><\/a><br \/>\n^ Treppe hinunter<\/p>\n<p><a href='http:\/\/extra.inmontanis.info\/d\/73370-2\/DSC09708.jpg'><img src=http:\/\/extra.inmontanis.info\/d\/73369-3\/DSC09708.jpg \/><\/a><br \/>\n^ Eingeschr\u00e4nkter Blick zum Wasserfall &#8211; wenn man nicht etwas \u00fcber die Steine klettern will..<\/p>\n<p><a href='http:\/\/extra.inmontanis.info\/d\/73374-2\/DSC09710.jpg'><img src=http:\/\/extra.inmontanis.info\/d\/73373-3\/DSC09710.jpg \/><\/a><br \/>\n^ Schon etwas besserer Blick<\/p>\n<p><a href='http:\/\/extra.inmontanis.info\/d\/73378-2\/DSC09713.jpg'><img src=http:\/\/extra.inmontanis.info\/d\/73377-3\/DSC09713.jpg \/><\/a><br \/>\n^ Flussabw\u00e4rts<\/p>\n<p><a href='http:\/\/extra.inmontanis.info\/d\/73382-2\/DSC09715.jpg'><img src=http:\/\/extra.inmontanis.info\/d\/73381-3\/DSC09715.jpg \/><\/a><br \/>\n^ Hinten angekommen<\/p>\n<p><a href='http:\/\/extra.inmontanis.info\/d\/73386-2\/DSC09718.jpg'><img src=http:\/\/extra.inmontanis.info\/d\/73385-3\/DSC09718.jpg \/><\/a><br \/>\n^ &#8230; hier ist der Boden schon vereist<\/p>\n<p><a href='http:\/\/extra.inmontanis.info\/d\/73390-2\/DSC09720.jpg'><img src=http:\/\/extra.inmontanis.info\/d\/73389-3\/DSC09720.jpg \/><\/a><br \/>\n^ Eiszapfen bilden sich an den Felsen<\/p>\n<p><a href='http:\/\/extra.inmontanis.info\/d\/73394-2\/DSC09721.jpg'><img src=http:\/\/extra.inmontanis.info\/d\/73393-3\/DSC09721.jpg \/><\/a><br \/>\n^ S\u00e5ngb\u00e4cksfallet<\/p>\n<p><a href='http:\/\/extra.inmontanis.info\/d\/73398-2\/DSC09722.jpg'><img src=http:\/\/extra.inmontanis.info\/d\/73397-3\/DSC09722.jpg \/><\/a><br \/>\n^ S\u00e5ngb\u00e4cksfallet<\/p>\n<p><a href='http:\/\/extra.inmontanis.info\/d\/73402-2\/DSC09726.jpg'><img src=http:\/\/extra.inmontanis.info\/d\/73401-3\/DSC09726.jpg \/><\/a><br \/>\n^ S\u00e5ngb\u00e4cksfallet<\/p>\n<p><a href='http:\/\/extra.inmontanis.info\/d\/73406-2\/DSC09728.jpg'><img src=http:\/\/extra.inmontanis.info\/d\/73405-3\/DSC09728.jpg \/><\/a><br \/>\n^ <\/p>\n<p><a href='http:\/\/extra.inmontanis.info\/d\/73410-2\/DSC09729.jpg'><img src=http:\/\/extra.inmontanis.info\/d\/73409-3\/DSC09729.jpg \/><\/a><br \/>\n^ <\/p>\n<p><a href='http:\/\/extra.inmontanis.info\/d\/73414-2\/DSC09734.jpg'><img src=http:\/\/extra.inmontanis.info\/d\/73413-3\/DSC09734.jpg \/><\/a><br \/>\n^ Wer traut sich, \u00fcber den Fluss zu gehen? Ich nicht.<\/p>\n<p><a href='http:\/\/extra.inmontanis.info\/d\/73418-2\/DSC09735.jpg'><img src=http:\/\/extra.inmontanis.info\/d\/73417-3\/DSC09735.jpg \/><\/a><br \/>\n^ Treppe wieder hinauf<\/p>\n<p>In Vemdalen gibt&#8217;s ein Sibylla-Restaurant am Skigebiet. Hat anscheinend ganzj\u00e4hrig offen, auch andere Restaurants h\u00e4tten offen gehabt, obwohl das Skigebiet noch geschlossen ist.<\/p>\n<p><a href='http:\/\/ski.inmontanis.info\/d\/298365-2\/DSC09740.jpg'><img src=http:\/\/ski.inmontanis.info\/d\/298364-3\/DSC09740.jpg \/><\/a><br \/>\n^ Skigebiet Vemdalen \/ Vemdalsskalet<\/p>\n<p><a href='http:\/\/ski.inmontanis.info\/d\/298369-2\/IMG_20211107_125540.jpg'><img src=http:\/\/ski.inmontanis.info\/d\/298368-3\/IMG_20211107_125540.jpg \/><\/a><br \/>\n^ Skigebiet noch zu, aber Restaurants haben offen<\/p>\n<p><a href='http:\/\/ski.inmontanis.info\/d\/298373-2\/IMG_20211107_13025603_full_2x1.jpg'><img src=http:\/\/ski.inmontanis.info\/d\/298372-3\/IMG_20211107_13025603_full_2x1.jpg \/><\/a><br \/>\n^ Magic Bacon Men\u00fc. Naja, Laxburger vom Frasses w\u00e4r mir lieber gewesen. Vielleicht h\u00e4tt ich doch in ein Cafe schauen sollen. Aber die Pommes sind schon immer lecker hier. Sitze hart und kalt und der Raum nicht gerade warm geheizt.<\/p>\n<p><a href='http:\/\/ski.inmontanis.info\/d\/298377-2\/IMG_20211107_132702.jpg'><img src=http:\/\/ski.inmontanis.info\/d\/298376-3\/IMG_20211107_132702.jpg \/><\/a><br \/>\n^ Gut, dass diese bl\u00f6de fu\u00dfrasterlose 6KSB nicht offen ist &#8211; da w\u00e4r ich sonst eh nicht Ski gefahren.<\/p>\n<p>Sonntags ge\u00f6ffnete Superm\u00e4rkte d\u00fcrfte es in Schweden auch h\u00e4ufiger geben als in Norwegen, wenn ich die letzten Monate Revue passieren lasse. Durch den Hamburger zu Mittag wollte ich mir das Kochen abends sparen (und nur kalt essen), somit k\u00f6nnte ich auf den Tischaufbau verzichten und stattdessen Monitor\/Tastatur auf den Scho\u00df tun. Und, was ich mir eigentlich auch mal vorgenommen hatte f\u00fcr kalte N\u00e4chte: Den Fahrersitz hinter klappen. Dann k\u00f6nnte ich mich hinten zwar nicht mehr normal hinsetzen oder &#8220;aufstehen&#8221;, aber vielleicht dadurch die K\u00e4lte von dort unten etwas hindern, nach oben zu gehen? Einen Test ist&#8217;s ja mal wert. Zum K\u00fchlschrank kommt man dann halt nicht so einfach. <\/p>\n<p><a href='http:\/\/extra.inmontanis.info\/d\/73422-2\/DSC09741.jpg'><img src=http:\/\/extra.inmontanis.info\/d\/73421-3\/DSC09741.jpg \/><\/a><br \/>\n^ Sitzlehne Fahrersitz hinter gelegt &#8211; evtl. kann man damit etwas die K\u00e4lte unten halten, wenn man den Tisch nicht aufbauen will<\/p>\n<p>In Couchposition kam&#8217;s mir so durchaus angenehmer vor, allerdings fehlt mir die Lehne rechts als Armlehne, wenn ich am Computer was mach. Und auch die Sitzlehne wird irgendwann kalt und ist dann eher unangenehmer zum Umziehen abends wie morgens. Was ich die n\u00e4chsten Tage mit dem bekannten Abluftschlauch etwas abgemildert hatte.<\/p>\n","protected":false},"excerpt":{"rendered":"<p>7.11.2021<\/p>\n<p>Heute wie gestern wurde es nachts (bzw. morgens) irgendwann kalt am Hintern, was mich etwas am Wiedereinschlafen hinderte. Bei den ersten -10\u00b0 im Januar hatte ich ja die Heizmatten auf dem Bett eingeschaltet &#8211; was dann zu warm war und so kalt ist es momentan ja eh noch nicht. Die Fl\u00e4chen der K\u00f6rperteile, die <a href=\"http:\/\/blog.inmontanis.info\/?p=7250\">[&#8230;]<\/a><\/p>\n","protected":false},"author":1,"featured_media":7252,"comment_status":"closed","ping_status":"closed","sticky":false,"template":"","format":"standard","meta":{"footnotes":""},"categories":[185,19,30],"tags":[56,86],"class_list":["post-7250","post","type-post","status-publish","format-standard","has-post-thumbnail","hentry","category-2021-08-skandinavien","category-schwedensweden","category-wandern","tag-6sb","tag-wasserfall","odd"],"_links":{"self":[{"href":"http:\/\/blog.inmontanis.info\/index.php?rest_route=\/wp\/v2\/posts\/7250","targetHints":{"allow":["GET"]}}],"collection":[{"href":"http:\/\/blog.inmontanis.info\/index.php?rest_route=\/wp\/v2\/posts"}],"about":[{"href":"http:\/\/blog.inmontanis.info\/index.php?rest_route=\/wp\/v2\/types\/post"}],"author":[{"embeddable":true,"href":"http:\/\/blog.inmontanis.info\/index.php?rest_route=\/wp\/v2\/users\/1"}],"replies":[{"embeddable":true,"href":"http:\/\/blog.inmontanis.info\/index.php?rest_route=%2Fwp%2Fv2%2Fcomments&post=7250"}],"version-history":[{"count":3,"href":"http:\/\/blog.inmontanis.info\/index.php?rest_route=\/wp\/v2\/posts\/7250\/revisions"}],"predecessor-version":[{"id":7254,"href":"http:\/\/blog.inmontanis.info\/index.php?rest_route=\/wp\/v2\/posts\/7250\/revisions\/7254"}],"wp:featuredmedia":[{"embeddable":true,"href":"http:\/\/blog.inmontanis.info\/index.php?rest_route=\/wp\/v2\/media\/7252"}],"wp:attachment":[{"href":"http:\/\/blog.inmontanis.info\/index.php?rest_route=%2Fwp%2Fv2%2Fmedia&parent=7250"}],"wp:term":[{"taxonomy":"category","embeddable":true,"href":"http:\/\/blog.inmontanis.info\/index.php?rest_route=%2Fwp%2Fv2%2Fcategories&post=7250"},{"taxonomy":"post_tag","embeddable":true,"href":"http:\/\/blog.inmontanis.info\/index.php?rest_route=%2Fwp%2Fv2%2Ftags&post=7250"}],"curies":[{"name":"wp","href":"https:\/\/api.w.org\/{rel}","templated":true}]}}