{"id":7246,"date":"2021-11-06T16:59:38","date_gmt":"2021-11-06T15:59:38","guid":{"rendered":"http:\/\/blog.inmontanis.info\/?p=7246"},"modified":"2021-11-09T17:06:58","modified_gmt":"2021-11-09T16:06:58","slug":"havero-strommar-6-11-2021","status":"publish","type":"post","link":"http:\/\/blog.inmontanis.info\/?p=7246","title":{"rendered":"Haver\u00f6 Str\u00f6mmar, 6.11.2021"},"content":{"rendered":"<p><strong>6.11.2021<\/strong><\/p>\n<p>\u00dcber Nacht gefror es mal wieder (Pf\u00fctzen, Wiese, Scheiben etwas, morgens 1\u00b0). <\/p>\n<p>Gestern kalkulierte Wegstrecke waren ja ca. 60-70km pro Tag. Wenn man sonst nix machen m\u00f6chte, sollte man sich auch diese Tagesetappe aufteilen, damit das Auto bzw. der Innenraum \u00f6fters auch ohne Standheizung aufgew\u00e4rmt wird.<\/p>\n<p>Kam dabei zuf\u00e4llig an einer kurzen, interessanten Wanderung vorbei:<\/p>\n<p><a href='http:\/\/extra.inmontanis.info\/d\/73202-2\/DSC09609.jpg'><img src=http:\/\/extra.inmontanis.info\/d\/73201-3\/DSC09609.jpg \/><\/a><br \/>\n^ Parkplatz Haver\u00f6 Str\u00f6mmar und erste Br\u00fccke der Wanderung<\/p>\n<p><a href='http:\/\/extra.inmontanis.info\/d\/73206-2\/DSC09610.jpg'><img src=http:\/\/extra.inmontanis.info\/d\/73205-3\/DSC09610.jpg \/><\/a><br \/>\n^ Infotafel<\/p>\n<p><a href='http:\/\/extra.inmontanis.info\/d\/73210-2\/DSC09611.jpg'><img src=http:\/\/extra.inmontanis.info\/d\/73209-3\/DSC09611.jpg \/><\/a><br \/>\n^ Wie jetzt, eine Nacht knapp unter 0\u00b0 und schon eine Eisschicht auf dem See (oder Flussrand)??<\/p>\n<p><a href='http:\/\/extra.inmontanis.info\/d\/73214-2\/DSC09617.jpg'><img src=http:\/\/extra.inmontanis.info\/d\/73213-3\/DSC09617.jpg \/><\/a><br \/>\n^ 2. Br\u00fccke mit Wehr (an jeder Seite)<\/p>\n<p><a href='http:\/\/extra.inmontanis.info\/d\/73218-2\/DSC09618.jpg'><img src=http:\/\/extra.inmontanis.info\/d\/73217-3\/DSC09618.jpg \/><\/a><br \/>\n^ Stausee somit<\/p>\n<p><a href='http:\/\/extra.inmontanis.info\/d\/73222-2\/DSC09621.jpg'><img src=http:\/\/extra.inmontanis.info\/d\/73221-3\/DSC09621.jpg \/><\/a><br \/>\n^ <\/p>\n<p><a href='http:\/\/extra.inmontanis.info\/d\/73226-2\/DSC09622.jpg'><img src=http:\/\/extra.inmontanis.info\/d\/73225-3\/DSC09622.jpg \/><\/a><br \/>\n^ Am Ende der breiten, zweiten Br\u00fccke (auf der Insel) gehen nur noch Wanderpfade weiter<\/p>\n<p><a href='http:\/\/extra.inmontanis.info\/d\/73230-2\/DSC09624.jpg'><img src=http:\/\/extra.inmontanis.info\/d\/73229-3\/DSC09624.jpg \/><\/a><br \/>\n^ Dritte Br\u00fcckenanlage, besteht aus mehreren Teilen<\/p>\n<p><a href='http:\/\/extra.inmontanis.info\/d\/73234-2\/DSC09627_001.jpg'><img src=http:\/\/extra.inmontanis.info\/d\/73233-3\/DSC09627_001.jpg \/><\/a><br \/>\n^ <\/p>\n<p><a href='http:\/\/extra.inmontanis.info\/d\/73238-2\/DSC09628_001.jpg'><img src=http:\/\/extra.inmontanis.info\/d\/73237-3\/DSC09628_001.jpg \/><\/a><br \/>\n^ <\/p>\n<p><a href='http:\/\/extra.inmontanis.info\/d\/73242-2\/DSC09631.jpg'><img src=http:\/\/extra.inmontanis.info\/d\/73241-3\/DSC09631.jpg \/><\/a><br \/>\n^ <\/p>\n<p><a href='http:\/\/extra.inmontanis.info\/d\/73246-2\/DSC09635_001.jpg'><img src=http:\/\/extra.inmontanis.info\/d\/73245-3\/DSC09635_001.jpg \/><\/a><br \/>\n^ Flussstr\u00f6mung<\/p>\n<p><a href='http:\/\/extra.inmontanis.info\/d\/73250-2\/DSC09636.jpg'><img src=http:\/\/extra.inmontanis.info\/d\/73249-3\/DSC09636.jpg \/><\/a><br \/>\n^ <\/p>\n<p><a href='http:\/\/extra.inmontanis.info\/d\/73254-2\/DSC09638.jpg'><img src=http:\/\/extra.inmontanis.info\/d\/73253-3\/DSC09638.jpg \/><\/a><br \/>\n^ Etwas eisig teilweise<\/p>\n<p><a href='http:\/\/extra.inmontanis.info\/d\/73258-2\/DSC09640_001.jpg'><img src=http:\/\/extra.inmontanis.info\/d\/73257-3\/DSC09640_001.jpg \/><\/a><br \/>\n^ <\/p>\n<p><a href='http:\/\/extra.inmontanis.info\/d\/73262-2\/DSC09641.jpg'><img src=http:\/\/extra.inmontanis.info\/d\/73261-3\/DSC09641.jpg \/><\/a><br \/>\n^ <\/p>\n<p><a href='http:\/\/extra.inmontanis.info\/d\/73266-2\/DSC09642.jpg'><img src=http:\/\/extra.inmontanis.info\/d\/73265-3\/DSC09642.jpg \/><\/a><br \/>\n^ alte M\u00fchle<\/p>\n<p><a href='http:\/\/extra.inmontanis.info\/d\/73270-2\/DSC09643.jpg'><img src=http:\/\/extra.inmontanis.info\/d\/73269-3\/DSC09643.jpg \/><\/a><br \/>\n^ <\/p>\n<p><a href='http:\/\/extra.inmontanis.info\/d\/73274-2\/DSC09645.jpg'><img src=http:\/\/extra.inmontanis.info\/d\/73273-3\/DSC09645.jpg \/><\/a><br \/>\n^ <\/p>\n<p><a href='http:\/\/extra.inmontanis.info\/d\/73278-2\/DSC09648.jpg'><img src=http:\/\/extra.inmontanis.info\/d\/73277-3\/DSC09648.jpg \/><\/a><br \/>\n^ <\/p>\n<p><a href='http:\/\/extra.inmontanis.info\/d\/73282-2\/DSC09649.jpg'><img src=http:\/\/extra.inmontanis.info\/d\/73281-3\/DSC09649.jpg \/><\/a><br \/>\n^ <\/p>\n<p><a href='http:\/\/extra.inmontanis.info\/d\/73286-2\/DSC09651.jpg'><img src=http:\/\/extra.inmontanis.info\/d\/73285-3\/DSC09651.jpg \/><\/a><br \/>\n^ <\/p>\n<p><a href='http:\/\/extra.inmontanis.info\/d\/73290-2\/DSC09652.jpg'><img src=http:\/\/extra.inmontanis.info\/d\/73289-3\/DSC09652.jpg \/><\/a><br \/>\n^ <\/p>\n<p><a href='http:\/\/extra.inmontanis.info\/d\/73294-2\/DSC09656.jpg'><img src=http:\/\/extra.inmontanis.info\/d\/73293-3\/DSC09656.jpg \/><\/a><br \/>\n^ Wanderweg wieder retour<\/p>\n<p><a href='http:\/\/extra.inmontanis.info\/d\/73298-2\/DSC09658.jpg'><img src=http:\/\/extra.inmontanis.info\/d\/73297-3\/DSC09658.jpg \/><\/a><br \/>\n^ Die zweite Br\u00fccke<\/p>\n<p><a href='http:\/\/extra.inmontanis.info\/d\/73302-2\/DSC09659.jpg'><img src=http:\/\/extra.inmontanis.info\/d\/73301-3\/DSC09659.jpg \/><\/a><br \/>\n^ Zwischenpause, nachdem das Auto wieder warm genug war, also so 10-20km fahren, 1-2 Stunden Pause und das 2-3x am Tag.<\/p>\n<p><a href='http:\/\/extra.inmontanis.info\/d\/73306-2\/DSC09662.jpg'><img src=http:\/\/extra.inmontanis.info\/d\/73305-3\/DSC09662.jpg \/><\/a><br \/>\n^ So obenrum verlegt kommt definitiv mehr Luft nach hinten als unter dem Stuhl (egal ob mit dem dicken oder dem d\u00fcnnen Schlauch unterm Sitz). Nur der Magnet h\u00e4lt nicht dauerhaft (durch die gro\u00dfe W\u00e4rme l\u00f6st sich das doppelseitige Klebeband immer wieder)<\/p>\n<p><a href='http:\/\/extra.inmontanis.info\/d\/73310-2\/DSC09663.jpg'><img src=http:\/\/extra.inmontanis.info\/d\/73309-3\/DSC09663.jpg \/><\/a><br \/>\n^ Nachtplatz am See<\/p>\n<p><a href='http:\/\/extra.inmontanis.info\/d\/73314-2\/DSC09672.jpg'><img src=http:\/\/extra.inmontanis.info\/d\/73313-3\/DSC09672.jpg \/><\/a><br \/>\n^ Nachtplatz am See. Allerdings war der See im S\u00fcden ..<\/p>\n<p><a href='http:\/\/extra.inmontanis.info\/d\/73318-2\/DSC09678.jpg'><img src=http:\/\/extra.inmontanis.info\/d\/73317-3\/DSC09678.jpg \/><\/a><br \/>\n^ .. und die Nordlichter heut stark genug, dass man sie auch hier in der Mitte Schwedens sehen kann &#8211; aber eben eher im Norden als \u00fcber dem See im S\u00fcden.<\/p>\n","protected":false},"excerpt":{"rendered":"<p>6.11.2021<\/p>\n<p>\u00dcber Nacht gefror es mal wieder (Pf\u00fctzen, Wiese, Scheiben etwas, morgens 1\u00b0). <\/p>\n<p>Gestern kalkulierte Wegstrecke waren ja ca. 60-70km pro Tag. Wenn man sonst nix machen m\u00f6chte, sollte man sich auch diese Tagesetappe aufteilen, damit das Auto bzw. der Innenraum \u00f6fters auch ohne Standheizung aufgew\u00e4rmt wird.<\/p>\n<p>Kam dabei zuf\u00e4llig an einer kurzen, interessanten <a href=\"http:\/\/blog.inmontanis.info\/?p=7246\">[&#8230;]<\/a><\/p>\n","protected":false},"author":1,"featured_media":7248,"comment_status":"closed","ping_status":"closed","sticky":false,"template":"","format":"standard","meta":{"footnotes":""},"categories":[185,19,30],"tags":[45],"class_list":["post-7246","post","type-post","status-publish","format-standard","has-post-thumbnail","hentry","category-2021-08-skandinavien","category-schwedensweden","category-wandern","tag-see","odd"],"_links":{"self":[{"href":"http:\/\/blog.inmontanis.info\/index.php?rest_route=\/wp\/v2\/posts\/7246","targetHints":{"allow":["GET"]}}],"collection":[{"href":"http:\/\/blog.inmontanis.info\/index.php?rest_route=\/wp\/v2\/posts"}],"about":[{"href":"http:\/\/blog.inmontanis.info\/index.php?rest_route=\/wp\/v2\/types\/post"}],"author":[{"embeddable":true,"href":"http:\/\/blog.inmontanis.info\/index.php?rest_route=\/wp\/v2\/users\/1"}],"replies":[{"embeddable":true,"href":"http:\/\/blog.inmontanis.info\/index.php?rest_route=%2Fwp%2Fv2%2Fcomments&post=7246"}],"version-history":[{"count":2,"href":"http:\/\/blog.inmontanis.info\/index.php?rest_route=\/wp\/v2\/posts\/7246\/revisions"}],"predecessor-version":[{"id":7249,"href":"http:\/\/blog.inmontanis.info\/index.php?rest_route=\/wp\/v2\/posts\/7246\/revisions\/7249"}],"wp:featuredmedia":[{"embeddable":true,"href":"http:\/\/blog.inmontanis.info\/index.php?rest_route=\/wp\/v2\/media\/7248"}],"wp:attachment":[{"href":"http:\/\/blog.inmontanis.info\/index.php?rest_route=%2Fwp%2Fv2%2Fmedia&parent=7246"}],"wp:term":[{"taxonomy":"category","embeddable":true,"href":"http:\/\/blog.inmontanis.info\/index.php?rest_route=%2Fwp%2Fv2%2Fcategories&post=7246"},{"taxonomy":"post_tag","embeddable":true,"href":"http:\/\/blog.inmontanis.info\/index.php?rest_route=%2Fwp%2Fv2%2Ftags&post=7246"}],"curies":[{"name":"wp","href":"https:\/\/api.w.org\/{rel}","templated":true}]}}