{"id":7241,"date":"2021-11-05T18:15:40","date_gmt":"2021-11-05T17:15:40","guid":{"rendered":"http:\/\/blog.inmontanis.info\/?p=7241"},"modified":"2023-08-05T15:59:19","modified_gmt":"2023-08-05T13:59:19","slug":"vikbron-getberget-2-5-11-2021","status":"publish","type":"post","link":"http:\/\/blog.inmontanis.info\/?p=7241","title":{"rendered":"Vikbron + Getberget \/ 2.-5.11.2021"},"content":{"rendered":"<p><strong>2.11.2021<\/strong><\/p>\n<p>Heute fr\u00fch also endlich mal wieder Fr\u00fchst\u00fcck bei McDonalds:<\/p>\n<p><a href='http:\/\/extra.inmontanis.info\/d\/73138-2\/IMG_20211102_073049.jpg'><img src=http:\/\/extra.inmontanis.info\/d\/73137-3\/IMG_20211102_073049.jpg \/><\/a><br \/>\n^ McMuffin Double Saussage and Egg oder so, als Men\u00fc mit Kakao (hei\u00dfes Wasser+Pulver) und Orangensaft plus ein(e) R\u00f6sti. Da ohne Bacon, halt noch einen klassichen Bacon and Egg Mc Muffin mitgenommen und sp\u00e4ter kalt verzehrt.<\/p>\n<p>Heute wieder tiefsitzender Nebel. Aber trocken. Morgen wieder regnerischer. H\u00e4tte ja nachmittags\/abends auf den Berg fahren wollen, wo die beiden Skigebiete von Sundsvall sind &#8211; aber macht wettertechnisch so wohl null Sinn.<\/p>\n<p>Einkaufsm\u00e4\u00dfig wollte ich von den vielen Gesch\u00e4ften folgende Besuchen:<\/p>\n<p>&#8211; Rusta (\u00e4hnlich Dollarstore, hatte aber nicht das gefunden, was ich gesucht hab)<br \/>\n&#8211; NetOnNet (\u00e4hnliche Produkte wie Mediamarkt oder Elgiganten, evtl. g\u00fcnstiger, jedenfalls aber kleiner)<br \/>\n&#8211; Biltema (gro\u00dfe Auswahl an Auto\/Boot\/Camping\/Freizeit\/Baumarkt\/Haushalts-Artikeln)<br \/>\n&#8211; ICA Maxi (Supermarkt, wobei das Maxi weniger auf eine wesentlich gr\u00f6\u00dfere Vielzahl an Lebensmittelprodukten deutet, sondern dass es auch diverse andere Produkte gibt)<\/p>\n<p>Die Sportgesch\u00e4fte lie\u00df ich aus, da ich auf deren Online-Shops nix von wegen heizbaren Handschuhen las. Ich hab ja meine alten dabei und br\u00e4uchte nur Ersatzakkus. Glaub die hatte ich letztes Jahr irgendwo gesehen? Nur wo&#8230;<\/p>\n<p>Im NetOnNet wurde es etwas mehr, naja, ca. 90 \u20ac, warum?<br \/>\n1. mein LED-Strip ist mir nicht hell genug &#8211; und durch die vielen St\u00fcckelungen wird das nach jeder St\u00fcckelung etwas dunkler. Es gab hier 2x1m  f\u00fcr USB, wusste zwar noch nicht, wie ich das verlegen soll (glaub ich hab 3m oder zumindest 2m), ob zus\u00e4tzlich oder ich nehm meinen Strip statt eines von den 1m-Dingern&#8230;<\/p>\n<p>2. USB-Hub hab ich jetzt doch endlich mal einen mitgenommen, um ihn irgendwo fix im Auto zu installieren oder zumindest so baumeln zulassen, dass ich da was anschlie\u00dfen kann (oder SD-Karten lesen kann), ohne zum PC unter dem &#8220;Tischbrett&#8221; zu m\u00fcssen <\/p>\n<p>3. Die auf der Reise gekauften USB-bestromte Stereolautsprecher am PC klingen zwar toll, aber k\u00f6nnten gerne etwas lauter sein. Es gab hier relativ kompakte Bluetooth-Lautsprecher um ca. 30 \u20ac pro St\u00fcck, die sowohl einzeln Stereo sein sollten (Aufbesserung im Winter f\u00fcr Hotels statt meines bisherigen Mono-BT-Lautsprechers) und 2 zusammen sollen auch als Stereo gekoppelt werden k\u00f6nnen, so dass dann einer Links und der andere Rechts ist. Sollte das irgendwie nicht funktionieren, h\u00e4tten beide auch noch einen AUX-Eingang und so ein Splitterkabel w\u00e4re ja schnell gebastelt.<\/p>\n<p><a href='http:\/\/extra.inmontanis.info\/d\/73142-2\/DSC09542.jpg'><img src=http:\/\/extra.inmontanis.info\/d\/73141-3\/DSC09542.jpg \/><\/a><br \/>\n^ Technik-Eink\u00e4ufe f\u00fcr&#8217;s Auto<\/p>\n<p>Das kleine Hot Dog gab&#8217;s beim Biltema um ca. 0,50 \u20ac. Im Eisregal gesehen, aber nicht mitgenommen (erst an den sp\u00e4teren Tagen an einer Tankstelle): Es gibt ja auch ein schwedisches &#8220;Bot-Eis&#8221;. Allerdings mit einer anderen F\u00fcllung im schoko\u00fcberzogenen Vanilleeis (Blaubeer+Himbeer, w\u00e4hrend in Norwegen die beiden Hersteller Erdbeer reintun, meine ich). Ich nahm mir nochmal ein St\u00fcck Klettband (f\u00fcr die LED-Stripes) und Magnete mit &#8211; mit letzteren m\u00f6chte ich versuchen, den Abluftschlauch am mitte-rechten Luftauslasser bei Bedarf zu befestigen, um mehr warme Luft nach hinten unten zu f\u00fchren. <\/p>\n<p>Zudem nahm ich noch ein St\u00fcck Daimtorte mit &#8211; h\u00e4tte man ohne Aufpreis auch mit Sahne oder Eis haben k\u00f6nnen, aber ich wollte das St\u00fcck ja erst abends oder morgen essen.<\/p>\n<p><a href='http:\/\/extra.inmontanis.info\/d\/73146-2\/DSC09544.jpg'><img src=http:\/\/extra.inmontanis.info\/d\/73145-3\/DSC09544.jpg \/><\/a><br \/>\n^ D\u00fcnnes W\u00fcrstl, aber daf\u00fcr nur 5,- SEK<\/p>\n<p>Diese Einkaufsstadt \/ Shopping City Birsta ist jedenfalls riesig. Lt. Wikipedia das drittgr\u00f6\u00dfte Handels\/einkaufszentrum Schwedens. Grob gesch\u00e4tzt lt. GE inkl. Parkfl\u00e4chen und Stra\u00dfen usw. ca.\/unter 2km\u00b2 (2.000.000 m\u00b2), gibt dort aber auch Autogesch\u00e4fte\/werkst\u00e4tten und evtl. \u00e4hnliches Zeug).<\/p>\n<p>Nachteil der gro\u00dfen Superm\u00e4rkte: die Pfandstation ist immer ewig weit weg vom Eingang (hier: am Ausgang nach den Kassen). Irgendwie sind mir die kleineren Superm\u00e4rkte in Schweden\/Norwegen sympathischer. Dank des Ersatzrads auf dem Dach find ich wenigstens mein Auto leicht auf den gro\u00dfen Parkpl\u00e4tzen :)<\/p>\n<p><a href='http:\/\/extra.inmontanis.info\/d\/73150-2\/DSC09549.jpg'><img src=http:\/\/extra.inmontanis.info\/d\/73149-3\/DSC09549.jpg \/><\/a><br \/>\n^ Daim Torte (a\u00df ich heute noch, Biltema, zwischen 20-30 SEK) und f\u00fcr die n\u00e4chsten Tage: Mandelh\u00f6rnchen und die leckeren schwedischen Biskvi (ICA Maxi, jeweils 18 SEK)<\/p>\n<p>Bis ich fertig mit shoppen war, war&#8217;s 15 Uhr und es wurde langsam dunkel. <\/p>\n<p>Da der Nebel immer noch so dicht war &#8211; und es morgen ja auch noch leicht regnen soll &#8211; hab ich den Umweg zur Bergstation des Skigebiets von Sundsvall nicht gemacht und bin stattdessen wieder raus aufs Land gefahren (richtung Norwegen), um hoffentlich abends wieder etwas ungest\u00f6rteer zu sein.<\/p>\n<p>Das mit den Bluetooth-Lautsprechern in Stereo funktioniert, ist aber halt etwas m\u00fchsam zum initiieren, insb. dass man ja erst mal die beiden Lautsprecher mit einem langen Druck auf den Ein\/Ausbutton einschalten muss, was ist nur aus den bequemen Schiebe- und Drehkn\u00f6pfen geworden :( &#8211; und folglich die Kn\u00f6pfe erst mal erreichen muss, also man sie nicht versteckt irgendwo dauerhaft verstauen kann .. und bescheuerte T\u00f6ne geben sie beim Ein- und Ausschalten auch von sich.<\/p>\n<p>Andererseits w\u00e4re eine freie Positionierung ja eh praktisch, k\u00f6nnte man sie ja dann auch vom Handy beim Film\/Serienschauen verwenden &#8211; um 90\u00b0 gedreht. Man darf halt nicht vergessen, sie aufzuladen. Und Musik am PC &#8211; den rechten aufs Armaturenbrett und den linken auf den K\u00fchlschrank und um 180\u00b0 gedreht, damit der Schall erst mal in die Gegenrichtung geleitet wird, um den Stereoeffekt zu erh\u00f6hen und man die Lautsprecher nicht mehr als Quelle orten kann. Und musikalisch in die 80er zur\u00fcck fl\u00fcchten. Sehr geil und nun sch\u00f6n laut.<\/p>\n<p><object style=\"height: 500px; width: 900px\"><param name=\"movie\" value=\"http:\/\/www.youtube.com\/v\/pSlNb-iI75M\"><\/param><param name=\"wmode\" value=\"transparent\"><\/param><embed src=\"http:\/\/www.youtube.com\/v\/pSlNb-iI75M\" type=\"application\/x-shockwave-flash\" wmode=\"transparent\"  width=\"900\" height=\"480\"><\/embed><\/object><\/p>\n<p>Leider gibt&#8217;s immer mal wieder Aussetzer (also nach einer halben \/ ganzen Stunde oder so in dem Bereich, aber verschieden) &#8211; da ist die Verbindung f\u00fcr ein paar Sekunden weg, wird automatisch wieder verbunden. K\u00f6nnte nat\u00fcrlich auch am Linux liegen&#8230;<\/p>\n<p>Die LED-Kette ist wie gew\u00fcnscht heller als meine alte, funktioniert aber leider nicht mit meiner Fernbedienung &#8211; und die, die dabei ist, kann keine eigenen Farben speichern -> was insofern immer praktisch ist, weil man sich dadurch verschiedene Helligkeiten und Farben abspeichern kann, z.B. ein schwaches Rot f\u00fcr die Nacht (also nicht dauerhaft, aber eben zum Einschalten, wenn man mal pinkeln muss), ein \u00e4hnliches dunkles Gr\u00fcn f\u00fcr Abends am PC \/ Handy als Hintergrundbeleuchtung und ein helleres Wei\u00df zum Essen etc.  &#8212; das ist dann eben m\u00fchsam mit einer Fernbedienung, wo man zum Hell\/Dunkelschalten immer erst mal die entsprechenden Kn\u00f6pfe lang dr\u00fccken muss (und das dunkelste Rot fast noch zu hell f\u00fcr nachts ist.)<\/p>\n<p>-> die Lichtinstallation hab ich mal verschoben auf die n\u00e4chsten Tage.<\/p>\n<p><strong>3.11.2021<\/strong><\/p>\n<p>Nebel, leichter Regen, nur 7km Fahrt mit Tankstellenzwischenstopp, das war&#8217;s dann auch schon heute ..<\/p>\n<p>Wollte egtl, nur ein Hot Dog und kam dann mit einem Hamburgermen\u00fc um knapp 8\u20ac  aus der Gulf-Tankstelle :) Und was war mit meinem Vorsatz, mittags mal \u00f6fters in ein Restaurant zu einem Lunchbuffet in Schweden zu gehen (das man oft um\/unter 10 \u20ac bekommt)?! <\/p>\n<p><a href='http:\/\/extra.inmontanis.info\/d\/73154-2\/DSC09550.jpg'><img src=http:\/\/extra.inmontanis.info\/d\/73153-3\/DSC09550.jpg \/><\/a><br \/>\n^ Wollt ich doch eigentlich gar nicht kaufen, ein komplettes Hamburgermen\u00fc mit Pommes und Getr\u00e4nk.<\/p>\n<p><a href='http:\/\/extra.inmontanis.info\/d\/73158-2\/DSC09556.jpg'><img src=http:\/\/extra.inmontanis.info\/d\/73157-3\/DSC09556.jpg \/><\/a><br \/>\n^ Holzbr\u00fccke Vikbron<\/p>\n<p><a href='http:\/\/extra.inmontanis.info\/d\/73162-2\/DSC09557.jpg'><img src=http:\/\/extra.inmontanis.info\/d\/73161-3\/DSC09557.jpg \/><\/a><br \/>\n^ Holzbr\u00fccke, wird derzeit renoviert<\/p>\n<p><a href='http:\/\/extra.inmontanis.info\/d\/73166-2\/DSC09558.jpg'><img src=http:\/\/extra.inmontanis.info\/d\/73165-3\/DSC09558.jpg \/><\/a><br \/>\n^ Holzbr\u00fccke<\/p>\n<p><a href='http:\/\/extra.inmontanis.info\/d\/73170-2\/DSC09559_001.jpg'><img src=http:\/\/extra.inmontanis.info\/d\/73169-3\/DSC09559_001.jpg \/><\/a><br \/>\n^ .. ist nat\u00fcrlich gleich Schwedens l\u00e4ngste Holzbr\u00fccke<\/p>\n<p><a href='http:\/\/extra.inmontanis.info\/d\/73174-2\/DSC09562.jpg'><img src=http:\/\/extra.inmontanis.info\/d\/73173-3\/DSC09562.jpg \/><\/a><br \/>\n^ Holzbr\u00fccke<\/p>\n<p><a href='http:\/\/extra.inmontanis.info\/d\/73178-2\/DSC09563.jpg'><img src=http:\/\/extra.inmontanis.info\/d\/73177-3\/DSC09563.jpg \/><\/a><br \/>\n^ <\/p>\n<p><strong>4.11.2021<\/strong><\/p>\n<p>Weniger Nebel, mehr Regen. Hab zwar am Parkplatz der Br\u00fccke geschlafen, aber Dauerregen am Vormittag.<\/p>\n<p><a href='http:\/\/ski.inmontanis.info\/d\/298317-2\/DSC09568.jpg'><img src=http:\/\/ski.inmontanis.info\/d\/298315-3\/DSC09568.jpg \/><\/a><br \/>\n^ Skigebiet Getberget<\/p>\n<p><a href='http:\/\/ski.inmontanis.info\/d\/298321-2\/DSC09569.jpg'><img src=http:\/\/ski.inmontanis.info\/d\/298320-3\/DSC09569.jpg \/><\/a><br \/>\n^ Linker SL<\/p>\n<p><a href='http:\/\/ski.inmontanis.info\/d\/298325-2\/DSC09572.jpg'><img src=http:\/\/ski.inmontanis.info\/d\/298324-3\/DSC09572.jpg \/><\/a><br \/>\n^ Linker SL und Abfahrt beider SL<\/p>\n<p><a href='http:\/\/ski.inmontanis.info\/d\/298329-2\/DSC09573.jpg'><img src=http:\/\/ski.inmontanis.info\/d\/298328-3\/DSC09573.jpg \/><\/a><br \/>\n^ Abfarten, der SL startet am Ende der H\u00e4user<\/p>\n<p><a href='http:\/\/ski.inmontanis.info\/d\/298333-2\/DSC09574.jpg'><img src=http:\/\/ski.inmontanis.info\/d\/298332-3\/DSC09574.jpg \/><\/a><br \/>\n^ Haupt-SL<\/p>\n<p><a href='http:\/\/ski.inmontanis.info\/d\/298337-2\/DSC09576.jpg'><img src=http:\/\/ski.inmontanis.info\/d\/298336-3\/DSC09576.jpg \/><\/a><br \/>\n^ Auffahrt zum Gipfel, recht steil<\/p>\n<p><a href='http:\/\/ski.inmontanis.info\/d\/298341-2\/DSC09577.jpg'><img src=http:\/\/ski.inmontanis.info\/d\/298340-3\/DSC09577.jpg \/><\/a><br \/>\n^ Parkplatz am Gipfel \/ Bergstation<\/p>\n<p><a href='http:\/\/ski.inmontanis.info\/d\/298345-2\/DSC09578.jpg'><img src=http:\/\/ski.inmontanis.info\/d\/298344-3\/DSC09578.jpg \/><\/a><br \/>\n^ SL-Bergstation<\/p>\n<p><a href='http:\/\/ski.inmontanis.info\/d\/298349-2\/DSC09579.jpg'><img src=http:\/\/ski.inmontanis.info\/d\/298348-3\/DSC09579.jpg \/><\/a><br \/>\n^ .. sogar mal mit Sven Carlson Logoschild<\/p>\n<p><a href='http:\/\/ski.inmontanis.info\/d\/298353-2\/DSC09580.jpg'><img src=http:\/\/ski.inmontanis.info\/d\/298352-3\/DSC09580.jpg \/><\/a><br \/>\n^ Abfahrtsstart<\/p>\n<p><a href='http:\/\/ski.inmontanis.info\/d\/298357-2\/DSC09581.jpg'><img src=http:\/\/ski.inmontanis.info\/d\/298356-3\/DSC09581.jpg \/><\/a><br \/>\n^ .. leider hat es anscheinend nur  die eine Abfahrt am SL.<\/p>\n<p><a href='http:\/\/ski.inmontanis.info\/d\/298361-2\/DSC09582.jpg'><img src=http:\/\/ski.inmontanis.info\/d\/298360-3\/DSC09582.jpg \/><\/a><br \/>\n^ F\u00fcrs Pano ins Tal leider wieder zu sp\u00e4t, aber den Fluss kann man erahnen (\u00fcber den die Holzbr\u00fccke geht)<\/p>\n<p>Da der Parkplatz oben nicht allzu sch\u00f6n ist, dazu absch\u00fcssig, blieb ich auf halber H\u00f6he stehen, also unterhalb der zuvor gezeigten oberen steilen Auffahrt.<\/p>\n<p><a href='http:\/\/extra.inmontanis.info\/d\/73182-2\/DSC09589.jpg'><img src=http:\/\/extra.inmontanis.info\/d\/73181-3\/DSC09589.jpg \/><\/a><br \/>\n^ Raggmunk, auch wenn die Speckscheiben sehr fett sind (und die Prei\u00dfelbeeren bitter), aber hin und wieder ist es doch lecker.<\/p>\n<p><strong>5.11.2021<\/strong><\/p>\n<p>Wieder etwas k\u00e4lter, morgens 3\u00b0, dazu etwas Nebel und \u00fcber ca. 180m bzw. weiter westlich zu Mittags dann sogar etwas sonnig (bei nur noch 1\u00b0) &#8211; leider gab es heute nix lohnenswertes zu erwandern.<\/p>\n<p>Mittlerweile defintiv, dass morgen kein Skigebiet in NO \u00f6ffnet. N\u00e4chstes WE schaut auch noch schlecht aus, aber ein bisschen Schnee ist mittlerweeile wieder gefallen im Gipfelbereich und es soll n\u00e4chste Woche mal k\u00e4lter werden.<\/p>\n<p>Heute ist Freitag = Roulette-Tag. Welche Farben bekommen die schwedischen Regionen f\u00fcr den norwegischen Grenzeintritt? Und was ist eigentlich,  wenn eine Region auf Rot geschaltet wird, darf ich mich dann innerhalb der letzten 10 Tage vor dem Grenz\u00fcbertritt schon nicht mehr dort aufgehalten haben, oder gilt die Farbe vom jeweiligen Tag des Aufenthalts? Da geh ich lieber kein Risiko ein.<\/p>\n<p>Das Onlinestellen der neuen Daten versp\u00e4tete sich heut etwas, erst nach dem Einkaufen &#8211; daher hab ich schon einige der Sachen gekauft, die ich noch vor dem n\u00e4chsten Grenz\u00fcbergang kaufen wollte. Apfelmus f\u00fcr die n\u00e4chsten \u00c4lplermaccaroni zB ;)<\/p>\n<p>Ergebnis: die Mitte Schwedens bleibt orange (bzw. gr\u00fcne Regionen wurden orange), der Norden bleibt rot und im S\u00fcden gibts ein paar mehr rote jetzt. F\u00fcr mich also keine \u00c4nderung oder Notwendigkeit, noch bis Sonntag Abend nach NO r\u00fcber zu fahren. In der Hoffnung, Kvitfjell oder andere k\u00f6nnen mit 13. statt 6. \u00f6ffnen (die N\u00e4chte werden jetzt etwas k\u00e4lter, ob das dann aber zum Beschneien reicht..), ginge die k\u00fcrzeste+schnellste Route \u00fcber Fun\u00e4sdalen und R\u00f8ros, 468km, Grenze in 228km. Das l\u00e4sst sich schon auf 1 Woche aufteilen.<\/p>\n<p><a href='http:\/\/extra.inmontanis.info\/d\/73186-2\/DSC09583.jpg'><img src=http:\/\/extra.inmontanis.info\/d\/73185-3\/DSC09583.jpg \/><\/a><br \/>\n^ \u00c4nderung der Beleuchtung (4.11.). Die neue, helle Beleuchtung ist nun im vorderen Teil (aber derzeit nur eine von beiden Lichtketten angeschlossen, die alte Beleuchtung (rot) im hinteren Teil.<\/p>\n<p>Der vordere Teil ist nun wirklich recht hell und darf nicht zu weit vorne (sonst Blenden \u00fcber den Augen) und nicht zu weit hinten (sonst Blenden im Bildschirm) montiert sein&#8230;<\/p>\n<p><a href='http:\/\/extra.inmontanis.info\/d\/73190-2\/DSC09596.jpg'><img src=http:\/\/extra.inmontanis.info\/d\/73189-3\/DSC09596.jpg \/><\/a><br \/>\n^ .. Status am n\u00e4chsten Tag (5.11.), hinten nochmals etwas verbessert und die Abzweigungen anders verdrahtet<\/p>\n<p><a href='http:\/\/extra.inmontanis.info\/d\/73194-2\/DSC09599_001.jpg'><img src=http:\/\/extra.inmontanis.info\/d\/73193-3\/DSC09599_001.jpg \/><\/a><br \/>\n^ .. so hab ich jetzt auch im oberen Schrankfach eine Beleuchtung. Unten das Licht ist ja zum entnehmen (zum Lesen im Bett h\u00e4ngt es via Magnet anderswo; wobei die Lampe auch in dieser Position hier trotz nicht so starkem Magnet bisher noch nie beim Fahren runterfiel &#8211; obwohl ja innerhalb vom Schrank eh unproblematisch. Rechts von den Handschuhen: die Pfanne. Und wenn ich im Bett leg, kann ich die Schrankt\u00fcr auch noch aufmachen.<\/p>\n<p>Witziger Text von dem vorderen kleinen &#8220;The modern Tramway&#8221; &#8211; Heftchen von 1960 dar\u00fcber, dass die alten Wagen von um 1890\/1900 auf der Isle of Man &#8220;noch fahren&#8221;, wo sie von heutiger Sicht gerade einmal ca. 60 Jahre alt waren &#8212; ob die sich das h\u00e4tten tr\u00e4umen l\u00e4ssen, dass sie auch weitere 60 Jahre sp\u00e4ter noch fahren? :)<\/p>\n<p>Heute Abend machte ich mir endlich die vor vielen Wochen gekaufte \u0421\u043e\u043b\u044f\u043d\u043a\u0430 (Soljanka, mit Kohl, Pilzen, Gruken und was noch alles) warm &#8211; h\u00e4tte ich ja eigentlich in Norwegen an der russischen Grenze schon machen wollen, aber da war immer irgendwas anderes zum Essen offen ..<\/p>\n<p><a href='http:\/\/extra.inmontanis.info\/d\/73198-2\/DSC09600_001.jpg'><img src=http:\/\/extra.inmontanis.info\/d\/73197-3\/DSC09600_001.jpg \/><\/a><\/p>\n<p>(Die halbe Semmel hatte ich noch von Mittag, da ich mir da warme H\u00fchnchenschenkel im Supermarkt mitgenommen hatte, die aber diesmal nicht so besonders waren.)<\/p>\n<p>Hatte auch mal wieder Zeit f\u00fcr Bankgesch\u00e4fte. <\/p>\n<p>Falls es jemand interessiert, die Kreditkartenabrechnungen der letzten Monate:<br \/>\nAugust: 782,77 (ohne Zahlungen in \u00d6sterreich)<br \/>\nSeptember: 724,62<br \/>\nOktober: 904,21 (mehr, weil: die eine Hotel\u00fcbernachtung in NO + eine gesammelte Maut\/F\u00e4hrenabrechnung von epass24 (\u20ac72,34) + h\u00f6here Spritkosten vmtl.)<\/p>\n<p>.. ein sparsamer, weil skiloser Sommer\/Herbst, aber daf\u00fcr werden die Skip\u00e4sse und Unterk\u00fcnfte im Winter in Norwegen nat\u00fcrlich h\u00f6her sein.<\/p>\n<p>Und obwohl ich noch nicht alle Ersparnisse in Fonds&#038;Co angelegt hab (derzeit ca. 2\/3), ist mein Verm\u00f6gen seit Ende Februar sogar  gewachsen. Das eine Aktien\/Index-Depot, das ich im M\u00e4rz angelegt hab (und nach und nach gef\u00fcllt hab), ist um 8,36% gestiegen, das macht ca. 3 Monatsgeh\u00e4lter aus. Kann bei einem B\u00f6rsencrash nat\u00fcrlich ebenso schnell wieder weg sein (oder noch mehr).<\/p>\n<p>.. manchmal wei\u00df ich nicht, ob sich das alles so lohnt, oder ob man nicht einfach etwas verschwenderischer Geld ausgeben sollte, wer wei\u00df wie lang es die Welt so noch gibt &#8211; oder man noch lebt .. man k\u00f6nnte sich ja auch \u00fcberlegen &#8220;hm, geh ich mal davon aus, dass entweder das System oder ich in den n\u00e4chsten 10 Jahren zu Grunde geht .. und wenn nicht, gibt man sich halt die Kugel, wenn das Geld weg ist &#8211; oder arbeitet tats\u00e4chlich wieder mehr&#8221;?!<\/p>\n<p>Da ich ja auch einen Aktienfonds mit Schwerpunkt Gesundheit in meinem Portfolio hab, m\u00fcsst ich ja eigentlich sagen: Impft euch, Leute ;-)<\/p>\n<p>Wie sich das in Zukunft entwickeln wird, insb. wenn die WEF&#8217;ler ihren Great Reset durchbringen .. oder wenn sich das Coronathema doch noch offiziell als der gro\u00dfe Schwindel rausstellt, f\u00fcr das es in den &#8220;alternativen Medien&#8221; gehalten wird ..<\/p>\n<p>Mal wieder ein paar Links gef\u00e4llig?<\/p>\n<p>&#8211; Weltwirtschaftsforum, Great Reset und jetzt die gro\u00dfe Erz\u00e4hlung?<br \/>\n <a href='https:\/\/www.rubikon.news\/artikel\/die-grosse-erzahlung'>https:\/\/www.rubikon.news\/artikel\/die-grosse-erzahlung<\/a><\/p>\n<p>&#8211; Die h\u00f6chste Rate an Covid19-F\u00e4lle ist in den L\u00e4ndern, die am meisten impfen?<br \/>\n <a href='https:\/\/corona-transition.org\/pandemie-der-geimpften'>https:\/\/corona-transition.org\/pandemie-der-geimpften<\/a><\/p>\n<p>&#8211; Unterschied &#8220;Mit-Covid-verstorben&#8221; vs. &#8220;An-Covid-verstorben&#8221;<br \/>\n  &#8230; nur ein Drittel wirklich an Covid gestorben?<br \/>\n  <a href='https:\/\/norberthaering.de\/news\/gestorben-an-oder-mit-covid\/'>https:\/\/norberthaering.de\/news\/gestorben-an-oder-mit-covid\/<\/a><br \/>\n  .. in Italien nur 4.000 statt 130.000 Covid-Tote?<br \/>\n   <a href='https:\/\/corona-transition.org\/oberstes-gesundheitsinstitut-italiens-korrigiert-die-geschatzten-covid'>https:\/\/corona-transition.org\/oberstes-gesundheitsinstitut-italiens-korrigiert-die-geschatzten-covid<\/a><\/p>\n","protected":false},"excerpt":{"rendered":"<p>2.11.2021<\/p>\n<p>Heute fr\u00fch also endlich mal wieder Fr\u00fchst\u00fcck bei McDonalds:<\/p>\n<p> ^ McMuffin Double Saussage and Egg oder so, als Men\u00fc mit Kakao (hei\u00dfes Wasser+Pulver) und Orangensaft plus ein(e) R\u00f6sti. Da ohne Bacon, halt noch einen klassichen Bacon and Egg Mc Muffin mitgenommen und sp\u00e4ter kalt verzehrt.<\/p>\n<p>Heute wieder tiefsitzender Nebel. Aber trocken. Morgen wieder <a href=\"http:\/\/blog.inmontanis.info\/?p=7241\">[&#8230;]<\/a><\/p>\n","protected":false},"author":1,"featured_media":7244,"comment_status":"closed","ping_status":"closed","sticky":false,"template":"","format":"standard","meta":{"footnotes":""},"categories":[185,770,19],"tags":[51,47],"class_list":["post-7241","post","type-post","status-publish","format-standard","has-post-thumbnail","hentry","category-2021-08-skandinavien","category-getberget","category-schwedensweden","tag-architektur","tag-sl","odd"],"_links":{"self":[{"href":"http:\/\/blog.inmontanis.info\/index.php?rest_route=\/wp\/v2\/posts\/7241","targetHints":{"allow":["GET"]}}],"collection":[{"href":"http:\/\/blog.inmontanis.info\/index.php?rest_route=\/wp\/v2\/posts"}],"about":[{"href":"http:\/\/blog.inmontanis.info\/index.php?rest_route=\/wp\/v2\/types\/post"}],"author":[{"embeddable":true,"href":"http:\/\/blog.inmontanis.info\/index.php?rest_route=\/wp\/v2\/users\/1"}],"replies":[{"embeddable":true,"href":"http:\/\/blog.inmontanis.info\/index.php?rest_route=%2Fwp%2Fv2%2Fcomments&post=7241"}],"version-history":[{"count":3,"href":"http:\/\/blog.inmontanis.info\/index.php?rest_route=\/wp\/v2\/posts\/7241\/revisions"}],"predecessor-version":[{"id":7245,"href":"http:\/\/blog.inmontanis.info\/index.php?rest_route=\/wp\/v2\/posts\/7241\/revisions\/7245"}],"wp:featuredmedia":[{"embeddable":true,"href":"http:\/\/blog.inmontanis.info\/index.php?rest_route=\/wp\/v2\/media\/7244"}],"wp:attachment":[{"href":"http:\/\/blog.inmontanis.info\/index.php?rest_route=%2Fwp%2Fv2%2Fmedia&parent=7241"}],"wp:term":[{"taxonomy":"category","embeddable":true,"href":"http:\/\/blog.inmontanis.info\/index.php?rest_route=%2Fwp%2Fv2%2Fcategories&post=7241"},{"taxonomy":"post_tag","embeddable":true,"href":"http:\/\/blog.inmontanis.info\/index.php?rest_route=%2Fwp%2Fv2%2Ftags&post=7241"}],"curies":[{"name":"wp","href":"https:\/\/api.w.org\/{rel}","templated":true}]}}