{"id":7237,"date":"2021-11-01T17:01:49","date_gmt":"2021-11-01T16:01:49","guid":{"rendered":"http:\/\/blog.inmontanis.info\/?p=7237"},"modified":"2023-08-05T16:05:56","modified_gmt":"2023-08-05T14:05:56","slug":"vardkasen-indalsalvens-delta-31-10-1-11-2021","status":"publish","type":"post","link":"http:\/\/blog.inmontanis.info\/?p=7237","title":{"rendered":"V\u00e5rdkasen + Indals\u00e4lvens delta, 31.10.+1.11.2021"},"content":{"rendered":"<p><strong>31.10.2021<\/strong><\/p>\n<p>Der Nebel war heute fr\u00fch noch niedriger als gestern. Dazu die Zeitumstellung, durch die es zwar morgens nun wieder eine Stunde fr\u00fcher hell, abends aber eine Stunde fr\u00fcher dunkel wird.<\/p>\n<p>Stark bedeckt und leicht regnerisch soll es hier so weiter gehen bis n\u00e4chsten Samstag, 6.11., bis mal wieder ein Sonnensymbol zu sehen ist. In Richtung Westen das selbe Spiel, dunkle Wolken und etwas Regen die ganze Woche \u00fcber. Da bringts ja auch fast nix, einen Nachtplatz mit Meerblick zu suchen :(<\/p>\n<p>Die hier in der N\u00e4he f\u00fcr heute geplante Gipfelwanderung hab ich wegen des Nebels jedenfalls nicht durchgefuhrt.<\/p>\n<p><a href='http:\/\/extra.inmontanis.info\/d\/73034-2\/DSC09449.jpg'><img src=http:\/\/extra.inmontanis.info\/d\/73033-3\/DSC09449.jpg \/><\/a><\/p>\n<p><a href='http:\/\/extra.inmontanis.info\/d\/73038-2\/DSC09451.jpg'><img src=http:\/\/extra.inmontanis.info\/d\/73037-3\/DSC09451.jpg \/><\/a><\/p>\n<p><a href='http:\/\/extra.inmontanis.info\/d\/73042-2\/IMG_20211031_120050.jpg'><img src=http:\/\/extra.inmontanis.info\/d\/73041-3\/IMG_20211031_120050.jpg \/><\/a><br \/>\n^ Der Magic Oumph im Sibylla Fastfoodrestaurant war wohl ein vegetarischer Burger. Naja, an sich dank BBQ-Sauce ganz OK, wenn da nicht irgendeine bitterere Sauce unten im Salat gewesen w\u00e4re.<\/p>\n<p><a href='http:\/\/extra.inmontanis.info\/d\/73046-2\/DSC09454.jpg'><img src=http:\/\/extra.inmontanis.info\/d\/73045-3\/DSC09454.jpg \/><\/a><\/p>\n<p>Weiter nach H\u00e4rn\u00f6sand, da g\u00e4be es ein kleines Skigebiet nahe Meer mit Stra\u00dfe hinauf, evtl. ein Aussichtsturm und sch\u00f6ner Sicht auf &#8230; naja, heute wohl nur den Nebel. In der Gegend g\u00e4be es auch eine g\u00fcnstige Unterkunft um ca. 27 \u20ac \/ Nacht inkl. Fr\u00fchst\u00fcck, evtl. mit Schreibtisch im Zimmer, ohne eigenes Badezimmer. W\u00e4r ja schon verlockend, aber dann wiederum &#8230; wie lang? Eine Nacht ist immer nicht wirklich lohnenswert, mehr N\u00e4chte bis zu einer Woche w\u00e4r sinnvoll, wenn man sicher sein k\u00f6nnte, dass auch die Skigebiets\u00f6ffnungen um den 13.11. in Norwegen nicht stattfinden k\u00f6nnen (und ein bisschen schaut&#8217;s danach ja schon aus) und aber gleichzeitig die Regionen in Schweden coronafarbm\u00e4\u00dfig so bleiben w\u00fcrden. Ansonsten m\u00fcsse ich am Samstag\/Sonntag, wenn es vorausichtlich wieder sonniger w\u00fcrde,  400km von hier nach Norwegen r\u00fcber fahren &#8211; dann k\u00f6nnte ich auch gleich Tag f\u00fcr Tag ein St\u00fcck fahren &#8230;<\/p>\n<p>Generell macht ein Zimmer halt nur dann Sinn, wenn 1. wegen Schnee keine brauchbaren Parkpl\u00e4tze zu finden sind oder 2. ich l\u00e4nger an einem Ort \/ in einem Bereich bleiben will und zu wenig fahren w\u00fcrde, um die Batterie genug nachzuladen oder 3. wenn es \u00fcber Nacht stark schneien soll. <\/p>\n<p><a href='http:\/\/ski.inmontanis.info\/d\/298259-2\/DSC09456.jpg'><img src=http:\/\/ski.inmontanis.info\/d\/298257-3\/DSC09456.jpg \/><\/a><br \/>\n^ Skigebiet V\u00e5rdkasen, linker SL<\/p>\n<p><a href='http:\/\/ski.inmontanis.info\/d\/298263-2\/DSC09459.jpg'><img src=http:\/\/ski.inmontanis.info\/d\/298262-3\/DSC09459.jpg \/><\/a><br \/>\n^ Pistenplan<\/p>\n<p><a href='http:\/\/ski.inmontanis.info\/d\/298267-2\/DSC09460.jpg'><img src=http:\/\/ski.inmontanis.info\/d\/298266-3\/DSC09460.jpg \/><\/a><br \/>\n^ Linker SL<\/p>\n<p><a href='http:\/\/ski.inmontanis.info\/d\/298271-2\/DSC09462.jpg'><img src=http:\/\/ski.inmontanis.info\/d\/298270-3\/DSC09462.jpg \/><\/a><br \/>\n^ mittlerer und rechter SL<\/p>\n<p>Der Aussichtsturm am Gipfel hat sogar einen Aufzug. Zudem macht eine Windturbine etwas L\u00e4rm. Dennoch etwas B\u00e4ume herum und sehr windstill im Bereich der Liftbergstation, daf\u00fcr, dass das Windrad sich so schnell dreht. Wenig sp\u00e4ter kam auch schon die erste Gruppe mit ihren 2-sitzigen Autos.. ok, muss man wohl doch davon ausgehen, dass hier bis sp\u00e4t in die Nacht L\u00e4rm geben wird. Bin wieder ein St\u00fcck runter zu einem kleineren Parkplatz gefahren. War auch gut so, kamen immer wieder Autos vorbei, die meisten zum Gipfel. Einer hat beim Fahren rumgeschossen. Hoffentlich nur wegen Halloween.<\/p>\n<p><a href='http:\/\/ski.inmontanis.info\/d\/298275-2\/DSC09470.jpg'><img src=http:\/\/ski.inmontanis.info\/d\/298274-3\/DSC09470.jpg \/><\/a><br \/>\n^ Rechter SL<\/p>\n<p><a href='http:\/\/ski.inmontanis.info\/d\/298279-2\/DSC09471.jpg'><img src=http:\/\/ski.inmontanis.info\/d\/298278-3\/DSC09471.jpg \/><\/a><br \/>\n^ Rechter SL, Alimak<\/p>\n<p><a href='http:\/\/ski.inmontanis.info\/d\/298283-2\/DSC09472.jpg'><img src=http:\/\/ski.inmontanis.info\/d\/298282-3\/DSC09472.jpg \/><\/a><br \/>\n^ <\/p>\n<p><strong>1.11.2021<\/strong><\/p>\n<p>Der Nebel war morgens etwas weniger dicht, um kurz vor 9 Uhr fuhr ich nochmals das kurze St\u00fcck zum Gipfel und hatte etwas Ausblick. Bin aber nicht weiter rumgewandert, z.B. um auf der anderen Bergseite richtung Meer sehen zu k\u00f6nnen &#8211; das h\u00e4tte sich nebelm\u00e4\u00dfig vmtl. nicht gelohnt.<\/p>\n<p><a href='http:\/\/ski.inmontanis.info\/d\/298287-2\/DSC09474.jpg'><img src=http:\/\/ski.inmontanis.info\/d\/298286-3\/DSC09474.jpg \/><\/a><br \/>\n^ Aussichtsturm, der Aufzug war nicht in Betrieb<\/p>\n<p><a href='http:\/\/ski.inmontanis.info\/d\/298291-2\/DSC09477.jpg'><img src=http:\/\/ski.inmontanis.info\/d\/298290-3\/DSC09477.jpg \/><\/a><br \/>\n^ Linker SL<\/p>\n<p><a href='http:\/\/ski.inmontanis.info\/d\/298295-2\/DSC09481.jpg'><img src=http:\/\/ski.inmontanis.info\/d\/298294-3\/DSC09481.jpg \/><\/a><br \/>\n^ Abfahrt am linken SL<\/p>\n<p><a href='http:\/\/ski.inmontanis.info\/d\/298299-2\/DSC09482.jpg'><img src=http:\/\/ski.inmontanis.info\/d\/298298-3\/DSC09482.jpg \/><\/a><br \/>\n^ Linker SL vom Aussichtsturm<\/p>\n<p><a href='http:\/\/ski.inmontanis.info\/d\/298303-2\/DSC09483.jpg'><img src=http:\/\/ski.inmontanis.info\/d\/298302-3\/DSC09483.jpg \/><\/a><br \/>\n^ 2 Windr\u00e4der<\/p>\n<p><a href='http:\/\/ski.inmontanis.info\/d\/298307-2\/DSC09486.jpg'><img src=http:\/\/ski.inmontanis.info\/d\/298306-3\/DSC09486.jpg \/><\/a><br \/>\n^ Rechter SL vom Aussichtsturm und evtl. Meerblick<\/p>\n<p><a href='http:\/\/ski.inmontanis.info\/d\/298311-2\/DSC09489.jpg'><img src=http:\/\/ski.inmontanis.info\/d\/298310-3\/DSC09489.jpg \/><\/a><br \/>\n^ Rechter SL und Abfahrt<\/p>\n<p>Unten in der Stadt regnete es dann. Dort gab es auch einen McDonalds, der aber erst um 9 Uhr aufmachte &#8211; also kein Fr\u00fchst\u00fcck haben wird, also interessierte er mich nicht. Vielleicht hab ich morgen vor Sundsvall mehr Gl\u00fcck, der soll zumindest ab 7 Uhr \u00f6ffnen.<\/p>\n<p>Dann lieber nochmal eine Laugenbreze, der Lidl ist gegen\u00fcber. Der Marzipanstollen war mit Rosinen, also nicht gekauft. Obwohl es zwei verschiedene Aufschriften gibt: &#8220;mit Marzipan&#8221; bzw. &#8220;mit Marzipan und Rosinen&#8221; (jeweils auf Englisch) waren doch in beiden F\u00e4llen Rosinen abgebildet und auf der Zutatenliste. Dann Mini-Mandelstollen und anderes Zeug mitgenommen.<\/p>\n<p>Es folgte wieder dichterer Nebel, auch auf Meeresh\u00f6he, dann mal st\u00e4rkerer Regen, mittags 8\u00b0 .. ich verbrachte einige Zeit handyspielend am Rastplatz, Zeit totschlagend, sinnloser Feiertag mal wieder. Ab 13 Uhr war wieder trocken gemeldet und ich ging dann am Indals\u00e4lvens-delta bisschen spazieren. Da gibt&#8217;s einen kurios schmalen Landstreifen zwischen den Flussarmen, der \u00fcber Fu\u00dfg\u00e4ngerbr\u00fccken erreichbar ist, was mein Interesse weckte:<\/p>\n<p><a href='http:\/\/extra.inmontanis.info\/d\/73050-2\/DSC09492.jpg'><img src=http:\/\/extra.inmontanis.info\/d\/73049-3\/DSC09492.jpg \/><\/a><br \/>\n^ Infotafel zum Indals\u00e4lvens delta<\/p>\n<p><a href='http:\/\/extra.inmontanis.info\/d\/73054-2\/DSC09494.jpg'><img src=http:\/\/extra.inmontanis.info\/d\/73053-3\/DSC09494.jpg \/><\/a><br \/>\n^ Erste Br\u00fccke<\/p>\n<p><a href='http:\/\/extra.inmontanis.info\/d\/73058-2\/DSC09496.jpg'><img src=http:\/\/extra.inmontanis.info\/d\/73057-3\/DSC09496.jpg \/><\/a><br \/>\n^ Ex-Br\u00fccke s\u00fcdlich der ersten Br\u00fccke<\/p>\n<p><a href='http:\/\/extra.inmontanis.info\/d\/73062-2\/DSC09500.jpg'><img src=http:\/\/extra.inmontanis.info\/d\/73061-3\/DSC09500.jpg \/><\/a><br \/>\n^ Flussaufw\u00e4rts<\/p>\n<p><a href='http:\/\/extra.inmontanis.info\/d\/73066-3\/DSC09501.jpg'><img src=http:\/\/extra.inmontanis.info\/d\/73065-4\/DSC09501.jpg \/><\/a><br \/>\n^ Flussabw\u00e4rts<\/p>\n<p><a href='http:\/\/extra.inmontanis.info\/d\/73070-3\/DSC09507.jpg'><img src=http:\/\/extra.inmontanis.info\/d\/73069-4\/DSC09507.jpg \/><\/a><br \/>\n^ Schmale Insel<\/p>\n<p><a href='http:\/\/extra.inmontanis.info\/d\/73074-3\/DSC09511.jpg'><img src=http:\/\/extra.inmontanis.info\/d\/73073-4\/DSC09511.jpg \/><\/a><br \/>\n^ Die zweite Br\u00fccke liegt so tief \u00fcber dem Wasser, dass es bei mehreren Leuten wohl fast nass werden k\u00f6nnte<\/p>\n<p><a href='http:\/\/extra.inmontanis.info\/d\/73078-3\/DSC09513.jpg'><img src=http:\/\/extra.inmontanis.info\/d\/73077-4\/DSC09513.jpg \/><\/a><br \/>\n^ Bevor ich die Br\u00fccke \u00fcberquere, geh ich diese Landzungenspitze erst mal ab<\/p>\n<p><a href='http:\/\/extra.inmontanis.info\/d\/73082-2\/DSC09517.jpg'><img src=http:\/\/extra.inmontanis.info\/d\/73081-3\/DSC09517.jpg \/><\/a><br \/>\n^ <\/p>\n<p><a href='http:\/\/extra.inmontanis.info\/d\/73086-2\/DSC09519.jpg'><img src=http:\/\/extra.inmontanis.info\/d\/73085-3\/DSC09519.jpg \/><\/a><br \/>\n^ Ende<\/p>\n<p><a href='http:\/\/extra.inmontanis.info\/d\/73090-2\/DSC09520.jpg'><img src=http:\/\/extra.inmontanis.info\/d\/73089-3\/DSC09520.jpg \/><\/a><br \/>\n^ .. und wieder zur\u00fcck. Wie ein Pier<\/p>\n<p><a href='http:\/\/extra.inmontanis.info\/d\/73094-2\/DSC09522.jpg'><img src=http:\/\/extra.inmontanis.info\/d\/73093-3\/DSC09522.jpg \/><\/a><br \/>\n^ Meer<\/p>\n<p><a href='http:\/\/extra.inmontanis.info\/d\/73098-2\/DSC09527.jpg'><img src=http:\/\/extra.inmontanis.info\/d\/73097-3\/DSC09527.jpg \/><\/a><br \/>\n^ Zweite Br\u00fccke<\/p>\n<p><a href='http:\/\/extra.inmontanis.info\/d\/73102-2\/DSC09528.jpg'><img src=http:\/\/extra.inmontanis.info\/d\/73101-3\/DSC09528.jpg \/><\/a><br \/>\n^ Zwischen der zweiten und der dritten Br\u00fccke geht man auf einem ebenfalls schmalen, kleinen Inselchen entlang<\/p>\n<p><a href='http:\/\/extra.inmontanis.info\/d\/73106-2\/DSC09529.jpg'><img src=http:\/\/extra.inmontanis.info\/d\/73105-3\/DSC09529.jpg \/><\/a><br \/>\n^ Dritte Br\u00fccke, wieder etwas h\u00f6her \u00fcber dem Fluss<\/p>\n<p><a href='http:\/\/extra.inmontanis.info\/d\/73110-2\/DSC09532.jpg'><img src=http:\/\/extra.inmontanis.info\/d\/73109-3\/DSC09532.jpg \/><\/a><br \/>\n^ Strand<\/p>\n<p><a href='http:\/\/extra.inmontanis.info\/d\/73114-2\/DSC09533.jpg'><img src=http:\/\/extra.inmontanis.info\/d\/73113-3\/DSC09533.jpg \/><\/a><br \/>\n^ <\/p>\n<p><a href='http:\/\/extra.inmontanis.info\/d\/73118-2\/DSC09534.jpg'><img src=http:\/\/extra.inmontanis.info\/d\/73117-3\/DSC09534.jpg \/><\/a><br \/>\n^ <\/p>\n<p><a href='http:\/\/extra.inmontanis.info\/d\/73130-2\/ge20211101.jpg'><img src=http:\/\/extra.inmontanis.info\/d\/73129-3\/ge20211101.jpg \/><\/a><br \/>\n^ GPS-Track der Wanderung, ca. 4,2km, knapp \u00fcber 1h. Die 50hm lt. Tracker glaub ich aber nicht.<\/p>\n<p><a href='http:\/\/extra.inmontanis.info\/d\/73122-2\/DSC09538.jpg'><img src=http:\/\/extra.inmontanis.info\/d\/73121-3\/DSC09538.jpg \/><\/a><br \/>\n^ An der Ex-Br\u00fccke ..<\/p>\n<p><a href='http:\/\/extra.inmontanis.info\/d\/73126-2\/DSC09537.jpg'><img src=http:\/\/extra.inmontanis.info\/d\/73125-3\/DSC09537.jpg \/><\/a><br \/>\n^ .. liegen ein paar wohl stillgelegte H\u00e4user<\/p>\n<p><a href='http:\/\/extra.inmontanis.info\/d\/73134-2\/DSC09541.jpg'><img src=http:\/\/extra.inmontanis.info\/d\/73133-3\/DSC09541.jpg \/><\/a><br \/>\n^ Tiefk\u00fchlpizza um ca. 2 \u20ac beim Lidl mitgenommen, h\u00f6rte sich interessant an &#8211; war auch recht OK.<\/p>\n","protected":false},"excerpt":{"rendered":"<p>31.10.2021<\/p>\n<p>Der Nebel war heute fr\u00fch noch niedriger als gestern. Dazu die Zeitumstellung, durch die es zwar morgens nun wieder eine Stunde fr\u00fcher hell, abends aber eine Stunde fr\u00fcher dunkel wird.<\/p>\n<p>Stark bedeckt und leicht regnerisch soll es hier so weiter gehen bis n\u00e4chsten Samstag, 6.11., bis mal wieder ein Sonnensymbol zu sehen ist. In <a href=\"http:\/\/blog.inmontanis.info\/?p=7237\">[&#8230;]<\/a><\/p>\n","protected":false},"author":1,"featured_media":7239,"comment_status":"closed","ping_status":"closed","sticky":false,"template":"","format":"standard","meta":{"footnotes":""},"categories":[185,19,781,30],"tags":[37,47],"class_list":["post-7237","post","type-post","status-publish","format-standard","has-post-thumbnail","hentry","category-2021-08-skandinavien","category-schwedensweden","category-vardkasen","category-wandern","tag-meer","tag-sl","odd"],"_links":{"self":[{"href":"http:\/\/blog.inmontanis.info\/index.php?rest_route=\/wp\/v2\/posts\/7237","targetHints":{"allow":["GET"]}}],"collection":[{"href":"http:\/\/blog.inmontanis.info\/index.php?rest_route=\/wp\/v2\/posts"}],"about":[{"href":"http:\/\/blog.inmontanis.info\/index.php?rest_route=\/wp\/v2\/types\/post"}],"author":[{"embeddable":true,"href":"http:\/\/blog.inmontanis.info\/index.php?rest_route=\/wp\/v2\/users\/1"}],"replies":[{"embeddable":true,"href":"http:\/\/blog.inmontanis.info\/index.php?rest_route=%2Fwp%2Fv2%2Fcomments&post=7237"}],"version-history":[{"count":2,"href":"http:\/\/blog.inmontanis.info\/index.php?rest_route=\/wp\/v2\/posts\/7237\/revisions"}],"predecessor-version":[{"id":7240,"href":"http:\/\/blog.inmontanis.info\/index.php?rest_route=\/wp\/v2\/posts\/7237\/revisions\/7240"}],"wp:featuredmedia":[{"embeddable":true,"href":"http:\/\/blog.inmontanis.info\/index.php?rest_route=\/wp\/v2\/media\/7239"}],"wp:attachment":[{"href":"http:\/\/blog.inmontanis.info\/index.php?rest_route=%2Fwp%2Fv2%2Fmedia&parent=7237"}],"wp:term":[{"taxonomy":"category","embeddable":true,"href":"http:\/\/blog.inmontanis.info\/index.php?rest_route=%2Fwp%2Fv2%2Fcategories&post=7237"},{"taxonomy":"post_tag","embeddable":true,"href":"http:\/\/blog.inmontanis.info\/index.php?rest_route=%2Fwp%2Fv2%2Ftags&post=7237"}],"curies":[{"name":"wp","href":"https:\/\/api.w.org\/{rel}","templated":true}]}}