{"id":7233,"date":"2021-10-30T16:13:10","date_gmt":"2021-10-30T14:13:10","guid":{"rendered":"http:\/\/blog.inmontanis.info\/?p=7233"},"modified":"2021-11-04T16:18:34","modified_gmt":"2021-11-04T15:18:34","slug":"faberget-hoga-kusten-30-10-2021","status":"publish","type":"post","link":"http:\/\/blog.inmontanis.info\/?p=7233","title":{"rendered":"F\u00e4berget (H\u00f6ga Kusten), 30.10.2021"},"content":{"rendered":"<p><strong>30.10.2021<\/strong><\/p>\n<p>Hier in der N\u00e4he g\u00e4be es sogar eine &#8220;Stra\u00dfenbahn&#8221; &#8211; im Mannaminne-Museum. Das hat aber leider am 6.10. die Saison beendet und ist nun geschlossen bis n\u00e4chsten Sommer. Wobei ich mir nicht sicher bin, ob man mit der Tram fahren kann &#8211; es gehen zwar Gleise durch das Dorf, aber keine Oberleitungen. Vielleicht ist das also auch nur ein fix ausgetellter Wagen im Freien.<\/p>\n<p>Wetter heute nebelartige Bew\u00f6lkung. Ich suchte mir ein, zwei Aussichtsberge in der Gegend aus &#8211; ich denke ich bleib grundlegend bei der Route Richtung norwegische Skigebiete, die Mitte November \u00f6ffnen wollen. Sind eh ca. 800km, da kann ich mir ja 2 Wochen Zeit nehmen? In der Hoffnung es klappt dann mit der \u00d6ffnung&#8230;<\/p>\n<p>Ob die Wanderung bei der Nebelbew\u00f6lkung heute sinnvoll sein w\u00fcrde  &#8211; naja, mit ca. 2,5km one-way war die L\u00e4nge \u00fcberschaubar. <\/p>\n<p><a href='http:\/\/extra.inmontanis.info\/d\/72978-2\/DSC09412.jpg'><img src=http:\/\/extra.inmontanis.info\/d\/72977-3\/DSC09412.jpg \/><\/a><br \/>\n^ Wanderung F\u00e4berget<\/p>\n<p><a href='http:\/\/extra.inmontanis.info\/d\/72982-2\/DSC09414.jpg'><img src=http:\/\/extra.inmontanis.info\/d\/72981-3\/DSC09414.jpg \/><\/a><br \/>\n^ Hier oben w\u00e4r ja auch noch ein Parkplatz gewesen. H\u00e4tte ich sogar vergangene Nacht schlafen k\u00f6nnen ..<\/p>\n<p><a href='http:\/\/extra.inmontanis.info\/d\/72986-2\/DSC09417.jpg'><img src=http:\/\/extra.inmontanis.info\/d\/72985-3\/DSC09417.jpg \/><\/a><br \/>\n^ Wanderung F\u00e4berget, zur\u00fcck gings dann in dem Tal vor mir links raus<\/p>\n<p><a href='http:\/\/extra.inmontanis.info\/d\/72990-2\/DSC09419.jpg'><img src=http:\/\/extra.inmontanis.info\/d\/72989-3\/DSC09419.jpg \/><\/a><br \/>\n^ Wanderung F\u00e4berget<\/p>\n<p><a href='http:\/\/extra.inmontanis.info\/d\/72994-2\/DSC09424.jpg'><img src=http:\/\/extra.inmontanis.info\/d\/72993-3\/DSC09424.jpg \/><\/a><br \/>\n^ Gipfelbereich ohne Meerblick derzeit<\/p>\n<p><a href='http:\/\/extra.inmontanis.info\/d\/72998-2\/DSC09425.jpg'><img src=http:\/\/extra.inmontanis.info\/d\/72997-3\/DSC09425.jpg \/><\/a><br \/>\n^ Windschutz \/ Grillplatz<\/p>\n<p><a href='http:\/\/extra.inmontanis.info\/d\/73002-2\/DSC09426.jpg'><img src=http:\/\/extra.inmontanis.info\/d\/73001-3\/DSC09426.jpg \/><\/a><br \/>\n^ .. so k\u00f6nnte die Aussicht sein<\/p>\n<p><a href='http:\/\/extra.inmontanis.info\/d\/73006-2\/DSC09428.jpg'><img src=http:\/\/extra.inmontanis.info\/d\/73005-3\/DSC09428.jpg \/><\/a><br \/>\n^ Halbe Stunde sp\u00e4ter gab es mal ein paar lichte Momente. Hier an der steilen Kante (12:30 Uhr), konnte kaum schnell genug die Cam rausziehen, bevor der Nebel wieder dichter wurde<\/p>\n<p><a href='http:\/\/extra.inmontanis.info\/d\/73010-2\/DSC09437.jpg'><img src=http:\/\/extra.inmontanis.info\/d\/73009-3\/DSC09437.jpg \/><\/a><br \/>\n^ 12:38 die n\u00e4chste Blickm\u00f6glichkeit aufs Wasser<\/p>\n<p><a href='http:\/\/extra.inmontanis.info\/d\/73014-2\/DSC09438.jpg'><img src=http:\/\/extra.inmontanis.info\/d\/73013-3\/DSC09438.jpg \/><\/a><br \/>\n^ .. andere Richtung<\/p>\n<p><a href='http:\/\/extra.inmontanis.info\/d\/73018-2\/DSC09442_001.jpg'><img src=http:\/\/extra.inmontanis.info\/d\/73017-3\/DSC09442_001.jpg \/><\/a><br \/>\n^ 12:54 konnte ich die Steilkante nochmal mit Meer fotografieren<\/p>\n<p><a href='http:\/\/extra.inmontanis.info\/d\/73022-2\/DSC09444.jpg'><img src=http:\/\/extra.inmontanis.info\/d\/73021-3\/DSC09444.jpg \/><\/a><br \/>\n^ Wirkt auf dem Bild nat\u00fcrlich weniger hoch und steil<\/p>\n<p><a href='http:\/\/extra.inmontanis.info\/d\/73026-2\/ge20211030a.jpg'><img src=http:\/\/extra.inmontanis.info\/d\/73025-3\/ge20211030a.jpg \/><\/a><br \/>\n^ F\u00e4berget-Wanderung, knapp 3h untwerwegs, 5,2km, ca. 190hm<\/p>\n<p>Im Coop gab es eine Packung &#8220;italiensk salsiccia&#8221; , darunter &#8220;original&#8221;  und hergestellt in Italien &#8211; die musste ich mal testweise mitnehmen, oder? W\u00e4r ja zu geil, wenn die wirklich wie in Italien schmecken w\u00fcrde.<\/p>\n<p>Fertggerichtsm\u00e4\u00dfig gab&#8217;s auch hier nicht das, was mir im Winter alles so gut schmeckte.. Naja, dann halt mal wieder ein Pie und mal etwas probieren, was ich im Winter auslassen hab.<\/p>\n<p>Schweden im Vgl. zu Norwegen: ger\u00e4ucherter Lachs ist teurer, Apfelmus g\u00e4be es in Gl\u00e4sern, Coca Cola etc. w\u00e4re 1 \u20ac g\u00fcnstiger, Hotdogbrot nur zum Normalpreis um die 2 \u20ac, nicht die 0,60 \u20ac Diskonterpreise wie in NO. Wobei es in NO ja eben auch die g\u00fcnstigen um 6 NOK und andere um glaub auch eher 20 NOK gibt.<\/p>\n<p><a href='http:\/\/extra.inmontanis.info\/d\/73030-2\/DSC09448.jpg'><img src=http:\/\/extra.inmontanis.info\/d\/73029-3\/DSC09448.jpg \/><\/a><br \/>\n^ Mal gespannt, ob die italienische Salsiccia oben tats\u00e4chlich wie eine Salsiccia in Italien schmeckt. Heut gabs aber die Spinat-K\u00e4se-Fleischburger mit Nudeln, war auch leckerer als erwartet, obwohl ich ja kein Spinatfan bin.<\/p>\n","protected":false},"excerpt":{"rendered":"<p>30.10.2021<\/p>\n<p>Hier in der N\u00e4he g\u00e4be es sogar eine &#8220;Stra\u00dfenbahn&#8221; &#8211; im Mannaminne-Museum. Das hat aber leider am 6.10. die Saison beendet und ist nun geschlossen bis n\u00e4chsten Sommer. Wobei ich mir nicht sicher bin, ob man mit der Tram fahren kann &#8211; es gehen zwar Gleise durch das Dorf, aber keine Oberleitungen. Vielleicht ist <a href=\"http:\/\/blog.inmontanis.info\/?p=7233\">[&#8230;]<\/a><\/p>\n","protected":false},"author":1,"featured_media":7235,"comment_status":"closed","ping_status":"closed","sticky":false,"template":"","format":"standard","meta":{"footnotes":""},"categories":[185,19,30],"tags":[37],"class_list":["post-7233","post","type-post","status-publish","format-standard","has-post-thumbnail","hentry","category-2021-08-skandinavien","category-schwedensweden","category-wandern","tag-meer","odd"],"_links":{"self":[{"href":"http:\/\/blog.inmontanis.info\/index.php?rest_route=\/wp\/v2\/posts\/7233","targetHints":{"allow":["GET"]}}],"collection":[{"href":"http:\/\/blog.inmontanis.info\/index.php?rest_route=\/wp\/v2\/posts"}],"about":[{"href":"http:\/\/blog.inmontanis.info\/index.php?rest_route=\/wp\/v2\/types\/post"}],"author":[{"embeddable":true,"href":"http:\/\/blog.inmontanis.info\/index.php?rest_route=\/wp\/v2\/users\/1"}],"replies":[{"embeddable":true,"href":"http:\/\/blog.inmontanis.info\/index.php?rest_route=%2Fwp%2Fv2%2Fcomments&post=7233"}],"version-history":[{"count":2,"href":"http:\/\/blog.inmontanis.info\/index.php?rest_route=\/wp\/v2\/posts\/7233\/revisions"}],"predecessor-version":[{"id":7236,"href":"http:\/\/blog.inmontanis.info\/index.php?rest_route=\/wp\/v2\/posts\/7233\/revisions\/7236"}],"wp:featuredmedia":[{"embeddable":true,"href":"http:\/\/blog.inmontanis.info\/index.php?rest_route=\/wp\/v2\/media\/7235"}],"wp:attachment":[{"href":"http:\/\/blog.inmontanis.info\/index.php?rest_route=%2Fwp%2Fv2%2Fmedia&parent=7233"}],"wp:term":[{"taxonomy":"category","embeddable":true,"href":"http:\/\/blog.inmontanis.info\/index.php?rest_route=%2Fwp%2Fv2%2Fcategories&post=7233"},{"taxonomy":"post_tag","embeddable":true,"href":"http:\/\/blog.inmontanis.info\/index.php?rest_route=%2Fwp%2Fv2%2Ftags&post=7233"}],"curies":[{"name":"wp","href":"https:\/\/api.w.org\/{rel}","templated":true}]}}