{"id":7229,"date":"2021-10-29T19:32:00","date_gmt":"2021-10-29T17:32:00","guid":{"rendered":"http:\/\/blog.inmontanis.info\/?p=7229"},"modified":"2023-08-05T13:30:34","modified_gmt":"2023-08-05T11:30:34","slug":"skuleberget-29-10-2021","status":"publish","type":"post","link":"http:\/\/blog.inmontanis.info\/?p=7229","title":{"rendered":"Skuleberget, 29.10.2021"},"content":{"rendered":"<p><strong>29.10.2021<\/strong><\/p>\n<p>Da es heute erst nachmittags sonnig werden sollte, lie\u00df ich mir mit dem Start der Wanderung Zeit und ging andere Sachen durch.<\/p>\n<p>Nicht nur hier und heute hatte es 9\u00b0, auch in den ab 6.\/13.11. \u00f6ffnungswilligen, norwegischen Skigebieten hat es die ganze Zeit 5-10\u00b0 &#8212; das darf dann langsam bezweifelt werden, ob da was geht.<\/p>\n<p>Was machen die f\u00fcr mich f\u00fcr eine R\u00fcckkehr nach Norwegen n\u00e4chste Woche relevanten Einf\u00e4rbungen schwedischer Regionen? Keine \u00c4nderungen! Norrbotten ganz oben im Norden bleibt Rot, der Rest hier in der Gegend bleibt Orange bzw. Gr\u00fcn. Na dann hab ich ja freie Auswahl. Fehlt nur noch Schnee. K\u00e5bdalis will nun den zweiten Lift \u00f6ffnen. Vielleicht h\u00e4tt ich doch erst eine Woche sp\u00e4ter nach Schweden fahren sollen .. Kiruna hat seinen SL auch am 26.10. aufgesperrt. Aber beides liegt ja in der f\u00fcr Norwegen roten Region&#8230;<\/p>\n<p>Eines der beiden Skigebiete in Norwegen, die am 6.11. h\u00e4tten aufsperren wollen, haben aufgrund des warmen Wetters aber schonmal unbestimmt verschoben. Das zweite wird mangels Depots (lt. Webcams) bei den Temperaturen auch nicht \u00f6ffnen k\u00f6nnen. Ein drittes, das am 13.11. \u00f6ffnen wollte, hat auf 20.11. verschoben. Na nerv. Was ist denn aus dem Meter Schnee geworden, der s\u00fcdlich von Trondheim h\u00e4tte fallen sollen?! Lofoten sind mittlerweile auch wieder ziemlich schneefrei.<\/p>\n<p>Folgefonna macht diesen Herbst anscheinend auch nicht auf, Galdh\u00f8piggen ist noch bis voraussichtlich 14.11. offen. Bei beiden kommen zus\u00e4tzlich zu den Skip\u00e4ssen ja auch noch Mautkosten dazu.<\/p>\n<p>Bevor der Tag vorbei gehen w\u00fcrde, ging ich aber doch endlich los. Der direkte Weg war schon sehr gef\u00e4hrlich, steile Felsabschnitte und sehr steile Treppen insb. am Abzweig zur Grotte. Puh, runterw\u00e4rts m\u00f6cht ich das nicht gehen m\u00fcssen und auch raufw\u00e4rts brauch ich das nicht nochmal.<\/p>\n<p>Als ich oben war, kamen gleichzeitig 4 oder 6 andere rauf (\u00fcber den s\u00fcdlichen Weg oder von der Seilbahntalstation), die 4-k\u00f6pfige Familie sprach deutsch. Die gingen aber nicht mehr den Rundweg.<\/p>\n<p><a href='http:\/\/extra.inmontanis.info\/d\/72966-3\/DSC09212.jpg'><img src=http:\/\/extra.inmontanis.info\/d\/72965-4\/DSC09212.jpg \/><\/a><br \/>\n^ Infotafel zur welth\u00f6chsten Landhebung nach der Eiszeit <\/p>\n<p><a href='http:\/\/ski.inmontanis.info\/d\/298025-2\/DSC09247.jpg'><img src=http:\/\/ski.inmontanis.info\/d\/298024-3\/DSC09247.jpg \/><\/a><br \/>\n^ E4-Rastplatz \/ Parkplatz am Naturum am Skuleberget<\/p>\n<p><a href='http:\/\/ski.inmontanis.info\/d\/298029-2\/DSC09216.jpg'><img src=http:\/\/ski.inmontanis.info\/d\/298028-3\/DSC09216.jpg \/><\/a><br \/>\n^ Hinweisschild, dass der vordere Aufstieg (Grottstigen) steil ist. Aber ist ja blau auf der Karte eingezeichnet, also wirds schon nicht so schlimm sein ..<\/p>\n<p><a href='http:\/\/ski.inmontanis.info\/d\/298033-2\/DSC09249.jpg'><img src=http:\/\/ski.inmontanis.info\/d\/298032-3\/DSC09249.jpg \/><\/a><br \/>\n^ Infotafel<\/p>\n<p><a href='http:\/\/ski.inmontanis.info\/d\/298037-2\/DSC09251.jpg'><img src=http:\/\/ski.inmontanis.info\/d\/298036-3\/DSC09251.jpg \/><\/a><br \/>\n^ Grottstigen<\/p>\n<p><a href='http:\/\/ski.inmontanis.info\/d\/298041-2\/DSC09255.jpg'><img src=http:\/\/ski.inmontanis.info\/d\/298040-3\/DSC09255.jpg \/><\/a><br \/>\n^ Grottstigen<\/p>\n<p><a href='http:\/\/ski.inmontanis.info\/d\/298045-2\/DSC09258.jpg'><img src=http:\/\/ski.inmontanis.info\/d\/298044-3\/DSC09258.jpg \/><\/a><br \/>\n^ Grottstigen, schon heftig steil und nun kommen die Treppen<\/p>\n<p><a href='http:\/\/ski.inmontanis.info\/d\/298049-2\/DSC09264.jpg'><img src=http:\/\/ski.inmontanis.info\/d\/298048-3\/DSC09264.jpg \/><\/a><br \/>\n^ Ausblick<\/p>\n<p><a href='http:\/\/ski.inmontanis.info\/d\/298053-2\/DSC09265.jpg'><img src=http:\/\/ski.inmontanis.info\/d\/298052-3\/DSC09265.jpg \/><\/a><br \/>\n^ Weiter \u00fcber Felsen und Treppenstufen auf Felsen<\/p>\n<p><a href='http:\/\/ski.inmontanis.info\/d\/298057-2\/DSC09267.jpg'><img src=http:\/\/ski.inmontanis.info\/d\/298056-3\/DSC09267.jpg \/><\/a><br \/>\n^ Jetzt wirds unspa\u00dfig &#8211; Abzweig zur Grotte. Hab mir lange \u00fcberlegt, ob ich das gehen soll oder nicht. Schlimmer als Raufgehen ist ja das Runtergehen<\/p>\n<p><a href='http:\/\/ski.inmontanis.info\/d\/298061-2\/DSC09268.jpg'><img src=http:\/\/ski.inmontanis.info\/d\/298060-3\/DSC09268.jpg \/><\/a><br \/>\n^ .. ich bin die erste Treppe gegangen und noch 2 weitere Hammertreppen folgen. Na Nerv.<\/p>\n<p><a href='http:\/\/ski.inmontanis.info\/d\/298065-2\/DSC09269.jpg'><img src=http:\/\/ski.inmontanis.info\/d\/298064-3\/DSC09269.jpg \/><\/a><br \/>\n^ Der weitere Verlauf ist angenehmer<\/p>\n<p><a href='http:\/\/ski.inmontanis.info\/d\/298069-2\/DSC09277.jpg'><img src=http:\/\/ski.inmontanis.info\/d\/298068-3\/DSC09277.jpg \/><\/a><br \/>\n^ Grotte<\/p>\n<p><a href='http:\/\/ski.inmontanis.info\/d\/298073-2\/DSC09278.jpg'><img src=http:\/\/ski.inmontanis.info\/d\/298072-3\/DSC09278.jpg \/><\/a><br \/>\n^ Infotafel<\/p>\n<p><a href='http:\/\/ski.inmontanis.info\/d\/298077-2\/DSC09280.jpg'><img src=http:\/\/ski.inmontanis.info\/d\/298076-3\/DSC09280.jpg \/><\/a><br \/>\n^ Ausblick an der Grotte<\/p>\n<p><a href='http:\/\/ski.inmontanis.info\/d\/298081-2\/DSC09282.jpg'><img src=http:\/\/ski.inmontanis.info\/d\/298080-3\/DSC09282.jpg \/><\/a><br \/>\n^ Abzweig zur Grotte<\/p>\n<p><a href='http:\/\/ski.inmontanis.info\/d\/298085-2\/DSC09290.jpg'><img src=http:\/\/ski.inmontanis.info\/d\/298084-3\/DSC09290.jpg \/><\/a><br \/>\n^ Vom Inneren der ziemlich unter Wasser stehenden Grotte<\/p>\n<p><a href='http:\/\/ski.inmontanis.info\/d\/298089-2\/DSC09299.jpg'><img src=http:\/\/ski.inmontanis.info\/d\/298088-3\/DSC09299.jpg \/><\/a><br \/>\n^ Jetzt der unanngehmere Teil &#8211; die 3 Treppen wieder runter gehen zu m\u00fcssen<\/p>\n<p><a href='http:\/\/ski.inmontanis.info\/d\/298093-2\/DSC09301.jpg'><img src=http:\/\/ski.inmontanis.info\/d\/298092-3\/DSC09301.jpg \/><\/a><br \/>\n^ R\u00fcckblick zur Grotte<\/p>\n<p><a href='http:\/\/ski.inmontanis.info\/d\/298097-2\/DSC09305.jpg'><img src=http:\/\/ski.inmontanis.info\/d\/298096-3\/DSC09305.jpg \/><\/a><br \/>\n^ Wieder zur\u00fcck auf dem Hauptweg, geht dieser durchaus auch steiler und mit einigen Treppen weiter, aber nicht so extrem wie der Abstecher zur Grotte<\/p>\n<p><a href='http:\/\/ski.inmontanis.info\/d\/298101-2\/DSC09306.jpg'><img src=http:\/\/ski.inmontanis.info\/d\/298100-3\/DSC09306.jpg \/><\/a><br \/>\n^ .. wobei einige Stufen schon hoch waren<\/p>\n<p><a href='http:\/\/ski.inmontanis.info\/d\/298105-2\/DSC09309.jpg'><img src=http:\/\/ski.inmontanis.info\/d\/298104-3\/DSC09309.jpg \/><\/a><br \/>\n^ <\/p>\n<p><a href='http:\/\/ski.inmontanis.info\/d\/298109-2\/DSC09316.jpg'><img src=http:\/\/ski.inmontanis.info\/d\/298108-3\/DSC09316.jpg \/><\/a><br \/>\n^ Grottstigen, kleine Verschnaufpause. Runterw\u00e4rts m\u00f6cht ich den Steig nicht gehen m\u00fcssen<\/p>\n<p><a href='http:\/\/ski.inmontanis.info\/d\/298113-2\/DSC09315.jpg'><img src=http:\/\/ski.inmontanis.info\/d\/298112-3\/DSC09315.jpg \/><\/a><br \/>\n^ Ebendort, steil abw\u00e4rts<\/p>\n<p><a href='http:\/\/ski.inmontanis.info\/d\/298117-2\/DSC09324.jpg'><img src=http:\/\/ski.inmontanis.info\/d\/298116-3\/DSC09324.jpg \/><\/a><br \/>\n^ Infotafel mit den eingezeichneten Wegen. Ich wei\u00df nicht, warum man die Wege blau und rot einzeichnet (ja, wegen der Farbmarkierung entlang des Wegs), aber es ist definitiv kein Hinweis f\u00fcr die Schwierigkeit.<\/p>\n<p><a href='http:\/\/ski.inmontanis.info\/d\/298121-2\/DSC09330.jpg'><img src=http:\/\/ski.inmontanis.info\/d\/298120-3\/DSC09330.jpg \/><\/a><br \/>\n^ Meer-Blick von der Skiabfahrt<\/p>\n<p><a href='http:\/\/ski.inmontanis.info\/d\/298125-2\/DSC09333.jpg'><img src=http:\/\/ski.inmontanis.info\/d\/298124-3\/DSC09333.jpg \/><\/a><br \/>\n^ Skiabfahrt<\/p>\n<p><a href='http:\/\/ski.inmontanis.info\/d\/298129-2\/DSC09335.jpg'><img src=http:\/\/ski.inmontanis.info\/d\/298128-3\/DSC09335.jpg \/><\/a><br \/>\n^ Skiabfahrt<\/p>\n<p><a href='http:\/\/ski.inmontanis.info\/d\/298133-2\/DSC09337.jpg'><img src=http:\/\/ski.inmontanis.info\/d\/298132-3\/DSC09337.jpg \/><\/a><br \/>\n^ Skiabfahrt mit Meerblick<\/p>\n<p><a href='http:\/\/ski.inmontanis.info\/d\/298137-2\/DSC09338.jpg'><img src=http:\/\/ski.inmontanis.info\/d\/298136-3\/DSC09338.jpg \/><\/a><br \/>\n^ Skiabfahrt<\/p>\n<p><a href='http:\/\/ski.inmontanis.info\/d\/298141-2\/DSC09341.jpg'><img src=http:\/\/ski.inmontanis.info\/d\/298140-3\/DSC09341.jpg \/><\/a><br \/>\n^ Skiabfahrt mit Sessellift<\/p>\n<p><a href='http:\/\/ski.inmontanis.info\/d\/298145-2\/DSC09343.jpg'><img src=http:\/\/ski.inmontanis.info\/d\/298144-3\/DSC09343.jpg \/><\/a><br \/>\n^ Hinter mir ist die Bergstation<\/p>\n<p><a href='http:\/\/ski.inmontanis.info\/d\/298149-2\/DSC09344.jpg'><img src=http:\/\/ski.inmontanis.info\/d\/298148-3\/DSC09344.jpg \/><\/a><br \/>\n^ Bergstation der heuer leider neu gebauten 4SB. Aber die DSB mit ihren roten Dreibeinst\u00fctzen war ja leider auch schon einige Jahre au\u00dfer Betrieb<\/p>\n<p><a href='http:\/\/ski.inmontanis.info\/d\/298153-2\/DSC09345.jpg'><img src=http:\/\/ski.inmontanis.info\/d\/298152-3\/DSC09345.jpg \/><\/a><br \/>\n^ 4SB<\/p>\n<p><a href='http:\/\/ski.inmontanis.info\/d\/298157-2\/DSC09351.jpg'><img src=http:\/\/ski.inmontanis.info\/d\/298156-3\/DSC09351.jpg \/><\/a><br \/>\n^ Weitere Aussichtsplattform am Gipfelrundweg<\/p>\n<p><a href='http:\/\/ski.inmontanis.info\/d\/298161-2\/DSC09353.jpg'><img src=http:\/\/ski.inmontanis.info\/d\/298160-3\/DSC09353.jpg \/><\/a><br \/>\n^ <\/p>\n<p><a href='http:\/\/ski.inmontanis.info\/d\/298165-2\/DSC09354.jpg'><img src=http:\/\/ski.inmontanis.info\/d\/298164-3\/DSC09354.jpg \/><\/a><br \/>\n^ <\/p>\n<p><a href='http:\/\/ski.inmontanis.info\/d\/298169-2\/DSC09358.jpg'><img src=http:\/\/ski.inmontanis.info\/d\/298168-3\/DSC09358.jpg \/><\/a><br \/>\n^ Immer wieder sieht man diese Markierungen, die die alte Meeresh\u00f6he kennzeichnet, bevor sich der Berg nach dem Abschmelzen des (glaub irgendwo stand: 3.000 m hohen) Eises vor ca. 10.000 Jahren wieder aus dem Meer erhob.<\/p>\n<p><a href='http:\/\/ski.inmontanis.info\/d\/298173-2\/DSC09359.jpg'><img src=http:\/\/ski.inmontanis.info\/d\/298172-3\/DSC09359.jpg \/><\/a><br \/>\n^ <\/p>\n<p><a href='http:\/\/ski.inmontanis.info\/d\/298177-2\/DSC09362.jpg'><img src=http:\/\/ski.inmontanis.info\/d\/298176-3\/DSC09362.jpg \/><\/a><br \/>\n^ Gipfelrundweg<\/p>\n<p><a href='http:\/\/ski.inmontanis.info\/d\/298181-2\/DSC09364.jpg'><img src=http:\/\/ski.inmontanis.info\/d\/298180-3\/DSC09364.jpg \/><\/a><br \/>\n^ Gipfelrundweg und Abzweig des hinteren\/\u00f6stlichen Wegs ins Tal<\/p>\n<p><a href='http:\/\/ski.inmontanis.info\/d\/298185-2\/DSC09369.jpg'><img src=http:\/\/ski.inmontanis.info\/d\/298184-3\/DSC09369.jpg \/><\/a><br \/>\n^ Gipfelrundweg und 4SB<\/p>\n<p><a href='http:\/\/ski.inmontanis.info\/d\/298189-2\/DSC09371.jpg'><img src=http:\/\/ski.inmontanis.info\/d\/298188-3\/DSC09371.jpg \/><\/a><br \/>\n^ 4SB<\/p>\n<p><a href='http:\/\/ski.inmontanis.info\/d\/298193-2\/DSC09372.jpg'><img src=http:\/\/ski.inmontanis.info\/d\/298192-3\/DSC09372.jpg \/><\/a><br \/>\n^ 4SB richutng Talstation. Huch, die Sonne steht schon tief &#8211; jetzt wird&#8217;s Zeit, dass ich runter geh. (16:02)<\/p>\n<p><a href='http:\/\/ski.inmontanis.info\/d\/298197-2\/DSC09376.jpg'><img src=http:\/\/ski.inmontanis.info\/d\/298196-3\/DSC09376.jpg \/><\/a><br \/>\n^ 4SB<\/p>\n<p><a href='http:\/\/ski.inmontanis.info\/d\/298201-2\/DSC09377.jpg'><img src=http:\/\/ski.inmontanis.info\/d\/298200-3\/DSC09377.jpg \/><\/a><br \/>\n^ 4SB Bergstation<\/p>\n<p><a href='http:\/\/ski.inmontanis.info\/d\/298205-2\/DSC09379.jpg'><img src=http:\/\/ski.inmontanis.info\/d\/298204-3\/DSC09379.jpg \/><\/a><br \/>\n^ Aussichtsplattform nahe Bergstation<\/p>\n<p><a href='http:\/\/ski.inmontanis.info\/d\/298209-2\/DSC09381.jpg'><img src=http:\/\/ski.inmontanis.info\/d\/298208-3\/DSC09381.jpg \/><\/a><br \/>\n^ Meerblick<\/p>\n<p><a href='http:\/\/ski.inmontanis.info\/d\/298213-2\/DSC09382.jpg'><img src=http:\/\/ski.inmontanis.info\/d\/298212-3\/DSC09382.jpg \/><\/a><br \/>\n^ Gipfelh\u00fctte<\/p>\n<p><a href='http:\/\/ski.inmontanis.info\/d\/298217-2\/DSC09384.jpg'><img src=http:\/\/ski.inmontanis.info\/d\/298216-3\/DSC09384.jpg \/><\/a><br \/>\n^ Abfahrt<\/p>\n<p><a href='http:\/\/ski.inmontanis.info\/d\/298221-2\/DSC09387.jpg'><img src=http:\/\/ski.inmontanis.info\/d\/298220-3\/DSC09387.jpg \/><\/a><br \/>\n^ S\u00f6dra Bergsstigen, war schon leichter als der vordere an der Grotte vorbei<\/p>\n<p><a href='http:\/\/ski.inmontanis.info\/d\/298225-2\/DSC09392.jpg'><img src=http:\/\/ski.inmontanis.info\/d\/298224-3\/DSC09392.jpg \/><\/a><br \/>\n^ 16:38 Sonnenuntergang<\/p>\n<p><a href='http:\/\/ski.inmontanis.info\/d\/298229-2\/DSC09395.jpg'><img src=http:\/\/ski.inmontanis.info\/d\/298228-3\/DSC09395.jpg \/><\/a><br \/>\n^ <\/p>\n<p><a href='http:\/\/ski.inmontanis.info\/d\/298233-2\/DSC09399.jpg'><img src=http:\/\/ski.inmontanis.info\/d\/298232-3\/DSC09399.jpg \/><\/a><br \/>\n^ S\u00f6dra Bergsstigen, 16:53<\/p>\n<p><a href='http:\/\/ski.inmontanis.info\/d\/298237-2\/DSC09402.jpg'><img src=http:\/\/ski.inmontanis.info\/d\/298236-3\/DSC09402.jpg \/><\/a><br \/>\n^ <\/p>\n<p><a href='http:\/\/ski.inmontanis.info\/d\/298241-2\/DSC09403.jpg'><img src=http:\/\/ski.inmontanis.info\/d\/298240-3\/DSC09403.jpg \/><\/a><br \/>\n^ Es bildet sich Nebel am Boden &#8211; der die n\u00e4chsten Tage recht hartn\u00e4ckig werden sollte.<\/p>\n<p><a href='http:\/\/ski.inmontanis.info\/d\/298245-2\/DSC09404.jpg'><img src=http:\/\/ski.inmontanis.info\/d\/298244-3\/DSC09404.jpg \/><\/a><br \/>\n^ S\u00f6dra Bergsstigen<\/p>\n<p><a href='http:\/\/ski.inmontanis.info\/d\/298249-2\/DSC09406.jpg'><img src=http:\/\/ski.inmontanis.info\/d\/298248-3\/DSC09406.jpg \/><\/a><br \/>\n^ Im Wald war&#8217;s mittlerweile sehr dunkel<\/p>\n<p><a href='http:\/\/ski.inmontanis.info\/d\/298253-2\/ge20211029a.jpg'><img src=http:\/\/ski.inmontanis.info\/d\/298252-3\/ge20211029a.jpg \/><\/a><br \/>\n^ GPS-Track der Wanderung, 5,7 km, 3:45, ca, 290,hm<\/p>\n<p>Zur\u00fcck am Parkplatz um 17:30 Uhr war es schon recht dunkel und ich hatte ja mal wieder keinen Plan, wo heute noch hin und wohin die n\u00e4chsten Tage. Jetzt w\u00e4r mal wieder ein Regentag zum Planen praktisch.. ich fuhr wieder zu dem gestrigen Parkplatz, was besseres war auf die Schnelle nicht erreichbar.<\/p>\n<p>Da ich somit nicht mehr an einem Supermarkt vorbei kam und es gestern ja zu wenig passende Auswahl gab, machte ich mir eben die N\u00fcrnberger Bratw\u00fcrste. 300g oder 14 St\u00fcck, nat\u00fcrlich zu viel f\u00fcr heute Abend, den Rest gibts dann morgen kalt statt Wurstbrot.<\/p>\n<p>Man k\u00f6nnte ja mal probieren, das italienisch zu braten, wie Salsiccia &#8211; Haut weg und glatt pressen bzw. Bratwursthack (falls extra zu kaufen) als Hamburger anbraten..<\/p>\n<p><a href='http:\/\/extra.inmontanis.info\/d\/72970-3\/DSC09410.jpg'><img src=http:\/\/extra.inmontanis.info\/d\/72969-4\/DSC09410.jpg \/><\/a><br \/>\n^ N\u00fcrnberger Bratw\u00fcrste. Aufschneiden = leichter anbraten und rutscht morgen nicht so leicht vom Brot runter<\/p>\n<p><a href='http:\/\/extra.inmontanis.info\/d\/72974-3\/DSC09246.jpg'><img src=http:\/\/extra.inmontanis.info\/d\/72973-4\/DSC09246.jpg \/><\/a><br \/>\n^ Neues Heizungsrohr. Bin noch nicht so ganz begeistert.<\/p>\n<p>In \u00d6sterreich gilt ab 1.11. die &#8220;3G-Pflicht am Arbeitsplatz&#8221; (Home-Office ausgenommen). Generell l\u00e4uft diese Verordnung aber bereits mit dem 30.11. wieder aus &#8211; man mag sich wundern, was danach noch f\u00fcr Verschlimmerungen kommen werden.<\/p>\n<p>In einem anderen Covid-bestimmenden Gesetz hab ich Ende Juni 2022, maximal Ende Dezember 2022 als Au\u00dferkrafttret-Datum gelesen &#8211; aber das kann ja bekanntlich jederzeit wieder verl\u00e4ngert werden, so wie man es schon seit ca. Juni letzten Jahres macht.<\/p>\n<p>Zudem soll es in Zukunft Ausgangssperren f\u00fcr Ungeimpfte geben, ab einer gewissen Intensivstationsbettenbelegung (wof\u00fcr aber nicht zwischen geimpft\/ungeimpft unterschieden wird). Derweil man sogar in etablierten Medien las, dass in einer der letzten Wochen in Nieder\u00f6sterreich 5 von 9 Covid-Toten geimpft waren. K\u00f6nnte also darauf hinauslaufen, dass, selbst wenn 100% Geimpfte auf der Intensivstation liegen w\u00fcrden, f\u00fcr die Ungeimpften eine Ausgangssperre gilt?! Weil wir b\u00f6sen Ungeimpften dann in Zukunft von den Geimpften gesch\u00fctzt werden m\u00fcssen?!<\/p>\n<p>W\u00e4hrend in AT ca. 62% der Gesamtbev\u00f6lkerung &#8220;vollst\u00e4ndig geimpft&#8221; sind, sind es in Norwegen und Schweden 68%, in Deutschland 67% (Zahlen lt. zdf.de). Also alle recht \u00e4hnlich, trotzdem ist das Leben in Schweden noch freier als Anfang des Jahres: Es gibt mittlerweile z.B. keine Beschr\u00e4nkungen in Restaurants mehr. In Superm\u00e4rkten usw. gibt es auch nicht mehr \u00fcberall ein Handdesinfektionsspray am Eingang. Maskenpftlicht gab&#8217;s ja eh nie (au\u00dfer evtl. in manchen \u00f6ffentlichen Verkehrsmitteln, nicht sicher).  Und in \u00d6sterreich (und auch Deutschland) werden die Ungeimpften in den &#8220;etablierten Medien&#8221; extremst runtergemacht &#8211; in AT ist der Tenor: Die Ma\u00dfnahmen (wie Maskenpflicht oder 3G-Pflicht) existieren nur noch wegen der zu geringen Impfquote. Hallo? 62% in AT vs. 68% in Schweden+Norwegen? <\/p>\n<p>In Russland ist die Impfquote nur 33%, in Ukraine nur 17%, Kirgisistan 11% (ein nach wie vor sympathisches Land ;) ). Das w\u00e4re mal ein relevanter Unterschied. Aber hoppala, dort geht die Welt anscheinend auch nicht unter?! Au\u00dfer vielleicht in Moskau, wo man nun eine Woche Arbeitsfrei plant. <\/p>\n<p>(D\u00e4nemark 76%, Italien 71%, Frankreich 68%, Israel 65%, Schweiz 63%, USA 57%, Slowenien 54%, Polen 53%, Slowakei 42%. Portugal 87% und auf der norwegischen Karte genauso Orange wie die meisten Regionen in Schweden, w\u00e4hrend DE und AT und CH Rot sind&#8230; Dazu passt dann auch der eine Bericht aus Irland: 14-Tage-Inzidenz 1.486 bei 99,7% geimpften Erwachsenen. Entweder taugen also die Impfungen doch nicht so viel oder die PCR-Tests sind M\u00fcll. Oder beides.<\/p>\n<p>Abends bin ich die restlichen norwegischen Skigebiete noch durchgegangen (letzten Sonntag angefangen) &#8211; hinsichtlich geplanter \u00d6ffnung. Hab auch ein bisschen ein Auge drauf geworfen, ob man was hinsichtlich gr\u00f6\u00dferer Saisonkarten oder Skipasszusammenschl\u00fcsse findet, aber da scheint Norwegen fast noch schlimmer als Schweden zu sein. Anscheinend haben nicht mal die Gebiete um Lillehammer einen gemeinsamen Skipass (hatten aber wohl mal einen). Was bleibt ist nat\u00fcrlich Skistar (S\u00e4len\/SE, \u00c5re\/SE, Vemdalen\/SE, Trysil\/NO, Hemsedal\/NO, Hammarbybacken\/SE), wobei S\u00e4len, \u00c5re und Vemdalen selbst ja auch aus jeweils 2-3 nicht zusammenh\u00e4ngenden Skigebieten besteht und es in Schweden mehr Skigebiete hat als in Norwegen.<\/p>\n<p>Fr\u00fcher gab&#8217;s wohl mal mehr Saisonkartenzusammenschl\u00fcsse. Einen Skipasszusammenschluss gibt es noch &#8220;im Nordwest-Fjordnorwegen&#8221;, den Alpepass, der in 9 (kleineren) Skigebieten gilt, sowohl Tages- wie auch Saisonkarten. Letztere kostet fast so viel wie die von Skistar, trotz g\u00fcnstigeren Tageskartenpreisen, also eigentlich \u00fcberteuert. Zumal bei der von Skistar etwaige Parkgeb\u00fchren inkludiert sind. Und Skistar jeweils auch noch gratis Parkpl\u00e4tze hat. Die Alpepass-Gebiete haben auch oft Parkgeb\u00fchren &#8211; da liest man nix von zus\u00e4tzlichen Gratisparkpl\u00e4tzen. Tja, h\u00e4tte ich mir jetzt fast \u00fcberlegt, da eine Saisonkarte zu kaufen. Evtl. werd ich viele Skigebiete davon nun gar nicht besuchen, wenn ich mich erst damit auseinandersetzen muss, wie ich dort die Parkgeb\u00fchren bezahlen soll, wenn man als Ausl\u00e4nder nicht das norwegische Online-Bezahlsystem hat.<\/p>\n","protected":false},"excerpt":{"rendered":"<p>29.10.2021<\/p>\n<p>Da es heute erst nachmittags sonnig werden sollte, lie\u00df ich mir mit dem Start der Wanderung Zeit und ging andere Sachen durch.<\/p>\n<p>Nicht nur hier und heute hatte es 9\u00b0, auch in den ab 6.\/13.11. \u00f6ffnungswilligen, norwegischen Skigebieten hat es die ganze Zeit 5-10\u00b0 &#8212; das darf dann langsam bezweifelt werden, ob da was <a href=\"http:\/\/blog.inmontanis.info\/?p=7229\">[&#8230;]<\/a><\/p>\n","protected":false},"author":1,"featured_media":7231,"comment_status":"closed","ping_status":"closed","sticky":false,"template":"","format":"standard","meta":{"footnotes":""},"categories":[185,19,691,30],"tags":[49,134,37,45],"class_list":["post-7229","post","type-post","status-publish","format-standard","has-post-thumbnail","hentry","category-2021-08-skandinavien","category-schwedensweden","category-skuleberget","category-wandern","tag-4sb","tag-hohlecave","tag-meer","tag-see","odd"],"_links":{"self":[{"href":"http:\/\/blog.inmontanis.info\/index.php?rest_route=\/wp\/v2\/posts\/7229","targetHints":{"allow":["GET"]}}],"collection":[{"href":"http:\/\/blog.inmontanis.info\/index.php?rest_route=\/wp\/v2\/posts"}],"about":[{"href":"http:\/\/blog.inmontanis.info\/index.php?rest_route=\/wp\/v2\/types\/post"}],"author":[{"embeddable":true,"href":"http:\/\/blog.inmontanis.info\/index.php?rest_route=\/wp\/v2\/users\/1"}],"replies":[{"embeddable":true,"href":"http:\/\/blog.inmontanis.info\/index.php?rest_route=%2Fwp%2Fv2%2Fcomments&post=7229"}],"version-history":[{"count":2,"href":"http:\/\/blog.inmontanis.info\/index.php?rest_route=\/wp\/v2\/posts\/7229\/revisions"}],"predecessor-version":[{"id":7232,"href":"http:\/\/blog.inmontanis.info\/index.php?rest_route=\/wp\/v2\/posts\/7229\/revisions\/7232"}],"wp:featuredmedia":[{"embeddable":true,"href":"http:\/\/blog.inmontanis.info\/index.php?rest_route=\/wp\/v2\/media\/7231"}],"wp:attachment":[{"href":"http:\/\/blog.inmontanis.info\/index.php?rest_route=%2Fwp%2Fv2%2Fmedia&parent=7229"}],"wp:term":[{"taxonomy":"category","embeddable":true,"href":"http:\/\/blog.inmontanis.info\/index.php?rest_route=%2Fwp%2Fv2%2Fcategories&post=7229"},{"taxonomy":"post_tag","embeddable":true,"href":"http:\/\/blog.inmontanis.info\/index.php?rest_route=%2Fwp%2Fv2%2Ftags&post=7229"}],"curies":[{"name":"wp","href":"https:\/\/api.w.org\/{rel}","templated":true}]}}