{"id":7225,"date":"2021-10-28T20:58:21","date_gmt":"2021-10-28T18:58:21","guid":{"rendered":"http:\/\/blog.inmontanis.info\/?p=7225"},"modified":"2021-11-01T20:05:44","modified_gmt":"2021-11-01T19:05:44","slug":"arvidsjaur-skuleskogen-24-28-10","status":"publish","type":"post","link":"http:\/\/blog.inmontanis.info\/?p=7225","title":{"rendered":"Arvidsjaur-Skuleskogen, 24.-28.10."},"content":{"rendered":"<p><strong>24.10.2021<\/strong><\/p>\n<p>Thematisch w\u00e4re es wohl vor ein paar Tagen schon sinnvoller gewesen:<\/p>\n<p><a href='http:\/\/extra.inmontanis.info\/d\/72826-2\/ge20211001-23a.jpg'><img src=http:\/\/extra.inmontanis.info\/d\/72825-3\/ge20211001-23a.jpg \/><\/a><br \/>\n^ Orange: Fahrstrecke 1.-23.10.2021, ca. 2.430 km<\/p>\n<p>A) Linkoaivi<br \/>\nB) Silfar Canyon<br \/>\nC) Kapperi<br \/>\nD) Trollholmsund<br \/>\nE) Stortind<br \/>\nF) Nordkapp<br \/>\nG) Nordv\u00e5gen (Skigebiet)<br \/>\nH) Porsangneset<br \/>\nI) Skaidi (Skigebiet)<br \/>\nGr\u00fcn E) Alta<br \/>\nJ) \u00d8ksfjordtunnel<br \/>\nGr\u00fcn B) Lyngenalps<br \/>\nK) Raftsund<br \/>\nL) Tjeldbergtinden \/ Svolv\u00e6r<br \/>\nM) Offers\u00f8ykammen<br \/>\nN) Reine<br \/>\nO) \u00c5<br \/>\nP) Sortland<br \/>\n(F\u00e4hre L\u00f8dingen-Bognes)<br \/>\nQ) J\u00e4ckvik (Skigebiet)<br \/>\nR) Galtis (Skitour) \/ Arjeplog<\/p>\n<p>Heute war&#8217;s schon etwas w\u00e4rmer, n\u00e4chste Tage um die 0\u00b0 schwankend mit leichtem Schneefall gemeldet. Weiter s\u00fcdlich auch mal 5-8\u00b0 und etwas weniger Regen. Kleiner Check im Auto nach Mittag: die diversen Fl\u00fcssigkeiten sind bereits zumindest teilgefroren (Waschwasser etc.), das \u00c4lplerr\u00f6sti, das ich mir nun im Haus machen wollte, bereits komplett gefroren.<\/p>\n<p>Hab heut mal angefangen, die norwegischen Skigebiets-Homepages durchzusehen. Nuuunja. Abgesehen von den eh schon recht teuren Preise (oft 40-50 \u20ac) kommen neuerdings auch vermehrt Parkgeb\u00fchren dazu. Oder anders gesagt: Da werde ich wohl etliche Skigebiete nicht besuchen wollen.<\/p>\n<p><strong>25.10.2021<\/strong><\/p>\n<p>Bis Mittag w\u00e4rs heute sogar etwas sonnig geworden, morgen leider wieder Schneefall gemeldet.<\/p>\n<p><a href='http:\/\/extra.inmontanis.info\/d\/72830-2\/DSC09167.jpg'><img src=http:\/\/extra.inmontanis.info\/d\/72829-3\/DSC09167.jpg \/><\/a><br \/>\n^ In Lappland ist der Winter eingekehrt<\/p>\n<p>Kollege M. hatte zwei Unterrichtsstunden bis 12.30 und dann sp\u00e4ter noch fast 2h telefoniert, somit wir erst recht sp\u00e4t nach Arvidsjaur zum Essen kamen, statt Sonne wars nun etwas neblig und es regnete leicht. Wir gingen in einen Pizzeria-Kebap-Imbissladen, der aber fast nur Pizza hatte. Also a\u00df ich halt doch eine, weil es eine mit Rentier gab (diesmal kein Schinken) und den Pizza-Krautsalat dazu, ein Teil der sehr gro\u00dfen Pizza musste ich nat\u00fcrlich f\u00fcr morgen aufgeheben. Pizzen kosten in Schweden ja nur die H\u00e4lfte im Vergleich zu Norwegen. Oder noch weniger, denn die meisten kosteten hier unter 10 \u20ac.<\/p>\n<p>Ich fuhr dann noch richtung Meer, also nach S\u00fcdosten, aber \u00fcberall schon Schnee, so dass man nicht einfach mal in richtung Wald abzweigen konnte, um dort irgendwo zu n\u00e4chtigen. Tags\u00fcber w\u00e4r das sicherlich unproblematischer gewesen, da man dann die Seitenstra\u00dfen h\u00e4tte besser einsehen k\u00f6nnen. Dort, wo es vielleicht mal gegangen w\u00e4re, lag dann ein Schneewall vom Schneer\u00e4umer davor. <\/p>\n<p><a href='http:\/\/extra.inmontanis.info\/d\/72834-2\/DSC09174.jpg'><img src=http:\/\/extra.inmontanis.info\/d\/72833-3\/DSC09174.jpg \/><\/a><br \/>\n^ Ziemlich holperig, die Schneestra\u00dfe hier und der Regen heute hat die Sache wohl nicht einfacher gemacht &#8230;<\/p>\n<p>Endlich an dem einen Skigebiet angekommen, das ich mir erst morgen anschauen wollte, wollte ich an den dortigen Parkplatz fahren. Ich  fuhr den schneebedeckten Feldweg einige Zeit hinein und landete dann an einem Abgrund, ein kleiner Bach &#8211; zwar mit einer Br\u00fccke, die aber ein sch\u00f6nes St\u00fcck tiefer unter dem Stra\u00dfenniveau lag. Das Risiko wollte ich nicht eingehen, also fuhr ich den ganze Feldweg r\u00fcckw\u00e4rts wieder retour und hielt mich an meine zuvor reingefahrenen Spuren.<\/p>\n<p><a href='http:\/\/extra.inmontanis.info\/d\/72838-2\/DSC09177.jpg'><img src=http:\/\/extra.inmontanis.info\/d\/72837-3\/DSC09177.jpg \/><\/a><br \/>\n^ Versuch, einen Skigebietsparkplatz zu erreichen &#8211; fuhr r\u00fcckw\u00e4rts wieder raus<\/p>\n<p>Vor dem n\u00e4chsten Skigebiet (das ich morgen erwandern wollte, weil ich nicht gedacht h\u00e4tte, das hier auch schon Schnee liegen w\u00fcrde), w\u00e4hlte ich dann doch einen kleinen Waldweg, wo schon Spuren waren, lagen dann zwar auch gut 15cm Schnee, etwas gefroren, aber ich hatte keine Lust mehr, noch weiter zu fahren. Mittlerweile war es 20:30 Uhr. Nerv. H\u00e4tt ich wohl doch noch eine Nacht beim Professor \u00fcbernachten sollen.<\/p>\n<p><strong>26.10.2021<\/strong><\/p>\n<p><a href='http:\/\/extra.inmontanis.info\/d\/72842-2\/DSC09179.jpg'><img src=http:\/\/extra.inmontanis.info\/d\/72841-3\/DSC09179.jpg \/><\/a><br \/>\n^ .. stattdessen hier ein Nachtpl\u00e4tzchen gefunden ..<\/p>\n<p>Stra\u00dfen sind durchaus etwas glatt momentan, gestern Abend beim Bremsen vor Rentieren schon gemerkt, heute fr\u00fch lag ein Bus im Graben (kann auch andere Ursachen gehabt haben) und als ich an einer Kreuzung zum Abbiegen bremste, stand ich bis zum Stillstand auch mitten in der Abzweigung, obwohl ich schon recht langsam davor war.<\/p>\n<p><a href='http:\/\/extra.inmontanis.info\/d\/72846-2\/DSC09180.jpg'><img src=http:\/\/extra.inmontanis.info\/d\/72845-3\/DSC09180.jpg \/><\/a><br \/>\n^ .. der Bus hatte ja noch Gl\u00fcck, nicht umgekippt zu sein.<\/p>\n<p><a href='http:\/\/extra.inmontanis.info\/d\/72850-2\/DSC09182.jpg'><img src=http:\/\/extra.inmontanis.info\/d\/72849-3\/DSC09182.jpg \/><\/a><br \/>\n^ Talstation Skigebiet Bygdsiljum<\/p>\n<p><a href='http:\/\/extra.inmontanis.info\/d\/72854-2\/DSC09183.jpg'><img src=http:\/\/extra.inmontanis.info\/d\/72853-3\/DSC09183.jpg \/><\/a><br \/>\n^ Linke Abfahrten und linker SL<\/p>\n<p><a href='http:\/\/extra.inmontanis.info\/d\/72858-2\/DSC09184.jpg'><img src=http:\/\/extra.inmontanis.info\/d\/72857-3\/DSC09184.jpg \/><\/a><br \/>\n^ Doppel-SL<\/p>\n<p>Kurz vor Ume\u00e5 war der Schnee dann recht weg, wobei auch um U. herum ein bisschen Schnee auf dem Gras lag. Scheint das erste Mal gewesen zu sein, dass ich an Ume\u00e5 vorbei gefahren bin und die Umfahrungs-E4 hat alle paar hundert Meter einen Kreisverkehr, UK l\u00e4\u00dft gr\u00fc\u00dfen. <\/p>\n<p>In Ume\u00e5 in einen ICA Kvantum, der aber erstens auch nicht so g\u00fcnstig wie gewohnt und zweitens teils gleich teuer wie der eh schon teure ICA-normal-Supermarkt in Arvidsjaur war. Von Ume\u00e5 aus geht \u00fcbrigens eine F\u00e4hre nach Finnland (Vasa), ganzj\u00e4hrig.<\/p>\n<p>Weitere Umwege zu Skigebieten ersparte ich mir hier und probierte es lieber an einem hoffentlich ruhigen Parkplatz am Meer (mit Handyempfang, aber ohne Meerblick, sofern man nicht durch den Sand fahren wollte).<\/p>\n<p><a href='http:\/\/extra.inmontanis.info\/d\/72862-2\/DSC09192.jpg'><img src=http:\/\/extra.inmontanis.info\/d\/72861-3\/DSC09192.jpg \/><\/a><br \/>\n^ Strand am Meer<\/p>\n<p><a href='http:\/\/extra.inmontanis.info\/d\/72866-2\/DSC09195.jpg'><img src=http:\/\/extra.inmontanis.info\/d\/72865-3\/DSC09195.jpg \/><\/a><br \/>\n^ Autospuren \u00fcber den Sand zu dem Standplatz dort dr\u00fcben<\/p>\n<p>Morgen wird f\u00fcr die Gegend auf dem Weg etwas Regen gemeldet, DO+FR soll es dann abschnittsweise sonnig werden und knapp 10\u00b0 warm. Da m\u00f6cht ich dann im Bereich H\u00f6ga Kusten (Skuleberget) etwas wandern.<\/p>\n<p>Freitag wird dann wieder spannend, weil die f\u00fcr Norwegeneinreise ab Montag g\u00fcltigen Regionsfarben publiziert werden. Dann erst kann ich planen, wo ich n\u00e4chste Woche weiter\/durchfahren m\u00f6chte. Und dann bleibt zu hoffen, dass ab 6.11. die Skigebiete in Norwegen wie geplant aufsperren, bis dahin kalt genug zum Beschneien war oder es Schneedepots gibt.<\/p>\n<p><a href='http:\/\/extra.inmontanis.info\/d\/72870-2\/DSC09198.jpg'><img src=http:\/\/extra.inmontanis.info\/d\/72869-3\/DSC09198.jpg \/><\/a><br \/>\n^ Einige der Eink\u00e4ufe in Schweden<\/p>\n<p>Um kurz nach 21 Uhr hab ich Lampen ums Auto gesehn und nicht gewusst, was das jetzt werden soll. Dann wurde an die Scheibe geklopft, hatte sich als mein erster n\u00e4chtlicher Polizeibesuch herausgestellt. Die wollten checken, ob alles OK sei. Haben mich ziemlich ausgequetscht und ich hab wohl auch zu viel gesagt als n\u00f6tig. \u00dcbernachten ist aber nat\u00fcrlich kein Problem hier. <\/p>\n<p><strong>27.10.2021<\/strong><\/p>\n<p>Die Stra\u00dfen waren heute fr\u00fch angefroren, aber zumeist gestreut. Die Sonne in den Vorhersagen f\u00fcr morgen und \u00fcbermorgen wurde leider wieder ziemlich entfernt. Mittags 1\u00b0, heute also noch kalt.<\/p>\n<p><a href='http:\/\/extra.inmontanis.info\/d\/72874-2\/DSC09199.jpg'><img src=http:\/\/extra.inmontanis.info\/d\/72873-3\/DSC09199.jpg \/><\/a><br \/>\n^ E4 entlang der K\u00fcste in Richtung S\u00fcden<\/p>\n<p>Gro\u00dfer Einkaufstag heute, erst Dollarstore, dann Lidl. Ich hab ja vmtl. gute 20 Jahre lang fast an jedem Arbeitstag ein St\u00fcck N\u00fcrnberger Lebkuchen gegessen (maximal einen halben), fast nur Elisen (schoko oder unglasiert) und Lieblingssorte Fraunholz, aber auch andere. Zu denen bin ich gekommen, weil wir Mitte der 90er, als ich noch aufs Gymnasium ging, in der N\u00e4he deren Fabrik gewohnt hatten. Nach dem Umzug nach \u00d6sterreich kam entweder meine Mutter oder seltener ich zum Gro\u00dfelternbesuch nach N\u00fcrnberg und der Lebkuchenbedarf wurde wieder aufgef\u00fcllt, zumindest bis beide gestorben sind. Danach hab ich mir mal noch welche per Post schicken lassen.<\/p>\n<p>Meine Hoffnung war, dass ich jetzt in der Vorweihnachtszeit also wenigstens im Lidl welche bekommen w\u00fcrde. Die Rechnung ging dann auch fast auf, es gab aber keine Elisen und auch keine Markenlebkuchen, nur die g\u00fcnstige Eigenmarke von Lidl. Und als reine Schoko-Variante auch nur die Minis. Naja, besser als nix und bevor es auch in den n\u00e4chsten Wochen in schwedischen und norwegischen Superm\u00e4rkten keine anderen gibt, vorsichtshalber 3 von diesen kleinen Packungen mitgenommen. Nach der langen Abstinenz (evtl. hatte ich bei der letzten Reise Anfang des Jahres noch welche dabei, keine Ahnung) bekam ich feuchte Augen, endlich wieder Schokolebkuchen.<\/p>\n<p>Normalgro\u00dfe gab&#8217;s nur gemischt halb Schoko \/ halb glasiert, aber ich kann die glasierten nicht essen, was aber f\u00fcr jede derartige Zuckerglasuren gilt (ergibt so ein komisches Ger\u00e4usch\/Gef\u00fchl zwischen den Z\u00e4hnen, erinnert mich an Fingern\u00e4gel an Kreidetafeln und stellt mir die Haare auf). <\/p>\n<p>Auch italienischen Panettone (Lidl-Marke) h\u00e4tte es gegeben, aber da nahm ich mal keinen mit, das ist immer so gro\u00df so ein ganzer. Selbiges galt auch f\u00fcr Marzipanstollen, 750g, das ist dann auch etwas viel. Wobei ich den sowieso nur ohne Rosinen mag. Daf\u00fcr mal wieder N\u00fcrnberger Bratw\u00fcrste mitgenommen, sowie Mortadella (hab ich in Norwegen nirgends gesehen, in schwedischen Superm\u00e4rkten sieht man sie ja auch au\u00dferhalb des Lidl hin und wieder) und griechische Baklava hatten&#8217;s auch grad verpackt, das bekommt man hier frisch (ggf. als t\u00fcrkische Variante) auch nur selten. Noch 2 Brezen dazu und die Einkaufstache war wieder voll. Wohin nur mit dem ganzen Zeug, hab ja die Tourenski wieder ins Auto genommen, wegen des Regenwetters wollt ich die nicht am Dach haben, rosten die Kanten ja nur wieder.<\/p>\n<p>G\u00e4be hier in der Gegend sogar einen McDonalds mit Fr\u00fchst\u00fcck laut Schild. Das w\u00e4r ja auch mal wieder geil gewesen, so ein McMuffin, aber daf\u00fcr war ich zu sp\u00e4t.<\/p>\n<p>Abschlie\u00dfend noch in einen Jula-Baumarkt, auf der Suche nach einer Verbesserung f\u00fcr die Heizung im hinteren Bereich, wo ich ja den Abluftschlauch unter den Fahrersitz gelegt hab, der dort aber ziemlich gequetscht wird. Nahm das g\u00fcnstigste mit, was ich finden konnte, (statt ewig langer Schl\u00e4uche) einen etwas flexiblen Abwassersschlauch um ca. 8 \u20ac und ein 3er Set Trichter um 4 \u20ac.<\/p>\n<p><a href='http:\/\/extra.inmontanis.info\/d\/72878-2\/DSC09201.jpg'><img src=http:\/\/extra.inmontanis.info\/d\/72877-3\/DSC09201.jpg \/><\/a><br \/>\n^ .. kann ich damit die Heizsituation hinter dem Fahrersitz im unteren Bereich verbessern?<\/p>\n<p>Am Ende der Schlauchbasteleien war leider keine Verbesserung im Sinne einer Verst\u00e4rkung des Luftstroms zu vernehmen &#8211; eher eine Verschlechterung. Evtl. ist der Druck zu klein f\u00fcr die Trichter\u00f6ffnung -> also Trichter unten mal abgeschnitten. Hat mal besser funktioniert. Allerdingfs ziemlich starr, der Schlauch. <\/p>\n<p><a href='http:\/\/extra.inmontanis.info\/d\/72882-2\/DSC09204.jpg'><img src=http:\/\/extra.inmontanis.info\/d\/72881-3\/DSC09204.jpg \/><\/a><br \/>\n^ Skisprungschanze in \u00d6rnsk\u00f6ldsvik mit Sesselbahn. Das Skigebiet ein St\u00fcck weiter rechts am Berg hatte ich nicht auf dem Schirm, da ich zudem am Kreisverkehr links abgebogen bin<\/p>\n<p><a href='http:\/\/extra.inmontanis.info\/d\/72886-2\/DSC09206.jpg'><img src=http:\/\/extra.inmontanis.info\/d\/72885-3\/DSC09206.jpg \/><\/a><br \/>\n^ <\/p>\n<p><a href='http:\/\/extra.inmontanis.info\/d\/72890-2\/DSC09207.jpg'><img src=http:\/\/extra.inmontanis.info\/d\/72889-3\/DSC09207.jpg \/><\/a><br \/>\n^ Archeologische Ausgrabungsst\u00e4tte<\/p>\n<p><a href='http:\/\/extra.inmontanis.info\/d\/72894-2\/DSC09208.jpg'><img src=http:\/\/extra.inmontanis.info\/d\/72893-3\/DSC09208.jpg \/><\/a><br \/>\n^ Infotafel<\/p>\n<p><a href='http:\/\/extra.inmontanis.info\/d\/72898-2\/DSC09209.jpg'><img src=http:\/\/extra.inmontanis.info\/d\/72897-3\/DSC09209.jpg \/><\/a><br \/>\n^ <\/p>\n<p><a href='http:\/\/extra.inmontanis.info\/d\/72902-2\/DSC09210.jpg'><img src=http:\/\/extra.inmontanis.info\/d\/72901-3\/DSC09210.jpg \/><\/a><br \/>\n^ <\/p>\n<p><a href='http:\/\/extra.inmontanis.info\/d\/72906-2\/DSC09211.jpg'><img src=http:\/\/extra.inmontanis.info\/d\/72905-3\/DSC09211.jpg \/><\/a><br \/>\n^ .. mit Schneeresten<\/p>\n<p><strong>28.10.2021<\/strong><\/p>\n<p>Nun sollte es heute nicht nur nicht mehr sonnig werden, sondern ab 13 Uhr leicht regnen &#8211; und so den Nachmittag mit steigender Intensit\u00e4t weitergehen. Daf\u00fcr morgen Nachmittag sehr sonnig gemeldet. Dann werd ich also die Skuleberget-Gifpel-Wanderung auf morgen verschieben &#8211; und heut nur etwas im Skuleskogen-Nationalpark unterwegs sein? An dessen S\u00fcdparkplatz stand ich vor ein paar Monaten schon mal \u00fcber Nacht und kann mich an eine recht schlechte Internetverbindung erinnern. Der Westeingang soll besseres Netz bieten, aber weiter von der einen sehenswerten Felsspalte und dem Meer entfernt sein.<\/p>\n<p>Entfernungstechnisch ist es egal, wenn ich zvor noch in den Ort Docksta fahren will und am Ende morgen wieder hier an diesem Rastplatz sein m\u00f6chte &#8211; 22km via Westparkplatz, 23km via S\u00fcdparkplatz.<\/p>\n<p>Bisher gesehene Spritpreise? Um die 17,50-18 SEK, Diesel \u00fcber 19 SEK. Ca. 0,20 \u20ac mehr als im Fr\u00fchjahr. <\/p>\n<p>An der Tankstelle mal wieder schwedisches Hotdog mit K\u00e4se-Bacon-Wurst gekauft, wo ja der Bacon nicht wie bei den Bernern und in Norwegen umwickelt ist, sondern integriert. Jedenfalls, was ich mir in Norwegen schon etwas gedacht hab, ist die Wurst in Schweden trotz des fehlenden Specks drumherum besser. Warum? Weil mehr K\u00e4se drin ist oder selbiger cremiger ist. Und weil die Haut nicht so fest ist. Preislich: 33 SEK, also ca. 10-15 Kronen g\u00fcnstiger als in Norwegen. Danach noch kurz in den kleinen ICA-Supermarkt, g\u00fcnstiges TK-Fertiggericht f\u00fcr Abends mitnehmen, leider wenig passende Auswahl f\u00fcr mich. Da muss ich mich in den 10-14 Tagen hier in Schweden nat\u00fcrlich wieder einmal durcharbeiten.<\/p>\n<p>Als ich im Fr\u00fchjahr am o.g. S\u00fcdparkplatz stand, lagen ja noch Schneereste auf manchen Parkebenen. Heute dagegen stand ein Schild am Anfang der Stra\u00dfe: Voll\/Geschlossen. Schade. Also dann zum Westeingang. Ich lief dann los, aber der Weg wurde immer schlechter, erst breiter Holzsteg, dann breit befestigt, dann schmaler Holzsteg, dann normaler Wanderpfad mit Steinen, Wurzeln und Matsch. Als die ersten Regentropfen kamen, checkte ich mein Navi: noch 5km. Das dauert ja noch mind. 2 Stunden bei den Wegverh\u00e4ltnissen. Und dann ja auch wieder retour?! Ich brach also ab und ging zur\u00fcck, allerdings noch \u00fcber den ersten Aussichtspunkt. In Summe waren es dann ca. 120hm und 3,8km &#8211; also egtl. gar nicht so wenig. 1,5h.<\/p>\n<p><a href='http:\/\/extra.inmontanis.info\/d\/72910-2\/DSC09219.jpg'><img src=http:\/\/extra.inmontanis.info\/d\/72909-3\/DSC09219.jpg \/><\/a><br \/>\n^ Zufahrt zum West-Parkplatz Skuleskogen<\/p>\n<p><a href='http:\/\/extra.inmontanis.info\/d\/72914-2\/DSC09222.jpg'><img src=http:\/\/extra.inmontanis.info\/d\/72913-3\/DSC09222.jpg \/><\/a><br \/>\n^ Skuleskogen<\/p>\n<p><a href='http:\/\/extra.inmontanis.info\/d\/72918-2\/DSC09223.jpg'><img src=http:\/\/extra.inmontanis.info\/d\/72917-3\/DSC09223.jpg \/><\/a><br \/>\n^ Gr\u00fcn statt Wei\u00df<\/p>\n<p><a href='http:\/\/extra.inmontanis.info\/d\/72922-2\/DSC09224.jpg'><img src=http:\/\/extra.inmontanis.info\/d\/72921-3\/DSC09224.jpg \/><\/a><br \/>\n^ Viele Infotafeln am West-Eingang<\/p>\n<p><a href='http:\/\/extra.inmontanis.info\/d\/72926-2\/DSC09225.jpg'><img src=http:\/\/extra.inmontanis.info\/d\/72925-3\/DSC09225.jpg \/><\/a><br \/>\n^ <\/p>\n<p><a href='http:\/\/extra.inmontanis.info\/d\/72930-2\/DSC09226.jpg'><img src=http:\/\/extra.inmontanis.info\/d\/72929-3\/DSC09226.jpg \/><\/a><br \/>\n^ <\/p>\n<p><a href='http:\/\/extra.inmontanis.info\/d\/72934-2\/DSC09227.jpg'><img src=http:\/\/extra.inmontanis.info\/d\/72933-3\/DSC09227.jpg \/><\/a><br \/>\n^ Durch das Abschmelzen des Eises (Gewicht!) von der Eiszeit hat sich das Land hier um 280-285m gehoben<\/p>\n<p><a href='http:\/\/extra.inmontanis.info\/d\/72938-2\/DSC09230.jpg'><img src=http:\/\/extra.inmontanis.info\/d\/72937-3\/DSC09230.jpg \/><\/a><br \/>\n^ Abzweig, meine Route geht rechts ab<\/p>\n<p><a href='http:\/\/extra.inmontanis.info\/d\/72942-2\/DSC09232.jpg'><img src=http:\/\/extra.inmontanis.info\/d\/72941-3\/DSC09232.jpg \/><\/a><br \/>\n^ Lt. Schild links noch 5,3km zur Schlucht<\/p>\n<p><a href='http:\/\/extra.inmontanis.info\/d\/72946-2\/DSC09235.jpg'><img src=http:\/\/extra.inmontanis.info\/d\/72945-3\/DSC09235.jpg \/><\/a><br \/>\n^ Bretter waren nur noch selten zu sehen, es ging abw\u00e4rts zu einem See, wo es noch matschiger wurde<\/p>\n<p><a href='http:\/\/extra.inmontanis.info\/d\/72950-2\/DSC09236.jpg'><img src=http:\/\/extra.inmontanis.info\/d\/72949-3\/DSC09236.jpg \/><\/a><br \/>\n^ Nahe des Sees lag auch wieder etwas Schnee<\/p>\n<p><a href='http:\/\/extra.inmontanis.info\/d\/72954-2\/DSC09237.jpg'><img src=http:\/\/extra.inmontanis.info\/d\/72953-3\/DSC09237.jpg \/><\/a><br \/>\n^ Blick auf diesen See vom Aussichtspunkt oben nahe des West-Eingangs<\/p>\n<p><a href='http:\/\/extra.inmontanis.info\/d\/72958-2\/DSC09239.jpg'><img src=http:\/\/extra.inmontanis.info\/d\/72957-3\/DSC09239.jpg \/><\/a><br \/>\n^ Auch das Meer sieht man am Horizont<\/p>\n<p><a href='http:\/\/extra.inmontanis.info\/d\/72962-2\/DSC09244.jpg'><img src=http:\/\/extra.inmontanis.info\/d\/72961-3\/DSC09244.jpg \/><\/a><br \/>\n^ R\u00fcckweg zum Parkplatz<\/p>\n","protected":false},"excerpt":{"rendered":"<p>24.10.2021<\/p>\n<p>Thematisch w\u00e4re es wohl vor ein paar Tagen schon sinnvoller gewesen:<\/p>\n<p> ^ Orange: Fahrstrecke 1.-23.10.2021, ca. 2.430 km<\/p>\n<p>A) Linkoaivi B) Silfar Canyon C) Kapperi D) Trollholmsund E) Stortind F) Nordkapp G) Nordv\u00e5gen (Skigebiet) H) Porsangneset I) Skaidi (Skigebiet) Gr\u00fcn E) Alta J) \u00d8ksfjordtunnel Gr\u00fcn B) Lyngenalps K) Raftsund L) Tjeldbergtinden \/ Svolv\u00e6r <a href=\"http:\/\/blog.inmontanis.info\/?p=7225\">[&#8230;]<\/a><\/p>\n","protected":false},"author":1,"featured_media":7227,"comment_status":"closed","ping_status":"closed","sticky":false,"template":"","format":"standard","meta":{"footnotes":""},"categories":[185,19,30],"tags":[37,45,47],"class_list":["post-7225","post","type-post","status-publish","format-standard","has-post-thumbnail","hentry","category-2021-08-skandinavien","category-schwedensweden","category-wandern","tag-meer","tag-see","tag-sl","odd"],"_links":{"self":[{"href":"http:\/\/blog.inmontanis.info\/index.php?rest_route=\/wp\/v2\/posts\/7225","targetHints":{"allow":["GET"]}}],"collection":[{"href":"http:\/\/blog.inmontanis.info\/index.php?rest_route=\/wp\/v2\/posts"}],"about":[{"href":"http:\/\/blog.inmontanis.info\/index.php?rest_route=\/wp\/v2\/types\/post"}],"author":[{"embeddable":true,"href":"http:\/\/blog.inmontanis.info\/index.php?rest_route=\/wp\/v2\/users\/1"}],"replies":[{"embeddable":true,"href":"http:\/\/blog.inmontanis.info\/index.php?rest_route=%2Fwp%2Fv2%2Fcomments&post=7225"}],"version-history":[{"count":3,"href":"http:\/\/blog.inmontanis.info\/index.php?rest_route=\/wp\/v2\/posts\/7225\/revisions"}],"predecessor-version":[{"id":9134,"href":"http:\/\/blog.inmontanis.info\/index.php?rest_route=\/wp\/v2\/posts\/7225\/revisions\/9134"}],"wp:featuredmedia":[{"embeddable":true,"href":"http:\/\/blog.inmontanis.info\/index.php?rest_route=\/wp\/v2\/media\/7227"}],"wp:attachment":[{"href":"http:\/\/blog.inmontanis.info\/index.php?rest_route=%2Fwp%2Fv2%2Fmedia&parent=7225"}],"wp:term":[{"taxonomy":"category","embeddable":true,"href":"http:\/\/blog.inmontanis.info\/index.php?rest_route=%2Fwp%2Fv2%2Fcategories&post=7225"},{"taxonomy":"post_tag","embeddable":true,"href":"http:\/\/blog.inmontanis.info\/index.php?rest_route=%2Fwp%2Fv2%2Ftags&post=7225"}],"curies":[{"name":"wp","href":"https:\/\/api.w.org\/{rel}","templated":true}]}}